{"id":62469,"date":"2023-09-12T10:07:06","date_gmt":"2023-09-12T08:07:06","guid":{"rendered":"https:\/\/buletin.de\/bucuresti\/a-fost-atribuit-contractul-pentru-executia-lucrarilor-la-strada-valea-larga\/"},"modified":"2023-09-12T10:07:06","modified_gmt":"2023-09-12T08:07:06","slug":"a-fost-atribuit-contractul-pentru-executia-lucrarilor-la-strada-valea-larga","status":"publish","type":"post","link":"https:\/\/buletin.de\/bucuresti\/a-fost-atribuit-contractul-pentru-executia-lucrarilor-la-strada-valea-larga\/","title":{"rendered":"A fost atribuit contractul pentru execu\u021bia lucr\u0103rilor pe Drumul Valea Larg\u0103"},"content":{"rendered":"\n<p><strong>Prim\u0103ria Sectorului 6 a anun\u021bat c\u0103 s-a semnat contractual pentru execu\u021bia lucr\u0103rilor pentru Valea Larg\u0103. Apa Nova trebuie s\u0103 finalizeze lucr\u0103rile de ap\u0103-canal.<\/strong><\/p>\n\n\n\n<p>Sectorul de drum ce urmeaz\u0103 a fi construit este amplasat \u00eentre Prelungirea Ghencea si intersec\u021bia Bd. Timi\u0219oara &#8211; Valea Cascadelor.<\/p>\n\n\n\n<p>Lungimea traseului propus pentru a fi amenajat este de aproape 1,5 km \u0219i are cu o l\u0103\u021bime de 34 de metri. Lucr\u0103rile care vor fi executate sunt:<\/p>\n\n\n\n<ul class=\"wp-block-list\">\n<li>parte carosabil\u0103 de 14.00m l\u0103\u021bime alc\u0103tuit\u0103 din dou\u0103 benzi pe sens, fiecare band\u0103 cu l\u0103\u021bimea de 3.50m;<\/li>\n\n\n\n<li>spa\u021biu verde amplasat pe mijloc, cu l\u0103\u021bimea de 4.40m;<\/li>\n\n\n\n<li>spa\u021biu verde cu l\u0103\u021bimea de 1.30m, pentru delimitarea pistelor pentru biciclete de partea carosabil\u0103 destinat\u0103 circula\u021biei autovehiculelor;<\/li>\n\n\n\n<li>piste pentru biciclete cu l\u0103\u021bimea de 2.00m fiecare, de-o parte si de alta si in ambele sensuri;<\/li>\n\n\n\n<li>spa\u021biu verde cu l\u0103\u021bimea de 1.20m, pentru delimitarea pistelor pentru biciclete de trotuarele pietonale;<\/li>\n\n\n\n<li>trotuare pietonale cu l\u0103\u021bimea de 3.10m, amplasate de-o parte si de alta a arterei.<\/li>\n<\/ul>\n\n\n\n<p>Termenul estimat pentru terminarea lucr\u0103rii este vara anului 2024.<\/p>\n\n\n\n<p><\/p>\n","protected":false},"excerpt":{"rendered":"<p>Prim\u0103ria Sectorului 6 a anun\u021bat c\u0103 s-a semnat contractual pentru execu\u021bia lucr\u0103rilor pentru Valea Larg\u0103. Apa Nova trebuie s\u0103 finalizeze lucr\u0103rile de ap\u0103-canal. Sectorul de drum ce urmeaz\u0103 a fi construit este amplasat \u00eentre Prelungirea Ghencea si intersec\u021bia Bd. Timi\u0219oara &#8211; Valea Cascadelor. Lungimea traseului propus pentru a fi amenajat este de aproape 1,5 km [&hellip;]<\/p>\n","protected":false},"author":49,"featured_media":62470,"comment_status":"open","ping_status":"open","sticky":false,"template":"","format":"standard","meta":{"_acf_changed":false,"inline_featured_image":false,"ngg_post_thumbnail":0,"footnotes":""},"categories":[62],"tags":[4394,3513,6917],"ppma_author":[22574],"class_list":["post-62469","post","type-post","status-publish","format-standard","has-post-thumbnail","hentry","category-stiri","tag-apa-nova","tag-primaria-sectorului-6","tag-valea-larga"],"acf":[],"yoast_head":"<!-- This site is optimized with the Yoast SEO Premium plugin v25.3 (Yoast SEO v27.4) - https:\/\/yoast.com\/product\/yoast-seo-premium-wordpress\/ -->\n<title>A fost atribuit contractul pentru execu\u021bia lucr\u0103rilor pe Drumul Valea Larg\u0103 - Buletin de Bucure\u0219ti<\/title>\n<meta name=\"robots\" content=\"index, follow, max-snippet:-1, max-image-preview:large, max-video-preview:-1\" \/>\n<link rel=\"canonical\" href=\"https:\/\/buletin.de\/bucuresti\/a-fost-atribuit-contractul-pentru-executia-lucrarilor-la-strada-valea-larga\/\" \/>\n<meta property=\"og:locale\" content=\"en_GB\" \/>\n<meta property=\"og:type\" content=\"article\" \/>\n<meta property=\"og:title\" content=\"A fost atribuit contractul pentru execu\u021bia lucr\u0103rilor pe Drumul Valea Larg\u0103\" \/>\n<meta property=\"og:description\" content=\"Prim\u0103ria Sectorului 6 a anun\u021bat c\u0103 s-a semnat contractual pentru execu\u021bia lucr\u0103rilor pentru Valea Larg\u0103. Apa Nova trebuie s\u0103 finalizeze lucr\u0103rile de ap\u0103-canal. Sectorul de drum ce urmeaz\u0103 a fi construit este amplasat \u00eentre Prelungirea Ghencea si intersec\u021bia Bd. Timi\u0219oara &#8211; Valea Cascadelor. Lungimea traseului propus pentru a fi amenajat este de aproape 1,5 km [&hellip;]\" \/>\n<meta property=\"og:url\" content=\"https:\/\/buletin.de\/bucuresti\/a-fost-atribuit-contractul-pentru-executia-lucrarilor-la-strada-valea-larga\/\" \/>\n<meta property=\"og:site_name\" content=\"Buletin de Bucure\u0219ti\" \/>\n<meta property=\"article:publisher\" content=\"https:\/\/www.facebook.com\/buletin.de.buc\" \/>\n<meta property=\"article:published_time\" content=\"2023-09-12T08:07:06+00:00\" \/>\n<meta property=\"og:image\" content=\"https:\/\/buletin.de\/bucuresti\/wp-content\/uploads\/valea-larga.jpeg\" \/>\n\t<meta property=\"og:image:width\" content=\"1600\" \/>\n\t<meta property=\"og:image:height\" content=\"1200\" \/>\n\t<meta property=\"og:image:type\" content=\"image\/jpeg\" \/>\n<meta name=\"author\" content=\"Diana Matei\" \/>\n<meta name=\"twitter:card\" content=\"summary_large_image\" \/>\n<meta name=\"twitter:label1\" content=\"Written by\" \/>\n\t<meta name=\"twitter:data1\" content=\"Diana Matei\" \/>\n\t<meta name=\"twitter:label2\" content=\"Estimated reading time\" \/>\n\t<meta name=\"twitter:data2\" content=\"1 minute\" \/>\n<script type=\"application\/ld+json\" class=\"yoast-schema-graph\">{\"@context\":\"https:\\\/\\\/schema.org\",\"@graph\":[{\"@type\":\"Article\",\"@id\":\"https:\\\/\\\/buletin.de\\\/bucuresti\\\/a-fost-atribuit-contractul-pentru-executia-lucrarilor-la-strada-valea-larga\\\/#article\",\"isPartOf\":{\"@id\":\"https:\\\/\\\/buletin.de\\\/bucuresti\\\/a-fost-atribuit-contractul-pentru-executia-lucrarilor-la-strada-valea-larga\\\/\"},\"author\":{\"name\":\"Diana Matei\",\"@id\":\"https:\\\/\\\/buletin.de\\\/bucuresti\\\/#\\\/schema\\\/person\\\/7e46040573290777280a0835d81ea4ea\"},\"headline\":\"A fost atribuit contractul pentru execu\u021bia lucr\u0103rilor pe Drumul Valea Larg\u0103\",\"datePublished\":\"2023-09-12T08:07:06+00:00\",\"mainEntityOfPage\":{\"@id\":\"https:\\\/\\\/buletin.de\\\/bucuresti\\\/a-fost-atribuit-contractul-pentru-executia-lucrarilor-la-strada-valea-larga\\\/\"},\"wordCount\":199,\"commentCount\":0,\"publisher\":{\"@id\":\"https:\\\/\\\/buletin.de\\\/bucuresti\\\/#organization\"},\"image\":{\"@id\":\"https:\\\/\\\/buletin.de\\\/bucuresti\\\/a-fost-atribuit-contractul-pentru-executia-lucrarilor-la-strada-valea-larga\\\/#primaryimage\"},\"thumbnailUrl\":\"https:\\\/\\\/buletin.de\\\/bucuresti\\\/wp-content\\\/uploads\\\/valea-larga.jpeg\",\"keywords\":[\"Apa Nova\",\"primaria sectorului 6\",\"valea larga\"],\"articleSection\":[\"\u0218tiri\"],\"inLanguage\":\"en-GB\",\"potentialAction\":[{\"@type\":\"CommentAction\",\"name\":\"Comment\",\"target\":[\"https:\\\/\\\/buletin.de\\\/bucuresti\\\/a-fost-atribuit-contractul-pentru-executia-lucrarilor-la-strada-valea-larga\\\/#respond\"]}],\"copyrightYear\":\"2023\",\"copyrightHolder\":{\"@id\":\"https:\\\/\\\/buletin.de\\\/bucuresti\\\/#organization\"}},{\"@type\":\"WebPage\",\"@id\":\"https:\\\/\\\/buletin.de\\\/bucuresti\\\/a-fost-atribuit-contractul-pentru-executia-lucrarilor-la-strada-valea-larga\\\/\",\"url\":\"https:\\\/\\\/buletin.de\\\/bucuresti\\\/a-fost-atribuit-contractul-pentru-executia-lucrarilor-la-strada-valea-larga\\\/\",\"name\":\"A fost atribuit contractul pentru execu\u021bia lucr\u0103rilor pe Drumul Valea Larg\u0103 - Buletin de Bucure\u0219ti\",\"isPartOf\":{\"@id\":\"https:\\\/\\\/buletin.de\\\/bucuresti\\\/#website\"},\"primaryImageOfPage\":{\"@id\":\"https:\\\/\\\/buletin.de\\\/bucuresti\\\/a-fost-atribuit-contractul-pentru-executia-lucrarilor-la-strada-valea-larga\\\/#primaryimage\"},\"image\":{\"@id\":\"https:\\\/\\\/buletin.de\\\/bucuresti\\\/a-fost-atribuit-contractul-pentru-executia-lucrarilor-la-strada-valea-larga\\\/#primaryimage\"},\"thumbnailUrl\":\"https:\\\/\\\/buletin.de\\\/bucuresti\\\/wp-content\\\/uploads\\\/valea-larga.jpeg\",\"datePublished\":\"2023-09-12T08:07:06+00:00\",\"breadcrumb\":{\"@id\":\"https:\\\/\\\/buletin.de\\\/bucuresti\\\/a-fost-atribuit-contractul-pentru-executia-lucrarilor-la-strada-valea-larga\\\/#breadcrumb\"},\"inLanguage\":\"en-GB\",\"potentialAction\":[{\"@type\":\"ReadAction\",\"target\":[\"https:\\\/\\\/buletin.de\\\/bucuresti\\\/a-fost-atribuit-contractul-pentru-executia-lucrarilor-la-strada-valea-larga\\\/\"]}]},{\"@type\":\"ImageObject\",\"inLanguage\":\"en-GB\",\"@id\":\"https:\\\/\\\/buletin.de\\\/bucuresti\\\/a-fost-atribuit-contractul-pentru-executia-lucrarilor-la-strada-valea-larga\\\/#primaryimage\",\"url\":\"https:\\\/\\\/buletin.de\\\/bucuresti\\\/wp-content\\\/uploads\\\/valea-larga.jpeg\",\"contentUrl\":\"https:\\\/\\\/buletin.de\\\/bucuresti\\\/wp-content\\\/uploads\\\/valea-larga.jpeg\",\"width\":1600,\"height\":1200},{\"@type\":\"BreadcrumbList\",\"@id\":\"https:\\\/\\\/buletin.de\\\/bucuresti\\\/a-fost-atribuit-contractul-pentru-executia-lucrarilor-la-strada-valea-larga\\\/#breadcrumb\",\"itemListElement\":[{\"@type\":\"ListItem\",\"position\":1,\"name\":\"Acas\u0103\",\"item\":\"https:\\\/\\\/buletin.de\\\/bucuresti\\\/\"},{\"@type\":\"ListItem\",\"position\":2,\"name\":\"A fost atribuit contractul pentru execu\u021bia lucr\u0103rilor pe Drumul Valea Larg\u0103\"}]},{\"@type\":\"WebSite\",\"@id\":\"https:\\\/\\\/buletin.de\\\/bucuresti\\\/#website\",\"url\":\"https:\\\/\\\/buletin.de\\\/bucuresti\\\/\",\"name\":\"Buletin de Bucure\u0219ti\",\"description\":\"\u0218tiri \u0219i investiga\u021bii esen\u021biale din capital\u0103\",\"publisher\":{\"@id\":\"https:\\\/\\\/buletin.de\\\/bucuresti\\\/#organization\"},\"potentialAction\":[{\"@type\":\"SearchAction\",\"target\":{\"@type\":\"EntryPoint\",\"urlTemplate\":\"https:\\\/\\\/buletin.de\\\/bucuresti\\\/?s={search_term_string}\"},\"query-input\":{\"@type\":\"PropertyValueSpecification\",\"valueRequired\":true,\"valueName\":\"search_term_string\"}}],\"inLanguage\":\"en-GB\"},{\"@type\":\"Organization\",\"@id\":\"https:\\\/\\\/buletin.de\\\/bucuresti\\\/#organization\",\"name\":\"Buletin de Bucure\u0219ti\",\"url\":\"https:\\\/\\\/buletin.de\\\/bucuresti\\\/\",\"logo\":{\"@type\":\"ImageObject\",\"inLanguage\":\"en-GB\",\"@id\":\"https:\\\/\\\/buletin.de\\\/bucuresti\\\/#\\\/schema\\\/logo\\\/image\\\/\",\"url\":\"https:\\\/\\\/buletin.de\\\/bucuresti\\\/wp-content\\\/uploads\\\/logo-bdb-full-wide-vernil-transparent.png\",\"contentUrl\":\"https:\\\/\\\/buletin.de\\\/bucuresti\\\/wp-content\\\/uploads\\\/logo-bdb-full-wide-vernil-transparent.png\",\"width\":1782,\"height\":626,\"caption\":\"Buletin de Bucure\u0219ti\"},\"image\":{\"@id\":\"https:\\\/\\\/buletin.de\\\/bucuresti\\\/#\\\/schema\\\/logo\\\/image\\\/\"},\"sameAs\":[\"https:\\\/\\\/www.facebook.com\\\/buletin.de.buc\",\"https:\\\/\\\/www.instagram.com\\\/buletinde.bucuresti\\\/\"]},{\"@type\":\"Person\",\"@id\":\"https:\\\/\\\/buletin.de\\\/bucuresti\\\/#\\\/schema\\\/person\\\/7e46040573290777280a0835d81ea4ea\",\"name\":\"Diana Matei\",\"image\":{\"@type\":\"ImageObject\",\"inLanguage\":\"en-GB\",\"@id\":\"https:\\\/\\\/buletin.de\\\/bucuresti\\\/wp-content\\\/uploads\\\/9-2-96x96.jpg1e8590b30871d70e62ebcdaf2eff570c\",\"url\":\"https:\\\/\\\/buletin.de\\\/bucuresti\\\/wp-content\\\/uploads\\\/9-2-96x96.jpg\",\"contentUrl\":\"https:\\\/\\\/buletin.de\\\/bucuresti\\\/wp-content\\\/uploads\\\/9-2-96x96.jpg\",\"caption\":\"Diana Matei\"},\"url\":\"https:\\\/\\\/buletin.de\\\/bucuresti\\\/author\\\/dianamatei\\\/\"}]}<\/script>\n<!-- \/ Yoast SEO Premium plugin. -->","yoast_head_json":{"title":"A fost atribuit contractul pentru execu\u021bia lucr\u0103rilor pe Drumul Valea Larg\u0103 - Buletin de Bucure\u0219ti","robots":{"index":"index","follow":"follow","max-snippet":"max-snippet:-1","max-image-preview":"max-image-preview:large","max-video-preview":"max-video-preview:-1"},"canonical":"https:\/\/buletin.de\/bucuresti\/a-fost-atribuit-contractul-pentru-executia-lucrarilor-la-strada-valea-larga\/","og_locale":"en_GB","og_type":"article","og_title":"A fost atribuit contractul pentru execu\u021bia lucr\u0103rilor pe Drumul Valea Larg\u0103","og_description":"Prim\u0103ria Sectorului 6 a anun\u021bat c\u0103 s-a semnat contractual pentru execu\u021bia lucr\u0103rilor pentru Valea Larg\u0103. Apa Nova trebuie s\u0103 finalizeze lucr\u0103rile de ap\u0103-canal. Sectorul de drum ce urmeaz\u0103 a fi construit este amplasat \u00eentre Prelungirea Ghencea si intersec\u021bia Bd. Timi\u0219oara &#8211; Valea Cascadelor. Lungimea traseului propus pentru a fi amenajat este de aproape 1,5 km [&hellip;]","og_url":"https:\/\/buletin.de\/bucuresti\/a-fost-atribuit-contractul-pentru-executia-lucrarilor-la-strada-valea-larga\/","og_site_name":"Buletin de Bucure\u0219ti","article_publisher":"https:\/\/www.facebook.com\/buletin.de.buc","article_published_time":"2023-09-12T08:07:06+00:00","og_image":[{"width":1600,"height":1200,"url":"https:\/\/buletin.de\/bucuresti\/wp-content\/uploads\/valea-larga.jpeg","type":"image\/jpeg"}],"author":"Diana Matei","twitter_card":"summary_large_image","twitter_misc":{"Written by":"Diana Matei","Estimated reading time":"1 minute"},"schema":{"@context":"https:\/\/schema.org","@graph":[{"@type":"Article","@id":"https:\/\/buletin.de\/bucuresti\/a-fost-atribuit-contractul-pentru-executia-lucrarilor-la-strada-valea-larga\/#article","isPartOf":{"@id":"https:\/\/buletin.de\/bucuresti\/a-fost-atribuit-contractul-pentru-executia-lucrarilor-la-strada-valea-larga\/"},"author":{"name":"Diana Matei","@id":"https:\/\/buletin.de\/bucuresti\/#\/schema\/person\/7e46040573290777280a0835d81ea4ea"},"headline":"A fost atribuit contractul pentru execu\u021bia lucr\u0103rilor pe Drumul Valea Larg\u0103","datePublished":"2023-09-12T08:07:06+00:00","mainEntityOfPage":{"@id":"https:\/\/buletin.de\/bucuresti\/a-fost-atribuit-contractul-pentru-executia-lucrarilor-la-strada-valea-larga\/"},"wordCount":199,"commentCount":0,"publisher":{"@id":"https:\/\/buletin.de\/bucuresti\/#organization"},"image":{"@id":"https:\/\/buletin.de\/bucuresti\/a-fost-atribuit-contractul-pentru-executia-lucrarilor-la-strada-valea-larga\/#primaryimage"},"thumbnailUrl":"https:\/\/buletin.de\/bucuresti\/wp-content\/uploads\/valea-larga.jpeg","keywords":["Apa Nova","primaria sectorului 6","valea larga"],"articleSection":["\u0218tiri"],"inLanguage":"en-GB","potentialAction":[{"@type":"CommentAction","name":"Comment","target":["https:\/\/buletin.de\/bucuresti\/a-fost-atribuit-contractul-pentru-executia-lucrarilor-la-strada-valea-larga\/#respond"]}],"copyrightYear":"2023","copyrightHolder":{"@id":"https:\/\/buletin.de\/bucuresti\/#organization"}},{"@type":"WebPage","@id":"https:\/\/buletin.de\/bucuresti\/a-fost-atribuit-contractul-pentru-executia-lucrarilor-la-strada-valea-larga\/","url":"https:\/\/buletin.de\/bucuresti\/a-fost-atribuit-contractul-pentru-executia-lucrarilor-la-strada-valea-larga\/","name":"A fost atribuit contractul pentru execu\u021bia lucr\u0103rilor pe Drumul Valea Larg\u0103 - Buletin de Bucure\u0219ti","isPartOf":{"@id":"https:\/\/buletin.de\/bucuresti\/#website"},"primaryImageOfPage":{"@id":"https:\/\/buletin.de\/bucuresti\/a-fost-atribuit-contractul-pentru-executia-lucrarilor-la-strada-valea-larga\/#primaryimage"},"image":{"@id":"https:\/\/buletin.de\/bucuresti\/a-fost-atribuit-contractul-pentru-executia-lucrarilor-la-strada-valea-larga\/#primaryimage"},"thumbnailUrl":"https:\/\/buletin.de\/bucuresti\/wp-content\/uploads\/valea-larga.jpeg","datePublished":"2023-09-12T08:07:06+00:00","breadcrumb":{"@id":"https:\/\/buletin.de\/bucuresti\/a-fost-atribuit-contractul-pentru-executia-lucrarilor-la-strada-valea-larga\/#breadcrumb"},"inLanguage":"en-GB","potentialAction":[{"@type":"ReadAction","target":["https:\/\/buletin.de\/bucuresti\/a-fost-atribuit-contractul-pentru-executia-lucrarilor-la-strada-valea-larga\/"]}]},{"@type":"ImageObject","inLanguage":"en-GB","@id":"https:\/\/buletin.de\/bucuresti\/a-fost-atribuit-contractul-pentru-executia-lucrarilor-la-strada-valea-larga\/#primaryimage","url":"https:\/\/buletin.de\/bucuresti\/wp-content\/uploads\/valea-larga.jpeg","contentUrl":"https:\/\/buletin.de\/bucuresti\/wp-content\/uploads\/valea-larga.jpeg","width":1600,"height":1200},{"@type":"BreadcrumbList","@id":"https:\/\/buletin.de\/bucuresti\/a-fost-atribuit-contractul-pentru-executia-lucrarilor-la-strada-valea-larga\/#breadcrumb","itemListElement":[{"@type":"ListItem","position":1,"name":"Acas\u0103","item":"https:\/\/buletin.de\/bucuresti\/"},{"@type":"ListItem","position":2,"name":"A fost atribuit contractul pentru execu\u021bia lucr\u0103rilor pe Drumul Valea Larg\u0103"}]},{"@type":"WebSite","@id":"https:\/\/buletin.de\/bucuresti\/#website","url":"https:\/\/buletin.de\/bucuresti\/","name":"Buletin de Bucure\u0219ti","description":"\u0218tiri \u0219i investiga\u021bii esen\u021biale din capital\u0103","publisher":{"@id":"https:\/\/buletin.de\/bucuresti\/#organization"},"potentialAction":[{"@type":"SearchAction","target":{"@type":"EntryPoint","urlTemplate":"https:\/\/buletin.de\/bucuresti\/?s={search_term_string}"},"query-input":{"@type":"PropertyValueSpecification","valueRequired":true,"valueName":"search_term_string"}}],"inLanguage":"en-GB"},{"@type":"Organization","@id":"https:\/\/buletin.de\/bucuresti\/#organization","name":"Buletin de Bucure\u0219ti","url":"https:\/\/buletin.de\/bucuresti\/","logo":{"@type":"ImageObject","inLanguage":"en-GB","@id":"https:\/\/buletin.de\/bucuresti\/#\/schema\/logo\/image\/","url":"https:\/\/buletin.de\/bucuresti\/wp-content\/uploads\/logo-bdb-full-wide-vernil-transparent.png","contentUrl":"https:\/\/buletin.de\/bucuresti\/wp-content\/uploads\/logo-bdb-full-wide-vernil-transparent.png","width":1782,"height":626,"caption":"Buletin de Bucure\u0219ti"},"image":{"@id":"https:\/\/buletin.de\/bucuresti\/#\/schema\/logo\/image\/"},"sameAs":["https:\/\/www.facebook.com\/buletin.de.buc","https:\/\/www.instagram.com\/buletinde.bucuresti\/"]},{"@type":"Person","@id":"https:\/\/buletin.de\/bucuresti\/#\/schema\/person\/7e46040573290777280a0835d81ea4ea","name":"Diana Matei","image":{"@type":"ImageObject","inLanguage":"en-GB","@id":"https:\/\/buletin.de\/bucuresti\/wp-content\/uploads\/9-2-96x96.jpg1e8590b30871d70e62ebcdaf2eff570c","url":"https:\/\/buletin.de\/bucuresti\/wp-content\/uploads\/9-2-96x96.jpg","contentUrl":"https:\/\/buletin.de\/bucuresti\/wp-content\/uploads\/9-2-96x96.jpg","caption":"Diana Matei"},"url":"https:\/\/buletin.de\/bucuresti\/author\/dianamatei\/"}]}},"authors":[{"term_id":22574,"user_id":49,"is_guest":0,"slug":"dianamatei","display_name":"Diana Matei","avatar_url":"https:\/\/buletin.de\/bucuresti\/wp-content\/uploads\/9-2-96x96.jpg","0":null,"1":"","2":"","3":"","4":"","5":"","6":"","7":"","8":""}],"_links":{"self":[{"href":"https:\/\/buletin.de\/bucuresti\/wp-json\/wp\/v2\/posts\/62469","targetHints":{"allow":["GET"]}}],"collection":[{"href":"https:\/\/buletin.de\/bucuresti\/wp-json\/wp\/v2\/posts"}],"about":[{"href":"https:\/\/buletin.de\/bucuresti\/wp-json\/wp\/v2\/types\/post"}],"author":[{"embeddable":true,"href":"https:\/\/buletin.de\/bucuresti\/wp-json\/wp\/v2\/users\/49"}],"replies":[{"embeddable":true,"href":"https:\/\/buletin.de\/bucuresti\/wp-json\/wp\/v2\/comments?post=62469"}],"version-history":[{"count":0,"href":"https:\/\/buletin.de\/bucuresti\/wp-json\/wp\/v2\/posts\/62469\/revisions"}],"wp:featuredmedia":[{"embeddable":true,"href":"https:\/\/buletin.de\/bucuresti\/wp-json\/wp\/v2\/media\/62470"}],"wp:attachment":[{"href":"https:\/\/buletin.de\/bucuresti\/wp-json\/wp\/v2\/media?parent=62469"}],"wp:term":[{"taxonomy":"category","embeddable":true,"href":"https:\/\/buletin.de\/bucuresti\/wp-json\/wp\/v2\/categories?post=62469"},{"taxonomy":"post_tag","embeddable":true,"href":"https:\/\/buletin.de\/bucuresti\/wp-json\/wp\/v2\/tags?post=62469"},{"taxonomy":"author","embeddable":true,"href":"https:\/\/buletin.de\/bucuresti\/wp-json\/wp\/v2\/ppma_author?post=62469"}],"curies":[{"name":"wp","href":"https:\/\/api.w.org\/{rel}","templated":true}]}}