{"id":62465,"date":"2023-09-12T09:47:41","date_gmt":"2023-09-12T07:47:41","guid":{"rendered":"https:\/\/buletin.de\/bucuresti\/abonamente-stb-platite-integral-de-studenti-in-capitala-90-din-suma-platita-va-fi-recuperata-prin-intermediul-facultatilor\/"},"modified":"2023-09-12T09:47:41","modified_gmt":"2023-09-12T07:47:41","slug":"abonamente-stb-platite-integral-de-studenti-in-capitala-90-din-suma-platita-va-fi-recuperata-prin-intermediul-facultatilor","status":"publish","type":"post","link":"https:\/\/buletin.de\/bucuresti\/abonamente-stb-platite-integral-de-studenti-in-capitala-90-din-suma-platita-va-fi-recuperata-prin-intermediul-facultatilor\/","title":{"rendered":"Abonamente STB pl\u0103tite integral de studen\u021bi, in Capital\u0103. 90% din suma pl\u0103tit\u0103 va fi recuperat\u0103 prin intermediul facult\u0103\u021bilor"},"content":{"rendered":"\n<p><strong>Studen\u021bii \u00ee\u0219i vor pl\u0103ti integral abonamentele pentru transport \u00een Bucure\u0219ti din banii lor, iar apoi reducerea de 90% o vor recupera ca decont de la facult\u0103\u021bi, au transmis reprezentan\u021bii Asocia\u021biei pentru transport Bucure\u0219ti-Ilfov, pentru Edupedu.ro.<\/strong><\/p>\n\n\n\n<p>Un student din Capital\u0103 va trebui s\u0103 pl\u0103teasc\u0103 80 de lei pentru abonamentul de metrou, pre\u021bul din prezent iar de la facultate vor fi deconta\u021bi 72 de lei, dup\u0103 procedurile interne ale fiec\u0103rei facult\u0103\u021bi. Acestea ar putea fi adoptate \u00een aceast\u0103 toamn\u0103, potrivit surselor <a href=\"http:\/\/edupedu.ro\">Edupedu.ro<\/a>. Regulile vor fi aplicate pentru deconturi la abonamente cump\u0103rate cu 2 sau 3 luni \u00een urm\u0103. <\/p>\n\n\n\n<p>\u201e<em>\u00cen urma coresponden\u021bei purtate de TPBI cu Ministerul Educa\u021biei, mecanismul de aplicare a reducerii la nivelul regiunii Bucure\u0219ti \u2013 Ilfov este urm\u0103torul: studentul achizi\u021bioneaz\u0103 titlul de c\u0103l\u0103torie la tarif integral \u0219i prime\u0219te reducerea de 90% de la institu\u021bia de \u00eenv\u0103\u021b\u0103m\u00e2nt superior, pe baza documentelor de transport prezentate, astfel \u00eenc\u00e2t studentul suport\u0103 10% din valoarea abonamentului<\/em>\u201d, se arat\u0103 \u00een document.<\/p>\n\n\n\n<p>Pe 9 septembrie, STB a anun\u021bat c\u0103, \u00een Bucure\u0219ti, studen\u021bii nu pot avea reducere de 90% la transportul \u00een comun, pentru c\u0103 normele de decontare \u00eentre operatorul de transport \u0219i universit\u0103\u021bi nu exist\u0103.<\/p>\n\n\n\n<p>Normele de aplicare pentru transportul gratuit, decontat sau cu reducere al elevilor \u0219i studen\u021bilor,\u00a0au fost publicate in Monitorul Oficial, pe 8 septembrie.<\/p>\n\n\n\n<p>Studen\u021bii din Bucure\u0219ti au  protestat, pe 9 septembrie,  \u00eempotriva nerespect\u0103rii noilor modific\u0103ri ale Legii Educa\u021biei, prin care beneficiaz\u0103 de reducere de 90% la toate mijloacele de transport \u00een comun<strong>.<\/strong><\/p>\n\n\n\n<p>Pe 4 septembrie, CFR C\u0103l\u0103tori a comunicat c\u0103 va acorda reducerile de 90% studen\u021bilor.\u00a0<\/p>\n\n\n\n<p><\/p>\n\n\n\n<p> <\/p>\n\n\n\n<p><\/p>\n","protected":false},"excerpt":{"rendered":"<p>Studen\u021bii \u00ee\u0219i vor pl\u0103ti integral abonamentele pentru transport \u00een Bucure\u0219ti din banii lor, iar apoi reducerea de 90% o vor recupera ca decont de la facult\u0103\u021bi, au transmis reprezentan\u021bii Asocia\u021biei pentru transport Bucure\u0219ti-Ilfov, pentru Edupedu.ro. Un student din Capital\u0103 va trebui s\u0103 pl\u0103teasc\u0103 80 de lei pentru abonamentul de metrou, pre\u021bul din prezent iar de [&hellip;]<\/p>\n","protected":false},"author":49,"featured_media":62307,"comment_status":"open","ping_status":"open","sticky":false,"template":"","format":"standard","meta":{"_acf_changed":false,"inline_featured_image":false,"ngg_post_thumbnail":0,"footnotes":""},"categories":[62],"tags":[4887,6915,2344,402],"ppma_author":[22574],"class_list":["post-62465","post","type-post","status-publish","format-standard","has-post-thumbnail","hentry","category-stiri","tag-abonamente-integrate","tag-legile-educatiei","tag-ministerul-educatiei","tag-stb"],"acf":[],"yoast_head":"<!-- This site is optimized with the Yoast SEO Premium plugin v25.3 (Yoast SEO v27.4) - https:\/\/yoast.com\/product\/yoast-seo-premium-wordpress\/ -->\n<title>Abonamente STB pl\u0103tite integral de studen\u021bi, in Capital\u0103. 90% din suma pl\u0103tit\u0103 va fi recuperat\u0103 prin intermediul facult\u0103\u021bilor - Buletin de Bucure\u0219ti<\/title>\n<meta name=\"robots\" content=\"index, follow, max-snippet:-1, max-image-preview:large, max-video-preview:-1\" \/>\n<link rel=\"canonical\" href=\"https:\/\/buletin.de\/bucuresti\/abonamente-stb-platite-integral-de-studenti-in-capitala-90-din-suma-platita-va-fi-recuperata-prin-intermediul-facultatilor\/\" \/>\n<meta property=\"og:locale\" content=\"en_GB\" \/>\n<meta property=\"og:type\" content=\"article\" \/>\n<meta property=\"og:title\" content=\"Abonamente STB pl\u0103tite integral de studen\u021bi, in Capital\u0103. 90% din suma pl\u0103tit\u0103 va fi recuperat\u0103 prin intermediul facult\u0103\u021bilor\" \/>\n<meta property=\"og:description\" content=\"Studen\u021bii \u00ee\u0219i vor pl\u0103ti integral abonamentele pentru transport \u00een Bucure\u0219ti din banii lor, iar apoi reducerea de 90% o vor recupera ca decont de la facult\u0103\u021bi, au transmis reprezentan\u021bii Asocia\u021biei pentru transport Bucure\u0219ti-Ilfov, pentru Edupedu.ro. Un student din Capital\u0103 va trebui s\u0103 pl\u0103teasc\u0103 80 de lei pentru abonamentul de metrou, pre\u021bul din prezent iar de [&hellip;]\" \/>\n<meta property=\"og:url\" content=\"https:\/\/buletin.de\/bucuresti\/abonamente-stb-platite-integral-de-studenti-in-capitala-90-din-suma-platita-va-fi-recuperata-prin-intermediul-facultatilor\/\" \/>\n<meta property=\"og:site_name\" content=\"Buletin de Bucure\u0219ti\" \/>\n<meta property=\"article:publisher\" content=\"https:\/\/www.facebook.com\/buletin.de.buc\" \/>\n<meta property=\"article:published_time\" content=\"2023-09-12T07:47:41+00:00\" \/>\n<meta property=\"og:image\" content=\"https:\/\/buletin.de\/bucuresti\/wp-content\/uploads\/stb-8.jpg\" \/>\n\t<meta property=\"og:image:width\" content=\"1170\" \/>\n\t<meta property=\"og:image:height\" content=\"1417\" \/>\n\t<meta property=\"og:image:type\" content=\"image\/jpeg\" \/>\n<meta name=\"author\" content=\"Diana Matei\" \/>\n<meta name=\"twitter:card\" content=\"summary_large_image\" \/>\n<meta name=\"twitter:label1\" content=\"Written by\" \/>\n\t<meta name=\"twitter:data1\" content=\"Diana Matei\" \/>\n\t<meta name=\"twitter:label2\" content=\"Estimated reading time\" \/>\n\t<meta name=\"twitter:data2\" content=\"2 minutes\" \/>\n<script type=\"application\/ld+json\" class=\"yoast-schema-graph\">{\"@context\":\"https:\\\/\\\/schema.org\",\"@graph\":[{\"@type\":\"Article\",\"@id\":\"https:\\\/\\\/buletin.de\\\/bucuresti\\\/abonamente-stb-platite-integral-de-studenti-in-capitala-90-din-suma-platita-va-fi-recuperata-prin-intermediul-facultatilor\\\/#article\",\"isPartOf\":{\"@id\":\"https:\\\/\\\/buletin.de\\\/bucuresti\\\/abonamente-stb-platite-integral-de-studenti-in-capitala-90-din-suma-platita-va-fi-recuperata-prin-intermediul-facultatilor\\\/\"},\"author\":{\"name\":\"Diana Matei\",\"@id\":\"https:\\\/\\\/buletin.de\\\/bucuresti\\\/#\\\/schema\\\/person\\\/7e46040573290777280a0835d81ea4ea\"},\"headline\":\"Abonamente STB pl\u0103tite integral de studen\u021bi, in Capital\u0103. 90% din suma pl\u0103tit\u0103 va fi recuperat\u0103 prin intermediul facult\u0103\u021bilor\",\"datePublished\":\"2023-09-12T07:47:41+00:00\",\"mainEntityOfPage\":{\"@id\":\"https:\\\/\\\/buletin.de\\\/bucuresti\\\/abonamente-stb-platite-integral-de-studenti-in-capitala-90-din-suma-platita-va-fi-recuperata-prin-intermediul-facultatilor\\\/\"},\"wordCount\":300,\"commentCount\":0,\"publisher\":{\"@id\":\"https:\\\/\\\/buletin.de\\\/bucuresti\\\/#organization\"},\"image\":{\"@id\":\"https:\\\/\\\/buletin.de\\\/bucuresti\\\/abonamente-stb-platite-integral-de-studenti-in-capitala-90-din-suma-platita-va-fi-recuperata-prin-intermediul-facultatilor\\\/#primaryimage\"},\"thumbnailUrl\":\"https:\\\/\\\/buletin.de\\\/bucuresti\\\/wp-content\\\/uploads\\\/stb-8.jpg\",\"keywords\":[\"Abonamente integrate\",\"legile educatiei\",\"ministerul educatiei\",\"stb\"],\"articleSection\":[\"\u0218tiri\"],\"inLanguage\":\"en-GB\",\"potentialAction\":[{\"@type\":\"CommentAction\",\"name\":\"Comment\",\"target\":[\"https:\\\/\\\/buletin.de\\\/bucuresti\\\/abonamente-stb-platite-integral-de-studenti-in-capitala-90-din-suma-platita-va-fi-recuperata-prin-intermediul-facultatilor\\\/#respond\"]}],\"copyrightYear\":\"2023\",\"copyrightHolder\":{\"@id\":\"https:\\\/\\\/buletin.de\\\/bucuresti\\\/#organization\"}},{\"@type\":\"WebPage\",\"@id\":\"https:\\\/\\\/buletin.de\\\/bucuresti\\\/abonamente-stb-platite-integral-de-studenti-in-capitala-90-din-suma-platita-va-fi-recuperata-prin-intermediul-facultatilor\\\/\",\"url\":\"https:\\\/\\\/buletin.de\\\/bucuresti\\\/abonamente-stb-platite-integral-de-studenti-in-capitala-90-din-suma-platita-va-fi-recuperata-prin-intermediul-facultatilor\\\/\",\"name\":\"Abonamente STB pl\u0103tite integral de studen\u021bi, in Capital\u0103. 90% din suma pl\u0103tit\u0103 va fi recuperat\u0103 prin intermediul facult\u0103\u021bilor - Buletin de Bucure\u0219ti\",\"isPartOf\":{\"@id\":\"https:\\\/\\\/buletin.de\\\/bucuresti\\\/#website\"},\"primaryImageOfPage\":{\"@id\":\"https:\\\/\\\/buletin.de\\\/bucuresti\\\/abonamente-stb-platite-integral-de-studenti-in-capitala-90-din-suma-platita-va-fi-recuperata-prin-intermediul-facultatilor\\\/#primaryimage\"},\"image\":{\"@id\":\"https:\\\/\\\/buletin.de\\\/bucuresti\\\/abonamente-stb-platite-integral-de-studenti-in-capitala-90-din-suma-platita-va-fi-recuperata-prin-intermediul-facultatilor\\\/#primaryimage\"},\"thumbnailUrl\":\"https:\\\/\\\/buletin.de\\\/bucuresti\\\/wp-content\\\/uploads\\\/stb-8.jpg\",\"datePublished\":\"2023-09-12T07:47:41+00:00\",\"breadcrumb\":{\"@id\":\"https:\\\/\\\/buletin.de\\\/bucuresti\\\/abonamente-stb-platite-integral-de-studenti-in-capitala-90-din-suma-platita-va-fi-recuperata-prin-intermediul-facultatilor\\\/#breadcrumb\"},\"inLanguage\":\"en-GB\",\"potentialAction\":[{\"@type\":\"ReadAction\",\"target\":[\"https:\\\/\\\/buletin.de\\\/bucuresti\\\/abonamente-stb-platite-integral-de-studenti-in-capitala-90-din-suma-platita-va-fi-recuperata-prin-intermediul-facultatilor\\\/\"]}]},{\"@type\":\"ImageObject\",\"inLanguage\":\"en-GB\",\"@id\":\"https:\\\/\\\/buletin.de\\\/bucuresti\\\/abonamente-stb-platite-integral-de-studenti-in-capitala-90-din-suma-platita-va-fi-recuperata-prin-intermediul-facultatilor\\\/#primaryimage\",\"url\":\"https:\\\/\\\/buletin.de\\\/bucuresti\\\/wp-content\\\/uploads\\\/stb-8.jpg\",\"contentUrl\":\"https:\\\/\\\/buletin.de\\\/bucuresti\\\/wp-content\\\/uploads\\\/stb-8.jpg\",\"width\":1170,\"height\":1417},{\"@type\":\"BreadcrumbList\",\"@id\":\"https:\\\/\\\/buletin.de\\\/bucuresti\\\/abonamente-stb-platite-integral-de-studenti-in-capitala-90-din-suma-platita-va-fi-recuperata-prin-intermediul-facultatilor\\\/#breadcrumb\",\"itemListElement\":[{\"@type\":\"ListItem\",\"position\":1,\"name\":\"Acas\u0103\",\"item\":\"https:\\\/\\\/buletin.de\\\/bucuresti\\\/\"},{\"@type\":\"ListItem\",\"position\":2,\"name\":\"Abonamente STB pl\u0103tite integral de studen\u021bi, in Capital\u0103. 90% din suma pl\u0103tit\u0103 va fi recuperat\u0103 prin intermediul facult\u0103\u021bilor\"}]},{\"@type\":\"WebSite\",\"@id\":\"https:\\\/\\\/buletin.de\\\/bucuresti\\\/#website\",\"url\":\"https:\\\/\\\/buletin.de\\\/bucuresti\\\/\",\"name\":\"Buletin de Bucure\u0219ti\",\"description\":\"\u0218tiri \u0219i investiga\u021bii esen\u021biale din capital\u0103\",\"publisher\":{\"@id\":\"https:\\\/\\\/buletin.de\\\/bucuresti\\\/#organization\"},\"potentialAction\":[{\"@type\":\"SearchAction\",\"target\":{\"@type\":\"EntryPoint\",\"urlTemplate\":\"https:\\\/\\\/buletin.de\\\/bucuresti\\\/?s={search_term_string}\"},\"query-input\":{\"@type\":\"PropertyValueSpecification\",\"valueRequired\":true,\"valueName\":\"search_term_string\"}}],\"inLanguage\":\"en-GB\"},{\"@type\":\"Organization\",\"@id\":\"https:\\\/\\\/buletin.de\\\/bucuresti\\\/#organization\",\"name\":\"Buletin de Bucure\u0219ti\",\"url\":\"https:\\\/\\\/buletin.de\\\/bucuresti\\\/\",\"logo\":{\"@type\":\"ImageObject\",\"inLanguage\":\"en-GB\",\"@id\":\"https:\\\/\\\/buletin.de\\\/bucuresti\\\/#\\\/schema\\\/logo\\\/image\\\/\",\"url\":\"https:\\\/\\\/buletin.de\\\/bucuresti\\\/wp-content\\\/uploads\\\/logo-bdb-full-wide-vernil-transparent.png\",\"contentUrl\":\"https:\\\/\\\/buletin.de\\\/bucuresti\\\/wp-content\\\/uploads\\\/logo-bdb-full-wide-vernil-transparent.png\",\"width\":1782,\"height\":626,\"caption\":\"Buletin de Bucure\u0219ti\"},\"image\":{\"@id\":\"https:\\\/\\\/buletin.de\\\/bucuresti\\\/#\\\/schema\\\/logo\\\/image\\\/\"},\"sameAs\":[\"https:\\\/\\\/www.facebook.com\\\/buletin.de.buc\",\"https:\\\/\\\/www.instagram.com\\\/buletinde.bucuresti\\\/\"]},{\"@type\":\"Person\",\"@id\":\"https:\\\/\\\/buletin.de\\\/bucuresti\\\/#\\\/schema\\\/person\\\/7e46040573290777280a0835d81ea4ea\",\"name\":\"Diana Matei\",\"image\":{\"@type\":\"ImageObject\",\"inLanguage\":\"en-GB\",\"@id\":\"https:\\\/\\\/buletin.de\\\/bucuresti\\\/wp-content\\\/uploads\\\/9-2-96x96.jpg1e8590b30871d70e62ebcdaf2eff570c\",\"url\":\"https:\\\/\\\/buletin.de\\\/bucuresti\\\/wp-content\\\/uploads\\\/9-2-96x96.jpg\",\"contentUrl\":\"https:\\\/\\\/buletin.de\\\/bucuresti\\\/wp-content\\\/uploads\\\/9-2-96x96.jpg\",\"caption\":\"Diana Matei\"},\"url\":\"https:\\\/\\\/buletin.de\\\/bucuresti\\\/author\\\/dianamatei\\\/\"}]}<\/script>\n<!-- \/ Yoast SEO Premium plugin. -->","yoast_head_json":{"title":"Abonamente STB pl\u0103tite integral de studen\u021bi, in Capital\u0103. 90% din suma pl\u0103tit\u0103 va fi recuperat\u0103 prin intermediul facult\u0103\u021bilor - Buletin de Bucure\u0219ti","robots":{"index":"index","follow":"follow","max-snippet":"max-snippet:-1","max-image-preview":"max-image-preview:large","max-video-preview":"max-video-preview:-1"},"canonical":"https:\/\/buletin.de\/bucuresti\/abonamente-stb-platite-integral-de-studenti-in-capitala-90-din-suma-platita-va-fi-recuperata-prin-intermediul-facultatilor\/","og_locale":"en_GB","og_type":"article","og_title":"Abonamente STB pl\u0103tite integral de studen\u021bi, in Capital\u0103. 90% din suma pl\u0103tit\u0103 va fi recuperat\u0103 prin intermediul facult\u0103\u021bilor","og_description":"Studen\u021bii \u00ee\u0219i vor pl\u0103ti integral abonamentele pentru transport \u00een Bucure\u0219ti din banii lor, iar apoi reducerea de 90% o vor recupera ca decont de la facult\u0103\u021bi, au transmis reprezentan\u021bii Asocia\u021biei pentru transport Bucure\u0219ti-Ilfov, pentru Edupedu.ro. Un student din Capital\u0103 va trebui s\u0103 pl\u0103teasc\u0103 80 de lei pentru abonamentul de metrou, pre\u021bul din prezent iar de [&hellip;]","og_url":"https:\/\/buletin.de\/bucuresti\/abonamente-stb-platite-integral-de-studenti-in-capitala-90-din-suma-platita-va-fi-recuperata-prin-intermediul-facultatilor\/","og_site_name":"Buletin de Bucure\u0219ti","article_publisher":"https:\/\/www.facebook.com\/buletin.de.buc","article_published_time":"2023-09-12T07:47:41+00:00","og_image":[{"width":1170,"height":1417,"url":"https:\/\/buletin.de\/bucuresti\/wp-content\/uploads\/stb-8.jpg","type":"image\/jpeg"}],"author":"Diana Matei","twitter_card":"summary_large_image","twitter_misc":{"Written by":"Diana Matei","Estimated reading time":"2 minutes"},"schema":{"@context":"https:\/\/schema.org","@graph":[{"@type":"Article","@id":"https:\/\/buletin.de\/bucuresti\/abonamente-stb-platite-integral-de-studenti-in-capitala-90-din-suma-platita-va-fi-recuperata-prin-intermediul-facultatilor\/#article","isPartOf":{"@id":"https:\/\/buletin.de\/bucuresti\/abonamente-stb-platite-integral-de-studenti-in-capitala-90-din-suma-platita-va-fi-recuperata-prin-intermediul-facultatilor\/"},"author":{"name":"Diana Matei","@id":"https:\/\/buletin.de\/bucuresti\/#\/schema\/person\/7e46040573290777280a0835d81ea4ea"},"headline":"Abonamente STB pl\u0103tite integral de studen\u021bi, in Capital\u0103. 90% din suma pl\u0103tit\u0103 va fi recuperat\u0103 prin intermediul facult\u0103\u021bilor","datePublished":"2023-09-12T07:47:41+00:00","mainEntityOfPage":{"@id":"https:\/\/buletin.de\/bucuresti\/abonamente-stb-platite-integral-de-studenti-in-capitala-90-din-suma-platita-va-fi-recuperata-prin-intermediul-facultatilor\/"},"wordCount":300,"commentCount":0,"publisher":{"@id":"https:\/\/buletin.de\/bucuresti\/#organization"},"image":{"@id":"https:\/\/buletin.de\/bucuresti\/abonamente-stb-platite-integral-de-studenti-in-capitala-90-din-suma-platita-va-fi-recuperata-prin-intermediul-facultatilor\/#primaryimage"},"thumbnailUrl":"https:\/\/buletin.de\/bucuresti\/wp-content\/uploads\/stb-8.jpg","keywords":["Abonamente integrate","legile educatiei","ministerul educatiei","stb"],"articleSection":["\u0218tiri"],"inLanguage":"en-GB","potentialAction":[{"@type":"CommentAction","name":"Comment","target":["https:\/\/buletin.de\/bucuresti\/abonamente-stb-platite-integral-de-studenti-in-capitala-90-din-suma-platita-va-fi-recuperata-prin-intermediul-facultatilor\/#respond"]}],"copyrightYear":"2023","copyrightHolder":{"@id":"https:\/\/buletin.de\/bucuresti\/#organization"}},{"@type":"WebPage","@id":"https:\/\/buletin.de\/bucuresti\/abonamente-stb-platite-integral-de-studenti-in-capitala-90-din-suma-platita-va-fi-recuperata-prin-intermediul-facultatilor\/","url":"https:\/\/buletin.de\/bucuresti\/abonamente-stb-platite-integral-de-studenti-in-capitala-90-din-suma-platita-va-fi-recuperata-prin-intermediul-facultatilor\/","name":"Abonamente STB pl\u0103tite integral de studen\u021bi, in Capital\u0103. 90% din suma pl\u0103tit\u0103 va fi recuperat\u0103 prin intermediul facult\u0103\u021bilor - Buletin de Bucure\u0219ti","isPartOf":{"@id":"https:\/\/buletin.de\/bucuresti\/#website"},"primaryImageOfPage":{"@id":"https:\/\/buletin.de\/bucuresti\/abonamente-stb-platite-integral-de-studenti-in-capitala-90-din-suma-platita-va-fi-recuperata-prin-intermediul-facultatilor\/#primaryimage"},"image":{"@id":"https:\/\/buletin.de\/bucuresti\/abonamente-stb-platite-integral-de-studenti-in-capitala-90-din-suma-platita-va-fi-recuperata-prin-intermediul-facultatilor\/#primaryimage"},"thumbnailUrl":"https:\/\/buletin.de\/bucuresti\/wp-content\/uploads\/stb-8.jpg","datePublished":"2023-09-12T07:47:41+00:00","breadcrumb":{"@id":"https:\/\/buletin.de\/bucuresti\/abonamente-stb-platite-integral-de-studenti-in-capitala-90-din-suma-platita-va-fi-recuperata-prin-intermediul-facultatilor\/#breadcrumb"},"inLanguage":"en-GB","potentialAction":[{"@type":"ReadAction","target":["https:\/\/buletin.de\/bucuresti\/abonamente-stb-platite-integral-de-studenti-in-capitala-90-din-suma-platita-va-fi-recuperata-prin-intermediul-facultatilor\/"]}]},{"@type":"ImageObject","inLanguage":"en-GB","@id":"https:\/\/buletin.de\/bucuresti\/abonamente-stb-platite-integral-de-studenti-in-capitala-90-din-suma-platita-va-fi-recuperata-prin-intermediul-facultatilor\/#primaryimage","url":"https:\/\/buletin.de\/bucuresti\/wp-content\/uploads\/stb-8.jpg","contentUrl":"https:\/\/buletin.de\/bucuresti\/wp-content\/uploads\/stb-8.jpg","width":1170,"height":1417},{"@type":"BreadcrumbList","@id":"https:\/\/buletin.de\/bucuresti\/abonamente-stb-platite-integral-de-studenti-in-capitala-90-din-suma-platita-va-fi-recuperata-prin-intermediul-facultatilor\/#breadcrumb","itemListElement":[{"@type":"ListItem","position":1,"name":"Acas\u0103","item":"https:\/\/buletin.de\/bucuresti\/"},{"@type":"ListItem","position":2,"name":"Abonamente STB pl\u0103tite integral de studen\u021bi, in Capital\u0103. 90% din suma pl\u0103tit\u0103 va fi recuperat\u0103 prin intermediul facult\u0103\u021bilor"}]},{"@type":"WebSite","@id":"https:\/\/buletin.de\/bucuresti\/#website","url":"https:\/\/buletin.de\/bucuresti\/","name":"Buletin de Bucure\u0219ti","description":"\u0218tiri \u0219i investiga\u021bii esen\u021biale din capital\u0103","publisher":{"@id":"https:\/\/buletin.de\/bucuresti\/#organization"},"potentialAction":[{"@type":"SearchAction","target":{"@type":"EntryPoint","urlTemplate":"https:\/\/buletin.de\/bucuresti\/?s={search_term_string}"},"query-input":{"@type":"PropertyValueSpecification","valueRequired":true,"valueName":"search_term_string"}}],"inLanguage":"en-GB"},{"@type":"Organization","@id":"https:\/\/buletin.de\/bucuresti\/#organization","name":"Buletin de Bucure\u0219ti","url":"https:\/\/buletin.de\/bucuresti\/","logo":{"@type":"ImageObject","inLanguage":"en-GB","@id":"https:\/\/buletin.de\/bucuresti\/#\/schema\/logo\/image\/","url":"https:\/\/buletin.de\/bucuresti\/wp-content\/uploads\/logo-bdb-full-wide-vernil-transparent.png","contentUrl":"https:\/\/buletin.de\/bucuresti\/wp-content\/uploads\/logo-bdb-full-wide-vernil-transparent.png","width":1782,"height":626,"caption":"Buletin de Bucure\u0219ti"},"image":{"@id":"https:\/\/buletin.de\/bucuresti\/#\/schema\/logo\/image\/"},"sameAs":["https:\/\/www.facebook.com\/buletin.de.buc","https:\/\/www.instagram.com\/buletinde.bucuresti\/"]},{"@type":"Person","@id":"https:\/\/buletin.de\/bucuresti\/#\/schema\/person\/7e46040573290777280a0835d81ea4ea","name":"Diana Matei","image":{"@type":"ImageObject","inLanguage":"en-GB","@id":"https:\/\/buletin.de\/bucuresti\/wp-content\/uploads\/9-2-96x96.jpg1e8590b30871d70e62ebcdaf2eff570c","url":"https:\/\/buletin.de\/bucuresti\/wp-content\/uploads\/9-2-96x96.jpg","contentUrl":"https:\/\/buletin.de\/bucuresti\/wp-content\/uploads\/9-2-96x96.jpg","caption":"Diana Matei"},"url":"https:\/\/buletin.de\/bucuresti\/author\/dianamatei\/"}]}},"authors":[{"term_id":22574,"user_id":49,"is_guest":0,"slug":"dianamatei","display_name":"Diana Matei","avatar_url":"https:\/\/buletin.de\/bucuresti\/wp-content\/uploads\/9-2-96x96.jpg","0":null,"1":"","2":"","3":"","4":"","5":"","6":"","7":"","8":""}],"_links":{"self":[{"href":"https:\/\/buletin.de\/bucuresti\/wp-json\/wp\/v2\/posts\/62465","targetHints":{"allow":["GET"]}}],"collection":[{"href":"https:\/\/buletin.de\/bucuresti\/wp-json\/wp\/v2\/posts"}],"about":[{"href":"https:\/\/buletin.de\/bucuresti\/wp-json\/wp\/v2\/types\/post"}],"author":[{"embeddable":true,"href":"https:\/\/buletin.de\/bucuresti\/wp-json\/wp\/v2\/users\/49"}],"replies":[{"embeddable":true,"href":"https:\/\/buletin.de\/bucuresti\/wp-json\/wp\/v2\/comments?post=62465"}],"version-history":[{"count":0,"href":"https:\/\/buletin.de\/bucuresti\/wp-json\/wp\/v2\/posts\/62465\/revisions"}],"wp:featuredmedia":[{"embeddable":true,"href":"https:\/\/buletin.de\/bucuresti\/wp-json\/wp\/v2\/media\/62307"}],"wp:attachment":[{"href":"https:\/\/buletin.de\/bucuresti\/wp-json\/wp\/v2\/media?parent=62465"}],"wp:term":[{"taxonomy":"category","embeddable":true,"href":"https:\/\/buletin.de\/bucuresti\/wp-json\/wp\/v2\/categories?post=62465"},{"taxonomy":"post_tag","embeddable":true,"href":"https:\/\/buletin.de\/bucuresti\/wp-json\/wp\/v2\/tags?post=62465"},{"taxonomy":"author","embeddable":true,"href":"https:\/\/buletin.de\/bucuresti\/wp-json\/wp\/v2\/ppma_author?post=62465"}],"curies":[{"name":"wp","href":"https:\/\/api.w.org\/{rel}","templated":true}]}}