{"id":62418,"date":"2023-09-10T14:09:20","date_gmt":"2023-09-10T12:09:20","guid":{"rendered":"https:\/\/buletin.de\/bucuresti\/reportaj-picnic-in-cenusa-si-birouri-cetatenesti-in-zona-retrocedata-din-parcul-ior\/"},"modified":"2023-10-02T14:04:43","modified_gmt":"2023-10-02T12:04:43","slug":"reportaj-picnic-in-cenusa-si-birouri-cetatenesti-in-zona-retrocedata-din-parcul-ior","status":"publish","type":"post","link":"https:\/\/buletin.de\/bucuresti\/reportaj-picnic-in-cenusa-si-birouri-cetatenesti-in-zona-retrocedata-din-parcul-ior\/","title":{"rendered":"REPORTAJ | \u201ePicnic \u00een cenu\u0219\u0103&#8221; \u0219i \u201eBirouri cet\u0103\u021bene\u0219ti&#8221;, \u00een zona retrocedat\u0103 din Parcul IOR"},"content":{"rendered":"\n<p><strong>Ultimele incendii din parcul IOR (actual Alexandru Ioan Cuza) au generat un nou sentiment de urgen\u021b\u0103 \u0219i presiune \u00een r\u00e2ndul cet\u0103\u021benilor deja implica\u021bi \u00een povestea locului. Grupul de Ini\u021biativ\u0103 Civic\u0103 IOR &#8211; Titan, care a <a href=\"https:\/\/buletin.de\/bucuresti\/protest-pentru-salvarea-zonei-retrocedate-a-parcului-ior-cetatenii-sunt-revoltati-de-taierile-ilegale\/\">organizat protestul de la \u00eenceputul anului<\/a> se lupt\u0103 deja \u00een instan\u021b\u0103, \u00een timp ce al\u021bi locuitori ai Bucure\u0219tiului, dar \u0219i ai localit\u0103\u021bilor \u00eenvecinate, au \u201epreluat\u201d organizarea civic\u0103, pe care \u00eencearc\u0103 s\u0103 o reg\u00e2ndeasc\u0103. Protestul de s\u00e2mb\u0103t\u0103 nu a fost dec\u00e2t o mic\u0103 parte din \u00eentreaga ac\u021biune civic\u0103 planificat\u0103 p\u00e2n\u0103 \u00een momentul de fa\u021b\u0103.<\/strong><\/p>\n\n\n\n<figure class=\"wp-block-image size-large\"><img decoding=\"async\" src=\"data:image\/gif;base64,R0lGODlhAQABAAAAACH5BAEKAAEALAAAAAABAAEAAAICTAEAOw==\" data-src=\"https:\/\/buletin.de\/bucuresti\/wp-content\/uploads\/1000033824-900x678.jpg\" alt=\"\" class=\"wp-image-64353 lazyload\"\/><\/figure>\n\n\n\n<h2 class=\"wp-block-heading\">Cum s-a desf\u0103\u0219urat protestul<\/h2>\n\n\n\n<p><a href=\"https:\/\/buletin.de\/bucuresti\/protest-pentru-salvarea-zonei-retrocedate-a-parcului-ior-cetatenii-sunt-revoltati-de-taierile-ilegale\/\">\u00cen spiritul protestului de la \u00eenceputul anului<\/a>, organizarea celui de s\u00e2mb\u0103t\u0103 a pornit de la un grup de oameni foarte implica\u021bi \u0219i creativi. \u0218i nu au participat numai oameni din Sectorul 3, ci au venit din toate col\u021burile Bucure\u0219tiului \u0219i \u00eemprejurimilor lui. Bogdan Barbu este un locuitor care a venit din Voluntari pentru a participa la protestele din parcul Sectorul 3. Mesajul acestuia pentru cet\u0103\u021beni este unul simplu, scandat \u0219i \u00een timpul mar\u0219ului: \u201eSolidaritate (egalitate) pentru comunitate\u201d.<\/p>\n\n\n\n<p><em>\u201eParcul IOR nu este al nim\u0103nui, este al tuturor. \u0218i pentru c\u0103 este al tuturor, trebuie ca toat\u0103 comunitatea s\u0103 se implice. \u0218i dac\u0103 eu vin din Voluntari, pentru acest protest, cum au venit \u0219i al\u021bii din Tunari, din Sectorul 2, din Sectorul 5, atunci ar trebui \u0219i cei care stau aici \u00een zon\u0103 s\u0103 ni se al\u0103ture. Am zis \u0219i la protest \u201eSolidaritate(egalitate) pentru comunitate\u201d pentru c\u0103 parcul e al tuturor, aerul pe care \u00eel genereaz\u0103 e al tuturor\u201d<\/em>, a spus Bogdan.&nbsp;<\/p>\n\n\n\n<p>Protestul a fost anun\u021bat pe paginile de Facebook \u0219i Instagram &#8211; \u201eAici a fost o p\u0103dure\u201d iar fly-erele \u00eemp\u0103r\u021bite au ajuns p\u00e2n\u0103 \u00een cartierul Pantelimon:<\/p>\n\n\n\n<ul class=\"wp-block-list\">\n<li>\u201e16:30 \u00eent\u00e2lnire<\/li>\n\n\n\n<li>17:30 mar\u0219 \u00een jurul parcului<\/li>\n\n\n\n<li>18:00 Picnic \u00een zona ars\u0103<\/li>\n\n\n\n<li>18:45 microfonul cet\u0103\u021benilor\u201d <\/li>\n<\/ul>\n\n\n\n<figure class=\"wp-block-image size-medium\"><img decoding=\"async\" src=\"data:image\/gif;base64,R0lGODlhAQABAAAAACH5BAEKAAEALAAAAAABAAEAAAICTAEAOw==\" data-src=\"https:\/\/buletin.de\/bucuresti\/wp-content\/uploads\/WhatsApp-Image-2023-09-10-at-06.24.22-300x273.jpeg\" alt=\"\" class=\"wp-image-64375 lazyload\"\/><\/figure>\n\n\n\n<p>\u00cenceputul protestului a fost unul \u201eclasic\u201d, cu un tur \u00een jurul zonei de parc, de-a lungul c\u0103ruia s-a scandat nemul\u021bumirea fa\u021b\u0103 de situa\u021bia actual\u0103. \u00cen cadrul turului a existat \u0219i o oprire la castelele gonflabile care au ap\u0103rut recent \u00een zon\u0103, echipamente care ar urma s\u0103 se extind\u0103 pe toat\u0103 suprafa\u021ba retrocedat\u0103.<\/p>\n\n\n\n<figure class=\"wp-block-image size-large\"><img decoding=\"async\" src=\"data:image\/gif;base64,R0lGODlhAQABAAAAACH5BAEKAAEALAAAAAABAAEAAAICTAEAOw==\" data-src=\"https:\/\/buletin.de\/bucuresti\/wp-content\/uploads\/WhatsApp-Image-2023-09-10-at-06.22.03-1-900x678.jpeg\" alt=\"\" class=\"wp-image-64373 lazyload\"\/><\/figure>\n\n\n\n<figure class=\"wp-block-image size-large\"><img decoding=\"async\" src=\"data:image\/gif;base64,R0lGODlhAQABAAAAACH5BAEKAAEALAAAAAABAAEAAAICTAEAOw==\" data-src=\"https:\/\/buletin.de\/bucuresti\/wp-content\/uploads\/1000033838-900x678.jpg\" alt=\"\" class=\"wp-image-64352 lazyload\"\/><\/figure>\n\n\n\n<p><\/p>\n\n\n\n<h2 class=\"wp-block-heading\">Picnicul din cenu\u0219\u0103<\/h2>\n\n\n\n<figure class=\"wp-block-image size-large\"><img decoding=\"async\" src=\"data:image\/gif;base64,R0lGODlhAQABAAAAACH5BAEKAAEALAAAAAABAAEAAAICTAEAOw==\" data-src=\"https:\/\/buletin.de\/bucuresti\/wp-content\/uploads\/1000033878-900x675.jpg\" alt=\"\" class=\"wp-image-64354 lazyload\"\/><figcaption class=\"wp-element-caption\">Preg\u0103tirile din zona Picnicului<\/figcaption><\/figure>\n\n\n\n<p>\u00cen timp ce protestul era \u00een toi, al\u021bi oameni preg\u0103teau zona de picnic, momentul de repaus, lini\u0219te \u0219i odihn\u0103 pentru participan\u021bi: au adus p\u0103turi pe care au l\u0103sat boluri cu fructe, covrigi \u0219i diverse, iar pe l\u00e2ng\u0103 \u201egust\u0103ri\u201d au existat \u0219i c\u0103r\u021bi \u0219i palete de badminton, l\u0103sate pentru a invita oamenii la activit\u0103\u021bi \u201enormale de picnic\u201d peste cenu\u0219a produs\u0103 de unul dintre ultimele incendii din parc.&nbsp;<\/p>\n\n\n\n<figure class=\"wp-block-image size-large\"><img decoding=\"async\" src=\"data:image\/gif;base64,R0lGODlhAQABAAAAACH5BAEKAAEALAAAAAABAAEAAAICTAEAOw==\" data-src=\"https:\/\/buletin.de\/bucuresti\/wp-content\/uploads\/1000033880-900x678.jpg\" alt=\"\" class=\"wp-image-64355 lazyload\"\/><\/figure>\n\n\n\n<figure class=\"wp-block-image size-large\"><img decoding=\"async\" src=\"data:image\/gif;base64,R0lGODlhAQABAAAAACH5BAEKAAEALAAAAAABAAEAAAICTAEAOw==\" data-src=\"https:\/\/buletin.de\/bucuresti\/wp-content\/uploads\/1000033899-900x678.jpg\" alt=\"\" class=\"wp-image-64356 lazyload\"\/><figcaption class=\"wp-element-caption\">Tenis peste un copac c\u0103zut \u0219i ars, reutilizat pe post de fileu<\/figcaption><\/figure>\n\n\n\n<p>Picnicul din locul <em>\u201e\u00een care natura \u00eenceteaz\u0103 s\u0103 mai fie, un vis \u00een mijlocul parcurilor inten\u021bionat incendiate \u0219i bulevardelor mari din Bucure\u0219ti\u201d<\/em>, invit\u0103 oamenii s\u0103 traseze, <em>\u201eprintr-o naivitate productiv\u0103, un teritoriu dorit peste teritorii distopice, \u00eencerc\u00e2nd s\u0103 extind\u0103 cel pu\u021bin conceptual spa\u021biul verde, locuibil, chestion\u00e2nd \u00een acela\u0219i timp \u00een mod performativ situa\u021bia acestuia,\u201d<\/em> spune Elizei Trefas, organizatoarea picnicului \u0219i al proiectului-expozi\u021bie &#8216;The Territory Is Not the Map&#8217; \/ &#8216;Teritoriul nu este harta&#8217;.<\/p>\n\n\n\n<figure class=\"wp-block-image size-large\"><img decoding=\"async\" src=\"data:image\/gif;base64,R0lGODlhAQABAAAAACH5BAEKAAEALAAAAAABAAEAAAICTAEAOw==\" data-src=\"https:\/\/buletin.de\/bucuresti\/wp-content\/uploads\/1000033932-678x900.jpg\" alt=\"\" class=\"wp-image-64359 lazyload\"\/><figcaption class=\"wp-element-caption\">O buturug\u0103 folosit\u0103 drept stativ, reutilizarea naturii moarte: \u201eNatur\u0103 moart\u0103 pe natur\u0103 moart\u0103\u201d, am putea spune. <\/figcaption><\/figure>\n\n\n\n<figure class=\"wp-block-image size-large\"><img decoding=\"async\" src=\"data:image\/gif;base64,R0lGODlhAQABAAAAACH5BAEKAAEALAAAAAABAAEAAAICTAEAOw==\" data-src=\"https:\/\/buletin.de\/bucuresti\/wp-content\/uploads\/1000033890-900x678.jpg\" alt=\"\" class=\"wp-image-64357 lazyload\"\/><figcaption class=\"wp-element-caption\">Momentul \u00een care protestatarii au \u00eenceput s\u0103 vin\u0103 \u00een zona de picnic, dup\u0103 ce s-a terminat mar\u0219ul.<\/figcaption><\/figure>\n\n\n\n<figure class=\"wp-block-image size-large\"><img decoding=\"async\" src=\"data:image\/gif;base64,R0lGODlhAQABAAAAACH5BAEKAAEALAAAAAABAAEAAAICTAEAOw==\" data-src=\"https:\/\/buletin.de\/bucuresti\/wp-content\/uploads\/WhatsApp-Image-2023-09-10-at-06.22.03-900x678.jpeg\" alt=\"\" class=\"wp-image-64374 lazyload\"\/><\/figure>\n\n\n\n<p>Dup\u0103 ce toat\u0103 lumea a avut timp s\u0103 se odihneasc\u0103, a \u00eenceput partea din acest protest \u00een care oricine avea ceva de spus avea dreptul la microfon. Au luat cuv\u00e2ntul cet\u0103\u021beni \u00eengrijora\u021bi \u0219i nemul\u021bumi\u021bi, copii care povestesc despre cum \u0219i de ce apreciaz\u0103 acest parc, oameni care studiaz\u0103 problema retroced\u0103rii de ani de zile \u0219i oameni cu experien\u021be diverse \u00een organizarea de ac\u021biuni civice. <\/p>\n\n\n\n<p>Desigur, au existat opinii \u00eentr-o m\u0103sur\u0103 divergente despre cum ar trebui s\u0103 se desf\u0103\u0219oare \u0219i dezvolte ac\u021biunea civic\u0103 \u00een continuare, despre atitudinea \u201eprotestatarului ideal\u201d \u0219i alte astfel de lucruri. Acesta ultim aspect poate c\u0103 a fost \u0219i scopul evenimentului: s\u0103 pun\u0103 cet\u0103\u021benii fa\u021b\u0103 \u00een fa\u021b\u0103 \u0219i s\u0103 construiasc\u0103 ceva \u00eempreun\u0103, pornind de la astfel de discu\u021bii.<\/p>\n\n\n\n<figure class=\"wp-block-image size-large\"><img decoding=\"async\" src=\"data:image\/gif;base64,R0lGODlhAQABAAAAACH5BAEKAAEALAAAAAABAAEAAAICTAEAOw==\" data-src=\"https:\/\/buletin.de\/bucuresti\/wp-content\/uploads\/1000033984-900x501.jpg\" alt=\"\" class=\"wp-image-64371 lazyload\"\/><figcaption class=\"wp-element-caption\">Cet\u0103\u021benii au putut lua cuv\u00e2ntul la \u201eBiroul de Ap\u0103rare al Parcului IOR\u201d<\/figcaption><\/figure>\n\n\n\n<p>De asemenea, s-au \u00eemp\u0103r\u021bit h\u00e2rtii care con\u021bin o \u201escurt\u0103-lung\u0103 istorie&#8221; a buc\u0103\u021bii de teren, documentat\u0103 de Cristian Popovici \u0219i distribuit\u0103 de Funda\u021bia Eco-Civica.<\/p>\n\n\n\n<figure class=\"wp-block-image size-large\"><img decoding=\"async\" src=\"data:image\/gif;base64,R0lGODlhAQABAAAAACH5BAEKAAEALAAAAAABAAEAAAICTAEAOw==\" data-src=\"https:\/\/buletin.de\/bucuresti\/wp-content\/uploads\/1000033923-900x678.jpg\" alt=\"\" class=\"wp-image-64360 lazyload\"\/><\/figure>\n\n\n\n<h2 class=\"wp-block-heading\">Perspectiva diferit\u0103 abordat\u0103 de aceste mi\u0219c\u0103ri civice<\/h2>\n\n\n\n<p><em>\u201eDesigur c\u0103 fiecare vizeaz\u0103 la victorie. A\u0219 schimba sintagma asta din \u201esalv\u0103m parcul IOR\u201d \u00een \u201eap\u0103r\u0103m parcul IOR\u201d. <strong>\u00cen procesul ap\u0103r\u0103rii cumva mi se pare c\u0103 este mai important procesul dec\u00e2t rezultatul final. <\/strong>E foarte important procesul deoarece ce se \u00eent\u00e2mpl\u0103 aici se \u00eent\u00e2mpl\u0103 \u00een mai multe locuri din Bucure\u0219ti \u0219i din Rom\u00e2nia \u0219i atunci trebuie s\u0103 parcurgem \u00eempreun\u0103 aceste etape ale procesului. Salvarea vine cumva \u0219i cu un soi de presiune, \u0219i cu un soi de eroism. De asta cumva mi se pare c\u0103 este o schimbare mai orizontal\u0103. Cum zicea \u0219i Alex (Alexandru Alexe), ar trebui s\u0103 fie o mi\u0219care de mas\u0103, o mi\u0219care civic\u0103 \u00een care pur \u0219i simplu cinci oameni se \u00eent\u00e2lnesc \u0219i blocheaz\u0103 o anumit\u0103 intrare, \u00een timp ce alte mii protesteaz\u0103 \u00een alt\u0103 parte\u201d<\/em>, spune Andreea David, una dintre organizatoarele protestului.<\/p>\n\n\n\n<p>Mai exact spus, procesul care genereaz\u0103 idei, moduri de g\u00e2ndire, rela\u021bii \u00eentre oameni, care descos structurile cu care suntem obi\u0219nui\u021bi s\u0103 interac\u021bion\u0103m \u0219i astfel permite reimaginarea \u201eutopic\u0103\u201d a lor, este ceea ce au avut organizatorii \u00een vedere, fiind, de altfel, \u0219i potrivit zonei retrocedate.<\/p>\n\n\n\n<p><em>\u201eA fost un loc \u00een care am ajuns f\u0103r\u0103 s\u0103-mi propun s\u0103 ajung. Am avut aceea\u0219i senza\u021bie pe care am avut-o \u0219i \u00een Delta V\u0103c\u0103re\u0219ti: acel loc f\u0103r\u0103 reper, cultural sau social, un punct zero de la care orice poate s\u0103 apar\u0103. A fost un loc al nim\u0103nui, care nu apar\u021bine, cum multe din zonele astea litigioase au fost pentru 30 de ani. Tot farmecul a fost c\u0103 a fost l\u0103sat \u00een paragin\u0103, \u0219i natura a crescut dup\u0103 regulile ei, cum a fost \u0219i Delta V\u0103c\u0103re\u0219ti, \u00eenainte s\u0103 devin\u0103 parc natural. Cumva sunt mai interesante zonele astea fa\u021b\u0103 de zonele amenajate precum parcurile amenajate, terasele, care urmeaz\u0103 un set de reguli de folosire, aste permit o libertate de a exista \u00een ele\u201d<\/em>, puncteaz\u0103 Andreea.<\/p>\n\n\n\n<p><\/p>\n\n\n\n<figure class=\"wp-block-image size-large\"><img decoding=\"async\" src=\"data:image\/gif;base64,R0lGODlhAQABAAAAACH5BAEKAAEALAAAAAABAAEAAAICTAEAOw==\" data-src=\"https:\/\/buletin.de\/bucuresti\/wp-content\/uploads\/1000033853-900x678.jpg\" alt=\"\" class=\"wp-image-64361 lazyload\"\/><\/figure>\n\n\n\n<h2 class=\"wp-block-heading\">\u201eBirourile&#8221; IOR-ului<\/h2>\n\n\n\n<p>De-a lungul ultimelor s\u0103pt\u0103m\u00e2ni, au fost prezen\u021bi c\u00e2t mai mul\u021bi oameni \u00een parc, \u00eenfiin\u021b\u00e2ndu-se diferite \u201ebirouri\u201d cu care cet\u0103\u021benii s\u0103 poat\u0103 interac\u021biona, precum Biroul Aricilor, Biroul C\u0103\u021beilor, Biroul de Informare, \u0219i altele.&nbsp; Birourile acestea sunt <em>\u201eo modalitate ironic\u0103 de a vorbi despre structurile administrative\u201d<\/em>.<\/p>\n\n\n\n<p><em>\u201eParcul e c\u00e2t se poate de orizontal \u0219i nu accept\u0103 centralitate, nu accept\u0103 putere, \u0103sta este farmecul locului. De c\u00e2nd am anun\u021bat <\/em><strong><em>Biroul C\u0103\u021beilor<\/em><\/strong><em> ni\u0219te oameni au \u00eenceput s\u0103 vin\u0103 cu c\u0103\u021beii lor, prietenii lor au \u00eenceput s\u0103 vin\u0103. Desigur c\u0103 nu e un loc \u00eemp\u0103m\u00e2ntenit, se poate schimba, asta e frumuse\u021bea (&#8230;) <\/em><strong><em>Biroul Agriculturii Urbane<\/em><\/strong><em>: s\u0103 vorbim m\u0103car la nivel de vis ce \u00eenseamn\u0103 circuitul naturii din jurul nostru\u201d<\/em>, continu\u0103 Andreea.<\/p>\n\n\n\n<figure class=\"wp-block-image size-large\"><img decoding=\"async\" src=\"data:image\/gif;base64,R0lGODlhAQABAAAAACH5BAEKAAEALAAAAAABAAEAAAICTAEAOw==\" data-src=\"https:\/\/buletin.de\/bucuresti\/wp-content\/uploads\/357715398_6750704158293809_7367870866855011594_n-900x675.jpg\" alt=\"\" class=\"wp-image-64377 lazyload\"\/><figcaption class=\"wp-element-caption\">Poz\u0103 de la <em>happening<\/em>-ul de la \u00eenceputul lunii iulie, surs\u0103 fotografie: Andreea David, Facebook<\/figcaption><\/figure>\n\n\n\n<p>Andreea vine din zona dansului \u0219i a coregrafiei, iar ideea ei ini\u021bial\u0103 a fost<em> \u201es\u0103 activeze acest spa\u021biu prin corpurile \u0219i prezen\u021ba\u201d<\/em> lor, deoarece aceasta, prin dans, a c\u00e2\u0219tigat \u201eun soi de curaj\u201d al c\u0103rui experien\u021b\u0103 sper\u0103 s\u0103 o poat\u0103 transmite mai departe \u0219i oamenilor participan\u021bi la ap\u0103rarea acestui spa\u021biu.<\/p>\n\n\n\n<p><em>\u201eVin din zone coregrafic\u0103, ce am c\u00e2\u0219tigat prin dans \u0219i coregrafie a fost un soi de curaj a fi eu \u00eensumi \u00een corpul \u0103sta, nu \u0219tiu ce \u00eenseamn\u0103 eu \u00eensumi, dar curaj de a spune ceea ce vreau s\u0103 spun, ceea ce e valabil pentru mine, \u0219i chiar dac\u0103 valorile se schimb\u0103, o afirmare constant\u0103 a lor \u0219i a da o voce valorilor e foarte important\u0103, \u0219i am c\u00e2\u0219tigat mai mult curaj<\/em> (&#8230;) <em>Ce \u00eenseamn\u0103 dans? \u00censeamn\u0103 a-\u021bi propune o experien\u021b\u0103 care \u021bine de contextul \u0103sta, de a tr\u0103i \u00een mod real \u00een loc. De aici se poate na\u0219te \u0219i un alt sistem de g\u00e2ndire, un alt text, ce \u00eenseamn\u0103 un text, un mesaj, o pancard\u0103, cum se na\u0219te textul, O afi\u0219ezi o faci s\u0103 fie mare, vizibil\u0103, \u0219i prin asta schimbi mintea oamenilor\u201d<\/em>, continu\u0103 activista.<\/p>\n\n\n\n<h2 class=\"wp-block-heading\">Cum arat\u0103 zona ars\u0103 la doar 10 zile dup\u0103 unul dintre incendii<\/h2>\n\n\n\n<p>\u00cen urm\u0103 cu aproximativ 10 zile, Buletin de Bucure\u0219ti publica poze f\u0103cute \u00een <a href=\"https:\/\/buletin.de\/bucuresti\/foto-zona-retrocedata-a-parcului-ior-la-o-zi-de-la-incendiu\/\">a doua zi dup\u0103 unul dintre incendiile mari din IOR<\/a>. \u00cen aceast\u0103 diferen\u021b\u0103 de timp, peste tot unde era doar scrum negru au crescut fire verde-aprins de iarb\u0103.<\/p>\n\n\n\n<figure class=\"wp-block-image size-large\"><img decoding=\"async\" src=\"data:image\/gif;base64,R0lGODlhAQABAAAAACH5BAEKAAEALAAAAAABAAEAAAICTAEAOw==\" data-src=\"https:\/\/buletin.de\/bucuresti\/wp-content\/uploads\/1000033865-900x675.jpg\" alt=\"\" class=\"wp-image-64362 lazyload\"\/><\/figure>\n\n\n\n<p><\/p>\n\n\n\n<p>Cenu\u0219a lemnului este, \u00een mod ironic, un fertilizator foarte bun al p\u0103m\u00e2ntului, fiind o surs\u0103 de calciu, potasiu, magneziu , fosfor \u0219i al\u021bi micronutrien\u021bi benefici plantelor.&nbsp; Precum ac\u021biunea oamenilor, se regenereaz\u0103 \u0219i dezvolt\u0103 din gre\u0219elile \u0219i greut\u0103\u021bile trecute. <\/p>\n\n\n\n<figure class=\"wp-block-image size-large\"><img decoding=\"async\" src=\"data:image\/gif;base64,R0lGODlhAQABAAAAACH5BAEKAAEALAAAAAABAAEAAAICTAEAOw==\" data-src=\"https:\/\/buletin.de\/bucuresti\/wp-content\/uploads\/1000033867-900x678.jpg\" alt=\"\" class=\"wp-image-64363 lazyload\"\/><\/figure>\n\n\n\n<figure class=\"wp-block-image size-large is-resized\"><img fetchpriority=\"high\" decoding=\"async\" src=\"data:image\/gif;base64,R0lGODlhAQABAAAAACH5BAEKAAEALAAAAAABAAEAAAICTAEAOw==\" data-src=\"https:\/\/buletin.de\/bucuresti\/wp-content\/uploads\/1000033873-900x678.jpg\" alt=\"\" class=\"wp-image-64364 lazyload\" style=\"width:836px;height:629px\" width=\"836\" height=\"629\"\/><\/figure>\n\n\n\n<figure class=\"wp-block-image size-large\"><img decoding=\"async\" src=\"data:image\/gif;base64,R0lGODlhAQABAAAAACH5BAEKAAEALAAAAAABAAEAAAICTAEAOw==\" data-src=\"https:\/\/buletin.de\/bucuresti\/wp-content\/uploads\/1000033877-900x678.jpg\" alt=\"\" class=\"wp-image-64365 lazyload\"\/><figcaption class=\"wp-element-caption\">Se poate observa limita incendiului dup\u0103 vegeta\u021bia \u00eenalt\u0103 \u0219i uscat\u0103 care nu a fost afectat\u0103.<\/figcaption><\/figure>\n\n\n\n<h2 class=\"wp-block-heading\">Ce urmeaz\u0103<\/h2>\n\n\n\n<p>At\u00e2t activit\u0103\u021bile trecute, c\u00e2t \u0219i cele viitoare, sunt documentate \u0219i anun\u021bate pe grupul de Facebook <a href=\"https:\/\/www.facebook.com\/groups\/260230886617556\/\">\u201eaici a fost o p\u0103dure \/ aici ar putea fi o p\u0103dure. nu cedez parcul IOR<\/a>\u201d, precum protestul din fa\u021ba prim\u0103riei de Luni, 11 septembrie, \u00een cadrul c\u0103ruia se militeaz\u0103 pentru amenzi mai mari pentru t\u0103ierea copacilor. <\/p>\n\n\n\n<p>Duminic\u0103, 10 septembrie, programul din Parcul IOR este urm\u0103torul:<\/p>\n\n\n\n<ul class=\"wp-block-list\">\n<li>ora 18:00 \u201eVr\u0103ji civice &#8211; farmece comunitare, metajusti\u021bie, blesteme necesare, parapolitici, activism metafizic\u201d<\/li>\n<\/ul>\n\n\n\n<ul class=\"wp-block-list\">\n<li>ora19:00 reborn\/regenerare cu Florin Flueras si Calinescu Lavinia<\/li>\n<\/ul>\n","protected":false},"excerpt":{"rendered":"<p>Ultimele incendii din parcul IOR (actual Alexandru Ioan Cuza) au generat un nou sentiment de urgen\u021b\u0103 \u0219i presiune \u00een r\u00e2ndul cet\u0103\u021benilor deja implica\u021bi \u00een povestea locului. Grupul de Ini\u021biativ\u0103 Civic\u0103 IOR &#8211; Titan, care a organizat protestul de la \u00eenceputul anului se lupt\u0103 deja \u00een instan\u021b\u0103, \u00een timp ce al\u021bi locuitori ai Bucure\u0219tiului, dar \u0219i [&hellip;]<\/p>\n","protected":false},"author":47,"featured_media":62423,"comment_status":"open","ping_status":"open","sticky":false,"template":"","format":"standard","meta":{"_acf_changed":false,"inline_featured_image":false,"ngg_post_thumbnail":0,"footnotes":""},"categories":[5762,169,62],"tags":[6910,341,5726,3121,6911,114,6912],"ppma_author":[22580],"class_list":["post-62418","post","type-post","status-publish","format-standard","has-post-thumbnail","hentry","category-main","category-reportaj","category-stiri","tag-cenusa","tag-incendiu","tag-ior","tag-parc","tag-picnic","tag-protest","tag-retrocedata"],"acf":[],"yoast_head":"<!-- This site is optimized with the Yoast SEO Premium plugin v25.3 (Yoast SEO v27.5) - https:\/\/yoast.com\/product\/yoast-seo-premium-wordpress\/ -->\n<title>REPORTAJ | \u201ePicnic \u00een cenu\u0219\u0103&quot; \u0219i \u201eBirouri cet\u0103\u021bene\u0219ti&quot;, \u00een zona retrocedat\u0103 din Parcul IOR - Buletin de Bucure\u0219ti<\/title>\n<meta name=\"robots\" content=\"index, follow, max-snippet:-1, max-image-preview:large, max-video-preview:-1\" \/>\n<link rel=\"canonical\" href=\"https:\/\/buletin.de\/bucuresti\/reportaj-picnic-in-cenusa-si-birouri-cetatenesti-in-zona-retrocedata-din-parcul-ior\/\" \/>\n<meta property=\"og:locale\" content=\"en_GB\" \/>\n<meta property=\"og:type\" content=\"article\" \/>\n<meta property=\"og:title\" content=\"REPORTAJ | \u201ePicnic \u00een cenu\u0219\u0103&quot; \u0219i \u201eBirouri cet\u0103\u021bene\u0219ti&quot;, \u00een zona retrocedat\u0103 din Parcul IOR\" \/>\n<meta property=\"og:description\" content=\"Ultimele incendii din parcul IOR (actual Alexandru Ioan Cuza) au generat un nou sentiment de urgen\u021b\u0103 \u0219i presiune \u00een r\u00e2ndul cet\u0103\u021benilor deja implica\u021bi \u00een povestea locului. Grupul de Ini\u021biativ\u0103 Civic\u0103 IOR &#8211; Titan, care a organizat protestul de la \u00eenceputul anului se lupt\u0103 deja \u00een instan\u021b\u0103, \u00een timp ce al\u021bi locuitori ai Bucure\u0219tiului, dar \u0219i [&hellip;]\" \/>\n<meta property=\"og:url\" content=\"https:\/\/buletin.de\/bucuresti\/reportaj-picnic-in-cenusa-si-birouri-cetatenesti-in-zona-retrocedata-din-parcul-ior\/\" \/>\n<meta property=\"og:site_name\" content=\"Buletin de Bucure\u0219ti\" \/>\n<meta property=\"article:publisher\" content=\"https:\/\/www.facebook.com\/buletin.de.buc\" \/>\n<meta property=\"article:published_time\" content=\"2023-09-10T12:09:20+00:00\" \/>\n<meta property=\"article:modified_time\" content=\"2023-10-02T12:04:43+00:00\" \/>\n<meta property=\"og:image\" content=\"https:\/\/buletin.de\/bucuresti\/wp-content\/uploads\/1000033878.jpg\" \/>\n\t<meta property=\"og:image:width\" content=\"2000\" \/>\n\t<meta property=\"og:image:height\" content=\"1500\" \/>\n\t<meta property=\"og:image:type\" content=\"image\/jpeg\" \/>\n<meta name=\"author\" content=\"Adina C\u0103p\u00eelnean\" \/>\n<meta name=\"twitter:card\" content=\"summary_large_image\" \/>\n<meta name=\"twitter:label1\" content=\"Written by\" \/>\n\t<meta name=\"twitter:data1\" content=\"Adina C\u0103p\u00eelnean\" \/>\n\t<meta name=\"twitter:label2\" content=\"Estimated reading time\" \/>\n\t<meta name=\"twitter:data2\" content=\"11 minutes\" \/>\n<script type=\"application\/ld+json\" class=\"yoast-schema-graph\">{\"@context\":\"https:\\\/\\\/schema.org\",\"@graph\":[{\"@type\":\"Article\",\"@id\":\"https:\\\/\\\/buletin.de\\\/bucuresti\\\/reportaj-picnic-in-cenusa-si-birouri-cetatenesti-in-zona-retrocedata-din-parcul-ior\\\/#article\",\"isPartOf\":{\"@id\":\"https:\\\/\\\/buletin.de\\\/bucuresti\\\/reportaj-picnic-in-cenusa-si-birouri-cetatenesti-in-zona-retrocedata-din-parcul-ior\\\/\"},\"author\":{\"name\":\"Adina C\u0103p\u00eelnean\",\"@id\":\"https:\\\/\\\/buletin.de\\\/bucuresti\\\/#\\\/schema\\\/person\\\/ab174cf6711728e4ee83d672acf9a912\"},\"headline\":\"REPORTAJ | \u201ePicnic \u00een cenu\u0219\u0103&#8221; \u0219i \u201eBirouri cet\u0103\u021bene\u0219ti&#8221;, \u00een zona retrocedat\u0103 din Parcul IOR\",\"datePublished\":\"2023-09-10T12:09:20+00:00\",\"dateModified\":\"2023-10-02T12:04:43+00:00\",\"mainEntityOfPage\":{\"@id\":\"https:\\\/\\\/buletin.de\\\/bucuresti\\\/reportaj-picnic-in-cenusa-si-birouri-cetatenesti-in-zona-retrocedata-din-parcul-ior\\\/\"},\"wordCount\":1690,\"commentCount\":0,\"publisher\":{\"@id\":\"https:\\\/\\\/buletin.de\\\/bucuresti\\\/#organization\"},\"image\":{\"@id\":\"https:\\\/\\\/buletin.de\\\/bucuresti\\\/reportaj-picnic-in-cenusa-si-birouri-cetatenesti-in-zona-retrocedata-din-parcul-ior\\\/#primaryimage\"},\"thumbnailUrl\":\"https:\\\/\\\/buletin.de\\\/bucuresti\\\/wp-content\\\/uploads\\\/1000033878.jpg\",\"keywords\":[\"cenusa\",\"incendiu\",\"IOR\",\"Parc\",\"picnic\",\"protest\",\"retrocedata\"],\"articleSection\":[\"Main\",\"Reportaj\",\"\u0218tiri\"],\"inLanguage\":\"en-GB\",\"potentialAction\":[{\"@type\":\"CommentAction\",\"name\":\"Comment\",\"target\":[\"https:\\\/\\\/buletin.de\\\/bucuresti\\\/reportaj-picnic-in-cenusa-si-birouri-cetatenesti-in-zona-retrocedata-din-parcul-ior\\\/#respond\"]}],\"copyrightYear\":\"2023\",\"copyrightHolder\":{\"@id\":\"https:\\\/\\\/buletin.de\\\/bucuresti\\\/#organization\"}},{\"@type\":\"WebPage\",\"@id\":\"https:\\\/\\\/buletin.de\\\/bucuresti\\\/reportaj-picnic-in-cenusa-si-birouri-cetatenesti-in-zona-retrocedata-din-parcul-ior\\\/\",\"url\":\"https:\\\/\\\/buletin.de\\\/bucuresti\\\/reportaj-picnic-in-cenusa-si-birouri-cetatenesti-in-zona-retrocedata-din-parcul-ior\\\/\",\"name\":\"REPORTAJ | \u201ePicnic \u00een cenu\u0219\u0103\\\" \u0219i \u201eBirouri cet\u0103\u021bene\u0219ti\\\", \u00een zona retrocedat\u0103 din Parcul IOR - Buletin de Bucure\u0219ti\",\"isPartOf\":{\"@id\":\"https:\\\/\\\/buletin.de\\\/bucuresti\\\/#website\"},\"primaryImageOfPage\":{\"@id\":\"https:\\\/\\\/buletin.de\\\/bucuresti\\\/reportaj-picnic-in-cenusa-si-birouri-cetatenesti-in-zona-retrocedata-din-parcul-ior\\\/#primaryimage\"},\"image\":{\"@id\":\"https:\\\/\\\/buletin.de\\\/bucuresti\\\/reportaj-picnic-in-cenusa-si-birouri-cetatenesti-in-zona-retrocedata-din-parcul-ior\\\/#primaryimage\"},\"thumbnailUrl\":\"https:\\\/\\\/buletin.de\\\/bucuresti\\\/wp-content\\\/uploads\\\/1000033878.jpg\",\"datePublished\":\"2023-09-10T12:09:20+00:00\",\"dateModified\":\"2023-10-02T12:04:43+00:00\",\"breadcrumb\":{\"@id\":\"https:\\\/\\\/buletin.de\\\/bucuresti\\\/reportaj-picnic-in-cenusa-si-birouri-cetatenesti-in-zona-retrocedata-din-parcul-ior\\\/#breadcrumb\"},\"inLanguage\":\"en-GB\",\"potentialAction\":[{\"@type\":\"ReadAction\",\"target\":[\"https:\\\/\\\/buletin.de\\\/bucuresti\\\/reportaj-picnic-in-cenusa-si-birouri-cetatenesti-in-zona-retrocedata-din-parcul-ior\\\/\"]}]},{\"@type\":\"ImageObject\",\"inLanguage\":\"en-GB\",\"@id\":\"https:\\\/\\\/buletin.de\\\/bucuresti\\\/reportaj-picnic-in-cenusa-si-birouri-cetatenesti-in-zona-retrocedata-din-parcul-ior\\\/#primaryimage\",\"url\":\"https:\\\/\\\/buletin.de\\\/bucuresti\\\/wp-content\\\/uploads\\\/1000033878.jpg\",\"contentUrl\":\"https:\\\/\\\/buletin.de\\\/bucuresti\\\/wp-content\\\/uploads\\\/1000033878.jpg\",\"width\":2000,\"height\":1500},{\"@type\":\"BreadcrumbList\",\"@id\":\"https:\\\/\\\/buletin.de\\\/bucuresti\\\/reportaj-picnic-in-cenusa-si-birouri-cetatenesti-in-zona-retrocedata-din-parcul-ior\\\/#breadcrumb\",\"itemListElement\":[{\"@type\":\"ListItem\",\"position\":1,\"name\":\"Acas\u0103\",\"item\":\"https:\\\/\\\/buletin.de\\\/bucuresti\\\/\"},{\"@type\":\"ListItem\",\"position\":2,\"name\":\"REPORTAJ | \u201ePicnic \u00een cenu\u0219\u0103&#8221; \u0219i \u201eBirouri cet\u0103\u021bene\u0219ti&#8221;, \u00een zona retrocedat\u0103 din Parcul IOR\"}]},{\"@type\":\"WebSite\",\"@id\":\"https:\\\/\\\/buletin.de\\\/bucuresti\\\/#website\",\"url\":\"https:\\\/\\\/buletin.de\\\/bucuresti\\\/\",\"name\":\"Buletin de Bucure\u0219ti\",\"description\":\"\u0218tiri \u0219i investiga\u021bii esen\u021biale din capital\u0103\",\"publisher\":{\"@id\":\"https:\\\/\\\/buletin.de\\\/bucuresti\\\/#organization\"},\"potentialAction\":[{\"@type\":\"SearchAction\",\"target\":{\"@type\":\"EntryPoint\",\"urlTemplate\":\"https:\\\/\\\/buletin.de\\\/bucuresti\\\/?s={search_term_string}\"},\"query-input\":{\"@type\":\"PropertyValueSpecification\",\"valueRequired\":true,\"valueName\":\"search_term_string\"}}],\"inLanguage\":\"en-GB\"},{\"@type\":\"Organization\",\"@id\":\"https:\\\/\\\/buletin.de\\\/bucuresti\\\/#organization\",\"name\":\"Buletin de Bucure\u0219ti\",\"url\":\"https:\\\/\\\/buletin.de\\\/bucuresti\\\/\",\"logo\":{\"@type\":\"ImageObject\",\"inLanguage\":\"en-GB\",\"@id\":\"https:\\\/\\\/buletin.de\\\/bucuresti\\\/#\\\/schema\\\/logo\\\/image\\\/\",\"url\":\"https:\\\/\\\/buletin.de\\\/bucuresti\\\/wp-content\\\/uploads\\\/logo-bdb-full-wide-vernil-transparent.png\",\"contentUrl\":\"https:\\\/\\\/buletin.de\\\/bucuresti\\\/wp-content\\\/uploads\\\/logo-bdb-full-wide-vernil-transparent.png\",\"width\":1782,\"height\":626,\"caption\":\"Buletin de Bucure\u0219ti\"},\"image\":{\"@id\":\"https:\\\/\\\/buletin.de\\\/bucuresti\\\/#\\\/schema\\\/logo\\\/image\\\/\"},\"sameAs\":[\"https:\\\/\\\/www.facebook.com\\\/buletin.de.buc\",\"https:\\\/\\\/www.instagram.com\\\/buletinde.bucuresti\\\/\"]},{\"@type\":\"Person\",\"@id\":\"https:\\\/\\\/buletin.de\\\/bucuresti\\\/#\\\/schema\\\/person\\\/ab174cf6711728e4ee83d672acf9a912\",\"name\":\"Adina C\u0103p\u00eelnean\",\"image\":{\"@type\":\"ImageObject\",\"inLanguage\":\"en-GB\",\"@id\":\"https:\\\/\\\/secure.gravatar.com\\\/avatar\\\/4fe9675d6282fd7c1aa4e486a037d532d5728fc16a30360f293eb6126b2e73ad?s=96&d=monsterid&r=ge2b23868508aec3460d3c6a11d3b599a\",\"url\":\"https:\\\/\\\/secure.gravatar.com\\\/avatar\\\/4fe9675d6282fd7c1aa4e486a037d532d5728fc16a30360f293eb6126b2e73ad?s=96&d=monsterid&r=g\",\"contentUrl\":\"https:\\\/\\\/secure.gravatar.com\\\/avatar\\\/4fe9675d6282fd7c1aa4e486a037d532d5728fc16a30360f293eb6126b2e73ad?s=96&d=monsterid&r=g\",\"caption\":\"Adina C\u0103p\u00eelnean\"},\"url\":\"https:\\\/\\\/buletin.de\\\/bucuresti\\\/author\\\/adinacapilnean\\\/\"}]}<\/script>\n<!-- \/ Yoast SEO Premium plugin. -->","yoast_head_json":{"title":"REPORTAJ | \u201ePicnic \u00een cenu\u0219\u0103\" \u0219i \u201eBirouri cet\u0103\u021bene\u0219ti\", \u00een zona retrocedat\u0103 din Parcul IOR - Buletin de Bucure\u0219ti","robots":{"index":"index","follow":"follow","max-snippet":"max-snippet:-1","max-image-preview":"max-image-preview:large","max-video-preview":"max-video-preview:-1"},"canonical":"https:\/\/buletin.de\/bucuresti\/reportaj-picnic-in-cenusa-si-birouri-cetatenesti-in-zona-retrocedata-din-parcul-ior\/","og_locale":"en_GB","og_type":"article","og_title":"REPORTAJ | \u201ePicnic \u00een cenu\u0219\u0103\" \u0219i \u201eBirouri cet\u0103\u021bene\u0219ti\", \u00een zona retrocedat\u0103 din Parcul IOR","og_description":"Ultimele incendii din parcul IOR (actual Alexandru Ioan Cuza) au generat un nou sentiment de urgen\u021b\u0103 \u0219i presiune \u00een r\u00e2ndul cet\u0103\u021benilor deja implica\u021bi \u00een povestea locului. Grupul de Ini\u021biativ\u0103 Civic\u0103 IOR &#8211; Titan, care a organizat protestul de la \u00eenceputul anului se lupt\u0103 deja \u00een instan\u021b\u0103, \u00een timp ce al\u021bi locuitori ai Bucure\u0219tiului, dar \u0219i [&hellip;]","og_url":"https:\/\/buletin.de\/bucuresti\/reportaj-picnic-in-cenusa-si-birouri-cetatenesti-in-zona-retrocedata-din-parcul-ior\/","og_site_name":"Buletin de Bucure\u0219ti","article_publisher":"https:\/\/www.facebook.com\/buletin.de.buc","article_published_time":"2023-09-10T12:09:20+00:00","article_modified_time":"2023-10-02T12:04:43+00:00","og_image":[{"width":2000,"height":1500,"url":"https:\/\/buletin.de\/bucuresti\/wp-content\/uploads\/1000033878.jpg","type":"image\/jpeg"}],"author":"Adina C\u0103p\u00eelnean","twitter_card":"summary_large_image","twitter_misc":{"Written by":"Adina C\u0103p\u00eelnean","Estimated reading time":"11 minutes"},"schema":{"@context":"https:\/\/schema.org","@graph":[{"@type":"Article","@id":"https:\/\/buletin.de\/bucuresti\/reportaj-picnic-in-cenusa-si-birouri-cetatenesti-in-zona-retrocedata-din-parcul-ior\/#article","isPartOf":{"@id":"https:\/\/buletin.de\/bucuresti\/reportaj-picnic-in-cenusa-si-birouri-cetatenesti-in-zona-retrocedata-din-parcul-ior\/"},"author":{"name":"Adina C\u0103p\u00eelnean","@id":"https:\/\/buletin.de\/bucuresti\/#\/schema\/person\/ab174cf6711728e4ee83d672acf9a912"},"headline":"REPORTAJ | \u201ePicnic \u00een cenu\u0219\u0103&#8221; \u0219i \u201eBirouri cet\u0103\u021bene\u0219ti&#8221;, \u00een zona retrocedat\u0103 din Parcul IOR","datePublished":"2023-09-10T12:09:20+00:00","dateModified":"2023-10-02T12:04:43+00:00","mainEntityOfPage":{"@id":"https:\/\/buletin.de\/bucuresti\/reportaj-picnic-in-cenusa-si-birouri-cetatenesti-in-zona-retrocedata-din-parcul-ior\/"},"wordCount":1690,"commentCount":0,"publisher":{"@id":"https:\/\/buletin.de\/bucuresti\/#organization"},"image":{"@id":"https:\/\/buletin.de\/bucuresti\/reportaj-picnic-in-cenusa-si-birouri-cetatenesti-in-zona-retrocedata-din-parcul-ior\/#primaryimage"},"thumbnailUrl":"https:\/\/buletin.de\/bucuresti\/wp-content\/uploads\/1000033878.jpg","keywords":["cenusa","incendiu","IOR","Parc","picnic","protest","retrocedata"],"articleSection":["Main","Reportaj","\u0218tiri"],"inLanguage":"en-GB","potentialAction":[{"@type":"CommentAction","name":"Comment","target":["https:\/\/buletin.de\/bucuresti\/reportaj-picnic-in-cenusa-si-birouri-cetatenesti-in-zona-retrocedata-din-parcul-ior\/#respond"]}],"copyrightYear":"2023","copyrightHolder":{"@id":"https:\/\/buletin.de\/bucuresti\/#organization"}},{"@type":"WebPage","@id":"https:\/\/buletin.de\/bucuresti\/reportaj-picnic-in-cenusa-si-birouri-cetatenesti-in-zona-retrocedata-din-parcul-ior\/","url":"https:\/\/buletin.de\/bucuresti\/reportaj-picnic-in-cenusa-si-birouri-cetatenesti-in-zona-retrocedata-din-parcul-ior\/","name":"REPORTAJ | \u201ePicnic \u00een cenu\u0219\u0103\" \u0219i \u201eBirouri cet\u0103\u021bene\u0219ti\", \u00een zona retrocedat\u0103 din Parcul IOR - Buletin de Bucure\u0219ti","isPartOf":{"@id":"https:\/\/buletin.de\/bucuresti\/#website"},"primaryImageOfPage":{"@id":"https:\/\/buletin.de\/bucuresti\/reportaj-picnic-in-cenusa-si-birouri-cetatenesti-in-zona-retrocedata-din-parcul-ior\/#primaryimage"},"image":{"@id":"https:\/\/buletin.de\/bucuresti\/reportaj-picnic-in-cenusa-si-birouri-cetatenesti-in-zona-retrocedata-din-parcul-ior\/#primaryimage"},"thumbnailUrl":"https:\/\/buletin.de\/bucuresti\/wp-content\/uploads\/1000033878.jpg","datePublished":"2023-09-10T12:09:20+00:00","dateModified":"2023-10-02T12:04:43+00:00","breadcrumb":{"@id":"https:\/\/buletin.de\/bucuresti\/reportaj-picnic-in-cenusa-si-birouri-cetatenesti-in-zona-retrocedata-din-parcul-ior\/#breadcrumb"},"inLanguage":"en-GB","potentialAction":[{"@type":"ReadAction","target":["https:\/\/buletin.de\/bucuresti\/reportaj-picnic-in-cenusa-si-birouri-cetatenesti-in-zona-retrocedata-din-parcul-ior\/"]}]},{"@type":"ImageObject","inLanguage":"en-GB","@id":"https:\/\/buletin.de\/bucuresti\/reportaj-picnic-in-cenusa-si-birouri-cetatenesti-in-zona-retrocedata-din-parcul-ior\/#primaryimage","url":"https:\/\/buletin.de\/bucuresti\/wp-content\/uploads\/1000033878.jpg","contentUrl":"https:\/\/buletin.de\/bucuresti\/wp-content\/uploads\/1000033878.jpg","width":2000,"height":1500},{"@type":"BreadcrumbList","@id":"https:\/\/buletin.de\/bucuresti\/reportaj-picnic-in-cenusa-si-birouri-cetatenesti-in-zona-retrocedata-din-parcul-ior\/#breadcrumb","itemListElement":[{"@type":"ListItem","position":1,"name":"Acas\u0103","item":"https:\/\/buletin.de\/bucuresti\/"},{"@type":"ListItem","position":2,"name":"REPORTAJ | \u201ePicnic \u00een cenu\u0219\u0103&#8221; \u0219i \u201eBirouri cet\u0103\u021bene\u0219ti&#8221;, \u00een zona retrocedat\u0103 din Parcul IOR"}]},{"@type":"WebSite","@id":"https:\/\/buletin.de\/bucuresti\/#website","url":"https:\/\/buletin.de\/bucuresti\/","name":"Buletin de Bucure\u0219ti","description":"\u0218tiri \u0219i investiga\u021bii esen\u021biale din capital\u0103","publisher":{"@id":"https:\/\/buletin.de\/bucuresti\/#organization"},"potentialAction":[{"@type":"SearchAction","target":{"@type":"EntryPoint","urlTemplate":"https:\/\/buletin.de\/bucuresti\/?s={search_term_string}"},"query-input":{"@type":"PropertyValueSpecification","valueRequired":true,"valueName":"search_term_string"}}],"inLanguage":"en-GB"},{"@type":"Organization","@id":"https:\/\/buletin.de\/bucuresti\/#organization","name":"Buletin de Bucure\u0219ti","url":"https:\/\/buletin.de\/bucuresti\/","logo":{"@type":"ImageObject","inLanguage":"en-GB","@id":"https:\/\/buletin.de\/bucuresti\/#\/schema\/logo\/image\/","url":"https:\/\/buletin.de\/bucuresti\/wp-content\/uploads\/logo-bdb-full-wide-vernil-transparent.png","contentUrl":"https:\/\/buletin.de\/bucuresti\/wp-content\/uploads\/logo-bdb-full-wide-vernil-transparent.png","width":1782,"height":626,"caption":"Buletin de Bucure\u0219ti"},"image":{"@id":"https:\/\/buletin.de\/bucuresti\/#\/schema\/logo\/image\/"},"sameAs":["https:\/\/www.facebook.com\/buletin.de.buc","https:\/\/www.instagram.com\/buletinde.bucuresti\/"]},{"@type":"Person","@id":"https:\/\/buletin.de\/bucuresti\/#\/schema\/person\/ab174cf6711728e4ee83d672acf9a912","name":"Adina C\u0103p\u00eelnean","image":{"@type":"ImageObject","inLanguage":"en-GB","@id":"https:\/\/secure.gravatar.com\/avatar\/4fe9675d6282fd7c1aa4e486a037d532d5728fc16a30360f293eb6126b2e73ad?s=96&d=monsterid&r=ge2b23868508aec3460d3c6a11d3b599a","url":"https:\/\/secure.gravatar.com\/avatar\/4fe9675d6282fd7c1aa4e486a037d532d5728fc16a30360f293eb6126b2e73ad?s=96&d=monsterid&r=g","contentUrl":"https:\/\/secure.gravatar.com\/avatar\/4fe9675d6282fd7c1aa4e486a037d532d5728fc16a30360f293eb6126b2e73ad?s=96&d=monsterid&r=g","caption":"Adina C\u0103p\u00eelnean"},"url":"https:\/\/buletin.de\/bucuresti\/author\/adinacapilnean\/"}]}},"authors":[{"term_id":22580,"user_id":47,"is_guest":0,"slug":"adinacapilnean","display_name":"Adina C\u0103p\u00eelnean","avatar_url":"https:\/\/secure.gravatar.com\/avatar\/4fe9675d6282fd7c1aa4e486a037d532d5728fc16a30360f293eb6126b2e73ad?s=96&d=monsterid&r=g","0":null,"1":"","2":"","3":"","4":"","5":"","6":"","7":"","8":""}],"_links":{"self":[{"href":"https:\/\/buletin.de\/bucuresti\/wp-json\/wp\/v2\/posts\/62418","targetHints":{"allow":["GET"]}}],"collection":[{"href":"https:\/\/buletin.de\/bucuresti\/wp-json\/wp\/v2\/posts"}],"about":[{"href":"https:\/\/buletin.de\/bucuresti\/wp-json\/wp\/v2\/types\/post"}],"author":[{"embeddable":true,"href":"https:\/\/buletin.de\/bucuresti\/wp-json\/wp\/v2\/users\/47"}],"replies":[{"embeddable":true,"href":"https:\/\/buletin.de\/bucuresti\/wp-json\/wp\/v2\/comments?post=62418"}],"version-history":[{"count":3,"href":"https:\/\/buletin.de\/bucuresti\/wp-json\/wp\/v2\/posts\/62418\/revisions"}],"predecessor-version":[{"id":65817,"href":"https:\/\/buletin.de\/bucuresti\/wp-json\/wp\/v2\/posts\/62418\/revisions\/65817"}],"wp:featuredmedia":[{"embeddable":true,"href":"https:\/\/buletin.de\/bucuresti\/wp-json\/wp\/v2\/media\/62423"}],"wp:attachment":[{"href":"https:\/\/buletin.de\/bucuresti\/wp-json\/wp\/v2\/media?parent=62418"}],"wp:term":[{"taxonomy":"category","embeddable":true,"href":"https:\/\/buletin.de\/bucuresti\/wp-json\/wp\/v2\/categories?post=62418"},{"taxonomy":"post_tag","embeddable":true,"href":"https:\/\/buletin.de\/bucuresti\/wp-json\/wp\/v2\/tags?post=62418"},{"taxonomy":"author","embeddable":true,"href":"https:\/\/buletin.de\/bucuresti\/wp-json\/wp\/v2\/ppma_author?post=62418"}],"curies":[{"name":"wp","href":"https:\/\/api.w.org\/{rel}","templated":true}]}}