{"id":62405,"date":"2023-09-10T12:09:56","date_gmt":"2023-09-10T10:09:56","guid":{"rendered":"https:\/\/buletin.de\/bucuresti\/editorial-jurnalul-adultului-miop-din-stbiii-mitocanul-de-tramvai-la-inceput-de-an-scolar\/"},"modified":"2023-09-10T12:09:56","modified_gmt":"2023-09-10T10:09:56","slug":"editorial-jurnalul-adultului-miop-din-stbiii-mitocanul-de-tramvai-la-inceput-de-an-scolar","status":"publish","type":"post","link":"https:\/\/buletin.de\/bucuresti\/editorial-jurnalul-adultului-miop-din-stbiii-mitocanul-de-tramvai-la-inceput-de-an-scolar\/","title":{"rendered":"EDITORIAL | Jurnalul adultului miop din STB(III): mitocanul de tramvai, la \u00eenceput de an \u0219colar"},"content":{"rendered":"\n<p>A plecat vacan\u021ba, cu trenul din Fran\u021ba&#8230; Sau cum era? A venit vacan\u021ba&#8230; <\/p>\n\n\n\n<p>Ei bine, vacan\u021ba s-a terminat \u0219i a \u00eenceput goana dup\u0103 cump\u0103r\u0103turi. C\u0103 trebuie s\u0103 \u00eembr\u0103c\u0103m copiii de \u0219coal\u0103. Nu \u00een\u021beleg de ce, dar asta e trendul. Cum las aceast\u0103 opera\u021biune pe ultima sut\u0103 de metri, ca \u0219i plecatul la mare, mi-am luat inima \u00een din\u021bi \u0219i am plecat s\u0103 iau c\u00e2te ceva.<\/p>\n\n\n\n<p>Magazine pline, p\u0103rin\u021bi plini de nervi, copii care se t\u0103v\u0103lesc pentru c\u0103 Ionel are aia \u0219i Gigel are ailalt\u0103! \u0218i vor \u0219i ei, nu? <\/p>\n\n\n\n<p>D-l Goe nu e numai \u00een tramvai, troleu sau autobuz. Nu! Este \u0219i la cump\u0103r\u0103turi!<\/p>\n\n\n\n<p>Aflu, cu stupoare, c\u0103 exist\u0103 ghiozdan cu telefon \u0219i touch screen, \u00eencorporate. Engage, ca-n Star Trek! Pre\u021bul este, pentru mul\u021bi, jum\u0103tate din salariul pe o lun\u0103. Nu un salariu astronomic, ci unul bun.<\/p>\n\n\n\n<p>\u00cen magazinul, de altfel mare, \u00een care m-am dus, oamenii nu \u0219i-au f\u0103cut datoria: nu exista a\u0219a ceva. D-l Goe, \u00eentr-o criz\u0103 de isterie, se adreseaz\u0103 mamei: <\/p>\n\n\n\n<p>&#8220;Eu cum merg la \u0219coal\u0103 f\u0103r\u0103 ghiozdanul \u0103sta, c\u0103 m\u0103 voi face face de r\u00e2s&#8221;?<\/p>\n\n\n\n<p>Mama, care nu a t\u0103iat cordonul ombilical, \u00eenc\u0103, ia la rost v\u00e2nz\u0103toarea: <\/p>\n\n\n\n<p>&#8220;Cu ce vre\u021bi voi s\u0103 face\u021bi v\u00e2nzare? Cu caiete \u0219i pixuri, de c\u00e2\u021biva lei&#8221;?<\/p>\n\n\n\n<p>V\u00e2nz\u0103toarea, v\u0103dit \u00eencurcat\u0103, \u00eei r\u0103spunde doamnei:<\/p>\n\n\n\n<p>\u201eNu avem pentru ca sunt foarte scumpe si nu credem ca se vor vinde\u201d.<\/p>\n\n\n\n<p> P\u0103i da, c\u0103 ne-am \u00eenv\u0103\u021bat s\u0103 cump\u0103r\u0103m ieftin, din pia\u021b\u0103, c\u00e2nd copilul merit\u0103 ce-i mai bun\u201d, r\u0103spunde stimabila concet\u0103\u021beanc\u0103.<\/p>\n\n\n\n<p>O mare de p\u0103rin\u021bi, cu co\u0219urile pline de caiete de 2,50 lei \u0219i pixuri de 17,50 lei, se uit\u0103 la&#8230; nimicurile cump\u0103rate, cu jen\u0103. Unii dintre noi s-au uitat la m\u0103mica noilor vremuri, c\u0103 poate apare vreo urm\u0103 de jen\u0103&#8230;<\/p>\n\n\n\n<p>C\u0103-i \u00een STB sau magazin, D-l Goe, mitocanul \u00een devenire, \u00ee\u0219i face num\u0103rul nestigherit. Este l\u0103sat s\u0103-\u0219i dezvolte personalitatea \u0219i abilit\u0103\u021bile, c\u0103lc\u00e2nd pe micile&#8230; &#8220;cadavre&#8221; ale celorlal\u021bi.<\/p>\n\n\n\n<p>Iar melodia de la telefonul mamei a sunat cam a\u0219a: \u201eA\u0219 da zile de la mineeeeeee&#8230;\u201d! Rom\u00e2nia educat\u0103 ne-a adus Star Trek pe um\u0103r \u0219i maneaua \u00een telefon. \u0218i ni-l serve\u0219te pe tav\u0103, \u00een fiecare zi, pe D-l Goe rebrenduit.<\/p>\n\n\n\n<p>FOTO: Inquam Photos \/\u00a0<a href=\"https:\/\/inquamphotos.com\/users\/georgecalin\">George\u00a0C\u0103lin<\/a><\/p>\n\n\n\n<p>CITE\u0218TE \u0218I<\/p>\n\n\n\n<figure class=\"wp-block-embed is-type-wp-embed is-provider-buletin-de-bucure\u0219ti wp-block-embed-buletin-de-bucure\u0219ti\"><div class=\"wp-block-embed__wrapper\">\n<blockquote class=\"wp-embedded-content\" data-secret=\"lBEQxDOnKA\"><a href=\"https:\/\/buletin.de\/bucuresti\/editorial-jurnalul-adultului-miop-din-stbi-mitocanul-de-tramvai\/\">EDITORIAL | Jurnalul adultului miop din STB(I):                       mitocanul de tramvai<\/a><\/blockquote><iframe class=\"wp-embedded-content\" sandbox=\"allow-scripts\" security=\"restricted\" style=\"position: absolute; clip: rect(1px, 1px, 1px, 1px);\" title=\"&#8220;EDITORIAL | Jurnalul adultului miop din STB(I):                       mitocanul de tramvai&#8221; &#8212; Buletin de Bucure\u0219ti\" src=\"https:\/\/buletin.de\/bucuresti\/editorial-jurnalul-adultului-miop-din-stbi-mitocanul-de-tramvai\/embed\/#?secret=oFH0pw4XbB#?secret=lBEQxDOnKA\" data-secret=\"lBEQxDOnKA\" width=\"600\" height=\"338\" frameborder=\"0\" marginwidth=\"0\" marginheight=\"0\" scrolling=\"no\"><\/iframe>\n<\/div><\/figure>\n\n\n\n<figure class=\"wp-block-embed is-type-wp-embed is-provider-buletin-de-bucure\u0219ti wp-block-embed-buletin-de-bucure\u0219ti\"><div class=\"wp-block-embed__wrapper\">\n<blockquote class=\"wp-embedded-content\" data-secret=\"YAjwtTDXQC\"><a href=\"https:\/\/buletin.de\/bucuresti\/editorial-jurnalul-adultului-miop-din-stbii-mitocanul-de-tramvai\/\">EDITORIAL | Jurnalul adultului miop din STB(II): mitocanul de tramvai<\/a><\/blockquote><iframe class=\"wp-embedded-content\" sandbox=\"allow-scripts\" security=\"restricted\" style=\"position: absolute; clip: rect(1px, 1px, 1px, 1px);\" title=\"&#8220;EDITORIAL | Jurnalul adultului miop din STB(II): mitocanul de tramvai&#8221; &#8212; Buletin de Bucure\u0219ti\" src=\"https:\/\/buletin.de\/bucuresti\/editorial-jurnalul-adultului-miop-din-stbii-mitocanul-de-tramvai\/embed\/#?secret=XkXSKSTWiT#?secret=YAjwtTDXQC\" data-secret=\"YAjwtTDXQC\" width=\"600\" height=\"338\" frameborder=\"0\" marginwidth=\"0\" marginheight=\"0\" scrolling=\"no\"><\/iframe>\n<\/div><\/figure>\n","protected":false},"excerpt":{"rendered":"<p>A plecat vacan\u021ba, cu trenul din Fran\u021ba&#8230; Sau cum era? A venit vacan\u021ba&#8230; Ei bine, vacan\u021ba s-a terminat \u0219i a \u00eenceput goana dup\u0103 cump\u0103r\u0103turi. C\u0103 trebuie s\u0103 \u00eembr\u0103c\u0103m copiii de \u0219coal\u0103. Nu \u00een\u021beleg de ce, dar asta e trendul. Cum las aceast\u0103 opera\u021biune pe ultima sut\u0103 de metri, ca \u0219i plecatul la mare, mi-am luat [&hellip;]<\/p>\n","protected":false},"author":49,"featured_media":62406,"comment_status":"open","ping_status":"open","sticky":false,"template":"","format":"standard","meta":{"_acf_changed":false,"inline_featured_image":false,"ngg_post_thumbnail":0,"footnotes":""},"categories":[41,5762,62],"tags":[6906,6907,564],"ppma_author":[22574],"class_list":["post-62405","post","type-post","status-publish","format-standard","has-post-thumbnail","hentry","category-editorial","category-main","category-stiri","tag-ghiozdan","tag-mitocan","tag-tramvai"],"acf":[],"yoast_head":"<!-- This site is optimized with the Yoast SEO Premium plugin v25.3 (Yoast SEO v27.5) - https:\/\/yoast.com\/product\/yoast-seo-premium-wordpress\/ -->\n<title>EDITORIAL | Jurnalul adultului miop din STB(III): mitocanul de tramvai, la \u00eenceput de an \u0219colar - Buletin de Bucure\u0219ti<\/title>\n<meta name=\"robots\" content=\"index, follow, max-snippet:-1, max-image-preview:large, max-video-preview:-1\" \/>\n<link rel=\"canonical\" href=\"https:\/\/buletin.de\/bucuresti\/editorial-jurnalul-adultului-miop-din-stbiii-mitocanul-de-tramvai-la-inceput-de-an-scolar\/\" \/>\n<meta property=\"og:locale\" content=\"en_GB\" \/>\n<meta property=\"og:type\" content=\"article\" \/>\n<meta property=\"og:title\" content=\"EDITORIAL | Jurnalul adultului miop din STB(III): mitocanul de tramvai, la \u00eenceput de an \u0219colar\" \/>\n<meta property=\"og:description\" content=\"A plecat vacan\u021ba, cu trenul din Fran\u021ba&#8230; Sau cum era? A venit vacan\u021ba&#8230; Ei bine, vacan\u021ba s-a terminat \u0219i a \u00eenceput goana dup\u0103 cump\u0103r\u0103turi. C\u0103 trebuie s\u0103 \u00eembr\u0103c\u0103m copiii de \u0219coal\u0103. Nu \u00een\u021beleg de ce, dar asta e trendul. Cum las aceast\u0103 opera\u021biune pe ultima sut\u0103 de metri, ca \u0219i plecatul la mare, mi-am luat [&hellip;]\" \/>\n<meta property=\"og:url\" content=\"https:\/\/buletin.de\/bucuresti\/editorial-jurnalul-adultului-miop-din-stbiii-mitocanul-de-tramvai-la-inceput-de-an-scolar\/\" \/>\n<meta property=\"og:site_name\" content=\"Buletin de Bucure\u0219ti\" \/>\n<meta property=\"article:publisher\" content=\"https:\/\/www.facebook.com\/buletin.de.buc\" \/>\n<meta property=\"article:published_time\" content=\"2023-09-10T10:09:56+00:00\" \/>\n<meta property=\"og:image\" content=\"https:\/\/buletin.de\/bucuresti\/wp-content\/uploads\/ID120339_INQUAM_Photos_George_Calin.jpg\" \/>\n\t<meta property=\"og:image:width\" content=\"2000\" \/>\n\t<meta property=\"og:image:height\" content=\"1333\" \/>\n\t<meta property=\"og:image:type\" content=\"image\/jpeg\" \/>\n<meta name=\"author\" content=\"Diana Matei\" \/>\n<meta name=\"twitter:card\" content=\"summary_large_image\" \/>\n<meta name=\"twitter:label1\" content=\"Written by\" \/>\n\t<meta name=\"twitter:data1\" content=\"Diana Matei\" \/>\n\t<meta name=\"twitter:label2\" content=\"Estimated reading time\" \/>\n\t<meta name=\"twitter:data2\" content=\"2 minutes\" \/>\n<script type=\"application\/ld+json\" class=\"yoast-schema-graph\">{\"@context\":\"https:\\\/\\\/schema.org\",\"@graph\":[{\"@type\":\"Article\",\"@id\":\"https:\\\/\\\/buletin.de\\\/bucuresti\\\/editorial-jurnalul-adultului-miop-din-stbiii-mitocanul-de-tramvai-la-inceput-de-an-scolar\\\/#article\",\"isPartOf\":{\"@id\":\"https:\\\/\\\/buletin.de\\\/bucuresti\\\/editorial-jurnalul-adultului-miop-din-stbiii-mitocanul-de-tramvai-la-inceput-de-an-scolar\\\/\"},\"author\":{\"name\":\"Diana Matei\",\"@id\":\"https:\\\/\\\/buletin.de\\\/bucuresti\\\/#\\\/schema\\\/person\\\/7e46040573290777280a0835d81ea4ea\"},\"headline\":\"EDITORIAL | Jurnalul adultului miop din STB(III): mitocanul de tramvai, la \u00eenceput de an \u0219colar\",\"datePublished\":\"2023-09-10T10:09:56+00:00\",\"mainEntityOfPage\":{\"@id\":\"https:\\\/\\\/buletin.de\\\/bucuresti\\\/editorial-jurnalul-adultului-miop-din-stbiii-mitocanul-de-tramvai-la-inceput-de-an-scolar\\\/\"},\"wordCount\":444,\"commentCount\":0,\"publisher\":{\"@id\":\"https:\\\/\\\/buletin.de\\\/bucuresti\\\/#organization\"},\"image\":{\"@id\":\"https:\\\/\\\/buletin.de\\\/bucuresti\\\/editorial-jurnalul-adultului-miop-din-stbiii-mitocanul-de-tramvai-la-inceput-de-an-scolar\\\/#primaryimage\"},\"thumbnailUrl\":\"https:\\\/\\\/buletin.de\\\/bucuresti\\\/wp-content\\\/uploads\\\/ID120339_INQUAM_Photos_George_Calin.jpg\",\"keywords\":[\"ghiozdan\",\"mitocan\",\"tramvai\"],\"articleSection\":[\"Editorial\",\"Main\",\"\u0218tiri\"],\"inLanguage\":\"en-GB\",\"potentialAction\":[{\"@type\":\"CommentAction\",\"name\":\"Comment\",\"target\":[\"https:\\\/\\\/buletin.de\\\/bucuresti\\\/editorial-jurnalul-adultului-miop-din-stbiii-mitocanul-de-tramvai-la-inceput-de-an-scolar\\\/#respond\"]}],\"copyrightYear\":\"2023\",\"copyrightHolder\":{\"@id\":\"https:\\\/\\\/buletin.de\\\/bucuresti\\\/#organization\"}},{\"@type\":\"WebPage\",\"@id\":\"https:\\\/\\\/buletin.de\\\/bucuresti\\\/editorial-jurnalul-adultului-miop-din-stbiii-mitocanul-de-tramvai-la-inceput-de-an-scolar\\\/\",\"url\":\"https:\\\/\\\/buletin.de\\\/bucuresti\\\/editorial-jurnalul-adultului-miop-din-stbiii-mitocanul-de-tramvai-la-inceput-de-an-scolar\\\/\",\"name\":\"EDITORIAL | Jurnalul adultului miop din STB(III): mitocanul de tramvai, la \u00eenceput de an \u0219colar - Buletin de Bucure\u0219ti\",\"isPartOf\":{\"@id\":\"https:\\\/\\\/buletin.de\\\/bucuresti\\\/#website\"},\"primaryImageOfPage\":{\"@id\":\"https:\\\/\\\/buletin.de\\\/bucuresti\\\/editorial-jurnalul-adultului-miop-din-stbiii-mitocanul-de-tramvai-la-inceput-de-an-scolar\\\/#primaryimage\"},\"image\":{\"@id\":\"https:\\\/\\\/buletin.de\\\/bucuresti\\\/editorial-jurnalul-adultului-miop-din-stbiii-mitocanul-de-tramvai-la-inceput-de-an-scolar\\\/#primaryimage\"},\"thumbnailUrl\":\"https:\\\/\\\/buletin.de\\\/bucuresti\\\/wp-content\\\/uploads\\\/ID120339_INQUAM_Photos_George_Calin.jpg\",\"datePublished\":\"2023-09-10T10:09:56+00:00\",\"breadcrumb\":{\"@id\":\"https:\\\/\\\/buletin.de\\\/bucuresti\\\/editorial-jurnalul-adultului-miop-din-stbiii-mitocanul-de-tramvai-la-inceput-de-an-scolar\\\/#breadcrumb\"},\"inLanguage\":\"en-GB\",\"potentialAction\":[{\"@type\":\"ReadAction\",\"target\":[\"https:\\\/\\\/buletin.de\\\/bucuresti\\\/editorial-jurnalul-adultului-miop-din-stbiii-mitocanul-de-tramvai-la-inceput-de-an-scolar\\\/\"]}]},{\"@type\":\"ImageObject\",\"inLanguage\":\"en-GB\",\"@id\":\"https:\\\/\\\/buletin.de\\\/bucuresti\\\/editorial-jurnalul-adultului-miop-din-stbiii-mitocanul-de-tramvai-la-inceput-de-an-scolar\\\/#primaryimage\",\"url\":\"https:\\\/\\\/buletin.de\\\/bucuresti\\\/wp-content\\\/uploads\\\/ID120339_INQUAM_Photos_George_Calin.jpg\",\"contentUrl\":\"https:\\\/\\\/buletin.de\\\/bucuresti\\\/wp-content\\\/uploads\\\/ID120339_INQUAM_Photos_George_Calin.jpg\",\"width\":2000,\"height\":1333},{\"@type\":\"BreadcrumbList\",\"@id\":\"https:\\\/\\\/buletin.de\\\/bucuresti\\\/editorial-jurnalul-adultului-miop-din-stbiii-mitocanul-de-tramvai-la-inceput-de-an-scolar\\\/#breadcrumb\",\"itemListElement\":[{\"@type\":\"ListItem\",\"position\":1,\"name\":\"Acas\u0103\",\"item\":\"https:\\\/\\\/buletin.de\\\/bucuresti\\\/\"},{\"@type\":\"ListItem\",\"position\":2,\"name\":\"EDITORIAL | Jurnalul adultului miop din STB(III): mitocanul de tramvai, la \u00eenceput de an \u0219colar\"}]},{\"@type\":\"WebSite\",\"@id\":\"https:\\\/\\\/buletin.de\\\/bucuresti\\\/#website\",\"url\":\"https:\\\/\\\/buletin.de\\\/bucuresti\\\/\",\"name\":\"Buletin de Bucure\u0219ti\",\"description\":\"\u0218tiri \u0219i investiga\u021bii esen\u021biale din capital\u0103\",\"publisher\":{\"@id\":\"https:\\\/\\\/buletin.de\\\/bucuresti\\\/#organization\"},\"potentialAction\":[{\"@type\":\"SearchAction\",\"target\":{\"@type\":\"EntryPoint\",\"urlTemplate\":\"https:\\\/\\\/buletin.de\\\/bucuresti\\\/?s={search_term_string}\"},\"query-input\":{\"@type\":\"PropertyValueSpecification\",\"valueRequired\":true,\"valueName\":\"search_term_string\"}}],\"inLanguage\":\"en-GB\"},{\"@type\":\"Organization\",\"@id\":\"https:\\\/\\\/buletin.de\\\/bucuresti\\\/#organization\",\"name\":\"Buletin de Bucure\u0219ti\",\"url\":\"https:\\\/\\\/buletin.de\\\/bucuresti\\\/\",\"logo\":{\"@type\":\"ImageObject\",\"inLanguage\":\"en-GB\",\"@id\":\"https:\\\/\\\/buletin.de\\\/bucuresti\\\/#\\\/schema\\\/logo\\\/image\\\/\",\"url\":\"https:\\\/\\\/buletin.de\\\/bucuresti\\\/wp-content\\\/uploads\\\/logo-bdb-full-wide-vernil-transparent.png\",\"contentUrl\":\"https:\\\/\\\/buletin.de\\\/bucuresti\\\/wp-content\\\/uploads\\\/logo-bdb-full-wide-vernil-transparent.png\",\"width\":1782,\"height\":626,\"caption\":\"Buletin de Bucure\u0219ti\"},\"image\":{\"@id\":\"https:\\\/\\\/buletin.de\\\/bucuresti\\\/#\\\/schema\\\/logo\\\/image\\\/\"},\"sameAs\":[\"https:\\\/\\\/www.facebook.com\\\/buletin.de.buc\",\"https:\\\/\\\/www.instagram.com\\\/buletinde.bucuresti\\\/\"]},{\"@type\":\"Person\",\"@id\":\"https:\\\/\\\/buletin.de\\\/bucuresti\\\/#\\\/schema\\\/person\\\/7e46040573290777280a0835d81ea4ea\",\"name\":\"Diana Matei\",\"image\":{\"@type\":\"ImageObject\",\"inLanguage\":\"en-GB\",\"@id\":\"https:\\\/\\\/buletin.de\\\/bucuresti\\\/wp-content\\\/uploads\\\/9-2-96x96.jpg1e8590b30871d70e62ebcdaf2eff570c\",\"url\":\"https:\\\/\\\/buletin.de\\\/bucuresti\\\/wp-content\\\/uploads\\\/9-2-96x96.jpg\",\"contentUrl\":\"https:\\\/\\\/buletin.de\\\/bucuresti\\\/wp-content\\\/uploads\\\/9-2-96x96.jpg\",\"caption\":\"Diana Matei\"},\"url\":\"https:\\\/\\\/buletin.de\\\/bucuresti\\\/author\\\/dianamatei\\\/\"}]}<\/script>\n<!-- \/ Yoast SEO Premium plugin. -->","yoast_head_json":{"title":"EDITORIAL | Jurnalul adultului miop din STB(III): mitocanul de tramvai, la \u00eenceput de an \u0219colar - Buletin de Bucure\u0219ti","robots":{"index":"index","follow":"follow","max-snippet":"max-snippet:-1","max-image-preview":"max-image-preview:large","max-video-preview":"max-video-preview:-1"},"canonical":"https:\/\/buletin.de\/bucuresti\/editorial-jurnalul-adultului-miop-din-stbiii-mitocanul-de-tramvai-la-inceput-de-an-scolar\/","og_locale":"en_GB","og_type":"article","og_title":"EDITORIAL | Jurnalul adultului miop din STB(III): mitocanul de tramvai, la \u00eenceput de an \u0219colar","og_description":"A plecat vacan\u021ba, cu trenul din Fran\u021ba&#8230; Sau cum era? A venit vacan\u021ba&#8230; Ei bine, vacan\u021ba s-a terminat \u0219i a \u00eenceput goana dup\u0103 cump\u0103r\u0103turi. C\u0103 trebuie s\u0103 \u00eembr\u0103c\u0103m copiii de \u0219coal\u0103. Nu \u00een\u021beleg de ce, dar asta e trendul. Cum las aceast\u0103 opera\u021biune pe ultima sut\u0103 de metri, ca \u0219i plecatul la mare, mi-am luat [&hellip;]","og_url":"https:\/\/buletin.de\/bucuresti\/editorial-jurnalul-adultului-miop-din-stbiii-mitocanul-de-tramvai-la-inceput-de-an-scolar\/","og_site_name":"Buletin de Bucure\u0219ti","article_publisher":"https:\/\/www.facebook.com\/buletin.de.buc","article_published_time":"2023-09-10T10:09:56+00:00","og_image":[{"width":2000,"height":1333,"url":"https:\/\/buletin.de\/bucuresti\/wp-content\/uploads\/ID120339_INQUAM_Photos_George_Calin.jpg","type":"image\/jpeg"}],"author":"Diana Matei","twitter_card":"summary_large_image","twitter_misc":{"Written by":"Diana Matei","Estimated reading time":"2 minutes"},"schema":{"@context":"https:\/\/schema.org","@graph":[{"@type":"Article","@id":"https:\/\/buletin.de\/bucuresti\/editorial-jurnalul-adultului-miop-din-stbiii-mitocanul-de-tramvai-la-inceput-de-an-scolar\/#article","isPartOf":{"@id":"https:\/\/buletin.de\/bucuresti\/editorial-jurnalul-adultului-miop-din-stbiii-mitocanul-de-tramvai-la-inceput-de-an-scolar\/"},"author":{"name":"Diana Matei","@id":"https:\/\/buletin.de\/bucuresti\/#\/schema\/person\/7e46040573290777280a0835d81ea4ea"},"headline":"EDITORIAL | Jurnalul adultului miop din STB(III): mitocanul de tramvai, la \u00eenceput de an \u0219colar","datePublished":"2023-09-10T10:09:56+00:00","mainEntityOfPage":{"@id":"https:\/\/buletin.de\/bucuresti\/editorial-jurnalul-adultului-miop-din-stbiii-mitocanul-de-tramvai-la-inceput-de-an-scolar\/"},"wordCount":444,"commentCount":0,"publisher":{"@id":"https:\/\/buletin.de\/bucuresti\/#organization"},"image":{"@id":"https:\/\/buletin.de\/bucuresti\/editorial-jurnalul-adultului-miop-din-stbiii-mitocanul-de-tramvai-la-inceput-de-an-scolar\/#primaryimage"},"thumbnailUrl":"https:\/\/buletin.de\/bucuresti\/wp-content\/uploads\/ID120339_INQUAM_Photos_George_Calin.jpg","keywords":["ghiozdan","mitocan","tramvai"],"articleSection":["Editorial","Main","\u0218tiri"],"inLanguage":"en-GB","potentialAction":[{"@type":"CommentAction","name":"Comment","target":["https:\/\/buletin.de\/bucuresti\/editorial-jurnalul-adultului-miop-din-stbiii-mitocanul-de-tramvai-la-inceput-de-an-scolar\/#respond"]}],"copyrightYear":"2023","copyrightHolder":{"@id":"https:\/\/buletin.de\/bucuresti\/#organization"}},{"@type":"WebPage","@id":"https:\/\/buletin.de\/bucuresti\/editorial-jurnalul-adultului-miop-din-stbiii-mitocanul-de-tramvai-la-inceput-de-an-scolar\/","url":"https:\/\/buletin.de\/bucuresti\/editorial-jurnalul-adultului-miop-din-stbiii-mitocanul-de-tramvai-la-inceput-de-an-scolar\/","name":"EDITORIAL | Jurnalul adultului miop din STB(III): mitocanul de tramvai, la \u00eenceput de an \u0219colar - Buletin de Bucure\u0219ti","isPartOf":{"@id":"https:\/\/buletin.de\/bucuresti\/#website"},"primaryImageOfPage":{"@id":"https:\/\/buletin.de\/bucuresti\/editorial-jurnalul-adultului-miop-din-stbiii-mitocanul-de-tramvai-la-inceput-de-an-scolar\/#primaryimage"},"image":{"@id":"https:\/\/buletin.de\/bucuresti\/editorial-jurnalul-adultului-miop-din-stbiii-mitocanul-de-tramvai-la-inceput-de-an-scolar\/#primaryimage"},"thumbnailUrl":"https:\/\/buletin.de\/bucuresti\/wp-content\/uploads\/ID120339_INQUAM_Photos_George_Calin.jpg","datePublished":"2023-09-10T10:09:56+00:00","breadcrumb":{"@id":"https:\/\/buletin.de\/bucuresti\/editorial-jurnalul-adultului-miop-din-stbiii-mitocanul-de-tramvai-la-inceput-de-an-scolar\/#breadcrumb"},"inLanguage":"en-GB","potentialAction":[{"@type":"ReadAction","target":["https:\/\/buletin.de\/bucuresti\/editorial-jurnalul-adultului-miop-din-stbiii-mitocanul-de-tramvai-la-inceput-de-an-scolar\/"]}]},{"@type":"ImageObject","inLanguage":"en-GB","@id":"https:\/\/buletin.de\/bucuresti\/editorial-jurnalul-adultului-miop-din-stbiii-mitocanul-de-tramvai-la-inceput-de-an-scolar\/#primaryimage","url":"https:\/\/buletin.de\/bucuresti\/wp-content\/uploads\/ID120339_INQUAM_Photos_George_Calin.jpg","contentUrl":"https:\/\/buletin.de\/bucuresti\/wp-content\/uploads\/ID120339_INQUAM_Photos_George_Calin.jpg","width":2000,"height":1333},{"@type":"BreadcrumbList","@id":"https:\/\/buletin.de\/bucuresti\/editorial-jurnalul-adultului-miop-din-stbiii-mitocanul-de-tramvai-la-inceput-de-an-scolar\/#breadcrumb","itemListElement":[{"@type":"ListItem","position":1,"name":"Acas\u0103","item":"https:\/\/buletin.de\/bucuresti\/"},{"@type":"ListItem","position":2,"name":"EDITORIAL | Jurnalul adultului miop din STB(III): mitocanul de tramvai, la \u00eenceput de an \u0219colar"}]},{"@type":"WebSite","@id":"https:\/\/buletin.de\/bucuresti\/#website","url":"https:\/\/buletin.de\/bucuresti\/","name":"Buletin de Bucure\u0219ti","description":"\u0218tiri \u0219i investiga\u021bii esen\u021biale din capital\u0103","publisher":{"@id":"https:\/\/buletin.de\/bucuresti\/#organization"},"potentialAction":[{"@type":"SearchAction","target":{"@type":"EntryPoint","urlTemplate":"https:\/\/buletin.de\/bucuresti\/?s={search_term_string}"},"query-input":{"@type":"PropertyValueSpecification","valueRequired":true,"valueName":"search_term_string"}}],"inLanguage":"en-GB"},{"@type":"Organization","@id":"https:\/\/buletin.de\/bucuresti\/#organization","name":"Buletin de Bucure\u0219ti","url":"https:\/\/buletin.de\/bucuresti\/","logo":{"@type":"ImageObject","inLanguage":"en-GB","@id":"https:\/\/buletin.de\/bucuresti\/#\/schema\/logo\/image\/","url":"https:\/\/buletin.de\/bucuresti\/wp-content\/uploads\/logo-bdb-full-wide-vernil-transparent.png","contentUrl":"https:\/\/buletin.de\/bucuresti\/wp-content\/uploads\/logo-bdb-full-wide-vernil-transparent.png","width":1782,"height":626,"caption":"Buletin de Bucure\u0219ti"},"image":{"@id":"https:\/\/buletin.de\/bucuresti\/#\/schema\/logo\/image\/"},"sameAs":["https:\/\/www.facebook.com\/buletin.de.buc","https:\/\/www.instagram.com\/buletinde.bucuresti\/"]},{"@type":"Person","@id":"https:\/\/buletin.de\/bucuresti\/#\/schema\/person\/7e46040573290777280a0835d81ea4ea","name":"Diana Matei","image":{"@type":"ImageObject","inLanguage":"en-GB","@id":"https:\/\/buletin.de\/bucuresti\/wp-content\/uploads\/9-2-96x96.jpg1e8590b30871d70e62ebcdaf2eff570c","url":"https:\/\/buletin.de\/bucuresti\/wp-content\/uploads\/9-2-96x96.jpg","contentUrl":"https:\/\/buletin.de\/bucuresti\/wp-content\/uploads\/9-2-96x96.jpg","caption":"Diana Matei"},"url":"https:\/\/buletin.de\/bucuresti\/author\/dianamatei\/"}]}},"authors":[{"term_id":22574,"user_id":49,"is_guest":0,"slug":"dianamatei","display_name":"Diana Matei","avatar_url":"https:\/\/buletin.de\/bucuresti\/wp-content\/uploads\/9-2-96x96.jpg","0":null,"1":"","2":"","3":"","4":"","5":"","6":"","7":"","8":""}],"_links":{"self":[{"href":"https:\/\/buletin.de\/bucuresti\/wp-json\/wp\/v2\/posts\/62405","targetHints":{"allow":["GET"]}}],"collection":[{"href":"https:\/\/buletin.de\/bucuresti\/wp-json\/wp\/v2\/posts"}],"about":[{"href":"https:\/\/buletin.de\/bucuresti\/wp-json\/wp\/v2\/types\/post"}],"author":[{"embeddable":true,"href":"https:\/\/buletin.de\/bucuresti\/wp-json\/wp\/v2\/users\/49"}],"replies":[{"embeddable":true,"href":"https:\/\/buletin.de\/bucuresti\/wp-json\/wp\/v2\/comments?post=62405"}],"version-history":[{"count":0,"href":"https:\/\/buletin.de\/bucuresti\/wp-json\/wp\/v2\/posts\/62405\/revisions"}],"wp:featuredmedia":[{"embeddable":true,"href":"https:\/\/buletin.de\/bucuresti\/wp-json\/wp\/v2\/media\/62406"}],"wp:attachment":[{"href":"https:\/\/buletin.de\/bucuresti\/wp-json\/wp\/v2\/media?parent=62405"}],"wp:term":[{"taxonomy":"category","embeddable":true,"href":"https:\/\/buletin.de\/bucuresti\/wp-json\/wp\/v2\/categories?post=62405"},{"taxonomy":"post_tag","embeddable":true,"href":"https:\/\/buletin.de\/bucuresti\/wp-json\/wp\/v2\/tags?post=62405"},{"taxonomy":"author","embeddable":true,"href":"https:\/\/buletin.de\/bucuresti\/wp-json\/wp\/v2\/ppma_author?post=62405"}],"curies":[{"name":"wp","href":"https:\/\/api.w.org\/{rel}","templated":true}]}}