{"id":62330,"date":"2023-09-06T03:10:11","date_gmt":"2023-09-06T01:10:11","guid":{"rendered":"https:\/\/buletin.de\/bucuresti\/pasajul-doamna-ghica-va-fi-deschis-circulatiei-joi-structura-monitorizata-in-timp-real-de-specialistii-de-la-facultatea-de-constructii\/"},"modified":"2023-09-18T13:56:56","modified_gmt":"2023-09-18T11:56:56","slug":"pasajul-doamna-ghica-va-fi-deschis-circulatiei-joi-structura-monitorizata-in-timp-real-de-specialistii-de-la-facultatea-de-constructii","status":"publish","type":"post","link":"https:\/\/buletin.de\/bucuresti\/pasajul-doamna-ghica-va-fi-deschis-circulatiei-joi-structura-monitorizata-in-timp-real-de-specialistii-de-la-facultatea-de-constructii\/","title":{"rendered":"Pasajul Doamna Ghica va fi deschis circula\u021biei joi. Structura, monitorizat\u0103 \u00een timp real de speciali\u0219tii de la Facultatea de Construc\u021bii"},"content":{"rendered":"\n<p><strong>Pasajul Doamna Ghica va fi deschis circula\u021biei joi diminea\u021b\u0103, dup\u0103 ce zilele acestea au fost efectuate o serie de teste de rezisten\u021b\u0103. Locuitorii din zon\u0103 au fost notifica\u021bi de Poli\u021bia Local\u0103 cu privire la amenzile care pot fi date dac\u0103 nu se respect\u0103 regulile de parcare din zon\u0103.<\/strong><\/p>\n\n\n\n<p><strong>\u201c<\/strong><em>Pentru un pasaj cu structura metalic\u0103, vibra\u021biile sunt unul dintre detaliile cele mai importante. Detalii care, dac\u0103 nu sunt monitorizate cu aten\u021bie, pot duce la tragedii. S-au m\u0103surat azi vibra\u021bii la 10, 30, 50, 70km\/h. A ie\u0219it bine. Sistemul de senzori este cuplat direct la Facultatea de Construc\u021bii, \u0219i va da posibilitatea studen\u021bilor \u0219i profesorilor s\u0103 studieze pe date reale cum se comport\u0103 \u00een timp real o astfel de structur\u0103. Este un win-win, pentru c\u0103, pe l\u00e2ng\u0103 valoarea enorm\u0103 academica, pasajul are astfel parte de monitorizare constant\u0103<\/em>\u201d, declara s\u0103pt\u0103m\u00e2na trecut\u0103 Radu Mihai, primarul Sectorului 2.<\/p>\n\n\n\n<p>Cu ocazia inaugur\u0103rii programat\u0103 pentru joi, 7 septembrie, locuitorii din zon\u0103 au fost notifica\u021bi deja de Poli\u021bia Local\u0103 cu privire la amenzile care pot fi date dac\u0103 cu se respecta regulile de parcare din zon\u0103.<\/p>\n\n\n\n<figure class=\"wp-block-image size-large is-resized\"><img fetchpriority=\"high\" decoding=\"async\" src=\"data:image\/gif;base64,R0lGODlhAQABAAAAACH5BAEKAAEALAAAAAABAAEAAAICTAEAOw==\" data-src=\"https:\/\/buletin.de\/bucuresti\/wp-content\/uploads\/375049651_294504636523406_7515166413208624665_n-edited-1.jpg\" alt=\"\" class=\"wp-image-64143 lazyload\" style=\"width:847px;height:565px\" width=\"847\" height=\"565\"\/><\/figure>\n\n\n\n<p>Pasajul Doamna Ghica este construit de Prim\u0103ria Municipiului Bucure\u0219ti \u00een colaborare cu Prim\u0103ria Sectorului 2 \u0219i este un proiect menit s\u0103 fluidizeze traficul din zon\u0103.<\/p>\n\n\n\n<p>Lucr\u0103rile la Pasajul Doamna Ghica au fost \u00eencepute \u00een anul 2018. Cu toate c\u0103 acestea ar fi trebuit s\u0103 fie terminat \u00een 2020,&nbsp;<a href=\"https:\/\/buletin.de\/bucuresti\/nicusor-dan-la-inceputul-toamnei-se-va-circula-pe-pasajul-doamna-ghica\/\" target=\"_blank\" rel=\"noreferrer noopener\"><strong>termenul nu a fost respectat.<\/strong><\/a><\/p>\n\n\n\n<p>Pasajul Doamna Ghica are o lungime total\u0103 de 216 metri \u0219i urmeaz\u0103 s\u0103 fie prev\u0103zut cu dou\u0103 benzi pe fiecare sens de mers. Realizarea acestui proiect de infrastructur\u0103 a costat peste 110 milioane de lei, f\u0103r\u0103 TVA.<\/p>\n\n\n\n<p>FOTO: Inquam Photos \/&nbsp;<a href=\"https:\/\/inquamphotos.com\/users\/georgecalin\">George&nbsp;C\u0103lin<\/a><\/p>\n","protected":false},"excerpt":{"rendered":"<p>Pasajul Doamna Ghica va fi deschis circula\u021biei joi diminea\u021b\u0103, dup\u0103 ce zilele acestea au fost efectuate o serie de teste de rezisten\u021b\u0103. Locuitorii din zon\u0103 au fost notifica\u021bi de Poli\u021bia Local\u0103 cu privire la amenzile care pot fi date dac\u0103 nu se respect\u0103 regulile de parcare din zon\u0103. \u201cPentru un pasaj cu structura metalic\u0103, vibra\u021biile [&hellip;]<\/p>\n","protected":false},"author":10,"featured_media":62333,"comment_status":"open","ping_status":"open","sticky":false,"template":"","format":"standard","meta":{"_acf_changed":false,"inline_featured_image":false,"ngg_post_thumbnail":0,"footnotes":""},"categories":[62,650],"tags":[5849,4299,1148,439,1493,1337,58,1315],"ppma_author":[22575],"class_list":["post-62330","post","type-post","status-publish","format-standard","has-post-thumbnail","hentry","category-stiri","category-transport","tag-deschidere","tag-doamna-ghica","tag-inaugurare","tag-lucrari","tag-pasaj","tag-pret","tag-trafic","tag-valori"],"acf":[],"yoast_head":"<!-- This site is optimized with the Yoast SEO Premium plugin v25.3 (Yoast SEO v27.5) - https:\/\/yoast.com\/product\/yoast-seo-premium-wordpress\/ -->\n<title>Pasajul Doamna Ghica va fi deschis circula\u021biei joi. Structura, monitorizat\u0103 \u00een timp real de speciali\u0219tii de la Facultatea de Construc\u021bii - Buletin de Bucure\u0219ti<\/title>\n<meta name=\"robots\" content=\"index, follow, max-snippet:-1, max-image-preview:large, max-video-preview:-1\" \/>\n<link rel=\"canonical\" href=\"https:\/\/buletin.de\/bucuresti\/pasajul-doamna-ghica-va-fi-deschis-circulatiei-joi-structura-monitorizata-in-timp-real-de-specialistii-de-la-facultatea-de-constructii\/\" \/>\n<meta property=\"og:locale\" content=\"en_GB\" \/>\n<meta property=\"og:type\" content=\"article\" \/>\n<meta property=\"og:title\" content=\"Pasajul Doamna Ghica va fi deschis circula\u021biei joi. Structura, monitorizat\u0103 \u00een timp real de speciali\u0219tii de la Facultatea de Construc\u021bii\" \/>\n<meta property=\"og:description\" content=\"Pasajul Doamna Ghica va fi deschis circula\u021biei joi diminea\u021b\u0103, dup\u0103 ce zilele acestea au fost efectuate o serie de teste de rezisten\u021b\u0103. Locuitorii din zon\u0103 au fost notifica\u021bi de Poli\u021bia Local\u0103 cu privire la amenzile care pot fi date dac\u0103 nu se respect\u0103 regulile de parcare din zon\u0103. \u201cPentru un pasaj cu structura metalic\u0103, vibra\u021biile [&hellip;]\" \/>\n<meta property=\"og:url\" content=\"https:\/\/buletin.de\/bucuresti\/pasajul-doamna-ghica-va-fi-deschis-circulatiei-joi-structura-monitorizata-in-timp-real-de-specialistii-de-la-facultatea-de-constructii\/\" \/>\n<meta property=\"og:site_name\" content=\"Buletin de Bucure\u0219ti\" \/>\n<meta property=\"article:publisher\" content=\"https:\/\/www.facebook.com\/buletin.de.buc\" \/>\n<meta property=\"article:published_time\" content=\"2023-09-06T01:10:11+00:00\" \/>\n<meta property=\"article:modified_time\" content=\"2023-09-18T11:56:56+00:00\" \/>\n<meta property=\"og:image\" content=\"https:\/\/buletin.de\/bucuresti\/wp-content\/uploads\/ID227246_INQUAM_Photos_George_Calin.jpg\" \/>\n\t<meta property=\"og:image:width\" content=\"2000\" \/>\n\t<meta property=\"og:image:height\" content=\"1333\" \/>\n\t<meta property=\"og:image:type\" content=\"image\/jpeg\" \/>\n<meta name=\"author\" content=\"C\u0103t\u0103lin Dosca\u0219\" \/>\n<meta name=\"twitter:card\" content=\"summary_large_image\" \/>\n<meta name=\"twitter:label1\" content=\"Written by\" \/>\n\t<meta name=\"twitter:data1\" content=\"C\u0103t\u0103lin Dosca\u0219\" \/>\n\t<meta name=\"twitter:label2\" content=\"Estimated reading time\" \/>\n\t<meta name=\"twitter:data2\" content=\"2 minutes\" \/>\n<script type=\"application\/ld+json\" class=\"yoast-schema-graph\">{\"@context\":\"https:\\\/\\\/schema.org\",\"@graph\":[{\"@type\":\"Article\",\"@id\":\"https:\\\/\\\/buletin.de\\\/bucuresti\\\/pasajul-doamna-ghica-va-fi-deschis-circulatiei-joi-structura-monitorizata-in-timp-real-de-specialistii-de-la-facultatea-de-constructii\\\/#article\",\"isPartOf\":{\"@id\":\"https:\\\/\\\/buletin.de\\\/bucuresti\\\/pasajul-doamna-ghica-va-fi-deschis-circulatiei-joi-structura-monitorizata-in-timp-real-de-specialistii-de-la-facultatea-de-constructii\\\/\"},\"author\":{\"name\":\"C\u0103t\u0103lin Dosca\u0219\",\"@id\":\"https:\\\/\\\/buletin.de\\\/bucuresti\\\/#\\\/schema\\\/person\\\/31117187ed4d0bdb0a4c7d6acc79d0f8\"},\"headline\":\"Pasajul Doamna Ghica va fi deschis circula\u021biei joi. Structura, monitorizat\u0103 \u00een timp real de speciali\u0219tii de la Facultatea de Construc\u021bii\",\"datePublished\":\"2023-09-06T01:10:11+00:00\",\"dateModified\":\"2023-09-18T11:56:56+00:00\",\"mainEntityOfPage\":{\"@id\":\"https:\\\/\\\/buletin.de\\\/bucuresti\\\/pasajul-doamna-ghica-va-fi-deschis-circulatiei-joi-structura-monitorizata-in-timp-real-de-specialistii-de-la-facultatea-de-constructii\\\/\"},\"wordCount\":314,\"commentCount\":0,\"publisher\":{\"@id\":\"https:\\\/\\\/buletin.de\\\/bucuresti\\\/#organization\"},\"image\":{\"@id\":\"https:\\\/\\\/buletin.de\\\/bucuresti\\\/pasajul-doamna-ghica-va-fi-deschis-circulatiei-joi-structura-monitorizata-in-timp-real-de-specialistii-de-la-facultatea-de-constructii\\\/#primaryimage\"},\"thumbnailUrl\":\"https:\\\/\\\/buletin.de\\\/bucuresti\\\/wp-content\\\/uploads\\\/ID227246_INQUAM_Photos_George_Calin.jpg\",\"keywords\":[\"deschidere\",\"Doamna Ghica\",\"inaugurare\",\"lucrari\",\"pasaj\",\"pret\",\"trafic\",\"valori\"],\"articleSection\":[\"\u0218tiri\",\"Transport\"],\"inLanguage\":\"en-GB\",\"potentialAction\":[{\"@type\":\"CommentAction\",\"name\":\"Comment\",\"target\":[\"https:\\\/\\\/buletin.de\\\/bucuresti\\\/pasajul-doamna-ghica-va-fi-deschis-circulatiei-joi-structura-monitorizata-in-timp-real-de-specialistii-de-la-facultatea-de-constructii\\\/#respond\"]}],\"copyrightYear\":\"2023\",\"copyrightHolder\":{\"@id\":\"https:\\\/\\\/buletin.de\\\/bucuresti\\\/#organization\"}},{\"@type\":\"WebPage\",\"@id\":\"https:\\\/\\\/buletin.de\\\/bucuresti\\\/pasajul-doamna-ghica-va-fi-deschis-circulatiei-joi-structura-monitorizata-in-timp-real-de-specialistii-de-la-facultatea-de-constructii\\\/\",\"url\":\"https:\\\/\\\/buletin.de\\\/bucuresti\\\/pasajul-doamna-ghica-va-fi-deschis-circulatiei-joi-structura-monitorizata-in-timp-real-de-specialistii-de-la-facultatea-de-constructii\\\/\",\"name\":\"Pasajul Doamna Ghica va fi deschis circula\u021biei joi. Structura, monitorizat\u0103 \u00een timp real de speciali\u0219tii de la Facultatea de Construc\u021bii - Buletin de Bucure\u0219ti\",\"isPartOf\":{\"@id\":\"https:\\\/\\\/buletin.de\\\/bucuresti\\\/#website\"},\"primaryImageOfPage\":{\"@id\":\"https:\\\/\\\/buletin.de\\\/bucuresti\\\/pasajul-doamna-ghica-va-fi-deschis-circulatiei-joi-structura-monitorizata-in-timp-real-de-specialistii-de-la-facultatea-de-constructii\\\/#primaryimage\"},\"image\":{\"@id\":\"https:\\\/\\\/buletin.de\\\/bucuresti\\\/pasajul-doamna-ghica-va-fi-deschis-circulatiei-joi-structura-monitorizata-in-timp-real-de-specialistii-de-la-facultatea-de-constructii\\\/#primaryimage\"},\"thumbnailUrl\":\"https:\\\/\\\/buletin.de\\\/bucuresti\\\/wp-content\\\/uploads\\\/ID227246_INQUAM_Photos_George_Calin.jpg\",\"datePublished\":\"2023-09-06T01:10:11+00:00\",\"dateModified\":\"2023-09-18T11:56:56+00:00\",\"breadcrumb\":{\"@id\":\"https:\\\/\\\/buletin.de\\\/bucuresti\\\/pasajul-doamna-ghica-va-fi-deschis-circulatiei-joi-structura-monitorizata-in-timp-real-de-specialistii-de-la-facultatea-de-constructii\\\/#breadcrumb\"},\"inLanguage\":\"en-GB\",\"potentialAction\":[{\"@type\":\"ReadAction\",\"target\":[\"https:\\\/\\\/buletin.de\\\/bucuresti\\\/pasajul-doamna-ghica-va-fi-deschis-circulatiei-joi-structura-monitorizata-in-timp-real-de-specialistii-de-la-facultatea-de-constructii\\\/\"]}]},{\"@type\":\"ImageObject\",\"inLanguage\":\"en-GB\",\"@id\":\"https:\\\/\\\/buletin.de\\\/bucuresti\\\/pasajul-doamna-ghica-va-fi-deschis-circulatiei-joi-structura-monitorizata-in-timp-real-de-specialistii-de-la-facultatea-de-constructii\\\/#primaryimage\",\"url\":\"https:\\\/\\\/buletin.de\\\/bucuresti\\\/wp-content\\\/uploads\\\/ID227246_INQUAM_Photos_George_Calin.jpg\",\"contentUrl\":\"https:\\\/\\\/buletin.de\\\/bucuresti\\\/wp-content\\\/uploads\\\/ID227246_INQUAM_Photos_George_Calin.jpg\",\"width\":2000,\"height\":1333},{\"@type\":\"BreadcrumbList\",\"@id\":\"https:\\\/\\\/buletin.de\\\/bucuresti\\\/pasajul-doamna-ghica-va-fi-deschis-circulatiei-joi-structura-monitorizata-in-timp-real-de-specialistii-de-la-facultatea-de-constructii\\\/#breadcrumb\",\"itemListElement\":[{\"@type\":\"ListItem\",\"position\":1,\"name\":\"Acas\u0103\",\"item\":\"https:\\\/\\\/buletin.de\\\/bucuresti\\\/\"},{\"@type\":\"ListItem\",\"position\":2,\"name\":\"Pasajul Doamna Ghica va fi deschis circula\u021biei joi. Structura, monitorizat\u0103 \u00een timp real de speciali\u0219tii de la Facultatea de Construc\u021bii\"}]},{\"@type\":\"WebSite\",\"@id\":\"https:\\\/\\\/buletin.de\\\/bucuresti\\\/#website\",\"url\":\"https:\\\/\\\/buletin.de\\\/bucuresti\\\/\",\"name\":\"Buletin de Bucure\u0219ti\",\"description\":\"\u0218tiri \u0219i investiga\u021bii esen\u021biale din capital\u0103\",\"publisher\":{\"@id\":\"https:\\\/\\\/buletin.de\\\/bucuresti\\\/#organization\"},\"potentialAction\":[{\"@type\":\"SearchAction\",\"target\":{\"@type\":\"EntryPoint\",\"urlTemplate\":\"https:\\\/\\\/buletin.de\\\/bucuresti\\\/?s={search_term_string}\"},\"query-input\":{\"@type\":\"PropertyValueSpecification\",\"valueRequired\":true,\"valueName\":\"search_term_string\"}}],\"inLanguage\":\"en-GB\"},{\"@type\":\"Organization\",\"@id\":\"https:\\\/\\\/buletin.de\\\/bucuresti\\\/#organization\",\"name\":\"Buletin de Bucure\u0219ti\",\"url\":\"https:\\\/\\\/buletin.de\\\/bucuresti\\\/\",\"logo\":{\"@type\":\"ImageObject\",\"inLanguage\":\"en-GB\",\"@id\":\"https:\\\/\\\/buletin.de\\\/bucuresti\\\/#\\\/schema\\\/logo\\\/image\\\/\",\"url\":\"https:\\\/\\\/buletin.de\\\/bucuresti\\\/wp-content\\\/uploads\\\/logo-bdb-full-wide-vernil-transparent.png\",\"contentUrl\":\"https:\\\/\\\/buletin.de\\\/bucuresti\\\/wp-content\\\/uploads\\\/logo-bdb-full-wide-vernil-transparent.png\",\"width\":1782,\"height\":626,\"caption\":\"Buletin de Bucure\u0219ti\"},\"image\":{\"@id\":\"https:\\\/\\\/buletin.de\\\/bucuresti\\\/#\\\/schema\\\/logo\\\/image\\\/\"},\"sameAs\":[\"https:\\\/\\\/www.facebook.com\\\/buletin.de.buc\",\"https:\\\/\\\/www.instagram.com\\\/buletinde.bucuresti\\\/\"]},{\"@type\":\"Person\",\"@id\":\"https:\\\/\\\/buletin.de\\\/bucuresti\\\/#\\\/schema\\\/person\\\/31117187ed4d0bdb0a4c7d6acc79d0f8\",\"name\":\"C\u0103t\u0103lin Dosca\u0219\",\"image\":{\"@type\":\"ImageObject\",\"inLanguage\":\"en-GB\",\"@id\":\"https:\\\/\\\/buletin.de\\\/bucuresti\\\/wp-content\\\/uploads\\\/Catalin-Doscas-e1732731064764-96x96.jpga93e2943bb3b1c1f9ead823df6e6317a\",\"url\":\"https:\\\/\\\/buletin.de\\\/bucuresti\\\/wp-content\\\/uploads\\\/Catalin-Doscas-e1732731064764-96x96.jpg\",\"contentUrl\":\"https:\\\/\\\/buletin.de\\\/bucuresti\\\/wp-content\\\/uploads\\\/Catalin-Doscas-e1732731064764-96x96.jpg\",\"caption\":\"C\u0103t\u0103lin Dosca\u0219\"},\"description\":\"Reporter \u0219i redactor-\u0219ef Buletin de Bucure\u0219ti. Lucreaz\u0103 \u00een mass-media de la v\u00e2rsta de 15 ani, c\u00e2nd a publicat primele articole \u00een presa local\u0103 din Tecuci. \u00cen Bucure\u0219ti a lucrat \u00een redac\u021bii radio ca reporter, redactor \u0219i prezentator (StudentFM, Na\u021bionalFM, Radio Total, Smart FM), unde a acoperit domeniile politic, economic, social \u0219i externe. Ulterior, a fost editor-coordonator al postului Realitatea FM. Experien\u021ba \u00een jurnalismul online a dob\u00e2ndit-o la portalul B365.ro, unde a fost editor. \u00cen 2012 s-a angajat \u00een televiziune. La Realitatea TV a fost, pe r\u00e2nd, reporter la sec\u021bia Social, reporter special la emisiunea de reportaje \u0219i anchete \u201eReporterii Realit\u0103\u021bii\u201d, dar \u0219i editor al jurnalelor de \u0219tiri. Ulterior, a f\u0103cut parte din sec\u021bia de Investiga\u021bii de la Digi24 \u0219i a lucrat la campania \u201eRom\u00e2nia furat\u0103\u201d. A revenit \u00een presa scris\u0103 \u00een 2017, ca reporter special, \u00een cadrul unui proiect de repozi\u021bionare a tabloidului Libertatea \u00een cotidian generalist. Este jurnalist Buletin de Bucure\u0219ti din 2019.\",\"url\":\"https:\\\/\\\/buletin.de\\\/bucuresti\\\/author\\\/catalin\\\/\"}]}<\/script>\n<!-- \/ Yoast SEO Premium plugin. -->","yoast_head_json":{"title":"Pasajul Doamna Ghica va fi deschis circula\u021biei joi. Structura, monitorizat\u0103 \u00een timp real de speciali\u0219tii de la Facultatea de Construc\u021bii - Buletin de Bucure\u0219ti","robots":{"index":"index","follow":"follow","max-snippet":"max-snippet:-1","max-image-preview":"max-image-preview:large","max-video-preview":"max-video-preview:-1"},"canonical":"https:\/\/buletin.de\/bucuresti\/pasajul-doamna-ghica-va-fi-deschis-circulatiei-joi-structura-monitorizata-in-timp-real-de-specialistii-de-la-facultatea-de-constructii\/","og_locale":"en_GB","og_type":"article","og_title":"Pasajul Doamna Ghica va fi deschis circula\u021biei joi. Structura, monitorizat\u0103 \u00een timp real de speciali\u0219tii de la Facultatea de Construc\u021bii","og_description":"Pasajul Doamna Ghica va fi deschis circula\u021biei joi diminea\u021b\u0103, dup\u0103 ce zilele acestea au fost efectuate o serie de teste de rezisten\u021b\u0103. Locuitorii din zon\u0103 au fost notifica\u021bi de Poli\u021bia Local\u0103 cu privire la amenzile care pot fi date dac\u0103 nu se respect\u0103 regulile de parcare din zon\u0103. \u201cPentru un pasaj cu structura metalic\u0103, vibra\u021biile [&hellip;]","og_url":"https:\/\/buletin.de\/bucuresti\/pasajul-doamna-ghica-va-fi-deschis-circulatiei-joi-structura-monitorizata-in-timp-real-de-specialistii-de-la-facultatea-de-constructii\/","og_site_name":"Buletin de Bucure\u0219ti","article_publisher":"https:\/\/www.facebook.com\/buletin.de.buc","article_published_time":"2023-09-06T01:10:11+00:00","article_modified_time":"2023-09-18T11:56:56+00:00","og_image":[{"width":2000,"height":1333,"url":"https:\/\/buletin.de\/bucuresti\/wp-content\/uploads\/ID227246_INQUAM_Photos_George_Calin.jpg","type":"image\/jpeg"}],"author":"C\u0103t\u0103lin Dosca\u0219","twitter_card":"summary_large_image","twitter_misc":{"Written by":"C\u0103t\u0103lin Dosca\u0219","Estimated reading time":"2 minutes"},"schema":{"@context":"https:\/\/schema.org","@graph":[{"@type":"Article","@id":"https:\/\/buletin.de\/bucuresti\/pasajul-doamna-ghica-va-fi-deschis-circulatiei-joi-structura-monitorizata-in-timp-real-de-specialistii-de-la-facultatea-de-constructii\/#article","isPartOf":{"@id":"https:\/\/buletin.de\/bucuresti\/pasajul-doamna-ghica-va-fi-deschis-circulatiei-joi-structura-monitorizata-in-timp-real-de-specialistii-de-la-facultatea-de-constructii\/"},"author":{"name":"C\u0103t\u0103lin Dosca\u0219","@id":"https:\/\/buletin.de\/bucuresti\/#\/schema\/person\/31117187ed4d0bdb0a4c7d6acc79d0f8"},"headline":"Pasajul Doamna Ghica va fi deschis circula\u021biei joi. Structura, monitorizat\u0103 \u00een timp real de speciali\u0219tii de la Facultatea de Construc\u021bii","datePublished":"2023-09-06T01:10:11+00:00","dateModified":"2023-09-18T11:56:56+00:00","mainEntityOfPage":{"@id":"https:\/\/buletin.de\/bucuresti\/pasajul-doamna-ghica-va-fi-deschis-circulatiei-joi-structura-monitorizata-in-timp-real-de-specialistii-de-la-facultatea-de-constructii\/"},"wordCount":314,"commentCount":0,"publisher":{"@id":"https:\/\/buletin.de\/bucuresti\/#organization"},"image":{"@id":"https:\/\/buletin.de\/bucuresti\/pasajul-doamna-ghica-va-fi-deschis-circulatiei-joi-structura-monitorizata-in-timp-real-de-specialistii-de-la-facultatea-de-constructii\/#primaryimage"},"thumbnailUrl":"https:\/\/buletin.de\/bucuresti\/wp-content\/uploads\/ID227246_INQUAM_Photos_George_Calin.jpg","keywords":["deschidere","Doamna Ghica","inaugurare","lucrari","pasaj","pret","trafic","valori"],"articleSection":["\u0218tiri","Transport"],"inLanguage":"en-GB","potentialAction":[{"@type":"CommentAction","name":"Comment","target":["https:\/\/buletin.de\/bucuresti\/pasajul-doamna-ghica-va-fi-deschis-circulatiei-joi-structura-monitorizata-in-timp-real-de-specialistii-de-la-facultatea-de-constructii\/#respond"]}],"copyrightYear":"2023","copyrightHolder":{"@id":"https:\/\/buletin.de\/bucuresti\/#organization"}},{"@type":"WebPage","@id":"https:\/\/buletin.de\/bucuresti\/pasajul-doamna-ghica-va-fi-deschis-circulatiei-joi-structura-monitorizata-in-timp-real-de-specialistii-de-la-facultatea-de-constructii\/","url":"https:\/\/buletin.de\/bucuresti\/pasajul-doamna-ghica-va-fi-deschis-circulatiei-joi-structura-monitorizata-in-timp-real-de-specialistii-de-la-facultatea-de-constructii\/","name":"Pasajul Doamna Ghica va fi deschis circula\u021biei joi. Structura, monitorizat\u0103 \u00een timp real de speciali\u0219tii de la Facultatea de Construc\u021bii - Buletin de Bucure\u0219ti","isPartOf":{"@id":"https:\/\/buletin.de\/bucuresti\/#website"},"primaryImageOfPage":{"@id":"https:\/\/buletin.de\/bucuresti\/pasajul-doamna-ghica-va-fi-deschis-circulatiei-joi-structura-monitorizata-in-timp-real-de-specialistii-de-la-facultatea-de-constructii\/#primaryimage"},"image":{"@id":"https:\/\/buletin.de\/bucuresti\/pasajul-doamna-ghica-va-fi-deschis-circulatiei-joi-structura-monitorizata-in-timp-real-de-specialistii-de-la-facultatea-de-constructii\/#primaryimage"},"thumbnailUrl":"https:\/\/buletin.de\/bucuresti\/wp-content\/uploads\/ID227246_INQUAM_Photos_George_Calin.jpg","datePublished":"2023-09-06T01:10:11+00:00","dateModified":"2023-09-18T11:56:56+00:00","breadcrumb":{"@id":"https:\/\/buletin.de\/bucuresti\/pasajul-doamna-ghica-va-fi-deschis-circulatiei-joi-structura-monitorizata-in-timp-real-de-specialistii-de-la-facultatea-de-constructii\/#breadcrumb"},"inLanguage":"en-GB","potentialAction":[{"@type":"ReadAction","target":["https:\/\/buletin.de\/bucuresti\/pasajul-doamna-ghica-va-fi-deschis-circulatiei-joi-structura-monitorizata-in-timp-real-de-specialistii-de-la-facultatea-de-constructii\/"]}]},{"@type":"ImageObject","inLanguage":"en-GB","@id":"https:\/\/buletin.de\/bucuresti\/pasajul-doamna-ghica-va-fi-deschis-circulatiei-joi-structura-monitorizata-in-timp-real-de-specialistii-de-la-facultatea-de-constructii\/#primaryimage","url":"https:\/\/buletin.de\/bucuresti\/wp-content\/uploads\/ID227246_INQUAM_Photos_George_Calin.jpg","contentUrl":"https:\/\/buletin.de\/bucuresti\/wp-content\/uploads\/ID227246_INQUAM_Photos_George_Calin.jpg","width":2000,"height":1333},{"@type":"BreadcrumbList","@id":"https:\/\/buletin.de\/bucuresti\/pasajul-doamna-ghica-va-fi-deschis-circulatiei-joi-structura-monitorizata-in-timp-real-de-specialistii-de-la-facultatea-de-constructii\/#breadcrumb","itemListElement":[{"@type":"ListItem","position":1,"name":"Acas\u0103","item":"https:\/\/buletin.de\/bucuresti\/"},{"@type":"ListItem","position":2,"name":"Pasajul Doamna Ghica va fi deschis circula\u021biei joi. Structura, monitorizat\u0103 \u00een timp real de speciali\u0219tii de la Facultatea de Construc\u021bii"}]},{"@type":"WebSite","@id":"https:\/\/buletin.de\/bucuresti\/#website","url":"https:\/\/buletin.de\/bucuresti\/","name":"Buletin de Bucure\u0219ti","description":"\u0218tiri \u0219i investiga\u021bii esen\u021biale din capital\u0103","publisher":{"@id":"https:\/\/buletin.de\/bucuresti\/#organization"},"potentialAction":[{"@type":"SearchAction","target":{"@type":"EntryPoint","urlTemplate":"https:\/\/buletin.de\/bucuresti\/?s={search_term_string}"},"query-input":{"@type":"PropertyValueSpecification","valueRequired":true,"valueName":"search_term_string"}}],"inLanguage":"en-GB"},{"@type":"Organization","@id":"https:\/\/buletin.de\/bucuresti\/#organization","name":"Buletin de Bucure\u0219ti","url":"https:\/\/buletin.de\/bucuresti\/","logo":{"@type":"ImageObject","inLanguage":"en-GB","@id":"https:\/\/buletin.de\/bucuresti\/#\/schema\/logo\/image\/","url":"https:\/\/buletin.de\/bucuresti\/wp-content\/uploads\/logo-bdb-full-wide-vernil-transparent.png","contentUrl":"https:\/\/buletin.de\/bucuresti\/wp-content\/uploads\/logo-bdb-full-wide-vernil-transparent.png","width":1782,"height":626,"caption":"Buletin de Bucure\u0219ti"},"image":{"@id":"https:\/\/buletin.de\/bucuresti\/#\/schema\/logo\/image\/"},"sameAs":["https:\/\/www.facebook.com\/buletin.de.buc","https:\/\/www.instagram.com\/buletinde.bucuresti\/"]},{"@type":"Person","@id":"https:\/\/buletin.de\/bucuresti\/#\/schema\/person\/31117187ed4d0bdb0a4c7d6acc79d0f8","name":"C\u0103t\u0103lin Dosca\u0219","image":{"@type":"ImageObject","inLanguage":"en-GB","@id":"https:\/\/buletin.de\/bucuresti\/wp-content\/uploads\/Catalin-Doscas-e1732731064764-96x96.jpga93e2943bb3b1c1f9ead823df6e6317a","url":"https:\/\/buletin.de\/bucuresti\/wp-content\/uploads\/Catalin-Doscas-e1732731064764-96x96.jpg","contentUrl":"https:\/\/buletin.de\/bucuresti\/wp-content\/uploads\/Catalin-Doscas-e1732731064764-96x96.jpg","caption":"C\u0103t\u0103lin Dosca\u0219"},"description":"Reporter \u0219i redactor-\u0219ef Buletin de Bucure\u0219ti. Lucreaz\u0103 \u00een mass-media de la v\u00e2rsta de 15 ani, c\u00e2nd a publicat primele articole \u00een presa local\u0103 din Tecuci. \u00cen Bucure\u0219ti a lucrat \u00een redac\u021bii radio ca reporter, redactor \u0219i prezentator (StudentFM, Na\u021bionalFM, Radio Total, Smart FM), unde a acoperit domeniile politic, economic, social \u0219i externe. Ulterior, a fost editor-coordonator al postului Realitatea FM. Experien\u021ba \u00een jurnalismul online a dob\u00e2ndit-o la portalul B365.ro, unde a fost editor. \u00cen 2012 s-a angajat \u00een televiziune. La Realitatea TV a fost, pe r\u00e2nd, reporter la sec\u021bia Social, reporter special la emisiunea de reportaje \u0219i anchete \u201eReporterii Realit\u0103\u021bii\u201d, dar \u0219i editor al jurnalelor de \u0219tiri. Ulterior, a f\u0103cut parte din sec\u021bia de Investiga\u021bii de la Digi24 \u0219i a lucrat la campania \u201eRom\u00e2nia furat\u0103\u201d. A revenit \u00een presa scris\u0103 \u00een 2017, ca reporter special, \u00een cadrul unui proiect de repozi\u021bionare a tabloidului Libertatea \u00een cotidian generalist. Este jurnalist Buletin de Bucure\u0219ti din 2019.","url":"https:\/\/buletin.de\/bucuresti\/author\/catalin\/"}]}},"authors":[{"term_id":22575,"user_id":10,"is_guest":0,"slug":"catalin","display_name":"C\u0103t\u0103lin Dosca\u0219","avatar_url":"https:\/\/buletin.de\/bucuresti\/wp-content\/uploads\/Catalin-Doscas-e1732731064764-96x96.jpg","0":null,"1":"","2":"","3":"","4":"","5":"","6":"","7":"","8":""}],"_links":{"self":[{"href":"https:\/\/buletin.de\/bucuresti\/wp-json\/wp\/v2\/posts\/62330","targetHints":{"allow":["GET"]}}],"collection":[{"href":"https:\/\/buletin.de\/bucuresti\/wp-json\/wp\/v2\/posts"}],"about":[{"href":"https:\/\/buletin.de\/bucuresti\/wp-json\/wp\/v2\/types\/post"}],"author":[{"embeddable":true,"href":"https:\/\/buletin.de\/bucuresti\/wp-json\/wp\/v2\/users\/10"}],"replies":[{"embeddable":true,"href":"https:\/\/buletin.de\/bucuresti\/wp-json\/wp\/v2\/comments?post=62330"}],"version-history":[{"count":1,"href":"https:\/\/buletin.de\/bucuresti\/wp-json\/wp\/v2\/posts\/62330\/revisions"}],"predecessor-version":[{"id":62332,"href":"https:\/\/buletin.de\/bucuresti\/wp-json\/wp\/v2\/posts\/62330\/revisions\/62332"}],"wp:featuredmedia":[{"embeddable":true,"href":"https:\/\/buletin.de\/bucuresti\/wp-json\/wp\/v2\/media\/62333"}],"wp:attachment":[{"href":"https:\/\/buletin.de\/bucuresti\/wp-json\/wp\/v2\/media?parent=62330"}],"wp:term":[{"taxonomy":"category","embeddable":true,"href":"https:\/\/buletin.de\/bucuresti\/wp-json\/wp\/v2\/categories?post=62330"},{"taxonomy":"post_tag","embeddable":true,"href":"https:\/\/buletin.de\/bucuresti\/wp-json\/wp\/v2\/tags?post=62330"},{"taxonomy":"author","embeddable":true,"href":"https:\/\/buletin.de\/bucuresti\/wp-json\/wp\/v2\/ppma_author?post=62330"}],"curies":[{"name":"wp","href":"https:\/\/api.w.org\/{rel}","templated":true}]}}