{"id":62323,"date":"2023-09-05T10:26:34","date_gmt":"2023-09-05T08:26:34","guid":{"rendered":"https:\/\/buletin.de\/bucuresti\/sector-2-i-statii-gpl-fara-autorizatii-descoperite-in-urma-controalelor\/"},"modified":"2023-09-05T10:26:34","modified_gmt":"2023-09-05T08:26:34","slug":"sector-2-i-statii-gpl-fara-autorizatii-descoperite-in-urma-controalelor","status":"publish","type":"post","link":"https:\/\/buletin.de\/bucuresti\/sector-2-i-statii-gpl-fara-autorizatii-descoperite-in-urma-controalelor\/","title":{"rendered":"Sector 2 I Sta\u021bii GPL f\u0103r\u0103 autoriza\u021bii, descoperite \u00een urma controalelor"},"content":{"rendered":"\n<p><strong>Mai multe sta\u021bii GPL f\u0103r\u0103 autoriza\u021bii au fost descoperite, \u00een urma controalelor, \u0219i \u00een Sectorul 2, anun\u021b\u0103 Radu Mihaiu. Primarul Sectorului 2 a prezentat raportul privind sta\u021biile GPL din sector.<\/strong><\/p>\n\n\n\n<p>Radu Mihaiu a cerut pe, 28 august, ca Poli\u021bia Local\u0103 s\u0103 efectueze un control comercial la toate sta\u021biile de gaz petrolier lichefiat (GPL) de pe teritoriul Sectorului 2, unde se afl\u0103 35 de sta\u021bii cu risc, conform unei analize Buletin de Bucure\u0219ti.<\/p>\n\n\n\n<p>Dou\u0103 sta\u021bii GPL nu au analiza privind protec\u021bia la explozii. Radu Mihaiu transmite c\u0103 Prim\u0103ria nu poate \u00eenchide&nbsp;sta\u021biile care nu au autoriza\u021bie de securitate la incendiu. \u00cen aceast\u0103 situa\u021bie sunt trei sta\u021bii, pentru care poate lua m\u0103suri doar Inspectoratul pentru Situa\u021bii de Urgen\u021b\u0103 (ISU). Totodat\u0103, o sta\u021bie GPL nu are autoriza\u021bie ISCIR.<\/p>\n\n\n\n<p>Primarul Sectorului 2 a declarat c\u0103, pentru toate acestea, a notificat institu\u021biile responsabile, astfel \u00eenc\u00e2t s\u0103 fie luate m\u0103suri.<\/p>\n\n\n\n<p>\u201e<em>Sunt 2 sta\u021bii f\u0103r\u0103 autoriza\u021bie de mediu, c\u0103rora le-am suspendat deja activitatea \u0219i au fost evacuate. Sunt \u0219i sta\u021bii f\u0103r\u0103 autoriza\u021bie de construire, unele mutate succesiv de proprietari, s\u0103 nu le mai d\u0103m de urm\u0103. Am pornit procedurile pentru desfiin\u021bare\u201d, <\/em>transmite Radu Mihaiu.<\/p>\n\n\n\n<p>Dup\u0103 exploziile de la Crevedia, prefectul Capitalei, Rare\u0219 Hopinc\u0103, a declarat c\u0103 se vor face verific\u0103ri la toate sta\u021biile GPL din Bucure\u0219ti.<\/p>\n\n\n\n<p>Cinci oameni au murit si al\u021bii 58 au fost r\u0103ni\u021bi, pe 26 august, \u00een urma exploziilor care au avut loc la o sta\u021bie GPL din Crevedia. <\/p>\n\n\n\n<p><\/p>\n","protected":false},"excerpt":{"rendered":"<p>Mai multe sta\u021bii GPL f\u0103r\u0103 autoriza\u021bii au fost descoperite, \u00een urma controalelor, \u0219i \u00een Sectorul 2, anun\u021b\u0103 Radu Mihaiu. Primarul Sectorului 2 a prezentat raportul privind sta\u021biile GPL din sector. Radu Mihaiu a cerut pe, 28 august, ca Poli\u021bia Local\u0103 s\u0103 efectueze un control comercial la toate sta\u021biile de gaz petrolier lichefiat (GPL) de pe [&hellip;]<\/p>\n","protected":false},"author":49,"featured_media":62275,"comment_status":"open","ping_status":"open","sticky":false,"template":"","format":"standard","meta":{"_acf_changed":false,"inline_featured_image":false,"ngg_post_thumbnail":0,"footnotes":""},"categories":[24,62],"tags":[6414,1919,6104,6814],"ppma_author":[22574],"class_list":["post-62323","post","type-post","status-publish","format-standard","has-post-thumbnail","hentry","category-primarie","category-stiri","tag-autorizatii-de-construire","tag-radu-mihaiu","tag-rares-hopinca","tag-statii-gpl"],"acf":[],"yoast_head":"<!-- This site is optimized with the Yoast SEO Premium plugin v25.3 (Yoast SEO v27.5) - https:\/\/yoast.com\/product\/yoast-seo-premium-wordpress\/ -->\n<title>Sector 2 I Sta\u021bii GPL f\u0103r\u0103 autoriza\u021bii, descoperite \u00een urma controalelor - Buletin de Bucure\u0219ti<\/title>\n<meta name=\"robots\" content=\"index, follow, max-snippet:-1, max-image-preview:large, max-video-preview:-1\" \/>\n<link rel=\"canonical\" href=\"https:\/\/buletin.de\/bucuresti\/sector-2-i-statii-gpl-fara-autorizatii-descoperite-in-urma-controalelor\/\" \/>\n<meta property=\"og:locale\" content=\"en_GB\" \/>\n<meta property=\"og:type\" content=\"article\" \/>\n<meta property=\"og:title\" content=\"Sector 2 I Sta\u021bii GPL f\u0103r\u0103 autoriza\u021bii, descoperite \u00een urma controalelor\" \/>\n<meta property=\"og:description\" content=\"Mai multe sta\u021bii GPL f\u0103r\u0103 autoriza\u021bii au fost descoperite, \u00een urma controalelor, \u0219i \u00een Sectorul 2, anun\u021b\u0103 Radu Mihaiu. Primarul Sectorului 2 a prezentat raportul privind sta\u021biile GPL din sector. Radu Mihaiu a cerut pe, 28 august, ca Poli\u021bia Local\u0103 s\u0103 efectueze un control comercial la toate sta\u021biile de gaz petrolier lichefiat (GPL) de pe [&hellip;]\" \/>\n<meta property=\"og:url\" content=\"https:\/\/buletin.de\/bucuresti\/sector-2-i-statii-gpl-fara-autorizatii-descoperite-in-urma-controalelor\/\" \/>\n<meta property=\"og:site_name\" content=\"Buletin de Bucure\u0219ti\" \/>\n<meta property=\"article:publisher\" content=\"https:\/\/www.facebook.com\/buletin.de.buc\" \/>\n<meta property=\"article:published_time\" content=\"2023-09-05T08:26:34+00:00\" \/>\n<meta property=\"og:image\" content=\"https:\/\/buletin.de\/bucuresti\/wp-content\/uploads\/gpl-3-e1693910033823.jpeg\" \/>\n\t<meta property=\"og:image:width\" content=\"795\" \/>\n\t<meta property=\"og:image:height\" content=\"425\" \/>\n\t<meta property=\"og:image:type\" content=\"image\/jpeg\" \/>\n<meta name=\"author\" content=\"Diana Matei\" \/>\n<meta name=\"twitter:card\" content=\"summary_large_image\" \/>\n<meta name=\"twitter:label1\" content=\"Written by\" \/>\n\t<meta name=\"twitter:data1\" content=\"Diana Matei\" \/>\n\t<meta name=\"twitter:label2\" content=\"Estimated reading time\" \/>\n\t<meta name=\"twitter:data2\" content=\"2 minutes\" \/>\n<script type=\"application\/ld+json\" class=\"yoast-schema-graph\">{\"@context\":\"https:\\\/\\\/schema.org\",\"@graph\":[{\"@type\":\"Article\",\"@id\":\"https:\\\/\\\/buletin.de\\\/bucuresti\\\/sector-2-i-statii-gpl-fara-autorizatii-descoperite-in-urma-controalelor\\\/#article\",\"isPartOf\":{\"@id\":\"https:\\\/\\\/buletin.de\\\/bucuresti\\\/sector-2-i-statii-gpl-fara-autorizatii-descoperite-in-urma-controalelor\\\/\"},\"author\":{\"name\":\"Diana Matei\",\"@id\":\"https:\\\/\\\/buletin.de\\\/bucuresti\\\/#\\\/schema\\\/person\\\/7e46040573290777280a0835d81ea4ea\"},\"headline\":\"Sector 2 I Sta\u021bii GPL f\u0103r\u0103 autoriza\u021bii, descoperite \u00een urma controalelor\",\"datePublished\":\"2023-09-05T08:26:34+00:00\",\"mainEntityOfPage\":{\"@id\":\"https:\\\/\\\/buletin.de\\\/bucuresti\\\/sector-2-i-statii-gpl-fara-autorizatii-descoperite-in-urma-controalelor\\\/\"},\"wordCount\":278,\"commentCount\":0,\"publisher\":{\"@id\":\"https:\\\/\\\/buletin.de\\\/bucuresti\\\/#organization\"},\"image\":{\"@id\":\"https:\\\/\\\/buletin.de\\\/bucuresti\\\/sector-2-i-statii-gpl-fara-autorizatii-descoperite-in-urma-controalelor\\\/#primaryimage\"},\"thumbnailUrl\":\"https:\\\/\\\/buletin.de\\\/bucuresti\\\/wp-content\\\/uploads\\\/gpl-3-e1693910033823.jpeg\",\"keywords\":[\"autorizatii de construire\",\"Radu Mihaiu\",\"Rare\u0219 Hopinc\u0103\",\"Sta\u021bii GPL\"],\"articleSection\":[\"Prim\u0103rie\",\"\u0218tiri\"],\"inLanguage\":\"en-GB\",\"potentialAction\":[{\"@type\":\"CommentAction\",\"name\":\"Comment\",\"target\":[\"https:\\\/\\\/buletin.de\\\/bucuresti\\\/sector-2-i-statii-gpl-fara-autorizatii-descoperite-in-urma-controalelor\\\/#respond\"]}],\"copyrightYear\":\"2023\",\"copyrightHolder\":{\"@id\":\"https:\\\/\\\/buletin.de\\\/bucuresti\\\/#organization\"}},{\"@type\":\"WebPage\",\"@id\":\"https:\\\/\\\/buletin.de\\\/bucuresti\\\/sector-2-i-statii-gpl-fara-autorizatii-descoperite-in-urma-controalelor\\\/\",\"url\":\"https:\\\/\\\/buletin.de\\\/bucuresti\\\/sector-2-i-statii-gpl-fara-autorizatii-descoperite-in-urma-controalelor\\\/\",\"name\":\"Sector 2 I Sta\u021bii GPL f\u0103r\u0103 autoriza\u021bii, descoperite \u00een urma controalelor - Buletin de Bucure\u0219ti\",\"isPartOf\":{\"@id\":\"https:\\\/\\\/buletin.de\\\/bucuresti\\\/#website\"},\"primaryImageOfPage\":{\"@id\":\"https:\\\/\\\/buletin.de\\\/bucuresti\\\/sector-2-i-statii-gpl-fara-autorizatii-descoperite-in-urma-controalelor\\\/#primaryimage\"},\"image\":{\"@id\":\"https:\\\/\\\/buletin.de\\\/bucuresti\\\/sector-2-i-statii-gpl-fara-autorizatii-descoperite-in-urma-controalelor\\\/#primaryimage\"},\"thumbnailUrl\":\"https:\\\/\\\/buletin.de\\\/bucuresti\\\/wp-content\\\/uploads\\\/gpl-3-e1693910033823.jpeg\",\"datePublished\":\"2023-09-05T08:26:34+00:00\",\"breadcrumb\":{\"@id\":\"https:\\\/\\\/buletin.de\\\/bucuresti\\\/sector-2-i-statii-gpl-fara-autorizatii-descoperite-in-urma-controalelor\\\/#breadcrumb\"},\"inLanguage\":\"en-GB\",\"potentialAction\":[{\"@type\":\"ReadAction\",\"target\":[\"https:\\\/\\\/buletin.de\\\/bucuresti\\\/sector-2-i-statii-gpl-fara-autorizatii-descoperite-in-urma-controalelor\\\/\"]}]},{\"@type\":\"ImageObject\",\"inLanguage\":\"en-GB\",\"@id\":\"https:\\\/\\\/buletin.de\\\/bucuresti\\\/sector-2-i-statii-gpl-fara-autorizatii-descoperite-in-urma-controalelor\\\/#primaryimage\",\"url\":\"https:\\\/\\\/buletin.de\\\/bucuresti\\\/wp-content\\\/uploads\\\/gpl-3-e1693910033823.jpeg\",\"contentUrl\":\"https:\\\/\\\/buletin.de\\\/bucuresti\\\/wp-content\\\/uploads\\\/gpl-3-e1693910033823.jpeg\",\"width\":795,\"height\":425},{\"@type\":\"BreadcrumbList\",\"@id\":\"https:\\\/\\\/buletin.de\\\/bucuresti\\\/sector-2-i-statii-gpl-fara-autorizatii-descoperite-in-urma-controalelor\\\/#breadcrumb\",\"itemListElement\":[{\"@type\":\"ListItem\",\"position\":1,\"name\":\"Acas\u0103\",\"item\":\"https:\\\/\\\/buletin.de\\\/bucuresti\\\/\"},{\"@type\":\"ListItem\",\"position\":2,\"name\":\"Sector 2 I Sta\u021bii GPL f\u0103r\u0103 autoriza\u021bii, descoperite \u00een urma controalelor\"}]},{\"@type\":\"WebSite\",\"@id\":\"https:\\\/\\\/buletin.de\\\/bucuresti\\\/#website\",\"url\":\"https:\\\/\\\/buletin.de\\\/bucuresti\\\/\",\"name\":\"Buletin de Bucure\u0219ti\",\"description\":\"\u0218tiri \u0219i investiga\u021bii esen\u021biale din capital\u0103\",\"publisher\":{\"@id\":\"https:\\\/\\\/buletin.de\\\/bucuresti\\\/#organization\"},\"potentialAction\":[{\"@type\":\"SearchAction\",\"target\":{\"@type\":\"EntryPoint\",\"urlTemplate\":\"https:\\\/\\\/buletin.de\\\/bucuresti\\\/?s={search_term_string}\"},\"query-input\":{\"@type\":\"PropertyValueSpecification\",\"valueRequired\":true,\"valueName\":\"search_term_string\"}}],\"inLanguage\":\"en-GB\"},{\"@type\":\"Organization\",\"@id\":\"https:\\\/\\\/buletin.de\\\/bucuresti\\\/#organization\",\"name\":\"Buletin de Bucure\u0219ti\",\"url\":\"https:\\\/\\\/buletin.de\\\/bucuresti\\\/\",\"logo\":{\"@type\":\"ImageObject\",\"inLanguage\":\"en-GB\",\"@id\":\"https:\\\/\\\/buletin.de\\\/bucuresti\\\/#\\\/schema\\\/logo\\\/image\\\/\",\"url\":\"https:\\\/\\\/buletin.de\\\/bucuresti\\\/wp-content\\\/uploads\\\/logo-bdb-full-wide-vernil-transparent.png\",\"contentUrl\":\"https:\\\/\\\/buletin.de\\\/bucuresti\\\/wp-content\\\/uploads\\\/logo-bdb-full-wide-vernil-transparent.png\",\"width\":1782,\"height\":626,\"caption\":\"Buletin de Bucure\u0219ti\"},\"image\":{\"@id\":\"https:\\\/\\\/buletin.de\\\/bucuresti\\\/#\\\/schema\\\/logo\\\/image\\\/\"},\"sameAs\":[\"https:\\\/\\\/www.facebook.com\\\/buletin.de.buc\",\"https:\\\/\\\/www.instagram.com\\\/buletinde.bucuresti\\\/\"]},{\"@type\":\"Person\",\"@id\":\"https:\\\/\\\/buletin.de\\\/bucuresti\\\/#\\\/schema\\\/person\\\/7e46040573290777280a0835d81ea4ea\",\"name\":\"Diana Matei\",\"image\":{\"@type\":\"ImageObject\",\"inLanguage\":\"en-GB\",\"@id\":\"https:\\\/\\\/buletin.de\\\/bucuresti\\\/wp-content\\\/uploads\\\/9-2-96x96.jpg1e8590b30871d70e62ebcdaf2eff570c\",\"url\":\"https:\\\/\\\/buletin.de\\\/bucuresti\\\/wp-content\\\/uploads\\\/9-2-96x96.jpg\",\"contentUrl\":\"https:\\\/\\\/buletin.de\\\/bucuresti\\\/wp-content\\\/uploads\\\/9-2-96x96.jpg\",\"caption\":\"Diana Matei\"},\"url\":\"https:\\\/\\\/buletin.de\\\/bucuresti\\\/author\\\/dianamatei\\\/\"}]}<\/script>\n<!-- \/ Yoast SEO Premium plugin. -->","yoast_head_json":{"title":"Sector 2 I Sta\u021bii GPL f\u0103r\u0103 autoriza\u021bii, descoperite \u00een urma controalelor - Buletin de Bucure\u0219ti","robots":{"index":"index","follow":"follow","max-snippet":"max-snippet:-1","max-image-preview":"max-image-preview:large","max-video-preview":"max-video-preview:-1"},"canonical":"https:\/\/buletin.de\/bucuresti\/sector-2-i-statii-gpl-fara-autorizatii-descoperite-in-urma-controalelor\/","og_locale":"en_GB","og_type":"article","og_title":"Sector 2 I Sta\u021bii GPL f\u0103r\u0103 autoriza\u021bii, descoperite \u00een urma controalelor","og_description":"Mai multe sta\u021bii GPL f\u0103r\u0103 autoriza\u021bii au fost descoperite, \u00een urma controalelor, \u0219i \u00een Sectorul 2, anun\u021b\u0103 Radu Mihaiu. Primarul Sectorului 2 a prezentat raportul privind sta\u021biile GPL din sector. Radu Mihaiu a cerut pe, 28 august, ca Poli\u021bia Local\u0103 s\u0103 efectueze un control comercial la toate sta\u021biile de gaz petrolier lichefiat (GPL) de pe [&hellip;]","og_url":"https:\/\/buletin.de\/bucuresti\/sector-2-i-statii-gpl-fara-autorizatii-descoperite-in-urma-controalelor\/","og_site_name":"Buletin de Bucure\u0219ti","article_publisher":"https:\/\/www.facebook.com\/buletin.de.buc","article_published_time":"2023-09-05T08:26:34+00:00","og_image":[{"width":795,"height":425,"url":"https:\/\/buletin.de\/bucuresti\/wp-content\/uploads\/gpl-3-e1693910033823.jpeg","type":"image\/jpeg"}],"author":"Diana Matei","twitter_card":"summary_large_image","twitter_misc":{"Written by":"Diana Matei","Estimated reading time":"2 minutes"},"schema":{"@context":"https:\/\/schema.org","@graph":[{"@type":"Article","@id":"https:\/\/buletin.de\/bucuresti\/sector-2-i-statii-gpl-fara-autorizatii-descoperite-in-urma-controalelor\/#article","isPartOf":{"@id":"https:\/\/buletin.de\/bucuresti\/sector-2-i-statii-gpl-fara-autorizatii-descoperite-in-urma-controalelor\/"},"author":{"name":"Diana Matei","@id":"https:\/\/buletin.de\/bucuresti\/#\/schema\/person\/7e46040573290777280a0835d81ea4ea"},"headline":"Sector 2 I Sta\u021bii GPL f\u0103r\u0103 autoriza\u021bii, descoperite \u00een urma controalelor","datePublished":"2023-09-05T08:26:34+00:00","mainEntityOfPage":{"@id":"https:\/\/buletin.de\/bucuresti\/sector-2-i-statii-gpl-fara-autorizatii-descoperite-in-urma-controalelor\/"},"wordCount":278,"commentCount":0,"publisher":{"@id":"https:\/\/buletin.de\/bucuresti\/#organization"},"image":{"@id":"https:\/\/buletin.de\/bucuresti\/sector-2-i-statii-gpl-fara-autorizatii-descoperite-in-urma-controalelor\/#primaryimage"},"thumbnailUrl":"https:\/\/buletin.de\/bucuresti\/wp-content\/uploads\/gpl-3-e1693910033823.jpeg","keywords":["autorizatii de construire","Radu Mihaiu","Rare\u0219 Hopinc\u0103","Sta\u021bii GPL"],"articleSection":["Prim\u0103rie","\u0218tiri"],"inLanguage":"en-GB","potentialAction":[{"@type":"CommentAction","name":"Comment","target":["https:\/\/buletin.de\/bucuresti\/sector-2-i-statii-gpl-fara-autorizatii-descoperite-in-urma-controalelor\/#respond"]}],"copyrightYear":"2023","copyrightHolder":{"@id":"https:\/\/buletin.de\/bucuresti\/#organization"}},{"@type":"WebPage","@id":"https:\/\/buletin.de\/bucuresti\/sector-2-i-statii-gpl-fara-autorizatii-descoperite-in-urma-controalelor\/","url":"https:\/\/buletin.de\/bucuresti\/sector-2-i-statii-gpl-fara-autorizatii-descoperite-in-urma-controalelor\/","name":"Sector 2 I Sta\u021bii GPL f\u0103r\u0103 autoriza\u021bii, descoperite \u00een urma controalelor - Buletin de Bucure\u0219ti","isPartOf":{"@id":"https:\/\/buletin.de\/bucuresti\/#website"},"primaryImageOfPage":{"@id":"https:\/\/buletin.de\/bucuresti\/sector-2-i-statii-gpl-fara-autorizatii-descoperite-in-urma-controalelor\/#primaryimage"},"image":{"@id":"https:\/\/buletin.de\/bucuresti\/sector-2-i-statii-gpl-fara-autorizatii-descoperite-in-urma-controalelor\/#primaryimage"},"thumbnailUrl":"https:\/\/buletin.de\/bucuresti\/wp-content\/uploads\/gpl-3-e1693910033823.jpeg","datePublished":"2023-09-05T08:26:34+00:00","breadcrumb":{"@id":"https:\/\/buletin.de\/bucuresti\/sector-2-i-statii-gpl-fara-autorizatii-descoperite-in-urma-controalelor\/#breadcrumb"},"inLanguage":"en-GB","potentialAction":[{"@type":"ReadAction","target":["https:\/\/buletin.de\/bucuresti\/sector-2-i-statii-gpl-fara-autorizatii-descoperite-in-urma-controalelor\/"]}]},{"@type":"ImageObject","inLanguage":"en-GB","@id":"https:\/\/buletin.de\/bucuresti\/sector-2-i-statii-gpl-fara-autorizatii-descoperite-in-urma-controalelor\/#primaryimage","url":"https:\/\/buletin.de\/bucuresti\/wp-content\/uploads\/gpl-3-e1693910033823.jpeg","contentUrl":"https:\/\/buletin.de\/bucuresti\/wp-content\/uploads\/gpl-3-e1693910033823.jpeg","width":795,"height":425},{"@type":"BreadcrumbList","@id":"https:\/\/buletin.de\/bucuresti\/sector-2-i-statii-gpl-fara-autorizatii-descoperite-in-urma-controalelor\/#breadcrumb","itemListElement":[{"@type":"ListItem","position":1,"name":"Acas\u0103","item":"https:\/\/buletin.de\/bucuresti\/"},{"@type":"ListItem","position":2,"name":"Sector 2 I Sta\u021bii GPL f\u0103r\u0103 autoriza\u021bii, descoperite \u00een urma controalelor"}]},{"@type":"WebSite","@id":"https:\/\/buletin.de\/bucuresti\/#website","url":"https:\/\/buletin.de\/bucuresti\/","name":"Buletin de Bucure\u0219ti","description":"\u0218tiri \u0219i investiga\u021bii esen\u021biale din capital\u0103","publisher":{"@id":"https:\/\/buletin.de\/bucuresti\/#organization"},"potentialAction":[{"@type":"SearchAction","target":{"@type":"EntryPoint","urlTemplate":"https:\/\/buletin.de\/bucuresti\/?s={search_term_string}"},"query-input":{"@type":"PropertyValueSpecification","valueRequired":true,"valueName":"search_term_string"}}],"inLanguage":"en-GB"},{"@type":"Organization","@id":"https:\/\/buletin.de\/bucuresti\/#organization","name":"Buletin de Bucure\u0219ti","url":"https:\/\/buletin.de\/bucuresti\/","logo":{"@type":"ImageObject","inLanguage":"en-GB","@id":"https:\/\/buletin.de\/bucuresti\/#\/schema\/logo\/image\/","url":"https:\/\/buletin.de\/bucuresti\/wp-content\/uploads\/logo-bdb-full-wide-vernil-transparent.png","contentUrl":"https:\/\/buletin.de\/bucuresti\/wp-content\/uploads\/logo-bdb-full-wide-vernil-transparent.png","width":1782,"height":626,"caption":"Buletin de Bucure\u0219ti"},"image":{"@id":"https:\/\/buletin.de\/bucuresti\/#\/schema\/logo\/image\/"},"sameAs":["https:\/\/www.facebook.com\/buletin.de.buc","https:\/\/www.instagram.com\/buletinde.bucuresti\/"]},{"@type":"Person","@id":"https:\/\/buletin.de\/bucuresti\/#\/schema\/person\/7e46040573290777280a0835d81ea4ea","name":"Diana Matei","image":{"@type":"ImageObject","inLanguage":"en-GB","@id":"https:\/\/buletin.de\/bucuresti\/wp-content\/uploads\/9-2-96x96.jpg1e8590b30871d70e62ebcdaf2eff570c","url":"https:\/\/buletin.de\/bucuresti\/wp-content\/uploads\/9-2-96x96.jpg","contentUrl":"https:\/\/buletin.de\/bucuresti\/wp-content\/uploads\/9-2-96x96.jpg","caption":"Diana Matei"},"url":"https:\/\/buletin.de\/bucuresti\/author\/dianamatei\/"}]}},"authors":[{"term_id":22574,"user_id":49,"is_guest":0,"slug":"dianamatei","display_name":"Diana Matei","avatar_url":"https:\/\/buletin.de\/bucuresti\/wp-content\/uploads\/9-2-96x96.jpg","0":null,"1":"","2":"","3":"","4":"","5":"","6":"","7":"","8":""}],"_links":{"self":[{"href":"https:\/\/buletin.de\/bucuresti\/wp-json\/wp\/v2\/posts\/62323","targetHints":{"allow":["GET"]}}],"collection":[{"href":"https:\/\/buletin.de\/bucuresti\/wp-json\/wp\/v2\/posts"}],"about":[{"href":"https:\/\/buletin.de\/bucuresti\/wp-json\/wp\/v2\/types\/post"}],"author":[{"embeddable":true,"href":"https:\/\/buletin.de\/bucuresti\/wp-json\/wp\/v2\/users\/49"}],"replies":[{"embeddable":true,"href":"https:\/\/buletin.de\/bucuresti\/wp-json\/wp\/v2\/comments?post=62323"}],"version-history":[{"count":0,"href":"https:\/\/buletin.de\/bucuresti\/wp-json\/wp\/v2\/posts\/62323\/revisions"}],"wp:featuredmedia":[{"embeddable":true,"href":"https:\/\/buletin.de\/bucuresti\/wp-json\/wp\/v2\/media\/62275"}],"wp:attachment":[{"href":"https:\/\/buletin.de\/bucuresti\/wp-json\/wp\/v2\/media?parent=62323"}],"wp:term":[{"taxonomy":"category","embeddable":true,"href":"https:\/\/buletin.de\/bucuresti\/wp-json\/wp\/v2\/categories?post=62323"},{"taxonomy":"post_tag","embeddable":true,"href":"https:\/\/buletin.de\/bucuresti\/wp-json\/wp\/v2\/tags?post=62323"},{"taxonomy":"author","embeddable":true,"href":"https:\/\/buletin.de\/bucuresti\/wp-json\/wp\/v2\/ppma_author?post=62323"}],"curies":[{"name":"wp","href":"https:\/\/api.w.org\/{rel}","templated":true}]}}