{"id":62304,"date":"2023-09-04T10:08:35","date_gmt":"2023-09-04T08:08:35","guid":{"rendered":"https:\/\/buletin.de\/bucuresti\/achizitie-publica-pentru-cinci-autospeciale-de-ridicari-auto\/"},"modified":"2023-09-04T10:08:35","modified_gmt":"2023-09-04T08:08:35","slug":"achizitie-publica-pentru-cinci-autospeciale-de-ridicari-auto","status":"publish","type":"post","link":"https:\/\/buletin.de\/bucuresti\/achizitie-publica-pentru-cinci-autospeciale-de-ridicari-auto\/","title":{"rendered":"Achizi\u0163ie public\u0103 pentru cinci autospeciale de ridic\u0103ri auto"},"content":{"rendered":"\n<p><strong>Compania Municipal\u0103 Parking anun\u0163<strong>\u0103<\/strong><\/strong>,<strong> pe SEAP, o licita\u0163ie \u00een vederea achizi\u0163ion\u0103rii a cinci autospeciale pentru ridic\u0103ri auto \u015fi transport.\u00a0Valoarea total\u0103 estimat\u0103 este de 3.750.000 lei.<\/strong><\/p>\n\n\n\n<p>Pentru evaluarea ofertelor, componenta financiar\u0103 va reprezenta 80%, iar durata de garan\u0163ie acordat\u0103 produselor va avea o pondere de 20%. Durata de garan\u0163ie va trebui s\u0103 fie de minimum 36 de luni.<\/p>\n\n\n\n<p>Contractul are o durat\u0103 de trei luni, iar termenul limit\u0103 pentru primirea ofertelor este 5 octombrie.<\/p>\n\n\n\n<p>De asemenea, Compania Parking vrea s\u0103 achizi\u0163ioneze un autoturism plug-in hybrid, cu o valoare estimat\u0103 de 137.000 de lei. Este vorba despre o licita\u0163ie desf\u0103\u015furat\u0103 prin procedura simplificat\u0103. Termenul limit\u0103 pentru primirea ofertelor este 11 septembrie, iar criteriul de atribuire \u00eel reprezint\u0103 pre\u0163ul cel mai sc\u0103zut.<\/p>\n\n\n\n<p>Recent, <a href=\"https:\/\/buletin.de\/bucuresti\/divizia-radar-de-la-pmb-3-000-de-autoturisme-pe-ora-verificate-pentru-plata-parcarii\/\">compania Parking a PMB a primit\u00a0ma\u0219ini Volkswagen e-Up! dotate cu camere foto \u2013 video digitale care sunt conectate la sistemul de plat\u0103 \u0219i pot verifica rapid dac\u0103 a fost achitat\u0103 taxa stabilit\u0103 pentru zona respectiv\u0103.<\/a><\/p>\n\n\n\n<p><\/p>\n","protected":false},"excerpt":{"rendered":"<p>Compania Municipal\u0103 Parking anun\u0163\u0103, pe SEAP, o licita\u0163ie \u00een vederea achizi\u0163ion\u0103rii a cinci autospeciale pentru ridic\u0103ri auto \u015fi transport.\u00a0Valoarea total\u0103 estimat\u0103 este de 3.750.000 lei. Pentru evaluarea ofertelor, componenta financiar\u0103 va reprezenta 80%, iar durata de garan\u0163ie acordat\u0103 produselor va avea o pondere de 20%. Durata de garan\u0163ie va trebui s\u0103 fie de minimum 36 [&hellip;]<\/p>\n","protected":false},"author":49,"featured_media":62305,"comment_status":"open","ping_status":"open","sticky":false,"template":"","format":"standard","meta":{"_acf_changed":false,"inline_featured_image":false,"ngg_post_thumbnail":0,"footnotes":""},"categories":[62,650],"tags":[1812,6110,6875,233],"ppma_author":[22574],"class_list":["post-62304","post","type-post","status-publish","format-standard","has-post-thumbnail","hentry","category-stiri","category-transport","tag-compania-municipala-parking","tag-licitatie-seap","tag-ridicari-auto","tag-seap"],"acf":[],"yoast_head":"<!-- This site is optimized with the Yoast SEO Premium plugin v25.3 (Yoast SEO v27.4) - https:\/\/yoast.com\/product\/yoast-seo-premium-wordpress\/ -->\n<title>Achizi\u0163ie public\u0103 pentru cinci autospeciale de ridic\u0103ri auto - Buletin de Bucure\u0219ti<\/title>\n<meta name=\"robots\" content=\"index, follow, max-snippet:-1, max-image-preview:large, max-video-preview:-1\" \/>\n<link rel=\"canonical\" href=\"https:\/\/buletin.de\/bucuresti\/achizitie-publica-pentru-cinci-autospeciale-de-ridicari-auto\/\" \/>\n<meta property=\"og:locale\" content=\"en_GB\" \/>\n<meta property=\"og:type\" content=\"article\" \/>\n<meta property=\"og:title\" content=\"Achizi\u0163ie public\u0103 pentru cinci autospeciale de ridic\u0103ri auto\" \/>\n<meta property=\"og:description\" content=\"Compania Municipal\u0103 Parking anun\u0163\u0103, pe SEAP, o licita\u0163ie \u00een vederea achizi\u0163ion\u0103rii a cinci autospeciale pentru ridic\u0103ri auto \u015fi transport.\u00a0Valoarea total\u0103 estimat\u0103 este de 3.750.000 lei. Pentru evaluarea ofertelor, componenta financiar\u0103 va reprezenta 80%, iar durata de garan\u0163ie acordat\u0103 produselor va avea o pondere de 20%. Durata de garan\u0163ie va trebui s\u0103 fie de minimum 36 [&hellip;]\" \/>\n<meta property=\"og:url\" content=\"https:\/\/buletin.de\/bucuresti\/achizitie-publica-pentru-cinci-autospeciale-de-ridicari-auto\/\" \/>\n<meta property=\"og:site_name\" content=\"Buletin de Bucure\u0219ti\" \/>\n<meta property=\"article:publisher\" content=\"https:\/\/www.facebook.com\/buletin.de.buc\" \/>\n<meta property=\"article:published_time\" content=\"2023-09-04T08:08:35+00:00\" \/>\n<meta property=\"og:image\" content=\"https:\/\/buletin.de\/bucuresti\/wp-content\/uploads\/Platforma-betonata.jpg\" \/>\n\t<meta property=\"og:image:width\" content=\"1600\" \/>\n\t<meta property=\"og:image:height\" content=\"900\" \/>\n\t<meta property=\"og:image:type\" content=\"image\/jpeg\" \/>\n<meta name=\"author\" content=\"Diana Matei\" \/>\n<meta name=\"twitter:card\" content=\"summary_large_image\" \/>\n<meta name=\"twitter:label1\" content=\"Written by\" \/>\n\t<meta name=\"twitter:data1\" content=\"Diana Matei\" \/>\n\t<meta name=\"twitter:label2\" content=\"Estimated reading time\" \/>\n\t<meta name=\"twitter:data2\" content=\"1 minute\" \/>\n<script type=\"application\/ld+json\" class=\"yoast-schema-graph\">{\"@context\":\"https:\\\/\\\/schema.org\",\"@graph\":[{\"@type\":\"Article\",\"@id\":\"https:\\\/\\\/buletin.de\\\/bucuresti\\\/achizitie-publica-pentru-cinci-autospeciale-de-ridicari-auto\\\/#article\",\"isPartOf\":{\"@id\":\"https:\\\/\\\/buletin.de\\\/bucuresti\\\/achizitie-publica-pentru-cinci-autospeciale-de-ridicari-auto\\\/\"},\"author\":{\"name\":\"Diana Matei\",\"@id\":\"https:\\\/\\\/buletin.de\\\/bucuresti\\\/#\\\/schema\\\/person\\\/7e46040573290777280a0835d81ea4ea\"},\"headline\":\"Achizi\u0163ie public\u0103 pentru cinci autospeciale de ridic\u0103ri auto\",\"datePublished\":\"2023-09-04T08:08:35+00:00\",\"mainEntityOfPage\":{\"@id\":\"https:\\\/\\\/buletin.de\\\/bucuresti\\\/achizitie-publica-pentru-cinci-autospeciale-de-ridicari-auto\\\/\"},\"wordCount\":171,\"commentCount\":0,\"publisher\":{\"@id\":\"https:\\\/\\\/buletin.de\\\/bucuresti\\\/#organization\"},\"image\":{\"@id\":\"https:\\\/\\\/buletin.de\\\/bucuresti\\\/achizitie-publica-pentru-cinci-autospeciale-de-ridicari-auto\\\/#primaryimage\"},\"thumbnailUrl\":\"https:\\\/\\\/buletin.de\\\/bucuresti\\\/wp-content\\\/uploads\\\/Platforma-betonata.jpg\",\"keywords\":[\"compania municipala parking\",\"licitatie SEAP\",\"ridicari auto\",\"seap\"],\"articleSection\":[\"\u0218tiri\",\"Transport\"],\"inLanguage\":\"en-GB\",\"potentialAction\":[{\"@type\":\"CommentAction\",\"name\":\"Comment\",\"target\":[\"https:\\\/\\\/buletin.de\\\/bucuresti\\\/achizitie-publica-pentru-cinci-autospeciale-de-ridicari-auto\\\/#respond\"]}],\"copyrightYear\":\"2023\",\"copyrightHolder\":{\"@id\":\"https:\\\/\\\/buletin.de\\\/bucuresti\\\/#organization\"}},{\"@type\":\"WebPage\",\"@id\":\"https:\\\/\\\/buletin.de\\\/bucuresti\\\/achizitie-publica-pentru-cinci-autospeciale-de-ridicari-auto\\\/\",\"url\":\"https:\\\/\\\/buletin.de\\\/bucuresti\\\/achizitie-publica-pentru-cinci-autospeciale-de-ridicari-auto\\\/\",\"name\":\"Achizi\u0163ie public\u0103 pentru cinci autospeciale de ridic\u0103ri auto - Buletin de Bucure\u0219ti\",\"isPartOf\":{\"@id\":\"https:\\\/\\\/buletin.de\\\/bucuresti\\\/#website\"},\"primaryImageOfPage\":{\"@id\":\"https:\\\/\\\/buletin.de\\\/bucuresti\\\/achizitie-publica-pentru-cinci-autospeciale-de-ridicari-auto\\\/#primaryimage\"},\"image\":{\"@id\":\"https:\\\/\\\/buletin.de\\\/bucuresti\\\/achizitie-publica-pentru-cinci-autospeciale-de-ridicari-auto\\\/#primaryimage\"},\"thumbnailUrl\":\"https:\\\/\\\/buletin.de\\\/bucuresti\\\/wp-content\\\/uploads\\\/Platforma-betonata.jpg\",\"datePublished\":\"2023-09-04T08:08:35+00:00\",\"breadcrumb\":{\"@id\":\"https:\\\/\\\/buletin.de\\\/bucuresti\\\/achizitie-publica-pentru-cinci-autospeciale-de-ridicari-auto\\\/#breadcrumb\"},\"inLanguage\":\"en-GB\",\"potentialAction\":[{\"@type\":\"ReadAction\",\"target\":[\"https:\\\/\\\/buletin.de\\\/bucuresti\\\/achizitie-publica-pentru-cinci-autospeciale-de-ridicari-auto\\\/\"]}]},{\"@type\":\"ImageObject\",\"inLanguage\":\"en-GB\",\"@id\":\"https:\\\/\\\/buletin.de\\\/bucuresti\\\/achizitie-publica-pentru-cinci-autospeciale-de-ridicari-auto\\\/#primaryimage\",\"url\":\"https:\\\/\\\/buletin.de\\\/bucuresti\\\/wp-content\\\/uploads\\\/Platforma-betonata.jpg\",\"contentUrl\":\"https:\\\/\\\/buletin.de\\\/bucuresti\\\/wp-content\\\/uploads\\\/Platforma-betonata.jpg\",\"width\":1600,\"height\":900},{\"@type\":\"BreadcrumbList\",\"@id\":\"https:\\\/\\\/buletin.de\\\/bucuresti\\\/achizitie-publica-pentru-cinci-autospeciale-de-ridicari-auto\\\/#breadcrumb\",\"itemListElement\":[{\"@type\":\"ListItem\",\"position\":1,\"name\":\"Acas\u0103\",\"item\":\"https:\\\/\\\/buletin.de\\\/bucuresti\\\/\"},{\"@type\":\"ListItem\",\"position\":2,\"name\":\"Achizi\u0163ie public\u0103 pentru cinci autospeciale de ridic\u0103ri auto\"}]},{\"@type\":\"WebSite\",\"@id\":\"https:\\\/\\\/buletin.de\\\/bucuresti\\\/#website\",\"url\":\"https:\\\/\\\/buletin.de\\\/bucuresti\\\/\",\"name\":\"Buletin de Bucure\u0219ti\",\"description\":\"\u0218tiri \u0219i investiga\u021bii esen\u021biale din capital\u0103\",\"publisher\":{\"@id\":\"https:\\\/\\\/buletin.de\\\/bucuresti\\\/#organization\"},\"potentialAction\":[{\"@type\":\"SearchAction\",\"target\":{\"@type\":\"EntryPoint\",\"urlTemplate\":\"https:\\\/\\\/buletin.de\\\/bucuresti\\\/?s={search_term_string}\"},\"query-input\":{\"@type\":\"PropertyValueSpecification\",\"valueRequired\":true,\"valueName\":\"search_term_string\"}}],\"inLanguage\":\"en-GB\"},{\"@type\":\"Organization\",\"@id\":\"https:\\\/\\\/buletin.de\\\/bucuresti\\\/#organization\",\"name\":\"Buletin de Bucure\u0219ti\",\"url\":\"https:\\\/\\\/buletin.de\\\/bucuresti\\\/\",\"logo\":{\"@type\":\"ImageObject\",\"inLanguage\":\"en-GB\",\"@id\":\"https:\\\/\\\/buletin.de\\\/bucuresti\\\/#\\\/schema\\\/logo\\\/image\\\/\",\"url\":\"https:\\\/\\\/buletin.de\\\/bucuresti\\\/wp-content\\\/uploads\\\/logo-bdb-full-wide-vernil-transparent.png\",\"contentUrl\":\"https:\\\/\\\/buletin.de\\\/bucuresti\\\/wp-content\\\/uploads\\\/logo-bdb-full-wide-vernil-transparent.png\",\"width\":1782,\"height\":626,\"caption\":\"Buletin de Bucure\u0219ti\"},\"image\":{\"@id\":\"https:\\\/\\\/buletin.de\\\/bucuresti\\\/#\\\/schema\\\/logo\\\/image\\\/\"},\"sameAs\":[\"https:\\\/\\\/www.facebook.com\\\/buletin.de.buc\",\"https:\\\/\\\/www.instagram.com\\\/buletinde.bucuresti\\\/\"]},{\"@type\":\"Person\",\"@id\":\"https:\\\/\\\/buletin.de\\\/bucuresti\\\/#\\\/schema\\\/person\\\/7e46040573290777280a0835d81ea4ea\",\"name\":\"Diana Matei\",\"image\":{\"@type\":\"ImageObject\",\"inLanguage\":\"en-GB\",\"@id\":\"https:\\\/\\\/buletin.de\\\/bucuresti\\\/wp-content\\\/uploads\\\/9-2-96x96.jpg1e8590b30871d70e62ebcdaf2eff570c\",\"url\":\"https:\\\/\\\/buletin.de\\\/bucuresti\\\/wp-content\\\/uploads\\\/9-2-96x96.jpg\",\"contentUrl\":\"https:\\\/\\\/buletin.de\\\/bucuresti\\\/wp-content\\\/uploads\\\/9-2-96x96.jpg\",\"caption\":\"Diana Matei\"},\"url\":\"https:\\\/\\\/buletin.de\\\/bucuresti\\\/author\\\/dianamatei\\\/\"}]}<\/script>\n<!-- \/ Yoast SEO Premium plugin. -->","yoast_head_json":{"title":"Achizi\u0163ie public\u0103 pentru cinci autospeciale de ridic\u0103ri auto - Buletin de Bucure\u0219ti","robots":{"index":"index","follow":"follow","max-snippet":"max-snippet:-1","max-image-preview":"max-image-preview:large","max-video-preview":"max-video-preview:-1"},"canonical":"https:\/\/buletin.de\/bucuresti\/achizitie-publica-pentru-cinci-autospeciale-de-ridicari-auto\/","og_locale":"en_GB","og_type":"article","og_title":"Achizi\u0163ie public\u0103 pentru cinci autospeciale de ridic\u0103ri auto","og_description":"Compania Municipal\u0103 Parking anun\u0163\u0103, pe SEAP, o licita\u0163ie \u00een vederea achizi\u0163ion\u0103rii a cinci autospeciale pentru ridic\u0103ri auto \u015fi transport.\u00a0Valoarea total\u0103 estimat\u0103 este de 3.750.000 lei. Pentru evaluarea ofertelor, componenta financiar\u0103 va reprezenta 80%, iar durata de garan\u0163ie acordat\u0103 produselor va avea o pondere de 20%. Durata de garan\u0163ie va trebui s\u0103 fie de minimum 36 [&hellip;]","og_url":"https:\/\/buletin.de\/bucuresti\/achizitie-publica-pentru-cinci-autospeciale-de-ridicari-auto\/","og_site_name":"Buletin de Bucure\u0219ti","article_publisher":"https:\/\/www.facebook.com\/buletin.de.buc","article_published_time":"2023-09-04T08:08:35+00:00","og_image":[{"width":1600,"height":900,"url":"https:\/\/buletin.de\/bucuresti\/wp-content\/uploads\/Platforma-betonata.jpg","type":"image\/jpeg"}],"author":"Diana Matei","twitter_card":"summary_large_image","twitter_misc":{"Written by":"Diana Matei","Estimated reading time":"1 minute"},"schema":{"@context":"https:\/\/schema.org","@graph":[{"@type":"Article","@id":"https:\/\/buletin.de\/bucuresti\/achizitie-publica-pentru-cinci-autospeciale-de-ridicari-auto\/#article","isPartOf":{"@id":"https:\/\/buletin.de\/bucuresti\/achizitie-publica-pentru-cinci-autospeciale-de-ridicari-auto\/"},"author":{"name":"Diana Matei","@id":"https:\/\/buletin.de\/bucuresti\/#\/schema\/person\/7e46040573290777280a0835d81ea4ea"},"headline":"Achizi\u0163ie public\u0103 pentru cinci autospeciale de ridic\u0103ri auto","datePublished":"2023-09-04T08:08:35+00:00","mainEntityOfPage":{"@id":"https:\/\/buletin.de\/bucuresti\/achizitie-publica-pentru-cinci-autospeciale-de-ridicari-auto\/"},"wordCount":171,"commentCount":0,"publisher":{"@id":"https:\/\/buletin.de\/bucuresti\/#organization"},"image":{"@id":"https:\/\/buletin.de\/bucuresti\/achizitie-publica-pentru-cinci-autospeciale-de-ridicari-auto\/#primaryimage"},"thumbnailUrl":"https:\/\/buletin.de\/bucuresti\/wp-content\/uploads\/Platforma-betonata.jpg","keywords":["compania municipala parking","licitatie SEAP","ridicari auto","seap"],"articleSection":["\u0218tiri","Transport"],"inLanguage":"en-GB","potentialAction":[{"@type":"CommentAction","name":"Comment","target":["https:\/\/buletin.de\/bucuresti\/achizitie-publica-pentru-cinci-autospeciale-de-ridicari-auto\/#respond"]}],"copyrightYear":"2023","copyrightHolder":{"@id":"https:\/\/buletin.de\/bucuresti\/#organization"}},{"@type":"WebPage","@id":"https:\/\/buletin.de\/bucuresti\/achizitie-publica-pentru-cinci-autospeciale-de-ridicari-auto\/","url":"https:\/\/buletin.de\/bucuresti\/achizitie-publica-pentru-cinci-autospeciale-de-ridicari-auto\/","name":"Achizi\u0163ie public\u0103 pentru cinci autospeciale de ridic\u0103ri auto - Buletin de Bucure\u0219ti","isPartOf":{"@id":"https:\/\/buletin.de\/bucuresti\/#website"},"primaryImageOfPage":{"@id":"https:\/\/buletin.de\/bucuresti\/achizitie-publica-pentru-cinci-autospeciale-de-ridicari-auto\/#primaryimage"},"image":{"@id":"https:\/\/buletin.de\/bucuresti\/achizitie-publica-pentru-cinci-autospeciale-de-ridicari-auto\/#primaryimage"},"thumbnailUrl":"https:\/\/buletin.de\/bucuresti\/wp-content\/uploads\/Platforma-betonata.jpg","datePublished":"2023-09-04T08:08:35+00:00","breadcrumb":{"@id":"https:\/\/buletin.de\/bucuresti\/achizitie-publica-pentru-cinci-autospeciale-de-ridicari-auto\/#breadcrumb"},"inLanguage":"en-GB","potentialAction":[{"@type":"ReadAction","target":["https:\/\/buletin.de\/bucuresti\/achizitie-publica-pentru-cinci-autospeciale-de-ridicari-auto\/"]}]},{"@type":"ImageObject","inLanguage":"en-GB","@id":"https:\/\/buletin.de\/bucuresti\/achizitie-publica-pentru-cinci-autospeciale-de-ridicari-auto\/#primaryimage","url":"https:\/\/buletin.de\/bucuresti\/wp-content\/uploads\/Platforma-betonata.jpg","contentUrl":"https:\/\/buletin.de\/bucuresti\/wp-content\/uploads\/Platforma-betonata.jpg","width":1600,"height":900},{"@type":"BreadcrumbList","@id":"https:\/\/buletin.de\/bucuresti\/achizitie-publica-pentru-cinci-autospeciale-de-ridicari-auto\/#breadcrumb","itemListElement":[{"@type":"ListItem","position":1,"name":"Acas\u0103","item":"https:\/\/buletin.de\/bucuresti\/"},{"@type":"ListItem","position":2,"name":"Achizi\u0163ie public\u0103 pentru cinci autospeciale de ridic\u0103ri auto"}]},{"@type":"WebSite","@id":"https:\/\/buletin.de\/bucuresti\/#website","url":"https:\/\/buletin.de\/bucuresti\/","name":"Buletin de Bucure\u0219ti","description":"\u0218tiri \u0219i investiga\u021bii esen\u021biale din capital\u0103","publisher":{"@id":"https:\/\/buletin.de\/bucuresti\/#organization"},"potentialAction":[{"@type":"SearchAction","target":{"@type":"EntryPoint","urlTemplate":"https:\/\/buletin.de\/bucuresti\/?s={search_term_string}"},"query-input":{"@type":"PropertyValueSpecification","valueRequired":true,"valueName":"search_term_string"}}],"inLanguage":"en-GB"},{"@type":"Organization","@id":"https:\/\/buletin.de\/bucuresti\/#organization","name":"Buletin de Bucure\u0219ti","url":"https:\/\/buletin.de\/bucuresti\/","logo":{"@type":"ImageObject","inLanguage":"en-GB","@id":"https:\/\/buletin.de\/bucuresti\/#\/schema\/logo\/image\/","url":"https:\/\/buletin.de\/bucuresti\/wp-content\/uploads\/logo-bdb-full-wide-vernil-transparent.png","contentUrl":"https:\/\/buletin.de\/bucuresti\/wp-content\/uploads\/logo-bdb-full-wide-vernil-transparent.png","width":1782,"height":626,"caption":"Buletin de Bucure\u0219ti"},"image":{"@id":"https:\/\/buletin.de\/bucuresti\/#\/schema\/logo\/image\/"},"sameAs":["https:\/\/www.facebook.com\/buletin.de.buc","https:\/\/www.instagram.com\/buletinde.bucuresti\/"]},{"@type":"Person","@id":"https:\/\/buletin.de\/bucuresti\/#\/schema\/person\/7e46040573290777280a0835d81ea4ea","name":"Diana Matei","image":{"@type":"ImageObject","inLanguage":"en-GB","@id":"https:\/\/buletin.de\/bucuresti\/wp-content\/uploads\/9-2-96x96.jpg1e8590b30871d70e62ebcdaf2eff570c","url":"https:\/\/buletin.de\/bucuresti\/wp-content\/uploads\/9-2-96x96.jpg","contentUrl":"https:\/\/buletin.de\/bucuresti\/wp-content\/uploads\/9-2-96x96.jpg","caption":"Diana Matei"},"url":"https:\/\/buletin.de\/bucuresti\/author\/dianamatei\/"}]}},"authors":[{"term_id":22574,"user_id":49,"is_guest":0,"slug":"dianamatei","display_name":"Diana Matei","avatar_url":"https:\/\/buletin.de\/bucuresti\/wp-content\/uploads\/9-2-96x96.jpg","0":null,"1":"","2":"","3":"","4":"","5":"","6":"","7":"","8":""}],"_links":{"self":[{"href":"https:\/\/buletin.de\/bucuresti\/wp-json\/wp\/v2\/posts\/62304","targetHints":{"allow":["GET"]}}],"collection":[{"href":"https:\/\/buletin.de\/bucuresti\/wp-json\/wp\/v2\/posts"}],"about":[{"href":"https:\/\/buletin.de\/bucuresti\/wp-json\/wp\/v2\/types\/post"}],"author":[{"embeddable":true,"href":"https:\/\/buletin.de\/bucuresti\/wp-json\/wp\/v2\/users\/49"}],"replies":[{"embeddable":true,"href":"https:\/\/buletin.de\/bucuresti\/wp-json\/wp\/v2\/comments?post=62304"}],"version-history":[{"count":0,"href":"https:\/\/buletin.de\/bucuresti\/wp-json\/wp\/v2\/posts\/62304\/revisions"}],"wp:featuredmedia":[{"embeddable":true,"href":"https:\/\/buletin.de\/bucuresti\/wp-json\/wp\/v2\/media\/62305"}],"wp:attachment":[{"href":"https:\/\/buletin.de\/bucuresti\/wp-json\/wp\/v2\/media?parent=62304"}],"wp:term":[{"taxonomy":"category","embeddable":true,"href":"https:\/\/buletin.de\/bucuresti\/wp-json\/wp\/v2\/categories?post=62304"},{"taxonomy":"post_tag","embeddable":true,"href":"https:\/\/buletin.de\/bucuresti\/wp-json\/wp\/v2\/tags?post=62304"},{"taxonomy":"author","embeddable":true,"href":"https:\/\/buletin.de\/bucuresti\/wp-json\/wp\/v2\/ppma_author?post=62304"}],"curies":[{"name":"wp","href":"https:\/\/api.w.org\/{rel}","templated":true}]}}