{"id":62300,"date":"2023-09-04T08:00:18","date_gmt":"2023-09-04T06:00:18","guid":{"rendered":"https:\/\/buletin.de\/bucuresti\/o-a-patra-persoana-a-murit-in-urma-ranilor-din-explozia-de-la-crevedia\/"},"modified":"2023-09-04T08:00:18","modified_gmt":"2023-09-04T06:00:18","slug":"o-a-patra-persoana-a-murit-in-urma-ranilor-din-explozia-de-la-crevedia","status":"publish","type":"post","link":"https:\/\/buletin.de\/bucuresti\/o-a-patra-persoana-a-murit-in-urma-ranilor-din-explozia-de-la-crevedia\/","title":{"rendered":"O a patra persoan\u0103 a murit, \u00een urma r\u0103nilor din explozia de la Crevedia"},"content":{"rendered":"\n<p><strong>Unul din pacien\u0163ii cu arsuri pe 95% din suprafa\u0163a corpului, victim\u0103 a exploziei de la Crevedia, a murit \u00een diminea\u021ba zilei de luni, 9 septembrie, la Spitalul Floreasca, conform Ministerului S\u0103n\u0103t\u0103\u021bii. Este a patra persoan\u0103 decedat\u0103 \u00een urma \u00een urma r\u0103nilor din explozia de la Crevedia.<\/strong><\/p>\n\n\n\n<p>Conform comunicatului Ministerului, pacientul se afla<em> \u00een stare foarte grav\u0103 \u00eenc\u0103 de la \u00eenceputul internarii<\/em>.&nbsp;<\/p>\n\n\n\n<p>S\u00e2mb\u0103t\u0103 sear\u0103, \u00een localitatea Crevedia, o sta\u021bie de Gaz Petrol Lichefiat (GPL) a explodat. Incidentul s-a soldat cu peste 50 de r\u0103ni\u021bi. Sta\u021bia func\u021biona f\u0103r\u0103 autoriza\u021bie de securitate la incendiu, i-ar firma care de\u021binea sta\u021bia trebuia s\u0103-\u0219i fi suspendat activitatea. Potrivit informa\u021biilor Digi24, un raport al pompierilor din 2020 arat\u0103 c\u0103 firma folosea pompe neomologate \u0219i nu era respectat\u0103 distan\u021ba legal\u0103 fa\u021b\u0103 de case \u0219i liniile de electricitate. \u0218apte institutii au stiut despre aceste nereguli.<\/p>\n\n\n\n<p>\u00cen momentul acesta Direc\u021bia Na\u021bional\u0103 Anticorup\u021bie (DNA) are \u00eenregistrate dou\u0103 dosare, \u00een urma sesiz\u0103rilor din oficiu, \u00een cadrul c\u0103rora sunt cercetate posibile infrac\u021biuni de abuz \u00een serviciu care ar fi putut duce la autorizarea sta\u021biei GPL din localitatea Crevedia.<\/p>\n\n\n\n<p>Buletin de Bucure\u0219ti <a href=\"https:\/\/buletin.de\/bucuresti\/harta-interactiva-595-dintre-statiile-gpl-si-de-carburanti-din-bucuresti-sunt-surse-de-risc-pentru-incendiu\/\">a analizat zeci de pagini<\/a> din Planul de Analiz\u0103 \u0219i Acoperire a Riscurilor din Municipiul Bucure\u0219ti \u0219i a descoperit c\u0103 226 de sta\u021bii de distribu\u021bie GPL \u0219i carburan\u021bi (motorin\u0103 \u0219i benzin\u0103), dintr-un total de 380, prezint\u0103 risc de incendiu.<\/p>\n\n\n\n<p>96 de sta\u021bii GPL independente din Bucure\u0219ti \u0219i Ilfov au fost controlate \u00eentre 2022 \u0219i 2023 de ofi\u021berii de la Inspectoratul pentru Situa\u021bii de Urgen\u021b\u0103 (ISU). <a href=\"https:\/\/buletin.de\/bucuresti\/grafic-isu-bucuresti-ilfov-una-din-patru-statii-gpl-verificate-intre-2022-si-2023-neautorizata-controalele-din-capitala-doar-la-64-dintre-cele-catalogate-surse-de-risc-pentru-incendiu\/\">La fiecare patru astfel de sta\u021bii verificate, una nu avea autoriza\u021biile necesare pentru a func\u021biona.<\/a><\/p>\n\n\n\n<figure class=\"wp-block-embed is-type-wp-embed is-provider-buletin-de-bucure\u0219ti wp-block-embed-buletin-de-bucure\u0219ti\"><div class=\"wp-block-embed__wrapper\">\n<blockquote class=\"wp-embedded-content\" data-secret=\"WUUXVBqbpm\"><a href=\"https:\/\/buletin.de\/bucuresti\/alerta-in-capitala-scurgere-de-gaz-la-o-statie-gpl-din-zona-vitan-barzesti-pompa-de-distributie-apare-si-pe-harta-statiilor-gpl-cu-risc-de-incendiu\/\">Alert\u0103 \u00een Capital\u0103 | Scurgere de gaz la o sta\u021bie GPL din zona Vitan-B\u00e2rze\u0219ti. Pompa de distribu\u021bie apare \u0219i pe harta sta\u021biilor GPL cu risc de incendiu<\/a><\/blockquote><iframe class=\"wp-embedded-content\" sandbox=\"allow-scripts\" security=\"restricted\" style=\"position: absolute; clip: rect(1px, 1px, 1px, 1px);\" title=\"&#8220;Alert\u0103 \u00een Capital\u0103 | Scurgere de gaz la o sta\u021bie GPL din zona Vitan-B\u00e2rze\u0219ti. Pompa de distribu\u021bie apare \u0219i pe harta sta\u021biilor GPL cu risc de incendiu&#8221; &#8212; Buletin de Bucure\u0219ti\" src=\"https:\/\/buletin.de\/bucuresti\/alerta-in-capitala-scurgere-de-gaz-la-o-statie-gpl-din-zona-vitan-barzesti-pompa-de-distributie-apare-si-pe-harta-statiilor-gpl-cu-risc-de-incendiu\/embed\/#?secret=s2lGXXqqDn#?secret=WUUXVBqbpm\" data-secret=\"WUUXVBqbpm\" width=\"600\" height=\"338\" frameborder=\"0\" marginwidth=\"0\" marginheight=\"0\" scrolling=\"no\"><\/iframe>\n<\/div><\/figure>\n","protected":false},"excerpt":{"rendered":"<p>Unul din pacien\u0163ii cu arsuri pe 95% din suprafa\u0163a corpului, victim\u0103 a exploziei de la Crevedia, a murit \u00een diminea\u021ba zilei de luni, 9 septembrie, la Spitalul Floreasca, conform Ministerului S\u0103n\u0103t\u0103\u021bii. Este a patra persoan\u0103 decedat\u0103 \u00een urma \u00een urma r\u0103nilor din explozia de la Crevedia. Conform comunicatului Ministerului, pacientul se afla \u00een stare foarte [&hellip;]<\/p>\n","protected":false},"author":47,"featured_media":62160,"comment_status":"open","ping_status":"open","sticky":false,"template":"","format":"standard","meta":{"_acf_changed":false,"inline_featured_image":false,"ngg_post_thumbnail":0,"footnotes":""},"categories":[4,62],"tags":[6869,6870,2241,6807,1537,2976,1170,6871,6812,1158,561,6872,5028,18],"ppma_author":[22580],"class_list":["post-62300","post","type-post","status-publish","format-standard","has-post-thumbnail","hentry","category-sanatate","category-stiri","tag-a-patra","tag-autorizatie","tag-comunicat","tag-crevedia","tag-deces","tag-explozie","tag-floreasca","tag-gaz-petrol-lichefiat","tag-gpl","tag-harta","tag-ministerul-sanatatii","tag-patru","tag-raniti","tag-spital"],"acf":[],"yoast_head":"<!-- This site is optimized with the Yoast SEO Premium plugin v25.3 (Yoast SEO v27.4) - https:\/\/yoast.com\/product\/yoast-seo-premium-wordpress\/ -->\n<title>O a patra persoan\u0103 a murit, \u00een urma r\u0103nilor din explozia de la Crevedia - Buletin de Bucure\u0219ti<\/title>\n<meta name=\"robots\" content=\"index, follow, max-snippet:-1, max-image-preview:large, max-video-preview:-1\" \/>\n<link rel=\"canonical\" href=\"https:\/\/buletin.de\/bucuresti\/o-a-patra-persoana-a-murit-in-urma-ranilor-din-explozia-de-la-crevedia\/\" \/>\n<meta property=\"og:locale\" content=\"en_GB\" \/>\n<meta property=\"og:type\" content=\"article\" \/>\n<meta property=\"og:title\" content=\"O a patra persoan\u0103 a murit, \u00een urma r\u0103nilor din explozia de la Crevedia\" \/>\n<meta property=\"og:description\" content=\"Unul din pacien\u0163ii cu arsuri pe 95% din suprafa\u0163a corpului, victim\u0103 a exploziei de la Crevedia, a murit \u00een diminea\u021ba zilei de luni, 9 septembrie, la Spitalul Floreasca, conform Ministerului S\u0103n\u0103t\u0103\u021bii. Este a patra persoan\u0103 decedat\u0103 \u00een urma \u00een urma r\u0103nilor din explozia de la Crevedia. Conform comunicatului Ministerului, pacientul se afla \u00een stare foarte [&hellip;]\" \/>\n<meta property=\"og:url\" content=\"https:\/\/buletin.de\/bucuresti\/o-a-patra-persoana-a-murit-in-urma-ranilor-din-explozia-de-la-crevedia\/\" \/>\n<meta property=\"og:site_name\" content=\"Buletin de Bucure\u0219ti\" \/>\n<meta property=\"article:publisher\" content=\"https:\/\/www.facebook.com\/buletin.de.buc\" \/>\n<meta property=\"article:published_time\" content=\"2023-09-04T06:00:18+00:00\" \/>\n<meta property=\"og:image\" content=\"https:\/\/buletin.de\/bucuresti\/wp-content\/uploads\/1000009457.png\" \/>\n\t<meta property=\"og:image:width\" content=\"1908\" \/>\n\t<meta property=\"og:image:height\" content=\"993\" \/>\n\t<meta property=\"og:image:type\" content=\"image\/png\" \/>\n<meta name=\"author\" content=\"Adina C\u0103p\u00eelnean\" \/>\n<meta name=\"twitter:card\" content=\"summary_large_image\" \/>\n<meta name=\"twitter:label1\" content=\"Written by\" \/>\n\t<meta name=\"twitter:data1\" content=\"Adina C\u0103p\u00eelnean\" \/>\n\t<meta name=\"twitter:label2\" content=\"Estimated reading time\" \/>\n\t<meta name=\"twitter:data2\" content=\"2 minutes\" \/>\n<script type=\"application\/ld+json\" class=\"yoast-schema-graph\">{\"@context\":\"https:\\\/\\\/schema.org\",\"@graph\":[{\"@type\":\"Article\",\"@id\":\"https:\\\/\\\/buletin.de\\\/bucuresti\\\/o-a-patra-persoana-a-murit-in-urma-ranilor-din-explozia-de-la-crevedia\\\/#article\",\"isPartOf\":{\"@id\":\"https:\\\/\\\/buletin.de\\\/bucuresti\\\/o-a-patra-persoana-a-murit-in-urma-ranilor-din-explozia-de-la-crevedia\\\/\"},\"author\":{\"name\":\"Adina C\u0103p\u00eelnean\",\"@id\":\"https:\\\/\\\/buletin.de\\\/bucuresti\\\/#\\\/schema\\\/person\\\/ab174cf6711728e4ee83d672acf9a912\"},\"headline\":\"O a patra persoan\u0103 a murit, \u00een urma r\u0103nilor din explozia de la Crevedia\",\"datePublished\":\"2023-09-04T06:00:18+00:00\",\"mainEntityOfPage\":{\"@id\":\"https:\\\/\\\/buletin.de\\\/bucuresti\\\/o-a-patra-persoana-a-murit-in-urma-ranilor-din-explozia-de-la-crevedia\\\/\"},\"wordCount\":311,\"commentCount\":0,\"publisher\":{\"@id\":\"https:\\\/\\\/buletin.de\\\/bucuresti\\\/#organization\"},\"image\":{\"@id\":\"https:\\\/\\\/buletin.de\\\/bucuresti\\\/o-a-patra-persoana-a-murit-in-urma-ranilor-din-explozia-de-la-crevedia\\\/#primaryimage\"},\"thumbnailUrl\":\"https:\\\/\\\/buletin.de\\\/bucuresti\\\/wp-content\\\/uploads\\\/1000009457.png\",\"keywords\":[\"a patra\",\"autorizatie\",\"comunicat\",\"crevedia\",\"deces\",\"explozie\",\"floreasca\",\"gaz petrol lichefiat\",\"Gpl\",\"harta\",\"ministerul sanatatii\",\"patru\",\"raniti\",\"spital\"],\"articleSection\":[\"S\u0103n\u0103tate\",\"\u0218tiri\"],\"inLanguage\":\"en-GB\",\"potentialAction\":[{\"@type\":\"CommentAction\",\"name\":\"Comment\",\"target\":[\"https:\\\/\\\/buletin.de\\\/bucuresti\\\/o-a-patra-persoana-a-murit-in-urma-ranilor-din-explozia-de-la-crevedia\\\/#respond\"]}],\"copyrightYear\":\"2023\",\"copyrightHolder\":{\"@id\":\"https:\\\/\\\/buletin.de\\\/bucuresti\\\/#organization\"}},{\"@type\":\"WebPage\",\"@id\":\"https:\\\/\\\/buletin.de\\\/bucuresti\\\/o-a-patra-persoana-a-murit-in-urma-ranilor-din-explozia-de-la-crevedia\\\/\",\"url\":\"https:\\\/\\\/buletin.de\\\/bucuresti\\\/o-a-patra-persoana-a-murit-in-urma-ranilor-din-explozia-de-la-crevedia\\\/\",\"name\":\"O a patra persoan\u0103 a murit, \u00een urma r\u0103nilor din explozia de la Crevedia - Buletin de Bucure\u0219ti\",\"isPartOf\":{\"@id\":\"https:\\\/\\\/buletin.de\\\/bucuresti\\\/#website\"},\"primaryImageOfPage\":{\"@id\":\"https:\\\/\\\/buletin.de\\\/bucuresti\\\/o-a-patra-persoana-a-murit-in-urma-ranilor-din-explozia-de-la-crevedia\\\/#primaryimage\"},\"image\":{\"@id\":\"https:\\\/\\\/buletin.de\\\/bucuresti\\\/o-a-patra-persoana-a-murit-in-urma-ranilor-din-explozia-de-la-crevedia\\\/#primaryimage\"},\"thumbnailUrl\":\"https:\\\/\\\/buletin.de\\\/bucuresti\\\/wp-content\\\/uploads\\\/1000009457.png\",\"datePublished\":\"2023-09-04T06:00:18+00:00\",\"breadcrumb\":{\"@id\":\"https:\\\/\\\/buletin.de\\\/bucuresti\\\/o-a-patra-persoana-a-murit-in-urma-ranilor-din-explozia-de-la-crevedia\\\/#breadcrumb\"},\"inLanguage\":\"en-GB\",\"potentialAction\":[{\"@type\":\"ReadAction\",\"target\":[\"https:\\\/\\\/buletin.de\\\/bucuresti\\\/o-a-patra-persoana-a-murit-in-urma-ranilor-din-explozia-de-la-crevedia\\\/\"]}]},{\"@type\":\"ImageObject\",\"inLanguage\":\"en-GB\",\"@id\":\"https:\\\/\\\/buletin.de\\\/bucuresti\\\/o-a-patra-persoana-a-murit-in-urma-ranilor-din-explozia-de-la-crevedia\\\/#primaryimage\",\"url\":\"https:\\\/\\\/buletin.de\\\/bucuresti\\\/wp-content\\\/uploads\\\/1000009457.png\",\"contentUrl\":\"https:\\\/\\\/buletin.de\\\/bucuresti\\\/wp-content\\\/uploads\\\/1000009457.png\",\"width\":1908,\"height\":993},{\"@type\":\"BreadcrumbList\",\"@id\":\"https:\\\/\\\/buletin.de\\\/bucuresti\\\/o-a-patra-persoana-a-murit-in-urma-ranilor-din-explozia-de-la-crevedia\\\/#breadcrumb\",\"itemListElement\":[{\"@type\":\"ListItem\",\"position\":1,\"name\":\"Acas\u0103\",\"item\":\"https:\\\/\\\/buletin.de\\\/bucuresti\\\/\"},{\"@type\":\"ListItem\",\"position\":2,\"name\":\"O a patra persoan\u0103 a murit, \u00een urma r\u0103nilor din explozia de la Crevedia\"}]},{\"@type\":\"WebSite\",\"@id\":\"https:\\\/\\\/buletin.de\\\/bucuresti\\\/#website\",\"url\":\"https:\\\/\\\/buletin.de\\\/bucuresti\\\/\",\"name\":\"Buletin de Bucure\u0219ti\",\"description\":\"\u0218tiri \u0219i investiga\u021bii esen\u021biale din capital\u0103\",\"publisher\":{\"@id\":\"https:\\\/\\\/buletin.de\\\/bucuresti\\\/#organization\"},\"potentialAction\":[{\"@type\":\"SearchAction\",\"target\":{\"@type\":\"EntryPoint\",\"urlTemplate\":\"https:\\\/\\\/buletin.de\\\/bucuresti\\\/?s={search_term_string}\"},\"query-input\":{\"@type\":\"PropertyValueSpecification\",\"valueRequired\":true,\"valueName\":\"search_term_string\"}}],\"inLanguage\":\"en-GB\"},{\"@type\":\"Organization\",\"@id\":\"https:\\\/\\\/buletin.de\\\/bucuresti\\\/#organization\",\"name\":\"Buletin de Bucure\u0219ti\",\"url\":\"https:\\\/\\\/buletin.de\\\/bucuresti\\\/\",\"logo\":{\"@type\":\"ImageObject\",\"inLanguage\":\"en-GB\",\"@id\":\"https:\\\/\\\/buletin.de\\\/bucuresti\\\/#\\\/schema\\\/logo\\\/image\\\/\",\"url\":\"https:\\\/\\\/buletin.de\\\/bucuresti\\\/wp-content\\\/uploads\\\/logo-bdb-full-wide-vernil-transparent.png\",\"contentUrl\":\"https:\\\/\\\/buletin.de\\\/bucuresti\\\/wp-content\\\/uploads\\\/logo-bdb-full-wide-vernil-transparent.png\",\"width\":1782,\"height\":626,\"caption\":\"Buletin de Bucure\u0219ti\"},\"image\":{\"@id\":\"https:\\\/\\\/buletin.de\\\/bucuresti\\\/#\\\/schema\\\/logo\\\/image\\\/\"},\"sameAs\":[\"https:\\\/\\\/www.facebook.com\\\/buletin.de.buc\",\"https:\\\/\\\/www.instagram.com\\\/buletinde.bucuresti\\\/\"]},{\"@type\":\"Person\",\"@id\":\"https:\\\/\\\/buletin.de\\\/bucuresti\\\/#\\\/schema\\\/person\\\/ab174cf6711728e4ee83d672acf9a912\",\"name\":\"Adina C\u0103p\u00eelnean\",\"image\":{\"@type\":\"ImageObject\",\"inLanguage\":\"en-GB\",\"@id\":\"https:\\\/\\\/secure.gravatar.com\\\/avatar\\\/4fe9675d6282fd7c1aa4e486a037d532d5728fc16a30360f293eb6126b2e73ad?s=96&d=monsterid&r=ge2b23868508aec3460d3c6a11d3b599a\",\"url\":\"https:\\\/\\\/secure.gravatar.com\\\/avatar\\\/4fe9675d6282fd7c1aa4e486a037d532d5728fc16a30360f293eb6126b2e73ad?s=96&d=monsterid&r=g\",\"contentUrl\":\"https:\\\/\\\/secure.gravatar.com\\\/avatar\\\/4fe9675d6282fd7c1aa4e486a037d532d5728fc16a30360f293eb6126b2e73ad?s=96&d=monsterid&r=g\",\"caption\":\"Adina C\u0103p\u00eelnean\"},\"url\":\"https:\\\/\\\/buletin.de\\\/bucuresti\\\/author\\\/adinacapilnean\\\/\"}]}<\/script>\n<!-- \/ Yoast SEO Premium plugin. -->","yoast_head_json":{"title":"O a patra persoan\u0103 a murit, \u00een urma r\u0103nilor din explozia de la Crevedia - Buletin de Bucure\u0219ti","robots":{"index":"index","follow":"follow","max-snippet":"max-snippet:-1","max-image-preview":"max-image-preview:large","max-video-preview":"max-video-preview:-1"},"canonical":"https:\/\/buletin.de\/bucuresti\/o-a-patra-persoana-a-murit-in-urma-ranilor-din-explozia-de-la-crevedia\/","og_locale":"en_GB","og_type":"article","og_title":"O a patra persoan\u0103 a murit, \u00een urma r\u0103nilor din explozia de la Crevedia","og_description":"Unul din pacien\u0163ii cu arsuri pe 95% din suprafa\u0163a corpului, victim\u0103 a exploziei de la Crevedia, a murit \u00een diminea\u021ba zilei de luni, 9 septembrie, la Spitalul Floreasca, conform Ministerului S\u0103n\u0103t\u0103\u021bii. Este a patra persoan\u0103 decedat\u0103 \u00een urma \u00een urma r\u0103nilor din explozia de la Crevedia. Conform comunicatului Ministerului, pacientul se afla \u00een stare foarte [&hellip;]","og_url":"https:\/\/buletin.de\/bucuresti\/o-a-patra-persoana-a-murit-in-urma-ranilor-din-explozia-de-la-crevedia\/","og_site_name":"Buletin de Bucure\u0219ti","article_publisher":"https:\/\/www.facebook.com\/buletin.de.buc","article_published_time":"2023-09-04T06:00:18+00:00","og_image":[{"width":1908,"height":993,"url":"https:\/\/buletin.de\/bucuresti\/wp-content\/uploads\/1000009457.png","type":"image\/png"}],"author":"Adina C\u0103p\u00eelnean","twitter_card":"summary_large_image","twitter_misc":{"Written by":"Adina C\u0103p\u00eelnean","Estimated reading time":"2 minutes"},"schema":{"@context":"https:\/\/schema.org","@graph":[{"@type":"Article","@id":"https:\/\/buletin.de\/bucuresti\/o-a-patra-persoana-a-murit-in-urma-ranilor-din-explozia-de-la-crevedia\/#article","isPartOf":{"@id":"https:\/\/buletin.de\/bucuresti\/o-a-patra-persoana-a-murit-in-urma-ranilor-din-explozia-de-la-crevedia\/"},"author":{"name":"Adina C\u0103p\u00eelnean","@id":"https:\/\/buletin.de\/bucuresti\/#\/schema\/person\/ab174cf6711728e4ee83d672acf9a912"},"headline":"O a patra persoan\u0103 a murit, \u00een urma r\u0103nilor din explozia de la Crevedia","datePublished":"2023-09-04T06:00:18+00:00","mainEntityOfPage":{"@id":"https:\/\/buletin.de\/bucuresti\/o-a-patra-persoana-a-murit-in-urma-ranilor-din-explozia-de-la-crevedia\/"},"wordCount":311,"commentCount":0,"publisher":{"@id":"https:\/\/buletin.de\/bucuresti\/#organization"},"image":{"@id":"https:\/\/buletin.de\/bucuresti\/o-a-patra-persoana-a-murit-in-urma-ranilor-din-explozia-de-la-crevedia\/#primaryimage"},"thumbnailUrl":"https:\/\/buletin.de\/bucuresti\/wp-content\/uploads\/1000009457.png","keywords":["a patra","autorizatie","comunicat","crevedia","deces","explozie","floreasca","gaz petrol lichefiat","Gpl","harta","ministerul sanatatii","patru","raniti","spital"],"articleSection":["S\u0103n\u0103tate","\u0218tiri"],"inLanguage":"en-GB","potentialAction":[{"@type":"CommentAction","name":"Comment","target":["https:\/\/buletin.de\/bucuresti\/o-a-patra-persoana-a-murit-in-urma-ranilor-din-explozia-de-la-crevedia\/#respond"]}],"copyrightYear":"2023","copyrightHolder":{"@id":"https:\/\/buletin.de\/bucuresti\/#organization"}},{"@type":"WebPage","@id":"https:\/\/buletin.de\/bucuresti\/o-a-patra-persoana-a-murit-in-urma-ranilor-din-explozia-de-la-crevedia\/","url":"https:\/\/buletin.de\/bucuresti\/o-a-patra-persoana-a-murit-in-urma-ranilor-din-explozia-de-la-crevedia\/","name":"O a patra persoan\u0103 a murit, \u00een urma r\u0103nilor din explozia de la Crevedia - Buletin de Bucure\u0219ti","isPartOf":{"@id":"https:\/\/buletin.de\/bucuresti\/#website"},"primaryImageOfPage":{"@id":"https:\/\/buletin.de\/bucuresti\/o-a-patra-persoana-a-murit-in-urma-ranilor-din-explozia-de-la-crevedia\/#primaryimage"},"image":{"@id":"https:\/\/buletin.de\/bucuresti\/o-a-patra-persoana-a-murit-in-urma-ranilor-din-explozia-de-la-crevedia\/#primaryimage"},"thumbnailUrl":"https:\/\/buletin.de\/bucuresti\/wp-content\/uploads\/1000009457.png","datePublished":"2023-09-04T06:00:18+00:00","breadcrumb":{"@id":"https:\/\/buletin.de\/bucuresti\/o-a-patra-persoana-a-murit-in-urma-ranilor-din-explozia-de-la-crevedia\/#breadcrumb"},"inLanguage":"en-GB","potentialAction":[{"@type":"ReadAction","target":["https:\/\/buletin.de\/bucuresti\/o-a-patra-persoana-a-murit-in-urma-ranilor-din-explozia-de-la-crevedia\/"]}]},{"@type":"ImageObject","inLanguage":"en-GB","@id":"https:\/\/buletin.de\/bucuresti\/o-a-patra-persoana-a-murit-in-urma-ranilor-din-explozia-de-la-crevedia\/#primaryimage","url":"https:\/\/buletin.de\/bucuresti\/wp-content\/uploads\/1000009457.png","contentUrl":"https:\/\/buletin.de\/bucuresti\/wp-content\/uploads\/1000009457.png","width":1908,"height":993},{"@type":"BreadcrumbList","@id":"https:\/\/buletin.de\/bucuresti\/o-a-patra-persoana-a-murit-in-urma-ranilor-din-explozia-de-la-crevedia\/#breadcrumb","itemListElement":[{"@type":"ListItem","position":1,"name":"Acas\u0103","item":"https:\/\/buletin.de\/bucuresti\/"},{"@type":"ListItem","position":2,"name":"O a patra persoan\u0103 a murit, \u00een urma r\u0103nilor din explozia de la Crevedia"}]},{"@type":"WebSite","@id":"https:\/\/buletin.de\/bucuresti\/#website","url":"https:\/\/buletin.de\/bucuresti\/","name":"Buletin de Bucure\u0219ti","description":"\u0218tiri \u0219i investiga\u021bii esen\u021biale din capital\u0103","publisher":{"@id":"https:\/\/buletin.de\/bucuresti\/#organization"},"potentialAction":[{"@type":"SearchAction","target":{"@type":"EntryPoint","urlTemplate":"https:\/\/buletin.de\/bucuresti\/?s={search_term_string}"},"query-input":{"@type":"PropertyValueSpecification","valueRequired":true,"valueName":"search_term_string"}}],"inLanguage":"en-GB"},{"@type":"Organization","@id":"https:\/\/buletin.de\/bucuresti\/#organization","name":"Buletin de Bucure\u0219ti","url":"https:\/\/buletin.de\/bucuresti\/","logo":{"@type":"ImageObject","inLanguage":"en-GB","@id":"https:\/\/buletin.de\/bucuresti\/#\/schema\/logo\/image\/","url":"https:\/\/buletin.de\/bucuresti\/wp-content\/uploads\/logo-bdb-full-wide-vernil-transparent.png","contentUrl":"https:\/\/buletin.de\/bucuresti\/wp-content\/uploads\/logo-bdb-full-wide-vernil-transparent.png","width":1782,"height":626,"caption":"Buletin de Bucure\u0219ti"},"image":{"@id":"https:\/\/buletin.de\/bucuresti\/#\/schema\/logo\/image\/"},"sameAs":["https:\/\/www.facebook.com\/buletin.de.buc","https:\/\/www.instagram.com\/buletinde.bucuresti\/"]},{"@type":"Person","@id":"https:\/\/buletin.de\/bucuresti\/#\/schema\/person\/ab174cf6711728e4ee83d672acf9a912","name":"Adina C\u0103p\u00eelnean","image":{"@type":"ImageObject","inLanguage":"en-GB","@id":"https:\/\/secure.gravatar.com\/avatar\/4fe9675d6282fd7c1aa4e486a037d532d5728fc16a30360f293eb6126b2e73ad?s=96&d=monsterid&r=ge2b23868508aec3460d3c6a11d3b599a","url":"https:\/\/secure.gravatar.com\/avatar\/4fe9675d6282fd7c1aa4e486a037d532d5728fc16a30360f293eb6126b2e73ad?s=96&d=monsterid&r=g","contentUrl":"https:\/\/secure.gravatar.com\/avatar\/4fe9675d6282fd7c1aa4e486a037d532d5728fc16a30360f293eb6126b2e73ad?s=96&d=monsterid&r=g","caption":"Adina C\u0103p\u00eelnean"},"url":"https:\/\/buletin.de\/bucuresti\/author\/adinacapilnean\/"}]}},"authors":[{"term_id":22580,"user_id":47,"is_guest":0,"slug":"adinacapilnean","display_name":"Adina C\u0103p\u00eelnean","avatar_url":"https:\/\/secure.gravatar.com\/avatar\/4fe9675d6282fd7c1aa4e486a037d532d5728fc16a30360f293eb6126b2e73ad?s=96&d=monsterid&r=g","0":null,"1":"","2":"","3":"","4":"","5":"","6":"","7":"","8":""}],"_links":{"self":[{"href":"https:\/\/buletin.de\/bucuresti\/wp-json\/wp\/v2\/posts\/62300","targetHints":{"allow":["GET"]}}],"collection":[{"href":"https:\/\/buletin.de\/bucuresti\/wp-json\/wp\/v2\/posts"}],"about":[{"href":"https:\/\/buletin.de\/bucuresti\/wp-json\/wp\/v2\/types\/post"}],"author":[{"embeddable":true,"href":"https:\/\/buletin.de\/bucuresti\/wp-json\/wp\/v2\/users\/47"}],"replies":[{"embeddable":true,"href":"https:\/\/buletin.de\/bucuresti\/wp-json\/wp\/v2\/comments?post=62300"}],"version-history":[{"count":0,"href":"https:\/\/buletin.de\/bucuresti\/wp-json\/wp\/v2\/posts\/62300\/revisions"}],"wp:featuredmedia":[{"embeddable":true,"href":"https:\/\/buletin.de\/bucuresti\/wp-json\/wp\/v2\/media\/62160"}],"wp:attachment":[{"href":"https:\/\/buletin.de\/bucuresti\/wp-json\/wp\/v2\/media?parent=62300"}],"wp:term":[{"taxonomy":"category","embeddable":true,"href":"https:\/\/buletin.de\/bucuresti\/wp-json\/wp\/v2\/categories?post=62300"},{"taxonomy":"post_tag","embeddable":true,"href":"https:\/\/buletin.de\/bucuresti\/wp-json\/wp\/v2\/tags?post=62300"},{"taxonomy":"author","embeddable":true,"href":"https:\/\/buletin.de\/bucuresti\/wp-json\/wp\/v2\/ppma_author?post=62300"}],"curies":[{"name":"wp","href":"https:\/\/api.w.org\/{rel}","templated":true}]}}