{"id":62298,"date":"2023-09-04T05:26:18","date_gmt":"2023-09-04T03:26:18","guid":{"rendered":"https:\/\/buletin.de\/bucuresti\/meteo-saptamana-cu-maxime-de-30-de-grade-in-capitala\/"},"modified":"2023-09-04T05:26:18","modified_gmt":"2023-09-04T03:26:18","slug":"meteo-saptamana-cu-maxime-de-30-de-grade-in-capitala","status":"publish","type":"post","link":"https:\/\/buletin.de\/bucuresti\/meteo-saptamana-cu-maxime-de-30-de-grade-in-capitala\/","title":{"rendered":"METEO | S\u0103pt\u0103m\u00e2n\u0103 cu maxime de 30 de grade, \u00een Capital\u0103"},"content":{"rendered":"\n<p>Temperatura \u00een Capital\u0103 va ajunge p\u00e2n\u0103 la 30 de grade Celsius \u00een perioada 4-8 septembrie, anun\u021b\u0103 Administra\u021bia Na\u021bional\u0103 de Meteorologie. Cu excep\u021bia zilei de luni, c\u00e2nd cerul va fi mai mult noros \u0219i se vor \u00eenregistra ploi slabe, \u00een restul s\u0103pt\u0103m\u00e2nii cerul va fi variabil.<\/p>\n\n\n\n<p><strong>LUNI \u2013 4 septembrie<\/strong><\/p>\n\n\n\n<p>Pe tot parcursul zilei cerul va fi mai mult noros, \u00eens\u0103 chiar \u0219i \u00een absen\u021ba soarelui, termometrele vor \u00eenregistra o temperatur\u0103 maxim\u0103 de 25 grade Celsius. V\u00e2ntul abia dac\u0103 se va sim\u021bi pentru c\u0103 va avea o vitez\u0103 de doar 10 metri pe secund\u0103.<\/p>\n\n\n\n<p><strong>MAR\u021aI \u2013 \u00a05 septembrie<\/strong><\/p>\n\n\n\n<p>Mar\u021bi vremea se \u00eenc\u0103lze\u0219te \u0219i se vor \u00eenregistra 28 grade Celsius, iar cerul va fi variabil iar \u0219ansele de precipita\u021bii minime. V\u00e2ntul o s\u0103 bat\u0103 slab, cu doar 10 m\/s<\/p>\n\n\n\n<p><strong>MIERCURI \u2013 6 septembrie<\/strong><\/p>\n\n\n\n<p>La mijlocul s\u0103pt\u0103m\u00e2nii temperatura atinge 30 de grade Celsius. Cerul va fi variabil &nbsp;iar v\u00e2ntul va sufla constant, tot cu doar 10 m\/s.<\/p>\n\n\n\n<p><strong>JOI \u2013 7 septembrie<\/strong><\/p>\n\n\n\n<p>Cerul va fi mai mult senin iar maxima va fi tot de 30 de grade Celsius. Viteza vantului se men\u021bine tot la 10 m\/s<\/p>\n\n\n\n<p><strong>VINERI \u2013 8 septembrie<\/strong><\/p>\n\n\n\n<p>\u00cenceputul de weekend vine cu temperaturi ceva mai mici \u0219i cu vreme bun\u0103 de ie\u0219it \u00een parcurile din Capital\u0103, anume 28 de grade Celsius. Cerul va fi variabil iar v\u00e2ntul continu\u0103 s\u0103 bat\u0103 cu 9 m\/s.<\/p>\n","protected":false},"excerpt":{"rendered":"<p>Temperatura \u00een Capital\u0103 va ajunge p\u00e2n\u0103 la 30 de grade Celsius \u00een perioada 4-8 septembrie, anun\u021b\u0103 Administra\u021bia Na\u021bional\u0103 de Meteorologie. Cu excep\u021bia zilei de luni, c\u00e2nd cerul va fi mai mult noros \u0219i se vor \u00eenregistra ploi slabe, \u00een restul s\u0103pt\u0103m\u00e2nii cerul va fi variabil. LUNI \u2013 4 septembrie Pe tot parcursul zilei cerul va [&hellip;]<\/p>\n","protected":false},"author":10,"featured_media":62299,"comment_status":"open","ping_status":"open","sticky":false,"template":"","format":"standard","meta":{"_acf_changed":false,"inline_featured_image":false,"ngg_post_thumbnail":0,"footnotes":""},"categories":[62],"tags":[6866,5228,6867,6868],"ppma_author":[22575],"class_list":["post-62298","post","type-post","status-publish","format-standard","has-post-thumbnail","hentry","category-stiri","tag-maxime","tag-meteo","tag-saptamana","tag-septembrie"],"acf":[],"yoast_head":"<!-- This site is optimized with the Yoast SEO Premium plugin v25.3 (Yoast SEO v27.4) - https:\/\/yoast.com\/product\/yoast-seo-premium-wordpress\/ -->\n<title>METEO | S\u0103pt\u0103m\u00e2n\u0103 cu maxime de 30 de grade, \u00een Capital\u0103 - Buletin de Bucure\u0219ti<\/title>\n<meta name=\"robots\" content=\"index, follow, max-snippet:-1, max-image-preview:large, max-video-preview:-1\" \/>\n<link rel=\"canonical\" href=\"https:\/\/buletin.de\/bucuresti\/meteo-saptamana-cu-maxime-de-30-de-grade-in-capitala\/\" \/>\n<meta property=\"og:locale\" content=\"en_GB\" \/>\n<meta property=\"og:type\" content=\"article\" \/>\n<meta property=\"og:title\" content=\"METEO | S\u0103pt\u0103m\u00e2n\u0103 cu maxime de 30 de grade, \u00een Capital\u0103\" \/>\n<meta property=\"og:description\" content=\"Temperatura \u00een Capital\u0103 va ajunge p\u00e2n\u0103 la 30 de grade Celsius \u00een perioada 4-8 septembrie, anun\u021b\u0103 Administra\u021bia Na\u021bional\u0103 de Meteorologie. Cu excep\u021bia zilei de luni, c\u00e2nd cerul va fi mai mult noros \u0219i se vor \u00eenregistra ploi slabe, \u00een restul s\u0103pt\u0103m\u00e2nii cerul va fi variabil. LUNI \u2013 4 septembrie Pe tot parcursul zilei cerul va [&hellip;]\" \/>\n<meta property=\"og:url\" content=\"https:\/\/buletin.de\/bucuresti\/meteo-saptamana-cu-maxime-de-30-de-grade-in-capitala\/\" \/>\n<meta property=\"og:site_name\" content=\"Buletin de Bucure\u0219ti\" \/>\n<meta property=\"article:publisher\" content=\"https:\/\/www.facebook.com\/buletin.de.buc\" \/>\n<meta property=\"article:published_time\" content=\"2023-09-04T03:26:18+00:00\" \/>\n<meta property=\"og:image\" content=\"https:\/\/buletin.de\/bucuresti\/wp-content\/uploads\/ant-rozetsky-nHn8VAejU7Q-unsplash.jpg\" \/>\n\t<meta property=\"og:image:width\" content=\"2000\" \/>\n\t<meta property=\"og:image:height\" content=\"1125\" \/>\n\t<meta property=\"og:image:type\" content=\"image\/jpeg\" \/>\n<meta name=\"author\" content=\"C\u0103t\u0103lin Dosca\u0219\" \/>\n<meta name=\"twitter:card\" content=\"summary_large_image\" \/>\n<meta name=\"twitter:label1\" content=\"Written by\" \/>\n\t<meta name=\"twitter:data1\" content=\"C\u0103t\u0103lin Dosca\u0219\" \/>\n\t<meta name=\"twitter:label2\" content=\"Estimated reading time\" \/>\n\t<meta name=\"twitter:data2\" content=\"1 minute\" \/>\n<script type=\"application\/ld+json\" class=\"yoast-schema-graph\">{\"@context\":\"https:\\\/\\\/schema.org\",\"@graph\":[{\"@type\":\"Article\",\"@id\":\"https:\\\/\\\/buletin.de\\\/bucuresti\\\/meteo-saptamana-cu-maxime-de-30-de-grade-in-capitala\\\/#article\",\"isPartOf\":{\"@id\":\"https:\\\/\\\/buletin.de\\\/bucuresti\\\/meteo-saptamana-cu-maxime-de-30-de-grade-in-capitala\\\/\"},\"author\":{\"name\":\"C\u0103t\u0103lin Dosca\u0219\",\"@id\":\"https:\\\/\\\/buletin.de\\\/bucuresti\\\/#\\\/schema\\\/person\\\/31117187ed4d0bdb0a4c7d6acc79d0f8\"},\"headline\":\"METEO | S\u0103pt\u0103m\u00e2n\u0103 cu maxime de 30 de grade, \u00een Capital\u0103\",\"datePublished\":\"2023-09-04T03:26:18+00:00\",\"mainEntityOfPage\":{\"@id\":\"https:\\\/\\\/buletin.de\\\/bucuresti\\\/meteo-saptamana-cu-maxime-de-30-de-grade-in-capitala\\\/\"},\"wordCount\":242,\"commentCount\":0,\"publisher\":{\"@id\":\"https:\\\/\\\/buletin.de\\\/bucuresti\\\/#organization\"},\"image\":{\"@id\":\"https:\\\/\\\/buletin.de\\\/bucuresti\\\/meteo-saptamana-cu-maxime-de-30-de-grade-in-capitala\\\/#primaryimage\"},\"thumbnailUrl\":\"https:\\\/\\\/buletin.de\\\/bucuresti\\\/wp-content\\\/uploads\\\/ant-rozetsky-nHn8VAejU7Q-unsplash.jpg\",\"keywords\":[\"maxime\",\"Meteo\",\"saptamana\",\"septembrie\"],\"articleSection\":[\"\u0218tiri\"],\"inLanguage\":\"en-GB\",\"potentialAction\":[{\"@type\":\"CommentAction\",\"name\":\"Comment\",\"target\":[\"https:\\\/\\\/buletin.de\\\/bucuresti\\\/meteo-saptamana-cu-maxime-de-30-de-grade-in-capitala\\\/#respond\"]}],\"copyrightYear\":\"2023\",\"copyrightHolder\":{\"@id\":\"https:\\\/\\\/buletin.de\\\/bucuresti\\\/#organization\"}},{\"@type\":\"WebPage\",\"@id\":\"https:\\\/\\\/buletin.de\\\/bucuresti\\\/meteo-saptamana-cu-maxime-de-30-de-grade-in-capitala\\\/\",\"url\":\"https:\\\/\\\/buletin.de\\\/bucuresti\\\/meteo-saptamana-cu-maxime-de-30-de-grade-in-capitala\\\/\",\"name\":\"METEO | S\u0103pt\u0103m\u00e2n\u0103 cu maxime de 30 de grade, \u00een Capital\u0103 - Buletin de Bucure\u0219ti\",\"isPartOf\":{\"@id\":\"https:\\\/\\\/buletin.de\\\/bucuresti\\\/#website\"},\"primaryImageOfPage\":{\"@id\":\"https:\\\/\\\/buletin.de\\\/bucuresti\\\/meteo-saptamana-cu-maxime-de-30-de-grade-in-capitala\\\/#primaryimage\"},\"image\":{\"@id\":\"https:\\\/\\\/buletin.de\\\/bucuresti\\\/meteo-saptamana-cu-maxime-de-30-de-grade-in-capitala\\\/#primaryimage\"},\"thumbnailUrl\":\"https:\\\/\\\/buletin.de\\\/bucuresti\\\/wp-content\\\/uploads\\\/ant-rozetsky-nHn8VAejU7Q-unsplash.jpg\",\"datePublished\":\"2023-09-04T03:26:18+00:00\",\"breadcrumb\":{\"@id\":\"https:\\\/\\\/buletin.de\\\/bucuresti\\\/meteo-saptamana-cu-maxime-de-30-de-grade-in-capitala\\\/#breadcrumb\"},\"inLanguage\":\"en-GB\",\"potentialAction\":[{\"@type\":\"ReadAction\",\"target\":[\"https:\\\/\\\/buletin.de\\\/bucuresti\\\/meteo-saptamana-cu-maxime-de-30-de-grade-in-capitala\\\/\"]}]},{\"@type\":\"ImageObject\",\"inLanguage\":\"en-GB\",\"@id\":\"https:\\\/\\\/buletin.de\\\/bucuresti\\\/meteo-saptamana-cu-maxime-de-30-de-grade-in-capitala\\\/#primaryimage\",\"url\":\"https:\\\/\\\/buletin.de\\\/bucuresti\\\/wp-content\\\/uploads\\\/ant-rozetsky-nHn8VAejU7Q-unsplash.jpg\",\"contentUrl\":\"https:\\\/\\\/buletin.de\\\/bucuresti\\\/wp-content\\\/uploads\\\/ant-rozetsky-nHn8VAejU7Q-unsplash.jpg\",\"width\":2000,\"height\":1125},{\"@type\":\"BreadcrumbList\",\"@id\":\"https:\\\/\\\/buletin.de\\\/bucuresti\\\/meteo-saptamana-cu-maxime-de-30-de-grade-in-capitala\\\/#breadcrumb\",\"itemListElement\":[{\"@type\":\"ListItem\",\"position\":1,\"name\":\"Acas\u0103\",\"item\":\"https:\\\/\\\/buletin.de\\\/bucuresti\\\/\"},{\"@type\":\"ListItem\",\"position\":2,\"name\":\"METEO | S\u0103pt\u0103m\u00e2n\u0103 cu maxime de 30 de grade, \u00een Capital\u0103\"}]},{\"@type\":\"WebSite\",\"@id\":\"https:\\\/\\\/buletin.de\\\/bucuresti\\\/#website\",\"url\":\"https:\\\/\\\/buletin.de\\\/bucuresti\\\/\",\"name\":\"Buletin de Bucure\u0219ti\",\"description\":\"\u0218tiri \u0219i investiga\u021bii esen\u021biale din capital\u0103\",\"publisher\":{\"@id\":\"https:\\\/\\\/buletin.de\\\/bucuresti\\\/#organization\"},\"potentialAction\":[{\"@type\":\"SearchAction\",\"target\":{\"@type\":\"EntryPoint\",\"urlTemplate\":\"https:\\\/\\\/buletin.de\\\/bucuresti\\\/?s={search_term_string}\"},\"query-input\":{\"@type\":\"PropertyValueSpecification\",\"valueRequired\":true,\"valueName\":\"search_term_string\"}}],\"inLanguage\":\"en-GB\"},{\"@type\":\"Organization\",\"@id\":\"https:\\\/\\\/buletin.de\\\/bucuresti\\\/#organization\",\"name\":\"Buletin de Bucure\u0219ti\",\"url\":\"https:\\\/\\\/buletin.de\\\/bucuresti\\\/\",\"logo\":{\"@type\":\"ImageObject\",\"inLanguage\":\"en-GB\",\"@id\":\"https:\\\/\\\/buletin.de\\\/bucuresti\\\/#\\\/schema\\\/logo\\\/image\\\/\",\"url\":\"https:\\\/\\\/buletin.de\\\/bucuresti\\\/wp-content\\\/uploads\\\/logo-bdb-full-wide-vernil-transparent.png\",\"contentUrl\":\"https:\\\/\\\/buletin.de\\\/bucuresti\\\/wp-content\\\/uploads\\\/logo-bdb-full-wide-vernil-transparent.png\",\"width\":1782,\"height\":626,\"caption\":\"Buletin de Bucure\u0219ti\"},\"image\":{\"@id\":\"https:\\\/\\\/buletin.de\\\/bucuresti\\\/#\\\/schema\\\/logo\\\/image\\\/\"},\"sameAs\":[\"https:\\\/\\\/www.facebook.com\\\/buletin.de.buc\",\"https:\\\/\\\/www.instagram.com\\\/buletinde.bucuresti\\\/\"]},{\"@type\":\"Person\",\"@id\":\"https:\\\/\\\/buletin.de\\\/bucuresti\\\/#\\\/schema\\\/person\\\/31117187ed4d0bdb0a4c7d6acc79d0f8\",\"name\":\"C\u0103t\u0103lin Dosca\u0219\",\"image\":{\"@type\":\"ImageObject\",\"inLanguage\":\"en-GB\",\"@id\":\"https:\\\/\\\/buletin.de\\\/bucuresti\\\/wp-content\\\/uploads\\\/Catalin-Doscas-e1732731064764-96x96.jpga93e2943bb3b1c1f9ead823df6e6317a\",\"url\":\"https:\\\/\\\/buletin.de\\\/bucuresti\\\/wp-content\\\/uploads\\\/Catalin-Doscas-e1732731064764-96x96.jpg\",\"contentUrl\":\"https:\\\/\\\/buletin.de\\\/bucuresti\\\/wp-content\\\/uploads\\\/Catalin-Doscas-e1732731064764-96x96.jpg\",\"caption\":\"C\u0103t\u0103lin Dosca\u0219\"},\"description\":\"Reporter \u0219i redactor-\u0219ef Buletin de Bucure\u0219ti. Lucreaz\u0103 \u00een mass-media de la v\u00e2rsta de 15 ani, c\u00e2nd a publicat primele articole \u00een presa local\u0103 din Tecuci. \u00cen Bucure\u0219ti a lucrat \u00een redac\u021bii radio ca reporter, redactor \u0219i prezentator (StudentFM, Na\u021bionalFM, Radio Total, Smart FM), unde a acoperit domeniile politic, economic, social \u0219i externe. Ulterior, a fost editor-coordonator al postului Realitatea FM. Experien\u021ba \u00een jurnalismul online a dob\u00e2ndit-o la portalul B365.ro, unde a fost editor. \u00cen 2012 s-a angajat \u00een televiziune. La Realitatea TV a fost, pe r\u00e2nd, reporter la sec\u021bia Social, reporter special la emisiunea de reportaje \u0219i anchete \u201eReporterii Realit\u0103\u021bii\u201d, dar \u0219i editor al jurnalelor de \u0219tiri. Ulterior, a f\u0103cut parte din sec\u021bia de Investiga\u021bii de la Digi24 \u0219i a lucrat la campania \u201eRom\u00e2nia furat\u0103\u201d. A revenit \u00een presa scris\u0103 \u00een 2017, ca reporter special, \u00een cadrul unui proiect de repozi\u021bionare a tabloidului Libertatea \u00een cotidian generalist. Este jurnalist Buletin de Bucure\u0219ti din 2019.\",\"url\":\"https:\\\/\\\/buletin.de\\\/bucuresti\\\/author\\\/catalin\\\/\"}]}<\/script>\n<!-- \/ Yoast SEO Premium plugin. -->","yoast_head_json":{"title":"METEO | S\u0103pt\u0103m\u00e2n\u0103 cu maxime de 30 de grade, \u00een Capital\u0103 - Buletin de Bucure\u0219ti","robots":{"index":"index","follow":"follow","max-snippet":"max-snippet:-1","max-image-preview":"max-image-preview:large","max-video-preview":"max-video-preview:-1"},"canonical":"https:\/\/buletin.de\/bucuresti\/meteo-saptamana-cu-maxime-de-30-de-grade-in-capitala\/","og_locale":"en_GB","og_type":"article","og_title":"METEO | S\u0103pt\u0103m\u00e2n\u0103 cu maxime de 30 de grade, \u00een Capital\u0103","og_description":"Temperatura \u00een Capital\u0103 va ajunge p\u00e2n\u0103 la 30 de grade Celsius \u00een perioada 4-8 septembrie, anun\u021b\u0103 Administra\u021bia Na\u021bional\u0103 de Meteorologie. Cu excep\u021bia zilei de luni, c\u00e2nd cerul va fi mai mult noros \u0219i se vor \u00eenregistra ploi slabe, \u00een restul s\u0103pt\u0103m\u00e2nii cerul va fi variabil. LUNI \u2013 4 septembrie Pe tot parcursul zilei cerul va [&hellip;]","og_url":"https:\/\/buletin.de\/bucuresti\/meteo-saptamana-cu-maxime-de-30-de-grade-in-capitala\/","og_site_name":"Buletin de Bucure\u0219ti","article_publisher":"https:\/\/www.facebook.com\/buletin.de.buc","article_published_time":"2023-09-04T03:26:18+00:00","og_image":[{"width":2000,"height":1125,"url":"https:\/\/buletin.de\/bucuresti\/wp-content\/uploads\/ant-rozetsky-nHn8VAejU7Q-unsplash.jpg","type":"image\/jpeg"}],"author":"C\u0103t\u0103lin Dosca\u0219","twitter_card":"summary_large_image","twitter_misc":{"Written by":"C\u0103t\u0103lin Dosca\u0219","Estimated reading time":"1 minute"},"schema":{"@context":"https:\/\/schema.org","@graph":[{"@type":"Article","@id":"https:\/\/buletin.de\/bucuresti\/meteo-saptamana-cu-maxime-de-30-de-grade-in-capitala\/#article","isPartOf":{"@id":"https:\/\/buletin.de\/bucuresti\/meteo-saptamana-cu-maxime-de-30-de-grade-in-capitala\/"},"author":{"name":"C\u0103t\u0103lin Dosca\u0219","@id":"https:\/\/buletin.de\/bucuresti\/#\/schema\/person\/31117187ed4d0bdb0a4c7d6acc79d0f8"},"headline":"METEO | S\u0103pt\u0103m\u00e2n\u0103 cu maxime de 30 de grade, \u00een Capital\u0103","datePublished":"2023-09-04T03:26:18+00:00","mainEntityOfPage":{"@id":"https:\/\/buletin.de\/bucuresti\/meteo-saptamana-cu-maxime-de-30-de-grade-in-capitala\/"},"wordCount":242,"commentCount":0,"publisher":{"@id":"https:\/\/buletin.de\/bucuresti\/#organization"},"image":{"@id":"https:\/\/buletin.de\/bucuresti\/meteo-saptamana-cu-maxime-de-30-de-grade-in-capitala\/#primaryimage"},"thumbnailUrl":"https:\/\/buletin.de\/bucuresti\/wp-content\/uploads\/ant-rozetsky-nHn8VAejU7Q-unsplash.jpg","keywords":["maxime","Meteo","saptamana","septembrie"],"articleSection":["\u0218tiri"],"inLanguage":"en-GB","potentialAction":[{"@type":"CommentAction","name":"Comment","target":["https:\/\/buletin.de\/bucuresti\/meteo-saptamana-cu-maxime-de-30-de-grade-in-capitala\/#respond"]}],"copyrightYear":"2023","copyrightHolder":{"@id":"https:\/\/buletin.de\/bucuresti\/#organization"}},{"@type":"WebPage","@id":"https:\/\/buletin.de\/bucuresti\/meteo-saptamana-cu-maxime-de-30-de-grade-in-capitala\/","url":"https:\/\/buletin.de\/bucuresti\/meteo-saptamana-cu-maxime-de-30-de-grade-in-capitala\/","name":"METEO | S\u0103pt\u0103m\u00e2n\u0103 cu maxime de 30 de grade, \u00een Capital\u0103 - Buletin de Bucure\u0219ti","isPartOf":{"@id":"https:\/\/buletin.de\/bucuresti\/#website"},"primaryImageOfPage":{"@id":"https:\/\/buletin.de\/bucuresti\/meteo-saptamana-cu-maxime-de-30-de-grade-in-capitala\/#primaryimage"},"image":{"@id":"https:\/\/buletin.de\/bucuresti\/meteo-saptamana-cu-maxime-de-30-de-grade-in-capitala\/#primaryimage"},"thumbnailUrl":"https:\/\/buletin.de\/bucuresti\/wp-content\/uploads\/ant-rozetsky-nHn8VAejU7Q-unsplash.jpg","datePublished":"2023-09-04T03:26:18+00:00","breadcrumb":{"@id":"https:\/\/buletin.de\/bucuresti\/meteo-saptamana-cu-maxime-de-30-de-grade-in-capitala\/#breadcrumb"},"inLanguage":"en-GB","potentialAction":[{"@type":"ReadAction","target":["https:\/\/buletin.de\/bucuresti\/meteo-saptamana-cu-maxime-de-30-de-grade-in-capitala\/"]}]},{"@type":"ImageObject","inLanguage":"en-GB","@id":"https:\/\/buletin.de\/bucuresti\/meteo-saptamana-cu-maxime-de-30-de-grade-in-capitala\/#primaryimage","url":"https:\/\/buletin.de\/bucuresti\/wp-content\/uploads\/ant-rozetsky-nHn8VAejU7Q-unsplash.jpg","contentUrl":"https:\/\/buletin.de\/bucuresti\/wp-content\/uploads\/ant-rozetsky-nHn8VAejU7Q-unsplash.jpg","width":2000,"height":1125},{"@type":"BreadcrumbList","@id":"https:\/\/buletin.de\/bucuresti\/meteo-saptamana-cu-maxime-de-30-de-grade-in-capitala\/#breadcrumb","itemListElement":[{"@type":"ListItem","position":1,"name":"Acas\u0103","item":"https:\/\/buletin.de\/bucuresti\/"},{"@type":"ListItem","position":2,"name":"METEO | S\u0103pt\u0103m\u00e2n\u0103 cu maxime de 30 de grade, \u00een Capital\u0103"}]},{"@type":"WebSite","@id":"https:\/\/buletin.de\/bucuresti\/#website","url":"https:\/\/buletin.de\/bucuresti\/","name":"Buletin de Bucure\u0219ti","description":"\u0218tiri \u0219i investiga\u021bii esen\u021biale din capital\u0103","publisher":{"@id":"https:\/\/buletin.de\/bucuresti\/#organization"},"potentialAction":[{"@type":"SearchAction","target":{"@type":"EntryPoint","urlTemplate":"https:\/\/buletin.de\/bucuresti\/?s={search_term_string}"},"query-input":{"@type":"PropertyValueSpecification","valueRequired":true,"valueName":"search_term_string"}}],"inLanguage":"en-GB"},{"@type":"Organization","@id":"https:\/\/buletin.de\/bucuresti\/#organization","name":"Buletin de Bucure\u0219ti","url":"https:\/\/buletin.de\/bucuresti\/","logo":{"@type":"ImageObject","inLanguage":"en-GB","@id":"https:\/\/buletin.de\/bucuresti\/#\/schema\/logo\/image\/","url":"https:\/\/buletin.de\/bucuresti\/wp-content\/uploads\/logo-bdb-full-wide-vernil-transparent.png","contentUrl":"https:\/\/buletin.de\/bucuresti\/wp-content\/uploads\/logo-bdb-full-wide-vernil-transparent.png","width":1782,"height":626,"caption":"Buletin de Bucure\u0219ti"},"image":{"@id":"https:\/\/buletin.de\/bucuresti\/#\/schema\/logo\/image\/"},"sameAs":["https:\/\/www.facebook.com\/buletin.de.buc","https:\/\/www.instagram.com\/buletinde.bucuresti\/"]},{"@type":"Person","@id":"https:\/\/buletin.de\/bucuresti\/#\/schema\/person\/31117187ed4d0bdb0a4c7d6acc79d0f8","name":"C\u0103t\u0103lin Dosca\u0219","image":{"@type":"ImageObject","inLanguage":"en-GB","@id":"https:\/\/buletin.de\/bucuresti\/wp-content\/uploads\/Catalin-Doscas-e1732731064764-96x96.jpga93e2943bb3b1c1f9ead823df6e6317a","url":"https:\/\/buletin.de\/bucuresti\/wp-content\/uploads\/Catalin-Doscas-e1732731064764-96x96.jpg","contentUrl":"https:\/\/buletin.de\/bucuresti\/wp-content\/uploads\/Catalin-Doscas-e1732731064764-96x96.jpg","caption":"C\u0103t\u0103lin Dosca\u0219"},"description":"Reporter \u0219i redactor-\u0219ef Buletin de Bucure\u0219ti. Lucreaz\u0103 \u00een mass-media de la v\u00e2rsta de 15 ani, c\u00e2nd a publicat primele articole \u00een presa local\u0103 din Tecuci. \u00cen Bucure\u0219ti a lucrat \u00een redac\u021bii radio ca reporter, redactor \u0219i prezentator (StudentFM, Na\u021bionalFM, Radio Total, Smart FM), unde a acoperit domeniile politic, economic, social \u0219i externe. Ulterior, a fost editor-coordonator al postului Realitatea FM. Experien\u021ba \u00een jurnalismul online a dob\u00e2ndit-o la portalul B365.ro, unde a fost editor. \u00cen 2012 s-a angajat \u00een televiziune. La Realitatea TV a fost, pe r\u00e2nd, reporter la sec\u021bia Social, reporter special la emisiunea de reportaje \u0219i anchete \u201eReporterii Realit\u0103\u021bii\u201d, dar \u0219i editor al jurnalelor de \u0219tiri. Ulterior, a f\u0103cut parte din sec\u021bia de Investiga\u021bii de la Digi24 \u0219i a lucrat la campania \u201eRom\u00e2nia furat\u0103\u201d. A revenit \u00een presa scris\u0103 \u00een 2017, ca reporter special, \u00een cadrul unui proiect de repozi\u021bionare a tabloidului Libertatea \u00een cotidian generalist. Este jurnalist Buletin de Bucure\u0219ti din 2019.","url":"https:\/\/buletin.de\/bucuresti\/author\/catalin\/"}]}},"authors":[{"term_id":22575,"user_id":10,"is_guest":0,"slug":"catalin","display_name":"C\u0103t\u0103lin Dosca\u0219","avatar_url":"https:\/\/buletin.de\/bucuresti\/wp-content\/uploads\/Catalin-Doscas-e1732731064764-96x96.jpg","0":null,"1":"","2":"","3":"","4":"","5":"","6":"","7":"","8":""}],"_links":{"self":[{"href":"https:\/\/buletin.de\/bucuresti\/wp-json\/wp\/v2\/posts\/62298","targetHints":{"allow":["GET"]}}],"collection":[{"href":"https:\/\/buletin.de\/bucuresti\/wp-json\/wp\/v2\/posts"}],"about":[{"href":"https:\/\/buletin.de\/bucuresti\/wp-json\/wp\/v2\/types\/post"}],"author":[{"embeddable":true,"href":"https:\/\/buletin.de\/bucuresti\/wp-json\/wp\/v2\/users\/10"}],"replies":[{"embeddable":true,"href":"https:\/\/buletin.de\/bucuresti\/wp-json\/wp\/v2\/comments?post=62298"}],"version-history":[{"count":0,"href":"https:\/\/buletin.de\/bucuresti\/wp-json\/wp\/v2\/posts\/62298\/revisions"}],"wp:featuredmedia":[{"embeddable":true,"href":"https:\/\/buletin.de\/bucuresti\/wp-json\/wp\/v2\/media\/62299"}],"wp:attachment":[{"href":"https:\/\/buletin.de\/bucuresti\/wp-json\/wp\/v2\/media?parent=62298"}],"wp:term":[{"taxonomy":"category","embeddable":true,"href":"https:\/\/buletin.de\/bucuresti\/wp-json\/wp\/v2\/categories?post=62298"},{"taxonomy":"post_tag","embeddable":true,"href":"https:\/\/buletin.de\/bucuresti\/wp-json\/wp\/v2\/tags?post=62298"},{"taxonomy":"author","embeddable":true,"href":"https:\/\/buletin.de\/bucuresti\/wp-json\/wp\/v2\/ppma_author?post=62298"}],"curies":[{"name":"wp","href":"https:\/\/api.w.org\/{rel}","templated":true}]}}