{"id":62289,"date":"2023-09-02T04:59:05","date_gmt":"2023-09-02T02:59:05","guid":{"rendered":"https:\/\/buletin.de\/bucuresti\/troleibuzele-61-si-62-suspendate-pana-pe-6-septembrie\/"},"modified":"2023-09-02T04:59:05","modified_gmt":"2023-09-02T02:59:05","slug":"troleibuzele-61-si-62-suspendate-pana-pe-6-septembrie","status":"publish","type":"post","link":"https:\/\/buletin.de\/bucuresti\/troleibuzele-61-si-62-suspendate-pana-pe-6-septembrie\/","title":{"rendered":"Troleibuzele 61 si 62 suspendate p\u00e2n\u0103 pe 6 septembrie"},"content":{"rendered":"\n<p><strong>Linia navet\u0103 662 \u00eenlocuie\u015fte, \u00een perioada 2 \u2013 6 septembrie 2023, liniile de troleibuz 61 \u015fi 62, care vor fi suspendate, informeaz\u0103 Asocia\u0163ia de Dezvoltare Intercomunitar\u0103 pentru Transport Public Bucure\u015fti \u2013 Ilfov (TPBI).<\/strong><\/p>\n\n\n\n<p>Astfel, liniile de troleibuz 61 \u015fi 62 vor fi suspendate \u00een perioada 1 septembrie 2023, \u00eencep\u00e2nd cu ora 21:00,  \u2013 6 septembrie 2023, ca urmare a \u00eenceperii lucr\u0103rilor la re\u0163eaua de termoficare pe Bulevardul Iuliu Maniu, \u00eentre strada Floare Ro\u015fie \u015fi strada Apusului.<\/p>\n\n\n\n<p>Totodat\u0103, pentru preluarea c\u0103l\u0103torilor, TPBI a dispus \u00eenfiin\u0163area liniei navet\u0103 de autobuz 662, care va func\u0163iona \u00een perioada 2 \u2013 6 septembrie 2023 pe traseul: \u201eGrup \u015ecolar Auto\u201d, Bd Iuliu Maniu, str Lujerului, rond Cora Lujerului, Bd Iuliu Maniu, sta\u0163ia \u201eLujerului\u201d, cu \u00eentoarcere pe Bd Iuliu Maniu, p\u00e2n\u0103 la \u201eGrup \u015ecolar Auto\u201d.<\/p>\n\n\n\n<p>Pe sensul spre \u201eGrup \u015ecolar Auto\u201d, autobuzele liniei navet\u0103 662, precum \u015fi cele ale liniilor 136, 137, 138, 336 \u015fi N115 nu vor opri \u00een sta\u0163iile \u201eValea Lung\u0103\u201d \u015fi \u201eApusului\u201d, acestea fiind suspendate, \u015fi ele, \u00een perioada lucr\u0103rilor.<\/p>\n","protected":false},"excerpt":{"rendered":"<p>Linia navet\u0103 662 \u00eenlocuie\u015fte, \u00een perioada 2 \u2013 6 septembrie 2023, liniile de troleibuz 61 \u015fi 62, care vor fi suspendate, informeaz\u0103 Asocia\u0163ia de Dezvoltare Intercomunitar\u0103 pentru Transport Public Bucure\u015fti \u2013 Ilfov (TPBI). Astfel, liniile de troleibuz 61 \u015fi 62 vor fi suspendate \u00een perioada 1 septembrie 2023, \u00eencep\u00e2nd cu ora 21:00, \u2013 6 septembrie [&hellip;]<\/p>\n","protected":false},"author":49,"featured_media":62290,"comment_status":"open","ping_status":"open","sticky":false,"template":"","format":"standard","meta":{"_acf_changed":false,"inline_featured_image":false,"ngg_post_thumbnail":0,"footnotes":""},"categories":[62],"tags":[4849,6859,2842,746],"ppma_author":[22574],"class_list":["post-62289","post","type-post","status-publish","format-standard","has-post-thumbnail","hentry","category-stiri","tag-iuliu-maniu","tag-strada-apusului","tag-tpbi","tag-troleibuze"],"acf":[],"yoast_head":"<!-- This site is optimized with the Yoast SEO Premium plugin v25.3 (Yoast SEO v27.5) - https:\/\/yoast.com\/product\/yoast-seo-premium-wordpress\/ -->\n<title>Troleibuzele 61 si 62 suspendate p\u00e2n\u0103 pe 6 septembrie - Buletin de Bucure\u0219ti<\/title>\n<meta name=\"robots\" content=\"index, follow, max-snippet:-1, max-image-preview:large, max-video-preview:-1\" \/>\n<link rel=\"canonical\" href=\"https:\/\/buletin.de\/bucuresti\/troleibuzele-61-si-62-suspendate-pana-pe-6-septembrie\/\" \/>\n<meta property=\"og:locale\" content=\"en_GB\" \/>\n<meta property=\"og:type\" content=\"article\" \/>\n<meta property=\"og:title\" content=\"Troleibuzele 61 si 62 suspendate p\u00e2n\u0103 pe 6 septembrie\" \/>\n<meta property=\"og:description\" content=\"Linia navet\u0103 662 \u00eenlocuie\u015fte, \u00een perioada 2 \u2013 6 septembrie 2023, liniile de troleibuz 61 \u015fi 62, care vor fi suspendate, informeaz\u0103 Asocia\u0163ia de Dezvoltare Intercomunitar\u0103 pentru Transport Public Bucure\u015fti \u2013 Ilfov (TPBI). Astfel, liniile de troleibuz 61 \u015fi 62 vor fi suspendate \u00een perioada 1 septembrie 2023, \u00eencep\u00e2nd cu ora 21:00, \u2013 6 septembrie [&hellip;]\" \/>\n<meta property=\"og:url\" content=\"https:\/\/buletin.de\/bucuresti\/troleibuzele-61-si-62-suspendate-pana-pe-6-septembrie\/\" \/>\n<meta property=\"og:site_name\" content=\"Buletin de Bucure\u0219ti\" \/>\n<meta property=\"article:publisher\" content=\"https:\/\/www.facebook.com\/buletin.de.buc\" \/>\n<meta property=\"article:published_time\" content=\"2023-09-02T02:59:05+00:00\" \/>\n<meta property=\"og:image\" content=\"https:\/\/buletin.de\/bucuresti\/wp-content\/uploads\/5309-61_1.jpg\" \/>\n\t<meta property=\"og:image:width\" content=\"2016\" \/>\n\t<meta property=\"og:image:height\" content=\"1512\" \/>\n\t<meta property=\"og:image:type\" content=\"image\/jpeg\" \/>\n<meta name=\"author\" content=\"Diana Matei\" \/>\n<meta name=\"twitter:card\" content=\"summary_large_image\" \/>\n<meta name=\"twitter:label1\" content=\"Written by\" \/>\n\t<meta name=\"twitter:data1\" content=\"Diana Matei\" \/>\n\t<meta name=\"twitter:label2\" content=\"Estimated reading time\" \/>\n\t<meta name=\"twitter:data2\" content=\"1 minute\" \/>\n<script type=\"application\/ld+json\" class=\"yoast-schema-graph\">{\"@context\":\"https:\\\/\\\/schema.org\",\"@graph\":[{\"@type\":\"Article\",\"@id\":\"https:\\\/\\\/buletin.de\\\/bucuresti\\\/troleibuzele-61-si-62-suspendate-pana-pe-6-septembrie\\\/#article\",\"isPartOf\":{\"@id\":\"https:\\\/\\\/buletin.de\\\/bucuresti\\\/troleibuzele-61-si-62-suspendate-pana-pe-6-septembrie\\\/\"},\"author\":{\"name\":\"Diana Matei\",\"@id\":\"https:\\\/\\\/buletin.de\\\/bucuresti\\\/#\\\/schema\\\/person\\\/7e46040573290777280a0835d81ea4ea\"},\"headline\":\"Troleibuzele 61 si 62 suspendate p\u00e2n\u0103 pe 6 septembrie\",\"datePublished\":\"2023-09-02T02:59:05+00:00\",\"mainEntityOfPage\":{\"@id\":\"https:\\\/\\\/buletin.de\\\/bucuresti\\\/troleibuzele-61-si-62-suspendate-pana-pe-6-septembrie\\\/\"},\"wordCount\":162,\"commentCount\":0,\"publisher\":{\"@id\":\"https:\\\/\\\/buletin.de\\\/bucuresti\\\/#organization\"},\"image\":{\"@id\":\"https:\\\/\\\/buletin.de\\\/bucuresti\\\/troleibuzele-61-si-62-suspendate-pana-pe-6-septembrie\\\/#primaryimage\"},\"thumbnailUrl\":\"https:\\\/\\\/buletin.de\\\/bucuresti\\\/wp-content\\\/uploads\\\/5309-61_1.jpg\",\"keywords\":[\"Iuliu Maniu\",\"strada apusului\",\"tpbi\",\"troleibuze\"],\"articleSection\":[\"\u0218tiri\"],\"inLanguage\":\"en-GB\",\"potentialAction\":[{\"@type\":\"CommentAction\",\"name\":\"Comment\",\"target\":[\"https:\\\/\\\/buletin.de\\\/bucuresti\\\/troleibuzele-61-si-62-suspendate-pana-pe-6-septembrie\\\/#respond\"]}],\"copyrightYear\":\"2023\",\"copyrightHolder\":{\"@id\":\"https:\\\/\\\/buletin.de\\\/bucuresti\\\/#organization\"}},{\"@type\":\"WebPage\",\"@id\":\"https:\\\/\\\/buletin.de\\\/bucuresti\\\/troleibuzele-61-si-62-suspendate-pana-pe-6-septembrie\\\/\",\"url\":\"https:\\\/\\\/buletin.de\\\/bucuresti\\\/troleibuzele-61-si-62-suspendate-pana-pe-6-septembrie\\\/\",\"name\":\"Troleibuzele 61 si 62 suspendate p\u00e2n\u0103 pe 6 septembrie - Buletin de Bucure\u0219ti\",\"isPartOf\":{\"@id\":\"https:\\\/\\\/buletin.de\\\/bucuresti\\\/#website\"},\"primaryImageOfPage\":{\"@id\":\"https:\\\/\\\/buletin.de\\\/bucuresti\\\/troleibuzele-61-si-62-suspendate-pana-pe-6-septembrie\\\/#primaryimage\"},\"image\":{\"@id\":\"https:\\\/\\\/buletin.de\\\/bucuresti\\\/troleibuzele-61-si-62-suspendate-pana-pe-6-septembrie\\\/#primaryimage\"},\"thumbnailUrl\":\"https:\\\/\\\/buletin.de\\\/bucuresti\\\/wp-content\\\/uploads\\\/5309-61_1.jpg\",\"datePublished\":\"2023-09-02T02:59:05+00:00\",\"breadcrumb\":{\"@id\":\"https:\\\/\\\/buletin.de\\\/bucuresti\\\/troleibuzele-61-si-62-suspendate-pana-pe-6-septembrie\\\/#breadcrumb\"},\"inLanguage\":\"en-GB\",\"potentialAction\":[{\"@type\":\"ReadAction\",\"target\":[\"https:\\\/\\\/buletin.de\\\/bucuresti\\\/troleibuzele-61-si-62-suspendate-pana-pe-6-septembrie\\\/\"]}]},{\"@type\":\"ImageObject\",\"inLanguage\":\"en-GB\",\"@id\":\"https:\\\/\\\/buletin.de\\\/bucuresti\\\/troleibuzele-61-si-62-suspendate-pana-pe-6-septembrie\\\/#primaryimage\",\"url\":\"https:\\\/\\\/buletin.de\\\/bucuresti\\\/wp-content\\\/uploads\\\/5309-61_1.jpg\",\"contentUrl\":\"https:\\\/\\\/buletin.de\\\/bucuresti\\\/wp-content\\\/uploads\\\/5309-61_1.jpg\",\"width\":2016,\"height\":1512},{\"@type\":\"BreadcrumbList\",\"@id\":\"https:\\\/\\\/buletin.de\\\/bucuresti\\\/troleibuzele-61-si-62-suspendate-pana-pe-6-septembrie\\\/#breadcrumb\",\"itemListElement\":[{\"@type\":\"ListItem\",\"position\":1,\"name\":\"Acas\u0103\",\"item\":\"https:\\\/\\\/buletin.de\\\/bucuresti\\\/\"},{\"@type\":\"ListItem\",\"position\":2,\"name\":\"Troleibuzele 61 si 62 suspendate p\u00e2n\u0103 pe 6 septembrie\"}]},{\"@type\":\"WebSite\",\"@id\":\"https:\\\/\\\/buletin.de\\\/bucuresti\\\/#website\",\"url\":\"https:\\\/\\\/buletin.de\\\/bucuresti\\\/\",\"name\":\"Buletin de Bucure\u0219ti\",\"description\":\"\u0218tiri \u0219i investiga\u021bii esen\u021biale din capital\u0103\",\"publisher\":{\"@id\":\"https:\\\/\\\/buletin.de\\\/bucuresti\\\/#organization\"},\"potentialAction\":[{\"@type\":\"SearchAction\",\"target\":{\"@type\":\"EntryPoint\",\"urlTemplate\":\"https:\\\/\\\/buletin.de\\\/bucuresti\\\/?s={search_term_string}\"},\"query-input\":{\"@type\":\"PropertyValueSpecification\",\"valueRequired\":true,\"valueName\":\"search_term_string\"}}],\"inLanguage\":\"en-GB\"},{\"@type\":\"Organization\",\"@id\":\"https:\\\/\\\/buletin.de\\\/bucuresti\\\/#organization\",\"name\":\"Buletin de Bucure\u0219ti\",\"url\":\"https:\\\/\\\/buletin.de\\\/bucuresti\\\/\",\"logo\":{\"@type\":\"ImageObject\",\"inLanguage\":\"en-GB\",\"@id\":\"https:\\\/\\\/buletin.de\\\/bucuresti\\\/#\\\/schema\\\/logo\\\/image\\\/\",\"url\":\"https:\\\/\\\/buletin.de\\\/bucuresti\\\/wp-content\\\/uploads\\\/logo-bdb-full-wide-vernil-transparent.png\",\"contentUrl\":\"https:\\\/\\\/buletin.de\\\/bucuresti\\\/wp-content\\\/uploads\\\/logo-bdb-full-wide-vernil-transparent.png\",\"width\":1782,\"height\":626,\"caption\":\"Buletin de Bucure\u0219ti\"},\"image\":{\"@id\":\"https:\\\/\\\/buletin.de\\\/bucuresti\\\/#\\\/schema\\\/logo\\\/image\\\/\"},\"sameAs\":[\"https:\\\/\\\/www.facebook.com\\\/buletin.de.buc\",\"https:\\\/\\\/www.instagram.com\\\/buletinde.bucuresti\\\/\"]},{\"@type\":\"Person\",\"@id\":\"https:\\\/\\\/buletin.de\\\/bucuresti\\\/#\\\/schema\\\/person\\\/7e46040573290777280a0835d81ea4ea\",\"name\":\"Diana Matei\",\"image\":{\"@type\":\"ImageObject\",\"inLanguage\":\"en-GB\",\"@id\":\"https:\\\/\\\/buletin.de\\\/bucuresti\\\/wp-content\\\/uploads\\\/9-2-96x96.jpg1e8590b30871d70e62ebcdaf2eff570c\",\"url\":\"https:\\\/\\\/buletin.de\\\/bucuresti\\\/wp-content\\\/uploads\\\/9-2-96x96.jpg\",\"contentUrl\":\"https:\\\/\\\/buletin.de\\\/bucuresti\\\/wp-content\\\/uploads\\\/9-2-96x96.jpg\",\"caption\":\"Diana Matei\"},\"url\":\"https:\\\/\\\/buletin.de\\\/bucuresti\\\/author\\\/dianamatei\\\/\"}]}<\/script>\n<!-- \/ Yoast SEO Premium plugin. -->","yoast_head_json":{"title":"Troleibuzele 61 si 62 suspendate p\u00e2n\u0103 pe 6 septembrie - Buletin de Bucure\u0219ti","robots":{"index":"index","follow":"follow","max-snippet":"max-snippet:-1","max-image-preview":"max-image-preview:large","max-video-preview":"max-video-preview:-1"},"canonical":"https:\/\/buletin.de\/bucuresti\/troleibuzele-61-si-62-suspendate-pana-pe-6-septembrie\/","og_locale":"en_GB","og_type":"article","og_title":"Troleibuzele 61 si 62 suspendate p\u00e2n\u0103 pe 6 septembrie","og_description":"Linia navet\u0103 662 \u00eenlocuie\u015fte, \u00een perioada 2 \u2013 6 septembrie 2023, liniile de troleibuz 61 \u015fi 62, care vor fi suspendate, informeaz\u0103 Asocia\u0163ia de Dezvoltare Intercomunitar\u0103 pentru Transport Public Bucure\u015fti \u2013 Ilfov (TPBI). Astfel, liniile de troleibuz 61 \u015fi 62 vor fi suspendate \u00een perioada 1 septembrie 2023, \u00eencep\u00e2nd cu ora 21:00, \u2013 6 septembrie [&hellip;]","og_url":"https:\/\/buletin.de\/bucuresti\/troleibuzele-61-si-62-suspendate-pana-pe-6-septembrie\/","og_site_name":"Buletin de Bucure\u0219ti","article_publisher":"https:\/\/www.facebook.com\/buletin.de.buc","article_published_time":"2023-09-02T02:59:05+00:00","og_image":[{"width":2016,"height":1512,"url":"https:\/\/buletin.de\/bucuresti\/wp-content\/uploads\/5309-61_1.jpg","type":"image\/jpeg"}],"author":"Diana Matei","twitter_card":"summary_large_image","twitter_misc":{"Written by":"Diana Matei","Estimated reading time":"1 minute"},"schema":{"@context":"https:\/\/schema.org","@graph":[{"@type":"Article","@id":"https:\/\/buletin.de\/bucuresti\/troleibuzele-61-si-62-suspendate-pana-pe-6-septembrie\/#article","isPartOf":{"@id":"https:\/\/buletin.de\/bucuresti\/troleibuzele-61-si-62-suspendate-pana-pe-6-septembrie\/"},"author":{"name":"Diana Matei","@id":"https:\/\/buletin.de\/bucuresti\/#\/schema\/person\/7e46040573290777280a0835d81ea4ea"},"headline":"Troleibuzele 61 si 62 suspendate p\u00e2n\u0103 pe 6 septembrie","datePublished":"2023-09-02T02:59:05+00:00","mainEntityOfPage":{"@id":"https:\/\/buletin.de\/bucuresti\/troleibuzele-61-si-62-suspendate-pana-pe-6-septembrie\/"},"wordCount":162,"commentCount":0,"publisher":{"@id":"https:\/\/buletin.de\/bucuresti\/#organization"},"image":{"@id":"https:\/\/buletin.de\/bucuresti\/troleibuzele-61-si-62-suspendate-pana-pe-6-septembrie\/#primaryimage"},"thumbnailUrl":"https:\/\/buletin.de\/bucuresti\/wp-content\/uploads\/5309-61_1.jpg","keywords":["Iuliu Maniu","strada apusului","tpbi","troleibuze"],"articleSection":["\u0218tiri"],"inLanguage":"en-GB","potentialAction":[{"@type":"CommentAction","name":"Comment","target":["https:\/\/buletin.de\/bucuresti\/troleibuzele-61-si-62-suspendate-pana-pe-6-septembrie\/#respond"]}],"copyrightYear":"2023","copyrightHolder":{"@id":"https:\/\/buletin.de\/bucuresti\/#organization"}},{"@type":"WebPage","@id":"https:\/\/buletin.de\/bucuresti\/troleibuzele-61-si-62-suspendate-pana-pe-6-septembrie\/","url":"https:\/\/buletin.de\/bucuresti\/troleibuzele-61-si-62-suspendate-pana-pe-6-septembrie\/","name":"Troleibuzele 61 si 62 suspendate p\u00e2n\u0103 pe 6 septembrie - Buletin de Bucure\u0219ti","isPartOf":{"@id":"https:\/\/buletin.de\/bucuresti\/#website"},"primaryImageOfPage":{"@id":"https:\/\/buletin.de\/bucuresti\/troleibuzele-61-si-62-suspendate-pana-pe-6-septembrie\/#primaryimage"},"image":{"@id":"https:\/\/buletin.de\/bucuresti\/troleibuzele-61-si-62-suspendate-pana-pe-6-septembrie\/#primaryimage"},"thumbnailUrl":"https:\/\/buletin.de\/bucuresti\/wp-content\/uploads\/5309-61_1.jpg","datePublished":"2023-09-02T02:59:05+00:00","breadcrumb":{"@id":"https:\/\/buletin.de\/bucuresti\/troleibuzele-61-si-62-suspendate-pana-pe-6-septembrie\/#breadcrumb"},"inLanguage":"en-GB","potentialAction":[{"@type":"ReadAction","target":["https:\/\/buletin.de\/bucuresti\/troleibuzele-61-si-62-suspendate-pana-pe-6-septembrie\/"]}]},{"@type":"ImageObject","inLanguage":"en-GB","@id":"https:\/\/buletin.de\/bucuresti\/troleibuzele-61-si-62-suspendate-pana-pe-6-septembrie\/#primaryimage","url":"https:\/\/buletin.de\/bucuresti\/wp-content\/uploads\/5309-61_1.jpg","contentUrl":"https:\/\/buletin.de\/bucuresti\/wp-content\/uploads\/5309-61_1.jpg","width":2016,"height":1512},{"@type":"BreadcrumbList","@id":"https:\/\/buletin.de\/bucuresti\/troleibuzele-61-si-62-suspendate-pana-pe-6-septembrie\/#breadcrumb","itemListElement":[{"@type":"ListItem","position":1,"name":"Acas\u0103","item":"https:\/\/buletin.de\/bucuresti\/"},{"@type":"ListItem","position":2,"name":"Troleibuzele 61 si 62 suspendate p\u00e2n\u0103 pe 6 septembrie"}]},{"@type":"WebSite","@id":"https:\/\/buletin.de\/bucuresti\/#website","url":"https:\/\/buletin.de\/bucuresti\/","name":"Buletin de Bucure\u0219ti","description":"\u0218tiri \u0219i investiga\u021bii esen\u021biale din capital\u0103","publisher":{"@id":"https:\/\/buletin.de\/bucuresti\/#organization"},"potentialAction":[{"@type":"SearchAction","target":{"@type":"EntryPoint","urlTemplate":"https:\/\/buletin.de\/bucuresti\/?s={search_term_string}"},"query-input":{"@type":"PropertyValueSpecification","valueRequired":true,"valueName":"search_term_string"}}],"inLanguage":"en-GB"},{"@type":"Organization","@id":"https:\/\/buletin.de\/bucuresti\/#organization","name":"Buletin de Bucure\u0219ti","url":"https:\/\/buletin.de\/bucuresti\/","logo":{"@type":"ImageObject","inLanguage":"en-GB","@id":"https:\/\/buletin.de\/bucuresti\/#\/schema\/logo\/image\/","url":"https:\/\/buletin.de\/bucuresti\/wp-content\/uploads\/logo-bdb-full-wide-vernil-transparent.png","contentUrl":"https:\/\/buletin.de\/bucuresti\/wp-content\/uploads\/logo-bdb-full-wide-vernil-transparent.png","width":1782,"height":626,"caption":"Buletin de Bucure\u0219ti"},"image":{"@id":"https:\/\/buletin.de\/bucuresti\/#\/schema\/logo\/image\/"},"sameAs":["https:\/\/www.facebook.com\/buletin.de.buc","https:\/\/www.instagram.com\/buletinde.bucuresti\/"]},{"@type":"Person","@id":"https:\/\/buletin.de\/bucuresti\/#\/schema\/person\/7e46040573290777280a0835d81ea4ea","name":"Diana Matei","image":{"@type":"ImageObject","inLanguage":"en-GB","@id":"https:\/\/buletin.de\/bucuresti\/wp-content\/uploads\/9-2-96x96.jpg1e8590b30871d70e62ebcdaf2eff570c","url":"https:\/\/buletin.de\/bucuresti\/wp-content\/uploads\/9-2-96x96.jpg","contentUrl":"https:\/\/buletin.de\/bucuresti\/wp-content\/uploads\/9-2-96x96.jpg","caption":"Diana Matei"},"url":"https:\/\/buletin.de\/bucuresti\/author\/dianamatei\/"}]}},"authors":[{"term_id":22574,"user_id":49,"is_guest":0,"slug":"dianamatei","display_name":"Diana Matei","avatar_url":"https:\/\/buletin.de\/bucuresti\/wp-content\/uploads\/9-2-96x96.jpg","0":null,"1":"","2":"","3":"","4":"","5":"","6":"","7":"","8":""}],"_links":{"self":[{"href":"https:\/\/buletin.de\/bucuresti\/wp-json\/wp\/v2\/posts\/62289","targetHints":{"allow":["GET"]}}],"collection":[{"href":"https:\/\/buletin.de\/bucuresti\/wp-json\/wp\/v2\/posts"}],"about":[{"href":"https:\/\/buletin.de\/bucuresti\/wp-json\/wp\/v2\/types\/post"}],"author":[{"embeddable":true,"href":"https:\/\/buletin.de\/bucuresti\/wp-json\/wp\/v2\/users\/49"}],"replies":[{"embeddable":true,"href":"https:\/\/buletin.de\/bucuresti\/wp-json\/wp\/v2\/comments?post=62289"}],"version-history":[{"count":0,"href":"https:\/\/buletin.de\/bucuresti\/wp-json\/wp\/v2\/posts\/62289\/revisions"}],"wp:featuredmedia":[{"embeddable":true,"href":"https:\/\/buletin.de\/bucuresti\/wp-json\/wp\/v2\/media\/62290"}],"wp:attachment":[{"href":"https:\/\/buletin.de\/bucuresti\/wp-json\/wp\/v2\/media?parent=62289"}],"wp:term":[{"taxonomy":"category","embeddable":true,"href":"https:\/\/buletin.de\/bucuresti\/wp-json\/wp\/v2\/categories?post=62289"},{"taxonomy":"post_tag","embeddable":true,"href":"https:\/\/buletin.de\/bucuresti\/wp-json\/wp\/v2\/tags?post=62289"},{"taxonomy":"author","embeddable":true,"href":"https:\/\/buletin.de\/bucuresti\/wp-json\/wp\/v2\/ppma_author?post=62289"}],"curies":[{"name":"wp","href":"https:\/\/api.w.org\/{rel}","templated":true}]}}