{"id":62288,"date":"2023-09-02T04:02:55","date_gmt":"2023-09-02T02:02:55","guid":{"rendered":"https:\/\/buletin.de\/bucuresti\/programul-strazi-deschise-extins-pe-soseaua-kiseleff-si-calea-victoriei\/"},"modified":"2023-09-02T04:02:55","modified_gmt":"2023-09-02T02:02:55","slug":"programul-strazi-deschise-extins-pe-soseaua-kiseleff-si-calea-victoriei","status":"publish","type":"post","link":"https:\/\/buletin.de\/bucuresti\/programul-strazi-deschise-extins-pe-soseaua-kiseleff-si-calea-victoriei\/","title":{"rendered":"Programul \u201eStr\u0103zi deschise\u201d, extins pe \u015eoseaua Kiseleff \u0219i Calea Victoriei\u00a0"},"content":{"rendered":"\n<p><strong>Programul \u201eStr\u0103zi deschise\u201d se extinde la acest sf\u00e2r\u015fit de s\u0103pt\u0103m\u00e2n\u0103. Mai multe evenimente<\/strong> <strong>vor avea loc at\u00e2t pe \u015eoseaua Kiseleff \u015fi<\/strong> <strong>pe Calea Victoriei.<\/strong><\/p>\n\n\n\n<p>\u015eoseaua Kiseleff devine pietonal\u0103, s\u00e2mb\u0103t\u0103, \u00eentre intersec\u0163ia cu Strada Arh. Ion Mincu \u015fi Pia\u0163a Victoriei, \u00een intervalul orar 07:00 \u2013 22:00. De la ora 18:00, pasiona\u0163ii de literatur\u0103 pot merge la Rondul Kiseleff s\u0103 celebreze Ziua Limbii Rom\u00e2ne prin intermediul uneia dintre cele mai cunoscute \u015fi practicate activit\u0103\u0163i educative \u2013 dictarea. <\/p>\n\n\n\n<p>Tot pe \u015eoseaua Kiseleff va avea loc \u015fi spectacolul-lectur\u0103 \u201eO scrisoare pierdut\u0103\u201d, \u00een cadrul proiectului artistic \u201eOchii min\u0163ii\u201d.<\/p>\n\n\n\n<p><strong>Programul de pe Calea Victoriei include:<\/strong><\/p>\n\n\n\n<ul class=\"wp-block-list\">\n<li>spectacole de teatru pentru cei mici \u015fi cei mari;<\/li>\n\n\n\n<li>expozi\u0163ii, miniconcerte de muzic\u0103 pop, pop-rock, hip-hop, jazz, pop-jazz, funk;<\/li>\n\n\n\n<li> spectacole interactive, demonstra\u0163ii de pictur\u0103 \u015fi proiec\u0163ii ale unor filme realizate de studen\u0163ii Universit\u0103\u0163ii Na\u0163ionale de Teatru \u015fi Cinematografie \u201eI.L. Caragiale\u201d.<\/li>\n<\/ul>\n\n\n\n<p>Casa Filipescu-Cesianu a Muzeului Municipiului Bucure\u015fti este inclus\u0103 \u00een programul artistic cu trei expozi\u0163ii ce \u00ee\u015fi a\u015fteapt\u0103 vizitatorii s\u00e2mb\u0103t\u0103 \u015fi duminic\u0103 \u00een intervalul orar 10:00 \u2013 17:30.<\/p>\n\n\n\n<p><strong>Program s\u00e2mb\u0103t\u0103, 2 septembrie:<\/strong><\/p>\n\n\n\n<p>De la ora 17:00 \u00een zona Cercului Militar, evenimentul \u201eParagon Street Beat\u201d va include o serie de miniconcerte de muzic\u0103 pop, pop-rock, hip-hop, jazz, pop-jazz, funk; <\/p>\n\n\n\n<p>Pe Calea Victoriei, \u00een zona Muzeului Na\u0163ional de Istorie a Rom\u00e2niei, Teatrul Masca va avea trei reprezenta\u0163ii de la orele 17:30, 18:30, respectiv 19:30;<\/p>\n\n\n\n<p><strong>Program duminica, 3 septembrie:<\/strong><\/p>\n\n\n\n<p>La Muzeul Na\u0163ional de Art\u0103  va avea loc, de la ora 18:00, spectacolul \u201eMotanul \u00eenc\u0103l\u0163at\u201d.<\/p>\n\n\n\n<p>De la ora 10:00, pe Calea Victoriei, \u00een zona Bisericii Kretzulescu, va avea loc evenimentul \u201eMenestreli pe \u015fevalet\u201d, care include o serie de demonstra\u0163ii de pictur\u0103 pe p\u00e2nz\u0103 \u015fi acuarel\u0103 ale Asocia\u0163iei Arti\u015ftilor Plastici Bucure\u015fti. <\/p>\n\n\n\n<p>De la ora 11,00, Teatrul \u201eIon Creang\u0103\u201d aduce \u00een fa\u0163a Muzeului Na\u0163ional de Istorie a Rom\u00e2niei spectacolul interactiv \u015fi educativ \u201eMagia ghicitorilor\u201d. Al\u0103turi de actorii Cezar Vlad Popescu \u015fi Oliviu-Cristian Bughiu, copiii sunt \u00eencuraja\u0163i s\u0103 pun\u0103 o mul\u0163ime de \u00eentreb\u0103ri \u015fi s\u0103 descopere \u00eempreun\u0103 r\u0103spunsurile.<\/p>\n\n\n\n<p>Partea a doua a spectacolului de teatru \u201eRom\u00e2ni la por\u0163ile lumii\u201d este programat\u0103 de la ora 17:30, ultima reprezenta\u0163ie av\u00e2nd loc la ora 19:30, \u00een zona Muzeului Na\u0163ional de Istorie a Rom\u00e2niei.<\/p>\n\n\n\n<p>De  la ora 17:00, iubitorii de teatru \u015fi film sunt invita\u0163i \u00een zona Cercului Militar la evenimentul \u201eUNATC pe Scena Ora\u015fului. Teatru \u015fi Film pentru bucure\u015fteni\u201d pentru a urm\u0103ri scene din opere celebre dup\u0103 W. Shakespeare, C. Goldoni, Moliere. <\/p>\n\n\n\n<p>Programul cultural de pe Calea Victoriei va fi completat de spectacolul-lectur\u0103 \u201eO noapte furtunoas\u0103\u201d, care va prinde via\u0163\u0103 pe trotuarul din fa\u0163a Parcului \u201eNicolae Iorga\u201d de la ora 18:00.<\/p>\n\n\n\n<p>\u015ecoala Popular\u0103 de Art\u0103 a\u015fteapt\u0103 vizitatori la sediul din Sectorul 4, Strada Cuza Vod\u0103 100, cu expozi\u0163ii de pictur\u0103 de copii, art\u0103 decorativ\u0103, design vestimentar, decora\u0163iuni interioare, iconografie \u015fi grafic\u0103.<\/p>\n\n\n\n<p>Proiectul \u201eStr\u0103zi deschise\u201d este organizat de Prim\u0103ria Capitalei, prin Direc\u0163ia Cultur\u0103, \u00cenv\u0103\u0163\u0103m\u00e2nt, Turism, al\u0103turi de ARCUB \u2013 Centrul Cultural al Municipiului Bucure\u015fti \u015fi PROEDUS \u2013 Centrul de Proiecte Educa\u0163ionale \u015fi Sportive al Municipiului Bucure\u015fti.<\/p>\n\n\n\n<p><\/p>\n","protected":false},"excerpt":{"rendered":"<p>Programul \u201eStr\u0103zi deschise\u201d se extinde la acest sf\u00e2r\u015fit de s\u0103pt\u0103m\u00e2n\u0103. Mai multe evenimente vor avea loc at\u00e2t pe \u015eoseaua Kiseleff \u015fi pe Calea Victoriei. \u015eoseaua Kiseleff devine pietonal\u0103, s\u00e2mb\u0103t\u0103, \u00eentre intersec\u0163ia cu Strada Arh. Ion Mincu \u015fi Pia\u0163a Victoriei, \u00een intervalul orar 07:00 \u2013 22:00. De la ora 18:00, pasiona\u0163ii de literatur\u0103 pot merge la [&hellip;]<\/p>\n","protected":false},"author":49,"featured_media":61543,"comment_status":"open","ping_status":"open","sticky":false,"template":"","format":"standard","meta":{"_acf_changed":false,"inline_featured_image":false,"ngg_post_thumbnail":0,"footnotes":""},"categories":[62],"tags":[4419,4454,6385],"ppma_author":[22574],"class_list":["post-62288","post","type-post","status-publish","format-standard","has-post-thumbnail","hentry","category-stiri","tag-calea-victoriei","tag-soseaua-kiseleff","tag-strazi-deschise-promenada-urbana"],"acf":[],"yoast_head":"<!-- This site is optimized with the Yoast SEO Premium plugin v25.3 (Yoast SEO v27.4) - https:\/\/yoast.com\/product\/yoast-seo-premium-wordpress\/ -->\n<title>Programul \u201eStr\u0103zi deschise\u201d, extins pe \u015eoseaua Kiseleff \u0219i Calea Victoriei\u00a0 - Buletin de Bucure\u0219ti<\/title>\n<meta name=\"robots\" content=\"index, follow, max-snippet:-1, max-image-preview:large, max-video-preview:-1\" \/>\n<link rel=\"canonical\" href=\"https:\/\/buletin.de\/bucuresti\/programul-strazi-deschise-extins-pe-soseaua-kiseleff-si-calea-victoriei\/\" \/>\n<meta property=\"og:locale\" content=\"en_GB\" \/>\n<meta property=\"og:type\" content=\"article\" \/>\n<meta property=\"og:title\" content=\"Programul \u201eStr\u0103zi deschise\u201d, extins pe \u015eoseaua Kiseleff \u0219i Calea Victoriei\u00a0\" \/>\n<meta property=\"og:description\" content=\"Programul \u201eStr\u0103zi deschise\u201d se extinde la acest sf\u00e2r\u015fit de s\u0103pt\u0103m\u00e2n\u0103. Mai multe evenimente vor avea loc at\u00e2t pe \u015eoseaua Kiseleff \u015fi pe Calea Victoriei. \u015eoseaua Kiseleff devine pietonal\u0103, s\u00e2mb\u0103t\u0103, \u00eentre intersec\u0163ia cu Strada Arh. Ion Mincu \u015fi Pia\u0163a Victoriei, \u00een intervalul orar 07:00 \u2013 22:00. De la ora 18:00, pasiona\u0163ii de literatur\u0103 pot merge la [&hellip;]\" \/>\n<meta property=\"og:url\" content=\"https:\/\/buletin.de\/bucuresti\/programul-strazi-deschise-extins-pe-soseaua-kiseleff-si-calea-victoriei\/\" \/>\n<meta property=\"og:site_name\" content=\"Buletin de Bucure\u0219ti\" \/>\n<meta property=\"article:publisher\" content=\"https:\/\/www.facebook.com\/buletin.de.buc\" \/>\n<meta property=\"article:published_time\" content=\"2023-09-02T02:02:55+00:00\" \/>\n<meta property=\"og:image\" content=\"https:\/\/buletin.de\/bucuresti\/wp-content\/uploads\/WhatsApp-Image-2023-07-30-at-07.55.08.jpeg\" \/>\n\t<meta property=\"og:image:width\" content=\"2040\" \/>\n\t<meta property=\"og:image:height\" content=\"1536\" \/>\n\t<meta property=\"og:image:type\" content=\"image\/jpeg\" \/>\n<meta name=\"author\" content=\"Diana Matei\" \/>\n<meta name=\"twitter:card\" content=\"summary_large_image\" \/>\n<meta name=\"twitter:label1\" content=\"Written by\" \/>\n\t<meta name=\"twitter:data1\" content=\"Diana Matei\" \/>\n\t<meta name=\"twitter:label2\" content=\"Estimated reading time\" \/>\n\t<meta name=\"twitter:data2\" content=\"3 minutes\" \/>\n<script type=\"application\/ld+json\" class=\"yoast-schema-graph\">{\"@context\":\"https:\\\/\\\/schema.org\",\"@graph\":[{\"@type\":\"Article\",\"@id\":\"https:\\\/\\\/buletin.de\\\/bucuresti\\\/programul-strazi-deschise-extins-pe-soseaua-kiseleff-si-calea-victoriei\\\/#article\",\"isPartOf\":{\"@id\":\"https:\\\/\\\/buletin.de\\\/bucuresti\\\/programul-strazi-deschise-extins-pe-soseaua-kiseleff-si-calea-victoriei\\\/\"},\"author\":{\"name\":\"Diana Matei\",\"@id\":\"https:\\\/\\\/buletin.de\\\/bucuresti\\\/#\\\/schema\\\/person\\\/7e46040573290777280a0835d81ea4ea\"},\"headline\":\"Programul \u201eStr\u0103zi deschise\u201d, extins pe \u015eoseaua Kiseleff \u0219i Calea Victoriei\u00a0\",\"datePublished\":\"2023-09-02T02:02:55+00:00\",\"mainEntityOfPage\":{\"@id\":\"https:\\\/\\\/buletin.de\\\/bucuresti\\\/programul-strazi-deschise-extins-pe-soseaua-kiseleff-si-calea-victoriei\\\/\"},\"wordCount\":540,\"commentCount\":0,\"publisher\":{\"@id\":\"https:\\\/\\\/buletin.de\\\/bucuresti\\\/#organization\"},\"image\":{\"@id\":\"https:\\\/\\\/buletin.de\\\/bucuresti\\\/programul-strazi-deschise-extins-pe-soseaua-kiseleff-si-calea-victoriei\\\/#primaryimage\"},\"thumbnailUrl\":\"https:\\\/\\\/buletin.de\\\/bucuresti\\\/wp-content\\\/uploads\\\/WhatsApp-Image-2023-07-30-at-07.55.08.jpeg\",\"keywords\":[\"calea victoriei\",\"soseaua kiseleff\",\"strazi deschise promenada urbana\"],\"articleSection\":[\"\u0218tiri\"],\"inLanguage\":\"en-GB\",\"potentialAction\":[{\"@type\":\"CommentAction\",\"name\":\"Comment\",\"target\":[\"https:\\\/\\\/buletin.de\\\/bucuresti\\\/programul-strazi-deschise-extins-pe-soseaua-kiseleff-si-calea-victoriei\\\/#respond\"]}],\"copyrightYear\":\"2023\",\"copyrightHolder\":{\"@id\":\"https:\\\/\\\/buletin.de\\\/bucuresti\\\/#organization\"}},{\"@type\":\"WebPage\",\"@id\":\"https:\\\/\\\/buletin.de\\\/bucuresti\\\/programul-strazi-deschise-extins-pe-soseaua-kiseleff-si-calea-victoriei\\\/\",\"url\":\"https:\\\/\\\/buletin.de\\\/bucuresti\\\/programul-strazi-deschise-extins-pe-soseaua-kiseleff-si-calea-victoriei\\\/\",\"name\":\"Programul \u201eStr\u0103zi deschise\u201d, extins pe \u015eoseaua Kiseleff \u0219i Calea Victoriei\u00a0 - Buletin de Bucure\u0219ti\",\"isPartOf\":{\"@id\":\"https:\\\/\\\/buletin.de\\\/bucuresti\\\/#website\"},\"primaryImageOfPage\":{\"@id\":\"https:\\\/\\\/buletin.de\\\/bucuresti\\\/programul-strazi-deschise-extins-pe-soseaua-kiseleff-si-calea-victoriei\\\/#primaryimage\"},\"image\":{\"@id\":\"https:\\\/\\\/buletin.de\\\/bucuresti\\\/programul-strazi-deschise-extins-pe-soseaua-kiseleff-si-calea-victoriei\\\/#primaryimage\"},\"thumbnailUrl\":\"https:\\\/\\\/buletin.de\\\/bucuresti\\\/wp-content\\\/uploads\\\/WhatsApp-Image-2023-07-30-at-07.55.08.jpeg\",\"datePublished\":\"2023-09-02T02:02:55+00:00\",\"breadcrumb\":{\"@id\":\"https:\\\/\\\/buletin.de\\\/bucuresti\\\/programul-strazi-deschise-extins-pe-soseaua-kiseleff-si-calea-victoriei\\\/#breadcrumb\"},\"inLanguage\":\"en-GB\",\"potentialAction\":[{\"@type\":\"ReadAction\",\"target\":[\"https:\\\/\\\/buletin.de\\\/bucuresti\\\/programul-strazi-deschise-extins-pe-soseaua-kiseleff-si-calea-victoriei\\\/\"]}]},{\"@type\":\"ImageObject\",\"inLanguage\":\"en-GB\",\"@id\":\"https:\\\/\\\/buletin.de\\\/bucuresti\\\/programul-strazi-deschise-extins-pe-soseaua-kiseleff-si-calea-victoriei\\\/#primaryimage\",\"url\":\"https:\\\/\\\/buletin.de\\\/bucuresti\\\/wp-content\\\/uploads\\\/WhatsApp-Image-2023-07-30-at-07.55.08.jpeg\",\"contentUrl\":\"https:\\\/\\\/buletin.de\\\/bucuresti\\\/wp-content\\\/uploads\\\/WhatsApp-Image-2023-07-30-at-07.55.08.jpeg\",\"width\":2040,\"height\":1536},{\"@type\":\"BreadcrumbList\",\"@id\":\"https:\\\/\\\/buletin.de\\\/bucuresti\\\/programul-strazi-deschise-extins-pe-soseaua-kiseleff-si-calea-victoriei\\\/#breadcrumb\",\"itemListElement\":[{\"@type\":\"ListItem\",\"position\":1,\"name\":\"Acas\u0103\",\"item\":\"https:\\\/\\\/buletin.de\\\/bucuresti\\\/\"},{\"@type\":\"ListItem\",\"position\":2,\"name\":\"Programul \u201eStr\u0103zi deschise\u201d, extins pe \u015eoseaua Kiseleff \u0219i Calea Victoriei\u00a0\"}]},{\"@type\":\"WebSite\",\"@id\":\"https:\\\/\\\/buletin.de\\\/bucuresti\\\/#website\",\"url\":\"https:\\\/\\\/buletin.de\\\/bucuresti\\\/\",\"name\":\"Buletin de Bucure\u0219ti\",\"description\":\"\u0218tiri \u0219i investiga\u021bii esen\u021biale din capital\u0103\",\"publisher\":{\"@id\":\"https:\\\/\\\/buletin.de\\\/bucuresti\\\/#organization\"},\"potentialAction\":[{\"@type\":\"SearchAction\",\"target\":{\"@type\":\"EntryPoint\",\"urlTemplate\":\"https:\\\/\\\/buletin.de\\\/bucuresti\\\/?s={search_term_string}\"},\"query-input\":{\"@type\":\"PropertyValueSpecification\",\"valueRequired\":true,\"valueName\":\"search_term_string\"}}],\"inLanguage\":\"en-GB\"},{\"@type\":\"Organization\",\"@id\":\"https:\\\/\\\/buletin.de\\\/bucuresti\\\/#organization\",\"name\":\"Buletin de Bucure\u0219ti\",\"url\":\"https:\\\/\\\/buletin.de\\\/bucuresti\\\/\",\"logo\":{\"@type\":\"ImageObject\",\"inLanguage\":\"en-GB\",\"@id\":\"https:\\\/\\\/buletin.de\\\/bucuresti\\\/#\\\/schema\\\/logo\\\/image\\\/\",\"url\":\"https:\\\/\\\/buletin.de\\\/bucuresti\\\/wp-content\\\/uploads\\\/logo-bdb-full-wide-vernil-transparent.png\",\"contentUrl\":\"https:\\\/\\\/buletin.de\\\/bucuresti\\\/wp-content\\\/uploads\\\/logo-bdb-full-wide-vernil-transparent.png\",\"width\":1782,\"height\":626,\"caption\":\"Buletin de Bucure\u0219ti\"},\"image\":{\"@id\":\"https:\\\/\\\/buletin.de\\\/bucuresti\\\/#\\\/schema\\\/logo\\\/image\\\/\"},\"sameAs\":[\"https:\\\/\\\/www.facebook.com\\\/buletin.de.buc\",\"https:\\\/\\\/www.instagram.com\\\/buletinde.bucuresti\\\/\"]},{\"@type\":\"Person\",\"@id\":\"https:\\\/\\\/buletin.de\\\/bucuresti\\\/#\\\/schema\\\/person\\\/7e46040573290777280a0835d81ea4ea\",\"name\":\"Diana Matei\",\"image\":{\"@type\":\"ImageObject\",\"inLanguage\":\"en-GB\",\"@id\":\"https:\\\/\\\/buletin.de\\\/bucuresti\\\/wp-content\\\/uploads\\\/9-2-96x96.jpg1e8590b30871d70e62ebcdaf2eff570c\",\"url\":\"https:\\\/\\\/buletin.de\\\/bucuresti\\\/wp-content\\\/uploads\\\/9-2-96x96.jpg\",\"contentUrl\":\"https:\\\/\\\/buletin.de\\\/bucuresti\\\/wp-content\\\/uploads\\\/9-2-96x96.jpg\",\"caption\":\"Diana Matei\"},\"url\":\"https:\\\/\\\/buletin.de\\\/bucuresti\\\/author\\\/dianamatei\\\/\"}]}<\/script>\n<!-- \/ Yoast SEO Premium plugin. -->","yoast_head_json":{"title":"Programul \u201eStr\u0103zi deschise\u201d, extins pe \u015eoseaua Kiseleff \u0219i Calea Victoriei\u00a0 - Buletin de Bucure\u0219ti","robots":{"index":"index","follow":"follow","max-snippet":"max-snippet:-1","max-image-preview":"max-image-preview:large","max-video-preview":"max-video-preview:-1"},"canonical":"https:\/\/buletin.de\/bucuresti\/programul-strazi-deschise-extins-pe-soseaua-kiseleff-si-calea-victoriei\/","og_locale":"en_GB","og_type":"article","og_title":"Programul \u201eStr\u0103zi deschise\u201d, extins pe \u015eoseaua Kiseleff \u0219i Calea Victoriei\u00a0","og_description":"Programul \u201eStr\u0103zi deschise\u201d se extinde la acest sf\u00e2r\u015fit de s\u0103pt\u0103m\u00e2n\u0103. Mai multe evenimente vor avea loc at\u00e2t pe \u015eoseaua Kiseleff \u015fi pe Calea Victoriei. \u015eoseaua Kiseleff devine pietonal\u0103, s\u00e2mb\u0103t\u0103, \u00eentre intersec\u0163ia cu Strada Arh. Ion Mincu \u015fi Pia\u0163a Victoriei, \u00een intervalul orar 07:00 \u2013 22:00. De la ora 18:00, pasiona\u0163ii de literatur\u0103 pot merge la [&hellip;]","og_url":"https:\/\/buletin.de\/bucuresti\/programul-strazi-deschise-extins-pe-soseaua-kiseleff-si-calea-victoriei\/","og_site_name":"Buletin de Bucure\u0219ti","article_publisher":"https:\/\/www.facebook.com\/buletin.de.buc","article_published_time":"2023-09-02T02:02:55+00:00","og_image":[{"width":2040,"height":1536,"url":"https:\/\/buletin.de\/bucuresti\/wp-content\/uploads\/WhatsApp-Image-2023-07-30-at-07.55.08.jpeg","type":"image\/jpeg"}],"author":"Diana Matei","twitter_card":"summary_large_image","twitter_misc":{"Written by":"Diana Matei","Estimated reading time":"3 minutes"},"schema":{"@context":"https:\/\/schema.org","@graph":[{"@type":"Article","@id":"https:\/\/buletin.de\/bucuresti\/programul-strazi-deschise-extins-pe-soseaua-kiseleff-si-calea-victoriei\/#article","isPartOf":{"@id":"https:\/\/buletin.de\/bucuresti\/programul-strazi-deschise-extins-pe-soseaua-kiseleff-si-calea-victoriei\/"},"author":{"name":"Diana Matei","@id":"https:\/\/buletin.de\/bucuresti\/#\/schema\/person\/7e46040573290777280a0835d81ea4ea"},"headline":"Programul \u201eStr\u0103zi deschise\u201d, extins pe \u015eoseaua Kiseleff \u0219i Calea Victoriei\u00a0","datePublished":"2023-09-02T02:02:55+00:00","mainEntityOfPage":{"@id":"https:\/\/buletin.de\/bucuresti\/programul-strazi-deschise-extins-pe-soseaua-kiseleff-si-calea-victoriei\/"},"wordCount":540,"commentCount":0,"publisher":{"@id":"https:\/\/buletin.de\/bucuresti\/#organization"},"image":{"@id":"https:\/\/buletin.de\/bucuresti\/programul-strazi-deschise-extins-pe-soseaua-kiseleff-si-calea-victoriei\/#primaryimage"},"thumbnailUrl":"https:\/\/buletin.de\/bucuresti\/wp-content\/uploads\/WhatsApp-Image-2023-07-30-at-07.55.08.jpeg","keywords":["calea victoriei","soseaua kiseleff","strazi deschise promenada urbana"],"articleSection":["\u0218tiri"],"inLanguage":"en-GB","potentialAction":[{"@type":"CommentAction","name":"Comment","target":["https:\/\/buletin.de\/bucuresti\/programul-strazi-deschise-extins-pe-soseaua-kiseleff-si-calea-victoriei\/#respond"]}],"copyrightYear":"2023","copyrightHolder":{"@id":"https:\/\/buletin.de\/bucuresti\/#organization"}},{"@type":"WebPage","@id":"https:\/\/buletin.de\/bucuresti\/programul-strazi-deschise-extins-pe-soseaua-kiseleff-si-calea-victoriei\/","url":"https:\/\/buletin.de\/bucuresti\/programul-strazi-deschise-extins-pe-soseaua-kiseleff-si-calea-victoriei\/","name":"Programul \u201eStr\u0103zi deschise\u201d, extins pe \u015eoseaua Kiseleff \u0219i Calea Victoriei\u00a0 - Buletin de Bucure\u0219ti","isPartOf":{"@id":"https:\/\/buletin.de\/bucuresti\/#website"},"primaryImageOfPage":{"@id":"https:\/\/buletin.de\/bucuresti\/programul-strazi-deschise-extins-pe-soseaua-kiseleff-si-calea-victoriei\/#primaryimage"},"image":{"@id":"https:\/\/buletin.de\/bucuresti\/programul-strazi-deschise-extins-pe-soseaua-kiseleff-si-calea-victoriei\/#primaryimage"},"thumbnailUrl":"https:\/\/buletin.de\/bucuresti\/wp-content\/uploads\/WhatsApp-Image-2023-07-30-at-07.55.08.jpeg","datePublished":"2023-09-02T02:02:55+00:00","breadcrumb":{"@id":"https:\/\/buletin.de\/bucuresti\/programul-strazi-deschise-extins-pe-soseaua-kiseleff-si-calea-victoriei\/#breadcrumb"},"inLanguage":"en-GB","potentialAction":[{"@type":"ReadAction","target":["https:\/\/buletin.de\/bucuresti\/programul-strazi-deschise-extins-pe-soseaua-kiseleff-si-calea-victoriei\/"]}]},{"@type":"ImageObject","inLanguage":"en-GB","@id":"https:\/\/buletin.de\/bucuresti\/programul-strazi-deschise-extins-pe-soseaua-kiseleff-si-calea-victoriei\/#primaryimage","url":"https:\/\/buletin.de\/bucuresti\/wp-content\/uploads\/WhatsApp-Image-2023-07-30-at-07.55.08.jpeg","contentUrl":"https:\/\/buletin.de\/bucuresti\/wp-content\/uploads\/WhatsApp-Image-2023-07-30-at-07.55.08.jpeg","width":2040,"height":1536},{"@type":"BreadcrumbList","@id":"https:\/\/buletin.de\/bucuresti\/programul-strazi-deschise-extins-pe-soseaua-kiseleff-si-calea-victoriei\/#breadcrumb","itemListElement":[{"@type":"ListItem","position":1,"name":"Acas\u0103","item":"https:\/\/buletin.de\/bucuresti\/"},{"@type":"ListItem","position":2,"name":"Programul \u201eStr\u0103zi deschise\u201d, extins pe \u015eoseaua Kiseleff \u0219i Calea Victoriei\u00a0"}]},{"@type":"WebSite","@id":"https:\/\/buletin.de\/bucuresti\/#website","url":"https:\/\/buletin.de\/bucuresti\/","name":"Buletin de Bucure\u0219ti","description":"\u0218tiri \u0219i investiga\u021bii esen\u021biale din capital\u0103","publisher":{"@id":"https:\/\/buletin.de\/bucuresti\/#organization"},"potentialAction":[{"@type":"SearchAction","target":{"@type":"EntryPoint","urlTemplate":"https:\/\/buletin.de\/bucuresti\/?s={search_term_string}"},"query-input":{"@type":"PropertyValueSpecification","valueRequired":true,"valueName":"search_term_string"}}],"inLanguage":"en-GB"},{"@type":"Organization","@id":"https:\/\/buletin.de\/bucuresti\/#organization","name":"Buletin de Bucure\u0219ti","url":"https:\/\/buletin.de\/bucuresti\/","logo":{"@type":"ImageObject","inLanguage":"en-GB","@id":"https:\/\/buletin.de\/bucuresti\/#\/schema\/logo\/image\/","url":"https:\/\/buletin.de\/bucuresti\/wp-content\/uploads\/logo-bdb-full-wide-vernil-transparent.png","contentUrl":"https:\/\/buletin.de\/bucuresti\/wp-content\/uploads\/logo-bdb-full-wide-vernil-transparent.png","width":1782,"height":626,"caption":"Buletin de Bucure\u0219ti"},"image":{"@id":"https:\/\/buletin.de\/bucuresti\/#\/schema\/logo\/image\/"},"sameAs":["https:\/\/www.facebook.com\/buletin.de.buc","https:\/\/www.instagram.com\/buletinde.bucuresti\/"]},{"@type":"Person","@id":"https:\/\/buletin.de\/bucuresti\/#\/schema\/person\/7e46040573290777280a0835d81ea4ea","name":"Diana Matei","image":{"@type":"ImageObject","inLanguage":"en-GB","@id":"https:\/\/buletin.de\/bucuresti\/wp-content\/uploads\/9-2-96x96.jpg1e8590b30871d70e62ebcdaf2eff570c","url":"https:\/\/buletin.de\/bucuresti\/wp-content\/uploads\/9-2-96x96.jpg","contentUrl":"https:\/\/buletin.de\/bucuresti\/wp-content\/uploads\/9-2-96x96.jpg","caption":"Diana Matei"},"url":"https:\/\/buletin.de\/bucuresti\/author\/dianamatei\/"}]}},"authors":[{"term_id":22574,"user_id":49,"is_guest":0,"slug":"dianamatei","display_name":"Diana Matei","avatar_url":"https:\/\/buletin.de\/bucuresti\/wp-content\/uploads\/9-2-96x96.jpg","0":null,"1":"","2":"","3":"","4":"","5":"","6":"","7":"","8":""}],"_links":{"self":[{"href":"https:\/\/buletin.de\/bucuresti\/wp-json\/wp\/v2\/posts\/62288","targetHints":{"allow":["GET"]}}],"collection":[{"href":"https:\/\/buletin.de\/bucuresti\/wp-json\/wp\/v2\/posts"}],"about":[{"href":"https:\/\/buletin.de\/bucuresti\/wp-json\/wp\/v2\/types\/post"}],"author":[{"embeddable":true,"href":"https:\/\/buletin.de\/bucuresti\/wp-json\/wp\/v2\/users\/49"}],"replies":[{"embeddable":true,"href":"https:\/\/buletin.de\/bucuresti\/wp-json\/wp\/v2\/comments?post=62288"}],"version-history":[{"count":0,"href":"https:\/\/buletin.de\/bucuresti\/wp-json\/wp\/v2\/posts\/62288\/revisions"}],"wp:featuredmedia":[{"embeddable":true,"href":"https:\/\/buletin.de\/bucuresti\/wp-json\/wp\/v2\/media\/61543"}],"wp:attachment":[{"href":"https:\/\/buletin.de\/bucuresti\/wp-json\/wp\/v2\/media?parent=62288"}],"wp:term":[{"taxonomy":"category","embeddable":true,"href":"https:\/\/buletin.de\/bucuresti\/wp-json\/wp\/v2\/categories?post=62288"},{"taxonomy":"post_tag","embeddable":true,"href":"https:\/\/buletin.de\/bucuresti\/wp-json\/wp\/v2\/tags?post=62288"},{"taxonomy":"author","embeddable":true,"href":"https:\/\/buletin.de\/bucuresti\/wp-json\/wp\/v2\/ppma_author?post=62288"}],"curies":[{"name":"wp","href":"https:\/\/api.w.org\/{rel}","templated":true}]}}