{"id":62286,"date":"2023-09-02T04:34:49","date_gmt":"2023-09-02T02:34:49","guid":{"rendered":"https:\/\/buletin.de\/bucuresti\/conducta-noua-preizolata-dotata-cu-senzori-de-detectie-a-avariilor-in-zona-dorobanti-calea-floreasca\/"},"modified":"2023-09-02T04:34:49","modified_gmt":"2023-09-02T02:34:49","slug":"conducta-noua-preizolata-dotata-cu-senzori-de-detectie-a-avariilor-in-zona-dorobanti-calea-floreasca","status":"publish","type":"post","link":"https:\/\/buletin.de\/bucuresti\/conducta-noua-preizolata-dotata-cu-senzori-de-detectie-a-avariilor-in-zona-dorobanti-calea-floreasca\/","title":{"rendered":"Conduct\u0103 nou\u0103, preizolat\u0103, dotat\u0103 cu senzori de detec\u021bie a avariilor,  \u00een zona Doroban\u021bi-Calea Floreasca"},"content":{"rendered":"\n<p><strong>\u00cenc\u0103 1400m de conduct\u0103 nou\u0103, preizolat\u0103, dotat\u0103 cu senzori de detec\u021bie a avariilor, pe Magistrala II-III Groz\u0103ve\u0219ti, va fi pus\u0103 \u00een func\u021biune \u00een zona Doroban\u021bi-Calea Floreasca, anun\u021b\u0103 primarul Capitalei, Nicu\u0219or Dan.<\/strong><\/p>\n\n\n\n<p>De asemenea, un tronson de 800 de metri de conduct\u0103 magistral\u0103 de dimensiune mare (DN 600) a fost supus probei de presiune. De alimentarea cu energie termic\u0103 vor beneficia locuitorii str\u0103zilor Stockholm, Madrid \u0219i Axinte Uricariul, dar \u0219i locatarii blocurilor de pe Strada Doroban\u021bilor \u0219i Calea Floreasca.<\/p>\n\n\n\n<p>Al\u021bi 600 de metri de conducte noi, de dimensiune mic\u0103 (DN 100 \u2013 DN 125) au fost monta\u021bi \u0219i vor intra \u00een func\u021biune, \u00een zona racordurilor \u00een punctele termice PT Perla, PT 2 Doroban\u021bi, PT Ilie Pintilie \u0219i PT 8 1 Mai. Lucr\u0103rile au fost realizate de Compania Municipal\u0103 Energetica Servicii, mai precizeaz\u0103 edilul Capitalei.<\/p>\n","protected":false},"excerpt":{"rendered":"<p>\u00cenc\u0103 1400m de conduct\u0103 nou\u0103, preizolat\u0103, dotat\u0103 cu senzori de detec\u021bie a avariilor, pe Magistrala II-III Groz\u0103ve\u0219ti, va fi pus\u0103 \u00een func\u021biune \u00een zona Doroban\u021bi-Calea Floreasca, anun\u021b\u0103 primarul Capitalei, Nicu\u0219or Dan. De asemenea, un tronson de 800 de metri de conduct\u0103 magistral\u0103 de dimensiune mare (DN 600) a fost supus probei de presiune. De alimentarea [&hellip;]<\/p>\n","protected":false},"author":49,"featured_media":62287,"comment_status":"open","ping_status":"open","sticky":false,"template":"","format":"standard","meta":{"_acf_changed":false,"inline_featured_image":false,"ngg_post_thumbnail":0,"footnotes":""},"categories":[62],"tags":[6348,4890,223],"ppma_author":[22574],"class_list":["post-62286","post","type-post","status-publish","format-standard","has-post-thumbnail","hentry","category-stiri","tag-calea-floreasca","tag-magistrala-grozavesti","tag-nicusor-dan"],"acf":[],"yoast_head":"<!-- This site is optimized with the Yoast SEO Premium plugin v25.3 (Yoast SEO v27.4) - https:\/\/yoast.com\/product\/yoast-seo-premium-wordpress\/ -->\n<title>Conduct\u0103 nou\u0103, preizolat\u0103, dotat\u0103 cu senzori de detec\u021bie a avariilor, \u00een zona Doroban\u021bi-Calea Floreasca - Buletin de Bucure\u0219ti<\/title>\n<meta name=\"robots\" content=\"index, follow, max-snippet:-1, max-image-preview:large, max-video-preview:-1\" \/>\n<link rel=\"canonical\" href=\"https:\/\/buletin.de\/bucuresti\/conducta-noua-preizolata-dotata-cu-senzori-de-detectie-a-avariilor-in-zona-dorobanti-calea-floreasca\/\" \/>\n<meta property=\"og:locale\" content=\"en_GB\" \/>\n<meta property=\"og:type\" content=\"article\" \/>\n<meta property=\"og:title\" content=\"Conduct\u0103 nou\u0103, preizolat\u0103, dotat\u0103 cu senzori de detec\u021bie a avariilor, \u00een zona Doroban\u021bi-Calea Floreasca\" \/>\n<meta property=\"og:description\" content=\"\u00cenc\u0103 1400m de conduct\u0103 nou\u0103, preizolat\u0103, dotat\u0103 cu senzori de detec\u021bie a avariilor, pe Magistrala II-III Groz\u0103ve\u0219ti, va fi pus\u0103 \u00een func\u021biune \u00een zona Doroban\u021bi-Calea Floreasca, anun\u021b\u0103 primarul Capitalei, Nicu\u0219or Dan. De asemenea, un tronson de 800 de metri de conduct\u0103 magistral\u0103 de dimensiune mare (DN 600) a fost supus probei de presiune. De alimentarea [&hellip;]\" \/>\n<meta property=\"og:url\" content=\"https:\/\/buletin.de\/bucuresti\/conducta-noua-preizolata-dotata-cu-senzori-de-detectie-a-avariilor-in-zona-dorobanti-calea-floreasca\/\" \/>\n<meta property=\"og:site_name\" content=\"Buletin de Bucure\u0219ti\" \/>\n<meta property=\"article:publisher\" content=\"https:\/\/www.facebook.com\/buletin.de.buc\" \/>\n<meta property=\"article:published_time\" content=\"2023-09-02T02:34:49+00:00\" \/>\n<meta property=\"og:image\" content=\"https:\/\/buletin.de\/bucuresti\/wp-content\/uploads\/lucrari-2.jpeg\" \/>\n\t<meta property=\"og:image:width\" content=\"1600\" \/>\n\t<meta property=\"og:image:height\" content=\"996\" \/>\n\t<meta property=\"og:image:type\" content=\"image\/jpeg\" \/>\n<meta name=\"author\" content=\"Diana Matei\" \/>\n<meta name=\"twitter:card\" content=\"summary_large_image\" \/>\n<meta name=\"twitter:label1\" content=\"Written by\" \/>\n\t<meta name=\"twitter:data1\" content=\"Diana Matei\" \/>\n\t<meta name=\"twitter:label2\" content=\"Estimated reading time\" \/>\n\t<meta name=\"twitter:data2\" content=\"1 minute\" \/>\n<script type=\"application\/ld+json\" class=\"yoast-schema-graph\">{\"@context\":\"https:\\\/\\\/schema.org\",\"@graph\":[{\"@type\":\"Article\",\"@id\":\"https:\\\/\\\/buletin.de\\\/bucuresti\\\/conducta-noua-preizolata-dotata-cu-senzori-de-detectie-a-avariilor-in-zona-dorobanti-calea-floreasca\\\/#article\",\"isPartOf\":{\"@id\":\"https:\\\/\\\/buletin.de\\\/bucuresti\\\/conducta-noua-preizolata-dotata-cu-senzori-de-detectie-a-avariilor-in-zona-dorobanti-calea-floreasca\\\/\"},\"author\":{\"name\":\"Diana Matei\",\"@id\":\"https:\\\/\\\/buletin.de\\\/bucuresti\\\/#\\\/schema\\\/person\\\/7e46040573290777280a0835d81ea4ea\"},\"headline\":\"Conduct\u0103 nou\u0103, preizolat\u0103, dotat\u0103 cu senzori de detec\u021bie a avariilor, \u00een zona Doroban\u021bi-Calea Floreasca\",\"datePublished\":\"2023-09-02T02:34:49+00:00\",\"mainEntityOfPage\":{\"@id\":\"https:\\\/\\\/buletin.de\\\/bucuresti\\\/conducta-noua-preizolata-dotata-cu-senzori-de-detectie-a-avariilor-in-zona-dorobanti-calea-floreasca\\\/\"},\"wordCount\":153,\"commentCount\":0,\"publisher\":{\"@id\":\"https:\\\/\\\/buletin.de\\\/bucuresti\\\/#organization\"},\"image\":{\"@id\":\"https:\\\/\\\/buletin.de\\\/bucuresti\\\/conducta-noua-preizolata-dotata-cu-senzori-de-detectie-a-avariilor-in-zona-dorobanti-calea-floreasca\\\/#primaryimage\"},\"thumbnailUrl\":\"https:\\\/\\\/buletin.de\\\/bucuresti\\\/wp-content\\\/uploads\\\/lucrari-2.jpeg\",\"keywords\":[\"calea floreasca\",\"Magistrala Groz\u0103ve\u0219ti\",\"nicusor dan\"],\"articleSection\":[\"\u0218tiri\"],\"inLanguage\":\"en-GB\",\"potentialAction\":[{\"@type\":\"CommentAction\",\"name\":\"Comment\",\"target\":[\"https:\\\/\\\/buletin.de\\\/bucuresti\\\/conducta-noua-preizolata-dotata-cu-senzori-de-detectie-a-avariilor-in-zona-dorobanti-calea-floreasca\\\/#respond\"]}],\"copyrightYear\":\"2023\",\"copyrightHolder\":{\"@id\":\"https:\\\/\\\/buletin.de\\\/bucuresti\\\/#organization\"}},{\"@type\":\"WebPage\",\"@id\":\"https:\\\/\\\/buletin.de\\\/bucuresti\\\/conducta-noua-preizolata-dotata-cu-senzori-de-detectie-a-avariilor-in-zona-dorobanti-calea-floreasca\\\/\",\"url\":\"https:\\\/\\\/buletin.de\\\/bucuresti\\\/conducta-noua-preizolata-dotata-cu-senzori-de-detectie-a-avariilor-in-zona-dorobanti-calea-floreasca\\\/\",\"name\":\"Conduct\u0103 nou\u0103, preizolat\u0103, dotat\u0103 cu senzori de detec\u021bie a avariilor, \u00een zona Doroban\u021bi-Calea Floreasca - Buletin de Bucure\u0219ti\",\"isPartOf\":{\"@id\":\"https:\\\/\\\/buletin.de\\\/bucuresti\\\/#website\"},\"primaryImageOfPage\":{\"@id\":\"https:\\\/\\\/buletin.de\\\/bucuresti\\\/conducta-noua-preizolata-dotata-cu-senzori-de-detectie-a-avariilor-in-zona-dorobanti-calea-floreasca\\\/#primaryimage\"},\"image\":{\"@id\":\"https:\\\/\\\/buletin.de\\\/bucuresti\\\/conducta-noua-preizolata-dotata-cu-senzori-de-detectie-a-avariilor-in-zona-dorobanti-calea-floreasca\\\/#primaryimage\"},\"thumbnailUrl\":\"https:\\\/\\\/buletin.de\\\/bucuresti\\\/wp-content\\\/uploads\\\/lucrari-2.jpeg\",\"datePublished\":\"2023-09-02T02:34:49+00:00\",\"breadcrumb\":{\"@id\":\"https:\\\/\\\/buletin.de\\\/bucuresti\\\/conducta-noua-preizolata-dotata-cu-senzori-de-detectie-a-avariilor-in-zona-dorobanti-calea-floreasca\\\/#breadcrumb\"},\"inLanguage\":\"en-GB\",\"potentialAction\":[{\"@type\":\"ReadAction\",\"target\":[\"https:\\\/\\\/buletin.de\\\/bucuresti\\\/conducta-noua-preizolata-dotata-cu-senzori-de-detectie-a-avariilor-in-zona-dorobanti-calea-floreasca\\\/\"]}]},{\"@type\":\"ImageObject\",\"inLanguage\":\"en-GB\",\"@id\":\"https:\\\/\\\/buletin.de\\\/bucuresti\\\/conducta-noua-preizolata-dotata-cu-senzori-de-detectie-a-avariilor-in-zona-dorobanti-calea-floreasca\\\/#primaryimage\",\"url\":\"https:\\\/\\\/buletin.de\\\/bucuresti\\\/wp-content\\\/uploads\\\/lucrari-2.jpeg\",\"contentUrl\":\"https:\\\/\\\/buletin.de\\\/bucuresti\\\/wp-content\\\/uploads\\\/lucrari-2.jpeg\",\"width\":1600,\"height\":996},{\"@type\":\"BreadcrumbList\",\"@id\":\"https:\\\/\\\/buletin.de\\\/bucuresti\\\/conducta-noua-preizolata-dotata-cu-senzori-de-detectie-a-avariilor-in-zona-dorobanti-calea-floreasca\\\/#breadcrumb\",\"itemListElement\":[{\"@type\":\"ListItem\",\"position\":1,\"name\":\"Acas\u0103\",\"item\":\"https:\\\/\\\/buletin.de\\\/bucuresti\\\/\"},{\"@type\":\"ListItem\",\"position\":2,\"name\":\"Conduct\u0103 nou\u0103, preizolat\u0103, dotat\u0103 cu senzori de detec\u021bie a avariilor, \u00een zona Doroban\u021bi-Calea Floreasca\"}]},{\"@type\":\"WebSite\",\"@id\":\"https:\\\/\\\/buletin.de\\\/bucuresti\\\/#website\",\"url\":\"https:\\\/\\\/buletin.de\\\/bucuresti\\\/\",\"name\":\"Buletin de Bucure\u0219ti\",\"description\":\"\u0218tiri \u0219i investiga\u021bii esen\u021biale din capital\u0103\",\"publisher\":{\"@id\":\"https:\\\/\\\/buletin.de\\\/bucuresti\\\/#organization\"},\"potentialAction\":[{\"@type\":\"SearchAction\",\"target\":{\"@type\":\"EntryPoint\",\"urlTemplate\":\"https:\\\/\\\/buletin.de\\\/bucuresti\\\/?s={search_term_string}\"},\"query-input\":{\"@type\":\"PropertyValueSpecification\",\"valueRequired\":true,\"valueName\":\"search_term_string\"}}],\"inLanguage\":\"en-GB\"},{\"@type\":\"Organization\",\"@id\":\"https:\\\/\\\/buletin.de\\\/bucuresti\\\/#organization\",\"name\":\"Buletin de Bucure\u0219ti\",\"url\":\"https:\\\/\\\/buletin.de\\\/bucuresti\\\/\",\"logo\":{\"@type\":\"ImageObject\",\"inLanguage\":\"en-GB\",\"@id\":\"https:\\\/\\\/buletin.de\\\/bucuresti\\\/#\\\/schema\\\/logo\\\/image\\\/\",\"url\":\"https:\\\/\\\/buletin.de\\\/bucuresti\\\/wp-content\\\/uploads\\\/logo-bdb-full-wide-vernil-transparent.png\",\"contentUrl\":\"https:\\\/\\\/buletin.de\\\/bucuresti\\\/wp-content\\\/uploads\\\/logo-bdb-full-wide-vernil-transparent.png\",\"width\":1782,\"height\":626,\"caption\":\"Buletin de Bucure\u0219ti\"},\"image\":{\"@id\":\"https:\\\/\\\/buletin.de\\\/bucuresti\\\/#\\\/schema\\\/logo\\\/image\\\/\"},\"sameAs\":[\"https:\\\/\\\/www.facebook.com\\\/buletin.de.buc\",\"https:\\\/\\\/www.instagram.com\\\/buletinde.bucuresti\\\/\"]},{\"@type\":\"Person\",\"@id\":\"https:\\\/\\\/buletin.de\\\/bucuresti\\\/#\\\/schema\\\/person\\\/7e46040573290777280a0835d81ea4ea\",\"name\":\"Diana Matei\",\"image\":{\"@type\":\"ImageObject\",\"inLanguage\":\"en-GB\",\"@id\":\"https:\\\/\\\/buletin.de\\\/bucuresti\\\/wp-content\\\/uploads\\\/9-2-96x96.jpg1e8590b30871d70e62ebcdaf2eff570c\",\"url\":\"https:\\\/\\\/buletin.de\\\/bucuresti\\\/wp-content\\\/uploads\\\/9-2-96x96.jpg\",\"contentUrl\":\"https:\\\/\\\/buletin.de\\\/bucuresti\\\/wp-content\\\/uploads\\\/9-2-96x96.jpg\",\"caption\":\"Diana Matei\"},\"url\":\"https:\\\/\\\/buletin.de\\\/bucuresti\\\/author\\\/dianamatei\\\/\"}]}<\/script>\n<!-- \/ Yoast SEO Premium plugin. -->","yoast_head_json":{"title":"Conduct\u0103 nou\u0103, preizolat\u0103, dotat\u0103 cu senzori de detec\u021bie a avariilor, \u00een zona Doroban\u021bi-Calea Floreasca - Buletin de Bucure\u0219ti","robots":{"index":"index","follow":"follow","max-snippet":"max-snippet:-1","max-image-preview":"max-image-preview:large","max-video-preview":"max-video-preview:-1"},"canonical":"https:\/\/buletin.de\/bucuresti\/conducta-noua-preizolata-dotata-cu-senzori-de-detectie-a-avariilor-in-zona-dorobanti-calea-floreasca\/","og_locale":"en_GB","og_type":"article","og_title":"Conduct\u0103 nou\u0103, preizolat\u0103, dotat\u0103 cu senzori de detec\u021bie a avariilor, \u00een zona Doroban\u021bi-Calea Floreasca","og_description":"\u00cenc\u0103 1400m de conduct\u0103 nou\u0103, preizolat\u0103, dotat\u0103 cu senzori de detec\u021bie a avariilor, pe Magistrala II-III Groz\u0103ve\u0219ti, va fi pus\u0103 \u00een func\u021biune \u00een zona Doroban\u021bi-Calea Floreasca, anun\u021b\u0103 primarul Capitalei, Nicu\u0219or Dan. De asemenea, un tronson de 800 de metri de conduct\u0103 magistral\u0103 de dimensiune mare (DN 600) a fost supus probei de presiune. De alimentarea [&hellip;]","og_url":"https:\/\/buletin.de\/bucuresti\/conducta-noua-preizolata-dotata-cu-senzori-de-detectie-a-avariilor-in-zona-dorobanti-calea-floreasca\/","og_site_name":"Buletin de Bucure\u0219ti","article_publisher":"https:\/\/www.facebook.com\/buletin.de.buc","article_published_time":"2023-09-02T02:34:49+00:00","og_image":[{"width":1600,"height":996,"url":"https:\/\/buletin.de\/bucuresti\/wp-content\/uploads\/lucrari-2.jpeg","type":"image\/jpeg"}],"author":"Diana Matei","twitter_card":"summary_large_image","twitter_misc":{"Written by":"Diana Matei","Estimated reading time":"1 minute"},"schema":{"@context":"https:\/\/schema.org","@graph":[{"@type":"Article","@id":"https:\/\/buletin.de\/bucuresti\/conducta-noua-preizolata-dotata-cu-senzori-de-detectie-a-avariilor-in-zona-dorobanti-calea-floreasca\/#article","isPartOf":{"@id":"https:\/\/buletin.de\/bucuresti\/conducta-noua-preizolata-dotata-cu-senzori-de-detectie-a-avariilor-in-zona-dorobanti-calea-floreasca\/"},"author":{"name":"Diana Matei","@id":"https:\/\/buletin.de\/bucuresti\/#\/schema\/person\/7e46040573290777280a0835d81ea4ea"},"headline":"Conduct\u0103 nou\u0103, preizolat\u0103, dotat\u0103 cu senzori de detec\u021bie a avariilor, \u00een zona Doroban\u021bi-Calea Floreasca","datePublished":"2023-09-02T02:34:49+00:00","mainEntityOfPage":{"@id":"https:\/\/buletin.de\/bucuresti\/conducta-noua-preizolata-dotata-cu-senzori-de-detectie-a-avariilor-in-zona-dorobanti-calea-floreasca\/"},"wordCount":153,"commentCount":0,"publisher":{"@id":"https:\/\/buletin.de\/bucuresti\/#organization"},"image":{"@id":"https:\/\/buletin.de\/bucuresti\/conducta-noua-preizolata-dotata-cu-senzori-de-detectie-a-avariilor-in-zona-dorobanti-calea-floreasca\/#primaryimage"},"thumbnailUrl":"https:\/\/buletin.de\/bucuresti\/wp-content\/uploads\/lucrari-2.jpeg","keywords":["calea floreasca","Magistrala Groz\u0103ve\u0219ti","nicusor dan"],"articleSection":["\u0218tiri"],"inLanguage":"en-GB","potentialAction":[{"@type":"CommentAction","name":"Comment","target":["https:\/\/buletin.de\/bucuresti\/conducta-noua-preizolata-dotata-cu-senzori-de-detectie-a-avariilor-in-zona-dorobanti-calea-floreasca\/#respond"]}],"copyrightYear":"2023","copyrightHolder":{"@id":"https:\/\/buletin.de\/bucuresti\/#organization"}},{"@type":"WebPage","@id":"https:\/\/buletin.de\/bucuresti\/conducta-noua-preizolata-dotata-cu-senzori-de-detectie-a-avariilor-in-zona-dorobanti-calea-floreasca\/","url":"https:\/\/buletin.de\/bucuresti\/conducta-noua-preizolata-dotata-cu-senzori-de-detectie-a-avariilor-in-zona-dorobanti-calea-floreasca\/","name":"Conduct\u0103 nou\u0103, preizolat\u0103, dotat\u0103 cu senzori de detec\u021bie a avariilor, \u00een zona Doroban\u021bi-Calea Floreasca - Buletin de Bucure\u0219ti","isPartOf":{"@id":"https:\/\/buletin.de\/bucuresti\/#website"},"primaryImageOfPage":{"@id":"https:\/\/buletin.de\/bucuresti\/conducta-noua-preizolata-dotata-cu-senzori-de-detectie-a-avariilor-in-zona-dorobanti-calea-floreasca\/#primaryimage"},"image":{"@id":"https:\/\/buletin.de\/bucuresti\/conducta-noua-preizolata-dotata-cu-senzori-de-detectie-a-avariilor-in-zona-dorobanti-calea-floreasca\/#primaryimage"},"thumbnailUrl":"https:\/\/buletin.de\/bucuresti\/wp-content\/uploads\/lucrari-2.jpeg","datePublished":"2023-09-02T02:34:49+00:00","breadcrumb":{"@id":"https:\/\/buletin.de\/bucuresti\/conducta-noua-preizolata-dotata-cu-senzori-de-detectie-a-avariilor-in-zona-dorobanti-calea-floreasca\/#breadcrumb"},"inLanguage":"en-GB","potentialAction":[{"@type":"ReadAction","target":["https:\/\/buletin.de\/bucuresti\/conducta-noua-preizolata-dotata-cu-senzori-de-detectie-a-avariilor-in-zona-dorobanti-calea-floreasca\/"]}]},{"@type":"ImageObject","inLanguage":"en-GB","@id":"https:\/\/buletin.de\/bucuresti\/conducta-noua-preizolata-dotata-cu-senzori-de-detectie-a-avariilor-in-zona-dorobanti-calea-floreasca\/#primaryimage","url":"https:\/\/buletin.de\/bucuresti\/wp-content\/uploads\/lucrari-2.jpeg","contentUrl":"https:\/\/buletin.de\/bucuresti\/wp-content\/uploads\/lucrari-2.jpeg","width":1600,"height":996},{"@type":"BreadcrumbList","@id":"https:\/\/buletin.de\/bucuresti\/conducta-noua-preizolata-dotata-cu-senzori-de-detectie-a-avariilor-in-zona-dorobanti-calea-floreasca\/#breadcrumb","itemListElement":[{"@type":"ListItem","position":1,"name":"Acas\u0103","item":"https:\/\/buletin.de\/bucuresti\/"},{"@type":"ListItem","position":2,"name":"Conduct\u0103 nou\u0103, preizolat\u0103, dotat\u0103 cu senzori de detec\u021bie a avariilor, \u00een zona Doroban\u021bi-Calea Floreasca"}]},{"@type":"WebSite","@id":"https:\/\/buletin.de\/bucuresti\/#website","url":"https:\/\/buletin.de\/bucuresti\/","name":"Buletin de Bucure\u0219ti","description":"\u0218tiri \u0219i investiga\u021bii esen\u021biale din capital\u0103","publisher":{"@id":"https:\/\/buletin.de\/bucuresti\/#organization"},"potentialAction":[{"@type":"SearchAction","target":{"@type":"EntryPoint","urlTemplate":"https:\/\/buletin.de\/bucuresti\/?s={search_term_string}"},"query-input":{"@type":"PropertyValueSpecification","valueRequired":true,"valueName":"search_term_string"}}],"inLanguage":"en-GB"},{"@type":"Organization","@id":"https:\/\/buletin.de\/bucuresti\/#organization","name":"Buletin de Bucure\u0219ti","url":"https:\/\/buletin.de\/bucuresti\/","logo":{"@type":"ImageObject","inLanguage":"en-GB","@id":"https:\/\/buletin.de\/bucuresti\/#\/schema\/logo\/image\/","url":"https:\/\/buletin.de\/bucuresti\/wp-content\/uploads\/logo-bdb-full-wide-vernil-transparent.png","contentUrl":"https:\/\/buletin.de\/bucuresti\/wp-content\/uploads\/logo-bdb-full-wide-vernil-transparent.png","width":1782,"height":626,"caption":"Buletin de Bucure\u0219ti"},"image":{"@id":"https:\/\/buletin.de\/bucuresti\/#\/schema\/logo\/image\/"},"sameAs":["https:\/\/www.facebook.com\/buletin.de.buc","https:\/\/www.instagram.com\/buletinde.bucuresti\/"]},{"@type":"Person","@id":"https:\/\/buletin.de\/bucuresti\/#\/schema\/person\/7e46040573290777280a0835d81ea4ea","name":"Diana Matei","image":{"@type":"ImageObject","inLanguage":"en-GB","@id":"https:\/\/buletin.de\/bucuresti\/wp-content\/uploads\/9-2-96x96.jpg1e8590b30871d70e62ebcdaf2eff570c","url":"https:\/\/buletin.de\/bucuresti\/wp-content\/uploads\/9-2-96x96.jpg","contentUrl":"https:\/\/buletin.de\/bucuresti\/wp-content\/uploads\/9-2-96x96.jpg","caption":"Diana Matei"},"url":"https:\/\/buletin.de\/bucuresti\/author\/dianamatei\/"}]}},"authors":[{"term_id":22574,"user_id":49,"is_guest":0,"slug":"dianamatei","display_name":"Diana Matei","avatar_url":"https:\/\/buletin.de\/bucuresti\/wp-content\/uploads\/9-2-96x96.jpg","0":null,"1":"","2":"","3":"","4":"","5":"","6":"","7":"","8":""}],"_links":{"self":[{"href":"https:\/\/buletin.de\/bucuresti\/wp-json\/wp\/v2\/posts\/62286","targetHints":{"allow":["GET"]}}],"collection":[{"href":"https:\/\/buletin.de\/bucuresti\/wp-json\/wp\/v2\/posts"}],"about":[{"href":"https:\/\/buletin.de\/bucuresti\/wp-json\/wp\/v2\/types\/post"}],"author":[{"embeddable":true,"href":"https:\/\/buletin.de\/bucuresti\/wp-json\/wp\/v2\/users\/49"}],"replies":[{"embeddable":true,"href":"https:\/\/buletin.de\/bucuresti\/wp-json\/wp\/v2\/comments?post=62286"}],"version-history":[{"count":0,"href":"https:\/\/buletin.de\/bucuresti\/wp-json\/wp\/v2\/posts\/62286\/revisions"}],"wp:featuredmedia":[{"embeddable":true,"href":"https:\/\/buletin.de\/bucuresti\/wp-json\/wp\/v2\/media\/62287"}],"wp:attachment":[{"href":"https:\/\/buletin.de\/bucuresti\/wp-json\/wp\/v2\/media?parent=62286"}],"wp:term":[{"taxonomy":"category","embeddable":true,"href":"https:\/\/buletin.de\/bucuresti\/wp-json\/wp\/v2\/categories?post=62286"},{"taxonomy":"post_tag","embeddable":true,"href":"https:\/\/buletin.de\/bucuresti\/wp-json\/wp\/v2\/tags?post=62286"},{"taxonomy":"author","embeddable":true,"href":"https:\/\/buletin.de\/bucuresti\/wp-json\/wp\/v2\/ppma_author?post=62286"}],"curies":[{"name":"wp","href":"https:\/\/api.w.org\/{rel}","templated":true}]}}