{"id":62270,"date":"2023-08-31T10:11:40","date_gmt":"2023-08-31T08:11:40","guid":{"rendered":"https:\/\/buletin.de\/bucuresti\/doi-barbati-au-fost-retinuti-pentru-furt-asupra-turistilor-straini\/"},"modified":"2023-08-31T10:11:40","modified_gmt":"2023-08-31T08:11:40","slug":"doi-barbati-au-fost-retinuti-pentru-furt-asupra-turistilor-straini","status":"publish","type":"post","link":"https:\/\/buletin.de\/bucuresti\/doi-barbati-au-fost-retinuti-pentru-furt-asupra-turistilor-straini\/","title":{"rendered":"Doi b\u0103rba\u021bi au fost re\u021binu\u021bi pentru furt asupra turi\u0219tilor str\u0103ini"},"content":{"rendered":"\n<p><strong>Pe 30 august 2023, poli\u0163istii Direc\u0163iei Generale de Poli\u0163ie a Municipiului Bucure\u015fti \u2013 Serviciul de Investiga\u021bii Criminale \u2013 Sector 1 au prins \u00een flagrant doi b\u0103rba\u021bi, \u00een v\u00e2rst\u0103 de 40, respectiv 63 de ani, fa\u021b\u0103 de care sunt efectuate cercet\u0103ri \u00eentr-un dosar penal de furt \u0219i uzurparea de calit\u0103\u021bi oficiale.<\/strong><\/p>\n\n\n\n<p>Primele date arat\u0103 c\u0103  \u00een perioada 16 august \u2013 30 august 2023, cei doi foloseau cali\u021b\u0103ti oficiale pentru a comite infrac\u021biuni asupra turi\u0219tilor str\u0103ini, \u00een diverse sectoare ale Capitalei.<\/p>\n\n\n\n<p><em>\u201eLa data de 30 august 2023, \u00een jurul orei 13.00, poli\u021bi\u0219ti din cadrul Serviciului de Investiga\u021bii Criminale &#8211; Sector 1, fiind \u00een exercitarea atribu\u021biilor de serviciu, i-au prins \u00een flagrant pe cei doi b\u0103rba\u021bi, pe o strad\u0103 din Sectorul 5, imediat dup\u0103 ce, b\u0103nuitul de 60 de ani, av\u00e2nd sprijinul b\u0103rbatului de 40 de ani, ar fi indus \u00een eroare dou\u0103 persoane de cet\u0103\u021benie str\u0103in\u0103, prin folosirea unei calit\u0103\u021bi mincinoase, moment \u00een care, profit\u00e2nd de neaten\u021bia acestora, \u00een timp ce le controla con\u021binutul portofelelor, ar fi sustras primei persoane v\u0103t\u0103mate 110 de euro \u0219i 60 de dolari, iar celeilalte persoane i-ar fi sustras 120 de euro \u0219i 40 de dolari\u201d<\/em>, precizeaz\u0103 poli\u0163istii Direc\u0163iei Generale de Poli\u0163ie a Municipiului Bucure\u015fti.<\/p>\n\n\n\n<p>Cei doi au fost re\u021binu\u021bi pentru 24 de ore, urm\u00e2nd a fi prezenta\u021bi magistra\u021bilor cu propunere legal\u0103.<\/p>\n\n\n\n<p>Cercet\u0103rile sunt continuate de c\u0103tre Serviciul de Investiga\u021bii Criminale \u2013 Sector 1, sub supravegherea Parchetului de pe l\u00e2ng\u0103 Judec\u0103toria Sectorului 1, sub aspectul s\u0103v\u00e2r\u015firii infrac\u0163iunilor de furt \u0219i uzurparea de calit\u0103\u021bi oficiale.<\/p>\n","protected":false},"excerpt":{"rendered":"<p>Pe 30 august 2023, poli\u0163istii Direc\u0163iei Generale de Poli\u0163ie a Municipiului Bucure\u015fti \u2013 Serviciul de Investiga\u021bii Criminale \u2013 Sector 1 au prins \u00een flagrant doi b\u0103rba\u021bi, \u00een v\u00e2rst\u0103 de 40, respectiv 63 de ani, fa\u021b\u0103 de care sunt efectuate cercet\u0103ri \u00eentr-un dosar penal de furt \u0219i uzurparea de calit\u0103\u021bi oficiale. Primele date arat\u0103 c\u0103 \u00een [&hellip;]<\/p>\n","protected":false},"author":49,"featured_media":62271,"comment_status":"open","ping_status":"open","sticky":false,"template":"","format":"standard","meta":{"_acf_changed":false,"inline_featured_image":false,"ngg_post_thumbnail":0,"footnotes":""},"categories":[62],"tags":[1571,1144,308],"ppma_author":[22574],"class_list":["post-62270","post","type-post","status-publish","format-standard","has-post-thumbnail","hentry","category-stiri","tag-furt","tag-politia-capitalei","tag-sector-1"],"acf":[],"yoast_head":"<!-- This site is optimized with the Yoast SEO Premium plugin v25.3 (Yoast SEO v27.4) - https:\/\/yoast.com\/product\/yoast-seo-premium-wordpress\/ -->\n<title>Doi b\u0103rba\u021bi au fost re\u021binu\u021bi pentru furt asupra turi\u0219tilor str\u0103ini - Buletin de Bucure\u0219ti<\/title>\n<meta name=\"robots\" content=\"index, follow, max-snippet:-1, max-image-preview:large, max-video-preview:-1\" \/>\n<link rel=\"canonical\" href=\"https:\/\/buletin.de\/bucuresti\/doi-barbati-au-fost-retinuti-pentru-furt-asupra-turistilor-straini\/\" \/>\n<meta property=\"og:locale\" content=\"en_GB\" \/>\n<meta property=\"og:type\" content=\"article\" \/>\n<meta property=\"og:title\" content=\"Doi b\u0103rba\u021bi au fost re\u021binu\u021bi pentru furt asupra turi\u0219tilor str\u0103ini\" \/>\n<meta property=\"og:description\" content=\"Pe 30 august 2023, poli\u0163istii Direc\u0163iei Generale de Poli\u0163ie a Municipiului Bucure\u015fti \u2013 Serviciul de Investiga\u021bii Criminale \u2013 Sector 1 au prins \u00een flagrant doi b\u0103rba\u021bi, \u00een v\u00e2rst\u0103 de 40, respectiv 63 de ani, fa\u021b\u0103 de care sunt efectuate cercet\u0103ri \u00eentr-un dosar penal de furt \u0219i uzurparea de calit\u0103\u021bi oficiale. Primele date arat\u0103 c\u0103 \u00een [&hellip;]\" \/>\n<meta property=\"og:url\" content=\"https:\/\/buletin.de\/bucuresti\/doi-barbati-au-fost-retinuti-pentru-furt-asupra-turistilor-straini\/\" \/>\n<meta property=\"og:site_name\" content=\"Buletin de Bucure\u0219ti\" \/>\n<meta property=\"article:publisher\" content=\"https:\/\/www.facebook.com\/buletin.de.buc\" \/>\n<meta property=\"article:published_time\" content=\"2023-08-31T08:11:40+00:00\" \/>\n<meta property=\"og:image\" content=\"https:\/\/buletin.de\/bucuresti\/wp-content\/uploads\/politie.jpeg\" \/>\n\t<meta property=\"og:image:width\" content=\"723\" \/>\n\t<meta property=\"og:image:height\" content=\"987\" \/>\n\t<meta property=\"og:image:type\" content=\"image\/jpeg\" \/>\n<meta name=\"author\" content=\"Diana Matei\" \/>\n<meta name=\"twitter:card\" content=\"summary_large_image\" \/>\n<meta name=\"twitter:label1\" content=\"Written by\" \/>\n\t<meta name=\"twitter:data1\" content=\"Diana Matei\" \/>\n\t<meta name=\"twitter:label2\" content=\"Estimated reading time\" \/>\n\t<meta name=\"twitter:data2\" content=\"2 minutes\" \/>\n<script type=\"application\/ld+json\" class=\"yoast-schema-graph\">{\"@context\":\"https:\\\/\\\/schema.org\",\"@graph\":[{\"@type\":\"Article\",\"@id\":\"https:\\\/\\\/buletin.de\\\/bucuresti\\\/doi-barbati-au-fost-retinuti-pentru-furt-asupra-turistilor-straini\\\/#article\",\"isPartOf\":{\"@id\":\"https:\\\/\\\/buletin.de\\\/bucuresti\\\/doi-barbati-au-fost-retinuti-pentru-furt-asupra-turistilor-straini\\\/\"},\"author\":{\"name\":\"Diana Matei\",\"@id\":\"https:\\\/\\\/buletin.de\\\/bucuresti\\\/#\\\/schema\\\/person\\\/7e46040573290777280a0835d81ea4ea\"},\"headline\":\"Doi b\u0103rba\u021bi au fost re\u021binu\u021bi pentru furt asupra turi\u0219tilor str\u0103ini\",\"datePublished\":\"2023-08-31T08:11:40+00:00\",\"mainEntityOfPage\":{\"@id\":\"https:\\\/\\\/buletin.de\\\/bucuresti\\\/doi-barbati-au-fost-retinuti-pentru-furt-asupra-turistilor-straini\\\/\"},\"wordCount\":287,\"commentCount\":0,\"publisher\":{\"@id\":\"https:\\\/\\\/buletin.de\\\/bucuresti\\\/#organization\"},\"image\":{\"@id\":\"https:\\\/\\\/buletin.de\\\/bucuresti\\\/doi-barbati-au-fost-retinuti-pentru-furt-asupra-turistilor-straini\\\/#primaryimage\"},\"thumbnailUrl\":\"https:\\\/\\\/buletin.de\\\/bucuresti\\\/wp-content\\\/uploads\\\/politie.jpeg\",\"keywords\":[\"furt\",\"politia capitalei\",\"Sector 1\"],\"articleSection\":[\"\u0218tiri\"],\"inLanguage\":\"en-GB\",\"potentialAction\":[{\"@type\":\"CommentAction\",\"name\":\"Comment\",\"target\":[\"https:\\\/\\\/buletin.de\\\/bucuresti\\\/doi-barbati-au-fost-retinuti-pentru-furt-asupra-turistilor-straini\\\/#respond\"]}],\"copyrightYear\":\"2023\",\"copyrightHolder\":{\"@id\":\"https:\\\/\\\/buletin.de\\\/bucuresti\\\/#organization\"}},{\"@type\":\"WebPage\",\"@id\":\"https:\\\/\\\/buletin.de\\\/bucuresti\\\/doi-barbati-au-fost-retinuti-pentru-furt-asupra-turistilor-straini\\\/\",\"url\":\"https:\\\/\\\/buletin.de\\\/bucuresti\\\/doi-barbati-au-fost-retinuti-pentru-furt-asupra-turistilor-straini\\\/\",\"name\":\"Doi b\u0103rba\u021bi au fost re\u021binu\u021bi pentru furt asupra turi\u0219tilor str\u0103ini - Buletin de Bucure\u0219ti\",\"isPartOf\":{\"@id\":\"https:\\\/\\\/buletin.de\\\/bucuresti\\\/#website\"},\"primaryImageOfPage\":{\"@id\":\"https:\\\/\\\/buletin.de\\\/bucuresti\\\/doi-barbati-au-fost-retinuti-pentru-furt-asupra-turistilor-straini\\\/#primaryimage\"},\"image\":{\"@id\":\"https:\\\/\\\/buletin.de\\\/bucuresti\\\/doi-barbati-au-fost-retinuti-pentru-furt-asupra-turistilor-straini\\\/#primaryimage\"},\"thumbnailUrl\":\"https:\\\/\\\/buletin.de\\\/bucuresti\\\/wp-content\\\/uploads\\\/politie.jpeg\",\"datePublished\":\"2023-08-31T08:11:40+00:00\",\"breadcrumb\":{\"@id\":\"https:\\\/\\\/buletin.de\\\/bucuresti\\\/doi-barbati-au-fost-retinuti-pentru-furt-asupra-turistilor-straini\\\/#breadcrumb\"},\"inLanguage\":\"en-GB\",\"potentialAction\":[{\"@type\":\"ReadAction\",\"target\":[\"https:\\\/\\\/buletin.de\\\/bucuresti\\\/doi-barbati-au-fost-retinuti-pentru-furt-asupra-turistilor-straini\\\/\"]}]},{\"@type\":\"ImageObject\",\"inLanguage\":\"en-GB\",\"@id\":\"https:\\\/\\\/buletin.de\\\/bucuresti\\\/doi-barbati-au-fost-retinuti-pentru-furt-asupra-turistilor-straini\\\/#primaryimage\",\"url\":\"https:\\\/\\\/buletin.de\\\/bucuresti\\\/wp-content\\\/uploads\\\/politie.jpeg\",\"contentUrl\":\"https:\\\/\\\/buletin.de\\\/bucuresti\\\/wp-content\\\/uploads\\\/politie.jpeg\",\"width\":723,\"height\":987,\"caption\":\"FOTO: arhiv\u0103\"},{\"@type\":\"BreadcrumbList\",\"@id\":\"https:\\\/\\\/buletin.de\\\/bucuresti\\\/doi-barbati-au-fost-retinuti-pentru-furt-asupra-turistilor-straini\\\/#breadcrumb\",\"itemListElement\":[{\"@type\":\"ListItem\",\"position\":1,\"name\":\"Acas\u0103\",\"item\":\"https:\\\/\\\/buletin.de\\\/bucuresti\\\/\"},{\"@type\":\"ListItem\",\"position\":2,\"name\":\"Doi b\u0103rba\u021bi au fost re\u021binu\u021bi pentru furt asupra turi\u0219tilor str\u0103ini\"}]},{\"@type\":\"WebSite\",\"@id\":\"https:\\\/\\\/buletin.de\\\/bucuresti\\\/#website\",\"url\":\"https:\\\/\\\/buletin.de\\\/bucuresti\\\/\",\"name\":\"Buletin de Bucure\u0219ti\",\"description\":\"\u0218tiri \u0219i investiga\u021bii esen\u021biale din capital\u0103\",\"publisher\":{\"@id\":\"https:\\\/\\\/buletin.de\\\/bucuresti\\\/#organization\"},\"potentialAction\":[{\"@type\":\"SearchAction\",\"target\":{\"@type\":\"EntryPoint\",\"urlTemplate\":\"https:\\\/\\\/buletin.de\\\/bucuresti\\\/?s={search_term_string}\"},\"query-input\":{\"@type\":\"PropertyValueSpecification\",\"valueRequired\":true,\"valueName\":\"search_term_string\"}}],\"inLanguage\":\"en-GB\"},{\"@type\":\"Organization\",\"@id\":\"https:\\\/\\\/buletin.de\\\/bucuresti\\\/#organization\",\"name\":\"Buletin de Bucure\u0219ti\",\"url\":\"https:\\\/\\\/buletin.de\\\/bucuresti\\\/\",\"logo\":{\"@type\":\"ImageObject\",\"inLanguage\":\"en-GB\",\"@id\":\"https:\\\/\\\/buletin.de\\\/bucuresti\\\/#\\\/schema\\\/logo\\\/image\\\/\",\"url\":\"https:\\\/\\\/buletin.de\\\/bucuresti\\\/wp-content\\\/uploads\\\/logo-bdb-full-wide-vernil-transparent.png\",\"contentUrl\":\"https:\\\/\\\/buletin.de\\\/bucuresti\\\/wp-content\\\/uploads\\\/logo-bdb-full-wide-vernil-transparent.png\",\"width\":1782,\"height\":626,\"caption\":\"Buletin de Bucure\u0219ti\"},\"image\":{\"@id\":\"https:\\\/\\\/buletin.de\\\/bucuresti\\\/#\\\/schema\\\/logo\\\/image\\\/\"},\"sameAs\":[\"https:\\\/\\\/www.facebook.com\\\/buletin.de.buc\",\"https:\\\/\\\/www.instagram.com\\\/buletinde.bucuresti\\\/\"]},{\"@type\":\"Person\",\"@id\":\"https:\\\/\\\/buletin.de\\\/bucuresti\\\/#\\\/schema\\\/person\\\/7e46040573290777280a0835d81ea4ea\",\"name\":\"Diana Matei\",\"image\":{\"@type\":\"ImageObject\",\"inLanguage\":\"en-GB\",\"@id\":\"https:\\\/\\\/buletin.de\\\/bucuresti\\\/wp-content\\\/uploads\\\/9-2-96x96.jpg1e8590b30871d70e62ebcdaf2eff570c\",\"url\":\"https:\\\/\\\/buletin.de\\\/bucuresti\\\/wp-content\\\/uploads\\\/9-2-96x96.jpg\",\"contentUrl\":\"https:\\\/\\\/buletin.de\\\/bucuresti\\\/wp-content\\\/uploads\\\/9-2-96x96.jpg\",\"caption\":\"Diana Matei\"},\"url\":\"https:\\\/\\\/buletin.de\\\/bucuresti\\\/author\\\/dianamatei\\\/\"}]}<\/script>\n<!-- \/ Yoast SEO Premium plugin. -->","yoast_head_json":{"title":"Doi b\u0103rba\u021bi au fost re\u021binu\u021bi pentru furt asupra turi\u0219tilor str\u0103ini - Buletin de Bucure\u0219ti","robots":{"index":"index","follow":"follow","max-snippet":"max-snippet:-1","max-image-preview":"max-image-preview:large","max-video-preview":"max-video-preview:-1"},"canonical":"https:\/\/buletin.de\/bucuresti\/doi-barbati-au-fost-retinuti-pentru-furt-asupra-turistilor-straini\/","og_locale":"en_GB","og_type":"article","og_title":"Doi b\u0103rba\u021bi au fost re\u021binu\u021bi pentru furt asupra turi\u0219tilor str\u0103ini","og_description":"Pe 30 august 2023, poli\u0163istii Direc\u0163iei Generale de Poli\u0163ie a Municipiului Bucure\u015fti \u2013 Serviciul de Investiga\u021bii Criminale \u2013 Sector 1 au prins \u00een flagrant doi b\u0103rba\u021bi, \u00een v\u00e2rst\u0103 de 40, respectiv 63 de ani, fa\u021b\u0103 de care sunt efectuate cercet\u0103ri \u00eentr-un dosar penal de furt \u0219i uzurparea de calit\u0103\u021bi oficiale. Primele date arat\u0103 c\u0103 \u00een [&hellip;]","og_url":"https:\/\/buletin.de\/bucuresti\/doi-barbati-au-fost-retinuti-pentru-furt-asupra-turistilor-straini\/","og_site_name":"Buletin de Bucure\u0219ti","article_publisher":"https:\/\/www.facebook.com\/buletin.de.buc","article_published_time":"2023-08-31T08:11:40+00:00","og_image":[{"width":723,"height":987,"url":"https:\/\/buletin.de\/bucuresti\/wp-content\/uploads\/politie.jpeg","type":"image\/jpeg"}],"author":"Diana Matei","twitter_card":"summary_large_image","twitter_misc":{"Written by":"Diana Matei","Estimated reading time":"2 minutes"},"schema":{"@context":"https:\/\/schema.org","@graph":[{"@type":"Article","@id":"https:\/\/buletin.de\/bucuresti\/doi-barbati-au-fost-retinuti-pentru-furt-asupra-turistilor-straini\/#article","isPartOf":{"@id":"https:\/\/buletin.de\/bucuresti\/doi-barbati-au-fost-retinuti-pentru-furt-asupra-turistilor-straini\/"},"author":{"name":"Diana Matei","@id":"https:\/\/buletin.de\/bucuresti\/#\/schema\/person\/7e46040573290777280a0835d81ea4ea"},"headline":"Doi b\u0103rba\u021bi au fost re\u021binu\u021bi pentru furt asupra turi\u0219tilor str\u0103ini","datePublished":"2023-08-31T08:11:40+00:00","mainEntityOfPage":{"@id":"https:\/\/buletin.de\/bucuresti\/doi-barbati-au-fost-retinuti-pentru-furt-asupra-turistilor-straini\/"},"wordCount":287,"commentCount":0,"publisher":{"@id":"https:\/\/buletin.de\/bucuresti\/#organization"},"image":{"@id":"https:\/\/buletin.de\/bucuresti\/doi-barbati-au-fost-retinuti-pentru-furt-asupra-turistilor-straini\/#primaryimage"},"thumbnailUrl":"https:\/\/buletin.de\/bucuresti\/wp-content\/uploads\/politie.jpeg","keywords":["furt","politia capitalei","Sector 1"],"articleSection":["\u0218tiri"],"inLanguage":"en-GB","potentialAction":[{"@type":"CommentAction","name":"Comment","target":["https:\/\/buletin.de\/bucuresti\/doi-barbati-au-fost-retinuti-pentru-furt-asupra-turistilor-straini\/#respond"]}],"copyrightYear":"2023","copyrightHolder":{"@id":"https:\/\/buletin.de\/bucuresti\/#organization"}},{"@type":"WebPage","@id":"https:\/\/buletin.de\/bucuresti\/doi-barbati-au-fost-retinuti-pentru-furt-asupra-turistilor-straini\/","url":"https:\/\/buletin.de\/bucuresti\/doi-barbati-au-fost-retinuti-pentru-furt-asupra-turistilor-straini\/","name":"Doi b\u0103rba\u021bi au fost re\u021binu\u021bi pentru furt asupra turi\u0219tilor str\u0103ini - Buletin de Bucure\u0219ti","isPartOf":{"@id":"https:\/\/buletin.de\/bucuresti\/#website"},"primaryImageOfPage":{"@id":"https:\/\/buletin.de\/bucuresti\/doi-barbati-au-fost-retinuti-pentru-furt-asupra-turistilor-straini\/#primaryimage"},"image":{"@id":"https:\/\/buletin.de\/bucuresti\/doi-barbati-au-fost-retinuti-pentru-furt-asupra-turistilor-straini\/#primaryimage"},"thumbnailUrl":"https:\/\/buletin.de\/bucuresti\/wp-content\/uploads\/politie.jpeg","datePublished":"2023-08-31T08:11:40+00:00","breadcrumb":{"@id":"https:\/\/buletin.de\/bucuresti\/doi-barbati-au-fost-retinuti-pentru-furt-asupra-turistilor-straini\/#breadcrumb"},"inLanguage":"en-GB","potentialAction":[{"@type":"ReadAction","target":["https:\/\/buletin.de\/bucuresti\/doi-barbati-au-fost-retinuti-pentru-furt-asupra-turistilor-straini\/"]}]},{"@type":"ImageObject","inLanguage":"en-GB","@id":"https:\/\/buletin.de\/bucuresti\/doi-barbati-au-fost-retinuti-pentru-furt-asupra-turistilor-straini\/#primaryimage","url":"https:\/\/buletin.de\/bucuresti\/wp-content\/uploads\/politie.jpeg","contentUrl":"https:\/\/buletin.de\/bucuresti\/wp-content\/uploads\/politie.jpeg","width":723,"height":987,"caption":"FOTO: arhiv\u0103"},{"@type":"BreadcrumbList","@id":"https:\/\/buletin.de\/bucuresti\/doi-barbati-au-fost-retinuti-pentru-furt-asupra-turistilor-straini\/#breadcrumb","itemListElement":[{"@type":"ListItem","position":1,"name":"Acas\u0103","item":"https:\/\/buletin.de\/bucuresti\/"},{"@type":"ListItem","position":2,"name":"Doi b\u0103rba\u021bi au fost re\u021binu\u021bi pentru furt asupra turi\u0219tilor str\u0103ini"}]},{"@type":"WebSite","@id":"https:\/\/buletin.de\/bucuresti\/#website","url":"https:\/\/buletin.de\/bucuresti\/","name":"Buletin de Bucure\u0219ti","description":"\u0218tiri \u0219i investiga\u021bii esen\u021biale din capital\u0103","publisher":{"@id":"https:\/\/buletin.de\/bucuresti\/#organization"},"potentialAction":[{"@type":"SearchAction","target":{"@type":"EntryPoint","urlTemplate":"https:\/\/buletin.de\/bucuresti\/?s={search_term_string}"},"query-input":{"@type":"PropertyValueSpecification","valueRequired":true,"valueName":"search_term_string"}}],"inLanguage":"en-GB"},{"@type":"Organization","@id":"https:\/\/buletin.de\/bucuresti\/#organization","name":"Buletin de Bucure\u0219ti","url":"https:\/\/buletin.de\/bucuresti\/","logo":{"@type":"ImageObject","inLanguage":"en-GB","@id":"https:\/\/buletin.de\/bucuresti\/#\/schema\/logo\/image\/","url":"https:\/\/buletin.de\/bucuresti\/wp-content\/uploads\/logo-bdb-full-wide-vernil-transparent.png","contentUrl":"https:\/\/buletin.de\/bucuresti\/wp-content\/uploads\/logo-bdb-full-wide-vernil-transparent.png","width":1782,"height":626,"caption":"Buletin de Bucure\u0219ti"},"image":{"@id":"https:\/\/buletin.de\/bucuresti\/#\/schema\/logo\/image\/"},"sameAs":["https:\/\/www.facebook.com\/buletin.de.buc","https:\/\/www.instagram.com\/buletinde.bucuresti\/"]},{"@type":"Person","@id":"https:\/\/buletin.de\/bucuresti\/#\/schema\/person\/7e46040573290777280a0835d81ea4ea","name":"Diana Matei","image":{"@type":"ImageObject","inLanguage":"en-GB","@id":"https:\/\/buletin.de\/bucuresti\/wp-content\/uploads\/9-2-96x96.jpg1e8590b30871d70e62ebcdaf2eff570c","url":"https:\/\/buletin.de\/bucuresti\/wp-content\/uploads\/9-2-96x96.jpg","contentUrl":"https:\/\/buletin.de\/bucuresti\/wp-content\/uploads\/9-2-96x96.jpg","caption":"Diana Matei"},"url":"https:\/\/buletin.de\/bucuresti\/author\/dianamatei\/"}]}},"authors":[{"term_id":22574,"user_id":49,"is_guest":0,"slug":"dianamatei","display_name":"Diana Matei","avatar_url":"https:\/\/buletin.de\/bucuresti\/wp-content\/uploads\/9-2-96x96.jpg","0":null,"1":"","2":"","3":"","4":"","5":"","6":"","7":"","8":""}],"_links":{"self":[{"href":"https:\/\/buletin.de\/bucuresti\/wp-json\/wp\/v2\/posts\/62270","targetHints":{"allow":["GET"]}}],"collection":[{"href":"https:\/\/buletin.de\/bucuresti\/wp-json\/wp\/v2\/posts"}],"about":[{"href":"https:\/\/buletin.de\/bucuresti\/wp-json\/wp\/v2\/types\/post"}],"author":[{"embeddable":true,"href":"https:\/\/buletin.de\/bucuresti\/wp-json\/wp\/v2\/users\/49"}],"replies":[{"embeddable":true,"href":"https:\/\/buletin.de\/bucuresti\/wp-json\/wp\/v2\/comments?post=62270"}],"version-history":[{"count":0,"href":"https:\/\/buletin.de\/bucuresti\/wp-json\/wp\/v2\/posts\/62270\/revisions"}],"wp:featuredmedia":[{"embeddable":true,"href":"https:\/\/buletin.de\/bucuresti\/wp-json\/wp\/v2\/media\/62271"}],"wp:attachment":[{"href":"https:\/\/buletin.de\/bucuresti\/wp-json\/wp\/v2\/media?parent=62270"}],"wp:term":[{"taxonomy":"category","embeddable":true,"href":"https:\/\/buletin.de\/bucuresti\/wp-json\/wp\/v2\/categories?post=62270"},{"taxonomy":"post_tag","embeddable":true,"href":"https:\/\/buletin.de\/bucuresti\/wp-json\/wp\/v2\/tags?post=62270"},{"taxonomy":"author","embeddable":true,"href":"https:\/\/buletin.de\/bucuresti\/wp-json\/wp\/v2\/ppma_author?post=62270"}],"curies":[{"name":"wp","href":"https:\/\/api.w.org\/{rel}","templated":true}]}}