{"id":62259,"date":"2023-08-30T13:30:39","date_gmt":"2023-08-30T11:30:39","guid":{"rendered":"https:\/\/buletin.de\/bucuresti\/cinema-sub-stele-maine-in-parcul-liniei\/"},"modified":"2023-08-30T13:30:39","modified_gmt":"2023-08-30T11:30:39","slug":"cinema-sub-stele-maine-in-parcul-liniei","status":"publish","type":"post","link":"https:\/\/buletin.de\/bucuresti\/cinema-sub-stele-maine-in-parcul-liniei\/","title":{"rendered":"\u201eCinema sub stele\u201d m\u00e2ine, \u00een Parcul Liniei"},"content":{"rendered":"\n<p><strong>\u201eCinema sub stele\u201d se mut\u0103 \u00een acest weekend \u00een Parcul Liniei din Sectorul 6. Programul se va derula \u00een perioada 31 august \u2013 3 septembrie.<\/strong><\/p>\n\n\n\n<p>P\u00e2n\u0103 acum, evenimentul \u201eCinema sub stele\u201d\u00a0s-a desf\u0103\u0219urat \u00een Parcurile Cr\u00e2nga\u0219i \u0219i Drumul Taberei. \u00cencep\u00e2nd de joi, 31 august 2023, oamenii pot merge \u00een Parcul Liniei pentru a viziona filme, \u00een func\u021bie de preferin\u021be. <\/p>\n\n\n\n<h4 class=\"wp-block-heading\">Programul filmelor:<\/h4>\n\n\n\n<p><strong>Joi, 31 august 2023:<\/strong><\/p>\n\n\n\n<ul class=\"wp-block-list\">\n<li>Mamma Mia!<\/li>\n<\/ul>\n\n\n\n<p><strong>Vineri, 1 septembrie 2023:<\/strong><\/p>\n\n\n\n<ul class=\"wp-block-list\">\n<li>Moarte pe Nil\/ Death on the Nile<\/li>\n<\/ul>\n\n\n\n<p><strong>S\u00e2mb\u0103t\u0103, 2 august 2023:<\/strong><\/p>\n\n\n\n<ul class=\"wp-block-list\">\n<li>Uncharted<\/li>\n<\/ul>\n\n\n\n<p><strong>Duminic\u0103, 3 august 2023:<\/strong><\/p>\n\n\n\n<ul class=\"wp-block-list\">\n<li>Ro\u0219u aprins\/ Turning red<\/li>\n<\/ul>\n\n\n\n<p>Intrarea la evenimentul \u201eCinema sub stele\u201d este liber\u0103 iar filmele \u00eencep la ora 20:30.<\/p>\n","protected":false},"excerpt":{"rendered":"<p>\u201eCinema sub stele\u201d se mut\u0103 \u00een acest weekend \u00een Parcul Liniei din Sectorul 6. Programul se va derula \u00een perioada 31 august \u2013 3 septembrie. P\u00e2n\u0103 acum, evenimentul \u201eCinema sub stele\u201d\u00a0s-a desf\u0103\u0219urat \u00een Parcurile Cr\u00e2nga\u0219i \u0219i Drumul Taberei. \u00cencep\u00e2nd de joi, 31 august 2023, oamenii pot merge \u00een Parcul Liniei pentru a viziona filme, \u00een [&hellip;]<\/p>\n","protected":false},"author":49,"featured_media":62260,"comment_status":"open","ping_status":"open","sticky":false,"template":"","format":"standard","meta":{"_acf_changed":false,"inline_featured_image":false,"ngg_post_thumbnail":0,"footnotes":""},"categories":[62],"tags":[6652,4134,523],"ppma_author":[22574],"class_list":["post-62259","post","type-post","status-publish","format-standard","has-post-thumbnail","hentry","category-stiri","tag-cinema-in-aer-liber","tag-parcul-liniei","tag-sector-6"],"acf":[],"yoast_head":"<!-- This site is optimized with the Yoast SEO Premium plugin v25.3 (Yoast SEO v27.5) - https:\/\/yoast.com\/product\/yoast-seo-premium-wordpress\/ -->\n<title>\u201eCinema sub stele\u201d m\u00e2ine, \u00een Parcul Liniei - Buletin de Bucure\u0219ti<\/title>\n<meta name=\"robots\" content=\"index, follow, max-snippet:-1, max-image-preview:large, max-video-preview:-1\" \/>\n<link rel=\"canonical\" href=\"https:\/\/buletin.de\/bucuresti\/cinema-sub-stele-maine-in-parcul-liniei\/\" \/>\n<meta property=\"og:locale\" content=\"en_GB\" \/>\n<meta property=\"og:type\" content=\"article\" \/>\n<meta property=\"og:title\" content=\"\u201eCinema sub stele\u201d m\u00e2ine, \u00een Parcul Liniei\" \/>\n<meta property=\"og:description\" content=\"\u201eCinema sub stele\u201d se mut\u0103 \u00een acest weekend \u00een Parcul Liniei din Sectorul 6. Programul se va derula \u00een perioada 31 august \u2013 3 septembrie. P\u00e2n\u0103 acum, evenimentul \u201eCinema sub stele\u201d\u00a0s-a desf\u0103\u0219urat \u00een Parcurile Cr\u00e2nga\u0219i \u0219i Drumul Taberei. \u00cencep\u00e2nd de joi, 31 august 2023, oamenii pot merge \u00een Parcul Liniei pentru a viziona filme, \u00een [&hellip;]\" \/>\n<meta property=\"og:url\" content=\"https:\/\/buletin.de\/bucuresti\/cinema-sub-stele-maine-in-parcul-liniei\/\" \/>\n<meta property=\"og:site_name\" content=\"Buletin de Bucure\u0219ti\" \/>\n<meta property=\"article:publisher\" content=\"https:\/\/www.facebook.com\/buletin.de.buc\" \/>\n<meta property=\"article:published_time\" content=\"2023-08-30T11:30:39+00:00\" \/>\n<meta property=\"og:image\" content=\"https:\/\/buletin.de\/bucuresti\/wp-content\/uploads\/cinema-sub-stele.jpeg\" \/>\n\t<meta property=\"og:image:width\" content=\"2048\" \/>\n\t<meta property=\"og:image:height\" content=\"1365\" \/>\n\t<meta property=\"og:image:type\" content=\"image\/jpeg\" \/>\n<meta name=\"author\" content=\"Diana Matei\" \/>\n<meta name=\"twitter:card\" content=\"summary_large_image\" \/>\n<meta name=\"twitter:label1\" content=\"Written by\" \/>\n\t<meta name=\"twitter:data1\" content=\"Diana Matei\" \/>\n\t<meta name=\"twitter:label2\" content=\"Estimated reading time\" \/>\n\t<meta name=\"twitter:data2\" content=\"1 minute\" \/>\n<script type=\"application\/ld+json\" class=\"yoast-schema-graph\">{\"@context\":\"https:\\\/\\\/schema.org\",\"@graph\":[{\"@type\":\"Article\",\"@id\":\"https:\\\/\\\/buletin.de\\\/bucuresti\\\/cinema-sub-stele-maine-in-parcul-liniei\\\/#article\",\"isPartOf\":{\"@id\":\"https:\\\/\\\/buletin.de\\\/bucuresti\\\/cinema-sub-stele-maine-in-parcul-liniei\\\/\"},\"author\":{\"name\":\"Diana Matei\",\"@id\":\"https:\\\/\\\/buletin.de\\\/bucuresti\\\/#\\\/schema\\\/person\\\/7e46040573290777280a0835d81ea4ea\"},\"headline\":\"\u201eCinema sub stele\u201d m\u00e2ine, \u00een Parcul Liniei\",\"datePublished\":\"2023-08-30T11:30:39+00:00\",\"mainEntityOfPage\":{\"@id\":\"https:\\\/\\\/buletin.de\\\/bucuresti\\\/cinema-sub-stele-maine-in-parcul-liniei\\\/\"},\"wordCount\":108,\"commentCount\":0,\"publisher\":{\"@id\":\"https:\\\/\\\/buletin.de\\\/bucuresti\\\/#organization\"},\"image\":{\"@id\":\"https:\\\/\\\/buletin.de\\\/bucuresti\\\/cinema-sub-stele-maine-in-parcul-liniei\\\/#primaryimage\"},\"thumbnailUrl\":\"https:\\\/\\\/buletin.de\\\/bucuresti\\\/wp-content\\\/uploads\\\/cinema-sub-stele.jpeg\",\"keywords\":[\"cinema in aer liber\",\"parcul liniei\",\"Sector 6\"],\"articleSection\":[\"\u0218tiri\"],\"inLanguage\":\"en-GB\",\"potentialAction\":[{\"@type\":\"CommentAction\",\"name\":\"Comment\",\"target\":[\"https:\\\/\\\/buletin.de\\\/bucuresti\\\/cinema-sub-stele-maine-in-parcul-liniei\\\/#respond\"]}],\"copyrightYear\":\"2023\",\"copyrightHolder\":{\"@id\":\"https:\\\/\\\/buletin.de\\\/bucuresti\\\/#organization\"}},{\"@type\":\"WebPage\",\"@id\":\"https:\\\/\\\/buletin.de\\\/bucuresti\\\/cinema-sub-stele-maine-in-parcul-liniei\\\/\",\"url\":\"https:\\\/\\\/buletin.de\\\/bucuresti\\\/cinema-sub-stele-maine-in-parcul-liniei\\\/\",\"name\":\"\u201eCinema sub stele\u201d m\u00e2ine, \u00een Parcul Liniei - Buletin de Bucure\u0219ti\",\"isPartOf\":{\"@id\":\"https:\\\/\\\/buletin.de\\\/bucuresti\\\/#website\"},\"primaryImageOfPage\":{\"@id\":\"https:\\\/\\\/buletin.de\\\/bucuresti\\\/cinema-sub-stele-maine-in-parcul-liniei\\\/#primaryimage\"},\"image\":{\"@id\":\"https:\\\/\\\/buletin.de\\\/bucuresti\\\/cinema-sub-stele-maine-in-parcul-liniei\\\/#primaryimage\"},\"thumbnailUrl\":\"https:\\\/\\\/buletin.de\\\/bucuresti\\\/wp-content\\\/uploads\\\/cinema-sub-stele.jpeg\",\"datePublished\":\"2023-08-30T11:30:39+00:00\",\"breadcrumb\":{\"@id\":\"https:\\\/\\\/buletin.de\\\/bucuresti\\\/cinema-sub-stele-maine-in-parcul-liniei\\\/#breadcrumb\"},\"inLanguage\":\"en-GB\",\"potentialAction\":[{\"@type\":\"ReadAction\",\"target\":[\"https:\\\/\\\/buletin.de\\\/bucuresti\\\/cinema-sub-stele-maine-in-parcul-liniei\\\/\"]}]},{\"@type\":\"ImageObject\",\"inLanguage\":\"en-GB\",\"@id\":\"https:\\\/\\\/buletin.de\\\/bucuresti\\\/cinema-sub-stele-maine-in-parcul-liniei\\\/#primaryimage\",\"url\":\"https:\\\/\\\/buletin.de\\\/bucuresti\\\/wp-content\\\/uploads\\\/cinema-sub-stele.jpeg\",\"contentUrl\":\"https:\\\/\\\/buletin.de\\\/bucuresti\\\/wp-content\\\/uploads\\\/cinema-sub-stele.jpeg\",\"width\":2048,\"height\":1365},{\"@type\":\"BreadcrumbList\",\"@id\":\"https:\\\/\\\/buletin.de\\\/bucuresti\\\/cinema-sub-stele-maine-in-parcul-liniei\\\/#breadcrumb\",\"itemListElement\":[{\"@type\":\"ListItem\",\"position\":1,\"name\":\"Acas\u0103\",\"item\":\"https:\\\/\\\/buletin.de\\\/bucuresti\\\/\"},{\"@type\":\"ListItem\",\"position\":2,\"name\":\"\u201eCinema sub stele\u201d m\u00e2ine, \u00een Parcul Liniei\"}]},{\"@type\":\"WebSite\",\"@id\":\"https:\\\/\\\/buletin.de\\\/bucuresti\\\/#website\",\"url\":\"https:\\\/\\\/buletin.de\\\/bucuresti\\\/\",\"name\":\"Buletin de Bucure\u0219ti\",\"description\":\"\u0218tiri \u0219i investiga\u021bii esen\u021biale din capital\u0103\",\"publisher\":{\"@id\":\"https:\\\/\\\/buletin.de\\\/bucuresti\\\/#organization\"},\"potentialAction\":[{\"@type\":\"SearchAction\",\"target\":{\"@type\":\"EntryPoint\",\"urlTemplate\":\"https:\\\/\\\/buletin.de\\\/bucuresti\\\/?s={search_term_string}\"},\"query-input\":{\"@type\":\"PropertyValueSpecification\",\"valueRequired\":true,\"valueName\":\"search_term_string\"}}],\"inLanguage\":\"en-GB\"},{\"@type\":\"Organization\",\"@id\":\"https:\\\/\\\/buletin.de\\\/bucuresti\\\/#organization\",\"name\":\"Buletin de Bucure\u0219ti\",\"url\":\"https:\\\/\\\/buletin.de\\\/bucuresti\\\/\",\"logo\":{\"@type\":\"ImageObject\",\"inLanguage\":\"en-GB\",\"@id\":\"https:\\\/\\\/buletin.de\\\/bucuresti\\\/#\\\/schema\\\/logo\\\/image\\\/\",\"url\":\"https:\\\/\\\/buletin.de\\\/bucuresti\\\/wp-content\\\/uploads\\\/logo-bdb-full-wide-vernil-transparent.png\",\"contentUrl\":\"https:\\\/\\\/buletin.de\\\/bucuresti\\\/wp-content\\\/uploads\\\/logo-bdb-full-wide-vernil-transparent.png\",\"width\":1782,\"height\":626,\"caption\":\"Buletin de Bucure\u0219ti\"},\"image\":{\"@id\":\"https:\\\/\\\/buletin.de\\\/bucuresti\\\/#\\\/schema\\\/logo\\\/image\\\/\"},\"sameAs\":[\"https:\\\/\\\/www.facebook.com\\\/buletin.de.buc\",\"https:\\\/\\\/www.instagram.com\\\/buletinde.bucuresti\\\/\"]},{\"@type\":\"Person\",\"@id\":\"https:\\\/\\\/buletin.de\\\/bucuresti\\\/#\\\/schema\\\/person\\\/7e46040573290777280a0835d81ea4ea\",\"name\":\"Diana Matei\",\"image\":{\"@type\":\"ImageObject\",\"inLanguage\":\"en-GB\",\"@id\":\"https:\\\/\\\/buletin.de\\\/bucuresti\\\/wp-content\\\/uploads\\\/9-2-96x96.jpg1e8590b30871d70e62ebcdaf2eff570c\",\"url\":\"https:\\\/\\\/buletin.de\\\/bucuresti\\\/wp-content\\\/uploads\\\/9-2-96x96.jpg\",\"contentUrl\":\"https:\\\/\\\/buletin.de\\\/bucuresti\\\/wp-content\\\/uploads\\\/9-2-96x96.jpg\",\"caption\":\"Diana Matei\"},\"url\":\"https:\\\/\\\/buletin.de\\\/bucuresti\\\/author\\\/dianamatei\\\/\"}]}<\/script>\n<!-- \/ Yoast SEO Premium plugin. -->","yoast_head_json":{"title":"\u201eCinema sub stele\u201d m\u00e2ine, \u00een Parcul Liniei - Buletin de Bucure\u0219ti","robots":{"index":"index","follow":"follow","max-snippet":"max-snippet:-1","max-image-preview":"max-image-preview:large","max-video-preview":"max-video-preview:-1"},"canonical":"https:\/\/buletin.de\/bucuresti\/cinema-sub-stele-maine-in-parcul-liniei\/","og_locale":"en_GB","og_type":"article","og_title":"\u201eCinema sub stele\u201d m\u00e2ine, \u00een Parcul Liniei","og_description":"\u201eCinema sub stele\u201d se mut\u0103 \u00een acest weekend \u00een Parcul Liniei din Sectorul 6. Programul se va derula \u00een perioada 31 august \u2013 3 septembrie. P\u00e2n\u0103 acum, evenimentul \u201eCinema sub stele\u201d\u00a0s-a desf\u0103\u0219urat \u00een Parcurile Cr\u00e2nga\u0219i \u0219i Drumul Taberei. \u00cencep\u00e2nd de joi, 31 august 2023, oamenii pot merge \u00een Parcul Liniei pentru a viziona filme, \u00een [&hellip;]","og_url":"https:\/\/buletin.de\/bucuresti\/cinema-sub-stele-maine-in-parcul-liniei\/","og_site_name":"Buletin de Bucure\u0219ti","article_publisher":"https:\/\/www.facebook.com\/buletin.de.buc","article_published_time":"2023-08-30T11:30:39+00:00","og_image":[{"width":2048,"height":1365,"url":"https:\/\/buletin.de\/bucuresti\/wp-content\/uploads\/cinema-sub-stele.jpeg","type":"image\/jpeg"}],"author":"Diana Matei","twitter_card":"summary_large_image","twitter_misc":{"Written by":"Diana Matei","Estimated reading time":"1 minute"},"schema":{"@context":"https:\/\/schema.org","@graph":[{"@type":"Article","@id":"https:\/\/buletin.de\/bucuresti\/cinema-sub-stele-maine-in-parcul-liniei\/#article","isPartOf":{"@id":"https:\/\/buletin.de\/bucuresti\/cinema-sub-stele-maine-in-parcul-liniei\/"},"author":{"name":"Diana Matei","@id":"https:\/\/buletin.de\/bucuresti\/#\/schema\/person\/7e46040573290777280a0835d81ea4ea"},"headline":"\u201eCinema sub stele\u201d m\u00e2ine, \u00een Parcul Liniei","datePublished":"2023-08-30T11:30:39+00:00","mainEntityOfPage":{"@id":"https:\/\/buletin.de\/bucuresti\/cinema-sub-stele-maine-in-parcul-liniei\/"},"wordCount":108,"commentCount":0,"publisher":{"@id":"https:\/\/buletin.de\/bucuresti\/#organization"},"image":{"@id":"https:\/\/buletin.de\/bucuresti\/cinema-sub-stele-maine-in-parcul-liniei\/#primaryimage"},"thumbnailUrl":"https:\/\/buletin.de\/bucuresti\/wp-content\/uploads\/cinema-sub-stele.jpeg","keywords":["cinema in aer liber","parcul liniei","Sector 6"],"articleSection":["\u0218tiri"],"inLanguage":"en-GB","potentialAction":[{"@type":"CommentAction","name":"Comment","target":["https:\/\/buletin.de\/bucuresti\/cinema-sub-stele-maine-in-parcul-liniei\/#respond"]}],"copyrightYear":"2023","copyrightHolder":{"@id":"https:\/\/buletin.de\/bucuresti\/#organization"}},{"@type":"WebPage","@id":"https:\/\/buletin.de\/bucuresti\/cinema-sub-stele-maine-in-parcul-liniei\/","url":"https:\/\/buletin.de\/bucuresti\/cinema-sub-stele-maine-in-parcul-liniei\/","name":"\u201eCinema sub stele\u201d m\u00e2ine, \u00een Parcul Liniei - Buletin de Bucure\u0219ti","isPartOf":{"@id":"https:\/\/buletin.de\/bucuresti\/#website"},"primaryImageOfPage":{"@id":"https:\/\/buletin.de\/bucuresti\/cinema-sub-stele-maine-in-parcul-liniei\/#primaryimage"},"image":{"@id":"https:\/\/buletin.de\/bucuresti\/cinema-sub-stele-maine-in-parcul-liniei\/#primaryimage"},"thumbnailUrl":"https:\/\/buletin.de\/bucuresti\/wp-content\/uploads\/cinema-sub-stele.jpeg","datePublished":"2023-08-30T11:30:39+00:00","breadcrumb":{"@id":"https:\/\/buletin.de\/bucuresti\/cinema-sub-stele-maine-in-parcul-liniei\/#breadcrumb"},"inLanguage":"en-GB","potentialAction":[{"@type":"ReadAction","target":["https:\/\/buletin.de\/bucuresti\/cinema-sub-stele-maine-in-parcul-liniei\/"]}]},{"@type":"ImageObject","inLanguage":"en-GB","@id":"https:\/\/buletin.de\/bucuresti\/cinema-sub-stele-maine-in-parcul-liniei\/#primaryimage","url":"https:\/\/buletin.de\/bucuresti\/wp-content\/uploads\/cinema-sub-stele.jpeg","contentUrl":"https:\/\/buletin.de\/bucuresti\/wp-content\/uploads\/cinema-sub-stele.jpeg","width":2048,"height":1365},{"@type":"BreadcrumbList","@id":"https:\/\/buletin.de\/bucuresti\/cinema-sub-stele-maine-in-parcul-liniei\/#breadcrumb","itemListElement":[{"@type":"ListItem","position":1,"name":"Acas\u0103","item":"https:\/\/buletin.de\/bucuresti\/"},{"@type":"ListItem","position":2,"name":"\u201eCinema sub stele\u201d m\u00e2ine, \u00een Parcul Liniei"}]},{"@type":"WebSite","@id":"https:\/\/buletin.de\/bucuresti\/#website","url":"https:\/\/buletin.de\/bucuresti\/","name":"Buletin de Bucure\u0219ti","description":"\u0218tiri \u0219i investiga\u021bii esen\u021biale din capital\u0103","publisher":{"@id":"https:\/\/buletin.de\/bucuresti\/#organization"},"potentialAction":[{"@type":"SearchAction","target":{"@type":"EntryPoint","urlTemplate":"https:\/\/buletin.de\/bucuresti\/?s={search_term_string}"},"query-input":{"@type":"PropertyValueSpecification","valueRequired":true,"valueName":"search_term_string"}}],"inLanguage":"en-GB"},{"@type":"Organization","@id":"https:\/\/buletin.de\/bucuresti\/#organization","name":"Buletin de Bucure\u0219ti","url":"https:\/\/buletin.de\/bucuresti\/","logo":{"@type":"ImageObject","inLanguage":"en-GB","@id":"https:\/\/buletin.de\/bucuresti\/#\/schema\/logo\/image\/","url":"https:\/\/buletin.de\/bucuresti\/wp-content\/uploads\/logo-bdb-full-wide-vernil-transparent.png","contentUrl":"https:\/\/buletin.de\/bucuresti\/wp-content\/uploads\/logo-bdb-full-wide-vernil-transparent.png","width":1782,"height":626,"caption":"Buletin de Bucure\u0219ti"},"image":{"@id":"https:\/\/buletin.de\/bucuresti\/#\/schema\/logo\/image\/"},"sameAs":["https:\/\/www.facebook.com\/buletin.de.buc","https:\/\/www.instagram.com\/buletinde.bucuresti\/"]},{"@type":"Person","@id":"https:\/\/buletin.de\/bucuresti\/#\/schema\/person\/7e46040573290777280a0835d81ea4ea","name":"Diana Matei","image":{"@type":"ImageObject","inLanguage":"en-GB","@id":"https:\/\/buletin.de\/bucuresti\/wp-content\/uploads\/9-2-96x96.jpg1e8590b30871d70e62ebcdaf2eff570c","url":"https:\/\/buletin.de\/bucuresti\/wp-content\/uploads\/9-2-96x96.jpg","contentUrl":"https:\/\/buletin.de\/bucuresti\/wp-content\/uploads\/9-2-96x96.jpg","caption":"Diana Matei"},"url":"https:\/\/buletin.de\/bucuresti\/author\/dianamatei\/"}]}},"authors":[{"term_id":22574,"user_id":49,"is_guest":0,"slug":"dianamatei","display_name":"Diana Matei","avatar_url":"https:\/\/buletin.de\/bucuresti\/wp-content\/uploads\/9-2-96x96.jpg","0":null,"1":"","2":"","3":"","4":"","5":"","6":"","7":"","8":""}],"_links":{"self":[{"href":"https:\/\/buletin.de\/bucuresti\/wp-json\/wp\/v2\/posts\/62259","targetHints":{"allow":["GET"]}}],"collection":[{"href":"https:\/\/buletin.de\/bucuresti\/wp-json\/wp\/v2\/posts"}],"about":[{"href":"https:\/\/buletin.de\/bucuresti\/wp-json\/wp\/v2\/types\/post"}],"author":[{"embeddable":true,"href":"https:\/\/buletin.de\/bucuresti\/wp-json\/wp\/v2\/users\/49"}],"replies":[{"embeddable":true,"href":"https:\/\/buletin.de\/bucuresti\/wp-json\/wp\/v2\/comments?post=62259"}],"version-history":[{"count":0,"href":"https:\/\/buletin.de\/bucuresti\/wp-json\/wp\/v2\/posts\/62259\/revisions"}],"wp:featuredmedia":[{"embeddable":true,"href":"https:\/\/buletin.de\/bucuresti\/wp-json\/wp\/v2\/media\/62260"}],"wp:attachment":[{"href":"https:\/\/buletin.de\/bucuresti\/wp-json\/wp\/v2\/media?parent=62259"}],"wp:term":[{"taxonomy":"category","embeddable":true,"href":"https:\/\/buletin.de\/bucuresti\/wp-json\/wp\/v2\/categories?post=62259"},{"taxonomy":"post_tag","embeddable":true,"href":"https:\/\/buletin.de\/bucuresti\/wp-json\/wp\/v2\/tags?post=62259"},{"taxonomy":"author","embeddable":true,"href":"https:\/\/buletin.de\/bucuresti\/wp-json\/wp\/v2\/ppma_author?post=62259"}],"curies":[{"name":"wp","href":"https:\/\/api.w.org\/{rel}","templated":true}]}}