{"id":62219,"date":"2023-08-30T12:35:32","date_gmt":"2023-08-30T10:35:32","guid":{"rendered":"https:\/\/buletin.de\/bucuresti\/foto-zona-retrocedata-a-parcului-ior-la-o-zi-de-la-incendiu\/"},"modified":"2023-09-18T13:55:32","modified_gmt":"2023-09-18T11:55:32","slug":"foto-zona-retrocedata-a-parcului-ior-la-o-zi-de-la-incendiu","status":"publish","type":"post","link":"https:\/\/buletin.de\/bucuresti\/foto-zona-retrocedata-a-parcului-ior-la-o-zi-de-la-incendiu\/","title":{"rendered":"FOTO | Zona retrocedat\u0103 a Parcului IOR, la o zi de la incendiu"},"content":{"rendered":"\n<p><strong>\u00cen seara zilei de mar\u021bi, 29 august, a avut loc al doilea incendiu din zona retrocedat\u0103 de parc Alexandru Ioan Cuza (IOR), din luna august. 4.000 mp au fost afecta\u021bi. \u00cen zona retrocedat\u0103 a parcului copacii sunt otr\u0103vi\u021bi, se taie ilegal copaci \u0219i au loc aproape lunar incendii. Conform panourilor afi\u0219ate la fa\u021ba locului, pe zona respectiv\u0103 din parc se dore\u0219te amenajarea unui parc de distrac\u021bii pentru copii.<\/strong><\/p>\n\n\n\n<p>Intrarea dinspre sta\u021bia de metrou Titan era \u00eenchis\u0103. \u00cen partea disputat\u0103 de parc se poate ajunge, \u00een momentul acesta, fie ocolind printr-o alt\u0103 intrare a parcului, fie prin cele dou\u0103 g\u0103uri din gard. <\/p>\n\n\n\n<figure class=\"wp-block-gallery has-nested-images columns-2 is-cropped wp-block-gallery-1 is-layout-flex wp-block-gallery-is-layout-flex\">\n<figure class=\"wp-block-image size-large\"><a href=\"https:\/\/buletin.de\/bucuresti\/wp-content\/uploads\/IMG_20230830_121840030.jpg\"><img decoding=\"async\" data-id=\"63872\" src=\"data:image\/gif;base64,R0lGODlhAQABAAAAACH5BAEKAAEALAAAAAABAAEAAAICTAEAOw==\" data-src=\"https:\/\/buletin.de\/bucuresti\/wp-content\/uploads\/IMG_20230830_121840030-900x678.jpg\" alt=\"Image gallery image\" class=\"wp-image-63872 lazyload\"\/><\/a><\/figure>\n\n\n\n<figure class=\"wp-block-image size-large\"><a href=\"https:\/\/buletin.de\/bucuresti\/wp-content\/uploads\/IMG_20230830_123656553.jpg\"><img decoding=\"async\" data-id=\"63873\" src=\"data:image\/gif;base64,R0lGODlhAQABAAAAACH5BAEKAAEALAAAAAABAAEAAAICTAEAOw==\" data-src=\"https:\/\/buletin.de\/bucuresti\/wp-content\/uploads\/IMG_20230830_123656553-900x678.jpg\" alt=\"Image gallery image\" class=\"wp-image-63873 lazyload\"\/><\/a><\/figure>\n\n\n\n<figure class=\"wp-block-image size-large\"><a href=\"https:\/\/buletin.de\/bucuresti\/wp-content\/uploads\/IMG_20230830_123831272.jpg\"><img decoding=\"async\" data-id=\"63874\" src=\"data:image\/gif;base64,R0lGODlhAQABAAAAACH5BAEKAAEALAAAAAABAAEAAAICTAEAOw==\" data-src=\"https:\/\/buletin.de\/bucuresti\/wp-content\/uploads\/IMG_20230830_123831272-900x678.jpg\" alt=\"Image gallery image\" class=\"wp-image-63874 lazyload\"\/><\/a><\/figure>\n<\/figure>\n\n\n\n<p>\u00cen parc, \u00een loc s\u0103 se simt\u0103 aerul curat at\u00e2t de necesar Bucure\u0219tiului, mirosea a ars. Buc\u0103\u021bi mari de iarb\u0103 \u0219i vegeta\u021bie au fost transformate \u00een cenu\u0219\u0103. <\/p>\n\n\n\n<p>Mai erau c\u00e2\u021biva oameni care au venit s\u0103 observe consecin\u021bele ultimului incendiu, o parte dintre ace\u0219tia f\u0103ceau poze \u0219i documentau, \u00een timp ce al\u021bii doar se uitau. Erau \u0219i copii care \u00ee\u0219i exprimau dezam\u0103girea fa\u021b\u0103 de autorit\u0103\u021bi, c\u0103 nu au prevenit nici incendiul acesta. O alt\u0103 doamn\u0103 se \u00eentreba <em>\u201ede ce e nevoie, pentru a atrage aten\u021bia asupra situa\u021biei? \u00centr-o zi o sa ajung\u0103 focul p\u00e2n\u0103 la biserica de lemn, poate atunci le va p\u0103sa\u201d<\/em>.<\/p>\n\n\n\n<figure class=\"wp-block-image size-large\"><img decoding=\"async\" src=\"data:image\/gif;base64,R0lGODlhAQABAAAAACH5BAEKAAEALAAAAAABAAEAAAICTAEAOw==\" data-src=\"https:\/\/buletin.de\/bucuresti\/wp-content\/uploads\/IMG_20230830_123050746-01-900x678.jpeg\" alt=\"\" class=\"wp-image-63876 lazyload\"\/><\/figure>\n\n\n\n<figure class=\"wp-block-image size-large\"><img decoding=\"async\" src=\"data:image\/gif;base64,R0lGODlhAQABAAAAACH5BAEKAAEALAAAAAABAAEAAAICTAEAOw==\" data-src=\"https:\/\/buletin.de\/bucuresti\/wp-content\/uploads\/IMG_20230830_122759362-678x900.jpg\" alt=\"\" class=\"wp-image-63881 lazyload\"\/><\/figure>\n\n\n\n<p>O dat\u0103 cu vegeta\u021bia, au murit \u0219i multe viet\u0103\u021bi care populau zona respectiv\u0103. Pe cenu\u0219\u0103, din loc \u00een loc, se puteau observa carapacele melcilor din por\u021biunea retrocedat\u0103 a parcului din Sectorul 3. <\/p>\n\n\n\n<figure class=\"wp-block-gallery alignwide has-nested-images columns-default is-cropped wp-block-gallery-2 is-layout-flex wp-block-gallery-is-layout-flex\">\n<figure class=\"wp-block-image size-large\"><a href=\"https:\/\/buletin.de\/bucuresti\/wp-content\/uploads\/IMG_20230830_122439173.jpg\"><img decoding=\"async\" data-id=\"63880\" src=\"data:image\/gif;base64,R0lGODlhAQABAAAAACH5BAEKAAEALAAAAAABAAEAAAICTAEAOw==\" data-src=\"https:\/\/buletin.de\/bucuresti\/wp-content\/uploads\/IMG_20230830_122439173-900x678.jpg\" alt=\"\" class=\"wp-image-63880 lazyload\"\/><\/a><\/figure>\n\n\n\n<figure class=\"wp-block-image size-large\"><a href=\"https:\/\/buletin.de\/bucuresti\/wp-content\/uploads\/IMG_20230830_123027081.jpg\"><img decoding=\"async\" data-id=\"63890\" src=\"data:image\/gif;base64,R0lGODlhAQABAAAAACH5BAEKAAEALAAAAAABAAEAAAICTAEAOw==\" data-src=\"https:\/\/buletin.de\/bucuresti\/wp-content\/uploads\/IMG_20230830_123027081-675x900.jpg\" alt=\"\" class=\"wp-image-63890 lazyload\"\/><\/a><\/figure>\n<\/figure>\n\n\n\n<p>Din martie 2023, cet\u0103\u021benii Sectorului 3 \u0219i ai Bucure\u0219tiului se str\u00e2ng, \u00een zona retrocedat\u0103, s\u0103 protesteze pentru revendicarea zonei. \u201eO suprafa\u021b\u0103 de 12 hectare din Parcul IOR, echivalentul a 12 terenuri de fotbal, e pe cale s\u0103 fie pierdut\u0103 pentru totdeauna din patrimoniul verde al comunit\u0103\u021bii noastre,\u201d transmit organizatorii \u00een textul adiacent\u00a0<a href=\"https:\/\/suport.greenpeace.ro\/petitieior\">peti\u021biei lor<\/a>.\u00a0<\/p>\n\n\n\n<p><em>\u201eTerenul respectiv ar fi fost retrocedat \u00een anul 2005, din ordinul lui Videanu, semnatar ar fi fost chiar Ludovic Orban. Au demontat \u00een scurt timp toate bancile, ca s\u0103 nu mai arate c\u0103 este parc. \u00cens\u0103 el a func\u021bionat \u00een continuare ca \u0219i parc, \u00eentotdeauna, din anii 60-65, de c\u00e2nd a fost instituit\u201d<\/em> a declarat Paul, un reprezentant al funda\u021biei civice IOR, pentru Buletin de Bucure\u0219ti.<\/p>\n\n\n\n<figure class=\"wp-block-gallery has-nested-images columns-2 is-cropped wp-block-gallery-3 is-layout-flex wp-block-gallery-is-layout-flex\">\n<figure class=\"wp-block-image size-large\"><img decoding=\"async\" data-id=\"63913\" src=\"data:image\/gif;base64,R0lGODlhAQABAAAAACH5BAEKAAEALAAAAAABAAEAAAICTAEAOw==\" data-src=\"https:\/\/buletin.de\/bucuresti\/wp-content\/uploads\/WhatsApp-Image-2023-08-30-at-15.08.19-900x675.jpeg\" alt=\"\" class=\"wp-image-63913 lazyload\"\/><\/figure>\n\n\n\n<figure class=\"wp-block-image size-large\"><img decoding=\"async\" data-id=\"63915\" src=\"data:image\/gif;base64,R0lGODlhAQABAAAAACH5BAEKAAEALAAAAAABAAEAAAICTAEAOw==\" data-src=\"https:\/\/buletin.de\/bucuresti\/wp-content\/uploads\/WhatsApp-Image-2023-08-30-at-15.08.20-900x678.jpeg\" alt=\"\" class=\"wp-image-63915 lazyload\"\/><\/figure>\n\n\n\n<figure class=\"wp-block-image size-large\"><img decoding=\"async\" data-id=\"63916\" src=\"data:image\/gif;base64,R0lGODlhAQABAAAAACH5BAEKAAEALAAAAAABAAEAAAICTAEAOw==\" data-src=\"https:\/\/buletin.de\/bucuresti\/wp-content\/uploads\/WhatsApp-Image-2023-08-30-at-15.08.20-1-900x675.jpeg\" alt=\"\" class=\"wp-image-63916 lazyload\"\/><\/figure>\n\n\n\n<figure class=\"wp-block-image size-large\"><img decoding=\"async\" data-id=\"63914\" src=\"data:image\/gif;base64,R0lGODlhAQABAAAAACH5BAEKAAEALAAAAAABAAEAAAICTAEAOw==\" data-src=\"https:\/\/buletin.de\/bucuresti\/wp-content\/uploads\/WhatsApp-Image-2023-08-30-at-15.08.19-1-900x675.jpeg\" alt=\"\" class=\"wp-image-63914 lazyload\"\/><\/figure>\n<\/figure>\n\n\n\n<p>Zona a fost pierdut\u0103  definitiv de Prim\u0103ria Sectorului 3 \u00een 2022, dup\u0103 o serie de procese care s-au \u00eentins pe o durat\u0103 de 10 ani, conform unei decizii pronun\u021bate de Instan\u021ba Suprem\u0103. Judec\u0103torii ar fi stabilit c\u0103 Prim\u0103ria Sectorului 3, deoarece nu a fost administratorul terenului \u00eenainte de retrocedare, nu are calitate procesual\u0103 \u00een aceast\u0103 cauz\u0103.<\/p>\n\n\n\n<figure class=\"wp-block-image size-large\"><img decoding=\"async\" src=\"data:image\/gif;base64,R0lGODlhAQABAAAAACH5BAEKAAEALAAAAAABAAEAAAICTAEAOw==\" data-src=\"https:\/\/buletin.de\/bucuresti\/wp-content\/uploads\/IMG_20230830_121832596-900x678.jpg\" alt=\"\" class=\"wp-image-63896 lazyload\"\/><\/figure>\n","protected":false},"excerpt":{"rendered":"<p>\u00cen seara zilei de mar\u021bi, 29 august, a avut loc al doilea incendiu din zona retrocedat\u0103 de parc Alexandru Ioan Cuza (IOR), din luna august. 4.000 mp au fost afecta\u021bi. \u00cen zona retrocedat\u0103 a parcului copacii sunt otr\u0103vi\u021bi, se taie ilegal copaci \u0219i au loc aproape lunar incendii. Conform panourilor afi\u0219ate la fa\u021ba locului, pe [&hellip;]<\/p>\n","protected":false},"author":47,"featured_media":62233,"comment_status":"open","ping_status":"open","sticky":false,"template":"","format":"standard","meta":{"_acf_changed":false,"inline_featured_image":false,"ngg_post_thumbnail":0,"footnotes":""},"categories":[24],"tags":[9,341,5726,3121,6845,6846,6660],"ppma_author":[22580],"class_list":["post-62219","post","type-post","status-publish","format-standard","has-post-thumbnail","hentry","category-primarie","tag-bucuresti","tag-incendiu","tag-ior","tag-parc","tag-retrocedari","tag-sctorul-3","tag-zona-retrocedata"],"acf":[],"yoast_head":"<!-- This site is optimized with the Yoast SEO Premium plugin v25.3 (Yoast SEO v27.5) - https:\/\/yoast.com\/product\/yoast-seo-premium-wordpress\/ -->\n<title>FOTO | Zona retrocedat\u0103 a Parcului IOR, la o zi de la incendiu - Buletin de Bucure\u0219ti<\/title>\n<meta name=\"robots\" content=\"index, follow, max-snippet:-1, max-image-preview:large, max-video-preview:-1\" \/>\n<link rel=\"canonical\" href=\"https:\/\/buletin.de\/bucuresti\/foto-zona-retrocedata-a-parcului-ior-la-o-zi-de-la-incendiu\/\" \/>\n<meta property=\"og:locale\" content=\"en_GB\" \/>\n<meta property=\"og:type\" content=\"article\" \/>\n<meta property=\"og:title\" content=\"FOTO | Zona retrocedat\u0103 a Parcului IOR, la o zi de la incendiu\" \/>\n<meta property=\"og:description\" content=\"\u00cen seara zilei de mar\u021bi, 29 august, a avut loc al doilea incendiu din zona retrocedat\u0103 de parc Alexandru Ioan Cuza (IOR), din luna august. 4.000 mp au fost afecta\u021bi. \u00cen zona retrocedat\u0103 a parcului copacii sunt otr\u0103vi\u021bi, se taie ilegal copaci \u0219i au loc aproape lunar incendii. Conform panourilor afi\u0219ate la fa\u021ba locului, pe [&hellip;]\" \/>\n<meta property=\"og:url\" content=\"https:\/\/buletin.de\/bucuresti\/foto-zona-retrocedata-a-parcului-ior-la-o-zi-de-la-incendiu\/\" \/>\n<meta property=\"og:site_name\" content=\"Buletin de Bucure\u0219ti\" \/>\n<meta property=\"article:publisher\" content=\"https:\/\/www.facebook.com\/buletin.de.buc\" \/>\n<meta property=\"article:published_time\" content=\"2023-08-30T10:35:32+00:00\" \/>\n<meta property=\"article:modified_time\" content=\"2023-09-18T11:55:32+00:00\" \/>\n<meta property=\"og:image\" content=\"https:\/\/buletin.de\/bucuresti\/wp-content\/uploads\/IMG_20230830_123209346-01.jpeg\" \/>\n\t<meta property=\"og:image:width\" content=\"2000\" \/>\n\t<meta property=\"og:image:height\" content=\"1506\" \/>\n\t<meta property=\"og:image:type\" content=\"image\/jpeg\" \/>\n<meta name=\"author\" content=\"Adina C\u0103p\u00eelnean\" \/>\n<meta name=\"twitter:card\" content=\"summary_large_image\" \/>\n<meta name=\"twitter:label1\" content=\"Written by\" \/>\n\t<meta name=\"twitter:data1\" content=\"Adina C\u0103p\u00eelnean\" \/>\n\t<meta name=\"twitter:label2\" content=\"Estimated reading time\" \/>\n\t<meta name=\"twitter:data2\" content=\"5 minutes\" \/>\n<script type=\"application\/ld+json\" class=\"yoast-schema-graph\">{\"@context\":\"https:\\\/\\\/schema.org\",\"@graph\":[{\"@type\":\"Article\",\"@id\":\"https:\\\/\\\/buletin.de\\\/bucuresti\\\/foto-zona-retrocedata-a-parcului-ior-la-o-zi-de-la-incendiu\\\/#article\",\"isPartOf\":{\"@id\":\"https:\\\/\\\/buletin.de\\\/bucuresti\\\/foto-zona-retrocedata-a-parcului-ior-la-o-zi-de-la-incendiu\\\/\"},\"author\":{\"name\":\"Adina C\u0103p\u00eelnean\",\"@id\":\"https:\\\/\\\/buletin.de\\\/bucuresti\\\/#\\\/schema\\\/person\\\/ab174cf6711728e4ee83d672acf9a912\"},\"headline\":\"FOTO | Zona retrocedat\u0103 a Parcului IOR, la o zi de la incendiu\",\"datePublished\":\"2023-08-30T10:35:32+00:00\",\"dateModified\":\"2023-09-18T11:55:32+00:00\",\"mainEntityOfPage\":{\"@id\":\"https:\\\/\\\/buletin.de\\\/bucuresti\\\/foto-zona-retrocedata-a-parcului-ior-la-o-zi-de-la-incendiu\\\/\"},\"wordCount\":453,\"commentCount\":1,\"publisher\":{\"@id\":\"https:\\\/\\\/buletin.de\\\/bucuresti\\\/#organization\"},\"image\":{\"@id\":\"https:\\\/\\\/buletin.de\\\/bucuresti\\\/foto-zona-retrocedata-a-parcului-ior-la-o-zi-de-la-incendiu\\\/#primaryimage\"},\"thumbnailUrl\":\"https:\\\/\\\/buletin.de\\\/bucuresti\\\/wp-content\\\/uploads\\\/IMG_20230830_123209346-01.jpeg\",\"keywords\":[\"bucuresti\",\"incendiu\",\"IOR\",\"Parc\",\"Retroced\u0103ri\",\"Sctorul 3\",\"zona retrocedata\"],\"articleSection\":[\"Prim\u0103rie\"],\"inLanguage\":\"en-GB\",\"potentialAction\":[{\"@type\":\"CommentAction\",\"name\":\"Comment\",\"target\":[\"https:\\\/\\\/buletin.de\\\/bucuresti\\\/foto-zona-retrocedata-a-parcului-ior-la-o-zi-de-la-incendiu\\\/#respond\"]}],\"copyrightYear\":\"2023\",\"copyrightHolder\":{\"@id\":\"https:\\\/\\\/buletin.de\\\/bucuresti\\\/#organization\"}},{\"@type\":\"WebPage\",\"@id\":\"https:\\\/\\\/buletin.de\\\/bucuresti\\\/foto-zona-retrocedata-a-parcului-ior-la-o-zi-de-la-incendiu\\\/\",\"url\":\"https:\\\/\\\/buletin.de\\\/bucuresti\\\/foto-zona-retrocedata-a-parcului-ior-la-o-zi-de-la-incendiu\\\/\",\"name\":\"FOTO | Zona retrocedat\u0103 a Parcului IOR, la o zi de la incendiu - Buletin de Bucure\u0219ti\",\"isPartOf\":{\"@id\":\"https:\\\/\\\/buletin.de\\\/bucuresti\\\/#website\"},\"primaryImageOfPage\":{\"@id\":\"https:\\\/\\\/buletin.de\\\/bucuresti\\\/foto-zona-retrocedata-a-parcului-ior-la-o-zi-de-la-incendiu\\\/#primaryimage\"},\"image\":{\"@id\":\"https:\\\/\\\/buletin.de\\\/bucuresti\\\/foto-zona-retrocedata-a-parcului-ior-la-o-zi-de-la-incendiu\\\/#primaryimage\"},\"thumbnailUrl\":\"https:\\\/\\\/buletin.de\\\/bucuresti\\\/wp-content\\\/uploads\\\/IMG_20230830_123209346-01.jpeg\",\"datePublished\":\"2023-08-30T10:35:32+00:00\",\"dateModified\":\"2023-09-18T11:55:32+00:00\",\"breadcrumb\":{\"@id\":\"https:\\\/\\\/buletin.de\\\/bucuresti\\\/foto-zona-retrocedata-a-parcului-ior-la-o-zi-de-la-incendiu\\\/#breadcrumb\"},\"inLanguage\":\"en-GB\",\"potentialAction\":[{\"@type\":\"ReadAction\",\"target\":[\"https:\\\/\\\/buletin.de\\\/bucuresti\\\/foto-zona-retrocedata-a-parcului-ior-la-o-zi-de-la-incendiu\\\/\"]}]},{\"@type\":\"ImageObject\",\"inLanguage\":\"en-GB\",\"@id\":\"https:\\\/\\\/buletin.de\\\/bucuresti\\\/foto-zona-retrocedata-a-parcului-ior-la-o-zi-de-la-incendiu\\\/#primaryimage\",\"url\":\"https:\\\/\\\/buletin.de\\\/bucuresti\\\/wp-content\\\/uploads\\\/IMG_20230830_123209346-01.jpeg\",\"contentUrl\":\"https:\\\/\\\/buletin.de\\\/bucuresti\\\/wp-content\\\/uploads\\\/IMG_20230830_123209346-01.jpeg\",\"width\":2000,\"height\":1506},{\"@type\":\"BreadcrumbList\",\"@id\":\"https:\\\/\\\/buletin.de\\\/bucuresti\\\/foto-zona-retrocedata-a-parcului-ior-la-o-zi-de-la-incendiu\\\/#breadcrumb\",\"itemListElement\":[{\"@type\":\"ListItem\",\"position\":1,\"name\":\"Acas\u0103\",\"item\":\"https:\\\/\\\/buletin.de\\\/bucuresti\\\/\"},{\"@type\":\"ListItem\",\"position\":2,\"name\":\"FOTO | Zona retrocedat\u0103 a Parcului IOR, la o zi de la incendiu\"}]},{\"@type\":\"WebSite\",\"@id\":\"https:\\\/\\\/buletin.de\\\/bucuresti\\\/#website\",\"url\":\"https:\\\/\\\/buletin.de\\\/bucuresti\\\/\",\"name\":\"Buletin de Bucure\u0219ti\",\"description\":\"\u0218tiri \u0219i investiga\u021bii esen\u021biale din capital\u0103\",\"publisher\":{\"@id\":\"https:\\\/\\\/buletin.de\\\/bucuresti\\\/#organization\"},\"potentialAction\":[{\"@type\":\"SearchAction\",\"target\":{\"@type\":\"EntryPoint\",\"urlTemplate\":\"https:\\\/\\\/buletin.de\\\/bucuresti\\\/?s={search_term_string}\"},\"query-input\":{\"@type\":\"PropertyValueSpecification\",\"valueRequired\":true,\"valueName\":\"search_term_string\"}}],\"inLanguage\":\"en-GB\"},{\"@type\":\"Organization\",\"@id\":\"https:\\\/\\\/buletin.de\\\/bucuresti\\\/#organization\",\"name\":\"Buletin de Bucure\u0219ti\",\"url\":\"https:\\\/\\\/buletin.de\\\/bucuresti\\\/\",\"logo\":{\"@type\":\"ImageObject\",\"inLanguage\":\"en-GB\",\"@id\":\"https:\\\/\\\/buletin.de\\\/bucuresti\\\/#\\\/schema\\\/logo\\\/image\\\/\",\"url\":\"https:\\\/\\\/buletin.de\\\/bucuresti\\\/wp-content\\\/uploads\\\/logo-bdb-full-wide-vernil-transparent.png\",\"contentUrl\":\"https:\\\/\\\/buletin.de\\\/bucuresti\\\/wp-content\\\/uploads\\\/logo-bdb-full-wide-vernil-transparent.png\",\"width\":1782,\"height\":626,\"caption\":\"Buletin de Bucure\u0219ti\"},\"image\":{\"@id\":\"https:\\\/\\\/buletin.de\\\/bucuresti\\\/#\\\/schema\\\/logo\\\/image\\\/\"},\"sameAs\":[\"https:\\\/\\\/www.facebook.com\\\/buletin.de.buc\",\"https:\\\/\\\/www.instagram.com\\\/buletinde.bucuresti\\\/\"]},{\"@type\":\"Person\",\"@id\":\"https:\\\/\\\/buletin.de\\\/bucuresti\\\/#\\\/schema\\\/person\\\/ab174cf6711728e4ee83d672acf9a912\",\"name\":\"Adina C\u0103p\u00eelnean\",\"image\":{\"@type\":\"ImageObject\",\"inLanguage\":\"en-GB\",\"@id\":\"https:\\\/\\\/secure.gravatar.com\\\/avatar\\\/4fe9675d6282fd7c1aa4e486a037d532d5728fc16a30360f293eb6126b2e73ad?s=96&d=monsterid&r=ge2b23868508aec3460d3c6a11d3b599a\",\"url\":\"https:\\\/\\\/secure.gravatar.com\\\/avatar\\\/4fe9675d6282fd7c1aa4e486a037d532d5728fc16a30360f293eb6126b2e73ad?s=96&d=monsterid&r=g\",\"contentUrl\":\"https:\\\/\\\/secure.gravatar.com\\\/avatar\\\/4fe9675d6282fd7c1aa4e486a037d532d5728fc16a30360f293eb6126b2e73ad?s=96&d=monsterid&r=g\",\"caption\":\"Adina C\u0103p\u00eelnean\"},\"url\":\"https:\\\/\\\/buletin.de\\\/bucuresti\\\/author\\\/adinacapilnean\\\/\"}]}<\/script>\n<!-- \/ Yoast SEO Premium plugin. -->","yoast_head_json":{"title":"FOTO | Zona retrocedat\u0103 a Parcului IOR, la o zi de la incendiu - Buletin de Bucure\u0219ti","robots":{"index":"index","follow":"follow","max-snippet":"max-snippet:-1","max-image-preview":"max-image-preview:large","max-video-preview":"max-video-preview:-1"},"canonical":"https:\/\/buletin.de\/bucuresti\/foto-zona-retrocedata-a-parcului-ior-la-o-zi-de-la-incendiu\/","og_locale":"en_GB","og_type":"article","og_title":"FOTO | Zona retrocedat\u0103 a Parcului IOR, la o zi de la incendiu","og_description":"\u00cen seara zilei de mar\u021bi, 29 august, a avut loc al doilea incendiu din zona retrocedat\u0103 de parc Alexandru Ioan Cuza (IOR), din luna august. 4.000 mp au fost afecta\u021bi. \u00cen zona retrocedat\u0103 a parcului copacii sunt otr\u0103vi\u021bi, se taie ilegal copaci \u0219i au loc aproape lunar incendii. Conform panourilor afi\u0219ate la fa\u021ba locului, pe [&hellip;]","og_url":"https:\/\/buletin.de\/bucuresti\/foto-zona-retrocedata-a-parcului-ior-la-o-zi-de-la-incendiu\/","og_site_name":"Buletin de Bucure\u0219ti","article_publisher":"https:\/\/www.facebook.com\/buletin.de.buc","article_published_time":"2023-08-30T10:35:32+00:00","article_modified_time":"2023-09-18T11:55:32+00:00","og_image":[{"width":2000,"height":1506,"url":"https:\/\/buletin.de\/bucuresti\/wp-content\/uploads\/IMG_20230830_123209346-01.jpeg","type":"image\/jpeg"}],"author":"Adina C\u0103p\u00eelnean","twitter_card":"summary_large_image","twitter_misc":{"Written by":"Adina C\u0103p\u00eelnean","Estimated reading time":"5 minutes"},"schema":{"@context":"https:\/\/schema.org","@graph":[{"@type":"Article","@id":"https:\/\/buletin.de\/bucuresti\/foto-zona-retrocedata-a-parcului-ior-la-o-zi-de-la-incendiu\/#article","isPartOf":{"@id":"https:\/\/buletin.de\/bucuresti\/foto-zona-retrocedata-a-parcului-ior-la-o-zi-de-la-incendiu\/"},"author":{"name":"Adina C\u0103p\u00eelnean","@id":"https:\/\/buletin.de\/bucuresti\/#\/schema\/person\/ab174cf6711728e4ee83d672acf9a912"},"headline":"FOTO | Zona retrocedat\u0103 a Parcului IOR, la o zi de la incendiu","datePublished":"2023-08-30T10:35:32+00:00","dateModified":"2023-09-18T11:55:32+00:00","mainEntityOfPage":{"@id":"https:\/\/buletin.de\/bucuresti\/foto-zona-retrocedata-a-parcului-ior-la-o-zi-de-la-incendiu\/"},"wordCount":453,"commentCount":1,"publisher":{"@id":"https:\/\/buletin.de\/bucuresti\/#organization"},"image":{"@id":"https:\/\/buletin.de\/bucuresti\/foto-zona-retrocedata-a-parcului-ior-la-o-zi-de-la-incendiu\/#primaryimage"},"thumbnailUrl":"https:\/\/buletin.de\/bucuresti\/wp-content\/uploads\/IMG_20230830_123209346-01.jpeg","keywords":["bucuresti","incendiu","IOR","Parc","Retroced\u0103ri","Sctorul 3","zona retrocedata"],"articleSection":["Prim\u0103rie"],"inLanguage":"en-GB","potentialAction":[{"@type":"CommentAction","name":"Comment","target":["https:\/\/buletin.de\/bucuresti\/foto-zona-retrocedata-a-parcului-ior-la-o-zi-de-la-incendiu\/#respond"]}],"copyrightYear":"2023","copyrightHolder":{"@id":"https:\/\/buletin.de\/bucuresti\/#organization"}},{"@type":"WebPage","@id":"https:\/\/buletin.de\/bucuresti\/foto-zona-retrocedata-a-parcului-ior-la-o-zi-de-la-incendiu\/","url":"https:\/\/buletin.de\/bucuresti\/foto-zona-retrocedata-a-parcului-ior-la-o-zi-de-la-incendiu\/","name":"FOTO | Zona retrocedat\u0103 a Parcului IOR, la o zi de la incendiu - Buletin de Bucure\u0219ti","isPartOf":{"@id":"https:\/\/buletin.de\/bucuresti\/#website"},"primaryImageOfPage":{"@id":"https:\/\/buletin.de\/bucuresti\/foto-zona-retrocedata-a-parcului-ior-la-o-zi-de-la-incendiu\/#primaryimage"},"image":{"@id":"https:\/\/buletin.de\/bucuresti\/foto-zona-retrocedata-a-parcului-ior-la-o-zi-de-la-incendiu\/#primaryimage"},"thumbnailUrl":"https:\/\/buletin.de\/bucuresti\/wp-content\/uploads\/IMG_20230830_123209346-01.jpeg","datePublished":"2023-08-30T10:35:32+00:00","dateModified":"2023-09-18T11:55:32+00:00","breadcrumb":{"@id":"https:\/\/buletin.de\/bucuresti\/foto-zona-retrocedata-a-parcului-ior-la-o-zi-de-la-incendiu\/#breadcrumb"},"inLanguage":"en-GB","potentialAction":[{"@type":"ReadAction","target":["https:\/\/buletin.de\/bucuresti\/foto-zona-retrocedata-a-parcului-ior-la-o-zi-de-la-incendiu\/"]}]},{"@type":"ImageObject","inLanguage":"en-GB","@id":"https:\/\/buletin.de\/bucuresti\/foto-zona-retrocedata-a-parcului-ior-la-o-zi-de-la-incendiu\/#primaryimage","url":"https:\/\/buletin.de\/bucuresti\/wp-content\/uploads\/IMG_20230830_123209346-01.jpeg","contentUrl":"https:\/\/buletin.de\/bucuresti\/wp-content\/uploads\/IMG_20230830_123209346-01.jpeg","width":2000,"height":1506},{"@type":"BreadcrumbList","@id":"https:\/\/buletin.de\/bucuresti\/foto-zona-retrocedata-a-parcului-ior-la-o-zi-de-la-incendiu\/#breadcrumb","itemListElement":[{"@type":"ListItem","position":1,"name":"Acas\u0103","item":"https:\/\/buletin.de\/bucuresti\/"},{"@type":"ListItem","position":2,"name":"FOTO | Zona retrocedat\u0103 a Parcului IOR, la o zi de la incendiu"}]},{"@type":"WebSite","@id":"https:\/\/buletin.de\/bucuresti\/#website","url":"https:\/\/buletin.de\/bucuresti\/","name":"Buletin de Bucure\u0219ti","description":"\u0218tiri \u0219i investiga\u021bii esen\u021biale din capital\u0103","publisher":{"@id":"https:\/\/buletin.de\/bucuresti\/#organization"},"potentialAction":[{"@type":"SearchAction","target":{"@type":"EntryPoint","urlTemplate":"https:\/\/buletin.de\/bucuresti\/?s={search_term_string}"},"query-input":{"@type":"PropertyValueSpecification","valueRequired":true,"valueName":"search_term_string"}}],"inLanguage":"en-GB"},{"@type":"Organization","@id":"https:\/\/buletin.de\/bucuresti\/#organization","name":"Buletin de Bucure\u0219ti","url":"https:\/\/buletin.de\/bucuresti\/","logo":{"@type":"ImageObject","inLanguage":"en-GB","@id":"https:\/\/buletin.de\/bucuresti\/#\/schema\/logo\/image\/","url":"https:\/\/buletin.de\/bucuresti\/wp-content\/uploads\/logo-bdb-full-wide-vernil-transparent.png","contentUrl":"https:\/\/buletin.de\/bucuresti\/wp-content\/uploads\/logo-bdb-full-wide-vernil-transparent.png","width":1782,"height":626,"caption":"Buletin de Bucure\u0219ti"},"image":{"@id":"https:\/\/buletin.de\/bucuresti\/#\/schema\/logo\/image\/"},"sameAs":["https:\/\/www.facebook.com\/buletin.de.buc","https:\/\/www.instagram.com\/buletinde.bucuresti\/"]},{"@type":"Person","@id":"https:\/\/buletin.de\/bucuresti\/#\/schema\/person\/ab174cf6711728e4ee83d672acf9a912","name":"Adina C\u0103p\u00eelnean","image":{"@type":"ImageObject","inLanguage":"en-GB","@id":"https:\/\/secure.gravatar.com\/avatar\/4fe9675d6282fd7c1aa4e486a037d532d5728fc16a30360f293eb6126b2e73ad?s=96&d=monsterid&r=ge2b23868508aec3460d3c6a11d3b599a","url":"https:\/\/secure.gravatar.com\/avatar\/4fe9675d6282fd7c1aa4e486a037d532d5728fc16a30360f293eb6126b2e73ad?s=96&d=monsterid&r=g","contentUrl":"https:\/\/secure.gravatar.com\/avatar\/4fe9675d6282fd7c1aa4e486a037d532d5728fc16a30360f293eb6126b2e73ad?s=96&d=monsterid&r=g","caption":"Adina C\u0103p\u00eelnean"},"url":"https:\/\/buletin.de\/bucuresti\/author\/adinacapilnean\/"}]}},"authors":[{"term_id":22580,"user_id":47,"is_guest":0,"slug":"adinacapilnean","display_name":"Adina C\u0103p\u00eelnean","avatar_url":"https:\/\/secure.gravatar.com\/avatar\/4fe9675d6282fd7c1aa4e486a037d532d5728fc16a30360f293eb6126b2e73ad?s=96&d=monsterid&r=g","0":null,"1":"","2":"","3":"","4":"","5":"","6":"","7":"","8":""}],"_links":{"self":[{"href":"https:\/\/buletin.de\/bucuresti\/wp-json\/wp\/v2\/posts\/62219","targetHints":{"allow":["GET"]}}],"collection":[{"href":"https:\/\/buletin.de\/bucuresti\/wp-json\/wp\/v2\/posts"}],"about":[{"href":"https:\/\/buletin.de\/bucuresti\/wp-json\/wp\/v2\/types\/post"}],"author":[{"embeddable":true,"href":"https:\/\/buletin.de\/bucuresti\/wp-json\/wp\/v2\/users\/47"}],"replies":[{"embeddable":true,"href":"https:\/\/buletin.de\/bucuresti\/wp-json\/wp\/v2\/comments?post=62219"}],"version-history":[{"count":1,"href":"https:\/\/buletin.de\/bucuresti\/wp-json\/wp\/v2\/posts\/62219\/revisions"}],"predecessor-version":[{"id":62232,"href":"https:\/\/buletin.de\/bucuresti\/wp-json\/wp\/v2\/posts\/62219\/revisions\/62232"}],"wp:featuredmedia":[{"embeddable":true,"href":"https:\/\/buletin.de\/bucuresti\/wp-json\/wp\/v2\/media\/62233"}],"wp:attachment":[{"href":"https:\/\/buletin.de\/bucuresti\/wp-json\/wp\/v2\/media?parent=62219"}],"wp:term":[{"taxonomy":"category","embeddable":true,"href":"https:\/\/buletin.de\/bucuresti\/wp-json\/wp\/v2\/categories?post=62219"},{"taxonomy":"post_tag","embeddable":true,"href":"https:\/\/buletin.de\/bucuresti\/wp-json\/wp\/v2\/tags?post=62219"},{"taxonomy":"author","embeddable":true,"href":"https:\/\/buletin.de\/bucuresti\/wp-json\/wp\/v2\/ppma_author?post=62219"}],"curies":[{"name":"wp","href":"https:\/\/api.w.org\/{rel}","templated":true}]}}