{"id":62215,"date":"2023-08-30T09:54:28","date_gmt":"2023-08-30T07:54:28","guid":{"rendered":"https:\/\/buletin.de\/bucuresti\/inspectia-muncii-face-controale-si-la-benzinariile-din-capitala\/"},"modified":"2023-08-30T09:54:28","modified_gmt":"2023-08-30T07:54:28","slug":"inspectia-muncii-face-controale-si-la-benzinariile-din-capitala","status":"publish","type":"post","link":"https:\/\/buletin.de\/bucuresti\/inspectia-muncii-face-controale-si-la-benzinariile-din-capitala\/","title":{"rendered":"Inspec\u0163ia Muncii face controale \u015fi la benzin\u0103riile din Capital\u0103"},"content":{"rendered":"\n<p><strong>Inspectorii de munc\u0103 vor controla, in perioada 28 august &#8211; 8 septembrie, unit\u0103\u0163ile economice care presteaz\u0103 activit\u0103\u0163ile privind comer\u0163ul cu ridicata al combustibililor lichizi \u015fi gazo\u015fi. De asemenea, va fi controlat \u015fi comer\u0163ul cu am\u0103nuntul al carburan\u0163ilor pentru autovehicule, \u00een magazine specializate.<\/strong><\/p>\n\n\n\n<p><strong>Inspectorii vor lua in calcul:<\/strong><\/p>\n\n\n\n<ul class=\"wp-block-list\">\n<li>angajarea personalului (contracte individuale de munc\u0103 cu norm\u0103 \u00eentreag\u0103, contracte individuale de munc\u0103 cu timp par\u0163ial etc.); <\/li>\n\n\n\n<li>transmiterea, \u00een termenul legal, a contractelor individuale de munc\u0103 \u00een registrul general de eviden\u0163\u0103 a salaria\u0163ilor; <\/li>\n\n\n\n<li>durata timpului de munc\u0103 \u015fi munca suplimentar\u0103; <\/li>\n\n\n\n<li>\u00eentocmirea eviden\u0163ei orelor de munc\u0103 prestate de salaria\u0163i; <\/li>\n\n\n\n<li>repausuri periodice (repausul s\u0103pt\u0103m\u00e2nal, s\u0103rb\u0103tori legale); <\/li>\n\n\n\n<li>munca de noapte; <\/li>\n\n\n\n<li>acordarea drepturilor salariale \u015fi regulamentul intern\/contract colectiv de munc\u0103 \u00eencheiat la nivel de unitate.<\/li>\n<\/ul>\n\n\n\n<p><strong>\u00cen domeniul Securitatii si S\u0103n\u0103t\u0103tii \u00een Munc\u0103, inspectorii vor verifica:<\/strong><\/p>\n\n\n\n<ul class=\"wp-block-list\">\n<li>de\u0163inerea autoriza\u0163iei de func\u0163ionare din punct de vedere al securit\u0103\u0163ii \u015fi s\u0103n\u0103t\u0103\u0163ii \u00een munc\u0103; <\/li>\n\n\n\n<li>evaluarea riscurilor specifice, lu\u00e2nd \u00een considerare riscurile generate de atmosferele explozive; <\/li>\n\n\n\n<li>\u00eentocmirea planului de prevenire \u015fi protec\u0163ie;<\/li>\n\n\n\n<li>eviden\u0163ierea zonelor cu risc ridicat \u015fi specific;<\/li>\n\n\n\n<li>existen\u0163a instruc\u0163iunilor scrise emise de angajator, privind folosirea surselor de foc deschis \u015fi fumatul la locurile de munc\u0103;<\/li>\n\n\n\n<li>asigurarea, de c\u0103tre angajator, a instruirii adecvate \u00een domeniul SSM, cu prec\u0103dere a instruirii cu privire la protec\u0163ia \u00eempotriva exploziilor; <\/li>\n\n\n\n<li>asigurarea echipamentului individual de protec\u0163ie; <\/li>\n\n\n\n<li>asigurarea semnaliz\u0103rii de securitate \u015fi s\u0103n\u0103tate la locul de munc\u0103, inclusiv pentru locurile unde pot ap\u0103rea atmosfere explozive.<\/li>\n<\/ul>\n\n\n\n<p><em>&nbsp;\u201eAv\u00e2nd \u00een vedere evenimentele care au avut loc \u00een ultima perioad\u0103 \u0219i care au avut consecin\u021be grave asupra s\u0103n\u0103t\u0103\u021bii \u0219i securit\u0103\u021bii lucr\u0103torilor, precum \u0219i asupra altor persoane aflate \u00een apropierea locurilor \u00een care au avut loc astfel de evenimente, consider\u0103m c\u0103 se impune intensificarea ac\u0163iunilor de control privind verificarea respect\u0103rii prevederilor legale care reglementeaz\u0103 rela\u021biile de munc\u0103 \u0219i securitatea<br>\u0219i s\u0103n\u0103tatea \u00een munc\u0103 \u0219i \u00een domenii care nu au fost considerate cu risc major din perspectiva competen\u021belor Inspec\u021biei Muncii, dar \u00een care se pot produce evenimente cu consecin\u021be deosebite\u201d<\/em>, se arat\u0103 in comunicatul institutiei.<\/p>\n","protected":false},"excerpt":{"rendered":"<p>Inspectorii de munc\u0103 vor controla, in perioada 28 august &#8211; 8 septembrie, unit\u0103\u0163ile economice care presteaz\u0103 activit\u0103\u0163ile privind comer\u0163ul cu ridicata al combustibililor lichizi \u015fi gazo\u015fi. De asemenea, va fi controlat \u015fi comer\u0163ul cu am\u0103nuntul al carburan\u0163ilor pentru autovehicule, \u00een magazine specializate. Inspectorii vor lua in calcul: \u00cen domeniul Securitatii si S\u0103n\u0103t\u0103tii \u00een Munc\u0103, inspectorii [&hellip;]<\/p>\n","protected":false},"author":49,"featured_media":62216,"comment_status":"open","ping_status":"open","sticky":false,"template":"","format":"standard","meta":{"_acf_changed":false,"inline_featured_image":false,"ngg_post_thumbnail":0,"footnotes":""},"categories":[62],"tags":[6810,6843,6814],"ppma_author":[22574],"class_list":["post-62215","post","type-post","status-publish","format-standard","has-post-thumbnail","hentry","category-stiri","tag-benzinarii","tag-inspectia-muncii","tag-statii-gpl"],"acf":[],"yoast_head":"<!-- This site is optimized with the Yoast SEO Premium plugin v25.3 (Yoast SEO v27.4) - https:\/\/yoast.com\/product\/yoast-seo-premium-wordpress\/ -->\n<title>Inspec\u0163ia Muncii face controale \u015fi la benzin\u0103riile din Capital\u0103 - Buletin de Bucure\u0219ti<\/title>\n<meta name=\"robots\" content=\"index, follow, max-snippet:-1, max-image-preview:large, max-video-preview:-1\" \/>\n<link rel=\"canonical\" href=\"https:\/\/buletin.de\/bucuresti\/inspectia-muncii-face-controale-si-la-benzinariile-din-capitala\/\" \/>\n<meta property=\"og:locale\" content=\"en_GB\" \/>\n<meta property=\"og:type\" content=\"article\" \/>\n<meta property=\"og:title\" content=\"Inspec\u0163ia Muncii face controale \u015fi la benzin\u0103riile din Capital\u0103\" \/>\n<meta property=\"og:description\" content=\"Inspectorii de munc\u0103 vor controla, in perioada 28 august &#8211; 8 septembrie, unit\u0103\u0163ile economice care presteaz\u0103 activit\u0103\u0163ile privind comer\u0163ul cu ridicata al combustibililor lichizi \u015fi gazo\u015fi. De asemenea, va fi controlat \u015fi comer\u0163ul cu am\u0103nuntul al carburan\u0163ilor pentru autovehicule, \u00een magazine specializate. Inspectorii vor lua in calcul: \u00cen domeniul Securitatii si S\u0103n\u0103t\u0103tii \u00een Munc\u0103, inspectorii [&hellip;]\" \/>\n<meta property=\"og:url\" content=\"https:\/\/buletin.de\/bucuresti\/inspectia-muncii-face-controale-si-la-benzinariile-din-capitala\/\" \/>\n<meta property=\"og:site_name\" content=\"Buletin de Bucure\u0219ti\" \/>\n<meta property=\"article:publisher\" content=\"https:\/\/www.facebook.com\/buletin.de.buc\" \/>\n<meta property=\"article:published_time\" content=\"2023-08-30T07:54:28+00:00\" \/>\n<meta property=\"og:image\" content=\"https:\/\/buletin.de\/bucuresti\/wp-content\/uploads\/benzinarie.jpeg\" \/>\n\t<meta property=\"og:image:width\" content=\"400\" \/>\n\t<meta property=\"og:image:height\" content=\"599\" \/>\n\t<meta property=\"og:image:type\" content=\"image\/jpeg\" \/>\n<meta name=\"author\" content=\"Diana Matei\" \/>\n<meta name=\"twitter:card\" content=\"summary_large_image\" \/>\n<meta name=\"twitter:label1\" content=\"Written by\" \/>\n\t<meta name=\"twitter:data1\" content=\"Diana Matei\" \/>\n\t<meta name=\"twitter:label2\" content=\"Estimated reading time\" \/>\n\t<meta name=\"twitter:data2\" content=\"2 minutes\" \/>\n<script type=\"application\/ld+json\" class=\"yoast-schema-graph\">{\"@context\":\"https:\\\/\\\/schema.org\",\"@graph\":[{\"@type\":\"Article\",\"@id\":\"https:\\\/\\\/buletin.de\\\/bucuresti\\\/inspectia-muncii-face-controale-si-la-benzinariile-din-capitala\\\/#article\",\"isPartOf\":{\"@id\":\"https:\\\/\\\/buletin.de\\\/bucuresti\\\/inspectia-muncii-face-controale-si-la-benzinariile-din-capitala\\\/\"},\"author\":{\"name\":\"Diana Matei\",\"@id\":\"https:\\\/\\\/buletin.de\\\/bucuresti\\\/#\\\/schema\\\/person\\\/7e46040573290777280a0835d81ea4ea\"},\"headline\":\"Inspec\u0163ia Muncii face controale \u015fi la benzin\u0103riile din Capital\u0103\",\"datePublished\":\"2023-08-30T07:54:28+00:00\",\"mainEntityOfPage\":{\"@id\":\"https:\\\/\\\/buletin.de\\\/bucuresti\\\/inspectia-muncii-face-controale-si-la-benzinariile-din-capitala\\\/\"},\"wordCount\":387,\"commentCount\":0,\"publisher\":{\"@id\":\"https:\\\/\\\/buletin.de\\\/bucuresti\\\/#organization\"},\"image\":{\"@id\":\"https:\\\/\\\/buletin.de\\\/bucuresti\\\/inspectia-muncii-face-controale-si-la-benzinariile-din-capitala\\\/#primaryimage\"},\"thumbnailUrl\":\"https:\\\/\\\/buletin.de\\\/bucuresti\\\/wp-content\\\/uploads\\\/benzinarie.jpeg\",\"keywords\":[\"Benzin\u0103rii\",\"inspectia muncii\",\"Sta\u021bii GPL\"],\"articleSection\":[\"\u0218tiri\"],\"inLanguage\":\"en-GB\",\"potentialAction\":[{\"@type\":\"CommentAction\",\"name\":\"Comment\",\"target\":[\"https:\\\/\\\/buletin.de\\\/bucuresti\\\/inspectia-muncii-face-controale-si-la-benzinariile-din-capitala\\\/#respond\"]}],\"copyrightYear\":\"2023\",\"copyrightHolder\":{\"@id\":\"https:\\\/\\\/buletin.de\\\/bucuresti\\\/#organization\"}},{\"@type\":\"WebPage\",\"@id\":\"https:\\\/\\\/buletin.de\\\/bucuresti\\\/inspectia-muncii-face-controale-si-la-benzinariile-din-capitala\\\/\",\"url\":\"https:\\\/\\\/buletin.de\\\/bucuresti\\\/inspectia-muncii-face-controale-si-la-benzinariile-din-capitala\\\/\",\"name\":\"Inspec\u0163ia Muncii face controale \u015fi la benzin\u0103riile din Capital\u0103 - Buletin de Bucure\u0219ti\",\"isPartOf\":{\"@id\":\"https:\\\/\\\/buletin.de\\\/bucuresti\\\/#website\"},\"primaryImageOfPage\":{\"@id\":\"https:\\\/\\\/buletin.de\\\/bucuresti\\\/inspectia-muncii-face-controale-si-la-benzinariile-din-capitala\\\/#primaryimage\"},\"image\":{\"@id\":\"https:\\\/\\\/buletin.de\\\/bucuresti\\\/inspectia-muncii-face-controale-si-la-benzinariile-din-capitala\\\/#primaryimage\"},\"thumbnailUrl\":\"https:\\\/\\\/buletin.de\\\/bucuresti\\\/wp-content\\\/uploads\\\/benzinarie.jpeg\",\"datePublished\":\"2023-08-30T07:54:28+00:00\",\"breadcrumb\":{\"@id\":\"https:\\\/\\\/buletin.de\\\/bucuresti\\\/inspectia-muncii-face-controale-si-la-benzinariile-din-capitala\\\/#breadcrumb\"},\"inLanguage\":\"en-GB\",\"potentialAction\":[{\"@type\":\"ReadAction\",\"target\":[\"https:\\\/\\\/buletin.de\\\/bucuresti\\\/inspectia-muncii-face-controale-si-la-benzinariile-din-capitala\\\/\"]}]},{\"@type\":\"ImageObject\",\"inLanguage\":\"en-GB\",\"@id\":\"https:\\\/\\\/buletin.de\\\/bucuresti\\\/inspectia-muncii-face-controale-si-la-benzinariile-din-capitala\\\/#primaryimage\",\"url\":\"https:\\\/\\\/buletin.de\\\/bucuresti\\\/wp-content\\\/uploads\\\/benzinarie.jpeg\",\"contentUrl\":\"https:\\\/\\\/buletin.de\\\/bucuresti\\\/wp-content\\\/uploads\\\/benzinarie.jpeg\",\"width\":400,\"height\":599},{\"@type\":\"BreadcrumbList\",\"@id\":\"https:\\\/\\\/buletin.de\\\/bucuresti\\\/inspectia-muncii-face-controale-si-la-benzinariile-din-capitala\\\/#breadcrumb\",\"itemListElement\":[{\"@type\":\"ListItem\",\"position\":1,\"name\":\"Acas\u0103\",\"item\":\"https:\\\/\\\/buletin.de\\\/bucuresti\\\/\"},{\"@type\":\"ListItem\",\"position\":2,\"name\":\"Inspec\u0163ia Muncii face controale \u015fi la benzin\u0103riile din Capital\u0103\"}]},{\"@type\":\"WebSite\",\"@id\":\"https:\\\/\\\/buletin.de\\\/bucuresti\\\/#website\",\"url\":\"https:\\\/\\\/buletin.de\\\/bucuresti\\\/\",\"name\":\"Buletin de Bucure\u0219ti\",\"description\":\"\u0218tiri \u0219i investiga\u021bii esen\u021biale din capital\u0103\",\"publisher\":{\"@id\":\"https:\\\/\\\/buletin.de\\\/bucuresti\\\/#organization\"},\"potentialAction\":[{\"@type\":\"SearchAction\",\"target\":{\"@type\":\"EntryPoint\",\"urlTemplate\":\"https:\\\/\\\/buletin.de\\\/bucuresti\\\/?s={search_term_string}\"},\"query-input\":{\"@type\":\"PropertyValueSpecification\",\"valueRequired\":true,\"valueName\":\"search_term_string\"}}],\"inLanguage\":\"en-GB\"},{\"@type\":\"Organization\",\"@id\":\"https:\\\/\\\/buletin.de\\\/bucuresti\\\/#organization\",\"name\":\"Buletin de Bucure\u0219ti\",\"url\":\"https:\\\/\\\/buletin.de\\\/bucuresti\\\/\",\"logo\":{\"@type\":\"ImageObject\",\"inLanguage\":\"en-GB\",\"@id\":\"https:\\\/\\\/buletin.de\\\/bucuresti\\\/#\\\/schema\\\/logo\\\/image\\\/\",\"url\":\"https:\\\/\\\/buletin.de\\\/bucuresti\\\/wp-content\\\/uploads\\\/logo-bdb-full-wide-vernil-transparent.png\",\"contentUrl\":\"https:\\\/\\\/buletin.de\\\/bucuresti\\\/wp-content\\\/uploads\\\/logo-bdb-full-wide-vernil-transparent.png\",\"width\":1782,\"height\":626,\"caption\":\"Buletin de Bucure\u0219ti\"},\"image\":{\"@id\":\"https:\\\/\\\/buletin.de\\\/bucuresti\\\/#\\\/schema\\\/logo\\\/image\\\/\"},\"sameAs\":[\"https:\\\/\\\/www.facebook.com\\\/buletin.de.buc\",\"https:\\\/\\\/www.instagram.com\\\/buletinde.bucuresti\\\/\"]},{\"@type\":\"Person\",\"@id\":\"https:\\\/\\\/buletin.de\\\/bucuresti\\\/#\\\/schema\\\/person\\\/7e46040573290777280a0835d81ea4ea\",\"name\":\"Diana Matei\",\"image\":{\"@type\":\"ImageObject\",\"inLanguage\":\"en-GB\",\"@id\":\"https:\\\/\\\/buletin.de\\\/bucuresti\\\/wp-content\\\/uploads\\\/9-2-96x96.jpg1e8590b30871d70e62ebcdaf2eff570c\",\"url\":\"https:\\\/\\\/buletin.de\\\/bucuresti\\\/wp-content\\\/uploads\\\/9-2-96x96.jpg\",\"contentUrl\":\"https:\\\/\\\/buletin.de\\\/bucuresti\\\/wp-content\\\/uploads\\\/9-2-96x96.jpg\",\"caption\":\"Diana Matei\"},\"url\":\"https:\\\/\\\/buletin.de\\\/bucuresti\\\/author\\\/dianamatei\\\/\"}]}<\/script>\n<!-- \/ Yoast SEO Premium plugin. -->","yoast_head_json":{"title":"Inspec\u0163ia Muncii face controale \u015fi la benzin\u0103riile din Capital\u0103 - Buletin de Bucure\u0219ti","robots":{"index":"index","follow":"follow","max-snippet":"max-snippet:-1","max-image-preview":"max-image-preview:large","max-video-preview":"max-video-preview:-1"},"canonical":"https:\/\/buletin.de\/bucuresti\/inspectia-muncii-face-controale-si-la-benzinariile-din-capitala\/","og_locale":"en_GB","og_type":"article","og_title":"Inspec\u0163ia Muncii face controale \u015fi la benzin\u0103riile din Capital\u0103","og_description":"Inspectorii de munc\u0103 vor controla, in perioada 28 august &#8211; 8 septembrie, unit\u0103\u0163ile economice care presteaz\u0103 activit\u0103\u0163ile privind comer\u0163ul cu ridicata al combustibililor lichizi \u015fi gazo\u015fi. De asemenea, va fi controlat \u015fi comer\u0163ul cu am\u0103nuntul al carburan\u0163ilor pentru autovehicule, \u00een magazine specializate. Inspectorii vor lua in calcul: \u00cen domeniul Securitatii si S\u0103n\u0103t\u0103tii \u00een Munc\u0103, inspectorii [&hellip;]","og_url":"https:\/\/buletin.de\/bucuresti\/inspectia-muncii-face-controale-si-la-benzinariile-din-capitala\/","og_site_name":"Buletin de Bucure\u0219ti","article_publisher":"https:\/\/www.facebook.com\/buletin.de.buc","article_published_time":"2023-08-30T07:54:28+00:00","og_image":[{"width":400,"height":599,"url":"https:\/\/buletin.de\/bucuresti\/wp-content\/uploads\/benzinarie.jpeg","type":"image\/jpeg"}],"author":"Diana Matei","twitter_card":"summary_large_image","twitter_misc":{"Written by":"Diana Matei","Estimated reading time":"2 minutes"},"schema":{"@context":"https:\/\/schema.org","@graph":[{"@type":"Article","@id":"https:\/\/buletin.de\/bucuresti\/inspectia-muncii-face-controale-si-la-benzinariile-din-capitala\/#article","isPartOf":{"@id":"https:\/\/buletin.de\/bucuresti\/inspectia-muncii-face-controale-si-la-benzinariile-din-capitala\/"},"author":{"name":"Diana Matei","@id":"https:\/\/buletin.de\/bucuresti\/#\/schema\/person\/7e46040573290777280a0835d81ea4ea"},"headline":"Inspec\u0163ia Muncii face controale \u015fi la benzin\u0103riile din Capital\u0103","datePublished":"2023-08-30T07:54:28+00:00","mainEntityOfPage":{"@id":"https:\/\/buletin.de\/bucuresti\/inspectia-muncii-face-controale-si-la-benzinariile-din-capitala\/"},"wordCount":387,"commentCount":0,"publisher":{"@id":"https:\/\/buletin.de\/bucuresti\/#organization"},"image":{"@id":"https:\/\/buletin.de\/bucuresti\/inspectia-muncii-face-controale-si-la-benzinariile-din-capitala\/#primaryimage"},"thumbnailUrl":"https:\/\/buletin.de\/bucuresti\/wp-content\/uploads\/benzinarie.jpeg","keywords":["Benzin\u0103rii","inspectia muncii","Sta\u021bii GPL"],"articleSection":["\u0218tiri"],"inLanguage":"en-GB","potentialAction":[{"@type":"CommentAction","name":"Comment","target":["https:\/\/buletin.de\/bucuresti\/inspectia-muncii-face-controale-si-la-benzinariile-din-capitala\/#respond"]}],"copyrightYear":"2023","copyrightHolder":{"@id":"https:\/\/buletin.de\/bucuresti\/#organization"}},{"@type":"WebPage","@id":"https:\/\/buletin.de\/bucuresti\/inspectia-muncii-face-controale-si-la-benzinariile-din-capitala\/","url":"https:\/\/buletin.de\/bucuresti\/inspectia-muncii-face-controale-si-la-benzinariile-din-capitala\/","name":"Inspec\u0163ia Muncii face controale \u015fi la benzin\u0103riile din Capital\u0103 - Buletin de Bucure\u0219ti","isPartOf":{"@id":"https:\/\/buletin.de\/bucuresti\/#website"},"primaryImageOfPage":{"@id":"https:\/\/buletin.de\/bucuresti\/inspectia-muncii-face-controale-si-la-benzinariile-din-capitala\/#primaryimage"},"image":{"@id":"https:\/\/buletin.de\/bucuresti\/inspectia-muncii-face-controale-si-la-benzinariile-din-capitala\/#primaryimage"},"thumbnailUrl":"https:\/\/buletin.de\/bucuresti\/wp-content\/uploads\/benzinarie.jpeg","datePublished":"2023-08-30T07:54:28+00:00","breadcrumb":{"@id":"https:\/\/buletin.de\/bucuresti\/inspectia-muncii-face-controale-si-la-benzinariile-din-capitala\/#breadcrumb"},"inLanguage":"en-GB","potentialAction":[{"@type":"ReadAction","target":["https:\/\/buletin.de\/bucuresti\/inspectia-muncii-face-controale-si-la-benzinariile-din-capitala\/"]}]},{"@type":"ImageObject","inLanguage":"en-GB","@id":"https:\/\/buletin.de\/bucuresti\/inspectia-muncii-face-controale-si-la-benzinariile-din-capitala\/#primaryimage","url":"https:\/\/buletin.de\/bucuresti\/wp-content\/uploads\/benzinarie.jpeg","contentUrl":"https:\/\/buletin.de\/bucuresti\/wp-content\/uploads\/benzinarie.jpeg","width":400,"height":599},{"@type":"BreadcrumbList","@id":"https:\/\/buletin.de\/bucuresti\/inspectia-muncii-face-controale-si-la-benzinariile-din-capitala\/#breadcrumb","itemListElement":[{"@type":"ListItem","position":1,"name":"Acas\u0103","item":"https:\/\/buletin.de\/bucuresti\/"},{"@type":"ListItem","position":2,"name":"Inspec\u0163ia Muncii face controale \u015fi la benzin\u0103riile din Capital\u0103"}]},{"@type":"WebSite","@id":"https:\/\/buletin.de\/bucuresti\/#website","url":"https:\/\/buletin.de\/bucuresti\/","name":"Buletin de Bucure\u0219ti","description":"\u0218tiri \u0219i investiga\u021bii esen\u021biale din capital\u0103","publisher":{"@id":"https:\/\/buletin.de\/bucuresti\/#organization"},"potentialAction":[{"@type":"SearchAction","target":{"@type":"EntryPoint","urlTemplate":"https:\/\/buletin.de\/bucuresti\/?s={search_term_string}"},"query-input":{"@type":"PropertyValueSpecification","valueRequired":true,"valueName":"search_term_string"}}],"inLanguage":"en-GB"},{"@type":"Organization","@id":"https:\/\/buletin.de\/bucuresti\/#organization","name":"Buletin de Bucure\u0219ti","url":"https:\/\/buletin.de\/bucuresti\/","logo":{"@type":"ImageObject","inLanguage":"en-GB","@id":"https:\/\/buletin.de\/bucuresti\/#\/schema\/logo\/image\/","url":"https:\/\/buletin.de\/bucuresti\/wp-content\/uploads\/logo-bdb-full-wide-vernil-transparent.png","contentUrl":"https:\/\/buletin.de\/bucuresti\/wp-content\/uploads\/logo-bdb-full-wide-vernil-transparent.png","width":1782,"height":626,"caption":"Buletin de Bucure\u0219ti"},"image":{"@id":"https:\/\/buletin.de\/bucuresti\/#\/schema\/logo\/image\/"},"sameAs":["https:\/\/www.facebook.com\/buletin.de.buc","https:\/\/www.instagram.com\/buletinde.bucuresti\/"]},{"@type":"Person","@id":"https:\/\/buletin.de\/bucuresti\/#\/schema\/person\/7e46040573290777280a0835d81ea4ea","name":"Diana Matei","image":{"@type":"ImageObject","inLanguage":"en-GB","@id":"https:\/\/buletin.de\/bucuresti\/wp-content\/uploads\/9-2-96x96.jpg1e8590b30871d70e62ebcdaf2eff570c","url":"https:\/\/buletin.de\/bucuresti\/wp-content\/uploads\/9-2-96x96.jpg","contentUrl":"https:\/\/buletin.de\/bucuresti\/wp-content\/uploads\/9-2-96x96.jpg","caption":"Diana Matei"},"url":"https:\/\/buletin.de\/bucuresti\/author\/dianamatei\/"}]}},"authors":[{"term_id":22574,"user_id":49,"is_guest":0,"slug":"dianamatei","display_name":"Diana Matei","avatar_url":"https:\/\/buletin.de\/bucuresti\/wp-content\/uploads\/9-2-96x96.jpg","0":null,"1":"","2":"","3":"","4":"","5":"","6":"","7":"","8":""}],"_links":{"self":[{"href":"https:\/\/buletin.de\/bucuresti\/wp-json\/wp\/v2\/posts\/62215","targetHints":{"allow":["GET"]}}],"collection":[{"href":"https:\/\/buletin.de\/bucuresti\/wp-json\/wp\/v2\/posts"}],"about":[{"href":"https:\/\/buletin.de\/bucuresti\/wp-json\/wp\/v2\/types\/post"}],"author":[{"embeddable":true,"href":"https:\/\/buletin.de\/bucuresti\/wp-json\/wp\/v2\/users\/49"}],"replies":[{"embeddable":true,"href":"https:\/\/buletin.de\/bucuresti\/wp-json\/wp\/v2\/comments?post=62215"}],"version-history":[{"count":0,"href":"https:\/\/buletin.de\/bucuresti\/wp-json\/wp\/v2\/posts\/62215\/revisions"}],"wp:featuredmedia":[{"embeddable":true,"href":"https:\/\/buletin.de\/bucuresti\/wp-json\/wp\/v2\/media\/62216"}],"wp:attachment":[{"href":"https:\/\/buletin.de\/bucuresti\/wp-json\/wp\/v2\/media?parent=62215"}],"wp:term":[{"taxonomy":"category","embeddable":true,"href":"https:\/\/buletin.de\/bucuresti\/wp-json\/wp\/v2\/categories?post=62215"},{"taxonomy":"post_tag","embeddable":true,"href":"https:\/\/buletin.de\/bucuresti\/wp-json\/wp\/v2\/tags?post=62215"},{"taxonomy":"author","embeddable":true,"href":"https:\/\/buletin.de\/bucuresti\/wp-json\/wp\/v2\/ppma_author?post=62215"}],"curies":[{"name":"wp","href":"https:\/\/api.w.org\/{rel}","templated":true}]}}