{"id":62214,"date":"2023-08-30T07:58:41","date_gmt":"2023-08-30T05:58:41","guid":{"rendered":"https:\/\/buletin.de\/bucuresti\/elevii-din-bucuresti-vor-putea-circula-gratis-cu-metroul\/"},"modified":"2023-08-30T07:58:41","modified_gmt":"2023-08-30T05:58:41","slug":"elevii-din-bucuresti-vor-putea-circula-gratis-cu-metroul","status":"publish","type":"post","link":"https:\/\/buletin.de\/bucuresti\/elevii-din-bucuresti-vor-putea-circula-gratis-cu-metroul\/","title":{"rendered":"Elevii din Bucure\u0219ti vor putea circula gratis cu metroul"},"content":{"rendered":"\n<p><strong>Un nou proiect de hot\u0103r\u00e2re vizeaz\u0103 transportul gratuit cu metroul, pentru elevii care locuiesc sau \u00eenva\u021b\u0103 \u00een Bucure\u0219ti \u0219i Ilfov. Biletul gratuit va putea fi emis pe baza carnetului de elev \u0219i a unui act de identitate.\u00a0<\/strong><\/p>\n\n\n\n<p>Ministerul Educa\u021biei a pus \u00een consultare public\u0103 Hot\u0103r\u00e2rea de Guvern, prin care elevii care \u00eenva\u021b\u0103 sau locuiesc \u00een Bucure\u0219ti \u0219i jude\u021bul Ilfov, ar putea ob\u021bine abonamente lunare gratuite pe baza carnetului de elev. Conform edupedu.ro, noile reguli de acordare a gratuit\u0103\u021bii la transport sunt conforme cu noua lege a educa\u021biei \u00een \u00eenv\u0103\u021b\u0103m\u00e2ntul preuniversitar, care va intra \u00een vigoare pe 2 septembrie. Potrivit legii, <em>\u201eto\u021bi elevii beneficiaz\u0103 de gratuitate la serviciile publice de transport public local, inclusiv metropolitan \u0219i jude\u021bean, rutier, naval, cu metroul, precum \u0219i feroviar la toate categoriile de trenuri, pe tot parcursul anului \u0219colar, \u00een scopul asigur\u0103rii dreptului la educa\u021bie\u201d.<\/em><\/p>\n\n\n\n<p>\u201e<em>Eliberarea abonamentului lunar gratuit pentru elevi prin casieriile din sta\u021biile de metrou se face \u00een baza carnetului de elev, vizat pentru anul \u0219colar \u00een curs, care va avea \u00eenscris pe prima fil\u0103 codul numeric personal al elevului sau a adeverin\u021bei emis\u0103 de unitatea de \u00eenv\u0103\u021b\u0103m\u00e2nt pentru anul \u0219colar \u00een curs, \u00een original, sau a cardului na\u021bional de elev (n. red. \u00eenc\u0103 nu intr\u0103 \u00een aplicare cardul na\u021bional de elev), precum \u0219i a c\u0103r\u021bii de identitate, \u00een original, pentru elevii de peste 14 ani sau a certificatului de na\u0219tere \u00een copie, pe suport h\u00e2rtie sau electronic, pentru elevii sub 14 ani\u201d, se arat\u0103 \u00een Hot\u0103r\u00e2rea de Guvern.<\/em><br><br>Ministerul Educa\u021biei a transmis c\u0103 Hot\u0103r\u00e2rea de Guvern ar trebui s\u0103 intre \u00een vigoare p\u00e2n\u0103 pe 4 septembrie. Abonamentele lunare gratuite pentru elevi se vor elibera prin casieriile din sta\u021biile de metrou, pe suport card contactless re\u00eenc\u0103rcabil. Elevii vor putea opta pentru re\u00eenc\u0103rcarea abonamentelor lunare gratuite, pe cardurile contactless re\u00eenc\u0103rcabile nominale, prin intermediul unui portal sau al aplica\u021biilor mobile, dup\u0103 implementarea acestor solu\u021bii de c\u0103tre operatorul de transport cu metroul. La verificarea legalit\u0103\u021bii c\u0103l\u0103toriei cu metroul, elevii vor prezenta carnetul de elev vizat pentru anul \u00een curs, adeverin\u021ba emis\u0103 de unitatea de \u00eenv\u0103\u021b\u0103m\u00e2nt pentru anul \u0219colar \u00een curs sau cardul na\u021bional de elev, precum \u0219i cartea de identitate sau copia certificatului de na\u0219tere.<\/p>\n\n\n\n<h2 class=\"wp-block-heading\">Studen\u021bii vor beneficia de transport \u00een comun redus cu 90% <\/h2>\n\n\n\n<p>Potrivit legii \u00eenv\u0103\u021b\u0103m\u00e2ntului superior, studen\u021bii vor beneficia \u00eencep\u00e2nd din 3 septembrie, de tarif redus cu 90% pe mijloacele de transport local \u00een comun, transportul intern auto, cu metroul, precum \u0219i pentru transportul intern feroviar la toate categoriile de trenuri, clasa a II-a \u0219i naval, pe tot parcursul anului calendaristic, p\u00e2n\u0103 la \u00eemplinirea v\u00e2rstei de 30 de ani.<\/p>\n\n\n\n<p>Pre\u021bul unui abonament lunar la STB pentru studen\u021bii din Bucure\u0219ti va fi 8 lei, la fel \u0219i pentru transportul cu metroul prin Metrorex. La transportul de suprafa\u021b\u0103 reducerea de 90% se va aplica doar la abonamentele de 1 lun\u0103, 6 \u0219i 12 luni.\u00a0<\/p>\n","protected":false},"excerpt":{"rendered":"<p>Un nou proiect de hot\u0103r\u00e2re vizeaz\u0103 transportul gratuit cu metroul, pentru elevii care locuiesc sau \u00eenva\u021b\u0103 \u00een Bucure\u0219ti \u0219i Ilfov. Biletul gratuit va putea fi emis pe baza carnetului de elev \u0219i a unui act de identitate.\u00a0 Ministerul Educa\u021biei a pus \u00een consultare public\u0103 Hot\u0103r\u00e2rea de Guvern, prin care elevii care \u00eenva\u021b\u0103 sau locuiesc \u00een [&hellip;]<\/p>\n","protected":false},"author":45,"featured_media":60905,"comment_status":"open","ping_status":"open","sticky":false,"template":"","format":"standard","meta":{"_acf_changed":false,"inline_featured_image":false,"ngg_post_thumbnail":0,"footnotes":""},"categories":[62],"tags":[480,1090,377,402],"ppma_author":[22604],"class_list":["post-62214","post","type-post","status-publish","format-standard","has-post-thumbnail","hentry","category-stiri","tag-elevi","tag-gratuitate","tag-metrorex","tag-stb"],"acf":[],"yoast_head":"<!-- This site is optimized with the Yoast SEO Premium plugin v25.3 (Yoast SEO v27.4) - https:\/\/yoast.com\/product\/yoast-seo-premium-wordpress\/ -->\n<title>Elevii din Bucure\u0219ti vor putea circula gratis cu metroul - Buletin de Bucure\u0219ti<\/title>\n<meta name=\"robots\" content=\"index, follow, max-snippet:-1, max-image-preview:large, max-video-preview:-1\" \/>\n<link rel=\"canonical\" href=\"https:\/\/buletin.de\/bucuresti\/elevii-din-bucuresti-vor-putea-circula-gratis-cu-metroul\/\" \/>\n<meta property=\"og:locale\" content=\"en_GB\" \/>\n<meta property=\"og:type\" content=\"article\" \/>\n<meta property=\"og:title\" content=\"Elevii din Bucure\u0219ti vor putea circula gratis cu metroul\" \/>\n<meta property=\"og:description\" content=\"Un nou proiect de hot\u0103r\u00e2re vizeaz\u0103 transportul gratuit cu metroul, pentru elevii care locuiesc sau \u00eenva\u021b\u0103 \u00een Bucure\u0219ti \u0219i Ilfov. Biletul gratuit va putea fi emis pe baza carnetului de elev \u0219i a unui act de identitate.\u00a0 Ministerul Educa\u021biei a pus \u00een consultare public\u0103 Hot\u0103r\u00e2rea de Guvern, prin care elevii care \u00eenva\u021b\u0103 sau locuiesc \u00een [&hellip;]\" \/>\n<meta property=\"og:url\" content=\"https:\/\/buletin.de\/bucuresti\/elevii-din-bucuresti-vor-putea-circula-gratis-cu-metroul\/\" \/>\n<meta property=\"og:site_name\" content=\"Buletin de Bucure\u0219ti\" \/>\n<meta property=\"article:publisher\" content=\"https:\/\/www.facebook.com\/buletin.de.buc\" \/>\n<meta property=\"article:published_time\" content=\"2023-08-30T05:58:41+00:00\" \/>\n<meta property=\"og:image\" content=\"https:\/\/buletin.de\/bucuresti\/wp-content\/uploads\/vlcsnap-2023-07-08-09h53m54s970.png\" \/>\n\t<meta property=\"og:image:width\" content=\"1920\" \/>\n\t<meta property=\"og:image:height\" content=\"1080\" \/>\n\t<meta property=\"og:image:type\" content=\"image\/png\" \/>\n<meta name=\"author\" content=\"Teodora \u0218uta\" \/>\n<meta name=\"twitter:card\" content=\"summary_large_image\" \/>\n<meta name=\"twitter:label1\" content=\"Written by\" \/>\n\t<meta name=\"twitter:data1\" content=\"Teodora \u0218uta\" \/>\n\t<meta name=\"twitter:label2\" content=\"Estimated reading time\" \/>\n\t<meta name=\"twitter:data2\" content=\"3 minutes\" \/>\n<script type=\"application\/ld+json\" class=\"yoast-schema-graph\">{\"@context\":\"https:\\\/\\\/schema.org\",\"@graph\":[{\"@type\":\"Article\",\"@id\":\"https:\\\/\\\/buletin.de\\\/bucuresti\\\/elevii-din-bucuresti-vor-putea-circula-gratis-cu-metroul\\\/#article\",\"isPartOf\":{\"@id\":\"https:\\\/\\\/buletin.de\\\/bucuresti\\\/elevii-din-bucuresti-vor-putea-circula-gratis-cu-metroul\\\/\"},\"author\":{\"name\":\"Teodora \u0218uta\",\"@id\":\"https:\\\/\\\/buletin.de\\\/bucuresti\\\/#\\\/schema\\\/person\\\/5d54908fa90ab7ad3b2e88152efd6845\"},\"headline\":\"Elevii din Bucure\u0219ti vor putea circula gratis cu metroul\",\"datePublished\":\"2023-08-30T05:58:41+00:00\",\"mainEntityOfPage\":{\"@id\":\"https:\\\/\\\/buletin.de\\\/bucuresti\\\/elevii-din-bucuresti-vor-putea-circula-gratis-cu-metroul\\\/\"},\"wordCount\":527,\"commentCount\":0,\"publisher\":{\"@id\":\"https:\\\/\\\/buletin.de\\\/bucuresti\\\/#organization\"},\"image\":{\"@id\":\"https:\\\/\\\/buletin.de\\\/bucuresti\\\/elevii-din-bucuresti-vor-putea-circula-gratis-cu-metroul\\\/#primaryimage\"},\"thumbnailUrl\":\"https:\\\/\\\/buletin.de\\\/bucuresti\\\/wp-content\\\/uploads\\\/vlcsnap-2023-07-08-09h53m54s970.png\",\"keywords\":[\"elevi\",\"gratuitate\",\"metrorex\",\"stb\"],\"articleSection\":[\"\u0218tiri\"],\"inLanguage\":\"en-GB\",\"potentialAction\":[{\"@type\":\"CommentAction\",\"name\":\"Comment\",\"target\":[\"https:\\\/\\\/buletin.de\\\/bucuresti\\\/elevii-din-bucuresti-vor-putea-circula-gratis-cu-metroul\\\/#respond\"]}],\"copyrightYear\":\"2023\",\"copyrightHolder\":{\"@id\":\"https:\\\/\\\/buletin.de\\\/bucuresti\\\/#organization\"}},{\"@type\":\"WebPage\",\"@id\":\"https:\\\/\\\/buletin.de\\\/bucuresti\\\/elevii-din-bucuresti-vor-putea-circula-gratis-cu-metroul\\\/\",\"url\":\"https:\\\/\\\/buletin.de\\\/bucuresti\\\/elevii-din-bucuresti-vor-putea-circula-gratis-cu-metroul\\\/\",\"name\":\"Elevii din Bucure\u0219ti vor putea circula gratis cu metroul - Buletin de Bucure\u0219ti\",\"isPartOf\":{\"@id\":\"https:\\\/\\\/buletin.de\\\/bucuresti\\\/#website\"},\"primaryImageOfPage\":{\"@id\":\"https:\\\/\\\/buletin.de\\\/bucuresti\\\/elevii-din-bucuresti-vor-putea-circula-gratis-cu-metroul\\\/#primaryimage\"},\"image\":{\"@id\":\"https:\\\/\\\/buletin.de\\\/bucuresti\\\/elevii-din-bucuresti-vor-putea-circula-gratis-cu-metroul\\\/#primaryimage\"},\"thumbnailUrl\":\"https:\\\/\\\/buletin.de\\\/bucuresti\\\/wp-content\\\/uploads\\\/vlcsnap-2023-07-08-09h53m54s970.png\",\"datePublished\":\"2023-08-30T05:58:41+00:00\",\"breadcrumb\":{\"@id\":\"https:\\\/\\\/buletin.de\\\/bucuresti\\\/elevii-din-bucuresti-vor-putea-circula-gratis-cu-metroul\\\/#breadcrumb\"},\"inLanguage\":\"en-GB\",\"potentialAction\":[{\"@type\":\"ReadAction\",\"target\":[\"https:\\\/\\\/buletin.de\\\/bucuresti\\\/elevii-din-bucuresti-vor-putea-circula-gratis-cu-metroul\\\/\"]}]},{\"@type\":\"ImageObject\",\"inLanguage\":\"en-GB\",\"@id\":\"https:\\\/\\\/buletin.de\\\/bucuresti\\\/elevii-din-bucuresti-vor-putea-circula-gratis-cu-metroul\\\/#primaryimage\",\"url\":\"https:\\\/\\\/buletin.de\\\/bucuresti\\\/wp-content\\\/uploads\\\/vlcsnap-2023-07-08-09h53m54s970.png\",\"contentUrl\":\"https:\\\/\\\/buletin.de\\\/bucuresti\\\/wp-content\\\/uploads\\\/vlcsnap-2023-07-08-09h53m54s970.png\",\"width\":1920,\"height\":1080},{\"@type\":\"BreadcrumbList\",\"@id\":\"https:\\\/\\\/buletin.de\\\/bucuresti\\\/elevii-din-bucuresti-vor-putea-circula-gratis-cu-metroul\\\/#breadcrumb\",\"itemListElement\":[{\"@type\":\"ListItem\",\"position\":1,\"name\":\"Acas\u0103\",\"item\":\"https:\\\/\\\/buletin.de\\\/bucuresti\\\/\"},{\"@type\":\"ListItem\",\"position\":2,\"name\":\"Elevii din Bucure\u0219ti vor putea circula gratis cu metroul\"}]},{\"@type\":\"WebSite\",\"@id\":\"https:\\\/\\\/buletin.de\\\/bucuresti\\\/#website\",\"url\":\"https:\\\/\\\/buletin.de\\\/bucuresti\\\/\",\"name\":\"Buletin de Bucure\u0219ti\",\"description\":\"\u0218tiri \u0219i investiga\u021bii esen\u021biale din capital\u0103\",\"publisher\":{\"@id\":\"https:\\\/\\\/buletin.de\\\/bucuresti\\\/#organization\"},\"potentialAction\":[{\"@type\":\"SearchAction\",\"target\":{\"@type\":\"EntryPoint\",\"urlTemplate\":\"https:\\\/\\\/buletin.de\\\/bucuresti\\\/?s={search_term_string}\"},\"query-input\":{\"@type\":\"PropertyValueSpecification\",\"valueRequired\":true,\"valueName\":\"search_term_string\"}}],\"inLanguage\":\"en-GB\"},{\"@type\":\"Organization\",\"@id\":\"https:\\\/\\\/buletin.de\\\/bucuresti\\\/#organization\",\"name\":\"Buletin de Bucure\u0219ti\",\"url\":\"https:\\\/\\\/buletin.de\\\/bucuresti\\\/\",\"logo\":{\"@type\":\"ImageObject\",\"inLanguage\":\"en-GB\",\"@id\":\"https:\\\/\\\/buletin.de\\\/bucuresti\\\/#\\\/schema\\\/logo\\\/image\\\/\",\"url\":\"https:\\\/\\\/buletin.de\\\/bucuresti\\\/wp-content\\\/uploads\\\/logo-bdb-full-wide-vernil-transparent.png\",\"contentUrl\":\"https:\\\/\\\/buletin.de\\\/bucuresti\\\/wp-content\\\/uploads\\\/logo-bdb-full-wide-vernil-transparent.png\",\"width\":1782,\"height\":626,\"caption\":\"Buletin de Bucure\u0219ti\"},\"image\":{\"@id\":\"https:\\\/\\\/buletin.de\\\/bucuresti\\\/#\\\/schema\\\/logo\\\/image\\\/\"},\"sameAs\":[\"https:\\\/\\\/www.facebook.com\\\/buletin.de.buc\",\"https:\\\/\\\/www.instagram.com\\\/buletinde.bucuresti\\\/\"]},{\"@type\":\"Person\",\"@id\":\"https:\\\/\\\/buletin.de\\\/bucuresti\\\/#\\\/schema\\\/person\\\/5d54908fa90ab7ad3b2e88152efd6845\",\"name\":\"Teodora \u0218uta\",\"image\":{\"@type\":\"ImageObject\",\"inLanguage\":\"en-GB\",\"@id\":\"https:\\\/\\\/secure.gravatar.com\\\/avatar\\\/0c709226af9845d97b126aa0aa80ab42778847ec3d11d741016b74a61174088d?s=96&d=monsterid&r=gf2e0c6a01d766272c6fa8af9e494be28\",\"url\":\"https:\\\/\\\/secure.gravatar.com\\\/avatar\\\/0c709226af9845d97b126aa0aa80ab42778847ec3d11d741016b74a61174088d?s=96&d=monsterid&r=g\",\"contentUrl\":\"https:\\\/\\\/secure.gravatar.com\\\/avatar\\\/0c709226af9845d97b126aa0aa80ab42778847ec3d11d741016b74a61174088d?s=96&d=monsterid&r=g\",\"caption\":\"Teodora \u0218uta\"},\"url\":\"https:\\\/\\\/buletin.de\\\/bucuresti\\\/author\\\/mariasuta\\\/\"}]}<\/script>\n<!-- \/ Yoast SEO Premium plugin. -->","yoast_head_json":{"title":"Elevii din Bucure\u0219ti vor putea circula gratis cu metroul - Buletin de Bucure\u0219ti","robots":{"index":"index","follow":"follow","max-snippet":"max-snippet:-1","max-image-preview":"max-image-preview:large","max-video-preview":"max-video-preview:-1"},"canonical":"https:\/\/buletin.de\/bucuresti\/elevii-din-bucuresti-vor-putea-circula-gratis-cu-metroul\/","og_locale":"en_GB","og_type":"article","og_title":"Elevii din Bucure\u0219ti vor putea circula gratis cu metroul","og_description":"Un nou proiect de hot\u0103r\u00e2re vizeaz\u0103 transportul gratuit cu metroul, pentru elevii care locuiesc sau \u00eenva\u021b\u0103 \u00een Bucure\u0219ti \u0219i Ilfov. Biletul gratuit va putea fi emis pe baza carnetului de elev \u0219i a unui act de identitate.\u00a0 Ministerul Educa\u021biei a pus \u00een consultare public\u0103 Hot\u0103r\u00e2rea de Guvern, prin care elevii care \u00eenva\u021b\u0103 sau locuiesc \u00een [&hellip;]","og_url":"https:\/\/buletin.de\/bucuresti\/elevii-din-bucuresti-vor-putea-circula-gratis-cu-metroul\/","og_site_name":"Buletin de Bucure\u0219ti","article_publisher":"https:\/\/www.facebook.com\/buletin.de.buc","article_published_time":"2023-08-30T05:58:41+00:00","og_image":[{"width":1920,"height":1080,"url":"https:\/\/buletin.de\/bucuresti\/wp-content\/uploads\/vlcsnap-2023-07-08-09h53m54s970.png","type":"image\/png"}],"author":"Teodora \u0218uta","twitter_card":"summary_large_image","twitter_misc":{"Written by":"Teodora \u0218uta","Estimated reading time":"3 minutes"},"schema":{"@context":"https:\/\/schema.org","@graph":[{"@type":"Article","@id":"https:\/\/buletin.de\/bucuresti\/elevii-din-bucuresti-vor-putea-circula-gratis-cu-metroul\/#article","isPartOf":{"@id":"https:\/\/buletin.de\/bucuresti\/elevii-din-bucuresti-vor-putea-circula-gratis-cu-metroul\/"},"author":{"name":"Teodora \u0218uta","@id":"https:\/\/buletin.de\/bucuresti\/#\/schema\/person\/5d54908fa90ab7ad3b2e88152efd6845"},"headline":"Elevii din Bucure\u0219ti vor putea circula gratis cu metroul","datePublished":"2023-08-30T05:58:41+00:00","mainEntityOfPage":{"@id":"https:\/\/buletin.de\/bucuresti\/elevii-din-bucuresti-vor-putea-circula-gratis-cu-metroul\/"},"wordCount":527,"commentCount":0,"publisher":{"@id":"https:\/\/buletin.de\/bucuresti\/#organization"},"image":{"@id":"https:\/\/buletin.de\/bucuresti\/elevii-din-bucuresti-vor-putea-circula-gratis-cu-metroul\/#primaryimage"},"thumbnailUrl":"https:\/\/buletin.de\/bucuresti\/wp-content\/uploads\/vlcsnap-2023-07-08-09h53m54s970.png","keywords":["elevi","gratuitate","metrorex","stb"],"articleSection":["\u0218tiri"],"inLanguage":"en-GB","potentialAction":[{"@type":"CommentAction","name":"Comment","target":["https:\/\/buletin.de\/bucuresti\/elevii-din-bucuresti-vor-putea-circula-gratis-cu-metroul\/#respond"]}],"copyrightYear":"2023","copyrightHolder":{"@id":"https:\/\/buletin.de\/bucuresti\/#organization"}},{"@type":"WebPage","@id":"https:\/\/buletin.de\/bucuresti\/elevii-din-bucuresti-vor-putea-circula-gratis-cu-metroul\/","url":"https:\/\/buletin.de\/bucuresti\/elevii-din-bucuresti-vor-putea-circula-gratis-cu-metroul\/","name":"Elevii din Bucure\u0219ti vor putea circula gratis cu metroul - Buletin de Bucure\u0219ti","isPartOf":{"@id":"https:\/\/buletin.de\/bucuresti\/#website"},"primaryImageOfPage":{"@id":"https:\/\/buletin.de\/bucuresti\/elevii-din-bucuresti-vor-putea-circula-gratis-cu-metroul\/#primaryimage"},"image":{"@id":"https:\/\/buletin.de\/bucuresti\/elevii-din-bucuresti-vor-putea-circula-gratis-cu-metroul\/#primaryimage"},"thumbnailUrl":"https:\/\/buletin.de\/bucuresti\/wp-content\/uploads\/vlcsnap-2023-07-08-09h53m54s970.png","datePublished":"2023-08-30T05:58:41+00:00","breadcrumb":{"@id":"https:\/\/buletin.de\/bucuresti\/elevii-din-bucuresti-vor-putea-circula-gratis-cu-metroul\/#breadcrumb"},"inLanguage":"en-GB","potentialAction":[{"@type":"ReadAction","target":["https:\/\/buletin.de\/bucuresti\/elevii-din-bucuresti-vor-putea-circula-gratis-cu-metroul\/"]}]},{"@type":"ImageObject","inLanguage":"en-GB","@id":"https:\/\/buletin.de\/bucuresti\/elevii-din-bucuresti-vor-putea-circula-gratis-cu-metroul\/#primaryimage","url":"https:\/\/buletin.de\/bucuresti\/wp-content\/uploads\/vlcsnap-2023-07-08-09h53m54s970.png","contentUrl":"https:\/\/buletin.de\/bucuresti\/wp-content\/uploads\/vlcsnap-2023-07-08-09h53m54s970.png","width":1920,"height":1080},{"@type":"BreadcrumbList","@id":"https:\/\/buletin.de\/bucuresti\/elevii-din-bucuresti-vor-putea-circula-gratis-cu-metroul\/#breadcrumb","itemListElement":[{"@type":"ListItem","position":1,"name":"Acas\u0103","item":"https:\/\/buletin.de\/bucuresti\/"},{"@type":"ListItem","position":2,"name":"Elevii din Bucure\u0219ti vor putea circula gratis cu metroul"}]},{"@type":"WebSite","@id":"https:\/\/buletin.de\/bucuresti\/#website","url":"https:\/\/buletin.de\/bucuresti\/","name":"Buletin de Bucure\u0219ti","description":"\u0218tiri \u0219i investiga\u021bii esen\u021biale din capital\u0103","publisher":{"@id":"https:\/\/buletin.de\/bucuresti\/#organization"},"potentialAction":[{"@type":"SearchAction","target":{"@type":"EntryPoint","urlTemplate":"https:\/\/buletin.de\/bucuresti\/?s={search_term_string}"},"query-input":{"@type":"PropertyValueSpecification","valueRequired":true,"valueName":"search_term_string"}}],"inLanguage":"en-GB"},{"@type":"Organization","@id":"https:\/\/buletin.de\/bucuresti\/#organization","name":"Buletin de Bucure\u0219ti","url":"https:\/\/buletin.de\/bucuresti\/","logo":{"@type":"ImageObject","inLanguage":"en-GB","@id":"https:\/\/buletin.de\/bucuresti\/#\/schema\/logo\/image\/","url":"https:\/\/buletin.de\/bucuresti\/wp-content\/uploads\/logo-bdb-full-wide-vernil-transparent.png","contentUrl":"https:\/\/buletin.de\/bucuresti\/wp-content\/uploads\/logo-bdb-full-wide-vernil-transparent.png","width":1782,"height":626,"caption":"Buletin de Bucure\u0219ti"},"image":{"@id":"https:\/\/buletin.de\/bucuresti\/#\/schema\/logo\/image\/"},"sameAs":["https:\/\/www.facebook.com\/buletin.de.buc","https:\/\/www.instagram.com\/buletinde.bucuresti\/"]},{"@type":"Person","@id":"https:\/\/buletin.de\/bucuresti\/#\/schema\/person\/5d54908fa90ab7ad3b2e88152efd6845","name":"Teodora \u0218uta","image":{"@type":"ImageObject","inLanguage":"en-GB","@id":"https:\/\/secure.gravatar.com\/avatar\/0c709226af9845d97b126aa0aa80ab42778847ec3d11d741016b74a61174088d?s=96&d=monsterid&r=gf2e0c6a01d766272c6fa8af9e494be28","url":"https:\/\/secure.gravatar.com\/avatar\/0c709226af9845d97b126aa0aa80ab42778847ec3d11d741016b74a61174088d?s=96&d=monsterid&r=g","contentUrl":"https:\/\/secure.gravatar.com\/avatar\/0c709226af9845d97b126aa0aa80ab42778847ec3d11d741016b74a61174088d?s=96&d=monsterid&r=g","caption":"Teodora \u0218uta"},"url":"https:\/\/buletin.de\/bucuresti\/author\/mariasuta\/"}]}},"authors":[{"term_id":22604,"user_id":45,"is_guest":0,"slug":"mariasuta","display_name":"Teodora \u0218uta","avatar_url":"https:\/\/secure.gravatar.com\/avatar\/0c709226af9845d97b126aa0aa80ab42778847ec3d11d741016b74a61174088d?s=96&d=monsterid&r=g","0":null,"1":"","2":"","3":"","4":"","5":"","6":"","7":"","8":""}],"_links":{"self":[{"href":"https:\/\/buletin.de\/bucuresti\/wp-json\/wp\/v2\/posts\/62214","targetHints":{"allow":["GET"]}}],"collection":[{"href":"https:\/\/buletin.de\/bucuresti\/wp-json\/wp\/v2\/posts"}],"about":[{"href":"https:\/\/buletin.de\/bucuresti\/wp-json\/wp\/v2\/types\/post"}],"author":[{"embeddable":true,"href":"https:\/\/buletin.de\/bucuresti\/wp-json\/wp\/v2\/users\/45"}],"replies":[{"embeddable":true,"href":"https:\/\/buletin.de\/bucuresti\/wp-json\/wp\/v2\/comments?post=62214"}],"version-history":[{"count":0,"href":"https:\/\/buletin.de\/bucuresti\/wp-json\/wp\/v2\/posts\/62214\/revisions"}],"wp:featuredmedia":[{"embeddable":true,"href":"https:\/\/buletin.de\/bucuresti\/wp-json\/wp\/v2\/media\/60905"}],"wp:attachment":[{"href":"https:\/\/buletin.de\/bucuresti\/wp-json\/wp\/v2\/media?parent=62214"}],"wp:term":[{"taxonomy":"category","embeddable":true,"href":"https:\/\/buletin.de\/bucuresti\/wp-json\/wp\/v2\/categories?post=62214"},{"taxonomy":"post_tag","embeddable":true,"href":"https:\/\/buletin.de\/bucuresti\/wp-json\/wp\/v2\/tags?post=62214"},{"taxonomy":"author","embeddable":true,"href":"https:\/\/buletin.de\/bucuresti\/wp-json\/wp\/v2\/ppma_author?post=62214"}],"curies":[{"name":"wp","href":"https:\/\/api.w.org\/{rel}","templated":true}]}}