{"id":62212,"date":"2023-08-29T19:44:01","date_gmt":"2023-08-29T17:44:01","guid":{"rendered":"https:\/\/buletin.de\/bucuresti\/un-incendiu-puternic-a-izbucnit-in-parcul-ior\/"},"modified":"2023-08-29T19:44:01","modified_gmt":"2023-08-29T17:44:01","slug":"un-incendiu-puternic-a-izbucnit-in-parcul-ior","status":"publish","type":"post","link":"https:\/\/buletin.de\/bucuresti\/un-incendiu-puternic-a-izbucnit-in-parcul-ior\/","title":{"rendered":"Un incendiu puternic a izbucnit \u00een parcul IOR"},"content":{"rendered":"\n<p><strong>Un incendiu puternic a izbucnit \u00een Parcul IOR din Bucure\u0219ti \u00een aceast\u0103 sear\u0103.\u00a0<br><\/strong><br>4000 mp de vegeta\u021bie uscat\u0103 ard, \u00een acest moment, \u00een parcul IOR. Patru autospeciale \u00eencearc\u0103 s\u0103 sting\u0103 fl\u0103c\u0103rile.\u00a0Conform autorit\u0103\u021bilor, incendiul nu a produs victime p\u00e2n\u0103 acum.<\/p>\n\n\n\n<p>Incendiul se manifest\u0103 \u00een zona retrocedat\u0103 din Parcul IOR din Bucure\u0219ti, \u00een care \u00een decursul anilor recenti mai mul\u021bi arbori au disp\u0103rut, fie c\u0103 au fost incendia\u021bi sau au murit \u00een urma usc\u0103ciunii dup\u0103 ce li s-au perforat trunchiurile cu ajutorul unei borma\u0219ine.<\/p>\n\n\n\n<p>\u0218tirea este \u00een curs de actualizare.&nbsp;<\/p>\n","protected":false},"excerpt":{"rendered":"<p>Un incendiu puternic a izbucnit \u00een Parcul IOR din Bucure\u0219ti \u00een aceast\u0103 sear\u0103.\u00a04000 mp de vegeta\u021bie uscat\u0103 ard, \u00een acest moment, \u00een parcul IOR. Patru autospeciale \u00eencearc\u0103 s\u0103 sting\u0103 fl\u0103c\u0103rile.\u00a0Conform autorit\u0103\u021bilor, incendiul nu a produs victime p\u00e2n\u0103 acum. Incendiul se manifest\u0103 \u00een zona retrocedat\u0103 din Parcul IOR din Bucure\u0219ti, \u00een care \u00een decursul anilor recenti [&hellip;]<\/p>\n","protected":false},"author":45,"featured_media":62213,"comment_status":"open","ping_status":"open","sticky":false,"template":"","format":"standard","meta":{"_acf_changed":false,"inline_featured_image":false,"ngg_post_thumbnail":0,"footnotes":""},"categories":[62],"tags":[341,6842],"ppma_author":[22604],"class_list":["post-62212","post","type-post","status-publish","format-standard","has-post-thumbnail","hentry","category-stiri","tag-incendiu","tag-parcul-ior"],"acf":[],"yoast_head":"<!-- This site is optimized with the Yoast SEO Premium plugin v25.3 (Yoast SEO v27.4) - https:\/\/yoast.com\/product\/yoast-seo-premium-wordpress\/ -->\n<title>Un incendiu puternic a izbucnit \u00een parcul IOR - Buletin de Bucure\u0219ti<\/title>\n<meta name=\"robots\" content=\"index, follow, max-snippet:-1, max-image-preview:large, max-video-preview:-1\" \/>\n<link rel=\"canonical\" href=\"https:\/\/buletin.de\/bucuresti\/un-incendiu-puternic-a-izbucnit-in-parcul-ior\/\" \/>\n<meta property=\"og:locale\" content=\"en_GB\" \/>\n<meta property=\"og:type\" content=\"article\" \/>\n<meta property=\"og:title\" content=\"Un incendiu puternic a izbucnit \u00een parcul IOR\" \/>\n<meta property=\"og:description\" content=\"Un incendiu puternic a izbucnit \u00een Parcul IOR din Bucure\u0219ti \u00een aceast\u0103 sear\u0103.\u00a04000 mp de vegeta\u021bie uscat\u0103 ard, \u00een acest moment, \u00een parcul IOR. Patru autospeciale \u00eencearc\u0103 s\u0103 sting\u0103 fl\u0103c\u0103rile.\u00a0Conform autorit\u0103\u021bilor, incendiul nu a produs victime p\u00e2n\u0103 acum. Incendiul se manifest\u0103 \u00een zona retrocedat\u0103 din Parcul IOR din Bucure\u0219ti, \u00een care \u00een decursul anilor recenti [&hellip;]\" \/>\n<meta property=\"og:url\" content=\"https:\/\/buletin.de\/bucuresti\/un-incendiu-puternic-a-izbucnit-in-parcul-ior\/\" \/>\n<meta property=\"og:site_name\" content=\"Buletin de Bucure\u0219ti\" \/>\n<meta property=\"article:publisher\" content=\"https:\/\/www.facebook.com\/buletin.de.buc\" \/>\n<meta property=\"article:published_time\" content=\"2023-08-29T17:44:01+00:00\" \/>\n<meta property=\"og:image\" content=\"https:\/\/buletin.de\/bucuresti\/wp-content\/uploads\/CA8E15C5-D2C9-4EE3-9F20-D19109F7DBBD.jpeg\" \/>\n\t<meta property=\"og:image:width\" content=\"889\" \/>\n\t<meta property=\"og:image:height\" content=\"1600\" \/>\n\t<meta property=\"og:image:type\" content=\"image\/jpeg\" \/>\n<meta name=\"author\" content=\"Teodora \u0218uta\" \/>\n<meta name=\"twitter:card\" content=\"summary_large_image\" \/>\n<meta name=\"twitter:label1\" content=\"Written by\" \/>\n\t<meta name=\"twitter:data1\" content=\"Teodora \u0218uta\" \/>\n\t<meta name=\"twitter:label2\" content=\"Estimated reading time\" \/>\n\t<meta name=\"twitter:data2\" content=\"1 minute\" \/>\n<script type=\"application\/ld+json\" class=\"yoast-schema-graph\">{\"@context\":\"https:\\\/\\\/schema.org\",\"@graph\":[{\"@type\":\"Article\",\"@id\":\"https:\\\/\\\/buletin.de\\\/bucuresti\\\/un-incendiu-puternic-a-izbucnit-in-parcul-ior\\\/#article\",\"isPartOf\":{\"@id\":\"https:\\\/\\\/buletin.de\\\/bucuresti\\\/un-incendiu-puternic-a-izbucnit-in-parcul-ior\\\/\"},\"author\":{\"name\":\"Teodora \u0218uta\",\"@id\":\"https:\\\/\\\/buletin.de\\\/bucuresti\\\/#\\\/schema\\\/person\\\/5d54908fa90ab7ad3b2e88152efd6845\"},\"headline\":\"Un incendiu puternic a izbucnit \u00een parcul IOR\",\"datePublished\":\"2023-08-29T17:44:01+00:00\",\"mainEntityOfPage\":{\"@id\":\"https:\\\/\\\/buletin.de\\\/bucuresti\\\/un-incendiu-puternic-a-izbucnit-in-parcul-ior\\\/\"},\"wordCount\":109,\"commentCount\":0,\"publisher\":{\"@id\":\"https:\\\/\\\/buletin.de\\\/bucuresti\\\/#organization\"},\"image\":{\"@id\":\"https:\\\/\\\/buletin.de\\\/bucuresti\\\/un-incendiu-puternic-a-izbucnit-in-parcul-ior\\\/#primaryimage\"},\"thumbnailUrl\":\"https:\\\/\\\/buletin.de\\\/bucuresti\\\/wp-content\\\/uploads\\\/CA8E15C5-D2C9-4EE3-9F20-D19109F7DBBD.jpeg\",\"keywords\":[\"incendiu\",\"parcul IOR\"],\"articleSection\":[\"\u0218tiri\"],\"inLanguage\":\"en-GB\",\"potentialAction\":[{\"@type\":\"CommentAction\",\"name\":\"Comment\",\"target\":[\"https:\\\/\\\/buletin.de\\\/bucuresti\\\/un-incendiu-puternic-a-izbucnit-in-parcul-ior\\\/#respond\"]}],\"copyrightYear\":\"2023\",\"copyrightHolder\":{\"@id\":\"https:\\\/\\\/buletin.de\\\/bucuresti\\\/#organization\"}},{\"@type\":\"WebPage\",\"@id\":\"https:\\\/\\\/buletin.de\\\/bucuresti\\\/un-incendiu-puternic-a-izbucnit-in-parcul-ior\\\/\",\"url\":\"https:\\\/\\\/buletin.de\\\/bucuresti\\\/un-incendiu-puternic-a-izbucnit-in-parcul-ior\\\/\",\"name\":\"Un incendiu puternic a izbucnit \u00een parcul IOR - Buletin de Bucure\u0219ti\",\"isPartOf\":{\"@id\":\"https:\\\/\\\/buletin.de\\\/bucuresti\\\/#website\"},\"primaryImageOfPage\":{\"@id\":\"https:\\\/\\\/buletin.de\\\/bucuresti\\\/un-incendiu-puternic-a-izbucnit-in-parcul-ior\\\/#primaryimage\"},\"image\":{\"@id\":\"https:\\\/\\\/buletin.de\\\/bucuresti\\\/un-incendiu-puternic-a-izbucnit-in-parcul-ior\\\/#primaryimage\"},\"thumbnailUrl\":\"https:\\\/\\\/buletin.de\\\/bucuresti\\\/wp-content\\\/uploads\\\/CA8E15C5-D2C9-4EE3-9F20-D19109F7DBBD.jpeg\",\"datePublished\":\"2023-08-29T17:44:01+00:00\",\"breadcrumb\":{\"@id\":\"https:\\\/\\\/buletin.de\\\/bucuresti\\\/un-incendiu-puternic-a-izbucnit-in-parcul-ior\\\/#breadcrumb\"},\"inLanguage\":\"en-GB\",\"potentialAction\":[{\"@type\":\"ReadAction\",\"target\":[\"https:\\\/\\\/buletin.de\\\/bucuresti\\\/un-incendiu-puternic-a-izbucnit-in-parcul-ior\\\/\"]}]},{\"@type\":\"ImageObject\",\"inLanguage\":\"en-GB\",\"@id\":\"https:\\\/\\\/buletin.de\\\/bucuresti\\\/un-incendiu-puternic-a-izbucnit-in-parcul-ior\\\/#primaryimage\",\"url\":\"https:\\\/\\\/buletin.de\\\/bucuresti\\\/wp-content\\\/uploads\\\/CA8E15C5-D2C9-4EE3-9F20-D19109F7DBBD.jpeg\",\"contentUrl\":\"https:\\\/\\\/buletin.de\\\/bucuresti\\\/wp-content\\\/uploads\\\/CA8E15C5-D2C9-4EE3-9F20-D19109F7DBBD.jpeg\",\"width\":889,\"height\":1600},{\"@type\":\"BreadcrumbList\",\"@id\":\"https:\\\/\\\/buletin.de\\\/bucuresti\\\/un-incendiu-puternic-a-izbucnit-in-parcul-ior\\\/#breadcrumb\",\"itemListElement\":[{\"@type\":\"ListItem\",\"position\":1,\"name\":\"Acas\u0103\",\"item\":\"https:\\\/\\\/buletin.de\\\/bucuresti\\\/\"},{\"@type\":\"ListItem\",\"position\":2,\"name\":\"Un incendiu puternic a izbucnit \u00een parcul IOR\"}]},{\"@type\":\"WebSite\",\"@id\":\"https:\\\/\\\/buletin.de\\\/bucuresti\\\/#website\",\"url\":\"https:\\\/\\\/buletin.de\\\/bucuresti\\\/\",\"name\":\"Buletin de Bucure\u0219ti\",\"description\":\"\u0218tiri \u0219i investiga\u021bii esen\u021biale din capital\u0103\",\"publisher\":{\"@id\":\"https:\\\/\\\/buletin.de\\\/bucuresti\\\/#organization\"},\"potentialAction\":[{\"@type\":\"SearchAction\",\"target\":{\"@type\":\"EntryPoint\",\"urlTemplate\":\"https:\\\/\\\/buletin.de\\\/bucuresti\\\/?s={search_term_string}\"},\"query-input\":{\"@type\":\"PropertyValueSpecification\",\"valueRequired\":true,\"valueName\":\"search_term_string\"}}],\"inLanguage\":\"en-GB\"},{\"@type\":\"Organization\",\"@id\":\"https:\\\/\\\/buletin.de\\\/bucuresti\\\/#organization\",\"name\":\"Buletin de Bucure\u0219ti\",\"url\":\"https:\\\/\\\/buletin.de\\\/bucuresti\\\/\",\"logo\":{\"@type\":\"ImageObject\",\"inLanguage\":\"en-GB\",\"@id\":\"https:\\\/\\\/buletin.de\\\/bucuresti\\\/#\\\/schema\\\/logo\\\/image\\\/\",\"url\":\"https:\\\/\\\/buletin.de\\\/bucuresti\\\/wp-content\\\/uploads\\\/logo-bdb-full-wide-vernil-transparent.png\",\"contentUrl\":\"https:\\\/\\\/buletin.de\\\/bucuresti\\\/wp-content\\\/uploads\\\/logo-bdb-full-wide-vernil-transparent.png\",\"width\":1782,\"height\":626,\"caption\":\"Buletin de Bucure\u0219ti\"},\"image\":{\"@id\":\"https:\\\/\\\/buletin.de\\\/bucuresti\\\/#\\\/schema\\\/logo\\\/image\\\/\"},\"sameAs\":[\"https:\\\/\\\/www.facebook.com\\\/buletin.de.buc\",\"https:\\\/\\\/www.instagram.com\\\/buletinde.bucuresti\\\/\"]},{\"@type\":\"Person\",\"@id\":\"https:\\\/\\\/buletin.de\\\/bucuresti\\\/#\\\/schema\\\/person\\\/5d54908fa90ab7ad3b2e88152efd6845\",\"name\":\"Teodora \u0218uta\",\"image\":{\"@type\":\"ImageObject\",\"inLanguage\":\"en-GB\",\"@id\":\"https:\\\/\\\/secure.gravatar.com\\\/avatar\\\/0c709226af9845d97b126aa0aa80ab42778847ec3d11d741016b74a61174088d?s=96&d=monsterid&r=gf2e0c6a01d766272c6fa8af9e494be28\",\"url\":\"https:\\\/\\\/secure.gravatar.com\\\/avatar\\\/0c709226af9845d97b126aa0aa80ab42778847ec3d11d741016b74a61174088d?s=96&d=monsterid&r=g\",\"contentUrl\":\"https:\\\/\\\/secure.gravatar.com\\\/avatar\\\/0c709226af9845d97b126aa0aa80ab42778847ec3d11d741016b74a61174088d?s=96&d=monsterid&r=g\",\"caption\":\"Teodora \u0218uta\"},\"url\":\"https:\\\/\\\/buletin.de\\\/bucuresti\\\/author\\\/mariasuta\\\/\"}]}<\/script>\n<!-- \/ Yoast SEO Premium plugin. -->","yoast_head_json":{"title":"Un incendiu puternic a izbucnit \u00een parcul IOR - Buletin de Bucure\u0219ti","robots":{"index":"index","follow":"follow","max-snippet":"max-snippet:-1","max-image-preview":"max-image-preview:large","max-video-preview":"max-video-preview:-1"},"canonical":"https:\/\/buletin.de\/bucuresti\/un-incendiu-puternic-a-izbucnit-in-parcul-ior\/","og_locale":"en_GB","og_type":"article","og_title":"Un incendiu puternic a izbucnit \u00een parcul IOR","og_description":"Un incendiu puternic a izbucnit \u00een Parcul IOR din Bucure\u0219ti \u00een aceast\u0103 sear\u0103.\u00a04000 mp de vegeta\u021bie uscat\u0103 ard, \u00een acest moment, \u00een parcul IOR. Patru autospeciale \u00eencearc\u0103 s\u0103 sting\u0103 fl\u0103c\u0103rile.\u00a0Conform autorit\u0103\u021bilor, incendiul nu a produs victime p\u00e2n\u0103 acum. Incendiul se manifest\u0103 \u00een zona retrocedat\u0103 din Parcul IOR din Bucure\u0219ti, \u00een care \u00een decursul anilor recenti [&hellip;]","og_url":"https:\/\/buletin.de\/bucuresti\/un-incendiu-puternic-a-izbucnit-in-parcul-ior\/","og_site_name":"Buletin de Bucure\u0219ti","article_publisher":"https:\/\/www.facebook.com\/buletin.de.buc","article_published_time":"2023-08-29T17:44:01+00:00","og_image":[{"width":889,"height":1600,"url":"https:\/\/buletin.de\/bucuresti\/wp-content\/uploads\/CA8E15C5-D2C9-4EE3-9F20-D19109F7DBBD.jpeg","type":"image\/jpeg"}],"author":"Teodora \u0218uta","twitter_card":"summary_large_image","twitter_misc":{"Written by":"Teodora \u0218uta","Estimated reading time":"1 minute"},"schema":{"@context":"https:\/\/schema.org","@graph":[{"@type":"Article","@id":"https:\/\/buletin.de\/bucuresti\/un-incendiu-puternic-a-izbucnit-in-parcul-ior\/#article","isPartOf":{"@id":"https:\/\/buletin.de\/bucuresti\/un-incendiu-puternic-a-izbucnit-in-parcul-ior\/"},"author":{"name":"Teodora \u0218uta","@id":"https:\/\/buletin.de\/bucuresti\/#\/schema\/person\/5d54908fa90ab7ad3b2e88152efd6845"},"headline":"Un incendiu puternic a izbucnit \u00een parcul IOR","datePublished":"2023-08-29T17:44:01+00:00","mainEntityOfPage":{"@id":"https:\/\/buletin.de\/bucuresti\/un-incendiu-puternic-a-izbucnit-in-parcul-ior\/"},"wordCount":109,"commentCount":0,"publisher":{"@id":"https:\/\/buletin.de\/bucuresti\/#organization"},"image":{"@id":"https:\/\/buletin.de\/bucuresti\/un-incendiu-puternic-a-izbucnit-in-parcul-ior\/#primaryimage"},"thumbnailUrl":"https:\/\/buletin.de\/bucuresti\/wp-content\/uploads\/CA8E15C5-D2C9-4EE3-9F20-D19109F7DBBD.jpeg","keywords":["incendiu","parcul IOR"],"articleSection":["\u0218tiri"],"inLanguage":"en-GB","potentialAction":[{"@type":"CommentAction","name":"Comment","target":["https:\/\/buletin.de\/bucuresti\/un-incendiu-puternic-a-izbucnit-in-parcul-ior\/#respond"]}],"copyrightYear":"2023","copyrightHolder":{"@id":"https:\/\/buletin.de\/bucuresti\/#organization"}},{"@type":"WebPage","@id":"https:\/\/buletin.de\/bucuresti\/un-incendiu-puternic-a-izbucnit-in-parcul-ior\/","url":"https:\/\/buletin.de\/bucuresti\/un-incendiu-puternic-a-izbucnit-in-parcul-ior\/","name":"Un incendiu puternic a izbucnit \u00een parcul IOR - Buletin de Bucure\u0219ti","isPartOf":{"@id":"https:\/\/buletin.de\/bucuresti\/#website"},"primaryImageOfPage":{"@id":"https:\/\/buletin.de\/bucuresti\/un-incendiu-puternic-a-izbucnit-in-parcul-ior\/#primaryimage"},"image":{"@id":"https:\/\/buletin.de\/bucuresti\/un-incendiu-puternic-a-izbucnit-in-parcul-ior\/#primaryimage"},"thumbnailUrl":"https:\/\/buletin.de\/bucuresti\/wp-content\/uploads\/CA8E15C5-D2C9-4EE3-9F20-D19109F7DBBD.jpeg","datePublished":"2023-08-29T17:44:01+00:00","breadcrumb":{"@id":"https:\/\/buletin.de\/bucuresti\/un-incendiu-puternic-a-izbucnit-in-parcul-ior\/#breadcrumb"},"inLanguage":"en-GB","potentialAction":[{"@type":"ReadAction","target":["https:\/\/buletin.de\/bucuresti\/un-incendiu-puternic-a-izbucnit-in-parcul-ior\/"]}]},{"@type":"ImageObject","inLanguage":"en-GB","@id":"https:\/\/buletin.de\/bucuresti\/un-incendiu-puternic-a-izbucnit-in-parcul-ior\/#primaryimage","url":"https:\/\/buletin.de\/bucuresti\/wp-content\/uploads\/CA8E15C5-D2C9-4EE3-9F20-D19109F7DBBD.jpeg","contentUrl":"https:\/\/buletin.de\/bucuresti\/wp-content\/uploads\/CA8E15C5-D2C9-4EE3-9F20-D19109F7DBBD.jpeg","width":889,"height":1600},{"@type":"BreadcrumbList","@id":"https:\/\/buletin.de\/bucuresti\/un-incendiu-puternic-a-izbucnit-in-parcul-ior\/#breadcrumb","itemListElement":[{"@type":"ListItem","position":1,"name":"Acas\u0103","item":"https:\/\/buletin.de\/bucuresti\/"},{"@type":"ListItem","position":2,"name":"Un incendiu puternic a izbucnit \u00een parcul IOR"}]},{"@type":"WebSite","@id":"https:\/\/buletin.de\/bucuresti\/#website","url":"https:\/\/buletin.de\/bucuresti\/","name":"Buletin de Bucure\u0219ti","description":"\u0218tiri \u0219i investiga\u021bii esen\u021biale din capital\u0103","publisher":{"@id":"https:\/\/buletin.de\/bucuresti\/#organization"},"potentialAction":[{"@type":"SearchAction","target":{"@type":"EntryPoint","urlTemplate":"https:\/\/buletin.de\/bucuresti\/?s={search_term_string}"},"query-input":{"@type":"PropertyValueSpecification","valueRequired":true,"valueName":"search_term_string"}}],"inLanguage":"en-GB"},{"@type":"Organization","@id":"https:\/\/buletin.de\/bucuresti\/#organization","name":"Buletin de Bucure\u0219ti","url":"https:\/\/buletin.de\/bucuresti\/","logo":{"@type":"ImageObject","inLanguage":"en-GB","@id":"https:\/\/buletin.de\/bucuresti\/#\/schema\/logo\/image\/","url":"https:\/\/buletin.de\/bucuresti\/wp-content\/uploads\/logo-bdb-full-wide-vernil-transparent.png","contentUrl":"https:\/\/buletin.de\/bucuresti\/wp-content\/uploads\/logo-bdb-full-wide-vernil-transparent.png","width":1782,"height":626,"caption":"Buletin de Bucure\u0219ti"},"image":{"@id":"https:\/\/buletin.de\/bucuresti\/#\/schema\/logo\/image\/"},"sameAs":["https:\/\/www.facebook.com\/buletin.de.buc","https:\/\/www.instagram.com\/buletinde.bucuresti\/"]},{"@type":"Person","@id":"https:\/\/buletin.de\/bucuresti\/#\/schema\/person\/5d54908fa90ab7ad3b2e88152efd6845","name":"Teodora \u0218uta","image":{"@type":"ImageObject","inLanguage":"en-GB","@id":"https:\/\/secure.gravatar.com\/avatar\/0c709226af9845d97b126aa0aa80ab42778847ec3d11d741016b74a61174088d?s=96&d=monsterid&r=gf2e0c6a01d766272c6fa8af9e494be28","url":"https:\/\/secure.gravatar.com\/avatar\/0c709226af9845d97b126aa0aa80ab42778847ec3d11d741016b74a61174088d?s=96&d=monsterid&r=g","contentUrl":"https:\/\/secure.gravatar.com\/avatar\/0c709226af9845d97b126aa0aa80ab42778847ec3d11d741016b74a61174088d?s=96&d=monsterid&r=g","caption":"Teodora \u0218uta"},"url":"https:\/\/buletin.de\/bucuresti\/author\/mariasuta\/"}]}},"authors":[{"term_id":22604,"user_id":45,"is_guest":0,"slug":"mariasuta","display_name":"Teodora \u0218uta","avatar_url":"https:\/\/secure.gravatar.com\/avatar\/0c709226af9845d97b126aa0aa80ab42778847ec3d11d741016b74a61174088d?s=96&d=monsterid&r=g","0":null,"1":"","2":"","3":"","4":"","5":"","6":"","7":"","8":""}],"_links":{"self":[{"href":"https:\/\/buletin.de\/bucuresti\/wp-json\/wp\/v2\/posts\/62212","targetHints":{"allow":["GET"]}}],"collection":[{"href":"https:\/\/buletin.de\/bucuresti\/wp-json\/wp\/v2\/posts"}],"about":[{"href":"https:\/\/buletin.de\/bucuresti\/wp-json\/wp\/v2\/types\/post"}],"author":[{"embeddable":true,"href":"https:\/\/buletin.de\/bucuresti\/wp-json\/wp\/v2\/users\/45"}],"replies":[{"embeddable":true,"href":"https:\/\/buletin.de\/bucuresti\/wp-json\/wp\/v2\/comments?post=62212"}],"version-history":[{"count":0,"href":"https:\/\/buletin.de\/bucuresti\/wp-json\/wp\/v2\/posts\/62212\/revisions"}],"wp:featuredmedia":[{"embeddable":true,"href":"https:\/\/buletin.de\/bucuresti\/wp-json\/wp\/v2\/media\/62213"}],"wp:attachment":[{"href":"https:\/\/buletin.de\/bucuresti\/wp-json\/wp\/v2\/media?parent=62212"}],"wp:term":[{"taxonomy":"category","embeddable":true,"href":"https:\/\/buletin.de\/bucuresti\/wp-json\/wp\/v2\/categories?post=62212"},{"taxonomy":"post_tag","embeddable":true,"href":"https:\/\/buletin.de\/bucuresti\/wp-json\/wp\/v2\/tags?post=62212"},{"taxonomy":"author","embeddable":true,"href":"https:\/\/buletin.de\/bucuresti\/wp-json\/wp\/v2\/ppma_author?post=62212"}],"curies":[{"name":"wp","href":"https:\/\/api.w.org\/{rel}","templated":true}]}}