{"id":62210,"date":"2023-08-29T12:32:52","date_gmt":"2023-08-29T10:32:52","guid":{"rendered":"https:\/\/buletin.de\/bucuresti\/primaria-municipiului-bucuresti-si-federatia-romana-de-automobilism-sportiv-vor-organiza-campionatul-national-super-rally\/"},"modified":"2023-08-29T12:32:52","modified_gmt":"2023-08-29T10:32:52","slug":"primaria-municipiului-bucuresti-si-federatia-romana-de-automobilism-sportiv-vor-organiza-campionatul-national-super-rally","status":"publish","type":"post","link":"https:\/\/buletin.de\/bucuresti\/primaria-municipiului-bucuresti-si-federatia-romana-de-automobilism-sportiv-vor-organiza-campionatul-national-super-rally\/","title":{"rendered":"Prim\u0103ria Municipiului Bucure\u0219ti \u0219i Federa\u021bia Rom\u00e2n\u0103 de Automobilism Sportiv vor organiza Campionatul Na\u021bional \u201eSuper Rally\u201d"},"content":{"rendered":"\n<p><strong>Campionatul Na\u021bional \u201eSuper Rally\u201d va avea loc \u00eentre 6-7 octombrie la Bucure\u0219ti. Evenimentul sportiv va fi organizat at\u00e2t de Prim\u0103ria Muncipiului Bucure\u0219ti, c\u00e2t \u0219i de Federa\u021bia Rom\u00e2n\u0103 de Automobilism Sportiv.<\/strong><\/p>\n\n\n\n<p>Prin aceast\u0103 competi\u021bie sportiv\u0103 se urm\u0103re\u0219te \u00eencurajarea sportului de performan\u021b\u0103 la nivelul Municipiului Bucure\u0219ti, precum \u0219i de promovare a educa\u021biei rutiere \u0219i a energiei curate, dar \u0219i dezvoltarea prin activit\u0103\u021bi de con\u0219tientizare a publicului asupra importan\u021bei ma\u0219inilor electrice \u0219i impactul lor asupra polu\u0103rii. Municipiul Bucure\u0219ti va asigura din bugetul local aproximativ 190.000 de lei pentru acoperirea unor cheltuieli necesare pentru organizarea \u0219i desf\u0103\u0219urarea evenimentului sportiv.&nbsp;<\/p>\n\n\n\n<p>Federa\u021bia Rom\u00e2n\u0103 de Automobilism Sportiv, unul dintre organizatorii evenimentului, are ca scop organizarea, arbitrarea \u0219i dezvoltarea practic\u0103rii sportului automobilistic din Rom\u00e2nia. Pentru realizarea scopului s\u0103u, FRAS urm\u0103re\u0219te promovarea practic\u0103rii automobilismului sportiv \u00eentr-un cadru organizat, \u00een special \u00een r\u00e2ndul tineretului, contribuind astfel la reducerea accidentelor rutiere cauzate de lipsa de experien\u021b\u0103 a acestora \u00een conducerea automobilului. <\/p>\n\n\n\n<p>De asemenea, FRAS urm\u0103re\u0219te s\u0103 ob\u021bin\u0103 recunoa\u0219terea Interna\u021bional\u0103 pentru sportul automobilistic rom\u00e2nesc.<\/p>\n\n\n\n<p>\u00cen edi\u021bia din 2022 au participat 24 de concuren\u021bi, iar cursa a avut loc \u00een zona Parcului Her\u0103str\u0103u \u0219i \u0218oseaua Pavel D. Kiseleff. Evenimentul sportiv \u201eCampionatul Na\u021bional Super Rally\u201d reprezint\u0103 un proiect complex care ini\u0163iaz\u0103, sus\u0163ine \u015fi implementeaz\u0103 activit\u0103\u021bi, campanii \u015fi evenimente pe teme de motorsport. Acestea au un mare impact social \u0219i se bucur\u0103 de participare na\u021bional\u0103 \u015fi interna\u021bional\u0103. Competi\u0163ia atrage anual aproximativ 15.000 de spectatori, num\u0103r aflat \u00een cre\u015ftere de la an la an odat\u0103 cu cre\u015fterea interesul cet\u0103\u0163enilor pentru acest tip de evenimente stradale.<br><br><strong>Foto<\/strong>: Pagina de Facebook \u201eCampionatul Na\u021bional de Super Rally\u201c <\/p>\n","protected":false},"excerpt":{"rendered":"<p>Campionatul Na\u021bional \u201eSuper Rally\u201d va avea loc \u00eentre 6-7 octombrie la Bucure\u0219ti. Evenimentul sportiv va fi organizat at\u00e2t de Prim\u0103ria Muncipiului Bucure\u0219ti, c\u00e2t \u0219i de Federa\u021bia Rom\u00e2n\u0103 de Automobilism Sportiv. Prin aceast\u0103 competi\u021bie sportiv\u0103 se urm\u0103re\u0219te \u00eencurajarea sportului de performan\u021b\u0103 la nivelul Municipiului Bucure\u0219ti, precum \u0219i de promovare a educa\u021biei rutiere \u0219i a energiei curate, [&hellip;]<\/p>\n","protected":false},"author":45,"featured_media":62211,"comment_status":"open","ping_status":"open","sticky":false,"template":"","format":"standard","meta":{"_acf_changed":false,"inline_featured_image":false,"ngg_post_thumbnail":0,"footnotes":""},"categories":[62],"tags":[6841,263,104],"ppma_author":[22604],"class_list":["post-62210","post","type-post","status-publish","format-standard","has-post-thumbnail","hentry","category-stiri","tag-campionat-national-de-super-rally","tag-competitie-sportiva","tag-pmb"],"acf":[],"yoast_head":"<!-- This site is optimized with the Yoast SEO Premium plugin v25.3 (Yoast SEO v27.4) - https:\/\/yoast.com\/product\/yoast-seo-premium-wordpress\/ -->\n<title>Prim\u0103ria Municipiului Bucure\u0219ti \u0219i Federa\u021bia Rom\u00e2n\u0103 de Automobilism Sportiv vor organiza Campionatul Na\u021bional \u201eSuper Rally\u201d - Buletin de Bucure\u0219ti<\/title>\n<meta name=\"robots\" content=\"index, follow, max-snippet:-1, max-image-preview:large, max-video-preview:-1\" \/>\n<link rel=\"canonical\" href=\"https:\/\/buletin.de\/bucuresti\/primaria-municipiului-bucuresti-si-federatia-romana-de-automobilism-sportiv-vor-organiza-campionatul-national-super-rally\/\" \/>\n<meta property=\"og:locale\" content=\"en_GB\" \/>\n<meta property=\"og:type\" content=\"article\" \/>\n<meta property=\"og:title\" content=\"Prim\u0103ria Municipiului Bucure\u0219ti \u0219i Federa\u021bia Rom\u00e2n\u0103 de Automobilism Sportiv vor organiza Campionatul Na\u021bional \u201eSuper Rally\u201d\" \/>\n<meta property=\"og:description\" content=\"Campionatul Na\u021bional \u201eSuper Rally\u201d va avea loc \u00eentre 6-7 octombrie la Bucure\u0219ti. Evenimentul sportiv va fi organizat at\u00e2t de Prim\u0103ria Muncipiului Bucure\u0219ti, c\u00e2t \u0219i de Federa\u021bia Rom\u00e2n\u0103 de Automobilism Sportiv. Prin aceast\u0103 competi\u021bie sportiv\u0103 se urm\u0103re\u0219te \u00eencurajarea sportului de performan\u021b\u0103 la nivelul Municipiului Bucure\u0219ti, precum \u0219i de promovare a educa\u021biei rutiere \u0219i a energiei curate, [&hellip;]\" \/>\n<meta property=\"og:url\" content=\"https:\/\/buletin.de\/bucuresti\/primaria-municipiului-bucuresti-si-federatia-romana-de-automobilism-sportiv-vor-organiza-campionatul-national-super-rally\/\" \/>\n<meta property=\"og:site_name\" content=\"Buletin de Bucure\u0219ti\" \/>\n<meta property=\"article:publisher\" content=\"https:\/\/www.facebook.com\/buletin.de.buc\" \/>\n<meta property=\"article:published_time\" content=\"2023-08-29T10:32:52+00:00\" \/>\n<meta property=\"og:image\" content=\"https:\/\/buletin.de\/bucuresti\/wp-content\/uploads\/242463634_916855975599443_4321428547662356347_n.jpg\" \/>\n\t<meta property=\"og:image:width\" content=\"1049\" \/>\n\t<meta property=\"og:image:height\" content=\"700\" \/>\n\t<meta property=\"og:image:type\" content=\"image\/jpeg\" \/>\n<meta name=\"author\" content=\"Teodora \u0218uta\" \/>\n<meta name=\"twitter:card\" content=\"summary_large_image\" \/>\n<meta name=\"twitter:label1\" content=\"Written by\" \/>\n\t<meta name=\"twitter:data1\" content=\"Teodora \u0218uta\" \/>\n\t<meta name=\"twitter:label2\" content=\"Estimated reading time\" \/>\n\t<meta name=\"twitter:data2\" content=\"2 minutes\" \/>\n<script type=\"application\/ld+json\" class=\"yoast-schema-graph\">{\"@context\":\"https:\\\/\\\/schema.org\",\"@graph\":[{\"@type\":\"Article\",\"@id\":\"https:\\\/\\\/buletin.de\\\/bucuresti\\\/primaria-municipiului-bucuresti-si-federatia-romana-de-automobilism-sportiv-vor-organiza-campionatul-national-super-rally\\\/#article\",\"isPartOf\":{\"@id\":\"https:\\\/\\\/buletin.de\\\/bucuresti\\\/primaria-municipiului-bucuresti-si-federatia-romana-de-automobilism-sportiv-vor-organiza-campionatul-national-super-rally\\\/\"},\"author\":{\"name\":\"Teodora \u0218uta\",\"@id\":\"https:\\\/\\\/buletin.de\\\/bucuresti\\\/#\\\/schema\\\/person\\\/5d54908fa90ab7ad3b2e88152efd6845\"},\"headline\":\"Prim\u0103ria Municipiului Bucure\u0219ti \u0219i Federa\u021bia Rom\u00e2n\u0103 de Automobilism Sportiv vor organiza Campionatul Na\u021bional \u201eSuper Rally\u201d\",\"datePublished\":\"2023-08-29T10:32:52+00:00\",\"mainEntityOfPage\":{\"@id\":\"https:\\\/\\\/buletin.de\\\/bucuresti\\\/primaria-municipiului-bucuresti-si-federatia-romana-de-automobilism-sportiv-vor-organiza-campionatul-national-super-rally\\\/\"},\"wordCount\":326,\"commentCount\":0,\"publisher\":{\"@id\":\"https:\\\/\\\/buletin.de\\\/bucuresti\\\/#organization\"},\"image\":{\"@id\":\"https:\\\/\\\/buletin.de\\\/bucuresti\\\/primaria-municipiului-bucuresti-si-federatia-romana-de-automobilism-sportiv-vor-organiza-campionatul-national-super-rally\\\/#primaryimage\"},\"thumbnailUrl\":\"https:\\\/\\\/buletin.de\\\/bucuresti\\\/wp-content\\\/uploads\\\/242463634_916855975599443_4321428547662356347_n.jpg\",\"keywords\":[\"Campionat Na\u021bional de Super Rally\",\"competitie sportiva\",\"pmb\"],\"articleSection\":[\"\u0218tiri\"],\"inLanguage\":\"en-GB\",\"potentialAction\":[{\"@type\":\"CommentAction\",\"name\":\"Comment\",\"target\":[\"https:\\\/\\\/buletin.de\\\/bucuresti\\\/primaria-municipiului-bucuresti-si-federatia-romana-de-automobilism-sportiv-vor-organiza-campionatul-national-super-rally\\\/#respond\"]}],\"copyrightYear\":\"2023\",\"copyrightHolder\":{\"@id\":\"https:\\\/\\\/buletin.de\\\/bucuresti\\\/#organization\"}},{\"@type\":\"WebPage\",\"@id\":\"https:\\\/\\\/buletin.de\\\/bucuresti\\\/primaria-municipiului-bucuresti-si-federatia-romana-de-automobilism-sportiv-vor-organiza-campionatul-national-super-rally\\\/\",\"url\":\"https:\\\/\\\/buletin.de\\\/bucuresti\\\/primaria-municipiului-bucuresti-si-federatia-romana-de-automobilism-sportiv-vor-organiza-campionatul-national-super-rally\\\/\",\"name\":\"Prim\u0103ria Municipiului Bucure\u0219ti \u0219i Federa\u021bia Rom\u00e2n\u0103 de Automobilism Sportiv vor organiza Campionatul Na\u021bional \u201eSuper Rally\u201d - Buletin de Bucure\u0219ti\",\"isPartOf\":{\"@id\":\"https:\\\/\\\/buletin.de\\\/bucuresti\\\/#website\"},\"primaryImageOfPage\":{\"@id\":\"https:\\\/\\\/buletin.de\\\/bucuresti\\\/primaria-municipiului-bucuresti-si-federatia-romana-de-automobilism-sportiv-vor-organiza-campionatul-national-super-rally\\\/#primaryimage\"},\"image\":{\"@id\":\"https:\\\/\\\/buletin.de\\\/bucuresti\\\/primaria-municipiului-bucuresti-si-federatia-romana-de-automobilism-sportiv-vor-organiza-campionatul-national-super-rally\\\/#primaryimage\"},\"thumbnailUrl\":\"https:\\\/\\\/buletin.de\\\/bucuresti\\\/wp-content\\\/uploads\\\/242463634_916855975599443_4321428547662356347_n.jpg\",\"datePublished\":\"2023-08-29T10:32:52+00:00\",\"breadcrumb\":{\"@id\":\"https:\\\/\\\/buletin.de\\\/bucuresti\\\/primaria-municipiului-bucuresti-si-federatia-romana-de-automobilism-sportiv-vor-organiza-campionatul-national-super-rally\\\/#breadcrumb\"},\"inLanguage\":\"en-GB\",\"potentialAction\":[{\"@type\":\"ReadAction\",\"target\":[\"https:\\\/\\\/buletin.de\\\/bucuresti\\\/primaria-municipiului-bucuresti-si-federatia-romana-de-automobilism-sportiv-vor-organiza-campionatul-national-super-rally\\\/\"]}]},{\"@type\":\"ImageObject\",\"inLanguage\":\"en-GB\",\"@id\":\"https:\\\/\\\/buletin.de\\\/bucuresti\\\/primaria-municipiului-bucuresti-si-federatia-romana-de-automobilism-sportiv-vor-organiza-campionatul-national-super-rally\\\/#primaryimage\",\"url\":\"https:\\\/\\\/buletin.de\\\/bucuresti\\\/wp-content\\\/uploads\\\/242463634_916855975599443_4321428547662356347_n.jpg\",\"contentUrl\":\"https:\\\/\\\/buletin.de\\\/bucuresti\\\/wp-content\\\/uploads\\\/242463634_916855975599443_4321428547662356347_n.jpg\",\"width\":1049,\"height\":700},{\"@type\":\"BreadcrumbList\",\"@id\":\"https:\\\/\\\/buletin.de\\\/bucuresti\\\/primaria-municipiului-bucuresti-si-federatia-romana-de-automobilism-sportiv-vor-organiza-campionatul-national-super-rally\\\/#breadcrumb\",\"itemListElement\":[{\"@type\":\"ListItem\",\"position\":1,\"name\":\"Acas\u0103\",\"item\":\"https:\\\/\\\/buletin.de\\\/bucuresti\\\/\"},{\"@type\":\"ListItem\",\"position\":2,\"name\":\"Prim\u0103ria Municipiului Bucure\u0219ti \u0219i Federa\u021bia Rom\u00e2n\u0103 de Automobilism Sportiv vor organiza Campionatul Na\u021bional \u201eSuper Rally\u201d\"}]},{\"@type\":\"WebSite\",\"@id\":\"https:\\\/\\\/buletin.de\\\/bucuresti\\\/#website\",\"url\":\"https:\\\/\\\/buletin.de\\\/bucuresti\\\/\",\"name\":\"Buletin de Bucure\u0219ti\",\"description\":\"\u0218tiri \u0219i investiga\u021bii esen\u021biale din capital\u0103\",\"publisher\":{\"@id\":\"https:\\\/\\\/buletin.de\\\/bucuresti\\\/#organization\"},\"potentialAction\":[{\"@type\":\"SearchAction\",\"target\":{\"@type\":\"EntryPoint\",\"urlTemplate\":\"https:\\\/\\\/buletin.de\\\/bucuresti\\\/?s={search_term_string}\"},\"query-input\":{\"@type\":\"PropertyValueSpecification\",\"valueRequired\":true,\"valueName\":\"search_term_string\"}}],\"inLanguage\":\"en-GB\"},{\"@type\":\"Organization\",\"@id\":\"https:\\\/\\\/buletin.de\\\/bucuresti\\\/#organization\",\"name\":\"Buletin de Bucure\u0219ti\",\"url\":\"https:\\\/\\\/buletin.de\\\/bucuresti\\\/\",\"logo\":{\"@type\":\"ImageObject\",\"inLanguage\":\"en-GB\",\"@id\":\"https:\\\/\\\/buletin.de\\\/bucuresti\\\/#\\\/schema\\\/logo\\\/image\\\/\",\"url\":\"https:\\\/\\\/buletin.de\\\/bucuresti\\\/wp-content\\\/uploads\\\/logo-bdb-full-wide-vernil-transparent.png\",\"contentUrl\":\"https:\\\/\\\/buletin.de\\\/bucuresti\\\/wp-content\\\/uploads\\\/logo-bdb-full-wide-vernil-transparent.png\",\"width\":1782,\"height\":626,\"caption\":\"Buletin de Bucure\u0219ti\"},\"image\":{\"@id\":\"https:\\\/\\\/buletin.de\\\/bucuresti\\\/#\\\/schema\\\/logo\\\/image\\\/\"},\"sameAs\":[\"https:\\\/\\\/www.facebook.com\\\/buletin.de.buc\",\"https:\\\/\\\/www.instagram.com\\\/buletinde.bucuresti\\\/\"]},{\"@type\":\"Person\",\"@id\":\"https:\\\/\\\/buletin.de\\\/bucuresti\\\/#\\\/schema\\\/person\\\/5d54908fa90ab7ad3b2e88152efd6845\",\"name\":\"Teodora \u0218uta\",\"image\":{\"@type\":\"ImageObject\",\"inLanguage\":\"en-GB\",\"@id\":\"https:\\\/\\\/secure.gravatar.com\\\/avatar\\\/0c709226af9845d97b126aa0aa80ab42778847ec3d11d741016b74a61174088d?s=96&d=monsterid&r=gf2e0c6a01d766272c6fa8af9e494be28\",\"url\":\"https:\\\/\\\/secure.gravatar.com\\\/avatar\\\/0c709226af9845d97b126aa0aa80ab42778847ec3d11d741016b74a61174088d?s=96&d=monsterid&r=g\",\"contentUrl\":\"https:\\\/\\\/secure.gravatar.com\\\/avatar\\\/0c709226af9845d97b126aa0aa80ab42778847ec3d11d741016b74a61174088d?s=96&d=monsterid&r=g\",\"caption\":\"Teodora \u0218uta\"},\"url\":\"https:\\\/\\\/buletin.de\\\/bucuresti\\\/author\\\/mariasuta\\\/\"}]}<\/script>\n<!-- \/ Yoast SEO Premium plugin. -->","yoast_head_json":{"title":"Prim\u0103ria Municipiului Bucure\u0219ti \u0219i Federa\u021bia Rom\u00e2n\u0103 de Automobilism Sportiv vor organiza Campionatul Na\u021bional \u201eSuper Rally\u201d - Buletin de Bucure\u0219ti","robots":{"index":"index","follow":"follow","max-snippet":"max-snippet:-1","max-image-preview":"max-image-preview:large","max-video-preview":"max-video-preview:-1"},"canonical":"https:\/\/buletin.de\/bucuresti\/primaria-municipiului-bucuresti-si-federatia-romana-de-automobilism-sportiv-vor-organiza-campionatul-national-super-rally\/","og_locale":"en_GB","og_type":"article","og_title":"Prim\u0103ria Municipiului Bucure\u0219ti \u0219i Federa\u021bia Rom\u00e2n\u0103 de Automobilism Sportiv vor organiza Campionatul Na\u021bional \u201eSuper Rally\u201d","og_description":"Campionatul Na\u021bional \u201eSuper Rally\u201d va avea loc \u00eentre 6-7 octombrie la Bucure\u0219ti. Evenimentul sportiv va fi organizat at\u00e2t de Prim\u0103ria Muncipiului Bucure\u0219ti, c\u00e2t \u0219i de Federa\u021bia Rom\u00e2n\u0103 de Automobilism Sportiv. Prin aceast\u0103 competi\u021bie sportiv\u0103 se urm\u0103re\u0219te \u00eencurajarea sportului de performan\u021b\u0103 la nivelul Municipiului Bucure\u0219ti, precum \u0219i de promovare a educa\u021biei rutiere \u0219i a energiei curate, [&hellip;]","og_url":"https:\/\/buletin.de\/bucuresti\/primaria-municipiului-bucuresti-si-federatia-romana-de-automobilism-sportiv-vor-organiza-campionatul-national-super-rally\/","og_site_name":"Buletin de Bucure\u0219ti","article_publisher":"https:\/\/www.facebook.com\/buletin.de.buc","article_published_time":"2023-08-29T10:32:52+00:00","og_image":[{"width":1049,"height":700,"url":"https:\/\/buletin.de\/bucuresti\/wp-content\/uploads\/242463634_916855975599443_4321428547662356347_n.jpg","type":"image\/jpeg"}],"author":"Teodora \u0218uta","twitter_card":"summary_large_image","twitter_misc":{"Written by":"Teodora \u0218uta","Estimated reading time":"2 minutes"},"schema":{"@context":"https:\/\/schema.org","@graph":[{"@type":"Article","@id":"https:\/\/buletin.de\/bucuresti\/primaria-municipiului-bucuresti-si-federatia-romana-de-automobilism-sportiv-vor-organiza-campionatul-national-super-rally\/#article","isPartOf":{"@id":"https:\/\/buletin.de\/bucuresti\/primaria-municipiului-bucuresti-si-federatia-romana-de-automobilism-sportiv-vor-organiza-campionatul-national-super-rally\/"},"author":{"name":"Teodora \u0218uta","@id":"https:\/\/buletin.de\/bucuresti\/#\/schema\/person\/5d54908fa90ab7ad3b2e88152efd6845"},"headline":"Prim\u0103ria Municipiului Bucure\u0219ti \u0219i Federa\u021bia Rom\u00e2n\u0103 de Automobilism Sportiv vor organiza Campionatul Na\u021bional \u201eSuper Rally\u201d","datePublished":"2023-08-29T10:32:52+00:00","mainEntityOfPage":{"@id":"https:\/\/buletin.de\/bucuresti\/primaria-municipiului-bucuresti-si-federatia-romana-de-automobilism-sportiv-vor-organiza-campionatul-national-super-rally\/"},"wordCount":326,"commentCount":0,"publisher":{"@id":"https:\/\/buletin.de\/bucuresti\/#organization"},"image":{"@id":"https:\/\/buletin.de\/bucuresti\/primaria-municipiului-bucuresti-si-federatia-romana-de-automobilism-sportiv-vor-organiza-campionatul-national-super-rally\/#primaryimage"},"thumbnailUrl":"https:\/\/buletin.de\/bucuresti\/wp-content\/uploads\/242463634_916855975599443_4321428547662356347_n.jpg","keywords":["Campionat Na\u021bional de Super Rally","competitie sportiva","pmb"],"articleSection":["\u0218tiri"],"inLanguage":"en-GB","potentialAction":[{"@type":"CommentAction","name":"Comment","target":["https:\/\/buletin.de\/bucuresti\/primaria-municipiului-bucuresti-si-federatia-romana-de-automobilism-sportiv-vor-organiza-campionatul-national-super-rally\/#respond"]}],"copyrightYear":"2023","copyrightHolder":{"@id":"https:\/\/buletin.de\/bucuresti\/#organization"}},{"@type":"WebPage","@id":"https:\/\/buletin.de\/bucuresti\/primaria-municipiului-bucuresti-si-federatia-romana-de-automobilism-sportiv-vor-organiza-campionatul-national-super-rally\/","url":"https:\/\/buletin.de\/bucuresti\/primaria-municipiului-bucuresti-si-federatia-romana-de-automobilism-sportiv-vor-organiza-campionatul-national-super-rally\/","name":"Prim\u0103ria Municipiului Bucure\u0219ti \u0219i Federa\u021bia Rom\u00e2n\u0103 de Automobilism Sportiv vor organiza Campionatul Na\u021bional \u201eSuper Rally\u201d - Buletin de Bucure\u0219ti","isPartOf":{"@id":"https:\/\/buletin.de\/bucuresti\/#website"},"primaryImageOfPage":{"@id":"https:\/\/buletin.de\/bucuresti\/primaria-municipiului-bucuresti-si-federatia-romana-de-automobilism-sportiv-vor-organiza-campionatul-national-super-rally\/#primaryimage"},"image":{"@id":"https:\/\/buletin.de\/bucuresti\/primaria-municipiului-bucuresti-si-federatia-romana-de-automobilism-sportiv-vor-organiza-campionatul-national-super-rally\/#primaryimage"},"thumbnailUrl":"https:\/\/buletin.de\/bucuresti\/wp-content\/uploads\/242463634_916855975599443_4321428547662356347_n.jpg","datePublished":"2023-08-29T10:32:52+00:00","breadcrumb":{"@id":"https:\/\/buletin.de\/bucuresti\/primaria-municipiului-bucuresti-si-federatia-romana-de-automobilism-sportiv-vor-organiza-campionatul-national-super-rally\/#breadcrumb"},"inLanguage":"en-GB","potentialAction":[{"@type":"ReadAction","target":["https:\/\/buletin.de\/bucuresti\/primaria-municipiului-bucuresti-si-federatia-romana-de-automobilism-sportiv-vor-organiza-campionatul-national-super-rally\/"]}]},{"@type":"ImageObject","inLanguage":"en-GB","@id":"https:\/\/buletin.de\/bucuresti\/primaria-municipiului-bucuresti-si-federatia-romana-de-automobilism-sportiv-vor-organiza-campionatul-national-super-rally\/#primaryimage","url":"https:\/\/buletin.de\/bucuresti\/wp-content\/uploads\/242463634_916855975599443_4321428547662356347_n.jpg","contentUrl":"https:\/\/buletin.de\/bucuresti\/wp-content\/uploads\/242463634_916855975599443_4321428547662356347_n.jpg","width":1049,"height":700},{"@type":"BreadcrumbList","@id":"https:\/\/buletin.de\/bucuresti\/primaria-municipiului-bucuresti-si-federatia-romana-de-automobilism-sportiv-vor-organiza-campionatul-national-super-rally\/#breadcrumb","itemListElement":[{"@type":"ListItem","position":1,"name":"Acas\u0103","item":"https:\/\/buletin.de\/bucuresti\/"},{"@type":"ListItem","position":2,"name":"Prim\u0103ria Municipiului Bucure\u0219ti \u0219i Federa\u021bia Rom\u00e2n\u0103 de Automobilism Sportiv vor organiza Campionatul Na\u021bional \u201eSuper Rally\u201d"}]},{"@type":"WebSite","@id":"https:\/\/buletin.de\/bucuresti\/#website","url":"https:\/\/buletin.de\/bucuresti\/","name":"Buletin de Bucure\u0219ti","description":"\u0218tiri \u0219i investiga\u021bii esen\u021biale din capital\u0103","publisher":{"@id":"https:\/\/buletin.de\/bucuresti\/#organization"},"potentialAction":[{"@type":"SearchAction","target":{"@type":"EntryPoint","urlTemplate":"https:\/\/buletin.de\/bucuresti\/?s={search_term_string}"},"query-input":{"@type":"PropertyValueSpecification","valueRequired":true,"valueName":"search_term_string"}}],"inLanguage":"en-GB"},{"@type":"Organization","@id":"https:\/\/buletin.de\/bucuresti\/#organization","name":"Buletin de Bucure\u0219ti","url":"https:\/\/buletin.de\/bucuresti\/","logo":{"@type":"ImageObject","inLanguage":"en-GB","@id":"https:\/\/buletin.de\/bucuresti\/#\/schema\/logo\/image\/","url":"https:\/\/buletin.de\/bucuresti\/wp-content\/uploads\/logo-bdb-full-wide-vernil-transparent.png","contentUrl":"https:\/\/buletin.de\/bucuresti\/wp-content\/uploads\/logo-bdb-full-wide-vernil-transparent.png","width":1782,"height":626,"caption":"Buletin de Bucure\u0219ti"},"image":{"@id":"https:\/\/buletin.de\/bucuresti\/#\/schema\/logo\/image\/"},"sameAs":["https:\/\/www.facebook.com\/buletin.de.buc","https:\/\/www.instagram.com\/buletinde.bucuresti\/"]},{"@type":"Person","@id":"https:\/\/buletin.de\/bucuresti\/#\/schema\/person\/5d54908fa90ab7ad3b2e88152efd6845","name":"Teodora \u0218uta","image":{"@type":"ImageObject","inLanguage":"en-GB","@id":"https:\/\/secure.gravatar.com\/avatar\/0c709226af9845d97b126aa0aa80ab42778847ec3d11d741016b74a61174088d?s=96&d=monsterid&r=gf2e0c6a01d766272c6fa8af9e494be28","url":"https:\/\/secure.gravatar.com\/avatar\/0c709226af9845d97b126aa0aa80ab42778847ec3d11d741016b74a61174088d?s=96&d=monsterid&r=g","contentUrl":"https:\/\/secure.gravatar.com\/avatar\/0c709226af9845d97b126aa0aa80ab42778847ec3d11d741016b74a61174088d?s=96&d=monsterid&r=g","caption":"Teodora \u0218uta"},"url":"https:\/\/buletin.de\/bucuresti\/author\/mariasuta\/"}]}},"authors":[{"term_id":22604,"user_id":45,"is_guest":0,"slug":"mariasuta","display_name":"Teodora \u0218uta","avatar_url":"https:\/\/secure.gravatar.com\/avatar\/0c709226af9845d97b126aa0aa80ab42778847ec3d11d741016b74a61174088d?s=96&d=monsterid&r=g","0":null,"1":"","2":"","3":"","4":"","5":"","6":"","7":"","8":""}],"_links":{"self":[{"href":"https:\/\/buletin.de\/bucuresti\/wp-json\/wp\/v2\/posts\/62210","targetHints":{"allow":["GET"]}}],"collection":[{"href":"https:\/\/buletin.de\/bucuresti\/wp-json\/wp\/v2\/posts"}],"about":[{"href":"https:\/\/buletin.de\/bucuresti\/wp-json\/wp\/v2\/types\/post"}],"author":[{"embeddable":true,"href":"https:\/\/buletin.de\/bucuresti\/wp-json\/wp\/v2\/users\/45"}],"replies":[{"embeddable":true,"href":"https:\/\/buletin.de\/bucuresti\/wp-json\/wp\/v2\/comments?post=62210"}],"version-history":[{"count":0,"href":"https:\/\/buletin.de\/bucuresti\/wp-json\/wp\/v2\/posts\/62210\/revisions"}],"wp:featuredmedia":[{"embeddable":true,"href":"https:\/\/buletin.de\/bucuresti\/wp-json\/wp\/v2\/media\/62211"}],"wp:attachment":[{"href":"https:\/\/buletin.de\/bucuresti\/wp-json\/wp\/v2\/media?parent=62210"}],"wp:term":[{"taxonomy":"category","embeddable":true,"href":"https:\/\/buletin.de\/bucuresti\/wp-json\/wp\/v2\/categories?post=62210"},{"taxonomy":"post_tag","embeddable":true,"href":"https:\/\/buletin.de\/bucuresti\/wp-json\/wp\/v2\/tags?post=62210"},{"taxonomy":"author","embeddable":true,"href":"https:\/\/buletin.de\/bucuresti\/wp-json\/wp\/v2\/ppma_author?post=62210"}],"curies":[{"name":"wp","href":"https:\/\/api.w.org\/{rel}","templated":true}]}}