{"id":62177,"date":"2023-08-28T12:17:30","date_gmt":"2023-08-28T10:17:30","guid":{"rendered":"https:\/\/buletin.de\/bucuresti\/festivalul-international-de-teatru-tanar-la-teatrul-excelsior\/"},"modified":"2023-08-28T12:17:30","modified_gmt":"2023-08-28T10:17:30","slug":"festivalul-international-de-teatru-tanar-la-teatrul-excelsior","status":"publish","type":"post","link":"https:\/\/buletin.de\/bucuresti\/festivalul-international-de-teatru-tanar-la-teatrul-excelsior\/","title":{"rendered":"Festivalul Interna\u021bional de Teatru T\u00e2n\u0103r, la Teatrul Excelsior"},"content":{"rendered":"\n<p><strong>\u00cen perioada 7-15 octombrie, Teatrul EXCELSIOR organizeaz\u0103 prima edi\u021bie a X-FEST, Festivalul Interna\u021bional de Teatru T\u00e2n\u0103r EXCELSIOR.<\/strong><\/p>\n\n\n\n<p>Timp de 9 zile se vor desf\u0103\u0219ura 18 reprezenta\u021bii ale unor spectacole relevante pe plan interna\u021bional, realizate de companii \u0219i arti\u0219ti de valoare din Germania, Fran\u021ba, Cehia, Grecia, Bulgaria \u0219i Rom\u00e2nia, pe scenele a 8 teatre bucure\u0219tene : Teatrul EXCELSIOR, Teatrul Na\u021bional \u201eI.L. Caragiale\u201d Bucure\u0219ti, Teatrul Odeon, Teatrul de Comedie, Teatrul Nottara, Teatrul Mic, Teatrul Metropolis, Teatrul Godot.<\/p>\n\n\n\n<p>Teatrul EXCELSIOR va deschide seria spectacolelor din Rom\u00e2nia cu o premier\u0103: \u201eDOU\u0102 ORE CU PAUZ\u0102\u201d, un spectacol de Gianina C\u0103rbunariu. Spectacolul abordeaz\u0103 o tem\u0103 extrem de sensibil\u0103 din istoria noastr\u0103 recent\u0103 \u2013 educa\u021bia institu\u021bionalizat\u0103.&nbsp;Reprezenta\u021bia are loc pe 7 septembrie la ora 18:00.<\/p>\n\n\n\n<p>\u00cen paralel, pe \u00eentreaga perioad\u0103 a Festivalului, se va desf\u0103\u0219ura \u0219i o sec\u021biune de formare pentru tineri care include un Workshop de dramaturgie sus\u021binut de Alexandra Badea, regizor de teatru \u0219i film, dramaturg, romancier, regizor asociat al Teatrului Na\u021bional \u201eLa Colline\u201d din Paris, transmit organizatorii.<\/p>\n","protected":false},"excerpt":{"rendered":"<p>\u00cen perioada 7-15 octombrie, Teatrul EXCELSIOR organizeaz\u0103 prima edi\u021bie a X-FEST, Festivalul Interna\u021bional de Teatru T\u00e2n\u0103r EXCELSIOR. Timp de 9 zile se vor desf\u0103\u0219ura 18 reprezenta\u021bii ale unor spectacole relevante pe plan interna\u021bional, realizate de companii \u0219i arti\u0219ti de valoare din Germania, Fran\u021ba, Cehia, Grecia, Bulgaria \u0219i Rom\u00e2nia, pe scenele a 8 teatre bucure\u0219tene : [&hellip;]<\/p>\n","protected":false},"author":49,"featured_media":62178,"comment_status":"open","ping_status":"open","sticky":false,"template":"","format":"standard","meta":{"_acf_changed":false,"inline_featured_image":false,"ngg_post_thumbnail":0,"footnotes":""},"categories":[62],"tags":[6819,6820,6821],"ppma_author":[22574],"class_list":["post-62177","post","type-post","status-publish","format-standard","has-post-thumbnail","hentry","category-stiri","tag-festival-teatru","tag-teatrul-excelsior","tag-x-fest"],"acf":[],"yoast_head":"<!-- This site is optimized with the Yoast SEO Premium plugin v25.3 (Yoast SEO v27.5) - https:\/\/yoast.com\/product\/yoast-seo-premium-wordpress\/ -->\n<title>Festivalul Interna\u021bional de Teatru T\u00e2n\u0103r, la Teatrul Excelsior - Buletin de Bucure\u0219ti<\/title>\n<meta name=\"robots\" content=\"index, follow, max-snippet:-1, max-image-preview:large, max-video-preview:-1\" \/>\n<link rel=\"canonical\" href=\"https:\/\/buletin.de\/bucuresti\/festivalul-international-de-teatru-tanar-la-teatrul-excelsior\/\" \/>\n<meta property=\"og:locale\" content=\"en_GB\" \/>\n<meta property=\"og:type\" content=\"article\" \/>\n<meta property=\"og:title\" content=\"Festivalul Interna\u021bional de Teatru T\u00e2n\u0103r, la Teatrul Excelsior\" \/>\n<meta property=\"og:description\" content=\"\u00cen perioada 7-15 octombrie, Teatrul EXCELSIOR organizeaz\u0103 prima edi\u021bie a X-FEST, Festivalul Interna\u021bional de Teatru T\u00e2n\u0103r EXCELSIOR. Timp de 9 zile se vor desf\u0103\u0219ura 18 reprezenta\u021bii ale unor spectacole relevante pe plan interna\u021bional, realizate de companii \u0219i arti\u0219ti de valoare din Germania, Fran\u021ba, Cehia, Grecia, Bulgaria \u0219i Rom\u00e2nia, pe scenele a 8 teatre bucure\u0219tene : [&hellip;]\" \/>\n<meta property=\"og:url\" content=\"https:\/\/buletin.de\/bucuresti\/festivalul-international-de-teatru-tanar-la-teatrul-excelsior\/\" \/>\n<meta property=\"og:site_name\" content=\"Buletin de Bucure\u0219ti\" \/>\n<meta property=\"article:publisher\" content=\"https:\/\/www.facebook.com\/buletin.de.buc\" \/>\n<meta property=\"article:published_time\" content=\"2023-08-28T10:17:30+00:00\" \/>\n<meta property=\"og:image\" content=\"https:\/\/buletin.de\/bucuresti\/wp-content\/uploads\/teatru.jpeg\" \/>\n\t<meta property=\"og:image:width\" content=\"2048\" \/>\n\t<meta property=\"og:image:height\" content=\"1164\" \/>\n\t<meta property=\"og:image:type\" content=\"image\/jpeg\" \/>\n<meta name=\"author\" content=\"Diana Matei\" \/>\n<meta name=\"twitter:card\" content=\"summary_large_image\" \/>\n<meta name=\"twitter:label1\" content=\"Written by\" \/>\n\t<meta name=\"twitter:data1\" content=\"Diana Matei\" \/>\n\t<meta name=\"twitter:label2\" content=\"Estimated reading time\" \/>\n\t<meta name=\"twitter:data2\" content=\"1 minute\" \/>\n<script type=\"application\/ld+json\" class=\"yoast-schema-graph\">{\"@context\":\"https:\\\/\\\/schema.org\",\"@graph\":[{\"@type\":\"Article\",\"@id\":\"https:\\\/\\\/buletin.de\\\/bucuresti\\\/festivalul-international-de-teatru-tanar-la-teatrul-excelsior\\\/#article\",\"isPartOf\":{\"@id\":\"https:\\\/\\\/buletin.de\\\/bucuresti\\\/festivalul-international-de-teatru-tanar-la-teatrul-excelsior\\\/\"},\"author\":{\"name\":\"Diana Matei\",\"@id\":\"https:\\\/\\\/buletin.de\\\/bucuresti\\\/#\\\/schema\\\/person\\\/7e46040573290777280a0835d81ea4ea\"},\"headline\":\"Festivalul Interna\u021bional de Teatru T\u00e2n\u0103r, la Teatrul Excelsior\",\"datePublished\":\"2023-08-28T10:17:30+00:00\",\"mainEntityOfPage\":{\"@id\":\"https:\\\/\\\/buletin.de\\\/bucuresti\\\/festivalul-international-de-teatru-tanar-la-teatrul-excelsior\\\/\"},\"wordCount\":191,\"commentCount\":0,\"publisher\":{\"@id\":\"https:\\\/\\\/buletin.de\\\/bucuresti\\\/#organization\"},\"image\":{\"@id\":\"https:\\\/\\\/buletin.de\\\/bucuresti\\\/festivalul-international-de-teatru-tanar-la-teatrul-excelsior\\\/#primaryimage\"},\"thumbnailUrl\":\"https:\\\/\\\/buletin.de\\\/bucuresti\\\/wp-content\\\/uploads\\\/teatru.jpeg\",\"keywords\":[\"festival teatru\",\"teatrul excelsior\",\"x-fest\"],\"articleSection\":[\"\u0218tiri\"],\"inLanguage\":\"en-GB\",\"potentialAction\":[{\"@type\":\"CommentAction\",\"name\":\"Comment\",\"target\":[\"https:\\\/\\\/buletin.de\\\/bucuresti\\\/festivalul-international-de-teatru-tanar-la-teatrul-excelsior\\\/#respond\"]}],\"copyrightYear\":\"2023\",\"copyrightHolder\":{\"@id\":\"https:\\\/\\\/buletin.de\\\/bucuresti\\\/#organization\"}},{\"@type\":\"WebPage\",\"@id\":\"https:\\\/\\\/buletin.de\\\/bucuresti\\\/festivalul-international-de-teatru-tanar-la-teatrul-excelsior\\\/\",\"url\":\"https:\\\/\\\/buletin.de\\\/bucuresti\\\/festivalul-international-de-teatru-tanar-la-teatrul-excelsior\\\/\",\"name\":\"Festivalul Interna\u021bional de Teatru T\u00e2n\u0103r, la Teatrul Excelsior - Buletin de Bucure\u0219ti\",\"isPartOf\":{\"@id\":\"https:\\\/\\\/buletin.de\\\/bucuresti\\\/#website\"},\"primaryImageOfPage\":{\"@id\":\"https:\\\/\\\/buletin.de\\\/bucuresti\\\/festivalul-international-de-teatru-tanar-la-teatrul-excelsior\\\/#primaryimage\"},\"image\":{\"@id\":\"https:\\\/\\\/buletin.de\\\/bucuresti\\\/festivalul-international-de-teatru-tanar-la-teatrul-excelsior\\\/#primaryimage\"},\"thumbnailUrl\":\"https:\\\/\\\/buletin.de\\\/bucuresti\\\/wp-content\\\/uploads\\\/teatru.jpeg\",\"datePublished\":\"2023-08-28T10:17:30+00:00\",\"breadcrumb\":{\"@id\":\"https:\\\/\\\/buletin.de\\\/bucuresti\\\/festivalul-international-de-teatru-tanar-la-teatrul-excelsior\\\/#breadcrumb\"},\"inLanguage\":\"en-GB\",\"potentialAction\":[{\"@type\":\"ReadAction\",\"target\":[\"https:\\\/\\\/buletin.de\\\/bucuresti\\\/festivalul-international-de-teatru-tanar-la-teatrul-excelsior\\\/\"]}]},{\"@type\":\"ImageObject\",\"inLanguage\":\"en-GB\",\"@id\":\"https:\\\/\\\/buletin.de\\\/bucuresti\\\/festivalul-international-de-teatru-tanar-la-teatrul-excelsior\\\/#primaryimage\",\"url\":\"https:\\\/\\\/buletin.de\\\/bucuresti\\\/wp-content\\\/uploads\\\/teatru.jpeg\",\"contentUrl\":\"https:\\\/\\\/buletin.de\\\/bucuresti\\\/wp-content\\\/uploads\\\/teatru.jpeg\",\"width\":2048,\"height\":1164,\"caption\":\"Foto: Arhiva\"},{\"@type\":\"BreadcrumbList\",\"@id\":\"https:\\\/\\\/buletin.de\\\/bucuresti\\\/festivalul-international-de-teatru-tanar-la-teatrul-excelsior\\\/#breadcrumb\",\"itemListElement\":[{\"@type\":\"ListItem\",\"position\":1,\"name\":\"Acas\u0103\",\"item\":\"https:\\\/\\\/buletin.de\\\/bucuresti\\\/\"},{\"@type\":\"ListItem\",\"position\":2,\"name\":\"Festivalul Interna\u021bional de Teatru T\u00e2n\u0103r, la Teatrul Excelsior\"}]},{\"@type\":\"WebSite\",\"@id\":\"https:\\\/\\\/buletin.de\\\/bucuresti\\\/#website\",\"url\":\"https:\\\/\\\/buletin.de\\\/bucuresti\\\/\",\"name\":\"Buletin de Bucure\u0219ti\",\"description\":\"\u0218tiri \u0219i investiga\u021bii esen\u021biale din capital\u0103\",\"publisher\":{\"@id\":\"https:\\\/\\\/buletin.de\\\/bucuresti\\\/#organization\"},\"potentialAction\":[{\"@type\":\"SearchAction\",\"target\":{\"@type\":\"EntryPoint\",\"urlTemplate\":\"https:\\\/\\\/buletin.de\\\/bucuresti\\\/?s={search_term_string}\"},\"query-input\":{\"@type\":\"PropertyValueSpecification\",\"valueRequired\":true,\"valueName\":\"search_term_string\"}}],\"inLanguage\":\"en-GB\"},{\"@type\":\"Organization\",\"@id\":\"https:\\\/\\\/buletin.de\\\/bucuresti\\\/#organization\",\"name\":\"Buletin de Bucure\u0219ti\",\"url\":\"https:\\\/\\\/buletin.de\\\/bucuresti\\\/\",\"logo\":{\"@type\":\"ImageObject\",\"inLanguage\":\"en-GB\",\"@id\":\"https:\\\/\\\/buletin.de\\\/bucuresti\\\/#\\\/schema\\\/logo\\\/image\\\/\",\"url\":\"https:\\\/\\\/buletin.de\\\/bucuresti\\\/wp-content\\\/uploads\\\/logo-bdb-full-wide-vernil-transparent.png\",\"contentUrl\":\"https:\\\/\\\/buletin.de\\\/bucuresti\\\/wp-content\\\/uploads\\\/logo-bdb-full-wide-vernil-transparent.png\",\"width\":1782,\"height\":626,\"caption\":\"Buletin de Bucure\u0219ti\"},\"image\":{\"@id\":\"https:\\\/\\\/buletin.de\\\/bucuresti\\\/#\\\/schema\\\/logo\\\/image\\\/\"},\"sameAs\":[\"https:\\\/\\\/www.facebook.com\\\/buletin.de.buc\",\"https:\\\/\\\/www.instagram.com\\\/buletinde.bucuresti\\\/\"]},{\"@type\":\"Person\",\"@id\":\"https:\\\/\\\/buletin.de\\\/bucuresti\\\/#\\\/schema\\\/person\\\/7e46040573290777280a0835d81ea4ea\",\"name\":\"Diana Matei\",\"image\":{\"@type\":\"ImageObject\",\"inLanguage\":\"en-GB\",\"@id\":\"https:\\\/\\\/buletin.de\\\/bucuresti\\\/wp-content\\\/uploads\\\/9-2-96x96.jpg1e8590b30871d70e62ebcdaf2eff570c\",\"url\":\"https:\\\/\\\/buletin.de\\\/bucuresti\\\/wp-content\\\/uploads\\\/9-2-96x96.jpg\",\"contentUrl\":\"https:\\\/\\\/buletin.de\\\/bucuresti\\\/wp-content\\\/uploads\\\/9-2-96x96.jpg\",\"caption\":\"Diana Matei\"},\"url\":\"https:\\\/\\\/buletin.de\\\/bucuresti\\\/author\\\/dianamatei\\\/\"}]}<\/script>\n<!-- \/ Yoast SEO Premium plugin. -->","yoast_head_json":{"title":"Festivalul Interna\u021bional de Teatru T\u00e2n\u0103r, la Teatrul Excelsior - Buletin de Bucure\u0219ti","robots":{"index":"index","follow":"follow","max-snippet":"max-snippet:-1","max-image-preview":"max-image-preview:large","max-video-preview":"max-video-preview:-1"},"canonical":"https:\/\/buletin.de\/bucuresti\/festivalul-international-de-teatru-tanar-la-teatrul-excelsior\/","og_locale":"en_GB","og_type":"article","og_title":"Festivalul Interna\u021bional de Teatru T\u00e2n\u0103r, la Teatrul Excelsior","og_description":"\u00cen perioada 7-15 octombrie, Teatrul EXCELSIOR organizeaz\u0103 prima edi\u021bie a X-FEST, Festivalul Interna\u021bional de Teatru T\u00e2n\u0103r EXCELSIOR. Timp de 9 zile se vor desf\u0103\u0219ura 18 reprezenta\u021bii ale unor spectacole relevante pe plan interna\u021bional, realizate de companii \u0219i arti\u0219ti de valoare din Germania, Fran\u021ba, Cehia, Grecia, Bulgaria \u0219i Rom\u00e2nia, pe scenele a 8 teatre bucure\u0219tene : [&hellip;]","og_url":"https:\/\/buletin.de\/bucuresti\/festivalul-international-de-teatru-tanar-la-teatrul-excelsior\/","og_site_name":"Buletin de Bucure\u0219ti","article_publisher":"https:\/\/www.facebook.com\/buletin.de.buc","article_published_time":"2023-08-28T10:17:30+00:00","og_image":[{"width":2048,"height":1164,"url":"https:\/\/buletin.de\/bucuresti\/wp-content\/uploads\/teatru.jpeg","type":"image\/jpeg"}],"author":"Diana Matei","twitter_card":"summary_large_image","twitter_misc":{"Written by":"Diana Matei","Estimated reading time":"1 minute"},"schema":{"@context":"https:\/\/schema.org","@graph":[{"@type":"Article","@id":"https:\/\/buletin.de\/bucuresti\/festivalul-international-de-teatru-tanar-la-teatrul-excelsior\/#article","isPartOf":{"@id":"https:\/\/buletin.de\/bucuresti\/festivalul-international-de-teatru-tanar-la-teatrul-excelsior\/"},"author":{"name":"Diana Matei","@id":"https:\/\/buletin.de\/bucuresti\/#\/schema\/person\/7e46040573290777280a0835d81ea4ea"},"headline":"Festivalul Interna\u021bional de Teatru T\u00e2n\u0103r, la Teatrul Excelsior","datePublished":"2023-08-28T10:17:30+00:00","mainEntityOfPage":{"@id":"https:\/\/buletin.de\/bucuresti\/festivalul-international-de-teatru-tanar-la-teatrul-excelsior\/"},"wordCount":191,"commentCount":0,"publisher":{"@id":"https:\/\/buletin.de\/bucuresti\/#organization"},"image":{"@id":"https:\/\/buletin.de\/bucuresti\/festivalul-international-de-teatru-tanar-la-teatrul-excelsior\/#primaryimage"},"thumbnailUrl":"https:\/\/buletin.de\/bucuresti\/wp-content\/uploads\/teatru.jpeg","keywords":["festival teatru","teatrul excelsior","x-fest"],"articleSection":["\u0218tiri"],"inLanguage":"en-GB","potentialAction":[{"@type":"CommentAction","name":"Comment","target":["https:\/\/buletin.de\/bucuresti\/festivalul-international-de-teatru-tanar-la-teatrul-excelsior\/#respond"]}],"copyrightYear":"2023","copyrightHolder":{"@id":"https:\/\/buletin.de\/bucuresti\/#organization"}},{"@type":"WebPage","@id":"https:\/\/buletin.de\/bucuresti\/festivalul-international-de-teatru-tanar-la-teatrul-excelsior\/","url":"https:\/\/buletin.de\/bucuresti\/festivalul-international-de-teatru-tanar-la-teatrul-excelsior\/","name":"Festivalul Interna\u021bional de Teatru T\u00e2n\u0103r, la Teatrul Excelsior - Buletin de Bucure\u0219ti","isPartOf":{"@id":"https:\/\/buletin.de\/bucuresti\/#website"},"primaryImageOfPage":{"@id":"https:\/\/buletin.de\/bucuresti\/festivalul-international-de-teatru-tanar-la-teatrul-excelsior\/#primaryimage"},"image":{"@id":"https:\/\/buletin.de\/bucuresti\/festivalul-international-de-teatru-tanar-la-teatrul-excelsior\/#primaryimage"},"thumbnailUrl":"https:\/\/buletin.de\/bucuresti\/wp-content\/uploads\/teatru.jpeg","datePublished":"2023-08-28T10:17:30+00:00","breadcrumb":{"@id":"https:\/\/buletin.de\/bucuresti\/festivalul-international-de-teatru-tanar-la-teatrul-excelsior\/#breadcrumb"},"inLanguage":"en-GB","potentialAction":[{"@type":"ReadAction","target":["https:\/\/buletin.de\/bucuresti\/festivalul-international-de-teatru-tanar-la-teatrul-excelsior\/"]}]},{"@type":"ImageObject","inLanguage":"en-GB","@id":"https:\/\/buletin.de\/bucuresti\/festivalul-international-de-teatru-tanar-la-teatrul-excelsior\/#primaryimage","url":"https:\/\/buletin.de\/bucuresti\/wp-content\/uploads\/teatru.jpeg","contentUrl":"https:\/\/buletin.de\/bucuresti\/wp-content\/uploads\/teatru.jpeg","width":2048,"height":1164,"caption":"Foto: Arhiva"},{"@type":"BreadcrumbList","@id":"https:\/\/buletin.de\/bucuresti\/festivalul-international-de-teatru-tanar-la-teatrul-excelsior\/#breadcrumb","itemListElement":[{"@type":"ListItem","position":1,"name":"Acas\u0103","item":"https:\/\/buletin.de\/bucuresti\/"},{"@type":"ListItem","position":2,"name":"Festivalul Interna\u021bional de Teatru T\u00e2n\u0103r, la Teatrul Excelsior"}]},{"@type":"WebSite","@id":"https:\/\/buletin.de\/bucuresti\/#website","url":"https:\/\/buletin.de\/bucuresti\/","name":"Buletin de Bucure\u0219ti","description":"\u0218tiri \u0219i investiga\u021bii esen\u021biale din capital\u0103","publisher":{"@id":"https:\/\/buletin.de\/bucuresti\/#organization"},"potentialAction":[{"@type":"SearchAction","target":{"@type":"EntryPoint","urlTemplate":"https:\/\/buletin.de\/bucuresti\/?s={search_term_string}"},"query-input":{"@type":"PropertyValueSpecification","valueRequired":true,"valueName":"search_term_string"}}],"inLanguage":"en-GB"},{"@type":"Organization","@id":"https:\/\/buletin.de\/bucuresti\/#organization","name":"Buletin de Bucure\u0219ti","url":"https:\/\/buletin.de\/bucuresti\/","logo":{"@type":"ImageObject","inLanguage":"en-GB","@id":"https:\/\/buletin.de\/bucuresti\/#\/schema\/logo\/image\/","url":"https:\/\/buletin.de\/bucuresti\/wp-content\/uploads\/logo-bdb-full-wide-vernil-transparent.png","contentUrl":"https:\/\/buletin.de\/bucuresti\/wp-content\/uploads\/logo-bdb-full-wide-vernil-transparent.png","width":1782,"height":626,"caption":"Buletin de Bucure\u0219ti"},"image":{"@id":"https:\/\/buletin.de\/bucuresti\/#\/schema\/logo\/image\/"},"sameAs":["https:\/\/www.facebook.com\/buletin.de.buc","https:\/\/www.instagram.com\/buletinde.bucuresti\/"]},{"@type":"Person","@id":"https:\/\/buletin.de\/bucuresti\/#\/schema\/person\/7e46040573290777280a0835d81ea4ea","name":"Diana Matei","image":{"@type":"ImageObject","inLanguage":"en-GB","@id":"https:\/\/buletin.de\/bucuresti\/wp-content\/uploads\/9-2-96x96.jpg1e8590b30871d70e62ebcdaf2eff570c","url":"https:\/\/buletin.de\/bucuresti\/wp-content\/uploads\/9-2-96x96.jpg","contentUrl":"https:\/\/buletin.de\/bucuresti\/wp-content\/uploads\/9-2-96x96.jpg","caption":"Diana Matei"},"url":"https:\/\/buletin.de\/bucuresti\/author\/dianamatei\/"}]}},"authors":[{"term_id":22574,"user_id":49,"is_guest":0,"slug":"dianamatei","display_name":"Diana Matei","avatar_url":"https:\/\/buletin.de\/bucuresti\/wp-content\/uploads\/9-2-96x96.jpg","0":null,"1":"","2":"","3":"","4":"","5":"","6":"","7":"","8":""}],"_links":{"self":[{"href":"https:\/\/buletin.de\/bucuresti\/wp-json\/wp\/v2\/posts\/62177","targetHints":{"allow":["GET"]}}],"collection":[{"href":"https:\/\/buletin.de\/bucuresti\/wp-json\/wp\/v2\/posts"}],"about":[{"href":"https:\/\/buletin.de\/bucuresti\/wp-json\/wp\/v2\/types\/post"}],"author":[{"embeddable":true,"href":"https:\/\/buletin.de\/bucuresti\/wp-json\/wp\/v2\/users\/49"}],"replies":[{"embeddable":true,"href":"https:\/\/buletin.de\/bucuresti\/wp-json\/wp\/v2\/comments?post=62177"}],"version-history":[{"count":0,"href":"https:\/\/buletin.de\/bucuresti\/wp-json\/wp\/v2\/posts\/62177\/revisions"}],"wp:featuredmedia":[{"embeddable":true,"href":"https:\/\/buletin.de\/bucuresti\/wp-json\/wp\/v2\/media\/62178"}],"wp:attachment":[{"href":"https:\/\/buletin.de\/bucuresti\/wp-json\/wp\/v2\/media?parent=62177"}],"wp:term":[{"taxonomy":"category","embeddable":true,"href":"https:\/\/buletin.de\/bucuresti\/wp-json\/wp\/v2\/categories?post=62177"},{"taxonomy":"post_tag","embeddable":true,"href":"https:\/\/buletin.de\/bucuresti\/wp-json\/wp\/v2\/tags?post=62177"},{"taxonomy":"author","embeddable":true,"href":"https:\/\/buletin.de\/bucuresti\/wp-json\/wp\/v2\/ppma_author?post=62177"}],"curies":[{"name":"wp","href":"https:\/\/api.w.org\/{rel}","templated":true}]}}