{"id":62174,"date":"2023-08-28T10:36:47","date_gmt":"2023-08-28T08:36:47","guid":{"rendered":"https:\/\/buletin.de\/bucuresti\/canicula-si-disconfortul-termic-vor-persista\/"},"modified":"2023-08-28T10:36:47","modified_gmt":"2023-08-28T08:36:47","slug":"canicula-si-disconfortul-termic-vor-persista","status":"publish","type":"post","link":"https:\/\/buletin.de\/bucuresti\/canicula-si-disconfortul-termic-vor-persista\/","title":{"rendered":"Canicula \u015fi disconfortul termic vor persista"},"content":{"rendered":"\n<p><strong>P\u00e2n\u0103 mar\u0163i diminea\u0163\u0103, valul de c\u0103ldur\u0103, canicula \u015fi disconfortul termic accentuat vor persista. Indicele temperatur\u0103-umezeal\u0103 (ITU) se va situa peste pragul critic de 80 de unit\u0103\u0163i.<\/strong><\/p>\n\n\n\n<p>Meteorologii au prelungit codul portocaliu de canicul\u0103 \u015fi disconfort termic accentuat&nbsp;\u015fi ast\u0103zi.<\/p>\n\n\n\n<p>Administra\u021bia Na\u021bional\u0103 de Meteorologie precizeaz\u0103 c\u0103 temperaturile maxime vor fi de 36\u202639 de grade, iar cele minime de 17\u202621 de grade. Cerul va fi mai mult senin, iar v\u00e2ntul va sufla slab p\u00e2n\u0103 la moderat.<\/p>\n\n\n\n<p>ANM a emis prognoza special\u0103 pentru Bucure\u0219ti valabil\u0103 \u00een intervalul 24 august, ora 09:00 \u2013 25 august, ora 09:00. Meteorologii anun\u021bau c\u0103 temperaturile sunt \u00een sc\u0103dere, \u00eens\u0103 disconfortul termic tot va fi ridicat.<\/p>\n","protected":false},"excerpt":{"rendered":"<p>P\u00e2n\u0103 mar\u0163i diminea\u0163\u0103, valul de c\u0103ldur\u0103, canicula \u015fi disconfortul termic accentuat vor persista. Indicele temperatur\u0103-umezeal\u0103 (ITU) se va situa peste pragul critic de 80 de unit\u0103\u0163i. Meteorologii au prelungit codul portocaliu de canicul\u0103 \u015fi disconfort termic accentuat&nbsp;\u015fi ast\u0103zi. Administra\u021bia Na\u021bional\u0103 de Meteorologie precizeaz\u0103 c\u0103 temperaturile maxime vor fi de 36\u202639 de grade, iar cele minime [&hellip;]<\/p>\n","protected":false},"author":49,"featured_media":61725,"comment_status":"open","ping_status":"open","sticky":false,"template":"","format":"standard","meta":{"_acf_changed":false,"inline_featured_image":false,"ngg_post_thumbnail":0,"footnotes":""},"categories":[62],"tags":[2998,6817,6148],"ppma_author":[22574],"class_list":["post-62174","post","type-post","status-publish","format-standard","has-post-thumbnail","hentry","category-stiri","tag-canicula","tag-disconfort-termic","tag-prognoza-anm"],"acf":[],"yoast_head":"<!-- This site is optimized with the Yoast SEO Premium plugin v25.3 (Yoast SEO v27.5) - https:\/\/yoast.com\/product\/yoast-seo-premium-wordpress\/ -->\n<title>Canicula \u015fi disconfortul termic vor persista - Buletin de Bucure\u0219ti<\/title>\n<meta name=\"robots\" content=\"index, follow, max-snippet:-1, max-image-preview:large, max-video-preview:-1\" \/>\n<link rel=\"canonical\" href=\"https:\/\/buletin.de\/bucuresti\/canicula-si-disconfortul-termic-vor-persista\/\" \/>\n<meta property=\"og:locale\" content=\"en_GB\" \/>\n<meta property=\"og:type\" content=\"article\" \/>\n<meta property=\"og:title\" content=\"Canicula \u015fi disconfortul termic vor persista\" \/>\n<meta property=\"og:description\" content=\"P\u00e2n\u0103 mar\u0163i diminea\u0163\u0103, valul de c\u0103ldur\u0103, canicula \u015fi disconfortul termic accentuat vor persista. Indicele temperatur\u0103-umezeal\u0103 (ITU) se va situa peste pragul critic de 80 de unit\u0103\u0163i. Meteorologii au prelungit codul portocaliu de canicul\u0103 \u015fi disconfort termic accentuat&nbsp;\u015fi ast\u0103zi. Administra\u021bia Na\u021bional\u0103 de Meteorologie precizeaz\u0103 c\u0103 temperaturile maxime vor fi de 36\u202639 de grade, iar cele minime [&hellip;]\" \/>\n<meta property=\"og:url\" content=\"https:\/\/buletin.de\/bucuresti\/canicula-si-disconfortul-termic-vor-persista\/\" \/>\n<meta property=\"og:site_name\" content=\"Buletin de Bucure\u0219ti\" \/>\n<meta property=\"article:publisher\" content=\"https:\/\/www.facebook.com\/buletin.de.buc\" \/>\n<meta property=\"article:published_time\" content=\"2023-08-28T08:36:47+00:00\" \/>\n<meta property=\"og:image\" content=\"https:\/\/buletin.de\/bucuresti\/wp-content\/uploads\/prognoza-meteo-luni-28-octombrie-vremea-in-bucuresti-iasi-brasov-cluj-napoca-si-constanta-temperaturi-ridicate-mai-mare-parte-a-teritoriului.webp\" \/>\n\t<meta property=\"og:image:width\" content=\"664\" \/>\n\t<meta property=\"og:image:height\" content=\"374\" \/>\n\t<meta property=\"og:image:type\" content=\"image\/webp\" \/>\n<meta name=\"author\" content=\"Diana Matei\" \/>\n<meta name=\"twitter:card\" content=\"summary_large_image\" \/>\n<meta name=\"twitter:label1\" content=\"Written by\" \/>\n\t<meta name=\"twitter:data1\" content=\"Diana Matei\" \/>\n\t<meta name=\"twitter:label2\" content=\"Estimated reading time\" \/>\n\t<meta name=\"twitter:data2\" content=\"1 minute\" \/>\n<script type=\"application\/ld+json\" class=\"yoast-schema-graph\">{\"@context\":\"https:\\\/\\\/schema.org\",\"@graph\":[{\"@type\":\"Article\",\"@id\":\"https:\\\/\\\/buletin.de\\\/bucuresti\\\/canicula-si-disconfortul-termic-vor-persista\\\/#article\",\"isPartOf\":{\"@id\":\"https:\\\/\\\/buletin.de\\\/bucuresti\\\/canicula-si-disconfortul-termic-vor-persista\\\/\"},\"author\":{\"name\":\"Diana Matei\",\"@id\":\"https:\\\/\\\/buletin.de\\\/bucuresti\\\/#\\\/schema\\\/person\\\/7e46040573290777280a0835d81ea4ea\"},\"headline\":\"Canicula \u015fi disconfortul termic vor persista\",\"datePublished\":\"2023-08-28T08:36:47+00:00\",\"mainEntityOfPage\":{\"@id\":\"https:\\\/\\\/buletin.de\\\/bucuresti\\\/canicula-si-disconfortul-termic-vor-persista\\\/\"},\"wordCount\":119,\"commentCount\":0,\"publisher\":{\"@id\":\"https:\\\/\\\/buletin.de\\\/bucuresti\\\/#organization\"},\"image\":{\"@id\":\"https:\\\/\\\/buletin.de\\\/bucuresti\\\/canicula-si-disconfortul-termic-vor-persista\\\/#primaryimage\"},\"thumbnailUrl\":\"https:\\\/\\\/buletin.de\\\/bucuresti\\\/wp-content\\\/uploads\\\/prognoza-meteo-luni-28-octombrie-vremea-in-bucuresti-iasi-brasov-cluj-napoca-si-constanta-temperaturi-ridicate-mai-mare-parte-a-teritoriului.webp\",\"keywords\":[\"canicula\",\"disconfort termic\",\"prognoza anm\"],\"articleSection\":[\"\u0218tiri\"],\"inLanguage\":\"en-GB\",\"potentialAction\":[{\"@type\":\"CommentAction\",\"name\":\"Comment\",\"target\":[\"https:\\\/\\\/buletin.de\\\/bucuresti\\\/canicula-si-disconfortul-termic-vor-persista\\\/#respond\"]}],\"copyrightYear\":\"2023\",\"copyrightHolder\":{\"@id\":\"https:\\\/\\\/buletin.de\\\/bucuresti\\\/#organization\"}},{\"@type\":\"WebPage\",\"@id\":\"https:\\\/\\\/buletin.de\\\/bucuresti\\\/canicula-si-disconfortul-termic-vor-persista\\\/\",\"url\":\"https:\\\/\\\/buletin.de\\\/bucuresti\\\/canicula-si-disconfortul-termic-vor-persista\\\/\",\"name\":\"Canicula \u015fi disconfortul termic vor persista - Buletin de Bucure\u0219ti\",\"isPartOf\":{\"@id\":\"https:\\\/\\\/buletin.de\\\/bucuresti\\\/#website\"},\"primaryImageOfPage\":{\"@id\":\"https:\\\/\\\/buletin.de\\\/bucuresti\\\/canicula-si-disconfortul-termic-vor-persista\\\/#primaryimage\"},\"image\":{\"@id\":\"https:\\\/\\\/buletin.de\\\/bucuresti\\\/canicula-si-disconfortul-termic-vor-persista\\\/#primaryimage\"},\"thumbnailUrl\":\"https:\\\/\\\/buletin.de\\\/bucuresti\\\/wp-content\\\/uploads\\\/prognoza-meteo-luni-28-octombrie-vremea-in-bucuresti-iasi-brasov-cluj-napoca-si-constanta-temperaturi-ridicate-mai-mare-parte-a-teritoriului.webp\",\"datePublished\":\"2023-08-28T08:36:47+00:00\",\"breadcrumb\":{\"@id\":\"https:\\\/\\\/buletin.de\\\/bucuresti\\\/canicula-si-disconfortul-termic-vor-persista\\\/#breadcrumb\"},\"inLanguage\":\"en-GB\",\"potentialAction\":[{\"@type\":\"ReadAction\",\"target\":[\"https:\\\/\\\/buletin.de\\\/bucuresti\\\/canicula-si-disconfortul-termic-vor-persista\\\/\"]}]},{\"@type\":\"ImageObject\",\"inLanguage\":\"en-GB\",\"@id\":\"https:\\\/\\\/buletin.de\\\/bucuresti\\\/canicula-si-disconfortul-termic-vor-persista\\\/#primaryimage\",\"url\":\"https:\\\/\\\/buletin.de\\\/bucuresti\\\/wp-content\\\/uploads\\\/prognoza-meteo-luni-28-octombrie-vremea-in-bucuresti-iasi-brasov-cluj-napoca-si-constanta-temperaturi-ridicate-mai-mare-parte-a-teritoriului.webp\",\"contentUrl\":\"https:\\\/\\\/buletin.de\\\/bucuresti\\\/wp-content\\\/uploads\\\/prognoza-meteo-luni-28-octombrie-vremea-in-bucuresti-iasi-brasov-cluj-napoca-si-constanta-temperaturi-ridicate-mai-mare-parte-a-teritoriului.webp\",\"width\":664,\"height\":374,\"caption\":\"Foto: Arhiva\"},{\"@type\":\"BreadcrumbList\",\"@id\":\"https:\\\/\\\/buletin.de\\\/bucuresti\\\/canicula-si-disconfortul-termic-vor-persista\\\/#breadcrumb\",\"itemListElement\":[{\"@type\":\"ListItem\",\"position\":1,\"name\":\"Acas\u0103\",\"item\":\"https:\\\/\\\/buletin.de\\\/bucuresti\\\/\"},{\"@type\":\"ListItem\",\"position\":2,\"name\":\"Canicula \u015fi disconfortul termic vor persista\"}]},{\"@type\":\"WebSite\",\"@id\":\"https:\\\/\\\/buletin.de\\\/bucuresti\\\/#website\",\"url\":\"https:\\\/\\\/buletin.de\\\/bucuresti\\\/\",\"name\":\"Buletin de Bucure\u0219ti\",\"description\":\"\u0218tiri \u0219i investiga\u021bii esen\u021biale din capital\u0103\",\"publisher\":{\"@id\":\"https:\\\/\\\/buletin.de\\\/bucuresti\\\/#organization\"},\"potentialAction\":[{\"@type\":\"SearchAction\",\"target\":{\"@type\":\"EntryPoint\",\"urlTemplate\":\"https:\\\/\\\/buletin.de\\\/bucuresti\\\/?s={search_term_string}\"},\"query-input\":{\"@type\":\"PropertyValueSpecification\",\"valueRequired\":true,\"valueName\":\"search_term_string\"}}],\"inLanguage\":\"en-GB\"},{\"@type\":\"Organization\",\"@id\":\"https:\\\/\\\/buletin.de\\\/bucuresti\\\/#organization\",\"name\":\"Buletin de Bucure\u0219ti\",\"url\":\"https:\\\/\\\/buletin.de\\\/bucuresti\\\/\",\"logo\":{\"@type\":\"ImageObject\",\"inLanguage\":\"en-GB\",\"@id\":\"https:\\\/\\\/buletin.de\\\/bucuresti\\\/#\\\/schema\\\/logo\\\/image\\\/\",\"url\":\"https:\\\/\\\/buletin.de\\\/bucuresti\\\/wp-content\\\/uploads\\\/logo-bdb-full-wide-vernil-transparent.png\",\"contentUrl\":\"https:\\\/\\\/buletin.de\\\/bucuresti\\\/wp-content\\\/uploads\\\/logo-bdb-full-wide-vernil-transparent.png\",\"width\":1782,\"height\":626,\"caption\":\"Buletin de Bucure\u0219ti\"},\"image\":{\"@id\":\"https:\\\/\\\/buletin.de\\\/bucuresti\\\/#\\\/schema\\\/logo\\\/image\\\/\"},\"sameAs\":[\"https:\\\/\\\/www.facebook.com\\\/buletin.de.buc\",\"https:\\\/\\\/www.instagram.com\\\/buletinde.bucuresti\\\/\"]},{\"@type\":\"Person\",\"@id\":\"https:\\\/\\\/buletin.de\\\/bucuresti\\\/#\\\/schema\\\/person\\\/7e46040573290777280a0835d81ea4ea\",\"name\":\"Diana Matei\",\"image\":{\"@type\":\"ImageObject\",\"inLanguage\":\"en-GB\",\"@id\":\"https:\\\/\\\/buletin.de\\\/bucuresti\\\/wp-content\\\/uploads\\\/9-2-96x96.jpg1e8590b30871d70e62ebcdaf2eff570c\",\"url\":\"https:\\\/\\\/buletin.de\\\/bucuresti\\\/wp-content\\\/uploads\\\/9-2-96x96.jpg\",\"contentUrl\":\"https:\\\/\\\/buletin.de\\\/bucuresti\\\/wp-content\\\/uploads\\\/9-2-96x96.jpg\",\"caption\":\"Diana Matei\"},\"url\":\"https:\\\/\\\/buletin.de\\\/bucuresti\\\/author\\\/dianamatei\\\/\"}]}<\/script>\n<!-- \/ Yoast SEO Premium plugin. -->","yoast_head_json":{"title":"Canicula \u015fi disconfortul termic vor persista - Buletin de Bucure\u0219ti","robots":{"index":"index","follow":"follow","max-snippet":"max-snippet:-1","max-image-preview":"max-image-preview:large","max-video-preview":"max-video-preview:-1"},"canonical":"https:\/\/buletin.de\/bucuresti\/canicula-si-disconfortul-termic-vor-persista\/","og_locale":"en_GB","og_type":"article","og_title":"Canicula \u015fi disconfortul termic vor persista","og_description":"P\u00e2n\u0103 mar\u0163i diminea\u0163\u0103, valul de c\u0103ldur\u0103, canicula \u015fi disconfortul termic accentuat vor persista. Indicele temperatur\u0103-umezeal\u0103 (ITU) se va situa peste pragul critic de 80 de unit\u0103\u0163i. Meteorologii au prelungit codul portocaliu de canicul\u0103 \u015fi disconfort termic accentuat&nbsp;\u015fi ast\u0103zi. Administra\u021bia Na\u021bional\u0103 de Meteorologie precizeaz\u0103 c\u0103 temperaturile maxime vor fi de 36\u202639 de grade, iar cele minime [&hellip;]","og_url":"https:\/\/buletin.de\/bucuresti\/canicula-si-disconfortul-termic-vor-persista\/","og_site_name":"Buletin de Bucure\u0219ti","article_publisher":"https:\/\/www.facebook.com\/buletin.de.buc","article_published_time":"2023-08-28T08:36:47+00:00","og_image":[{"width":664,"height":374,"url":"https:\/\/buletin.de\/bucuresti\/wp-content\/uploads\/prognoza-meteo-luni-28-octombrie-vremea-in-bucuresti-iasi-brasov-cluj-napoca-si-constanta-temperaturi-ridicate-mai-mare-parte-a-teritoriului.webp","type":"image\/webp"}],"author":"Diana Matei","twitter_card":"summary_large_image","twitter_misc":{"Written by":"Diana Matei","Estimated reading time":"1 minute"},"schema":{"@context":"https:\/\/schema.org","@graph":[{"@type":"Article","@id":"https:\/\/buletin.de\/bucuresti\/canicula-si-disconfortul-termic-vor-persista\/#article","isPartOf":{"@id":"https:\/\/buletin.de\/bucuresti\/canicula-si-disconfortul-termic-vor-persista\/"},"author":{"name":"Diana Matei","@id":"https:\/\/buletin.de\/bucuresti\/#\/schema\/person\/7e46040573290777280a0835d81ea4ea"},"headline":"Canicula \u015fi disconfortul termic vor persista","datePublished":"2023-08-28T08:36:47+00:00","mainEntityOfPage":{"@id":"https:\/\/buletin.de\/bucuresti\/canicula-si-disconfortul-termic-vor-persista\/"},"wordCount":119,"commentCount":0,"publisher":{"@id":"https:\/\/buletin.de\/bucuresti\/#organization"},"image":{"@id":"https:\/\/buletin.de\/bucuresti\/canicula-si-disconfortul-termic-vor-persista\/#primaryimage"},"thumbnailUrl":"https:\/\/buletin.de\/bucuresti\/wp-content\/uploads\/prognoza-meteo-luni-28-octombrie-vremea-in-bucuresti-iasi-brasov-cluj-napoca-si-constanta-temperaturi-ridicate-mai-mare-parte-a-teritoriului.webp","keywords":["canicula","disconfort termic","prognoza anm"],"articleSection":["\u0218tiri"],"inLanguage":"en-GB","potentialAction":[{"@type":"CommentAction","name":"Comment","target":["https:\/\/buletin.de\/bucuresti\/canicula-si-disconfortul-termic-vor-persista\/#respond"]}],"copyrightYear":"2023","copyrightHolder":{"@id":"https:\/\/buletin.de\/bucuresti\/#organization"}},{"@type":"WebPage","@id":"https:\/\/buletin.de\/bucuresti\/canicula-si-disconfortul-termic-vor-persista\/","url":"https:\/\/buletin.de\/bucuresti\/canicula-si-disconfortul-termic-vor-persista\/","name":"Canicula \u015fi disconfortul termic vor persista - Buletin de Bucure\u0219ti","isPartOf":{"@id":"https:\/\/buletin.de\/bucuresti\/#website"},"primaryImageOfPage":{"@id":"https:\/\/buletin.de\/bucuresti\/canicula-si-disconfortul-termic-vor-persista\/#primaryimage"},"image":{"@id":"https:\/\/buletin.de\/bucuresti\/canicula-si-disconfortul-termic-vor-persista\/#primaryimage"},"thumbnailUrl":"https:\/\/buletin.de\/bucuresti\/wp-content\/uploads\/prognoza-meteo-luni-28-octombrie-vremea-in-bucuresti-iasi-brasov-cluj-napoca-si-constanta-temperaturi-ridicate-mai-mare-parte-a-teritoriului.webp","datePublished":"2023-08-28T08:36:47+00:00","breadcrumb":{"@id":"https:\/\/buletin.de\/bucuresti\/canicula-si-disconfortul-termic-vor-persista\/#breadcrumb"},"inLanguage":"en-GB","potentialAction":[{"@type":"ReadAction","target":["https:\/\/buletin.de\/bucuresti\/canicula-si-disconfortul-termic-vor-persista\/"]}]},{"@type":"ImageObject","inLanguage":"en-GB","@id":"https:\/\/buletin.de\/bucuresti\/canicula-si-disconfortul-termic-vor-persista\/#primaryimage","url":"https:\/\/buletin.de\/bucuresti\/wp-content\/uploads\/prognoza-meteo-luni-28-octombrie-vremea-in-bucuresti-iasi-brasov-cluj-napoca-si-constanta-temperaturi-ridicate-mai-mare-parte-a-teritoriului.webp","contentUrl":"https:\/\/buletin.de\/bucuresti\/wp-content\/uploads\/prognoza-meteo-luni-28-octombrie-vremea-in-bucuresti-iasi-brasov-cluj-napoca-si-constanta-temperaturi-ridicate-mai-mare-parte-a-teritoriului.webp","width":664,"height":374,"caption":"Foto: Arhiva"},{"@type":"BreadcrumbList","@id":"https:\/\/buletin.de\/bucuresti\/canicula-si-disconfortul-termic-vor-persista\/#breadcrumb","itemListElement":[{"@type":"ListItem","position":1,"name":"Acas\u0103","item":"https:\/\/buletin.de\/bucuresti\/"},{"@type":"ListItem","position":2,"name":"Canicula \u015fi disconfortul termic vor persista"}]},{"@type":"WebSite","@id":"https:\/\/buletin.de\/bucuresti\/#website","url":"https:\/\/buletin.de\/bucuresti\/","name":"Buletin de Bucure\u0219ti","description":"\u0218tiri \u0219i investiga\u021bii esen\u021biale din capital\u0103","publisher":{"@id":"https:\/\/buletin.de\/bucuresti\/#organization"},"potentialAction":[{"@type":"SearchAction","target":{"@type":"EntryPoint","urlTemplate":"https:\/\/buletin.de\/bucuresti\/?s={search_term_string}"},"query-input":{"@type":"PropertyValueSpecification","valueRequired":true,"valueName":"search_term_string"}}],"inLanguage":"en-GB"},{"@type":"Organization","@id":"https:\/\/buletin.de\/bucuresti\/#organization","name":"Buletin de Bucure\u0219ti","url":"https:\/\/buletin.de\/bucuresti\/","logo":{"@type":"ImageObject","inLanguage":"en-GB","@id":"https:\/\/buletin.de\/bucuresti\/#\/schema\/logo\/image\/","url":"https:\/\/buletin.de\/bucuresti\/wp-content\/uploads\/logo-bdb-full-wide-vernil-transparent.png","contentUrl":"https:\/\/buletin.de\/bucuresti\/wp-content\/uploads\/logo-bdb-full-wide-vernil-transparent.png","width":1782,"height":626,"caption":"Buletin de Bucure\u0219ti"},"image":{"@id":"https:\/\/buletin.de\/bucuresti\/#\/schema\/logo\/image\/"},"sameAs":["https:\/\/www.facebook.com\/buletin.de.buc","https:\/\/www.instagram.com\/buletinde.bucuresti\/"]},{"@type":"Person","@id":"https:\/\/buletin.de\/bucuresti\/#\/schema\/person\/7e46040573290777280a0835d81ea4ea","name":"Diana Matei","image":{"@type":"ImageObject","inLanguage":"en-GB","@id":"https:\/\/buletin.de\/bucuresti\/wp-content\/uploads\/9-2-96x96.jpg1e8590b30871d70e62ebcdaf2eff570c","url":"https:\/\/buletin.de\/bucuresti\/wp-content\/uploads\/9-2-96x96.jpg","contentUrl":"https:\/\/buletin.de\/bucuresti\/wp-content\/uploads\/9-2-96x96.jpg","caption":"Diana Matei"},"url":"https:\/\/buletin.de\/bucuresti\/author\/dianamatei\/"}]}},"authors":[{"term_id":22574,"user_id":49,"is_guest":0,"slug":"dianamatei","display_name":"Diana Matei","avatar_url":"https:\/\/buletin.de\/bucuresti\/wp-content\/uploads\/9-2-96x96.jpg","0":null,"1":"","2":"","3":"","4":"","5":"","6":"","7":"","8":""}],"_links":{"self":[{"href":"https:\/\/buletin.de\/bucuresti\/wp-json\/wp\/v2\/posts\/62174","targetHints":{"allow":["GET"]}}],"collection":[{"href":"https:\/\/buletin.de\/bucuresti\/wp-json\/wp\/v2\/posts"}],"about":[{"href":"https:\/\/buletin.de\/bucuresti\/wp-json\/wp\/v2\/types\/post"}],"author":[{"embeddable":true,"href":"https:\/\/buletin.de\/bucuresti\/wp-json\/wp\/v2\/users\/49"}],"replies":[{"embeddable":true,"href":"https:\/\/buletin.de\/bucuresti\/wp-json\/wp\/v2\/comments?post=62174"}],"version-history":[{"count":0,"href":"https:\/\/buletin.de\/bucuresti\/wp-json\/wp\/v2\/posts\/62174\/revisions"}],"wp:featuredmedia":[{"embeddable":true,"href":"https:\/\/buletin.de\/bucuresti\/wp-json\/wp\/v2\/media\/61725"}],"wp:attachment":[{"href":"https:\/\/buletin.de\/bucuresti\/wp-json\/wp\/v2\/media?parent=62174"}],"wp:term":[{"taxonomy":"category","embeddable":true,"href":"https:\/\/buletin.de\/bucuresti\/wp-json\/wp\/v2\/categories?post=62174"},{"taxonomy":"post_tag","embeddable":true,"href":"https:\/\/buletin.de\/bucuresti\/wp-json\/wp\/v2\/tags?post=62174"},{"taxonomy":"author","embeddable":true,"href":"https:\/\/buletin.de\/bucuresti\/wp-json\/wp\/v2\/ppma_author?post=62174"}],"curies":[{"name":"wp","href":"https:\/\/api.w.org\/{rel}","templated":true}]}}