{"id":62172,"date":"2023-08-28T10:25:03","date_gmt":"2023-08-28T08:25:03","guid":{"rendered":"https:\/\/buletin.de\/bucuresti\/modernizarea-garii-de-nord-poate-incepe\/"},"modified":"2023-08-28T10:25:03","modified_gmt":"2023-08-28T08:25:03","slug":"modernizarea-garii-de-nord-poate-incepe","status":"publish","type":"post","link":"https:\/\/buletin.de\/bucuresti\/modernizarea-garii-de-nord-poate-incepe\/","title":{"rendered":"Modernizarea G\u0103rii de Nord poate \u00eencepe"},"content":{"rendered":"\n<p><strong>Gara de Nord din Capital\u0103 va intra \u00eentr-un proces modernizare \u0219i reabilitare. Licita\u021bia public\u0103 pentru achizi\u021bia serviciilor de proiectare \u0219i execu\u021bie a lucr\u0103rilor a fost castgata de o asociere de firme rom\u00e2ne\u0219ti.<\/strong><\/p>\n\n\n\n<p>Programul de modernizare include reabilitarea spa\u021biilor existente \u00een cele trei corpuri ale cl\u0103dirii, unde se desf\u0103\u0219oar\u0103 activitatea feroviar\u0103, sunt asigurate servicii destinate c\u0103l\u0103torilor \u0219i activit\u0103\u021bi comerciale:<\/p>\n\n\n\n<p>Corp A (cl\u0103diri B-dul Dinicu Golescu);<\/p>\n\n\n\n<p>Corp B (central, coloane, casele d ebilete clasa I);<\/p>\n\n\n\n<p>Corp C (casele de bilete clasa a II-a, Calea Grivi\u021bei).<\/p>\n\n\n\n<p>Principalele lucr\u0103ri de modernizare vizeaz\u0103:<\/p>\n\n\n\n<p>.  modernizarea\/consolidarea\/reabilitarea cl\u0103dirilor din sta\u021bia de c\u0103l\u0103tori Bucure\u0219ti Nord;<\/p>\n\n\n\n<p>.  reabilitarea construc\u021biilor monument cu valoare istoric\u0103;<\/p>\n\n\n\n<p>.  crearea unor spa\u021bii verzi centrale, cu zon\u0103 de a\u0219teptare pentru publicul aflat \u00een tranzit;<\/p>\n\n\n\n<p>.  regenerarea zonei aferente sta\u021biei de c\u0103l\u0103tori Gara de Nord pe principiile de smart city\/creative city\/green city;<\/p>\n\n\n\n<p>.  modernizarea spa\u021biilor destinate publicului c\u0103l\u0103tor, inclusiv facili\u021b\u0103\u021bi pentru persoanele cu dizabilit\u0103\u021bi;<\/p>\n\n\n\n<p>.  asigurarea elementelor de siguran\u021b\u0103 \u0219i confort pentru c\u0103l\u0103tori &#8211; balustrade, rampe pentru persoane cu dizabilit\u0103\u021bi, lifturi, sisteme de control acces;<\/p>\n\n\n\n<p>.  sisteme noi de ventila\u021bie\/\u00eenc\u0103lzire<\/p>\n\n\n\n<p>.  modernizarea sistemului de iluminat \u0219i a instala\u021biilor electrice, sanitare, termice etc;<\/p>\n\n\n\n<p>.  modernizarea sistemului de informare a publicului c\u0103l\u0103tor \u0219i a echipamentului de telecomunica\u021bii etc.<\/p>\n\n\n\n<p>Proiectul are o valoare de 419.854.213,32 (f\u0103r\u0103 TVA) iar durata  proiect\u0103rii \u0219i execu\u021biei lucr\u0103rilor este 55 de luni: 9 luni pentru proiectare \u0219i 46 de luni pentru execu\u021bie.<\/p>\n","protected":false},"excerpt":{"rendered":"<p>Gara de Nord din Capital\u0103 va intra \u00eentr-un proces modernizare \u0219i reabilitare. Licita\u021bia public\u0103 pentru achizi\u021bia serviciilor de proiectare \u0219i execu\u021bie a lucr\u0103rilor a fost castgata de o asociere de firme rom\u00e2ne\u0219ti. Programul de modernizare include reabilitarea spa\u021biilor existente \u00een cele trei corpuri ale cl\u0103dirii, unde se desf\u0103\u0219oar\u0103 activitatea feroviar\u0103, sunt asigurate servicii destinate c\u0103l\u0103torilor [&hellip;]<\/p>\n","protected":false},"author":49,"featured_media":62173,"comment_status":"open","ping_status":"open","sticky":false,"template":"","format":"standard","meta":{"_acf_changed":false,"inline_featured_image":false,"ngg_post_thumbnail":0,"footnotes":""},"categories":[62],"tags":[6815,1941,990,6816],"ppma_author":[22574],"class_list":["post-62172","post","type-post","status-publish","format-standard","has-post-thumbnail","hentry","category-stiri","tag-asociere-de-firme-romanesti","tag-gara-de-nord","tag-licitatie","tag-modernizare-gara-de-nord"],"acf":[],"yoast_head":"<!-- This site is optimized with the Yoast SEO Premium plugin v25.3 (Yoast SEO v27.5) - https:\/\/yoast.com\/product\/yoast-seo-premium-wordpress\/ -->\n<title>Modernizarea G\u0103rii de Nord poate \u00eencepe - Buletin de Bucure\u0219ti<\/title>\n<meta name=\"robots\" content=\"index, follow, max-snippet:-1, max-image-preview:large, max-video-preview:-1\" \/>\n<link rel=\"canonical\" href=\"https:\/\/buletin.de\/bucuresti\/modernizarea-garii-de-nord-poate-incepe\/\" \/>\n<meta property=\"og:locale\" content=\"en_GB\" \/>\n<meta property=\"og:type\" content=\"article\" \/>\n<meta property=\"og:title\" content=\"Modernizarea G\u0103rii de Nord poate \u00eencepe\" \/>\n<meta property=\"og:description\" content=\"Gara de Nord din Capital\u0103 va intra \u00eentr-un proces modernizare \u0219i reabilitare. Licita\u021bia public\u0103 pentru achizi\u021bia serviciilor de proiectare \u0219i execu\u021bie a lucr\u0103rilor a fost castgata de o asociere de firme rom\u00e2ne\u0219ti. Programul de modernizare include reabilitarea spa\u021biilor existente \u00een cele trei corpuri ale cl\u0103dirii, unde se desf\u0103\u0219oar\u0103 activitatea feroviar\u0103, sunt asigurate servicii destinate c\u0103l\u0103torilor [&hellip;]\" \/>\n<meta property=\"og:url\" content=\"https:\/\/buletin.de\/bucuresti\/modernizarea-garii-de-nord-poate-incepe\/\" \/>\n<meta property=\"og:site_name\" content=\"Buletin de Bucure\u0219ti\" \/>\n<meta property=\"article:publisher\" content=\"https:\/\/www.facebook.com\/buletin.de.buc\" \/>\n<meta property=\"article:published_time\" content=\"2023-08-28T08:25:03+00:00\" \/>\n<meta property=\"og:image\" content=\"https:\/\/buletin.de\/bucuresti\/wp-content\/uploads\/gara-de-nord.jpeg\" \/>\n\t<meta property=\"og:image:width\" content=\"1988\" \/>\n\t<meta property=\"og:image:height\" content=\"1326\" \/>\n\t<meta property=\"og:image:type\" content=\"image\/jpeg\" \/>\n<meta name=\"author\" content=\"Diana Matei\" \/>\n<meta name=\"twitter:card\" content=\"summary_large_image\" \/>\n<meta name=\"twitter:label1\" content=\"Written by\" \/>\n\t<meta name=\"twitter:data1\" content=\"Diana Matei\" \/>\n\t<meta name=\"twitter:label2\" content=\"Estimated reading time\" \/>\n\t<meta name=\"twitter:data2\" content=\"1 minute\" \/>\n<script type=\"application\/ld+json\" class=\"yoast-schema-graph\">{\"@context\":\"https:\\\/\\\/schema.org\",\"@graph\":[{\"@type\":\"Article\",\"@id\":\"https:\\\/\\\/buletin.de\\\/bucuresti\\\/modernizarea-garii-de-nord-poate-incepe\\\/#article\",\"isPartOf\":{\"@id\":\"https:\\\/\\\/buletin.de\\\/bucuresti\\\/modernizarea-garii-de-nord-poate-incepe\\\/\"},\"author\":{\"name\":\"Diana Matei\",\"@id\":\"https:\\\/\\\/buletin.de\\\/bucuresti\\\/#\\\/schema\\\/person\\\/7e46040573290777280a0835d81ea4ea\"},\"headline\":\"Modernizarea G\u0103rii de Nord poate \u00eencepe\",\"datePublished\":\"2023-08-28T08:25:03+00:00\",\"mainEntityOfPage\":{\"@id\":\"https:\\\/\\\/buletin.de\\\/bucuresti\\\/modernizarea-garii-de-nord-poate-incepe\\\/\"},\"wordCount\":272,\"commentCount\":0,\"publisher\":{\"@id\":\"https:\\\/\\\/buletin.de\\\/bucuresti\\\/#organization\"},\"image\":{\"@id\":\"https:\\\/\\\/buletin.de\\\/bucuresti\\\/modernizarea-garii-de-nord-poate-incepe\\\/#primaryimage\"},\"thumbnailUrl\":\"https:\\\/\\\/buletin.de\\\/bucuresti\\\/wp-content\\\/uploads\\\/gara-de-nord.jpeg\",\"keywords\":[\"asociere de firme romanesti\",\"gara de nord\",\"licitatie\",\"modernizare gara de nord\"],\"articleSection\":[\"\u0218tiri\"],\"inLanguage\":\"en-GB\",\"potentialAction\":[{\"@type\":\"CommentAction\",\"name\":\"Comment\",\"target\":[\"https:\\\/\\\/buletin.de\\\/bucuresti\\\/modernizarea-garii-de-nord-poate-incepe\\\/#respond\"]}],\"copyrightYear\":\"2023\",\"copyrightHolder\":{\"@id\":\"https:\\\/\\\/buletin.de\\\/bucuresti\\\/#organization\"}},{\"@type\":\"WebPage\",\"@id\":\"https:\\\/\\\/buletin.de\\\/bucuresti\\\/modernizarea-garii-de-nord-poate-incepe\\\/\",\"url\":\"https:\\\/\\\/buletin.de\\\/bucuresti\\\/modernizarea-garii-de-nord-poate-incepe\\\/\",\"name\":\"Modernizarea G\u0103rii de Nord poate \u00eencepe - Buletin de Bucure\u0219ti\",\"isPartOf\":{\"@id\":\"https:\\\/\\\/buletin.de\\\/bucuresti\\\/#website\"},\"primaryImageOfPage\":{\"@id\":\"https:\\\/\\\/buletin.de\\\/bucuresti\\\/modernizarea-garii-de-nord-poate-incepe\\\/#primaryimage\"},\"image\":{\"@id\":\"https:\\\/\\\/buletin.de\\\/bucuresti\\\/modernizarea-garii-de-nord-poate-incepe\\\/#primaryimage\"},\"thumbnailUrl\":\"https:\\\/\\\/buletin.de\\\/bucuresti\\\/wp-content\\\/uploads\\\/gara-de-nord.jpeg\",\"datePublished\":\"2023-08-28T08:25:03+00:00\",\"breadcrumb\":{\"@id\":\"https:\\\/\\\/buletin.de\\\/bucuresti\\\/modernizarea-garii-de-nord-poate-incepe\\\/#breadcrumb\"},\"inLanguage\":\"en-GB\",\"potentialAction\":[{\"@type\":\"ReadAction\",\"target\":[\"https:\\\/\\\/buletin.de\\\/bucuresti\\\/modernizarea-garii-de-nord-poate-incepe\\\/\"]}]},{\"@type\":\"ImageObject\",\"inLanguage\":\"en-GB\",\"@id\":\"https:\\\/\\\/buletin.de\\\/bucuresti\\\/modernizarea-garii-de-nord-poate-incepe\\\/#primaryimage\",\"url\":\"https:\\\/\\\/buletin.de\\\/bucuresti\\\/wp-content\\\/uploads\\\/gara-de-nord.jpeg\",\"contentUrl\":\"https:\\\/\\\/buletin.de\\\/bucuresti\\\/wp-content\\\/uploads\\\/gara-de-nord.jpeg\",\"width\":1988,\"height\":1326,\"caption\":\"arhiv\u0103\"},{\"@type\":\"BreadcrumbList\",\"@id\":\"https:\\\/\\\/buletin.de\\\/bucuresti\\\/modernizarea-garii-de-nord-poate-incepe\\\/#breadcrumb\",\"itemListElement\":[{\"@type\":\"ListItem\",\"position\":1,\"name\":\"Acas\u0103\",\"item\":\"https:\\\/\\\/buletin.de\\\/bucuresti\\\/\"},{\"@type\":\"ListItem\",\"position\":2,\"name\":\"Modernizarea G\u0103rii de Nord poate \u00eencepe\"}]},{\"@type\":\"WebSite\",\"@id\":\"https:\\\/\\\/buletin.de\\\/bucuresti\\\/#website\",\"url\":\"https:\\\/\\\/buletin.de\\\/bucuresti\\\/\",\"name\":\"Buletin de Bucure\u0219ti\",\"description\":\"\u0218tiri \u0219i investiga\u021bii esen\u021biale din capital\u0103\",\"publisher\":{\"@id\":\"https:\\\/\\\/buletin.de\\\/bucuresti\\\/#organization\"},\"potentialAction\":[{\"@type\":\"SearchAction\",\"target\":{\"@type\":\"EntryPoint\",\"urlTemplate\":\"https:\\\/\\\/buletin.de\\\/bucuresti\\\/?s={search_term_string}\"},\"query-input\":{\"@type\":\"PropertyValueSpecification\",\"valueRequired\":true,\"valueName\":\"search_term_string\"}}],\"inLanguage\":\"en-GB\"},{\"@type\":\"Organization\",\"@id\":\"https:\\\/\\\/buletin.de\\\/bucuresti\\\/#organization\",\"name\":\"Buletin de Bucure\u0219ti\",\"url\":\"https:\\\/\\\/buletin.de\\\/bucuresti\\\/\",\"logo\":{\"@type\":\"ImageObject\",\"inLanguage\":\"en-GB\",\"@id\":\"https:\\\/\\\/buletin.de\\\/bucuresti\\\/#\\\/schema\\\/logo\\\/image\\\/\",\"url\":\"https:\\\/\\\/buletin.de\\\/bucuresti\\\/wp-content\\\/uploads\\\/logo-bdb-full-wide-vernil-transparent.png\",\"contentUrl\":\"https:\\\/\\\/buletin.de\\\/bucuresti\\\/wp-content\\\/uploads\\\/logo-bdb-full-wide-vernil-transparent.png\",\"width\":1782,\"height\":626,\"caption\":\"Buletin de Bucure\u0219ti\"},\"image\":{\"@id\":\"https:\\\/\\\/buletin.de\\\/bucuresti\\\/#\\\/schema\\\/logo\\\/image\\\/\"},\"sameAs\":[\"https:\\\/\\\/www.facebook.com\\\/buletin.de.buc\",\"https:\\\/\\\/www.instagram.com\\\/buletinde.bucuresti\\\/\"]},{\"@type\":\"Person\",\"@id\":\"https:\\\/\\\/buletin.de\\\/bucuresti\\\/#\\\/schema\\\/person\\\/7e46040573290777280a0835d81ea4ea\",\"name\":\"Diana Matei\",\"image\":{\"@type\":\"ImageObject\",\"inLanguage\":\"en-GB\",\"@id\":\"https:\\\/\\\/buletin.de\\\/bucuresti\\\/wp-content\\\/uploads\\\/9-2-96x96.jpg1e8590b30871d70e62ebcdaf2eff570c\",\"url\":\"https:\\\/\\\/buletin.de\\\/bucuresti\\\/wp-content\\\/uploads\\\/9-2-96x96.jpg\",\"contentUrl\":\"https:\\\/\\\/buletin.de\\\/bucuresti\\\/wp-content\\\/uploads\\\/9-2-96x96.jpg\",\"caption\":\"Diana Matei\"},\"url\":\"https:\\\/\\\/buletin.de\\\/bucuresti\\\/author\\\/dianamatei\\\/\"}]}<\/script>\n<!-- \/ Yoast SEO Premium plugin. -->","yoast_head_json":{"title":"Modernizarea G\u0103rii de Nord poate \u00eencepe - Buletin de Bucure\u0219ti","robots":{"index":"index","follow":"follow","max-snippet":"max-snippet:-1","max-image-preview":"max-image-preview:large","max-video-preview":"max-video-preview:-1"},"canonical":"https:\/\/buletin.de\/bucuresti\/modernizarea-garii-de-nord-poate-incepe\/","og_locale":"en_GB","og_type":"article","og_title":"Modernizarea G\u0103rii de Nord poate \u00eencepe","og_description":"Gara de Nord din Capital\u0103 va intra \u00eentr-un proces modernizare \u0219i reabilitare. Licita\u021bia public\u0103 pentru achizi\u021bia serviciilor de proiectare \u0219i execu\u021bie a lucr\u0103rilor a fost castgata de o asociere de firme rom\u00e2ne\u0219ti. Programul de modernizare include reabilitarea spa\u021biilor existente \u00een cele trei corpuri ale cl\u0103dirii, unde se desf\u0103\u0219oar\u0103 activitatea feroviar\u0103, sunt asigurate servicii destinate c\u0103l\u0103torilor [&hellip;]","og_url":"https:\/\/buletin.de\/bucuresti\/modernizarea-garii-de-nord-poate-incepe\/","og_site_name":"Buletin de Bucure\u0219ti","article_publisher":"https:\/\/www.facebook.com\/buletin.de.buc","article_published_time":"2023-08-28T08:25:03+00:00","og_image":[{"width":1988,"height":1326,"url":"https:\/\/buletin.de\/bucuresti\/wp-content\/uploads\/gara-de-nord.jpeg","type":"image\/jpeg"}],"author":"Diana Matei","twitter_card":"summary_large_image","twitter_misc":{"Written by":"Diana Matei","Estimated reading time":"1 minute"},"schema":{"@context":"https:\/\/schema.org","@graph":[{"@type":"Article","@id":"https:\/\/buletin.de\/bucuresti\/modernizarea-garii-de-nord-poate-incepe\/#article","isPartOf":{"@id":"https:\/\/buletin.de\/bucuresti\/modernizarea-garii-de-nord-poate-incepe\/"},"author":{"name":"Diana Matei","@id":"https:\/\/buletin.de\/bucuresti\/#\/schema\/person\/7e46040573290777280a0835d81ea4ea"},"headline":"Modernizarea G\u0103rii de Nord poate \u00eencepe","datePublished":"2023-08-28T08:25:03+00:00","mainEntityOfPage":{"@id":"https:\/\/buletin.de\/bucuresti\/modernizarea-garii-de-nord-poate-incepe\/"},"wordCount":272,"commentCount":0,"publisher":{"@id":"https:\/\/buletin.de\/bucuresti\/#organization"},"image":{"@id":"https:\/\/buletin.de\/bucuresti\/modernizarea-garii-de-nord-poate-incepe\/#primaryimage"},"thumbnailUrl":"https:\/\/buletin.de\/bucuresti\/wp-content\/uploads\/gara-de-nord.jpeg","keywords":["asociere de firme romanesti","gara de nord","licitatie","modernizare gara de nord"],"articleSection":["\u0218tiri"],"inLanguage":"en-GB","potentialAction":[{"@type":"CommentAction","name":"Comment","target":["https:\/\/buletin.de\/bucuresti\/modernizarea-garii-de-nord-poate-incepe\/#respond"]}],"copyrightYear":"2023","copyrightHolder":{"@id":"https:\/\/buletin.de\/bucuresti\/#organization"}},{"@type":"WebPage","@id":"https:\/\/buletin.de\/bucuresti\/modernizarea-garii-de-nord-poate-incepe\/","url":"https:\/\/buletin.de\/bucuresti\/modernizarea-garii-de-nord-poate-incepe\/","name":"Modernizarea G\u0103rii de Nord poate \u00eencepe - Buletin de Bucure\u0219ti","isPartOf":{"@id":"https:\/\/buletin.de\/bucuresti\/#website"},"primaryImageOfPage":{"@id":"https:\/\/buletin.de\/bucuresti\/modernizarea-garii-de-nord-poate-incepe\/#primaryimage"},"image":{"@id":"https:\/\/buletin.de\/bucuresti\/modernizarea-garii-de-nord-poate-incepe\/#primaryimage"},"thumbnailUrl":"https:\/\/buletin.de\/bucuresti\/wp-content\/uploads\/gara-de-nord.jpeg","datePublished":"2023-08-28T08:25:03+00:00","breadcrumb":{"@id":"https:\/\/buletin.de\/bucuresti\/modernizarea-garii-de-nord-poate-incepe\/#breadcrumb"},"inLanguage":"en-GB","potentialAction":[{"@type":"ReadAction","target":["https:\/\/buletin.de\/bucuresti\/modernizarea-garii-de-nord-poate-incepe\/"]}]},{"@type":"ImageObject","inLanguage":"en-GB","@id":"https:\/\/buletin.de\/bucuresti\/modernizarea-garii-de-nord-poate-incepe\/#primaryimage","url":"https:\/\/buletin.de\/bucuresti\/wp-content\/uploads\/gara-de-nord.jpeg","contentUrl":"https:\/\/buletin.de\/bucuresti\/wp-content\/uploads\/gara-de-nord.jpeg","width":1988,"height":1326,"caption":"arhiv\u0103"},{"@type":"BreadcrumbList","@id":"https:\/\/buletin.de\/bucuresti\/modernizarea-garii-de-nord-poate-incepe\/#breadcrumb","itemListElement":[{"@type":"ListItem","position":1,"name":"Acas\u0103","item":"https:\/\/buletin.de\/bucuresti\/"},{"@type":"ListItem","position":2,"name":"Modernizarea G\u0103rii de Nord poate \u00eencepe"}]},{"@type":"WebSite","@id":"https:\/\/buletin.de\/bucuresti\/#website","url":"https:\/\/buletin.de\/bucuresti\/","name":"Buletin de Bucure\u0219ti","description":"\u0218tiri \u0219i investiga\u021bii esen\u021biale din capital\u0103","publisher":{"@id":"https:\/\/buletin.de\/bucuresti\/#organization"},"potentialAction":[{"@type":"SearchAction","target":{"@type":"EntryPoint","urlTemplate":"https:\/\/buletin.de\/bucuresti\/?s={search_term_string}"},"query-input":{"@type":"PropertyValueSpecification","valueRequired":true,"valueName":"search_term_string"}}],"inLanguage":"en-GB"},{"@type":"Organization","@id":"https:\/\/buletin.de\/bucuresti\/#organization","name":"Buletin de Bucure\u0219ti","url":"https:\/\/buletin.de\/bucuresti\/","logo":{"@type":"ImageObject","inLanguage":"en-GB","@id":"https:\/\/buletin.de\/bucuresti\/#\/schema\/logo\/image\/","url":"https:\/\/buletin.de\/bucuresti\/wp-content\/uploads\/logo-bdb-full-wide-vernil-transparent.png","contentUrl":"https:\/\/buletin.de\/bucuresti\/wp-content\/uploads\/logo-bdb-full-wide-vernil-transparent.png","width":1782,"height":626,"caption":"Buletin de Bucure\u0219ti"},"image":{"@id":"https:\/\/buletin.de\/bucuresti\/#\/schema\/logo\/image\/"},"sameAs":["https:\/\/www.facebook.com\/buletin.de.buc","https:\/\/www.instagram.com\/buletinde.bucuresti\/"]},{"@type":"Person","@id":"https:\/\/buletin.de\/bucuresti\/#\/schema\/person\/7e46040573290777280a0835d81ea4ea","name":"Diana Matei","image":{"@type":"ImageObject","inLanguage":"en-GB","@id":"https:\/\/buletin.de\/bucuresti\/wp-content\/uploads\/9-2-96x96.jpg1e8590b30871d70e62ebcdaf2eff570c","url":"https:\/\/buletin.de\/bucuresti\/wp-content\/uploads\/9-2-96x96.jpg","contentUrl":"https:\/\/buletin.de\/bucuresti\/wp-content\/uploads\/9-2-96x96.jpg","caption":"Diana Matei"},"url":"https:\/\/buletin.de\/bucuresti\/author\/dianamatei\/"}]}},"authors":[{"term_id":22574,"user_id":49,"is_guest":0,"slug":"dianamatei","display_name":"Diana Matei","avatar_url":"https:\/\/buletin.de\/bucuresti\/wp-content\/uploads\/9-2-96x96.jpg","0":null,"1":"","2":"","3":"","4":"","5":"","6":"","7":"","8":""}],"_links":{"self":[{"href":"https:\/\/buletin.de\/bucuresti\/wp-json\/wp\/v2\/posts\/62172","targetHints":{"allow":["GET"]}}],"collection":[{"href":"https:\/\/buletin.de\/bucuresti\/wp-json\/wp\/v2\/posts"}],"about":[{"href":"https:\/\/buletin.de\/bucuresti\/wp-json\/wp\/v2\/types\/post"}],"author":[{"embeddable":true,"href":"https:\/\/buletin.de\/bucuresti\/wp-json\/wp\/v2\/users\/49"}],"replies":[{"embeddable":true,"href":"https:\/\/buletin.de\/bucuresti\/wp-json\/wp\/v2\/comments?post=62172"}],"version-history":[{"count":0,"href":"https:\/\/buletin.de\/bucuresti\/wp-json\/wp\/v2\/posts\/62172\/revisions"}],"wp:featuredmedia":[{"embeddable":true,"href":"https:\/\/buletin.de\/bucuresti\/wp-json\/wp\/v2\/media\/62173"}],"wp:attachment":[{"href":"https:\/\/buletin.de\/bucuresti\/wp-json\/wp\/v2\/media?parent=62172"}],"wp:term":[{"taxonomy":"category","embeddable":true,"href":"https:\/\/buletin.de\/bucuresti\/wp-json\/wp\/v2\/categories?post=62172"},{"taxonomy":"post_tag","embeddable":true,"href":"https:\/\/buletin.de\/bucuresti\/wp-json\/wp\/v2\/tags?post=62172"},{"taxonomy":"author","embeddable":true,"href":"https:\/\/buletin.de\/bucuresti\/wp-json\/wp\/v2\/ppma_author?post=62172"}],"curies":[{"name":"wp","href":"https:\/\/api.w.org\/{rel}","templated":true}]}}