{"id":62151,"date":"2023-09-24T08:30:00","date_gmt":"2023-09-24T06:30:00","guid":{"rendered":"https:\/\/buletin.de\/bucuresti\/?p=62151"},"modified":"2023-09-25T07:39:39","modified_gmt":"2023-09-25T05:39:39","slug":"editorial-jurnalul-adultului-miop-din-stbiv-mitocanul-de-tramvai-in-copilarie","status":"publish","type":"post","link":"https:\/\/buletin.de\/bucuresti\/editorial-jurnalul-adultului-miop-din-stbiv-mitocanul-de-tramvai-in-copilarie\/","title":{"rendered":"EDITORIAL | Jurnalul adultului miop din STB(IV): mitocanul de tramvai, \u00een copil\u0103rie"},"content":{"rendered":"\r\n<p>Mitocanul de tramvai are poten\u021bial. De mic! \u0218i, cum v\u0103 spuneam c\u0103 mitoc\u0103nia se dob\u00e2nde\u0219te, vorba mamei mele, D-l Goe n-a murit! D-l Goe e peste tot. E un fel de Nil\u0103 din Morome\u021bii. Numai c\u0103 la o v\u00e2rst\u0103 fraged\u0103.<\/p>\r\n\r\n\r\n\r\n<p>C\u0103 merge cu trenul sau cu tramvaiul, acela\u0219i lucru! Este l\u0103sat liber s\u0103-\u0219i dezvolte personalitatea, cum ne \u00eenva\u021b\u0103 p\u0103rin\u021bii moderni.<\/p>\r\n\r\n\r\n\r\n<p>\u00cen tramvaiul 32, calea\u0219ca mea de prin\u021bes\u0103, este \u00een elementul lui. Sc\u0103pat din les\u0103 de mai v\u00e2rstnicii domni Goe, care \u00eentre timp, au crescut.<\/p>\r\n\r\n\r\n\r\n<p>De exemplu, mitocanului \u00een devenire, nu i se spune c\u0103 \u00een tramvai nu mergem cu picioarele sp\u00e2nzurate pe scaune, ci cu ele \u00een jos. \u0218i nu neap\u0103rat pentru c\u0103 ni s-ar vedeam chilo\u021bii, ci pentru c\u0103 murd\u0103rim scaunele, \u0219i a\u0219a cu un aspect dubios.<\/p>\r\n\r\n\r\n\r\n<p>Mai deun\u0103zi, urc\u0103 \u00een tramvai o mam\u0103 cu dou\u0103 tinere vl\u0103stare. Dup\u0103 aprecierea mea, 5 \u0219i 7\u20118 ani.<\/p>\r\n\r\n\r\n\r\n<p>Cei doi se a\u0219eaz\u0103 pe scaunele rezervate&#8230; anumitor v\u00e2rste. La un moment dat, hop! cu picioarele la gur\u0103! Din p\u0103cate, picioarele nu au r\u0103mas la locul lor, ci au tot lovit o doamn\u0103, at\u00e2rnat\u0103 de bara din apropiere. Constant, pre\u021b de c\u00e2teva hurduc\u0103ieli ale tramvaiului.<\/p>\r\n\r\n\r\n\r\n<p>Doamna \u00eencearc\u0103 s\u0103 atrag\u0103 aten\u021bia, respectuos, asupra situa\u021biei. Mare gre\u0219eal\u0103!<\/p>\r\n\r\n\r\n\r\n<p>&#8220;E, \u0219ti\u021bi ceva? Sunt copii. Copiii nu pot fi \u021binu\u021bi \u00een fr\u00e2u. Ce s\u0103 le faci&#8221;?<\/p>\r\n\r\n\r\n\r\n<p>&#8220;S\u0103-i educa\u021bi s\u0103 nu fac\u0103 a\u0219a ceva. Pe scaune st\u0103m cu hainele&#8221;, r\u0103spunde doamna.<\/p>\r\n\r\n\r\n\r\n<p>\u201eE, ce s\u0103-\u021bi spun. De haine ai grija acum. Se vede ca n-ai copii, ca nu mai ziceai nimic \u201d.<\/p>\r\n\r\n\r\n\r\n<p>Din p\u0103cate, un comentariu neinspirat pentru t\u00e2n\u0103ra posesoare a dou\u0103 buc\u0103\u021bi din specia D-l Goe.<\/p>\r\n\r\n\r\n\r\n<p>&#8220;Ba am! Un copil, nu o maimu\u021b\u0103! Un copil care st\u0103 cu picioarele la gur\u0103 \u0219i se c\u0103\u021b\u0103r\u0103 doar la el acas\u0103&#8221;, o fulger\u0103 cu privirea doamn\u0103.<\/p>\r\n\r\n\r\n\r\n<p>&#8220;P\u0103i ce, f\u0103! Copiii mei e maimu\u021be? Tu nu te ui\u021bi la tine&#8221;?<\/p>\r\n\r\n\r\n\r\n<p>Doamna era tare frumos \u00eembr\u0103cat\u0103 \u0219i elegant\u0103. Deci, asem\u0103narea cu o maimu\u021b\u0103 putea fi f\u0103cut\u0103 doar la nivel de ADN ancestral:).<\/p>\r\n\r\n\r\n\r\n<p>D-l Goe este prezent peste tot. E \u0103la de la bloc, care nu da bun\u0103 ziua, e cel de la mare, care arunc\u0103 lop\u0103\u021bele cu nisip pe turi\u0219ti, e \u0103la care arunc\u0103 h\u00e2rtii pe strad\u0103, f\u0103r\u0103 s\u0103 i se atrag\u0103 aten\u021bia.<\/p>\r\n\r\n\r\n\r\n<p>D-l Goe e mitocanul de peste ani. S\u0103-l l\u0103s\u0103m s\u0103-\u0219i dezvolte personalitatea, nu?<\/p>\r\n\r\n\r\n\r\n<p>A, am uitat s\u0103 v\u0103 spun! Doamna era&#8230; Nici nu mai conteaz\u0103. Un ve\u0219nic c\u0103l\u0103tor cu tramvaiul 32.<\/p>\r\n\r\n\r\n\r\n<p>&nbsp;<\/p>\r\n","protected":false},"excerpt":{"rendered":"<p>Mitocanul de tramvai are poten\u021bial. De mic! \u0218i, cum v\u0103 spuneam c\u0103 mitoc\u0103nia se dob\u00e2nde\u0219te, vorba mamei mele, D-l Goe n-a murit! D-l Goe e peste tot. E un fel de Nil\u0103 din Morome\u021bii. Numai c\u0103 la o v\u00e2rst\u0103 fraged\u0103. C\u0103 merge cu trenul sau cu tramvaiul, acela\u0219i lucru! Este l\u0103sat liber s\u0103-\u0219i dezvolte personalitatea, [&hellip;]<\/p>\n","protected":false},"author":49,"featured_media":62152,"comment_status":"open","ping_status":"open","sticky":false,"template":"","format":"standard","meta":{"_acf_changed":false,"inline_featured_image":false,"ngg_post_thumbnail":0,"footnotes":""},"categories":[6994,41],"tags":[402,399],"ppma_author":[22574],"class_list":["post-62151","post","type-post","status-publish","format-standard","has-post-thumbnail","hentry","category-stiri-2","category-editorial","tag-stb","tag-tramvaie"],"acf":[],"yoast_head":"<!-- This site is optimized with the Yoast SEO Premium plugin v25.3 (Yoast SEO v27.4) - https:\/\/yoast.com\/product\/yoast-seo-premium-wordpress\/ -->\n<title>EDITORIAL | Jurnalul adultului miop din STB(IV): mitocanul de tramvai, \u00een copil\u0103rie - Buletin de Bucure\u0219ti<\/title>\n<meta name=\"robots\" content=\"index, follow, max-snippet:-1, max-image-preview:large, max-video-preview:-1\" \/>\n<link rel=\"canonical\" href=\"https:\/\/buletin.de\/bucuresti\/?p=62151\" \/>\n<meta property=\"og:locale\" content=\"en_GB\" \/>\n<meta property=\"og:type\" content=\"article\" \/>\n<meta property=\"og:title\" content=\"EDITORIAL | Jurnalul adultului miop din STB(IV): mitocanul de tramvai, \u00een copil\u0103rie\" \/>\n<meta property=\"og:description\" content=\"Mitocanul de tramvai are poten\u021bial. De mic! \u0218i, cum v\u0103 spuneam c\u0103 mitoc\u0103nia se dob\u00e2nde\u0219te, vorba mamei mele, D-l Goe n-a murit! D-l Goe e peste tot. E un fel de Nil\u0103 din Morome\u021bii. Numai c\u0103 la o v\u00e2rst\u0103 fraged\u0103. C\u0103 merge cu trenul sau cu tramvaiul, acela\u0219i lucru! Este l\u0103sat liber s\u0103-\u0219i dezvolte personalitatea, [&hellip;]\" \/>\n<meta property=\"og:url\" content=\"https:\/\/buletin.de\/bucuresti\/?p=62151\" \/>\n<meta property=\"og:site_name\" content=\"Buletin de Bucure\u0219ti\" \/>\n<meta property=\"article:publisher\" content=\"https:\/\/www.facebook.com\/buletin.de.buc\" \/>\n<meta property=\"article:published_time\" content=\"2023-09-24T06:30:00+00:00\" \/>\n<meta property=\"article:modified_time\" content=\"2023-09-25T05:39:39+00:00\" \/>\n<meta property=\"og:image\" content=\"https:\/\/buletin.de\/bucuresti\/wp-content\/uploads\/plod.jpeg\" \/>\n\t<meta property=\"og:image:width\" content=\"1511\" \/>\n\t<meta property=\"og:image:height\" content=\"2015\" \/>\n\t<meta property=\"og:image:type\" content=\"image\/jpeg\" \/>\n<meta name=\"author\" content=\"Diana Matei\" \/>\n<meta name=\"twitter:card\" content=\"summary_large_image\" \/>\n<meta name=\"twitter:label1\" content=\"Written by\" \/>\n\t<meta name=\"twitter:data1\" content=\"Diana Matei\" \/>\n\t<meta name=\"twitter:label2\" content=\"Estimated reading time\" \/>\n\t<meta name=\"twitter:data2\" content=\"1 minute\" \/>\n<script type=\"application\/ld+json\" class=\"yoast-schema-graph\">{\"@context\":\"https:\\\/\\\/schema.org\",\"@graph\":[{\"@type\":\"Article\",\"@id\":\"https:\\\/\\\/buletin.de\\\/bucuresti\\\/?p=62151#article\",\"isPartOf\":{\"@id\":\"https:\\\/\\\/buletin.de\\\/bucuresti\\\/?p=62151\"},\"author\":{\"name\":\"Diana Matei\",\"@id\":\"https:\\\/\\\/buletin.de\\\/bucuresti\\\/#\\\/schema\\\/person\\\/7e46040573290777280a0835d81ea4ea\"},\"headline\":\"EDITORIAL | Jurnalul adultului miop din STB(IV): mitocanul de tramvai, \u00een copil\u0103rie\",\"datePublished\":\"2023-09-24T06:30:00+00:00\",\"dateModified\":\"2023-09-25T05:39:39+00:00\",\"mainEntityOfPage\":{\"@id\":\"https:\\\/\\\/buletin.de\\\/bucuresti\\\/?p=62151\"},\"wordCount\":475,\"commentCount\":0,\"publisher\":{\"@id\":\"https:\\\/\\\/buletin.de\\\/bucuresti\\\/#organization\"},\"image\":{\"@id\":\"https:\\\/\\\/buletin.de\\\/bucuresti\\\/?p=62151#primaryimage\"},\"thumbnailUrl\":\"https:\\\/\\\/buletin.de\\\/bucuresti\\\/wp-content\\\/uploads\\\/plod.jpeg\",\"keywords\":[\"stb\",\"tramvaie\"],\"articleSection\":[\"Articole\",\"Editorial\"],\"inLanguage\":\"en-GB\",\"potentialAction\":[{\"@type\":\"CommentAction\",\"name\":\"Comment\",\"target\":[\"https:\\\/\\\/buletin.de\\\/bucuresti\\\/?p=62151#respond\"]}],\"copyrightYear\":\"2023\",\"copyrightHolder\":{\"@id\":\"https:\\\/\\\/buletin.de\\\/bucuresti\\\/#organization\"}},{\"@type\":\"WebPage\",\"@id\":\"https:\\\/\\\/buletin.de\\\/bucuresti\\\/?p=62151\",\"url\":\"https:\\\/\\\/buletin.de\\\/bucuresti\\\/?p=62151\",\"name\":\"EDITORIAL | Jurnalul adultului miop din STB(IV): mitocanul de tramvai, \u00een copil\u0103rie - Buletin de Bucure\u0219ti\",\"isPartOf\":{\"@id\":\"https:\\\/\\\/buletin.de\\\/bucuresti\\\/#website\"},\"primaryImageOfPage\":{\"@id\":\"https:\\\/\\\/buletin.de\\\/bucuresti\\\/?p=62151#primaryimage\"},\"image\":{\"@id\":\"https:\\\/\\\/buletin.de\\\/bucuresti\\\/?p=62151#primaryimage\"},\"thumbnailUrl\":\"https:\\\/\\\/buletin.de\\\/bucuresti\\\/wp-content\\\/uploads\\\/plod.jpeg\",\"datePublished\":\"2023-09-24T06:30:00+00:00\",\"dateModified\":\"2023-09-25T05:39:39+00:00\",\"breadcrumb\":{\"@id\":\"https:\\\/\\\/buletin.de\\\/bucuresti\\\/?p=62151#breadcrumb\"},\"inLanguage\":\"en-GB\",\"potentialAction\":[{\"@type\":\"ReadAction\",\"target\":[\"https:\\\/\\\/buletin.de\\\/bucuresti\\\/?p=62151\"]}]},{\"@type\":\"ImageObject\",\"inLanguage\":\"en-GB\",\"@id\":\"https:\\\/\\\/buletin.de\\\/bucuresti\\\/?p=62151#primaryimage\",\"url\":\"https:\\\/\\\/buletin.de\\\/bucuresti\\\/wp-content\\\/uploads\\\/plod.jpeg\",\"contentUrl\":\"https:\\\/\\\/buletin.de\\\/bucuresti\\\/wp-content\\\/uploads\\\/plod.jpeg\",\"width\":1511,\"height\":2015},{\"@type\":\"BreadcrumbList\",\"@id\":\"https:\\\/\\\/buletin.de\\\/bucuresti\\\/?p=62151#breadcrumb\",\"itemListElement\":[{\"@type\":\"ListItem\",\"position\":1,\"name\":\"Acas\u0103\",\"item\":\"https:\\\/\\\/buletin.de\\\/bucuresti\\\/\"},{\"@type\":\"ListItem\",\"position\":2,\"name\":\"EDITORIAL | Jurnalul adultului miop din STB(III): mitocanul de tramvai, \u00een copil\u0103rie\"}]},{\"@type\":\"WebSite\",\"@id\":\"https:\\\/\\\/buletin.de\\\/bucuresti\\\/#website\",\"url\":\"https:\\\/\\\/buletin.de\\\/bucuresti\\\/\",\"name\":\"Buletin de Bucure\u0219ti\",\"description\":\"\u0218tiri \u0219i investiga\u021bii esen\u021biale din capital\u0103\",\"publisher\":{\"@id\":\"https:\\\/\\\/buletin.de\\\/bucuresti\\\/#organization\"},\"potentialAction\":[{\"@type\":\"SearchAction\",\"target\":{\"@type\":\"EntryPoint\",\"urlTemplate\":\"https:\\\/\\\/buletin.de\\\/bucuresti\\\/?s={search_term_string}\"},\"query-input\":{\"@type\":\"PropertyValueSpecification\",\"valueRequired\":true,\"valueName\":\"search_term_string\"}}],\"inLanguage\":\"en-GB\"},{\"@type\":\"Organization\",\"@id\":\"https:\\\/\\\/buletin.de\\\/bucuresti\\\/#organization\",\"name\":\"Buletin de Bucure\u0219ti\",\"url\":\"https:\\\/\\\/buletin.de\\\/bucuresti\\\/\",\"logo\":{\"@type\":\"ImageObject\",\"inLanguage\":\"en-GB\",\"@id\":\"https:\\\/\\\/buletin.de\\\/bucuresti\\\/#\\\/schema\\\/logo\\\/image\\\/\",\"url\":\"https:\\\/\\\/buletin.de\\\/bucuresti\\\/wp-content\\\/uploads\\\/logo-bdb-full-wide-vernil-transparent.png\",\"contentUrl\":\"https:\\\/\\\/buletin.de\\\/bucuresti\\\/wp-content\\\/uploads\\\/logo-bdb-full-wide-vernil-transparent.png\",\"width\":1782,\"height\":626,\"caption\":\"Buletin de Bucure\u0219ti\"},\"image\":{\"@id\":\"https:\\\/\\\/buletin.de\\\/bucuresti\\\/#\\\/schema\\\/logo\\\/image\\\/\"},\"sameAs\":[\"https:\\\/\\\/www.facebook.com\\\/buletin.de.buc\",\"https:\\\/\\\/www.instagram.com\\\/buletinde.bucuresti\\\/\"]},{\"@type\":\"Person\",\"@id\":\"https:\\\/\\\/buletin.de\\\/bucuresti\\\/#\\\/schema\\\/person\\\/7e46040573290777280a0835d81ea4ea\",\"name\":\"Diana Matei\",\"image\":{\"@type\":\"ImageObject\",\"inLanguage\":\"en-GB\",\"@id\":\"https:\\\/\\\/buletin.de\\\/bucuresti\\\/wp-content\\\/uploads\\\/9-2-96x96.jpg1e8590b30871d70e62ebcdaf2eff570c\",\"url\":\"https:\\\/\\\/buletin.de\\\/bucuresti\\\/wp-content\\\/uploads\\\/9-2-96x96.jpg\",\"contentUrl\":\"https:\\\/\\\/buletin.de\\\/bucuresti\\\/wp-content\\\/uploads\\\/9-2-96x96.jpg\",\"caption\":\"Diana Matei\"},\"url\":\"https:\\\/\\\/buletin.de\\\/bucuresti\\\/author\\\/dianamatei\\\/\"}]}<\/script>\n<!-- \/ Yoast SEO Premium plugin. -->","yoast_head_json":{"title":"EDITORIAL | Jurnalul adultului miop din STB(IV): mitocanul de tramvai, \u00een copil\u0103rie - Buletin de Bucure\u0219ti","robots":{"index":"index","follow":"follow","max-snippet":"max-snippet:-1","max-image-preview":"max-image-preview:large","max-video-preview":"max-video-preview:-1"},"canonical":"https:\/\/buletin.de\/bucuresti\/?p=62151","og_locale":"en_GB","og_type":"article","og_title":"EDITORIAL | Jurnalul adultului miop din STB(IV): mitocanul de tramvai, \u00een copil\u0103rie","og_description":"Mitocanul de tramvai are poten\u021bial. De mic! \u0218i, cum v\u0103 spuneam c\u0103 mitoc\u0103nia se dob\u00e2nde\u0219te, vorba mamei mele, D-l Goe n-a murit! D-l Goe e peste tot. E un fel de Nil\u0103 din Morome\u021bii. Numai c\u0103 la o v\u00e2rst\u0103 fraged\u0103. C\u0103 merge cu trenul sau cu tramvaiul, acela\u0219i lucru! Este l\u0103sat liber s\u0103-\u0219i dezvolte personalitatea, [&hellip;]","og_url":"https:\/\/buletin.de\/bucuresti\/?p=62151","og_site_name":"Buletin de Bucure\u0219ti","article_publisher":"https:\/\/www.facebook.com\/buletin.de.buc","article_published_time":"2023-09-24T06:30:00+00:00","article_modified_time":"2023-09-25T05:39:39+00:00","og_image":[{"width":1511,"height":2015,"url":"https:\/\/buletin.de\/bucuresti\/wp-content\/uploads\/plod.jpeg","type":"image\/jpeg"}],"author":"Diana Matei","twitter_card":"summary_large_image","twitter_misc":{"Written by":"Diana Matei","Estimated reading time":"1 minute"},"schema":{"@context":"https:\/\/schema.org","@graph":[{"@type":"Article","@id":"https:\/\/buletin.de\/bucuresti\/?p=62151#article","isPartOf":{"@id":"https:\/\/buletin.de\/bucuresti\/?p=62151"},"author":{"name":"Diana Matei","@id":"https:\/\/buletin.de\/bucuresti\/#\/schema\/person\/7e46040573290777280a0835d81ea4ea"},"headline":"EDITORIAL | Jurnalul adultului miop din STB(IV): mitocanul de tramvai, \u00een copil\u0103rie","datePublished":"2023-09-24T06:30:00+00:00","dateModified":"2023-09-25T05:39:39+00:00","mainEntityOfPage":{"@id":"https:\/\/buletin.de\/bucuresti\/?p=62151"},"wordCount":475,"commentCount":0,"publisher":{"@id":"https:\/\/buletin.de\/bucuresti\/#organization"},"image":{"@id":"https:\/\/buletin.de\/bucuresti\/?p=62151#primaryimage"},"thumbnailUrl":"https:\/\/buletin.de\/bucuresti\/wp-content\/uploads\/plod.jpeg","keywords":["stb","tramvaie"],"articleSection":["Articole","Editorial"],"inLanguage":"en-GB","potentialAction":[{"@type":"CommentAction","name":"Comment","target":["https:\/\/buletin.de\/bucuresti\/?p=62151#respond"]}],"copyrightYear":"2023","copyrightHolder":{"@id":"https:\/\/buletin.de\/bucuresti\/#organization"}},{"@type":"WebPage","@id":"https:\/\/buletin.de\/bucuresti\/?p=62151","url":"https:\/\/buletin.de\/bucuresti\/?p=62151","name":"EDITORIAL | Jurnalul adultului miop din STB(IV): mitocanul de tramvai, \u00een copil\u0103rie - Buletin de Bucure\u0219ti","isPartOf":{"@id":"https:\/\/buletin.de\/bucuresti\/#website"},"primaryImageOfPage":{"@id":"https:\/\/buletin.de\/bucuresti\/?p=62151#primaryimage"},"image":{"@id":"https:\/\/buletin.de\/bucuresti\/?p=62151#primaryimage"},"thumbnailUrl":"https:\/\/buletin.de\/bucuresti\/wp-content\/uploads\/plod.jpeg","datePublished":"2023-09-24T06:30:00+00:00","dateModified":"2023-09-25T05:39:39+00:00","breadcrumb":{"@id":"https:\/\/buletin.de\/bucuresti\/?p=62151#breadcrumb"},"inLanguage":"en-GB","potentialAction":[{"@type":"ReadAction","target":["https:\/\/buletin.de\/bucuresti\/?p=62151"]}]},{"@type":"ImageObject","inLanguage":"en-GB","@id":"https:\/\/buletin.de\/bucuresti\/?p=62151#primaryimage","url":"https:\/\/buletin.de\/bucuresti\/wp-content\/uploads\/plod.jpeg","contentUrl":"https:\/\/buletin.de\/bucuresti\/wp-content\/uploads\/plod.jpeg","width":1511,"height":2015},{"@type":"BreadcrumbList","@id":"https:\/\/buletin.de\/bucuresti\/?p=62151#breadcrumb","itemListElement":[{"@type":"ListItem","position":1,"name":"Acas\u0103","item":"https:\/\/buletin.de\/bucuresti\/"},{"@type":"ListItem","position":2,"name":"EDITORIAL | Jurnalul adultului miop din STB(III): mitocanul de tramvai, \u00een copil\u0103rie"}]},{"@type":"WebSite","@id":"https:\/\/buletin.de\/bucuresti\/#website","url":"https:\/\/buletin.de\/bucuresti\/","name":"Buletin de Bucure\u0219ti","description":"\u0218tiri \u0219i investiga\u021bii esen\u021biale din capital\u0103","publisher":{"@id":"https:\/\/buletin.de\/bucuresti\/#organization"},"potentialAction":[{"@type":"SearchAction","target":{"@type":"EntryPoint","urlTemplate":"https:\/\/buletin.de\/bucuresti\/?s={search_term_string}"},"query-input":{"@type":"PropertyValueSpecification","valueRequired":true,"valueName":"search_term_string"}}],"inLanguage":"en-GB"},{"@type":"Organization","@id":"https:\/\/buletin.de\/bucuresti\/#organization","name":"Buletin de Bucure\u0219ti","url":"https:\/\/buletin.de\/bucuresti\/","logo":{"@type":"ImageObject","inLanguage":"en-GB","@id":"https:\/\/buletin.de\/bucuresti\/#\/schema\/logo\/image\/","url":"https:\/\/buletin.de\/bucuresti\/wp-content\/uploads\/logo-bdb-full-wide-vernil-transparent.png","contentUrl":"https:\/\/buletin.de\/bucuresti\/wp-content\/uploads\/logo-bdb-full-wide-vernil-transparent.png","width":1782,"height":626,"caption":"Buletin de Bucure\u0219ti"},"image":{"@id":"https:\/\/buletin.de\/bucuresti\/#\/schema\/logo\/image\/"},"sameAs":["https:\/\/www.facebook.com\/buletin.de.buc","https:\/\/www.instagram.com\/buletinde.bucuresti\/"]},{"@type":"Person","@id":"https:\/\/buletin.de\/bucuresti\/#\/schema\/person\/7e46040573290777280a0835d81ea4ea","name":"Diana Matei","image":{"@type":"ImageObject","inLanguage":"en-GB","@id":"https:\/\/buletin.de\/bucuresti\/wp-content\/uploads\/9-2-96x96.jpg1e8590b30871d70e62ebcdaf2eff570c","url":"https:\/\/buletin.de\/bucuresti\/wp-content\/uploads\/9-2-96x96.jpg","contentUrl":"https:\/\/buletin.de\/bucuresti\/wp-content\/uploads\/9-2-96x96.jpg","caption":"Diana Matei"},"url":"https:\/\/buletin.de\/bucuresti\/author\/dianamatei\/"}]}},"authors":[{"term_id":22574,"user_id":49,"is_guest":0,"slug":"dianamatei","display_name":"Diana Matei","avatar_url":"https:\/\/buletin.de\/bucuresti\/wp-content\/uploads\/9-2-96x96.jpg","0":null,"1":"","2":"","3":"","4":"","5":"","6":"","7":"","8":""}],"_links":{"self":[{"href":"https:\/\/buletin.de\/bucuresti\/wp-json\/wp\/v2\/posts\/62151","targetHints":{"allow":["GET"]}}],"collection":[{"href":"https:\/\/buletin.de\/bucuresti\/wp-json\/wp\/v2\/posts"}],"about":[{"href":"https:\/\/buletin.de\/bucuresti\/wp-json\/wp\/v2\/types\/post"}],"author":[{"embeddable":true,"href":"https:\/\/buletin.de\/bucuresti\/wp-json\/wp\/v2\/users\/49"}],"replies":[{"embeddable":true,"href":"https:\/\/buletin.de\/bucuresti\/wp-json\/wp\/v2\/comments?post=62151"}],"version-history":[{"count":3,"href":"https:\/\/buletin.de\/bucuresti\/wp-json\/wp\/v2\/posts\/62151\/revisions"}],"predecessor-version":[{"id":65277,"href":"https:\/\/buletin.de\/bucuresti\/wp-json\/wp\/v2\/posts\/62151\/revisions\/65277"}],"wp:featuredmedia":[{"embeddable":true,"href":"https:\/\/buletin.de\/bucuresti\/wp-json\/wp\/v2\/media\/62152"}],"wp:attachment":[{"href":"https:\/\/buletin.de\/bucuresti\/wp-json\/wp\/v2\/media?parent=62151"}],"wp:term":[{"taxonomy":"category","embeddable":true,"href":"https:\/\/buletin.de\/bucuresti\/wp-json\/wp\/v2\/categories?post=62151"},{"taxonomy":"post_tag","embeddable":true,"href":"https:\/\/buletin.de\/bucuresti\/wp-json\/wp\/v2\/tags?post=62151"},{"taxonomy":"author","embeddable":true,"href":"https:\/\/buletin.de\/bucuresti\/wp-json\/wp\/v2\/ppma_author?post=62151"}],"curies":[{"name":"wp","href":"https:\/\/api.w.org\/{rel}","templated":true}]}}