{"id":62069,"date":"2023-08-23T07:14:18","date_gmt":"2023-08-23T05:14:18","guid":{"rendered":"https:\/\/buletin.de\/bucuresti\/digul-lacul-morii-supravegheat-non-stop\/"},"modified":"2023-08-23T07:14:18","modified_gmt":"2023-08-23T05:14:18","slug":"digul-lacul-morii-supravegheat-non-stop","status":"publish","type":"post","link":"https:\/\/buletin.de\/bucuresti\/digul-lacul-morii-supravegheat-non-stop\/","title":{"rendered":"Digul Lacul Morii supravegheat non-stop"},"content":{"rendered":"\n<p><strong>Primaria Sectorului 6 anun\u021b\u0103 c\u0103, \u00een ultima perioad<strong>\u0103<\/strong>, oamenii legii patruleaz\u0103 pe cei 2,2 km cu ma\u0219ini de mici dimensiuni electrice. Acestea nu fac zgomot, nu consum\u0103 combustibil \u0219i nu polueaz\u0103.<\/strong><\/p>\n\n\n\n<p>Ma\u0219inile ajung la 50 de kilometri la or\u0103, iar \u00een 3-5 minute parcurg \u00eentreaga promenad\u0103 a Lacului Morii \u0219i \u00een zona insulei. Locul e \u021binut sub observa\u021bie 24 de ore din 24 de 20 de camere de supraveghere \u0219i 5 sisteme People Counter. Acestea num\u0103r\u0103 persoanele aflate pe dig.<\/p>\n\n\n\n<p>Ma\u0219inile au mai multe avantaje:<\/p>\n\n\n\n<ul class=\"wp-block-list\">\n<li>consum\u0103 pu\u021bin, sunt ecologice, nu fac zgomot \u0219i se \u00eencarc\u0103 \u00een 6-7 ore;<\/li>\n\n\n\n<li>sunt de mici dimensiuni (2,1 x 1,3 x 1,6 metri) \u0219i nu \u00eencurc\u0103 pietonii;<\/li>\n\n\n\n<li>cu ajutorul lor, poli\u021bi\u0219tii vor putea interveni, la nevoie, mult mai rapid.<\/li>\n<\/ul>\n\n\n\n<p>Promenada Lacul Morii a fost amenajat\u0103 \u00een perioada octombrie 2021 \u2013 mai 2022, \u0219i inaugurat\u0103 la 1 iunie 2022.<\/p>\n\n\n\n<p>Pista de alergare are o lungime de 2,15 km \u0219i o l\u0103\u021bime de 2,1 metri. E realizat\u0103 din tartan de cauciuc \u0219i este cea mai lung\u0103 pist\u0103 de alergare profesional\u0103 din Rom\u00e2nia, implementat\u0103 pe domeniul public, care beneficiaz\u0103 de un sistem certificat World Athletics.<\/p>\n\n\n\n<p>Sistemul se g\u0103se\u0219te pe multe dintre stadioanele pe care s-au desf\u0103\u0219urat competi\u021bii interna\u021bionale de atletism.<\/p>\n\n\n\n<p>Promenada are 6 intr\u0103ri, cu 6 sc\u0103ri de acces pe dig, dintre care dou\u0103 adaptate persoanelor cu dizabilit\u0103\u021bi. Are 8 pergole de lemn, 8 jardiniere, 66 de b\u0103nci (dintre care 4 mari, tip \u0219ezlong, de 50 de metri fiecare), 57 de co\u0219uri de gunoi \u0219i aproape 100 de st\u00e2lpi de iluminat.<\/p>\n\n\n\n<p>Pe pista de alergare sunt 12 scaune, al c\u0103ror rol e acela de a acoperi bornele de verificare a structurii digului.<\/p>\n\n\n\n<p><\/p>\n","protected":false},"excerpt":{"rendered":"<p>Primaria Sectorului 6 anun\u021b\u0103 c\u0103, \u00een ultima perioad\u0103, oamenii legii patruleaz\u0103 pe cei 2,2 km cu ma\u0219ini de mici dimensiuni electrice. Acestea nu fac zgomot, nu consum\u0103 combustibil \u0219i nu polueaz\u0103. Ma\u0219inile ajung la 50 de kilometri la or\u0103, iar \u00een 3-5 minute parcurg \u00eentreaga promenad\u0103 a Lacului Morii \u0219i \u00een zona insulei. Locul e [&hellip;]<\/p>\n","protected":false},"author":49,"featured_media":62070,"comment_status":"open","ping_status":"open","sticky":false,"template":"","format":"standard","meta":{"_acf_changed":false,"inline_featured_image":false,"ngg_post_thumbnail":0,"footnotes":""},"categories":[62],"tags":[5273,6770,6771],"ppma_author":[22574],"class_list":["post-62069","post","type-post","status-publish","format-standard","has-post-thumbnail","hentry","category-stiri","tag-lacul-morii","tag-politia-locala-sector-6","tag-promenada-lacul-morii"],"acf":[],"yoast_head":"<!-- This site is optimized with the Yoast SEO Premium plugin v25.3 (Yoast SEO v27.4) - https:\/\/yoast.com\/product\/yoast-seo-premium-wordpress\/ -->\n<title>Digul Lacul Morii supravegheat non-stop - Buletin de Bucure\u0219ti<\/title>\n<meta name=\"robots\" content=\"index, follow, max-snippet:-1, max-image-preview:large, max-video-preview:-1\" \/>\n<link rel=\"canonical\" href=\"https:\/\/buletin.de\/bucuresti\/digul-lacul-morii-supravegheat-non-stop\/\" \/>\n<meta property=\"og:locale\" content=\"en_GB\" \/>\n<meta property=\"og:type\" content=\"article\" \/>\n<meta property=\"og:title\" content=\"Digul Lacul Morii supravegheat non-stop\" \/>\n<meta property=\"og:description\" content=\"Primaria Sectorului 6 anun\u021b\u0103 c\u0103, \u00een ultima perioad\u0103, oamenii legii patruleaz\u0103 pe cei 2,2 km cu ma\u0219ini de mici dimensiuni electrice. Acestea nu fac zgomot, nu consum\u0103 combustibil \u0219i nu polueaz\u0103. Ma\u0219inile ajung la 50 de kilometri la or\u0103, iar \u00een 3-5 minute parcurg \u00eentreaga promenad\u0103 a Lacului Morii \u0219i \u00een zona insulei. Locul e [&hellip;]\" \/>\n<meta property=\"og:url\" content=\"https:\/\/buletin.de\/bucuresti\/digul-lacul-morii-supravegheat-non-stop\/\" \/>\n<meta property=\"og:site_name\" content=\"Buletin de Bucure\u0219ti\" \/>\n<meta property=\"article:publisher\" content=\"https:\/\/www.facebook.com\/buletin.de.buc\" \/>\n<meta property=\"article:published_time\" content=\"2023-08-23T05:14:18+00:00\" \/>\n<meta property=\"og:image\" content=\"https:\/\/buletin.de\/bucuresti\/wp-content\/uploads\/masinute-dig.jpeg\" \/>\n\t<meta property=\"og:image:width\" content=\"1600\" \/>\n\t<meta property=\"og:image:height\" content=\"1066\" \/>\n\t<meta property=\"og:image:type\" content=\"image\/jpeg\" \/>\n<meta name=\"author\" content=\"Diana Matei\" \/>\n<meta name=\"twitter:card\" content=\"summary_large_image\" \/>\n<meta name=\"twitter:label1\" content=\"Written by\" \/>\n\t<meta name=\"twitter:data1\" content=\"Diana Matei\" \/>\n\t<meta name=\"twitter:label2\" content=\"Estimated reading time\" \/>\n\t<meta name=\"twitter:data2\" content=\"2 minutes\" \/>\n<script type=\"application\/ld+json\" class=\"yoast-schema-graph\">{\"@context\":\"https:\\\/\\\/schema.org\",\"@graph\":[{\"@type\":\"Article\",\"@id\":\"https:\\\/\\\/buletin.de\\\/bucuresti\\\/digul-lacul-morii-supravegheat-non-stop\\\/#article\",\"isPartOf\":{\"@id\":\"https:\\\/\\\/buletin.de\\\/bucuresti\\\/digul-lacul-morii-supravegheat-non-stop\\\/\"},\"author\":{\"name\":\"Diana Matei\",\"@id\":\"https:\\\/\\\/buletin.de\\\/bucuresti\\\/#\\\/schema\\\/person\\\/7e46040573290777280a0835d81ea4ea\"},\"headline\":\"Digul Lacul Morii supravegheat non-stop\",\"datePublished\":\"2023-08-23T05:14:18+00:00\",\"mainEntityOfPage\":{\"@id\":\"https:\\\/\\\/buletin.de\\\/bucuresti\\\/digul-lacul-morii-supravegheat-non-stop\\\/\"},\"wordCount\":274,\"commentCount\":0,\"publisher\":{\"@id\":\"https:\\\/\\\/buletin.de\\\/bucuresti\\\/#organization\"},\"image\":{\"@id\":\"https:\\\/\\\/buletin.de\\\/bucuresti\\\/digul-lacul-morii-supravegheat-non-stop\\\/#primaryimage\"},\"thumbnailUrl\":\"https:\\\/\\\/buletin.de\\\/bucuresti\\\/wp-content\\\/uploads\\\/masinute-dig.jpeg\",\"keywords\":[\"lacul morii\",\"politia locala sector 6\",\"promenada lacul morii\"],\"articleSection\":[\"\u0218tiri\"],\"inLanguage\":\"en-GB\",\"potentialAction\":[{\"@type\":\"CommentAction\",\"name\":\"Comment\",\"target\":[\"https:\\\/\\\/buletin.de\\\/bucuresti\\\/digul-lacul-morii-supravegheat-non-stop\\\/#respond\"]}],\"copyrightYear\":\"2023\",\"copyrightHolder\":{\"@id\":\"https:\\\/\\\/buletin.de\\\/bucuresti\\\/#organization\"}},{\"@type\":\"WebPage\",\"@id\":\"https:\\\/\\\/buletin.de\\\/bucuresti\\\/digul-lacul-morii-supravegheat-non-stop\\\/\",\"url\":\"https:\\\/\\\/buletin.de\\\/bucuresti\\\/digul-lacul-morii-supravegheat-non-stop\\\/\",\"name\":\"Digul Lacul Morii supravegheat non-stop - Buletin de Bucure\u0219ti\",\"isPartOf\":{\"@id\":\"https:\\\/\\\/buletin.de\\\/bucuresti\\\/#website\"},\"primaryImageOfPage\":{\"@id\":\"https:\\\/\\\/buletin.de\\\/bucuresti\\\/digul-lacul-morii-supravegheat-non-stop\\\/#primaryimage\"},\"image\":{\"@id\":\"https:\\\/\\\/buletin.de\\\/bucuresti\\\/digul-lacul-morii-supravegheat-non-stop\\\/#primaryimage\"},\"thumbnailUrl\":\"https:\\\/\\\/buletin.de\\\/bucuresti\\\/wp-content\\\/uploads\\\/masinute-dig.jpeg\",\"datePublished\":\"2023-08-23T05:14:18+00:00\",\"breadcrumb\":{\"@id\":\"https:\\\/\\\/buletin.de\\\/bucuresti\\\/digul-lacul-morii-supravegheat-non-stop\\\/#breadcrumb\"},\"inLanguage\":\"en-GB\",\"potentialAction\":[{\"@type\":\"ReadAction\",\"target\":[\"https:\\\/\\\/buletin.de\\\/bucuresti\\\/digul-lacul-morii-supravegheat-non-stop\\\/\"]}]},{\"@type\":\"ImageObject\",\"inLanguage\":\"en-GB\",\"@id\":\"https:\\\/\\\/buletin.de\\\/bucuresti\\\/digul-lacul-morii-supravegheat-non-stop\\\/#primaryimage\",\"url\":\"https:\\\/\\\/buletin.de\\\/bucuresti\\\/wp-content\\\/uploads\\\/masinute-dig.jpeg\",\"contentUrl\":\"https:\\\/\\\/buletin.de\\\/bucuresti\\\/wp-content\\\/uploads\\\/masinute-dig.jpeg\",\"width\":1600,\"height\":1066},{\"@type\":\"BreadcrumbList\",\"@id\":\"https:\\\/\\\/buletin.de\\\/bucuresti\\\/digul-lacul-morii-supravegheat-non-stop\\\/#breadcrumb\",\"itemListElement\":[{\"@type\":\"ListItem\",\"position\":1,\"name\":\"Acas\u0103\",\"item\":\"https:\\\/\\\/buletin.de\\\/bucuresti\\\/\"},{\"@type\":\"ListItem\",\"position\":2,\"name\":\"Digul Lacul Morii supravegheat non-stop\"}]},{\"@type\":\"WebSite\",\"@id\":\"https:\\\/\\\/buletin.de\\\/bucuresti\\\/#website\",\"url\":\"https:\\\/\\\/buletin.de\\\/bucuresti\\\/\",\"name\":\"Buletin de Bucure\u0219ti\",\"description\":\"\u0218tiri \u0219i investiga\u021bii esen\u021biale din capital\u0103\",\"publisher\":{\"@id\":\"https:\\\/\\\/buletin.de\\\/bucuresti\\\/#organization\"},\"potentialAction\":[{\"@type\":\"SearchAction\",\"target\":{\"@type\":\"EntryPoint\",\"urlTemplate\":\"https:\\\/\\\/buletin.de\\\/bucuresti\\\/?s={search_term_string}\"},\"query-input\":{\"@type\":\"PropertyValueSpecification\",\"valueRequired\":true,\"valueName\":\"search_term_string\"}}],\"inLanguage\":\"en-GB\"},{\"@type\":\"Organization\",\"@id\":\"https:\\\/\\\/buletin.de\\\/bucuresti\\\/#organization\",\"name\":\"Buletin de Bucure\u0219ti\",\"url\":\"https:\\\/\\\/buletin.de\\\/bucuresti\\\/\",\"logo\":{\"@type\":\"ImageObject\",\"inLanguage\":\"en-GB\",\"@id\":\"https:\\\/\\\/buletin.de\\\/bucuresti\\\/#\\\/schema\\\/logo\\\/image\\\/\",\"url\":\"https:\\\/\\\/buletin.de\\\/bucuresti\\\/wp-content\\\/uploads\\\/logo-bdb-full-wide-vernil-transparent.png\",\"contentUrl\":\"https:\\\/\\\/buletin.de\\\/bucuresti\\\/wp-content\\\/uploads\\\/logo-bdb-full-wide-vernil-transparent.png\",\"width\":1782,\"height\":626,\"caption\":\"Buletin de Bucure\u0219ti\"},\"image\":{\"@id\":\"https:\\\/\\\/buletin.de\\\/bucuresti\\\/#\\\/schema\\\/logo\\\/image\\\/\"},\"sameAs\":[\"https:\\\/\\\/www.facebook.com\\\/buletin.de.buc\",\"https:\\\/\\\/www.instagram.com\\\/buletinde.bucuresti\\\/\"]},{\"@type\":\"Person\",\"@id\":\"https:\\\/\\\/buletin.de\\\/bucuresti\\\/#\\\/schema\\\/person\\\/7e46040573290777280a0835d81ea4ea\",\"name\":\"Diana Matei\",\"image\":{\"@type\":\"ImageObject\",\"inLanguage\":\"en-GB\",\"@id\":\"https:\\\/\\\/buletin.de\\\/bucuresti\\\/wp-content\\\/uploads\\\/9-2-96x96.jpg1e8590b30871d70e62ebcdaf2eff570c\",\"url\":\"https:\\\/\\\/buletin.de\\\/bucuresti\\\/wp-content\\\/uploads\\\/9-2-96x96.jpg\",\"contentUrl\":\"https:\\\/\\\/buletin.de\\\/bucuresti\\\/wp-content\\\/uploads\\\/9-2-96x96.jpg\",\"caption\":\"Diana Matei\"},\"url\":\"https:\\\/\\\/buletin.de\\\/bucuresti\\\/author\\\/dianamatei\\\/\"}]}<\/script>\n<!-- \/ Yoast SEO Premium plugin. -->","yoast_head_json":{"title":"Digul Lacul Morii supravegheat non-stop - Buletin de Bucure\u0219ti","robots":{"index":"index","follow":"follow","max-snippet":"max-snippet:-1","max-image-preview":"max-image-preview:large","max-video-preview":"max-video-preview:-1"},"canonical":"https:\/\/buletin.de\/bucuresti\/digul-lacul-morii-supravegheat-non-stop\/","og_locale":"en_GB","og_type":"article","og_title":"Digul Lacul Morii supravegheat non-stop","og_description":"Primaria Sectorului 6 anun\u021b\u0103 c\u0103, \u00een ultima perioad\u0103, oamenii legii patruleaz\u0103 pe cei 2,2 km cu ma\u0219ini de mici dimensiuni electrice. Acestea nu fac zgomot, nu consum\u0103 combustibil \u0219i nu polueaz\u0103. Ma\u0219inile ajung la 50 de kilometri la or\u0103, iar \u00een 3-5 minute parcurg \u00eentreaga promenad\u0103 a Lacului Morii \u0219i \u00een zona insulei. Locul e [&hellip;]","og_url":"https:\/\/buletin.de\/bucuresti\/digul-lacul-morii-supravegheat-non-stop\/","og_site_name":"Buletin de Bucure\u0219ti","article_publisher":"https:\/\/www.facebook.com\/buletin.de.buc","article_published_time":"2023-08-23T05:14:18+00:00","og_image":[{"width":1600,"height":1066,"url":"https:\/\/buletin.de\/bucuresti\/wp-content\/uploads\/masinute-dig.jpeg","type":"image\/jpeg"}],"author":"Diana Matei","twitter_card":"summary_large_image","twitter_misc":{"Written by":"Diana Matei","Estimated reading time":"2 minutes"},"schema":{"@context":"https:\/\/schema.org","@graph":[{"@type":"Article","@id":"https:\/\/buletin.de\/bucuresti\/digul-lacul-morii-supravegheat-non-stop\/#article","isPartOf":{"@id":"https:\/\/buletin.de\/bucuresti\/digul-lacul-morii-supravegheat-non-stop\/"},"author":{"name":"Diana Matei","@id":"https:\/\/buletin.de\/bucuresti\/#\/schema\/person\/7e46040573290777280a0835d81ea4ea"},"headline":"Digul Lacul Morii supravegheat non-stop","datePublished":"2023-08-23T05:14:18+00:00","mainEntityOfPage":{"@id":"https:\/\/buletin.de\/bucuresti\/digul-lacul-morii-supravegheat-non-stop\/"},"wordCount":274,"commentCount":0,"publisher":{"@id":"https:\/\/buletin.de\/bucuresti\/#organization"},"image":{"@id":"https:\/\/buletin.de\/bucuresti\/digul-lacul-morii-supravegheat-non-stop\/#primaryimage"},"thumbnailUrl":"https:\/\/buletin.de\/bucuresti\/wp-content\/uploads\/masinute-dig.jpeg","keywords":["lacul morii","politia locala sector 6","promenada lacul morii"],"articleSection":["\u0218tiri"],"inLanguage":"en-GB","potentialAction":[{"@type":"CommentAction","name":"Comment","target":["https:\/\/buletin.de\/bucuresti\/digul-lacul-morii-supravegheat-non-stop\/#respond"]}],"copyrightYear":"2023","copyrightHolder":{"@id":"https:\/\/buletin.de\/bucuresti\/#organization"}},{"@type":"WebPage","@id":"https:\/\/buletin.de\/bucuresti\/digul-lacul-morii-supravegheat-non-stop\/","url":"https:\/\/buletin.de\/bucuresti\/digul-lacul-morii-supravegheat-non-stop\/","name":"Digul Lacul Morii supravegheat non-stop - Buletin de Bucure\u0219ti","isPartOf":{"@id":"https:\/\/buletin.de\/bucuresti\/#website"},"primaryImageOfPage":{"@id":"https:\/\/buletin.de\/bucuresti\/digul-lacul-morii-supravegheat-non-stop\/#primaryimage"},"image":{"@id":"https:\/\/buletin.de\/bucuresti\/digul-lacul-morii-supravegheat-non-stop\/#primaryimage"},"thumbnailUrl":"https:\/\/buletin.de\/bucuresti\/wp-content\/uploads\/masinute-dig.jpeg","datePublished":"2023-08-23T05:14:18+00:00","breadcrumb":{"@id":"https:\/\/buletin.de\/bucuresti\/digul-lacul-morii-supravegheat-non-stop\/#breadcrumb"},"inLanguage":"en-GB","potentialAction":[{"@type":"ReadAction","target":["https:\/\/buletin.de\/bucuresti\/digul-lacul-morii-supravegheat-non-stop\/"]}]},{"@type":"ImageObject","inLanguage":"en-GB","@id":"https:\/\/buletin.de\/bucuresti\/digul-lacul-morii-supravegheat-non-stop\/#primaryimage","url":"https:\/\/buletin.de\/bucuresti\/wp-content\/uploads\/masinute-dig.jpeg","contentUrl":"https:\/\/buletin.de\/bucuresti\/wp-content\/uploads\/masinute-dig.jpeg","width":1600,"height":1066},{"@type":"BreadcrumbList","@id":"https:\/\/buletin.de\/bucuresti\/digul-lacul-morii-supravegheat-non-stop\/#breadcrumb","itemListElement":[{"@type":"ListItem","position":1,"name":"Acas\u0103","item":"https:\/\/buletin.de\/bucuresti\/"},{"@type":"ListItem","position":2,"name":"Digul Lacul Morii supravegheat non-stop"}]},{"@type":"WebSite","@id":"https:\/\/buletin.de\/bucuresti\/#website","url":"https:\/\/buletin.de\/bucuresti\/","name":"Buletin de Bucure\u0219ti","description":"\u0218tiri \u0219i investiga\u021bii esen\u021biale din capital\u0103","publisher":{"@id":"https:\/\/buletin.de\/bucuresti\/#organization"},"potentialAction":[{"@type":"SearchAction","target":{"@type":"EntryPoint","urlTemplate":"https:\/\/buletin.de\/bucuresti\/?s={search_term_string}"},"query-input":{"@type":"PropertyValueSpecification","valueRequired":true,"valueName":"search_term_string"}}],"inLanguage":"en-GB"},{"@type":"Organization","@id":"https:\/\/buletin.de\/bucuresti\/#organization","name":"Buletin de Bucure\u0219ti","url":"https:\/\/buletin.de\/bucuresti\/","logo":{"@type":"ImageObject","inLanguage":"en-GB","@id":"https:\/\/buletin.de\/bucuresti\/#\/schema\/logo\/image\/","url":"https:\/\/buletin.de\/bucuresti\/wp-content\/uploads\/logo-bdb-full-wide-vernil-transparent.png","contentUrl":"https:\/\/buletin.de\/bucuresti\/wp-content\/uploads\/logo-bdb-full-wide-vernil-transparent.png","width":1782,"height":626,"caption":"Buletin de Bucure\u0219ti"},"image":{"@id":"https:\/\/buletin.de\/bucuresti\/#\/schema\/logo\/image\/"},"sameAs":["https:\/\/www.facebook.com\/buletin.de.buc","https:\/\/www.instagram.com\/buletinde.bucuresti\/"]},{"@type":"Person","@id":"https:\/\/buletin.de\/bucuresti\/#\/schema\/person\/7e46040573290777280a0835d81ea4ea","name":"Diana Matei","image":{"@type":"ImageObject","inLanguage":"en-GB","@id":"https:\/\/buletin.de\/bucuresti\/wp-content\/uploads\/9-2-96x96.jpg1e8590b30871d70e62ebcdaf2eff570c","url":"https:\/\/buletin.de\/bucuresti\/wp-content\/uploads\/9-2-96x96.jpg","contentUrl":"https:\/\/buletin.de\/bucuresti\/wp-content\/uploads\/9-2-96x96.jpg","caption":"Diana Matei"},"url":"https:\/\/buletin.de\/bucuresti\/author\/dianamatei\/"}]}},"authors":[{"term_id":22574,"user_id":49,"is_guest":0,"slug":"dianamatei","display_name":"Diana Matei","avatar_url":"https:\/\/buletin.de\/bucuresti\/wp-content\/uploads\/9-2-96x96.jpg","0":null,"1":"","2":"","3":"","4":"","5":"","6":"","7":"","8":""}],"_links":{"self":[{"href":"https:\/\/buletin.de\/bucuresti\/wp-json\/wp\/v2\/posts\/62069","targetHints":{"allow":["GET"]}}],"collection":[{"href":"https:\/\/buletin.de\/bucuresti\/wp-json\/wp\/v2\/posts"}],"about":[{"href":"https:\/\/buletin.de\/bucuresti\/wp-json\/wp\/v2\/types\/post"}],"author":[{"embeddable":true,"href":"https:\/\/buletin.de\/bucuresti\/wp-json\/wp\/v2\/users\/49"}],"replies":[{"embeddable":true,"href":"https:\/\/buletin.de\/bucuresti\/wp-json\/wp\/v2\/comments?post=62069"}],"version-history":[{"count":0,"href":"https:\/\/buletin.de\/bucuresti\/wp-json\/wp\/v2\/posts\/62069\/revisions"}],"wp:featuredmedia":[{"embeddable":true,"href":"https:\/\/buletin.de\/bucuresti\/wp-json\/wp\/v2\/media\/62070"}],"wp:attachment":[{"href":"https:\/\/buletin.de\/bucuresti\/wp-json\/wp\/v2\/media?parent=62069"}],"wp:term":[{"taxonomy":"category","embeddable":true,"href":"https:\/\/buletin.de\/bucuresti\/wp-json\/wp\/v2\/categories?post=62069"},{"taxonomy":"post_tag","embeddable":true,"href":"https:\/\/buletin.de\/bucuresti\/wp-json\/wp\/v2\/tags?post=62069"},{"taxonomy":"author","embeddable":true,"href":"https:\/\/buletin.de\/bucuresti\/wp-json\/wp\/v2\/ppma_author?post=62069"}],"curies":[{"name":"wp","href":"https:\/\/api.w.org\/{rel}","templated":true}]}}