{"id":62067,"date":"2023-08-23T07:55:15","date_gmt":"2023-08-23T05:55:15","guid":{"rendered":"https:\/\/buletin.de\/bucuresti\/bbc-andrew-tate-a-constrans-femeile-sechestrate-intr-o-casa-din-voluntari-la-acte-sexuale-una-dintre-ele-ar-fi-fost-lasata-cu-rani-la-ochi-si-piept\/"},"modified":"2023-08-23T07:55:15","modified_gmt":"2023-08-23T05:55:15","slug":"bbc-andrew-tate-a-constrans-femeile-sechestrate-intr-o-casa-din-voluntari-la-acte-sexuale-una-dintre-ele-ar-fi-fost-lasata-cu-rani-la-ochi-si-piept","status":"publish","type":"post","link":"https:\/\/buletin.de\/bucuresti\/bbc-andrew-tate-a-constrans-femeile-sechestrate-intr-o-casa-din-voluntari-la-acte-sexuale-una-dintre-ele-ar-fi-fost-lasata-cu-rani-la-ochi-si-piept\/","title":{"rendered":"BBC: Andrew Tate a constr\u00e2ns femeile sechestrate \u00eentr-o cas\u0103 din Voluntari la acte sexuale. Una dintre ele ar fi fost l\u0103sat\u0103 cu r\u0103ni la ochi \u0219i piept"},"content":{"rendered":"\n<p><em><strong>Acest articol con\u021bine informa\u021bii care pot afecta emo\u021bional cititorii<\/strong><\/em>. <\/p>\n\n\n\n<p><strong>Jurnali\u0219tii <a href=\"https:\/\/www.bbc.com\/news\/world-europe-66581218\">BBC<\/a> au ajuns \u00een posesia mai multor m\u0103rturii \u0219i stenograme din dosarul fra\u021bilor Tate, care includ  \u0219i o acuza\u021bie de violen\u021b\u0103 sexual\u0103 \u00een urma c\u0103reia o femeie a fost l\u0103sat\u0103 cu r\u0103ni la ochi \u0219i \u00een zona pieptului. \u00centr-o \u00eenregistrare audio, Tristan Tate a spus c\u0103 vrea s\u0103 le fac\u0103 sclave pe fetele pe care le \u021bineau sechestrate \u00een vila din Voluntari. \u00cen cele 300 de pagini de stenograme \u0219i m\u0103rturii exist\u0103 \u0219i o declara\u021bie f\u0103cut\u0103 de Andrew Tate \u00een care acesta pretinde c\u0103 el conduce afacerea care produce con\u021binut pentru adul\u021bi. <\/strong><\/p>\n\n\n\n<p>Dosarul care a ajuns \u00een aten\u021bia <a href=\"https:\/\/www.bbc.com\/news\/world-europe-66581218\">BBC<\/a> con\u021bine mai multe m\u0103rturii conform c\u0103rora mai multe femei locuiau \u00eentr-o cas\u0103 de l\u00e2ng\u0103 vila fra\u021bilor Tate din Ilfov. Acestea au spus c\u0103 veniturile \u0219i con\u021binutul lor pornografic, postate \u00een mediul online, au fost controlate de c\u0103tre Andrew \u0219i Tristan Tate. La fel \u0219i unele conturi \u0219i parole ale acestora. <\/p>\n\n\n\n<p>De asemenea, procurorii sus\u021bin c\u0103 Georgiana Naghel, asociata fra\u021bilor Tate, controla veniturile din OnlyFans f\u0103cute de c\u0103tre fetele exploatate. Naghel le pl\u0103tea lunar pe acestea f\u0103r\u0103 s\u0103 le dezv\u0103luie sumele pe care videoclipurile lor le produceau. \u00cen ceea ce prive\u0219te con\u021binutul de pe Tik Tok, inculpa\u021bii p\u0103strau 50% din veniturile totale, uneori chiar mai mult.&nbsp;<\/p>\n\n\n\n<p>Conform m\u0103rturiilor, reiese \u0219i c\u0103 fetele, care locuiau l\u00e2ng\u0103 vila fra\u021bilor Tate din Ilfov, erau obligate s\u0103 produc\u0103 con\u021binut pornografic dup\u0103 un program fix, iar dac\u0103 nu-l respectau primeau mesaje de amenin\u021bare de la Georgiana Naghel c\u0103 o s\u0103 le <em>\u201esparg\u0103 din\u021bii\u201c<\/em> sau c\u0103 \u201eo s\u0103 sf\u00e2r\u0219easc\u0103 \u00een morg\u0103\u201c. <\/p>\n\n\n\n<p>Fetele ar fi fost amendate dac\u0103 nu respectau regulile impuse de c\u0103tre inculpa\u021bi. Unul dintre martori sus\u021bine c\u0103 li s-ar fi tras 10% din c\u00e2\u0219tiguri dac\u0103 \u00ee\u0219i luau pauze prea lungi, pl\u00e2ngeau \u00een timpul film\u0103rilor sau \u00ee\u0219i \u0219tergeau nasul \u00een direct. <\/p>\n\n\n\n<p>\u00cen dosarul consultat de jurnali\u0219tii BBC exist\u0103 \u0219i intercept\u0103ri audio \u00een care Tristan Tate spune c\u0103 nu vrea ca femeile care fac con\u021binut pe PornHub sau OnlyFans s\u0103 aib\u0103 acces la conturile lor. <\/p>\n\n\n\n<p><em>\u201eNu vreau s\u0103 aib\u0103 parole, nu vreau s\u0103 aib\u0103 nimic. Nu vreau s\u0103 le spun c\u0103 au OnlyFans, vreau ca acei bani s\u0103 fie folosi\u021bi de tine \u0219i de mine, d\u0103-le dracu. \u00cen principal, voi sclavi aceste curve [\u2026] O s\u0103 le fac s\u0103 lucreze \u0219i mai multe ore \u0219i ore \u0219i ore&#8230; O s\u0103 lucrez aceste curve ca pe ni\u0219te sclave. [\u2026] Munc\u0103 de sclave. Minim 10 sau 12 ore pe zi\u201c,<\/em> ar fi spus Tristan Tate. <\/p>\n\n\n\n<p>Articolul BBC poate fi citit integral <strong><a href=\"https:\/\/www.bbc.com\/news\/world-europe-66581218\">AICI<\/a><\/strong>. <\/p>\n\n\n\n<h2 class=\"wp-block-heading\">Judeca\u021bi \u00een libertate<\/h2>\n\n\n\n<p>Curtea de Apel Bucure\u0219ti a decis, pe 4 august, c\u0103 Andrew \u0219i Tristan Tate pot fi cerceta\u021bi sub control judiciar, ceea ce \u00eenseamn\u0103 c\u0103 vor ie\u0219i din arestul la domiciliu. Hot\u0103r\u00e2rea judec\u0103torilor este definitiv\u0103 \u0219i nu mai poate fi contestat\u0103. Cei doi sunt judeca\u0163i pentru constituire a unui grup infrac\u0163ional organizat, trafic de persoane \u015fi viol.<\/p>\n\n\n\n<p>Dup\u0103 decizia Cur\u021bii de Apel Bucure\u0219ti, fra\u021bii Tate vor putea p\u0103r\u0103si domiciliul, dar doar \u00een anumite condi\u021bii stabilite clar de instan\u021b\u0103. <\/p>\n\n\n\n<p>Pe 23 iunie, Tribunalul Bucure\u0219ti a decis ca ace\u0219tia s\u0103 fie judeca\u021bi \u00een arest la domiciliu. Atunci decizia nu era una definitiv\u0103.<\/p>\n\n\n\n<p>\u00cen acest dosar, Fra\u021bii Tate al\u0103turi de Luana Radu \u0219i Georgiana Naghel sunt acuza\u021bi c\u0103 ar fi constituit un grup infrac\u021bional organizat \u00een vederea comiterii, pe teritoriul Rom\u00e2niei, dar \u0219i al altor state, precum Statele Unite ale Americii \u0219i Marea Britanie, a infrac\u021biunii de trafic de persoane.<\/p>\n\n\n\n<p>De asemenea, pe 20 iunie Andrew \u0219i Tristan Tate &nbsp;au fost trimi\u0219i \u00een judecat\u0103 de c\u0103tre procurorii Direc\u021biei de Investigare a Infrac\u021biunilor de Criminalitate Organizat\u0103 \u0219i Terorism (DIICOT), la mai bine de jum\u0103tate de an de c\u00e2nd au fost pu\u0219i sub \u00eenvinuire.<\/p>\n\n\n\n<p>Ace\u0219tia au fost acuza\u021bi de grup infrac\u021bional organizat, viol, trafic de persoane \u0219i violen\u021be. Procurorii sus\u021bin c\u0103 fra\u021bii Tate recrutau fete pe care le min\u021beau \u00een leg\u0103tur\u0103 cu inten\u021bia de a \u00eentemeia o rela\u021bie de c\u0103s\u0103torie\/concubinaj&nbsp;<em>(metoda loverboy)<\/em>. Victimele erau transportate \u00een imobile din Ilfov, unde erau abuzate fizic, psihic \u0219i exploatate sexual de membrii grupului.<\/p>\n\n\n\n<p><strong>Surs\u0103 Foto:<\/strong> Inquam Photos \/ George Calin<\/p>\n\n\n\n<p><strong>CITE\u0218TE \u0218I:<\/strong><\/p>\n\n\n\n<p><a href=\"https:\/\/buletin.de\/bucuresti\/andrew-tate-asociat-cu-o-fosta-companie-a-fratilor-doroftei-patronii-las-vegas-games\/\">Andrew Tate, asociat cu o fost\u0103 companie a fra\u021bilor Doroftei, patronii Las Vegas Games<\/a><\/p>\n\n\n\n<p><a href=\"https:\/\/buletin.de\/bucuresti\/andrew-tate-afaceri-in-romania-de-peste-patru-milioane-de-lei\/\">Andrew Tate, afaceri \u00een Rom\u00e2nia de peste patru milioane de lei<\/a><\/p>\n\n\n\n<p><a href=\"https:\/\/buletin.de\/bucuresti\/rise-project-reteaua-fratilor-tate-cu-legaturi-in-ilfov-imparte-bani-din-jocuri-de-noroc-cu-un-sindicat-de-crima-organizata\/\">RISE Project: Re\u021beaua fra\u021bilor Tate, cu leg\u0103turi \u00een Ilfov, \u00eemparte bani din jocuri de noroc cu un sindicat de crim\u0103 organizat\u0103<\/a><\/p>\n\n\n\n<p><a href=\"https:\/\/buletin.de\/bucuresti\/cartierul-general-al-fratilor-tate-din-ilfov-trimis-in-judecata-de-diicot-procurorii-au-dispus-confiscarea-extinsa\/\">\u201eCartierul general\u201c al fra\u021bilor Tate din Ilfov, trimis \u00een judecat\u0103 de DIICOT. Procurorii au dispus confiscarea extins\u0103&nbsp;<\/a><\/p>\n","protected":false},"excerpt":{"rendered":"<p>Acest articol con\u021bine informa\u021bii care pot afecta emo\u021bional cititorii. Jurnali\u0219tii BBC au ajuns \u00een posesia mai multor m\u0103rturii \u0219i stenograme din dosarul fra\u021bilor Tate, care includ \u0219i o acuza\u021bie de violen\u021b\u0103 sexual\u0103 \u00een urma c\u0103reia o femeie a fost l\u0103sat\u0103 cu r\u0103ni la ochi \u0219i \u00een zona pieptului. \u00centr-o \u00eenregistrare audio, Tristan Tate a spus [&hellip;]<\/p>\n","protected":false},"author":17,"featured_media":62068,"comment_status":"open","ping_status":"open","sticky":false,"template":"","format":"standard","meta":{"_acf_changed":false,"inline_featured_image":false,"ngg_post_thumbnail":0,"footnotes":""},"categories":[5762],"tags":[6766,3898,5065,6767,820,6768,5067,6769],"ppma_author":[22576],"class_list":["post-62067","post","type-post","status-publish","format-standard","has-post-thumbnail","hentry","category-main","tag-act-sexual","tag-agresiune","tag-andrew-tate","tag-georgiana-naghel","tag-ilfov","tag-pornografie","tag-tristan-tate","tag-voluntri"],"acf":[],"yoast_head":"<!-- This site is optimized with the Yoast SEO Premium plugin v25.3 (Yoast SEO v27.4) - https:\/\/yoast.com\/product\/yoast-seo-premium-wordpress\/ -->\n<title>BBC: Andrew Tate a constr\u00e2ns femeile sechestrate \u00eentr-o cas\u0103 din Voluntari la acte sexuale. Una dintre ele ar fi fost l\u0103sat\u0103 cu r\u0103ni la ochi \u0219i piept - Buletin de Bucure\u0219ti<\/title>\n<meta name=\"robots\" content=\"index, follow, max-snippet:-1, max-image-preview:large, max-video-preview:-1\" \/>\n<link rel=\"canonical\" href=\"https:\/\/buletin.de\/bucuresti\/bbc-andrew-tate-a-constrans-femeile-sechestrate-intr-o-casa-din-voluntari-la-acte-sexuale-una-dintre-ele-ar-fi-fost-lasata-cu-rani-la-ochi-si-piept\/\" \/>\n<meta property=\"og:locale\" content=\"en_GB\" \/>\n<meta property=\"og:type\" content=\"article\" \/>\n<meta property=\"og:title\" content=\"BBC: Andrew Tate a constr\u00e2ns femeile sechestrate \u00eentr-o cas\u0103 din Voluntari la acte sexuale. Una dintre ele ar fi fost l\u0103sat\u0103 cu r\u0103ni la ochi \u0219i piept\" \/>\n<meta property=\"og:description\" content=\"Acest articol con\u021bine informa\u021bii care pot afecta emo\u021bional cititorii. Jurnali\u0219tii BBC au ajuns \u00een posesia mai multor m\u0103rturii \u0219i stenograme din dosarul fra\u021bilor Tate, care includ \u0219i o acuza\u021bie de violen\u021b\u0103 sexual\u0103 \u00een urma c\u0103reia o femeie a fost l\u0103sat\u0103 cu r\u0103ni la ochi \u0219i \u00een zona pieptului. \u00centr-o \u00eenregistrare audio, Tristan Tate a spus [&hellip;]\" \/>\n<meta property=\"og:url\" content=\"https:\/\/buletin.de\/bucuresti\/bbc-andrew-tate-a-constrans-femeile-sechestrate-intr-o-casa-din-voluntari-la-acte-sexuale-una-dintre-ele-ar-fi-fost-lasata-cu-rani-la-ochi-si-piept\/\" \/>\n<meta property=\"og:site_name\" content=\"Buletin de Bucure\u0219ti\" \/>\n<meta property=\"article:publisher\" content=\"https:\/\/www.facebook.com\/buletin.de.buc\" \/>\n<meta property=\"article:published_time\" content=\"2023-08-23T05:55:15+00:00\" \/>\n<meta property=\"og:image\" content=\"https:\/\/buletin.de\/bucuresti\/wp-content\/uploads\/ID229150_INQUAM_Photos_George_Calin.jpg\" \/>\n\t<meta property=\"og:image:width\" content=\"2000\" \/>\n\t<meta property=\"og:image:height\" content=\"1333\" \/>\n\t<meta property=\"og:image:type\" content=\"image\/jpeg\" \/>\n<meta name=\"author\" content=\"Florin R\u00e2\u0219teiu\" \/>\n<meta name=\"twitter:card\" content=\"summary_large_image\" \/>\n<meta name=\"twitter:label1\" content=\"Written by\" \/>\n\t<meta name=\"twitter:data1\" content=\"Florin R\u00e2\u0219teiu\" \/>\n\t<meta name=\"twitter:label2\" content=\"Estimated reading time\" \/>\n\t<meta name=\"twitter:data2\" content=\"4 minutes\" \/>\n<script type=\"application\/ld+json\" class=\"yoast-schema-graph\">{\"@context\":\"https:\\\/\\\/schema.org\",\"@graph\":[{\"@type\":\"Article\",\"@id\":\"https:\\\/\\\/buletin.de\\\/bucuresti\\\/bbc-andrew-tate-a-constrans-femeile-sechestrate-intr-o-casa-din-voluntari-la-acte-sexuale-una-dintre-ele-ar-fi-fost-lasata-cu-rani-la-ochi-si-piept\\\/#article\",\"isPartOf\":{\"@id\":\"https:\\\/\\\/buletin.de\\\/bucuresti\\\/bbc-andrew-tate-a-constrans-femeile-sechestrate-intr-o-casa-din-voluntari-la-acte-sexuale-una-dintre-ele-ar-fi-fost-lasata-cu-rani-la-ochi-si-piept\\\/\"},\"author\":{\"name\":\"Florin R\u00e2\u0219teiu\",\"@id\":\"https:\\\/\\\/buletin.de\\\/bucuresti\\\/#\\\/schema\\\/person\\\/b0686d7a8b666c6afc78239777fd8a89\"},\"headline\":\"BBC: Andrew Tate a constr\u00e2ns femeile sechestrate \u00eentr-o cas\u0103 din Voluntari la acte sexuale. Una dintre ele ar fi fost l\u0103sat\u0103 cu r\u0103ni la ochi \u0219i piept\",\"datePublished\":\"2023-08-23T05:55:15+00:00\",\"mainEntityOfPage\":{\"@id\":\"https:\\\/\\\/buletin.de\\\/bucuresti\\\/bbc-andrew-tate-a-constrans-femeile-sechestrate-intr-o-casa-din-voluntari-la-acte-sexuale-una-dintre-ele-ar-fi-fost-lasata-cu-rani-la-ochi-si-piept\\\/\"},\"wordCount\":869,\"commentCount\":0,\"publisher\":{\"@id\":\"https:\\\/\\\/buletin.de\\\/bucuresti\\\/#organization\"},\"image\":{\"@id\":\"https:\\\/\\\/buletin.de\\\/bucuresti\\\/bbc-andrew-tate-a-constrans-femeile-sechestrate-intr-o-casa-din-voluntari-la-acte-sexuale-una-dintre-ele-ar-fi-fost-lasata-cu-rani-la-ochi-si-piept\\\/#primaryimage\"},\"thumbnailUrl\":\"https:\\\/\\\/buletin.de\\\/bucuresti\\\/wp-content\\\/uploads\\\/ID229150_INQUAM_Photos_George_Calin.jpg\",\"keywords\":[\"act sexual\",\"agresiune\",\"Andrew tate\",\"Georgiana Naghel\",\"Ilfov\",\"pornografie\",\"Tristan tate\",\"voluntri\"],\"articleSection\":[\"Main\"],\"inLanguage\":\"en-GB\",\"potentialAction\":[{\"@type\":\"CommentAction\",\"name\":\"Comment\",\"target\":[\"https:\\\/\\\/buletin.de\\\/bucuresti\\\/bbc-andrew-tate-a-constrans-femeile-sechestrate-intr-o-casa-din-voluntari-la-acte-sexuale-una-dintre-ele-ar-fi-fost-lasata-cu-rani-la-ochi-si-piept\\\/#respond\"]}],\"copyrightYear\":\"2023\",\"copyrightHolder\":{\"@id\":\"https:\\\/\\\/buletin.de\\\/bucuresti\\\/#organization\"}},{\"@type\":\"WebPage\",\"@id\":\"https:\\\/\\\/buletin.de\\\/bucuresti\\\/bbc-andrew-tate-a-constrans-femeile-sechestrate-intr-o-casa-din-voluntari-la-acte-sexuale-una-dintre-ele-ar-fi-fost-lasata-cu-rani-la-ochi-si-piept\\\/\",\"url\":\"https:\\\/\\\/buletin.de\\\/bucuresti\\\/bbc-andrew-tate-a-constrans-femeile-sechestrate-intr-o-casa-din-voluntari-la-acte-sexuale-una-dintre-ele-ar-fi-fost-lasata-cu-rani-la-ochi-si-piept\\\/\",\"name\":\"BBC: Andrew Tate a constr\u00e2ns femeile sechestrate \u00eentr-o cas\u0103 din Voluntari la acte sexuale. Una dintre ele ar fi fost l\u0103sat\u0103 cu r\u0103ni la ochi \u0219i piept - Buletin de Bucure\u0219ti\",\"isPartOf\":{\"@id\":\"https:\\\/\\\/buletin.de\\\/bucuresti\\\/#website\"},\"primaryImageOfPage\":{\"@id\":\"https:\\\/\\\/buletin.de\\\/bucuresti\\\/bbc-andrew-tate-a-constrans-femeile-sechestrate-intr-o-casa-din-voluntari-la-acte-sexuale-una-dintre-ele-ar-fi-fost-lasata-cu-rani-la-ochi-si-piept\\\/#primaryimage\"},\"image\":{\"@id\":\"https:\\\/\\\/buletin.de\\\/bucuresti\\\/bbc-andrew-tate-a-constrans-femeile-sechestrate-intr-o-casa-din-voluntari-la-acte-sexuale-una-dintre-ele-ar-fi-fost-lasata-cu-rani-la-ochi-si-piept\\\/#primaryimage\"},\"thumbnailUrl\":\"https:\\\/\\\/buletin.de\\\/bucuresti\\\/wp-content\\\/uploads\\\/ID229150_INQUAM_Photos_George_Calin.jpg\",\"datePublished\":\"2023-08-23T05:55:15+00:00\",\"breadcrumb\":{\"@id\":\"https:\\\/\\\/buletin.de\\\/bucuresti\\\/bbc-andrew-tate-a-constrans-femeile-sechestrate-intr-o-casa-din-voluntari-la-acte-sexuale-una-dintre-ele-ar-fi-fost-lasata-cu-rani-la-ochi-si-piept\\\/#breadcrumb\"},\"inLanguage\":\"en-GB\",\"potentialAction\":[{\"@type\":\"ReadAction\",\"target\":[\"https:\\\/\\\/buletin.de\\\/bucuresti\\\/bbc-andrew-tate-a-constrans-femeile-sechestrate-intr-o-casa-din-voluntari-la-acte-sexuale-una-dintre-ele-ar-fi-fost-lasata-cu-rani-la-ochi-si-piept\\\/\"]}]},{\"@type\":\"ImageObject\",\"inLanguage\":\"en-GB\",\"@id\":\"https:\\\/\\\/buletin.de\\\/bucuresti\\\/bbc-andrew-tate-a-constrans-femeile-sechestrate-intr-o-casa-din-voluntari-la-acte-sexuale-una-dintre-ele-ar-fi-fost-lasata-cu-rani-la-ochi-si-piept\\\/#primaryimage\",\"url\":\"https:\\\/\\\/buletin.de\\\/bucuresti\\\/wp-content\\\/uploads\\\/ID229150_INQUAM_Photos_George_Calin.jpg\",\"contentUrl\":\"https:\\\/\\\/buletin.de\\\/bucuresti\\\/wp-content\\\/uploads\\\/ID229150_INQUAM_Photos_George_Calin.jpg\",\"width\":2000,\"height\":1333},{\"@type\":\"BreadcrumbList\",\"@id\":\"https:\\\/\\\/buletin.de\\\/bucuresti\\\/bbc-andrew-tate-a-constrans-femeile-sechestrate-intr-o-casa-din-voluntari-la-acte-sexuale-una-dintre-ele-ar-fi-fost-lasata-cu-rani-la-ochi-si-piept\\\/#breadcrumb\",\"itemListElement\":[{\"@type\":\"ListItem\",\"position\":1,\"name\":\"Acas\u0103\",\"item\":\"https:\\\/\\\/buletin.de\\\/bucuresti\\\/\"},{\"@type\":\"ListItem\",\"position\":2,\"name\":\"BBC: Andrew Tate a constr\u00e2ns femeile sechestrate \u00eentr-o cas\u0103 din Voluntari la acte sexuale. Una dintre ele ar fi fost l\u0103sat\u0103 cu r\u0103ni la ochi \u0219i piept\"}]},{\"@type\":\"WebSite\",\"@id\":\"https:\\\/\\\/buletin.de\\\/bucuresti\\\/#website\",\"url\":\"https:\\\/\\\/buletin.de\\\/bucuresti\\\/\",\"name\":\"Buletin de Bucure\u0219ti\",\"description\":\"\u0218tiri \u0219i investiga\u021bii esen\u021biale din capital\u0103\",\"publisher\":{\"@id\":\"https:\\\/\\\/buletin.de\\\/bucuresti\\\/#organization\"},\"potentialAction\":[{\"@type\":\"SearchAction\",\"target\":{\"@type\":\"EntryPoint\",\"urlTemplate\":\"https:\\\/\\\/buletin.de\\\/bucuresti\\\/?s={search_term_string}\"},\"query-input\":{\"@type\":\"PropertyValueSpecification\",\"valueRequired\":true,\"valueName\":\"search_term_string\"}}],\"inLanguage\":\"en-GB\"},{\"@type\":\"Organization\",\"@id\":\"https:\\\/\\\/buletin.de\\\/bucuresti\\\/#organization\",\"name\":\"Buletin de Bucure\u0219ti\",\"url\":\"https:\\\/\\\/buletin.de\\\/bucuresti\\\/\",\"logo\":{\"@type\":\"ImageObject\",\"inLanguage\":\"en-GB\",\"@id\":\"https:\\\/\\\/buletin.de\\\/bucuresti\\\/#\\\/schema\\\/logo\\\/image\\\/\",\"url\":\"https:\\\/\\\/buletin.de\\\/bucuresti\\\/wp-content\\\/uploads\\\/logo-bdb-full-wide-vernil-transparent.png\",\"contentUrl\":\"https:\\\/\\\/buletin.de\\\/bucuresti\\\/wp-content\\\/uploads\\\/logo-bdb-full-wide-vernil-transparent.png\",\"width\":1782,\"height\":626,\"caption\":\"Buletin de Bucure\u0219ti\"},\"image\":{\"@id\":\"https:\\\/\\\/buletin.de\\\/bucuresti\\\/#\\\/schema\\\/logo\\\/image\\\/\"},\"sameAs\":[\"https:\\\/\\\/www.facebook.com\\\/buletin.de.buc\",\"https:\\\/\\\/www.instagram.com\\\/buletinde.bucuresti\\\/\"]},{\"@type\":\"Person\",\"@id\":\"https:\\\/\\\/buletin.de\\\/bucuresti\\\/#\\\/schema\\\/person\\\/b0686d7a8b666c6afc78239777fd8a89\",\"name\":\"Florin R\u00e2\u0219teiu\",\"image\":{\"@type\":\"ImageObject\",\"inLanguage\":\"en-GB\",\"@id\":\"https:\\\/\\\/buletin.de\\\/bucuresti\\\/wp-content\\\/uploads\\\/Florin-Rasteiu-96x96.jpgf0a6fe28453aa12f0a60e4d0a2e3a78c\",\"url\":\"https:\\\/\\\/buletin.de\\\/bucuresti\\\/wp-content\\\/uploads\\\/Florin-Rasteiu-96x96.jpg\",\"contentUrl\":\"https:\\\/\\\/buletin.de\\\/bucuresti\\\/wp-content\\\/uploads\\\/Florin-Rasteiu-96x96.jpg\",\"caption\":\"Florin R\u00e2\u0219teiu\"},\"description\":\"Jurnalist de investiga\u021bie. Lucreaz\u0103 de aproape 6 ani la Buletin de Bucure\u0219ti, unde a publicat articole care scot la suprafa\u021b\u0103 corup\u021bia din Capital\u0103. Analizeaz\u0103 baze de date zilnic \u0219i scoate pove\u0219ti din exceluri pline de cifre. Pune reflectorul pe adev\u0103r cu fiecare ocazie. A c\u00e2\u0219tigat premiul I la categoria Pres\u0103 Local\u0103 \u00een 2025 \u0219i locul al II-lea la aceea\u0219i categorie \u00een 2024 \u00een cadrul Premiilor Superscrieri pentru jurnalism independent.\",\"url\":\"https:\\\/\\\/buletin.de\\\/bucuresti\\\/author\\\/florinrasteiu\\\/\"}]}<\/script>\n<!-- \/ Yoast SEO Premium plugin. -->","yoast_head_json":{"title":"BBC: Andrew Tate a constr\u00e2ns femeile sechestrate \u00eentr-o cas\u0103 din Voluntari la acte sexuale. Una dintre ele ar fi fost l\u0103sat\u0103 cu r\u0103ni la ochi \u0219i piept - Buletin de Bucure\u0219ti","robots":{"index":"index","follow":"follow","max-snippet":"max-snippet:-1","max-image-preview":"max-image-preview:large","max-video-preview":"max-video-preview:-1"},"canonical":"https:\/\/buletin.de\/bucuresti\/bbc-andrew-tate-a-constrans-femeile-sechestrate-intr-o-casa-din-voluntari-la-acte-sexuale-una-dintre-ele-ar-fi-fost-lasata-cu-rani-la-ochi-si-piept\/","og_locale":"en_GB","og_type":"article","og_title":"BBC: Andrew Tate a constr\u00e2ns femeile sechestrate \u00eentr-o cas\u0103 din Voluntari la acte sexuale. Una dintre ele ar fi fost l\u0103sat\u0103 cu r\u0103ni la ochi \u0219i piept","og_description":"Acest articol con\u021bine informa\u021bii care pot afecta emo\u021bional cititorii. Jurnali\u0219tii BBC au ajuns \u00een posesia mai multor m\u0103rturii \u0219i stenograme din dosarul fra\u021bilor Tate, care includ \u0219i o acuza\u021bie de violen\u021b\u0103 sexual\u0103 \u00een urma c\u0103reia o femeie a fost l\u0103sat\u0103 cu r\u0103ni la ochi \u0219i \u00een zona pieptului. \u00centr-o \u00eenregistrare audio, Tristan Tate a spus [&hellip;]","og_url":"https:\/\/buletin.de\/bucuresti\/bbc-andrew-tate-a-constrans-femeile-sechestrate-intr-o-casa-din-voluntari-la-acte-sexuale-una-dintre-ele-ar-fi-fost-lasata-cu-rani-la-ochi-si-piept\/","og_site_name":"Buletin de Bucure\u0219ti","article_publisher":"https:\/\/www.facebook.com\/buletin.de.buc","article_published_time":"2023-08-23T05:55:15+00:00","og_image":[{"width":2000,"height":1333,"url":"https:\/\/buletin.de\/bucuresti\/wp-content\/uploads\/ID229150_INQUAM_Photos_George_Calin.jpg","type":"image\/jpeg"}],"author":"Florin R\u00e2\u0219teiu","twitter_card":"summary_large_image","twitter_misc":{"Written by":"Florin R\u00e2\u0219teiu","Estimated reading time":"4 minutes"},"schema":{"@context":"https:\/\/schema.org","@graph":[{"@type":"Article","@id":"https:\/\/buletin.de\/bucuresti\/bbc-andrew-tate-a-constrans-femeile-sechestrate-intr-o-casa-din-voluntari-la-acte-sexuale-una-dintre-ele-ar-fi-fost-lasata-cu-rani-la-ochi-si-piept\/#article","isPartOf":{"@id":"https:\/\/buletin.de\/bucuresti\/bbc-andrew-tate-a-constrans-femeile-sechestrate-intr-o-casa-din-voluntari-la-acte-sexuale-una-dintre-ele-ar-fi-fost-lasata-cu-rani-la-ochi-si-piept\/"},"author":{"name":"Florin R\u00e2\u0219teiu","@id":"https:\/\/buletin.de\/bucuresti\/#\/schema\/person\/b0686d7a8b666c6afc78239777fd8a89"},"headline":"BBC: Andrew Tate a constr\u00e2ns femeile sechestrate \u00eentr-o cas\u0103 din Voluntari la acte sexuale. Una dintre ele ar fi fost l\u0103sat\u0103 cu r\u0103ni la ochi \u0219i piept","datePublished":"2023-08-23T05:55:15+00:00","mainEntityOfPage":{"@id":"https:\/\/buletin.de\/bucuresti\/bbc-andrew-tate-a-constrans-femeile-sechestrate-intr-o-casa-din-voluntari-la-acte-sexuale-una-dintre-ele-ar-fi-fost-lasata-cu-rani-la-ochi-si-piept\/"},"wordCount":869,"commentCount":0,"publisher":{"@id":"https:\/\/buletin.de\/bucuresti\/#organization"},"image":{"@id":"https:\/\/buletin.de\/bucuresti\/bbc-andrew-tate-a-constrans-femeile-sechestrate-intr-o-casa-din-voluntari-la-acte-sexuale-una-dintre-ele-ar-fi-fost-lasata-cu-rani-la-ochi-si-piept\/#primaryimage"},"thumbnailUrl":"https:\/\/buletin.de\/bucuresti\/wp-content\/uploads\/ID229150_INQUAM_Photos_George_Calin.jpg","keywords":["act sexual","agresiune","Andrew tate","Georgiana Naghel","Ilfov","pornografie","Tristan tate","voluntri"],"articleSection":["Main"],"inLanguage":"en-GB","potentialAction":[{"@type":"CommentAction","name":"Comment","target":["https:\/\/buletin.de\/bucuresti\/bbc-andrew-tate-a-constrans-femeile-sechestrate-intr-o-casa-din-voluntari-la-acte-sexuale-una-dintre-ele-ar-fi-fost-lasata-cu-rani-la-ochi-si-piept\/#respond"]}],"copyrightYear":"2023","copyrightHolder":{"@id":"https:\/\/buletin.de\/bucuresti\/#organization"}},{"@type":"WebPage","@id":"https:\/\/buletin.de\/bucuresti\/bbc-andrew-tate-a-constrans-femeile-sechestrate-intr-o-casa-din-voluntari-la-acte-sexuale-una-dintre-ele-ar-fi-fost-lasata-cu-rani-la-ochi-si-piept\/","url":"https:\/\/buletin.de\/bucuresti\/bbc-andrew-tate-a-constrans-femeile-sechestrate-intr-o-casa-din-voluntari-la-acte-sexuale-una-dintre-ele-ar-fi-fost-lasata-cu-rani-la-ochi-si-piept\/","name":"BBC: Andrew Tate a constr\u00e2ns femeile sechestrate \u00eentr-o cas\u0103 din Voluntari la acte sexuale. Una dintre ele ar fi fost l\u0103sat\u0103 cu r\u0103ni la ochi \u0219i piept - Buletin de Bucure\u0219ti","isPartOf":{"@id":"https:\/\/buletin.de\/bucuresti\/#website"},"primaryImageOfPage":{"@id":"https:\/\/buletin.de\/bucuresti\/bbc-andrew-tate-a-constrans-femeile-sechestrate-intr-o-casa-din-voluntari-la-acte-sexuale-una-dintre-ele-ar-fi-fost-lasata-cu-rani-la-ochi-si-piept\/#primaryimage"},"image":{"@id":"https:\/\/buletin.de\/bucuresti\/bbc-andrew-tate-a-constrans-femeile-sechestrate-intr-o-casa-din-voluntari-la-acte-sexuale-una-dintre-ele-ar-fi-fost-lasata-cu-rani-la-ochi-si-piept\/#primaryimage"},"thumbnailUrl":"https:\/\/buletin.de\/bucuresti\/wp-content\/uploads\/ID229150_INQUAM_Photos_George_Calin.jpg","datePublished":"2023-08-23T05:55:15+00:00","breadcrumb":{"@id":"https:\/\/buletin.de\/bucuresti\/bbc-andrew-tate-a-constrans-femeile-sechestrate-intr-o-casa-din-voluntari-la-acte-sexuale-una-dintre-ele-ar-fi-fost-lasata-cu-rani-la-ochi-si-piept\/#breadcrumb"},"inLanguage":"en-GB","potentialAction":[{"@type":"ReadAction","target":["https:\/\/buletin.de\/bucuresti\/bbc-andrew-tate-a-constrans-femeile-sechestrate-intr-o-casa-din-voluntari-la-acte-sexuale-una-dintre-ele-ar-fi-fost-lasata-cu-rani-la-ochi-si-piept\/"]}]},{"@type":"ImageObject","inLanguage":"en-GB","@id":"https:\/\/buletin.de\/bucuresti\/bbc-andrew-tate-a-constrans-femeile-sechestrate-intr-o-casa-din-voluntari-la-acte-sexuale-una-dintre-ele-ar-fi-fost-lasata-cu-rani-la-ochi-si-piept\/#primaryimage","url":"https:\/\/buletin.de\/bucuresti\/wp-content\/uploads\/ID229150_INQUAM_Photos_George_Calin.jpg","contentUrl":"https:\/\/buletin.de\/bucuresti\/wp-content\/uploads\/ID229150_INQUAM_Photos_George_Calin.jpg","width":2000,"height":1333},{"@type":"BreadcrumbList","@id":"https:\/\/buletin.de\/bucuresti\/bbc-andrew-tate-a-constrans-femeile-sechestrate-intr-o-casa-din-voluntari-la-acte-sexuale-una-dintre-ele-ar-fi-fost-lasata-cu-rani-la-ochi-si-piept\/#breadcrumb","itemListElement":[{"@type":"ListItem","position":1,"name":"Acas\u0103","item":"https:\/\/buletin.de\/bucuresti\/"},{"@type":"ListItem","position":2,"name":"BBC: Andrew Tate a constr\u00e2ns femeile sechestrate \u00eentr-o cas\u0103 din Voluntari la acte sexuale. Una dintre ele ar fi fost l\u0103sat\u0103 cu r\u0103ni la ochi \u0219i piept"}]},{"@type":"WebSite","@id":"https:\/\/buletin.de\/bucuresti\/#website","url":"https:\/\/buletin.de\/bucuresti\/","name":"Buletin de Bucure\u0219ti","description":"\u0218tiri \u0219i investiga\u021bii esen\u021biale din capital\u0103","publisher":{"@id":"https:\/\/buletin.de\/bucuresti\/#organization"},"potentialAction":[{"@type":"SearchAction","target":{"@type":"EntryPoint","urlTemplate":"https:\/\/buletin.de\/bucuresti\/?s={search_term_string}"},"query-input":{"@type":"PropertyValueSpecification","valueRequired":true,"valueName":"search_term_string"}}],"inLanguage":"en-GB"},{"@type":"Organization","@id":"https:\/\/buletin.de\/bucuresti\/#organization","name":"Buletin de Bucure\u0219ti","url":"https:\/\/buletin.de\/bucuresti\/","logo":{"@type":"ImageObject","inLanguage":"en-GB","@id":"https:\/\/buletin.de\/bucuresti\/#\/schema\/logo\/image\/","url":"https:\/\/buletin.de\/bucuresti\/wp-content\/uploads\/logo-bdb-full-wide-vernil-transparent.png","contentUrl":"https:\/\/buletin.de\/bucuresti\/wp-content\/uploads\/logo-bdb-full-wide-vernil-transparent.png","width":1782,"height":626,"caption":"Buletin de Bucure\u0219ti"},"image":{"@id":"https:\/\/buletin.de\/bucuresti\/#\/schema\/logo\/image\/"},"sameAs":["https:\/\/www.facebook.com\/buletin.de.buc","https:\/\/www.instagram.com\/buletinde.bucuresti\/"]},{"@type":"Person","@id":"https:\/\/buletin.de\/bucuresti\/#\/schema\/person\/b0686d7a8b666c6afc78239777fd8a89","name":"Florin R\u00e2\u0219teiu","image":{"@type":"ImageObject","inLanguage":"en-GB","@id":"https:\/\/buletin.de\/bucuresti\/wp-content\/uploads\/Florin-Rasteiu-96x96.jpgf0a6fe28453aa12f0a60e4d0a2e3a78c","url":"https:\/\/buletin.de\/bucuresti\/wp-content\/uploads\/Florin-Rasteiu-96x96.jpg","contentUrl":"https:\/\/buletin.de\/bucuresti\/wp-content\/uploads\/Florin-Rasteiu-96x96.jpg","caption":"Florin R\u00e2\u0219teiu"},"description":"Jurnalist de investiga\u021bie. Lucreaz\u0103 de aproape 6 ani la Buletin de Bucure\u0219ti, unde a publicat articole care scot la suprafa\u021b\u0103 corup\u021bia din Capital\u0103. Analizeaz\u0103 baze de date zilnic \u0219i scoate pove\u0219ti din exceluri pline de cifre. Pune reflectorul pe adev\u0103r cu fiecare ocazie. A c\u00e2\u0219tigat premiul I la categoria Pres\u0103 Local\u0103 \u00een 2025 \u0219i locul al II-lea la aceea\u0219i categorie \u00een 2024 \u00een cadrul Premiilor Superscrieri pentru jurnalism independent.","url":"https:\/\/buletin.de\/bucuresti\/author\/florinrasteiu\/"}]}},"authors":[{"term_id":22576,"user_id":17,"is_guest":0,"slug":"florinrasteiu","display_name":"Florin R\u00e2\u0219teiu","avatar_url":"https:\/\/buletin.de\/bucuresti\/wp-content\/uploads\/Florin-Rasteiu-96x96.jpg","0":null,"1":"","2":"","3":"","4":"","5":"","6":"","7":"","8":""}],"_links":{"self":[{"href":"https:\/\/buletin.de\/bucuresti\/wp-json\/wp\/v2\/posts\/62067","targetHints":{"allow":["GET"]}}],"collection":[{"href":"https:\/\/buletin.de\/bucuresti\/wp-json\/wp\/v2\/posts"}],"about":[{"href":"https:\/\/buletin.de\/bucuresti\/wp-json\/wp\/v2\/types\/post"}],"author":[{"embeddable":true,"href":"https:\/\/buletin.de\/bucuresti\/wp-json\/wp\/v2\/users\/17"}],"replies":[{"embeddable":true,"href":"https:\/\/buletin.de\/bucuresti\/wp-json\/wp\/v2\/comments?post=62067"}],"version-history":[{"count":0,"href":"https:\/\/buletin.de\/bucuresti\/wp-json\/wp\/v2\/posts\/62067\/revisions"}],"wp:featuredmedia":[{"embeddable":true,"href":"https:\/\/buletin.de\/bucuresti\/wp-json\/wp\/v2\/media\/62068"}],"wp:attachment":[{"href":"https:\/\/buletin.de\/bucuresti\/wp-json\/wp\/v2\/media?parent=62067"}],"wp:term":[{"taxonomy":"category","embeddable":true,"href":"https:\/\/buletin.de\/bucuresti\/wp-json\/wp\/v2\/categories?post=62067"},{"taxonomy":"post_tag","embeddable":true,"href":"https:\/\/buletin.de\/bucuresti\/wp-json\/wp\/v2\/tags?post=62067"},{"taxonomy":"author","embeddable":true,"href":"https:\/\/buletin.de\/bucuresti\/wp-json\/wp\/v2\/ppma_author?post=62067"}],"curies":[{"name":"wp","href":"https:\/\/api.w.org\/{rel}","templated":true}]}}