{"id":62065,"date":"2023-08-23T06:16:28","date_gmt":"2023-08-23T04:16:28","guid":{"rendered":"https:\/\/buletin.de\/bucuresti\/nicusor-dan-vor-fi-semnate-contractele-pentru-modernizarea-sinelor-de-tramvai\/"},"modified":"2023-08-23T06:16:28","modified_gmt":"2023-08-23T04:16:28","slug":"nicusor-dan-vor-fi-semnate-contractele-pentru-modernizarea-sinelor-de-tramvai","status":"publish","type":"post","link":"https:\/\/buletin.de\/bucuresti\/nicusor-dan-vor-fi-semnate-contractele-pentru-modernizarea-sinelor-de-tramvai\/","title":{"rendered":"Nicu\u0219or Dan: Vor fi semnate contractele pentru modernizarea \u0219inelor de tramvai"},"content":{"rendered":"\n<p><strong>Primarul general, Nicu\u0219or Dan, a anun\u021bat c\u0103 \u00een cur\u00e2nd vor fi semnate contractele de proiectare \u0219i execu\u021bie pentru modernizarea liniilor de tramvai. \u00cen total, vor fi reabilita\u021bi 30 de km de calea de rulare.<\/strong><\/p>\n\n\n\n<p>Edilul a precizat c\u0103 \u00een aproape 3 s\u0103pt\u0103m\u00e2ni urmeaz\u0103 s\u0103 fie semnate contractele pentru execu\u021bie.<\/p>\n\n\n\n<p>\u201e<em>Suntem \u00een faza final\u0103 a evalu\u0103rii ofertelor pentru modernizarea a 30 de km linie de tramvai, iar \u00een aproximativ 3 s\u0103pt\u0103m\u00e2ni o s\u0103 semn\u0103m contractele pentru proiectare \u0219i execu\u021bie\u201d<\/em>, a declarat Nicu\u0219or Dan, in cadrul unei conferin\u021be la depoul Societ\u0103\u021bii de Transport Bucure\u0219ti.<\/p>\n\n\n\n<p>De asemenea, edilul a anun\u021bat c\u0103 studiul de oportunitate pentru cump\u0103rarea altor 250 de tramvaie noi a fost aprobat de CGMB.<\/p>\n\n\n\n<p>Tramvaiele Imperio cu numerele 50 \u0219i 51 circul\u0103 de ieri pe linia 1. P\u00e2n\u0103 la sf\u00e2r\u0219itul anului vor ajunge \u00een Capital\u0103 \u0219i cele 100 de autobuze electrice, iar p\u00e2n\u0103 prim\u0103vara viitoare vor fi livrate 100 de troleibuze noi Solaris. <\/p>\n\n\n\n<p>Achizi\u021bia acestora a fost realizat\u0103 prin finan\u021bare din fonduri europene, Fondul de Mediu \u0219i cu o contribu\u021bie a Prim\u0103riei.<\/p>\n","protected":false},"excerpt":{"rendered":"<p>Primarul general, Nicu\u0219or Dan, a anun\u021bat c\u0103 \u00een cur\u00e2nd vor fi semnate contractele de proiectare \u0219i execu\u021bie pentru modernizarea liniilor de tramvai. \u00cen total, vor fi reabilita\u021bi 30 de km de calea de rulare. Edilul a precizat c\u0103 \u00een aproape 3 s\u0103pt\u0103m\u00e2ni urmeaz\u0103 s\u0103 fie semnate contractele pentru execu\u021bie. \u201eSuntem \u00een faza final\u0103 a evalu\u0103rii [&hellip;]<\/p>\n","protected":false},"author":49,"featured_media":62066,"comment_status":"open","ping_status":"open","sticky":false,"template":"","format":"standard","meta":{"_acf_changed":false,"inline_featured_image":false,"ngg_post_thumbnail":0,"footnotes":""},"categories":[24,650],"tags":[223,399,6755],"ppma_author":[22574],"class_list":["post-62065","post","type-post","status-publish","format-standard","has-post-thumbnail","hentry","category-primarie","category-transport","tag-nicusor-dan","tag-tramvaie","tag-tramvaie-imperio"],"acf":[],"yoast_head":"<!-- This site is optimized with the Yoast SEO Premium plugin v25.3 (Yoast SEO v27.4) - https:\/\/yoast.com\/product\/yoast-seo-premium-wordpress\/ -->\n<title>Nicu\u0219or Dan: Vor fi semnate contractele pentru modernizarea \u0219inelor de tramvai - Buletin de Bucure\u0219ti<\/title>\n<meta name=\"robots\" content=\"index, follow, max-snippet:-1, max-image-preview:large, max-video-preview:-1\" \/>\n<link rel=\"canonical\" href=\"https:\/\/buletin.de\/bucuresti\/nicusor-dan-vor-fi-semnate-contractele-pentru-modernizarea-sinelor-de-tramvai\/\" \/>\n<meta property=\"og:locale\" content=\"en_GB\" \/>\n<meta property=\"og:type\" content=\"article\" \/>\n<meta property=\"og:title\" content=\"Nicu\u0219or Dan: Vor fi semnate contractele pentru modernizarea \u0219inelor de tramvai\" \/>\n<meta property=\"og:description\" content=\"Primarul general, Nicu\u0219or Dan, a anun\u021bat c\u0103 \u00een cur\u00e2nd vor fi semnate contractele de proiectare \u0219i execu\u021bie pentru modernizarea liniilor de tramvai. \u00cen total, vor fi reabilita\u021bi 30 de km de calea de rulare. Edilul a precizat c\u0103 \u00een aproape 3 s\u0103pt\u0103m\u00e2ni urmeaz\u0103 s\u0103 fie semnate contractele pentru execu\u021bie. \u201eSuntem \u00een faza final\u0103 a evalu\u0103rii [&hellip;]\" \/>\n<meta property=\"og:url\" content=\"https:\/\/buletin.de\/bucuresti\/nicusor-dan-vor-fi-semnate-contractele-pentru-modernizarea-sinelor-de-tramvai\/\" \/>\n<meta property=\"og:site_name\" content=\"Buletin de Bucure\u0219ti\" \/>\n<meta property=\"article:publisher\" content=\"https:\/\/www.facebook.com\/buletin.de.buc\" \/>\n<meta property=\"article:published_time\" content=\"2023-08-23T04:16:28+00:00\" \/>\n<meta property=\"og:image\" content=\"https:\/\/buletin.de\/bucuresti\/wp-content\/uploads\/imperio.jpeg\" \/>\n\t<meta property=\"og:image:width\" content=\"2048\" \/>\n\t<meta property=\"og:image:height\" content=\"1152\" \/>\n\t<meta property=\"og:image:type\" content=\"image\/jpeg\" \/>\n<meta name=\"author\" content=\"Diana Matei\" \/>\n<meta name=\"twitter:card\" content=\"summary_large_image\" \/>\n<meta name=\"twitter:label1\" content=\"Written by\" \/>\n\t<meta name=\"twitter:data1\" content=\"Diana Matei\" \/>\n\t<meta name=\"twitter:label2\" content=\"Estimated reading time\" \/>\n\t<meta name=\"twitter:data2\" content=\"1 minute\" \/>\n<script type=\"application\/ld+json\" class=\"yoast-schema-graph\">{\"@context\":\"https:\\\/\\\/schema.org\",\"@graph\":[{\"@type\":\"Article\",\"@id\":\"https:\\\/\\\/buletin.de\\\/bucuresti\\\/nicusor-dan-vor-fi-semnate-contractele-pentru-modernizarea-sinelor-de-tramvai\\\/#article\",\"isPartOf\":{\"@id\":\"https:\\\/\\\/buletin.de\\\/bucuresti\\\/nicusor-dan-vor-fi-semnate-contractele-pentru-modernizarea-sinelor-de-tramvai\\\/\"},\"author\":{\"name\":\"Diana Matei\",\"@id\":\"https:\\\/\\\/buletin.de\\\/bucuresti\\\/#\\\/schema\\\/person\\\/7e46040573290777280a0835d81ea4ea\"},\"headline\":\"Nicu\u0219or Dan: Vor fi semnate contractele pentru modernizarea \u0219inelor de tramvai\",\"datePublished\":\"2023-08-23T04:16:28+00:00\",\"mainEntityOfPage\":{\"@id\":\"https:\\\/\\\/buletin.de\\\/bucuresti\\\/nicusor-dan-vor-fi-semnate-contractele-pentru-modernizarea-sinelor-de-tramvai\\\/\"},\"wordCount\":203,\"commentCount\":0,\"publisher\":{\"@id\":\"https:\\\/\\\/buletin.de\\\/bucuresti\\\/#organization\"},\"image\":{\"@id\":\"https:\\\/\\\/buletin.de\\\/bucuresti\\\/nicusor-dan-vor-fi-semnate-contractele-pentru-modernizarea-sinelor-de-tramvai\\\/#primaryimage\"},\"thumbnailUrl\":\"https:\\\/\\\/buletin.de\\\/bucuresti\\\/wp-content\\\/uploads\\\/imperio.jpeg\",\"keywords\":[\"nicusor dan\",\"tramvaie\",\"tramvaie imperio\"],\"articleSection\":[\"Prim\u0103rie\",\"Transport\"],\"inLanguage\":\"en-GB\",\"potentialAction\":[{\"@type\":\"CommentAction\",\"name\":\"Comment\",\"target\":[\"https:\\\/\\\/buletin.de\\\/bucuresti\\\/nicusor-dan-vor-fi-semnate-contractele-pentru-modernizarea-sinelor-de-tramvai\\\/#respond\"]}],\"copyrightYear\":\"2023\",\"copyrightHolder\":{\"@id\":\"https:\\\/\\\/buletin.de\\\/bucuresti\\\/#organization\"}},{\"@type\":\"WebPage\",\"@id\":\"https:\\\/\\\/buletin.de\\\/bucuresti\\\/nicusor-dan-vor-fi-semnate-contractele-pentru-modernizarea-sinelor-de-tramvai\\\/\",\"url\":\"https:\\\/\\\/buletin.de\\\/bucuresti\\\/nicusor-dan-vor-fi-semnate-contractele-pentru-modernizarea-sinelor-de-tramvai\\\/\",\"name\":\"Nicu\u0219or Dan: Vor fi semnate contractele pentru modernizarea \u0219inelor de tramvai - Buletin de Bucure\u0219ti\",\"isPartOf\":{\"@id\":\"https:\\\/\\\/buletin.de\\\/bucuresti\\\/#website\"},\"primaryImageOfPage\":{\"@id\":\"https:\\\/\\\/buletin.de\\\/bucuresti\\\/nicusor-dan-vor-fi-semnate-contractele-pentru-modernizarea-sinelor-de-tramvai\\\/#primaryimage\"},\"image\":{\"@id\":\"https:\\\/\\\/buletin.de\\\/bucuresti\\\/nicusor-dan-vor-fi-semnate-contractele-pentru-modernizarea-sinelor-de-tramvai\\\/#primaryimage\"},\"thumbnailUrl\":\"https:\\\/\\\/buletin.de\\\/bucuresti\\\/wp-content\\\/uploads\\\/imperio.jpeg\",\"datePublished\":\"2023-08-23T04:16:28+00:00\",\"breadcrumb\":{\"@id\":\"https:\\\/\\\/buletin.de\\\/bucuresti\\\/nicusor-dan-vor-fi-semnate-contractele-pentru-modernizarea-sinelor-de-tramvai\\\/#breadcrumb\"},\"inLanguage\":\"en-GB\",\"potentialAction\":[{\"@type\":\"ReadAction\",\"target\":[\"https:\\\/\\\/buletin.de\\\/bucuresti\\\/nicusor-dan-vor-fi-semnate-contractele-pentru-modernizarea-sinelor-de-tramvai\\\/\"]}]},{\"@type\":\"ImageObject\",\"inLanguage\":\"en-GB\",\"@id\":\"https:\\\/\\\/buletin.de\\\/bucuresti\\\/nicusor-dan-vor-fi-semnate-contractele-pentru-modernizarea-sinelor-de-tramvai\\\/#primaryimage\",\"url\":\"https:\\\/\\\/buletin.de\\\/bucuresti\\\/wp-content\\\/uploads\\\/imperio.jpeg\",\"contentUrl\":\"https:\\\/\\\/buletin.de\\\/bucuresti\\\/wp-content\\\/uploads\\\/imperio.jpeg\",\"width\":2048,\"height\":1152,\"caption\":\"Ultimul tramvai Imperio ajunge la Bucure\u0219ti. Este vorba al 100-lea tramvai din lotul achizi\u0163ionat prin contractul \u00eencheiat de Prim\u0103ria Capitalei cu Astra Vagoane.\"},{\"@type\":\"BreadcrumbList\",\"@id\":\"https:\\\/\\\/buletin.de\\\/bucuresti\\\/nicusor-dan-vor-fi-semnate-contractele-pentru-modernizarea-sinelor-de-tramvai\\\/#breadcrumb\",\"itemListElement\":[{\"@type\":\"ListItem\",\"position\":1,\"name\":\"Acas\u0103\",\"item\":\"https:\\\/\\\/buletin.de\\\/bucuresti\\\/\"},{\"@type\":\"ListItem\",\"position\":2,\"name\":\"Nicu\u0219or Dan: Vor fi semnate contractele pentru modernizarea \u0219inelor de tramvai\"}]},{\"@type\":\"WebSite\",\"@id\":\"https:\\\/\\\/buletin.de\\\/bucuresti\\\/#website\",\"url\":\"https:\\\/\\\/buletin.de\\\/bucuresti\\\/\",\"name\":\"Buletin de Bucure\u0219ti\",\"description\":\"\u0218tiri \u0219i investiga\u021bii esen\u021biale din capital\u0103\",\"publisher\":{\"@id\":\"https:\\\/\\\/buletin.de\\\/bucuresti\\\/#organization\"},\"potentialAction\":[{\"@type\":\"SearchAction\",\"target\":{\"@type\":\"EntryPoint\",\"urlTemplate\":\"https:\\\/\\\/buletin.de\\\/bucuresti\\\/?s={search_term_string}\"},\"query-input\":{\"@type\":\"PropertyValueSpecification\",\"valueRequired\":true,\"valueName\":\"search_term_string\"}}],\"inLanguage\":\"en-GB\"},{\"@type\":\"Organization\",\"@id\":\"https:\\\/\\\/buletin.de\\\/bucuresti\\\/#organization\",\"name\":\"Buletin de Bucure\u0219ti\",\"url\":\"https:\\\/\\\/buletin.de\\\/bucuresti\\\/\",\"logo\":{\"@type\":\"ImageObject\",\"inLanguage\":\"en-GB\",\"@id\":\"https:\\\/\\\/buletin.de\\\/bucuresti\\\/#\\\/schema\\\/logo\\\/image\\\/\",\"url\":\"https:\\\/\\\/buletin.de\\\/bucuresti\\\/wp-content\\\/uploads\\\/logo-bdb-full-wide-vernil-transparent.png\",\"contentUrl\":\"https:\\\/\\\/buletin.de\\\/bucuresti\\\/wp-content\\\/uploads\\\/logo-bdb-full-wide-vernil-transparent.png\",\"width\":1782,\"height\":626,\"caption\":\"Buletin de Bucure\u0219ti\"},\"image\":{\"@id\":\"https:\\\/\\\/buletin.de\\\/bucuresti\\\/#\\\/schema\\\/logo\\\/image\\\/\"},\"sameAs\":[\"https:\\\/\\\/www.facebook.com\\\/buletin.de.buc\",\"https:\\\/\\\/www.instagram.com\\\/buletinde.bucuresti\\\/\"]},{\"@type\":\"Person\",\"@id\":\"https:\\\/\\\/buletin.de\\\/bucuresti\\\/#\\\/schema\\\/person\\\/7e46040573290777280a0835d81ea4ea\",\"name\":\"Diana Matei\",\"image\":{\"@type\":\"ImageObject\",\"inLanguage\":\"en-GB\",\"@id\":\"https:\\\/\\\/buletin.de\\\/bucuresti\\\/wp-content\\\/uploads\\\/9-2-96x96.jpg1e8590b30871d70e62ebcdaf2eff570c\",\"url\":\"https:\\\/\\\/buletin.de\\\/bucuresti\\\/wp-content\\\/uploads\\\/9-2-96x96.jpg\",\"contentUrl\":\"https:\\\/\\\/buletin.de\\\/bucuresti\\\/wp-content\\\/uploads\\\/9-2-96x96.jpg\",\"caption\":\"Diana Matei\"},\"url\":\"https:\\\/\\\/buletin.de\\\/bucuresti\\\/author\\\/dianamatei\\\/\"}]}<\/script>\n<!-- \/ Yoast SEO Premium plugin. -->","yoast_head_json":{"title":"Nicu\u0219or Dan: Vor fi semnate contractele pentru modernizarea \u0219inelor de tramvai - Buletin de Bucure\u0219ti","robots":{"index":"index","follow":"follow","max-snippet":"max-snippet:-1","max-image-preview":"max-image-preview:large","max-video-preview":"max-video-preview:-1"},"canonical":"https:\/\/buletin.de\/bucuresti\/nicusor-dan-vor-fi-semnate-contractele-pentru-modernizarea-sinelor-de-tramvai\/","og_locale":"en_GB","og_type":"article","og_title":"Nicu\u0219or Dan: Vor fi semnate contractele pentru modernizarea \u0219inelor de tramvai","og_description":"Primarul general, Nicu\u0219or Dan, a anun\u021bat c\u0103 \u00een cur\u00e2nd vor fi semnate contractele de proiectare \u0219i execu\u021bie pentru modernizarea liniilor de tramvai. \u00cen total, vor fi reabilita\u021bi 30 de km de calea de rulare. Edilul a precizat c\u0103 \u00een aproape 3 s\u0103pt\u0103m\u00e2ni urmeaz\u0103 s\u0103 fie semnate contractele pentru execu\u021bie. \u201eSuntem \u00een faza final\u0103 a evalu\u0103rii [&hellip;]","og_url":"https:\/\/buletin.de\/bucuresti\/nicusor-dan-vor-fi-semnate-contractele-pentru-modernizarea-sinelor-de-tramvai\/","og_site_name":"Buletin de Bucure\u0219ti","article_publisher":"https:\/\/www.facebook.com\/buletin.de.buc","article_published_time":"2023-08-23T04:16:28+00:00","og_image":[{"width":2048,"height":1152,"url":"https:\/\/buletin.de\/bucuresti\/wp-content\/uploads\/imperio.jpeg","type":"image\/jpeg"}],"author":"Diana Matei","twitter_card":"summary_large_image","twitter_misc":{"Written by":"Diana Matei","Estimated reading time":"1 minute"},"schema":{"@context":"https:\/\/schema.org","@graph":[{"@type":"Article","@id":"https:\/\/buletin.de\/bucuresti\/nicusor-dan-vor-fi-semnate-contractele-pentru-modernizarea-sinelor-de-tramvai\/#article","isPartOf":{"@id":"https:\/\/buletin.de\/bucuresti\/nicusor-dan-vor-fi-semnate-contractele-pentru-modernizarea-sinelor-de-tramvai\/"},"author":{"name":"Diana Matei","@id":"https:\/\/buletin.de\/bucuresti\/#\/schema\/person\/7e46040573290777280a0835d81ea4ea"},"headline":"Nicu\u0219or Dan: Vor fi semnate contractele pentru modernizarea \u0219inelor de tramvai","datePublished":"2023-08-23T04:16:28+00:00","mainEntityOfPage":{"@id":"https:\/\/buletin.de\/bucuresti\/nicusor-dan-vor-fi-semnate-contractele-pentru-modernizarea-sinelor-de-tramvai\/"},"wordCount":203,"commentCount":0,"publisher":{"@id":"https:\/\/buletin.de\/bucuresti\/#organization"},"image":{"@id":"https:\/\/buletin.de\/bucuresti\/nicusor-dan-vor-fi-semnate-contractele-pentru-modernizarea-sinelor-de-tramvai\/#primaryimage"},"thumbnailUrl":"https:\/\/buletin.de\/bucuresti\/wp-content\/uploads\/imperio.jpeg","keywords":["nicusor dan","tramvaie","tramvaie imperio"],"articleSection":["Prim\u0103rie","Transport"],"inLanguage":"en-GB","potentialAction":[{"@type":"CommentAction","name":"Comment","target":["https:\/\/buletin.de\/bucuresti\/nicusor-dan-vor-fi-semnate-contractele-pentru-modernizarea-sinelor-de-tramvai\/#respond"]}],"copyrightYear":"2023","copyrightHolder":{"@id":"https:\/\/buletin.de\/bucuresti\/#organization"}},{"@type":"WebPage","@id":"https:\/\/buletin.de\/bucuresti\/nicusor-dan-vor-fi-semnate-contractele-pentru-modernizarea-sinelor-de-tramvai\/","url":"https:\/\/buletin.de\/bucuresti\/nicusor-dan-vor-fi-semnate-contractele-pentru-modernizarea-sinelor-de-tramvai\/","name":"Nicu\u0219or Dan: Vor fi semnate contractele pentru modernizarea \u0219inelor de tramvai - Buletin de Bucure\u0219ti","isPartOf":{"@id":"https:\/\/buletin.de\/bucuresti\/#website"},"primaryImageOfPage":{"@id":"https:\/\/buletin.de\/bucuresti\/nicusor-dan-vor-fi-semnate-contractele-pentru-modernizarea-sinelor-de-tramvai\/#primaryimage"},"image":{"@id":"https:\/\/buletin.de\/bucuresti\/nicusor-dan-vor-fi-semnate-contractele-pentru-modernizarea-sinelor-de-tramvai\/#primaryimage"},"thumbnailUrl":"https:\/\/buletin.de\/bucuresti\/wp-content\/uploads\/imperio.jpeg","datePublished":"2023-08-23T04:16:28+00:00","breadcrumb":{"@id":"https:\/\/buletin.de\/bucuresti\/nicusor-dan-vor-fi-semnate-contractele-pentru-modernizarea-sinelor-de-tramvai\/#breadcrumb"},"inLanguage":"en-GB","potentialAction":[{"@type":"ReadAction","target":["https:\/\/buletin.de\/bucuresti\/nicusor-dan-vor-fi-semnate-contractele-pentru-modernizarea-sinelor-de-tramvai\/"]}]},{"@type":"ImageObject","inLanguage":"en-GB","@id":"https:\/\/buletin.de\/bucuresti\/nicusor-dan-vor-fi-semnate-contractele-pentru-modernizarea-sinelor-de-tramvai\/#primaryimage","url":"https:\/\/buletin.de\/bucuresti\/wp-content\/uploads\/imperio.jpeg","contentUrl":"https:\/\/buletin.de\/bucuresti\/wp-content\/uploads\/imperio.jpeg","width":2048,"height":1152,"caption":"Ultimul tramvai Imperio ajunge la Bucure\u0219ti. Este vorba al 100-lea tramvai din lotul achizi\u0163ionat prin contractul \u00eencheiat de Prim\u0103ria Capitalei cu Astra Vagoane."},{"@type":"BreadcrumbList","@id":"https:\/\/buletin.de\/bucuresti\/nicusor-dan-vor-fi-semnate-contractele-pentru-modernizarea-sinelor-de-tramvai\/#breadcrumb","itemListElement":[{"@type":"ListItem","position":1,"name":"Acas\u0103","item":"https:\/\/buletin.de\/bucuresti\/"},{"@type":"ListItem","position":2,"name":"Nicu\u0219or Dan: Vor fi semnate contractele pentru modernizarea \u0219inelor de tramvai"}]},{"@type":"WebSite","@id":"https:\/\/buletin.de\/bucuresti\/#website","url":"https:\/\/buletin.de\/bucuresti\/","name":"Buletin de Bucure\u0219ti","description":"\u0218tiri \u0219i investiga\u021bii esen\u021biale din capital\u0103","publisher":{"@id":"https:\/\/buletin.de\/bucuresti\/#organization"},"potentialAction":[{"@type":"SearchAction","target":{"@type":"EntryPoint","urlTemplate":"https:\/\/buletin.de\/bucuresti\/?s={search_term_string}"},"query-input":{"@type":"PropertyValueSpecification","valueRequired":true,"valueName":"search_term_string"}}],"inLanguage":"en-GB"},{"@type":"Organization","@id":"https:\/\/buletin.de\/bucuresti\/#organization","name":"Buletin de Bucure\u0219ti","url":"https:\/\/buletin.de\/bucuresti\/","logo":{"@type":"ImageObject","inLanguage":"en-GB","@id":"https:\/\/buletin.de\/bucuresti\/#\/schema\/logo\/image\/","url":"https:\/\/buletin.de\/bucuresti\/wp-content\/uploads\/logo-bdb-full-wide-vernil-transparent.png","contentUrl":"https:\/\/buletin.de\/bucuresti\/wp-content\/uploads\/logo-bdb-full-wide-vernil-transparent.png","width":1782,"height":626,"caption":"Buletin de Bucure\u0219ti"},"image":{"@id":"https:\/\/buletin.de\/bucuresti\/#\/schema\/logo\/image\/"},"sameAs":["https:\/\/www.facebook.com\/buletin.de.buc","https:\/\/www.instagram.com\/buletinde.bucuresti\/"]},{"@type":"Person","@id":"https:\/\/buletin.de\/bucuresti\/#\/schema\/person\/7e46040573290777280a0835d81ea4ea","name":"Diana Matei","image":{"@type":"ImageObject","inLanguage":"en-GB","@id":"https:\/\/buletin.de\/bucuresti\/wp-content\/uploads\/9-2-96x96.jpg1e8590b30871d70e62ebcdaf2eff570c","url":"https:\/\/buletin.de\/bucuresti\/wp-content\/uploads\/9-2-96x96.jpg","contentUrl":"https:\/\/buletin.de\/bucuresti\/wp-content\/uploads\/9-2-96x96.jpg","caption":"Diana Matei"},"url":"https:\/\/buletin.de\/bucuresti\/author\/dianamatei\/"}]}},"authors":[{"term_id":22574,"user_id":49,"is_guest":0,"slug":"dianamatei","display_name":"Diana Matei","avatar_url":"https:\/\/buletin.de\/bucuresti\/wp-content\/uploads\/9-2-96x96.jpg","0":null,"1":"","2":"","3":"","4":"","5":"","6":"","7":"","8":""}],"_links":{"self":[{"href":"https:\/\/buletin.de\/bucuresti\/wp-json\/wp\/v2\/posts\/62065","targetHints":{"allow":["GET"]}}],"collection":[{"href":"https:\/\/buletin.de\/bucuresti\/wp-json\/wp\/v2\/posts"}],"about":[{"href":"https:\/\/buletin.de\/bucuresti\/wp-json\/wp\/v2\/types\/post"}],"author":[{"embeddable":true,"href":"https:\/\/buletin.de\/bucuresti\/wp-json\/wp\/v2\/users\/49"}],"replies":[{"embeddable":true,"href":"https:\/\/buletin.de\/bucuresti\/wp-json\/wp\/v2\/comments?post=62065"}],"version-history":[{"count":0,"href":"https:\/\/buletin.de\/bucuresti\/wp-json\/wp\/v2\/posts\/62065\/revisions"}],"wp:featuredmedia":[{"embeddable":true,"href":"https:\/\/buletin.de\/bucuresti\/wp-json\/wp\/v2\/media\/62066"}],"wp:attachment":[{"href":"https:\/\/buletin.de\/bucuresti\/wp-json\/wp\/v2\/media?parent=62065"}],"wp:term":[{"taxonomy":"category","embeddable":true,"href":"https:\/\/buletin.de\/bucuresti\/wp-json\/wp\/v2\/categories?post=62065"},{"taxonomy":"post_tag","embeddable":true,"href":"https:\/\/buletin.de\/bucuresti\/wp-json\/wp\/v2\/tags?post=62065"},{"taxonomy":"author","embeddable":true,"href":"https:\/\/buletin.de\/bucuresti\/wp-json\/wp\/v2\/ppma_author?post=62065"}],"curies":[{"name":"wp","href":"https:\/\/api.w.org\/{rel}","templated":true}]}}