{"id":62034,"date":"2023-08-22T07:19:28","date_gmt":"2023-08-22T05:19:28","guid":{"rendered":"https:\/\/buletin.de\/bucuresti\/bucurestenii-pot-merge-la-mare-prin-programul-litoralul-pentru-toti\/"},"modified":"2023-08-22T07:19:28","modified_gmt":"2023-08-22T05:19:28","slug":"bucurestenii-pot-merge-la-mare-prin-programul-litoralul-pentru-toti","status":"publish","type":"post","link":"https:\/\/buletin.de\/bucuresti\/bucurestenii-pot-merge-la-mare-prin-programul-litoralul-pentru-toti\/","title":{"rendered":"Bucure\u015ftenii pot merge la mare prin programul \u201eLitoralul pentru to\u0163i\u201d"},"content":{"rendered":"\n<p><strong>Federa\u0163ia Patronatelor din Turismul Rom\u00e2nesc<\/strong> <strong> lanseaz\u0103 pe 1 septembrie o nou\u0103 edi\u0163ie a programului \u201eLitoralul pentru to\u0163i\u201d. Pre\u0163urile sunt cu p\u00e2n\u0103 la 70% mai mici fa\u0163\u0103 de cele din v\u00e2rful sezonului<\/strong>.<\/p>\n\n\n\n<p>Programul \u201eLitoralul pentru to\u0163i\u201d a ajuns la edi\u0163ia cu num\u0103rul 42 \u015fi se deruleaz\u0103 \u00een perioada 1 \u2013 30 septembrie. \u00cen cadrul acestui program, bucure\u015ftenii se pot caza \u00een hotelurile si pensiunile clasificate din sta\u0163iunile de la Marea Neagr\u0103, cu pre\u0163uri \u00eencep\u00e2nd de la 35 de lei pe noapte.<\/p>\n\n\n\n<p>Acesta este cel mai ieftin pachet, f\u0103r\u0103 mas\u0103, put\u00e2nd fi achizi\u0163ionat la un hotel de 2 stele din sta\u0163iunea Eforie Nord, dac\u0103 se achizi\u0163ioneaz\u0103 un sejur de minimum 5 nop\u0163i. <\/p>\n\n\n\n<p>\u00cen acest program s-au \u00eenscris hoteluri de 2 p\u00e2n\u0103 la 4 stele, tarifele propuse de hotelieri fiind pentru toate categoriile de turi\u015fti.<\/p>\n\n\n\n<p>48 de hoteluri din toate sta\u0163iunile de pe litoral pun la dispozi\u0163ia turi\u015ftilor un num\u0103r de aproximativ 5.000 de locuri de cazare.<\/p>\n\n\n\n<p><em>\u201eP\u00e2n\u0103 la \u00eenceperea efectiv<em>\u0103<\/em> a programului, pe 1 septembrie, estim\u0103m c\u0103 peste 100 de unit\u0103\u0163i vor intra \u00een acest program, astfel \u00eenc\u00e2t peste 40.000 de turi\u015fti ar putea beneficia de tarife reduse pe litoral \u00een luna septembrie\u201d,<\/em> men\u0163ioneaz\u0103 patronatul, \u00eentr-un comunicat de pres\u0103.<\/p>\n","protected":false},"excerpt":{"rendered":"<p>Federa\u0163ia Patronatelor din Turismul Rom\u00e2nesc lanseaz\u0103 pe 1 septembrie o nou\u0103 edi\u0163ie a programului \u201eLitoralul pentru to\u0163i\u201d. Pre\u0163urile sunt cu p\u00e2n\u0103 la 70% mai mici fa\u0163\u0103 de cele din v\u00e2rful sezonului. Programul \u201eLitoralul pentru to\u0163i\u201d a ajuns la edi\u0163ia cu num\u0103rul 42 \u015fi se deruleaz\u0103 \u00een perioada 1 \u2013 30 septembrie. \u00cen cadrul acestui program, [&hellip;]<\/p>\n","protected":false},"author":49,"featured_media":62035,"comment_status":"open","ping_status":"open","sticky":false,"template":"","format":"standard","meta":{"_acf_changed":false,"inline_featured_image":false,"ngg_post_thumbnail":0,"footnotes":""},"categories":[62],"tags":[6752,6753,2565],"ppma_author":[22574],"class_list":["post-62034","post","type-post","status-publish","format-standard","has-post-thumbnail","hentry","category-stiri","tag-fptr","tag-litoralul-pentr-toti","tag-tarife"],"acf":[],"yoast_head":"<!-- This site is optimized with the Yoast SEO Premium plugin v25.3 (Yoast SEO v27.5) - https:\/\/yoast.com\/product\/yoast-seo-premium-wordpress\/ -->\n<title>Bucure\u015ftenii pot merge la mare prin programul \u201eLitoralul pentru to\u0163i\u201d - Buletin de Bucure\u0219ti<\/title>\n<meta name=\"robots\" content=\"index, follow, max-snippet:-1, max-image-preview:large, max-video-preview:-1\" \/>\n<link rel=\"canonical\" href=\"https:\/\/buletin.de\/bucuresti\/bucurestenii-pot-merge-la-mare-prin-programul-litoralul-pentru-toti\/\" \/>\n<meta property=\"og:locale\" content=\"en_GB\" \/>\n<meta property=\"og:type\" content=\"article\" \/>\n<meta property=\"og:title\" content=\"Bucure\u015ftenii pot merge la mare prin programul \u201eLitoralul pentru to\u0163i\u201d\" \/>\n<meta property=\"og:description\" content=\"Federa\u0163ia Patronatelor din Turismul Rom\u00e2nesc lanseaz\u0103 pe 1 septembrie o nou\u0103 edi\u0163ie a programului \u201eLitoralul pentru to\u0163i\u201d. Pre\u0163urile sunt cu p\u00e2n\u0103 la 70% mai mici fa\u0163\u0103 de cele din v\u00e2rful sezonului. Programul \u201eLitoralul pentru to\u0163i\u201d a ajuns la edi\u0163ia cu num\u0103rul 42 \u015fi se deruleaz\u0103 \u00een perioada 1 \u2013 30 septembrie. \u00cen cadrul acestui program, [&hellip;]\" \/>\n<meta property=\"og:url\" content=\"https:\/\/buletin.de\/bucuresti\/bucurestenii-pot-merge-la-mare-prin-programul-litoralul-pentru-toti\/\" \/>\n<meta property=\"og:site_name\" content=\"Buletin de Bucure\u0219ti\" \/>\n<meta property=\"article:publisher\" content=\"https:\/\/www.facebook.com\/buletin.de.buc\" \/>\n<meta property=\"article:published_time\" content=\"2023-08-22T05:19:28+00:00\" \/>\n<meta property=\"og:image\" content=\"https:\/\/buletin.de\/bucuresti\/wp-content\/uploads\/siodjcyotms-1.jpg\" \/>\n\t<meta property=\"og:image:width\" content=\"1600\" \/>\n\t<meta property=\"og:image:height\" content=\"1067\" \/>\n\t<meta property=\"og:image:type\" content=\"image\/jpeg\" \/>\n<meta name=\"author\" content=\"Diana Matei\" \/>\n<meta name=\"twitter:card\" content=\"summary_large_image\" \/>\n<meta name=\"twitter:label1\" content=\"Written by\" \/>\n\t<meta name=\"twitter:data1\" content=\"Diana Matei\" \/>\n\t<meta name=\"twitter:label2\" content=\"Estimated reading time\" \/>\n\t<meta name=\"twitter:data2\" content=\"1 minute\" \/>\n<script type=\"application\/ld+json\" class=\"yoast-schema-graph\">{\"@context\":\"https:\\\/\\\/schema.org\",\"@graph\":[{\"@type\":\"Article\",\"@id\":\"https:\\\/\\\/buletin.de\\\/bucuresti\\\/bucurestenii-pot-merge-la-mare-prin-programul-litoralul-pentru-toti\\\/#article\",\"isPartOf\":{\"@id\":\"https:\\\/\\\/buletin.de\\\/bucuresti\\\/bucurestenii-pot-merge-la-mare-prin-programul-litoralul-pentru-toti\\\/\"},\"author\":{\"name\":\"Diana Matei\",\"@id\":\"https:\\\/\\\/buletin.de\\\/bucuresti\\\/#\\\/schema\\\/person\\\/7e46040573290777280a0835d81ea4ea\"},\"headline\":\"Bucure\u015ftenii pot merge la mare prin programul \u201eLitoralul pentru to\u0163i\u201d\",\"datePublished\":\"2023-08-22T05:19:28+00:00\",\"mainEntityOfPage\":{\"@id\":\"https:\\\/\\\/buletin.de\\\/bucuresti\\\/bucurestenii-pot-merge-la-mare-prin-programul-litoralul-pentru-toti\\\/\"},\"wordCount\":225,\"commentCount\":0,\"publisher\":{\"@id\":\"https:\\\/\\\/buletin.de\\\/bucuresti\\\/#organization\"},\"image\":{\"@id\":\"https:\\\/\\\/buletin.de\\\/bucuresti\\\/bucurestenii-pot-merge-la-mare-prin-programul-litoralul-pentru-toti\\\/#primaryimage\"},\"thumbnailUrl\":\"https:\\\/\\\/buletin.de\\\/bucuresti\\\/wp-content\\\/uploads\\\/siodjcyotms-1.jpg\",\"keywords\":[\"fptr\",\"litoralul pentr toti\",\"tarife\"],\"articleSection\":[\"\u0218tiri\"],\"inLanguage\":\"en-GB\",\"potentialAction\":[{\"@type\":\"CommentAction\",\"name\":\"Comment\",\"target\":[\"https:\\\/\\\/buletin.de\\\/bucuresti\\\/bucurestenii-pot-merge-la-mare-prin-programul-litoralul-pentru-toti\\\/#respond\"]}],\"copyrightYear\":\"2023\",\"copyrightHolder\":{\"@id\":\"https:\\\/\\\/buletin.de\\\/bucuresti\\\/#organization\"}},{\"@type\":\"WebPage\",\"@id\":\"https:\\\/\\\/buletin.de\\\/bucuresti\\\/bucurestenii-pot-merge-la-mare-prin-programul-litoralul-pentru-toti\\\/\",\"url\":\"https:\\\/\\\/buletin.de\\\/bucuresti\\\/bucurestenii-pot-merge-la-mare-prin-programul-litoralul-pentru-toti\\\/\",\"name\":\"Bucure\u015ftenii pot merge la mare prin programul \u201eLitoralul pentru to\u0163i\u201d - Buletin de Bucure\u0219ti\",\"isPartOf\":{\"@id\":\"https:\\\/\\\/buletin.de\\\/bucuresti\\\/#website\"},\"primaryImageOfPage\":{\"@id\":\"https:\\\/\\\/buletin.de\\\/bucuresti\\\/bucurestenii-pot-merge-la-mare-prin-programul-litoralul-pentru-toti\\\/#primaryimage\"},\"image\":{\"@id\":\"https:\\\/\\\/buletin.de\\\/bucuresti\\\/bucurestenii-pot-merge-la-mare-prin-programul-litoralul-pentru-toti\\\/#primaryimage\"},\"thumbnailUrl\":\"https:\\\/\\\/buletin.de\\\/bucuresti\\\/wp-content\\\/uploads\\\/siodjcyotms-1.jpg\",\"datePublished\":\"2023-08-22T05:19:28+00:00\",\"breadcrumb\":{\"@id\":\"https:\\\/\\\/buletin.de\\\/bucuresti\\\/bucurestenii-pot-merge-la-mare-prin-programul-litoralul-pentru-toti\\\/#breadcrumb\"},\"inLanguage\":\"en-GB\",\"potentialAction\":[{\"@type\":\"ReadAction\",\"target\":[\"https:\\\/\\\/buletin.de\\\/bucuresti\\\/bucurestenii-pot-merge-la-mare-prin-programul-litoralul-pentru-toti\\\/\"]}]},{\"@type\":\"ImageObject\",\"inLanguage\":\"en-GB\",\"@id\":\"https:\\\/\\\/buletin.de\\\/bucuresti\\\/bucurestenii-pot-merge-la-mare-prin-programul-litoralul-pentru-toti\\\/#primaryimage\",\"url\":\"https:\\\/\\\/buletin.de\\\/bucuresti\\\/wp-content\\\/uploads\\\/siodjcyotms-1.jpg\",\"contentUrl\":\"https:\\\/\\\/buletin.de\\\/bucuresti\\\/wp-content\\\/uploads\\\/siodjcyotms-1.jpg\",\"width\":1600,\"height\":1067,\"caption\":\"man, woman and child holding hands on seashore\"},{\"@type\":\"BreadcrumbList\",\"@id\":\"https:\\\/\\\/buletin.de\\\/bucuresti\\\/bucurestenii-pot-merge-la-mare-prin-programul-litoralul-pentru-toti\\\/#breadcrumb\",\"itemListElement\":[{\"@type\":\"ListItem\",\"position\":1,\"name\":\"Acas\u0103\",\"item\":\"https:\\\/\\\/buletin.de\\\/bucuresti\\\/\"},{\"@type\":\"ListItem\",\"position\":2,\"name\":\"Bucure\u015ftenii pot merge la mare prin programul \u201eLitoralul pentru to\u0163i\u201d\"}]},{\"@type\":\"WebSite\",\"@id\":\"https:\\\/\\\/buletin.de\\\/bucuresti\\\/#website\",\"url\":\"https:\\\/\\\/buletin.de\\\/bucuresti\\\/\",\"name\":\"Buletin de Bucure\u0219ti\",\"description\":\"\u0218tiri \u0219i investiga\u021bii esen\u021biale din capital\u0103\",\"publisher\":{\"@id\":\"https:\\\/\\\/buletin.de\\\/bucuresti\\\/#organization\"},\"potentialAction\":[{\"@type\":\"SearchAction\",\"target\":{\"@type\":\"EntryPoint\",\"urlTemplate\":\"https:\\\/\\\/buletin.de\\\/bucuresti\\\/?s={search_term_string}\"},\"query-input\":{\"@type\":\"PropertyValueSpecification\",\"valueRequired\":true,\"valueName\":\"search_term_string\"}}],\"inLanguage\":\"en-GB\"},{\"@type\":\"Organization\",\"@id\":\"https:\\\/\\\/buletin.de\\\/bucuresti\\\/#organization\",\"name\":\"Buletin de Bucure\u0219ti\",\"url\":\"https:\\\/\\\/buletin.de\\\/bucuresti\\\/\",\"logo\":{\"@type\":\"ImageObject\",\"inLanguage\":\"en-GB\",\"@id\":\"https:\\\/\\\/buletin.de\\\/bucuresti\\\/#\\\/schema\\\/logo\\\/image\\\/\",\"url\":\"https:\\\/\\\/buletin.de\\\/bucuresti\\\/wp-content\\\/uploads\\\/logo-bdb-full-wide-vernil-transparent.png\",\"contentUrl\":\"https:\\\/\\\/buletin.de\\\/bucuresti\\\/wp-content\\\/uploads\\\/logo-bdb-full-wide-vernil-transparent.png\",\"width\":1782,\"height\":626,\"caption\":\"Buletin de Bucure\u0219ti\"},\"image\":{\"@id\":\"https:\\\/\\\/buletin.de\\\/bucuresti\\\/#\\\/schema\\\/logo\\\/image\\\/\"},\"sameAs\":[\"https:\\\/\\\/www.facebook.com\\\/buletin.de.buc\",\"https:\\\/\\\/www.instagram.com\\\/buletinde.bucuresti\\\/\"]},{\"@type\":\"Person\",\"@id\":\"https:\\\/\\\/buletin.de\\\/bucuresti\\\/#\\\/schema\\\/person\\\/7e46040573290777280a0835d81ea4ea\",\"name\":\"Diana Matei\",\"image\":{\"@type\":\"ImageObject\",\"inLanguage\":\"en-GB\",\"@id\":\"https:\\\/\\\/buletin.de\\\/bucuresti\\\/wp-content\\\/uploads\\\/9-2-96x96.jpg1e8590b30871d70e62ebcdaf2eff570c\",\"url\":\"https:\\\/\\\/buletin.de\\\/bucuresti\\\/wp-content\\\/uploads\\\/9-2-96x96.jpg\",\"contentUrl\":\"https:\\\/\\\/buletin.de\\\/bucuresti\\\/wp-content\\\/uploads\\\/9-2-96x96.jpg\",\"caption\":\"Diana Matei\"},\"url\":\"https:\\\/\\\/buletin.de\\\/bucuresti\\\/author\\\/dianamatei\\\/\"}]}<\/script>\n<!-- \/ Yoast SEO Premium plugin. -->","yoast_head_json":{"title":"Bucure\u015ftenii pot merge la mare prin programul \u201eLitoralul pentru to\u0163i\u201d - Buletin de Bucure\u0219ti","robots":{"index":"index","follow":"follow","max-snippet":"max-snippet:-1","max-image-preview":"max-image-preview:large","max-video-preview":"max-video-preview:-1"},"canonical":"https:\/\/buletin.de\/bucuresti\/bucurestenii-pot-merge-la-mare-prin-programul-litoralul-pentru-toti\/","og_locale":"en_GB","og_type":"article","og_title":"Bucure\u015ftenii pot merge la mare prin programul \u201eLitoralul pentru to\u0163i\u201d","og_description":"Federa\u0163ia Patronatelor din Turismul Rom\u00e2nesc lanseaz\u0103 pe 1 septembrie o nou\u0103 edi\u0163ie a programului \u201eLitoralul pentru to\u0163i\u201d. Pre\u0163urile sunt cu p\u00e2n\u0103 la 70% mai mici fa\u0163\u0103 de cele din v\u00e2rful sezonului. Programul \u201eLitoralul pentru to\u0163i\u201d a ajuns la edi\u0163ia cu num\u0103rul 42 \u015fi se deruleaz\u0103 \u00een perioada 1 \u2013 30 septembrie. \u00cen cadrul acestui program, [&hellip;]","og_url":"https:\/\/buletin.de\/bucuresti\/bucurestenii-pot-merge-la-mare-prin-programul-litoralul-pentru-toti\/","og_site_name":"Buletin de Bucure\u0219ti","article_publisher":"https:\/\/www.facebook.com\/buletin.de.buc","article_published_time":"2023-08-22T05:19:28+00:00","og_image":[{"width":1600,"height":1067,"url":"https:\/\/buletin.de\/bucuresti\/wp-content\/uploads\/siodjcyotms-1.jpg","type":"image\/jpeg"}],"author":"Diana Matei","twitter_card":"summary_large_image","twitter_misc":{"Written by":"Diana Matei","Estimated reading time":"1 minute"},"schema":{"@context":"https:\/\/schema.org","@graph":[{"@type":"Article","@id":"https:\/\/buletin.de\/bucuresti\/bucurestenii-pot-merge-la-mare-prin-programul-litoralul-pentru-toti\/#article","isPartOf":{"@id":"https:\/\/buletin.de\/bucuresti\/bucurestenii-pot-merge-la-mare-prin-programul-litoralul-pentru-toti\/"},"author":{"name":"Diana Matei","@id":"https:\/\/buletin.de\/bucuresti\/#\/schema\/person\/7e46040573290777280a0835d81ea4ea"},"headline":"Bucure\u015ftenii pot merge la mare prin programul \u201eLitoralul pentru to\u0163i\u201d","datePublished":"2023-08-22T05:19:28+00:00","mainEntityOfPage":{"@id":"https:\/\/buletin.de\/bucuresti\/bucurestenii-pot-merge-la-mare-prin-programul-litoralul-pentru-toti\/"},"wordCount":225,"commentCount":0,"publisher":{"@id":"https:\/\/buletin.de\/bucuresti\/#organization"},"image":{"@id":"https:\/\/buletin.de\/bucuresti\/bucurestenii-pot-merge-la-mare-prin-programul-litoralul-pentru-toti\/#primaryimage"},"thumbnailUrl":"https:\/\/buletin.de\/bucuresti\/wp-content\/uploads\/siodjcyotms-1.jpg","keywords":["fptr","litoralul pentr toti","tarife"],"articleSection":["\u0218tiri"],"inLanguage":"en-GB","potentialAction":[{"@type":"CommentAction","name":"Comment","target":["https:\/\/buletin.de\/bucuresti\/bucurestenii-pot-merge-la-mare-prin-programul-litoralul-pentru-toti\/#respond"]}],"copyrightYear":"2023","copyrightHolder":{"@id":"https:\/\/buletin.de\/bucuresti\/#organization"}},{"@type":"WebPage","@id":"https:\/\/buletin.de\/bucuresti\/bucurestenii-pot-merge-la-mare-prin-programul-litoralul-pentru-toti\/","url":"https:\/\/buletin.de\/bucuresti\/bucurestenii-pot-merge-la-mare-prin-programul-litoralul-pentru-toti\/","name":"Bucure\u015ftenii pot merge la mare prin programul \u201eLitoralul pentru to\u0163i\u201d - Buletin de Bucure\u0219ti","isPartOf":{"@id":"https:\/\/buletin.de\/bucuresti\/#website"},"primaryImageOfPage":{"@id":"https:\/\/buletin.de\/bucuresti\/bucurestenii-pot-merge-la-mare-prin-programul-litoralul-pentru-toti\/#primaryimage"},"image":{"@id":"https:\/\/buletin.de\/bucuresti\/bucurestenii-pot-merge-la-mare-prin-programul-litoralul-pentru-toti\/#primaryimage"},"thumbnailUrl":"https:\/\/buletin.de\/bucuresti\/wp-content\/uploads\/siodjcyotms-1.jpg","datePublished":"2023-08-22T05:19:28+00:00","breadcrumb":{"@id":"https:\/\/buletin.de\/bucuresti\/bucurestenii-pot-merge-la-mare-prin-programul-litoralul-pentru-toti\/#breadcrumb"},"inLanguage":"en-GB","potentialAction":[{"@type":"ReadAction","target":["https:\/\/buletin.de\/bucuresti\/bucurestenii-pot-merge-la-mare-prin-programul-litoralul-pentru-toti\/"]}]},{"@type":"ImageObject","inLanguage":"en-GB","@id":"https:\/\/buletin.de\/bucuresti\/bucurestenii-pot-merge-la-mare-prin-programul-litoralul-pentru-toti\/#primaryimage","url":"https:\/\/buletin.de\/bucuresti\/wp-content\/uploads\/siodjcyotms-1.jpg","contentUrl":"https:\/\/buletin.de\/bucuresti\/wp-content\/uploads\/siodjcyotms-1.jpg","width":1600,"height":1067,"caption":"man, woman and child holding hands on seashore"},{"@type":"BreadcrumbList","@id":"https:\/\/buletin.de\/bucuresti\/bucurestenii-pot-merge-la-mare-prin-programul-litoralul-pentru-toti\/#breadcrumb","itemListElement":[{"@type":"ListItem","position":1,"name":"Acas\u0103","item":"https:\/\/buletin.de\/bucuresti\/"},{"@type":"ListItem","position":2,"name":"Bucure\u015ftenii pot merge la mare prin programul \u201eLitoralul pentru to\u0163i\u201d"}]},{"@type":"WebSite","@id":"https:\/\/buletin.de\/bucuresti\/#website","url":"https:\/\/buletin.de\/bucuresti\/","name":"Buletin de Bucure\u0219ti","description":"\u0218tiri \u0219i investiga\u021bii esen\u021biale din capital\u0103","publisher":{"@id":"https:\/\/buletin.de\/bucuresti\/#organization"},"potentialAction":[{"@type":"SearchAction","target":{"@type":"EntryPoint","urlTemplate":"https:\/\/buletin.de\/bucuresti\/?s={search_term_string}"},"query-input":{"@type":"PropertyValueSpecification","valueRequired":true,"valueName":"search_term_string"}}],"inLanguage":"en-GB"},{"@type":"Organization","@id":"https:\/\/buletin.de\/bucuresti\/#organization","name":"Buletin de Bucure\u0219ti","url":"https:\/\/buletin.de\/bucuresti\/","logo":{"@type":"ImageObject","inLanguage":"en-GB","@id":"https:\/\/buletin.de\/bucuresti\/#\/schema\/logo\/image\/","url":"https:\/\/buletin.de\/bucuresti\/wp-content\/uploads\/logo-bdb-full-wide-vernil-transparent.png","contentUrl":"https:\/\/buletin.de\/bucuresti\/wp-content\/uploads\/logo-bdb-full-wide-vernil-transparent.png","width":1782,"height":626,"caption":"Buletin de Bucure\u0219ti"},"image":{"@id":"https:\/\/buletin.de\/bucuresti\/#\/schema\/logo\/image\/"},"sameAs":["https:\/\/www.facebook.com\/buletin.de.buc","https:\/\/www.instagram.com\/buletinde.bucuresti\/"]},{"@type":"Person","@id":"https:\/\/buletin.de\/bucuresti\/#\/schema\/person\/7e46040573290777280a0835d81ea4ea","name":"Diana Matei","image":{"@type":"ImageObject","inLanguage":"en-GB","@id":"https:\/\/buletin.de\/bucuresti\/wp-content\/uploads\/9-2-96x96.jpg1e8590b30871d70e62ebcdaf2eff570c","url":"https:\/\/buletin.de\/bucuresti\/wp-content\/uploads\/9-2-96x96.jpg","contentUrl":"https:\/\/buletin.de\/bucuresti\/wp-content\/uploads\/9-2-96x96.jpg","caption":"Diana Matei"},"url":"https:\/\/buletin.de\/bucuresti\/author\/dianamatei\/"}]}},"authors":[{"term_id":22574,"user_id":49,"is_guest":0,"slug":"dianamatei","display_name":"Diana Matei","avatar_url":"https:\/\/buletin.de\/bucuresti\/wp-content\/uploads\/9-2-96x96.jpg","0":null,"1":"","2":"","3":"","4":"","5":"","6":"","7":"","8":""}],"_links":{"self":[{"href":"https:\/\/buletin.de\/bucuresti\/wp-json\/wp\/v2\/posts\/62034","targetHints":{"allow":["GET"]}}],"collection":[{"href":"https:\/\/buletin.de\/bucuresti\/wp-json\/wp\/v2\/posts"}],"about":[{"href":"https:\/\/buletin.de\/bucuresti\/wp-json\/wp\/v2\/types\/post"}],"author":[{"embeddable":true,"href":"https:\/\/buletin.de\/bucuresti\/wp-json\/wp\/v2\/users\/49"}],"replies":[{"embeddable":true,"href":"https:\/\/buletin.de\/bucuresti\/wp-json\/wp\/v2\/comments?post=62034"}],"version-history":[{"count":0,"href":"https:\/\/buletin.de\/bucuresti\/wp-json\/wp\/v2\/posts\/62034\/revisions"}],"wp:featuredmedia":[{"embeddable":true,"href":"https:\/\/buletin.de\/bucuresti\/wp-json\/wp\/v2\/media\/62035"}],"wp:attachment":[{"href":"https:\/\/buletin.de\/bucuresti\/wp-json\/wp\/v2\/media?parent=62034"}],"wp:term":[{"taxonomy":"category","embeddable":true,"href":"https:\/\/buletin.de\/bucuresti\/wp-json\/wp\/v2\/categories?post=62034"},{"taxonomy":"post_tag","embeddable":true,"href":"https:\/\/buletin.de\/bucuresti\/wp-json\/wp\/v2\/tags?post=62034"},{"taxonomy":"author","embeddable":true,"href":"https:\/\/buletin.de\/bucuresti\/wp-json\/wp\/v2\/ppma_author?post=62034"}],"curies":[{"name":"wp","href":"https:\/\/api.w.org\/{rel}","templated":true}]}}