{"id":61864,"date":"2023-08-11T11:32:55","date_gmt":"2023-08-11T09:32:55","guid":{"rendered":"https:\/\/buletin.de\/bucuresti\/promenada-urbana-revine-pe-calea-victoriei-in-week-end\/"},"modified":"2023-08-11T11:32:55","modified_gmt":"2023-08-11T09:32:55","slug":"promenada-urbana-revine-pe-calea-victoriei-in-week-end","status":"publish","type":"post","link":"https:\/\/buletin.de\/bucuresti\/promenada-urbana-revine-pe-calea-victoriei-in-week-end\/","title":{"rendered":"Promenada urban\u0103 revine pe Calea Victoriei, \u00een week-end"},"content":{"rendered":"\n<p><strong>\u00cen weekendul 12-13 august, traseul pietonal de pe Calea Victoriei g\u0103zduie\u0219te \u201eStr\u0103zi Deschise \u2013 Bucure\u0219ti, Promenad\u0103 urban\u0103\u201d. Pe parcursul celor dou\u0103 zile, participan\u021bii vor putea lua parte la miniconcerte, demonstra\u021bii de street dance dar \u0219i la spectacole de teatru pentru toate categoriile de v\u00e2rst\u0103.&nbsp;<\/strong><\/p>\n\n\n\n<p>Proiectul este organizat de Prim\u0103ria Capitalei, prin Direc\u021bia Cultur\u0103, \u00cenv\u0103\u021b\u0103m\u00e2nt, Turism a Municipiului Bucure\u0219ti, al\u0103turi de ARCUB \u2013 Centrul Cultural al Municipiului Bucure\u0219ti \u0219i PROEDUS \u2013 Centrul de Proiecte Educa\u021bionale \u0219i Sportive al Municipiului Bucure\u0219ti.<\/p>\n\n\n\n<p><strong>S\u00c2MB\u0102T\u0102, 12 AUGUST 2023<\/strong><\/p>\n\n\n\n<p><strong>Calea Victoriei \u2013 Muzeul Municipiului Bucure\u0219ti \u2013 Casa Filipescu-Cesianu<\/strong><\/p>\n\n\n\n<p>10:00 \u2013 17:30: <strong>\u201eMuzeul V\u00e2rstelor \u2013 de la copil\u0103rie la senectute\u201d <\/strong>\/\/<strong> \u201e\u00cen apropierea sfin\u021bilor. Frescele M\u0103n\u0103stirii V\u0103c\u0103re\u0219ti dup\u0103 40 de ani\u201d <\/strong>\/\/<strong> \u201ePovestea unei biserici de mahala. Sf. Nicolae-Udricani\u201d<\/strong> \u2013 <em>expozi\u021bii <\/em>(Muzeul Municipiului Bucure\u0219ti)<\/p>\n\n\n\n<p><strong>Traseu Calea Victoriei \u2013 Pia\u021ba Victoriei \u2013 Ateneul Rom\u00e2n&nbsp;<\/strong><\/p>\n\n\n\n<p>17:00 \u2013 19:30 <strong>\u201eExplorare urban\u0103 prin obiectivul aparatului foto\u201d<\/strong> \u2013 Cristian Octavian Pavel<\/p>\n\n\n\n<p><strong>Calea Victoriei \u2013 zona Cercul Militar&nbsp;<\/strong><\/p>\n\n\n\n<p>17:00 \u2013 21:00 <strong>\u201eParagon Street Beat\u201d<\/strong> \u2013 serie de miniconcerte de muzic\u0103 pop, pop-rock, hip-hop, jazz, pop-jazz, funk (Paragon Music Festival)<\/p>\n\n\n\n<p><strong>Calea Victoriei \u2013 trotuarul din fa\u021ba Parcului \u201eNicolae Iorga\u201d&nbsp;<\/strong><\/p>\n\n\n\n<p>18:00 \u2013 20:00: <strong>\u201eO scrisoare pierdut\u0103\u201d<\/strong> \u2013 spectacol-lectur\u0103 interactiv <\/p>\n\n\n\n<p><strong>Calea Victoriei \u2013 zona Muzeul Na\u021bional de Istorie a Rom\u00e2niei<\/strong><\/p>\n\n\n\n<p>17:30\u201318:20 \/\/ 18:30\u201319:20 \/\/ 19:30\u201320:20 \u2013 <strong>\u201eRom\u00e2ni la por\u021bile lumii\u201d <\/strong>\u2013<strong> partea I <\/strong>\u2013spectacol de teatru (Teatrul Masca)<\/p>\n\n\n\n<p><strong>Sectorul 4 \u2013 Strada Cuza Vod\u0103 nr. 100<\/strong><\/p>\n\n\n\n<p>10:30 \u2013 21:30 <strong>Mixajul artelor<\/strong> \u2013 expozi\u021bie de art\u0103 decorativ\u0103 <\/p>\n\n\n\n<p>10:30 \u2013 21:30 <strong>\u201eRo\u0219u-Verde\u201d<\/strong> \u2013 expozi\u021bie de pictur\u0103 <\/p>\n\n\n\n<p>10:30 \u2013 21:30 <strong>Expozi\u021bie de grafic\u0103 <\/strong> <\/p>\n\n\n\n<p>10:30 \u2013 21:30 <strong>Art Nouveaux \u2013 de la decorativ la func\u021bional <\/strong>\u2013<em> <\/em>expozi\u021bie de design vestimentar <\/p>\n\n\n\n<p>10:30 \u2013 21:30 <strong>Art Nouveaux \u2013 de la decorativ la func\u021bional <\/strong>\u2013 expozi\u021bie de decora\u021biuni interioare <\/p>\n\n\n\n<p>10:30 \u2013 21:30 <strong>Expozi\u021bie de iconografie<\/strong> <\/p>\n\n\n\n<p><strong>DUMINIC\u0102, 13 AUGUST 2023<\/strong><\/p>\n\n\n\n<p><strong>Calea Victoriei \u2013 Muzeul Municipiului Bucure\u0219ti \u2013 Casa Filipescu-Cesianu<\/strong><\/p>\n\n\n\n<p>10:00 \u2013 17:30: <strong>\u201eMuzeul V\u00e2rstelor \u2013 de la copil\u0103rie la senectute\u201d<\/strong> \/\/ <strong>\u201e\u00cen apropierea sfin\u021bilor. Frescele M\u0103n\u0103stirii V\u0103c\u0103re\u0219ti dup\u0103 40 de ani\u201d<\/strong> \/\/ <strong>\u201ePovestea unei biserici de mahala. Sf. Nicolae-Udricani\u201d<\/strong> \u2013 <em>expozi\u021bii <\/em>(Muzeul Municipiului Bucure\u0219ti)<\/p>\n\n\n\n<p><strong>Calea Victoriei \u2013 trotuarul din fa\u021ba Parcului \u201eNicolae Iorga\u201d&nbsp;<\/strong><\/p>\n\n\n\n<p>18:00 \u2013 20:00: <strong>\u201eD\u2019ale carnavalului\u201d<\/strong> \u2013<em> spectacol-lectur\u0103 interactiv <\/em><\/p>\n\n\n\n<p><strong>Calea Victoriei \u2013 zona Biserica Kretzulescu<\/strong><\/p>\n\n\n\n<p>19:30 \u2013 20:30: <strong>\u201eStreet Dance Show\u201d<\/strong> (Asocia\u021bia Challenge Arts)<\/p>\n\n\n\n<p><strong>Calea Victoriei \u2013 zona Muzeul Na\u021bional de Istorie a Rom\u00e2niei<\/strong><\/p>\n\n\n\n<p>17:30\u201318:20 \/\/ 18:30\u201319:20 \/\/ 19:30\u201320:20 \u2013 <strong>\u201eRom\u00e2ni la por\u021bile lumii\u201d <\/strong>\u2013<strong> partea a II-a<\/strong> \u2013<em> <\/em>spectacol de teatru (Teatrul Masca) <\/p>\n\n\n\n<p><strong>Sectorul 4 \u2013 Strada Cuza Vod\u0103 nr. 100<\/strong><\/p>\n\n\n\n<p>10:30 \u2013 21:30 <strong>Mixajul artelor <\/strong>\u2013 expozi\u021bie de art\u0103 decorativ\u0103 <em> <\/em><\/p>\n\n\n\n<p>10:30 \u2013 21:30 <strong>\u201eRo\u0219u-Verde\u201d<\/strong> <em>\u2013 expozi\u021bie de pictur\u0103 <\/em> <\/p>\n\n\n\n<p>10:30 \u2013 21:30 <strong>Expozi\u021bie de grafic\u0103 <\/strong> <\/p>\n\n\n\n<p>10:30 \u2013 21:30 <strong>Art Nouveaux \u2013 de la decorativ la func\u021bional<\/strong> \u2013<em> <\/em>expozi\u021bie de design vestimentar  <\/p>\n\n\n\n<p>10:30 \u2013 21:30 <strong>Art Nouveaux \u2013 de la decorativ la func\u021bional<\/strong> \u2013 expozi\u021bie de decora\u021biuni interioare   <\/p>\n\n\n\n<p>10:30 \u2013 21:30 <strong>Expozi\u021bie de iconografie<\/strong> <\/p>\n\n\n\n<p>\u00cen weekendul 12-13 august 2023, pe durata restric\u021biilor instituite, se va permite traversarea pe Calea Victoriei, pe strada Sevastopol, strada Gheorghe Manu, Bulevardul Dacia, strada Ion C\u00e2mpineanu, bulevardul Regina Elisabeta, strada \u0218tirbei Vod\u0103 \u00eentre Calea Victoriei \u0219i Dem. I. Dobrescu. Traficul Societ\u0103\u021bii de Transport Bucure\u0219ti va fi deviat, f\u0103r\u0103 afectarea c\u0103l\u0103torilor.<\/p>\n\n\n\n<p>Se va permite accesul riveranilor c\u0103tre domiciliu, precum \u0219i c\u0103tre unit\u0103\u021bile economice din zon\u0103 conform indicatoarelor montate temporar pe durata restric\u021biilor pe urm\u0103toarele str\u0103zi: strada Frumoas\u0103 \u00eentre strada Sevastopol \u0219i Calea Victoriei, strada Gina Patrichi \u00eentre bulevardul Lasc\u0103r Catargiu \u0219i Calea Victoriei, Calea Grivi\u021bei \u00eentre strada Constantin Budi\u0219teanu \u0219i Calea Victoriei, cu men\u021biunea c\u0103 accesul auto al riveranilor va fi redirec\u021bionat c\u0103tre aleea din fa\u021ba Palatului \u0218tirbei, apoi c\u0103tre strada Banului.<\/p>\n\n\n\n<p>Traficul rutier pe Calea Victoriei se reia pe timpul nop\u021bii p\u00e2n\u0103 diminea\u021ba (\u00een ziua de s\u00e2mb\u0103t\u0103 spre duminic\u0103), \u00eencep\u00e2nd de la ora 22:00 p\u00e2n\u0103 la ora 09:00 iar pe arterele pe care nu mai circul\u0103 ma\u0219ini se \u00eenchid \u0219i pistele de biciclete.<\/p>\n\n\n\n<p><\/p>\n","protected":false},"excerpt":{"rendered":"<p>\u00cen weekendul 12-13 august, traseul pietonal de pe Calea Victoriei g\u0103zduie\u0219te \u201eStr\u0103zi Deschise \u2013 Bucure\u0219ti, Promenad\u0103 urban\u0103\u201d. Pe parcursul celor dou\u0103 zile, participan\u021bii vor putea lua parte la miniconcerte, demonstra\u021bii de street dance dar \u0219i la spectacole de teatru pentru toate categoriile de v\u00e2rst\u0103.&nbsp; Proiectul este organizat de Prim\u0103ria Capitalei, prin Direc\u021bia Cultur\u0103, \u00cenv\u0103\u021b\u0103m\u00e2nt, Turism [&hellip;]<\/p>\n","protected":false},"author":49,"featured_media":61865,"comment_status":"open","ping_status":"open","sticky":false,"template":"","format":"standard","meta":{"_acf_changed":false,"inline_featured_image":false,"ngg_post_thumbnail":0,"footnotes":""},"categories":[62],"tags":[4419,6101,2794],"ppma_author":[22574],"class_list":["post-61864","post","type-post","status-publish","format-standard","has-post-thumbnail","hentry","category-stiri","tag-calea-victoriei","tag-promenada-urbana","tag-strazi-deschise"],"acf":[],"yoast_head":"<!-- This site is optimized with the Yoast SEO Premium plugin v25.3 (Yoast SEO v27.4) - https:\/\/yoast.com\/product\/yoast-seo-premium-wordpress\/ -->\n<title>Promenada urban\u0103 revine pe Calea Victoriei, \u00een week-end - Buletin de Bucure\u0219ti<\/title>\n<meta name=\"robots\" content=\"index, follow, max-snippet:-1, max-image-preview:large, max-video-preview:-1\" \/>\n<link rel=\"canonical\" href=\"https:\/\/buletin.de\/bucuresti\/promenada-urbana-revine-pe-calea-victoriei-in-week-end\/\" \/>\n<meta property=\"og:locale\" content=\"en_GB\" \/>\n<meta property=\"og:type\" content=\"article\" \/>\n<meta property=\"og:title\" content=\"Promenada urban\u0103 revine pe Calea Victoriei, \u00een week-end\" \/>\n<meta property=\"og:description\" content=\"\u00cen weekendul 12-13 august, traseul pietonal de pe Calea Victoriei g\u0103zduie\u0219te \u201eStr\u0103zi Deschise \u2013 Bucure\u0219ti, Promenad\u0103 urban\u0103\u201d. Pe parcursul celor dou\u0103 zile, participan\u021bii vor putea lua parte la miniconcerte, demonstra\u021bii de street dance dar \u0219i la spectacole de teatru pentru toate categoriile de v\u00e2rst\u0103.&nbsp; Proiectul este organizat de Prim\u0103ria Capitalei, prin Direc\u021bia Cultur\u0103, \u00cenv\u0103\u021b\u0103m\u00e2nt, Turism [&hellip;]\" \/>\n<meta property=\"og:url\" content=\"https:\/\/buletin.de\/bucuresti\/promenada-urbana-revine-pe-calea-victoriei-in-week-end\/\" \/>\n<meta property=\"og:site_name\" content=\"Buletin de Bucure\u0219ti\" \/>\n<meta property=\"article:publisher\" content=\"https:\/\/www.facebook.com\/buletin.de.buc\" \/>\n<meta property=\"article:published_time\" content=\"2023-08-11T09:32:55+00:00\" \/>\n<meta property=\"og:image\" content=\"https:\/\/buletin.de\/bucuresti\/wp-content\/uploads\/strazi-deschise.jpeg\" \/>\n\t<meta property=\"og:image:width\" content=\"2048\" \/>\n\t<meta property=\"og:image:height\" content=\"1365\" \/>\n\t<meta property=\"og:image:type\" content=\"image\/jpeg\" \/>\n<meta name=\"author\" content=\"Diana Matei\" \/>\n<meta name=\"twitter:card\" content=\"summary_large_image\" \/>\n<meta name=\"twitter:label1\" content=\"Written by\" \/>\n\t<meta name=\"twitter:data1\" content=\"Diana Matei\" \/>\n\t<meta name=\"twitter:label2\" content=\"Estimated reading time\" \/>\n\t<meta name=\"twitter:data2\" content=\"3 minutes\" \/>\n<script type=\"application\/ld+json\" class=\"yoast-schema-graph\">{\"@context\":\"https:\\\/\\\/schema.org\",\"@graph\":[{\"@type\":\"Article\",\"@id\":\"https:\\\/\\\/buletin.de\\\/bucuresti\\\/promenada-urbana-revine-pe-calea-victoriei-in-week-end\\\/#article\",\"isPartOf\":{\"@id\":\"https:\\\/\\\/buletin.de\\\/bucuresti\\\/promenada-urbana-revine-pe-calea-victoriei-in-week-end\\\/\"},\"author\":{\"name\":\"Diana Matei\",\"@id\":\"https:\\\/\\\/buletin.de\\\/bucuresti\\\/#\\\/schema\\\/person\\\/7e46040573290777280a0835d81ea4ea\"},\"headline\":\"Promenada urban\u0103 revine pe Calea Victoriei, \u00een week-end\",\"datePublished\":\"2023-08-11T09:32:55+00:00\",\"mainEntityOfPage\":{\"@id\":\"https:\\\/\\\/buletin.de\\\/bucuresti\\\/promenada-urbana-revine-pe-calea-victoriei-in-week-end\\\/\"},\"wordCount\":626,\"commentCount\":0,\"publisher\":{\"@id\":\"https:\\\/\\\/buletin.de\\\/bucuresti\\\/#organization\"},\"image\":{\"@id\":\"https:\\\/\\\/buletin.de\\\/bucuresti\\\/promenada-urbana-revine-pe-calea-victoriei-in-week-end\\\/#primaryimage\"},\"thumbnailUrl\":\"https:\\\/\\\/buletin.de\\\/bucuresti\\\/wp-content\\\/uploads\\\/strazi-deschise.jpeg\",\"keywords\":[\"calea victoriei\",\"promenada urbana\",\"strazi deschise\"],\"articleSection\":[\"\u0218tiri\"],\"inLanguage\":\"en-GB\",\"potentialAction\":[{\"@type\":\"CommentAction\",\"name\":\"Comment\",\"target\":[\"https:\\\/\\\/buletin.de\\\/bucuresti\\\/promenada-urbana-revine-pe-calea-victoriei-in-week-end\\\/#respond\"]}],\"copyrightYear\":\"2023\",\"copyrightHolder\":{\"@id\":\"https:\\\/\\\/buletin.de\\\/bucuresti\\\/#organization\"}},{\"@type\":\"WebPage\",\"@id\":\"https:\\\/\\\/buletin.de\\\/bucuresti\\\/promenada-urbana-revine-pe-calea-victoriei-in-week-end\\\/\",\"url\":\"https:\\\/\\\/buletin.de\\\/bucuresti\\\/promenada-urbana-revine-pe-calea-victoriei-in-week-end\\\/\",\"name\":\"Promenada urban\u0103 revine pe Calea Victoriei, \u00een week-end - Buletin de Bucure\u0219ti\",\"isPartOf\":{\"@id\":\"https:\\\/\\\/buletin.de\\\/bucuresti\\\/#website\"},\"primaryImageOfPage\":{\"@id\":\"https:\\\/\\\/buletin.de\\\/bucuresti\\\/promenada-urbana-revine-pe-calea-victoriei-in-week-end\\\/#primaryimage\"},\"image\":{\"@id\":\"https:\\\/\\\/buletin.de\\\/bucuresti\\\/promenada-urbana-revine-pe-calea-victoriei-in-week-end\\\/#primaryimage\"},\"thumbnailUrl\":\"https:\\\/\\\/buletin.de\\\/bucuresti\\\/wp-content\\\/uploads\\\/strazi-deschise.jpeg\",\"datePublished\":\"2023-08-11T09:32:55+00:00\",\"breadcrumb\":{\"@id\":\"https:\\\/\\\/buletin.de\\\/bucuresti\\\/promenada-urbana-revine-pe-calea-victoriei-in-week-end\\\/#breadcrumb\"},\"inLanguage\":\"en-GB\",\"potentialAction\":[{\"@type\":\"ReadAction\",\"target\":[\"https:\\\/\\\/buletin.de\\\/bucuresti\\\/promenada-urbana-revine-pe-calea-victoriei-in-week-end\\\/\"]}]},{\"@type\":\"ImageObject\",\"inLanguage\":\"en-GB\",\"@id\":\"https:\\\/\\\/buletin.de\\\/bucuresti\\\/promenada-urbana-revine-pe-calea-victoriei-in-week-end\\\/#primaryimage\",\"url\":\"https:\\\/\\\/buletin.de\\\/bucuresti\\\/wp-content\\\/uploads\\\/strazi-deschise.jpeg\",\"contentUrl\":\"https:\\\/\\\/buletin.de\\\/bucuresti\\\/wp-content\\\/uploads\\\/strazi-deschise.jpeg\",\"width\":2048,\"height\":1365},{\"@type\":\"BreadcrumbList\",\"@id\":\"https:\\\/\\\/buletin.de\\\/bucuresti\\\/promenada-urbana-revine-pe-calea-victoriei-in-week-end\\\/#breadcrumb\",\"itemListElement\":[{\"@type\":\"ListItem\",\"position\":1,\"name\":\"Acas\u0103\",\"item\":\"https:\\\/\\\/buletin.de\\\/bucuresti\\\/\"},{\"@type\":\"ListItem\",\"position\":2,\"name\":\"Promenada urban\u0103 revine pe Calea Victoriei, \u00een week-end\"}]},{\"@type\":\"WebSite\",\"@id\":\"https:\\\/\\\/buletin.de\\\/bucuresti\\\/#website\",\"url\":\"https:\\\/\\\/buletin.de\\\/bucuresti\\\/\",\"name\":\"Buletin de Bucure\u0219ti\",\"description\":\"\u0218tiri \u0219i investiga\u021bii esen\u021biale din capital\u0103\",\"publisher\":{\"@id\":\"https:\\\/\\\/buletin.de\\\/bucuresti\\\/#organization\"},\"potentialAction\":[{\"@type\":\"SearchAction\",\"target\":{\"@type\":\"EntryPoint\",\"urlTemplate\":\"https:\\\/\\\/buletin.de\\\/bucuresti\\\/?s={search_term_string}\"},\"query-input\":{\"@type\":\"PropertyValueSpecification\",\"valueRequired\":true,\"valueName\":\"search_term_string\"}}],\"inLanguage\":\"en-GB\"},{\"@type\":\"Organization\",\"@id\":\"https:\\\/\\\/buletin.de\\\/bucuresti\\\/#organization\",\"name\":\"Buletin de Bucure\u0219ti\",\"url\":\"https:\\\/\\\/buletin.de\\\/bucuresti\\\/\",\"logo\":{\"@type\":\"ImageObject\",\"inLanguage\":\"en-GB\",\"@id\":\"https:\\\/\\\/buletin.de\\\/bucuresti\\\/#\\\/schema\\\/logo\\\/image\\\/\",\"url\":\"https:\\\/\\\/buletin.de\\\/bucuresti\\\/wp-content\\\/uploads\\\/logo-bdb-full-wide-vernil-transparent.png\",\"contentUrl\":\"https:\\\/\\\/buletin.de\\\/bucuresti\\\/wp-content\\\/uploads\\\/logo-bdb-full-wide-vernil-transparent.png\",\"width\":1782,\"height\":626,\"caption\":\"Buletin de Bucure\u0219ti\"},\"image\":{\"@id\":\"https:\\\/\\\/buletin.de\\\/bucuresti\\\/#\\\/schema\\\/logo\\\/image\\\/\"},\"sameAs\":[\"https:\\\/\\\/www.facebook.com\\\/buletin.de.buc\",\"https:\\\/\\\/www.instagram.com\\\/buletinde.bucuresti\\\/\"]},{\"@type\":\"Person\",\"@id\":\"https:\\\/\\\/buletin.de\\\/bucuresti\\\/#\\\/schema\\\/person\\\/7e46040573290777280a0835d81ea4ea\",\"name\":\"Diana Matei\",\"image\":{\"@type\":\"ImageObject\",\"inLanguage\":\"en-GB\",\"@id\":\"https:\\\/\\\/buletin.de\\\/bucuresti\\\/wp-content\\\/uploads\\\/9-2-96x96.jpg1e8590b30871d70e62ebcdaf2eff570c\",\"url\":\"https:\\\/\\\/buletin.de\\\/bucuresti\\\/wp-content\\\/uploads\\\/9-2-96x96.jpg\",\"contentUrl\":\"https:\\\/\\\/buletin.de\\\/bucuresti\\\/wp-content\\\/uploads\\\/9-2-96x96.jpg\",\"caption\":\"Diana Matei\"},\"url\":\"https:\\\/\\\/buletin.de\\\/bucuresti\\\/author\\\/dianamatei\\\/\"}]}<\/script>\n<!-- \/ Yoast SEO Premium plugin. -->","yoast_head_json":{"title":"Promenada urban\u0103 revine pe Calea Victoriei, \u00een week-end - Buletin de Bucure\u0219ti","robots":{"index":"index","follow":"follow","max-snippet":"max-snippet:-1","max-image-preview":"max-image-preview:large","max-video-preview":"max-video-preview:-1"},"canonical":"https:\/\/buletin.de\/bucuresti\/promenada-urbana-revine-pe-calea-victoriei-in-week-end\/","og_locale":"en_GB","og_type":"article","og_title":"Promenada urban\u0103 revine pe Calea Victoriei, \u00een week-end","og_description":"\u00cen weekendul 12-13 august, traseul pietonal de pe Calea Victoriei g\u0103zduie\u0219te \u201eStr\u0103zi Deschise \u2013 Bucure\u0219ti, Promenad\u0103 urban\u0103\u201d. Pe parcursul celor dou\u0103 zile, participan\u021bii vor putea lua parte la miniconcerte, demonstra\u021bii de street dance dar \u0219i la spectacole de teatru pentru toate categoriile de v\u00e2rst\u0103.&nbsp; Proiectul este organizat de Prim\u0103ria Capitalei, prin Direc\u021bia Cultur\u0103, \u00cenv\u0103\u021b\u0103m\u00e2nt, Turism [&hellip;]","og_url":"https:\/\/buletin.de\/bucuresti\/promenada-urbana-revine-pe-calea-victoriei-in-week-end\/","og_site_name":"Buletin de Bucure\u0219ti","article_publisher":"https:\/\/www.facebook.com\/buletin.de.buc","article_published_time":"2023-08-11T09:32:55+00:00","og_image":[{"width":2048,"height":1365,"url":"https:\/\/buletin.de\/bucuresti\/wp-content\/uploads\/strazi-deschise.jpeg","type":"image\/jpeg"}],"author":"Diana Matei","twitter_card":"summary_large_image","twitter_misc":{"Written by":"Diana Matei","Estimated reading time":"3 minutes"},"schema":{"@context":"https:\/\/schema.org","@graph":[{"@type":"Article","@id":"https:\/\/buletin.de\/bucuresti\/promenada-urbana-revine-pe-calea-victoriei-in-week-end\/#article","isPartOf":{"@id":"https:\/\/buletin.de\/bucuresti\/promenada-urbana-revine-pe-calea-victoriei-in-week-end\/"},"author":{"name":"Diana Matei","@id":"https:\/\/buletin.de\/bucuresti\/#\/schema\/person\/7e46040573290777280a0835d81ea4ea"},"headline":"Promenada urban\u0103 revine pe Calea Victoriei, \u00een week-end","datePublished":"2023-08-11T09:32:55+00:00","mainEntityOfPage":{"@id":"https:\/\/buletin.de\/bucuresti\/promenada-urbana-revine-pe-calea-victoriei-in-week-end\/"},"wordCount":626,"commentCount":0,"publisher":{"@id":"https:\/\/buletin.de\/bucuresti\/#organization"},"image":{"@id":"https:\/\/buletin.de\/bucuresti\/promenada-urbana-revine-pe-calea-victoriei-in-week-end\/#primaryimage"},"thumbnailUrl":"https:\/\/buletin.de\/bucuresti\/wp-content\/uploads\/strazi-deschise.jpeg","keywords":["calea victoriei","promenada urbana","strazi deschise"],"articleSection":["\u0218tiri"],"inLanguage":"en-GB","potentialAction":[{"@type":"CommentAction","name":"Comment","target":["https:\/\/buletin.de\/bucuresti\/promenada-urbana-revine-pe-calea-victoriei-in-week-end\/#respond"]}],"copyrightYear":"2023","copyrightHolder":{"@id":"https:\/\/buletin.de\/bucuresti\/#organization"}},{"@type":"WebPage","@id":"https:\/\/buletin.de\/bucuresti\/promenada-urbana-revine-pe-calea-victoriei-in-week-end\/","url":"https:\/\/buletin.de\/bucuresti\/promenada-urbana-revine-pe-calea-victoriei-in-week-end\/","name":"Promenada urban\u0103 revine pe Calea Victoriei, \u00een week-end - Buletin de Bucure\u0219ti","isPartOf":{"@id":"https:\/\/buletin.de\/bucuresti\/#website"},"primaryImageOfPage":{"@id":"https:\/\/buletin.de\/bucuresti\/promenada-urbana-revine-pe-calea-victoriei-in-week-end\/#primaryimage"},"image":{"@id":"https:\/\/buletin.de\/bucuresti\/promenada-urbana-revine-pe-calea-victoriei-in-week-end\/#primaryimage"},"thumbnailUrl":"https:\/\/buletin.de\/bucuresti\/wp-content\/uploads\/strazi-deschise.jpeg","datePublished":"2023-08-11T09:32:55+00:00","breadcrumb":{"@id":"https:\/\/buletin.de\/bucuresti\/promenada-urbana-revine-pe-calea-victoriei-in-week-end\/#breadcrumb"},"inLanguage":"en-GB","potentialAction":[{"@type":"ReadAction","target":["https:\/\/buletin.de\/bucuresti\/promenada-urbana-revine-pe-calea-victoriei-in-week-end\/"]}]},{"@type":"ImageObject","inLanguage":"en-GB","@id":"https:\/\/buletin.de\/bucuresti\/promenada-urbana-revine-pe-calea-victoriei-in-week-end\/#primaryimage","url":"https:\/\/buletin.de\/bucuresti\/wp-content\/uploads\/strazi-deschise.jpeg","contentUrl":"https:\/\/buletin.de\/bucuresti\/wp-content\/uploads\/strazi-deschise.jpeg","width":2048,"height":1365},{"@type":"BreadcrumbList","@id":"https:\/\/buletin.de\/bucuresti\/promenada-urbana-revine-pe-calea-victoriei-in-week-end\/#breadcrumb","itemListElement":[{"@type":"ListItem","position":1,"name":"Acas\u0103","item":"https:\/\/buletin.de\/bucuresti\/"},{"@type":"ListItem","position":2,"name":"Promenada urban\u0103 revine pe Calea Victoriei, \u00een week-end"}]},{"@type":"WebSite","@id":"https:\/\/buletin.de\/bucuresti\/#website","url":"https:\/\/buletin.de\/bucuresti\/","name":"Buletin de Bucure\u0219ti","description":"\u0218tiri \u0219i investiga\u021bii esen\u021biale din capital\u0103","publisher":{"@id":"https:\/\/buletin.de\/bucuresti\/#organization"},"potentialAction":[{"@type":"SearchAction","target":{"@type":"EntryPoint","urlTemplate":"https:\/\/buletin.de\/bucuresti\/?s={search_term_string}"},"query-input":{"@type":"PropertyValueSpecification","valueRequired":true,"valueName":"search_term_string"}}],"inLanguage":"en-GB"},{"@type":"Organization","@id":"https:\/\/buletin.de\/bucuresti\/#organization","name":"Buletin de Bucure\u0219ti","url":"https:\/\/buletin.de\/bucuresti\/","logo":{"@type":"ImageObject","inLanguage":"en-GB","@id":"https:\/\/buletin.de\/bucuresti\/#\/schema\/logo\/image\/","url":"https:\/\/buletin.de\/bucuresti\/wp-content\/uploads\/logo-bdb-full-wide-vernil-transparent.png","contentUrl":"https:\/\/buletin.de\/bucuresti\/wp-content\/uploads\/logo-bdb-full-wide-vernil-transparent.png","width":1782,"height":626,"caption":"Buletin de Bucure\u0219ti"},"image":{"@id":"https:\/\/buletin.de\/bucuresti\/#\/schema\/logo\/image\/"},"sameAs":["https:\/\/www.facebook.com\/buletin.de.buc","https:\/\/www.instagram.com\/buletinde.bucuresti\/"]},{"@type":"Person","@id":"https:\/\/buletin.de\/bucuresti\/#\/schema\/person\/7e46040573290777280a0835d81ea4ea","name":"Diana Matei","image":{"@type":"ImageObject","inLanguage":"en-GB","@id":"https:\/\/buletin.de\/bucuresti\/wp-content\/uploads\/9-2-96x96.jpg1e8590b30871d70e62ebcdaf2eff570c","url":"https:\/\/buletin.de\/bucuresti\/wp-content\/uploads\/9-2-96x96.jpg","contentUrl":"https:\/\/buletin.de\/bucuresti\/wp-content\/uploads\/9-2-96x96.jpg","caption":"Diana Matei"},"url":"https:\/\/buletin.de\/bucuresti\/author\/dianamatei\/"}]}},"authors":[{"term_id":22574,"user_id":49,"is_guest":0,"slug":"dianamatei","display_name":"Diana Matei","avatar_url":"https:\/\/buletin.de\/bucuresti\/wp-content\/uploads\/9-2-96x96.jpg","0":null,"1":"","2":"","3":"","4":"","5":"","6":"","7":"","8":""}],"_links":{"self":[{"href":"https:\/\/buletin.de\/bucuresti\/wp-json\/wp\/v2\/posts\/61864","targetHints":{"allow":["GET"]}}],"collection":[{"href":"https:\/\/buletin.de\/bucuresti\/wp-json\/wp\/v2\/posts"}],"about":[{"href":"https:\/\/buletin.de\/bucuresti\/wp-json\/wp\/v2\/types\/post"}],"author":[{"embeddable":true,"href":"https:\/\/buletin.de\/bucuresti\/wp-json\/wp\/v2\/users\/49"}],"replies":[{"embeddable":true,"href":"https:\/\/buletin.de\/bucuresti\/wp-json\/wp\/v2\/comments?post=61864"}],"version-history":[{"count":0,"href":"https:\/\/buletin.de\/bucuresti\/wp-json\/wp\/v2\/posts\/61864\/revisions"}],"wp:featuredmedia":[{"embeddable":true,"href":"https:\/\/buletin.de\/bucuresti\/wp-json\/wp\/v2\/media\/61865"}],"wp:attachment":[{"href":"https:\/\/buletin.de\/bucuresti\/wp-json\/wp\/v2\/media?parent=61864"}],"wp:term":[{"taxonomy":"category","embeddable":true,"href":"https:\/\/buletin.de\/bucuresti\/wp-json\/wp\/v2\/categories?post=61864"},{"taxonomy":"post_tag","embeddable":true,"href":"https:\/\/buletin.de\/bucuresti\/wp-json\/wp\/v2\/tags?post=61864"},{"taxonomy":"author","embeddable":true,"href":"https:\/\/buletin.de\/bucuresti\/wp-json\/wp\/v2\/ppma_author?post=61864"}],"curies":[{"name":"wp","href":"https:\/\/api.w.org\/{rel}","templated":true}]}}