{"id":61838,"date":"2023-08-10T12:46:44","date_gmt":"2023-08-10T10:46:44","guid":{"rendered":"https:\/\/buletin.de\/bucuresti\/primaria-sectorului-1-modernizeaza-una-dintre-cele-mai-vechi-scoli-din-capitala\/"},"modified":"2023-08-10T12:46:44","modified_gmt":"2023-08-10T10:46:44","slug":"primaria-sectorului-1-modernizeaza-una-dintre-cele-mai-vechi-scoli-din-capitala","status":"publish","type":"post","link":"https:\/\/buletin.de\/bucuresti\/primaria-sectorului-1-modernizeaza-una-dintre-cele-mai-vechi-scoli-din-capitala\/","title":{"rendered":"Prim\u0103ria Sectorului 1 modernizeaz\u0103 una dintre cele mai vechi \u0219coli din Capital\u0103"},"content":{"rendered":"\n<p><strong>\u0218coala Gimnazial\u0103 nr. 6, una dintre cele mai vechi institu\u021bii de \u00eenv\u0103\u021b\u0103m\u00e2nt din capital\u0103 \u0219i din \u021bar\u0103, va beneficia de un nou imobil aflat pe bulevardul Apicultorilor nr.1.&nbsp;<\/strong><\/p>\n\n\n\n<p>Primarul Sectorului 1, Clotilde Armand, a anun\u021bat pe pagina sa de Facebook c\u0103 au \u00eenceput primele demersuri privind amenajarea imobilului de pe bulevardul Apicultorilor nr. 1, ce este reabilitat \u0219i modernizat pentru elevii de la \u0218coala Gimnazial\u0103 nr. 6. Cl\u0103direa a func\u021bionat timp de 18 ani drept c\u0103min de tranzit pentru persoanele f\u0103r\u0103 ad\u0103post. \u00cen acest an, prim\u0103ria a semnat contractul de proiectare \u0219i execu\u021bie, urm\u0103torul pas fiind \u00eenceperea lucr\u0103rilor de reabilitare a imobilului.&nbsp;<br><br>Lucr\u0103rile de refunc\u021bionare \u0219i modernizare a cl\u0103dirii vor cuprinde termoizolarea fa\u021badelor \u0219i acoperi\u0219urilor tip teras\u0103, refacerea sistemului de hidroizola\u021bie, instala\u021biile \u0219i finisajele interioare \u0219i exterioare. De asemenea, se vor compartimenta spa\u021biile interioare, se vor crea zone exterioare de recrea\u021bie acoperite \u0219i se va construi un teren de sport \u00een aer liber.<\/p>\n\n\n\n<p>\u00cen urma lucr\u0103rilor de compartimentare vor rezulta:&nbsp;<\/p>\n\n\n\n<ul class=\"wp-block-list\">\n<li>\u0219apte s\u0103li de clas\u0103 \u00eenv\u0103\u021b\u0103m\u00e2nt primar,&nbsp;<\/li>\n\n\n\n<li>un laborator de informatic\u0103,&nbsp;<\/li>\n\n\n\n<li>o bibliotec\u0103,&nbsp;<\/li>\n\n\n\n<li>dou\u0103 birouri,&nbsp;<\/li>\n\n\n\n<li>un&nbsp; secretariat,&nbsp;<\/li>\n\n\n\n<li>un cabinet medical (cu pat \u0219i grup sanitar),&nbsp;<\/li>\n\n\n\n<li>un cabinet consiliere,&nbsp;<\/li>\n\n\n\n<li>o cancelarie,&nbsp;<\/li>\n\n\n\n<li>o sal\u0103 de mese cu spa\u021biile adiacente,&nbsp;<\/li>\n\n\n\n<li>holuri,&nbsp;<\/li>\n\n\n\n<li>camera pentru Central\u0103 Termic\u0103,&nbsp;<\/li>\n\n\n\n<li>patru grupuri sanitare elevi (14 toalete fete, 13 toalete b\u0103ie\u021bi, 1 toalet\u0103 pentru persoane cu dizabilit\u0103\u021bi) \u0219i 1 grup sanitar pentru profesori.<br><\/li>\n<\/ul>\n\n\n\n<p>Foto: Pagina de Facebook Clotilde Armand&nbsp;<\/p>\n","protected":false},"excerpt":{"rendered":"<p>\u0218coala Gimnazial\u0103 nr. 6, una dintre cele mai vechi institu\u021bii de \u00eenv\u0103\u021b\u0103m\u00e2nt din capital\u0103 \u0219i din \u021bar\u0103, va beneficia de un nou imobil aflat pe bulevardul Apicultorilor nr.1.&nbsp; Primarul Sectorului 1, Clotilde Armand, a anun\u021bat pe pagina sa de Facebook c\u0103 au \u00eenceput primele demersuri privind amenajarea imobilului de pe bulevardul Apicultorilor nr. 1, ce [&hellip;]<\/p>\n","protected":false},"author":45,"featured_media":61839,"comment_status":"open","ping_status":"open","sticky":false,"template":"","format":"standard","meta":{"_acf_changed":false,"inline_featured_image":false,"ngg_post_thumbnail":0,"footnotes":""},"categories":[24,62],"tags":[1088,269,482],"ppma_author":[22604],"class_list":["post-61838","post","type-post","status-publish","format-standard","has-post-thumbnail","hentry","category-primarie","category-stiri","tag-modernizare","tag-primaria-sectorului-1","tag-scoala"],"acf":[],"yoast_head":"<!-- This site is optimized with the Yoast SEO Premium plugin v25.3 (Yoast SEO v27.5) - https:\/\/yoast.com\/product\/yoast-seo-premium-wordpress\/ -->\n<title>Prim\u0103ria Sectorului 1 modernizeaz\u0103 una dintre cele mai vechi \u0219coli din Capital\u0103 - Buletin de Bucure\u0219ti<\/title>\n<meta name=\"robots\" content=\"index, follow, max-snippet:-1, max-image-preview:large, max-video-preview:-1\" \/>\n<link rel=\"canonical\" href=\"https:\/\/buletin.de\/bucuresti\/primaria-sectorului-1-modernizeaza-una-dintre-cele-mai-vechi-scoli-din-capitala\/\" \/>\n<meta property=\"og:locale\" content=\"en_GB\" \/>\n<meta property=\"og:type\" content=\"article\" \/>\n<meta property=\"og:title\" content=\"Prim\u0103ria Sectorului 1 modernizeaz\u0103 una dintre cele mai vechi \u0219coli din Capital\u0103\" \/>\n<meta property=\"og:description\" content=\"\u0218coala Gimnazial\u0103 nr. 6, una dintre cele mai vechi institu\u021bii de \u00eenv\u0103\u021b\u0103m\u00e2nt din capital\u0103 \u0219i din \u021bar\u0103, va beneficia de un nou imobil aflat pe bulevardul Apicultorilor nr.1.&nbsp; Primarul Sectorului 1, Clotilde Armand, a anun\u021bat pe pagina sa de Facebook c\u0103 au \u00eenceput primele demersuri privind amenajarea imobilului de pe bulevardul Apicultorilor nr. 1, ce [&hellip;]\" \/>\n<meta property=\"og:url\" content=\"https:\/\/buletin.de\/bucuresti\/primaria-sectorului-1-modernizeaza-una-dintre-cele-mai-vechi-scoli-din-capitala\/\" \/>\n<meta property=\"og:site_name\" content=\"Buletin de Bucure\u0219ti\" \/>\n<meta property=\"article:publisher\" content=\"https:\/\/www.facebook.com\/buletin.de.buc\" \/>\n<meta property=\"article:published_time\" content=\"2023-08-10T10:46:44+00:00\" \/>\n<meta property=\"og:image\" content=\"https:\/\/buletin.de\/bucuresti\/wp-content\/uploads\/366737952_844751627016164_8920876607691254546_n.jpg\" \/>\n\t<meta property=\"og:image:width\" content=\"1024\" \/>\n\t<meta property=\"og:image:height\" content=\"455\" \/>\n\t<meta property=\"og:image:type\" content=\"image\/jpeg\" \/>\n<meta name=\"author\" content=\"Teodora \u0218uta\" \/>\n<meta name=\"twitter:card\" content=\"summary_large_image\" \/>\n<meta name=\"twitter:label1\" content=\"Written by\" \/>\n\t<meta name=\"twitter:data1\" content=\"Teodora \u0218uta\" \/>\n\t<meta name=\"twitter:label2\" content=\"Estimated reading time\" \/>\n\t<meta name=\"twitter:data2\" content=\"2 minutes\" \/>\n<script type=\"application\/ld+json\" class=\"yoast-schema-graph\">{\"@context\":\"https:\\\/\\\/schema.org\",\"@graph\":[{\"@type\":\"Article\",\"@id\":\"https:\\\/\\\/buletin.de\\\/bucuresti\\\/primaria-sectorului-1-modernizeaza-una-dintre-cele-mai-vechi-scoli-din-capitala\\\/#article\",\"isPartOf\":{\"@id\":\"https:\\\/\\\/buletin.de\\\/bucuresti\\\/primaria-sectorului-1-modernizeaza-una-dintre-cele-mai-vechi-scoli-din-capitala\\\/\"},\"author\":{\"name\":\"Teodora \u0218uta\",\"@id\":\"https:\\\/\\\/buletin.de\\\/bucuresti\\\/#\\\/schema\\\/person\\\/5d54908fa90ab7ad3b2e88152efd6845\"},\"headline\":\"Prim\u0103ria Sectorului 1 modernizeaz\u0103 una dintre cele mai vechi \u0219coli din Capital\u0103\",\"datePublished\":\"2023-08-10T10:46:44+00:00\",\"mainEntityOfPage\":{\"@id\":\"https:\\\/\\\/buletin.de\\\/bucuresti\\\/primaria-sectorului-1-modernizeaza-una-dintre-cele-mai-vechi-scoli-din-capitala\\\/\"},\"wordCount\":278,\"commentCount\":0,\"publisher\":{\"@id\":\"https:\\\/\\\/buletin.de\\\/bucuresti\\\/#organization\"},\"image\":{\"@id\":\"https:\\\/\\\/buletin.de\\\/bucuresti\\\/primaria-sectorului-1-modernizeaza-una-dintre-cele-mai-vechi-scoli-din-capitala\\\/#primaryimage\"},\"thumbnailUrl\":\"https:\\\/\\\/buletin.de\\\/bucuresti\\\/wp-content\\\/uploads\\\/366737952_844751627016164_8920876607691254546_n.jpg\",\"keywords\":[\"modernizare\",\"primaria sectorului 1\",\"scoala\"],\"articleSection\":[\"Prim\u0103rie\",\"\u0218tiri\"],\"inLanguage\":\"en-GB\",\"potentialAction\":[{\"@type\":\"CommentAction\",\"name\":\"Comment\",\"target\":[\"https:\\\/\\\/buletin.de\\\/bucuresti\\\/primaria-sectorului-1-modernizeaza-una-dintre-cele-mai-vechi-scoli-din-capitala\\\/#respond\"]}],\"copyrightYear\":\"2023\",\"copyrightHolder\":{\"@id\":\"https:\\\/\\\/buletin.de\\\/bucuresti\\\/#organization\"}},{\"@type\":\"WebPage\",\"@id\":\"https:\\\/\\\/buletin.de\\\/bucuresti\\\/primaria-sectorului-1-modernizeaza-una-dintre-cele-mai-vechi-scoli-din-capitala\\\/\",\"url\":\"https:\\\/\\\/buletin.de\\\/bucuresti\\\/primaria-sectorului-1-modernizeaza-una-dintre-cele-mai-vechi-scoli-din-capitala\\\/\",\"name\":\"Prim\u0103ria Sectorului 1 modernizeaz\u0103 una dintre cele mai vechi \u0219coli din Capital\u0103 - Buletin de Bucure\u0219ti\",\"isPartOf\":{\"@id\":\"https:\\\/\\\/buletin.de\\\/bucuresti\\\/#website\"},\"primaryImageOfPage\":{\"@id\":\"https:\\\/\\\/buletin.de\\\/bucuresti\\\/primaria-sectorului-1-modernizeaza-una-dintre-cele-mai-vechi-scoli-din-capitala\\\/#primaryimage\"},\"image\":{\"@id\":\"https:\\\/\\\/buletin.de\\\/bucuresti\\\/primaria-sectorului-1-modernizeaza-una-dintre-cele-mai-vechi-scoli-din-capitala\\\/#primaryimage\"},\"thumbnailUrl\":\"https:\\\/\\\/buletin.de\\\/bucuresti\\\/wp-content\\\/uploads\\\/366737952_844751627016164_8920876607691254546_n.jpg\",\"datePublished\":\"2023-08-10T10:46:44+00:00\",\"breadcrumb\":{\"@id\":\"https:\\\/\\\/buletin.de\\\/bucuresti\\\/primaria-sectorului-1-modernizeaza-una-dintre-cele-mai-vechi-scoli-din-capitala\\\/#breadcrumb\"},\"inLanguage\":\"en-GB\",\"potentialAction\":[{\"@type\":\"ReadAction\",\"target\":[\"https:\\\/\\\/buletin.de\\\/bucuresti\\\/primaria-sectorului-1-modernizeaza-una-dintre-cele-mai-vechi-scoli-din-capitala\\\/\"]}]},{\"@type\":\"ImageObject\",\"inLanguage\":\"en-GB\",\"@id\":\"https:\\\/\\\/buletin.de\\\/bucuresti\\\/primaria-sectorului-1-modernizeaza-una-dintre-cele-mai-vechi-scoli-din-capitala\\\/#primaryimage\",\"url\":\"https:\\\/\\\/buletin.de\\\/bucuresti\\\/wp-content\\\/uploads\\\/366737952_844751627016164_8920876607691254546_n.jpg\",\"contentUrl\":\"https:\\\/\\\/buletin.de\\\/bucuresti\\\/wp-content\\\/uploads\\\/366737952_844751627016164_8920876607691254546_n.jpg\",\"width\":1024,\"height\":455},{\"@type\":\"BreadcrumbList\",\"@id\":\"https:\\\/\\\/buletin.de\\\/bucuresti\\\/primaria-sectorului-1-modernizeaza-una-dintre-cele-mai-vechi-scoli-din-capitala\\\/#breadcrumb\",\"itemListElement\":[{\"@type\":\"ListItem\",\"position\":1,\"name\":\"Acas\u0103\",\"item\":\"https:\\\/\\\/buletin.de\\\/bucuresti\\\/\"},{\"@type\":\"ListItem\",\"position\":2,\"name\":\"Prim\u0103ria Sectorului 1 modernizeaz\u0103 una dintre cele mai vechi \u0219coli din Capital\u0103\"}]},{\"@type\":\"WebSite\",\"@id\":\"https:\\\/\\\/buletin.de\\\/bucuresti\\\/#website\",\"url\":\"https:\\\/\\\/buletin.de\\\/bucuresti\\\/\",\"name\":\"Buletin de Bucure\u0219ti\",\"description\":\"\u0218tiri \u0219i investiga\u021bii esen\u021biale din capital\u0103\",\"publisher\":{\"@id\":\"https:\\\/\\\/buletin.de\\\/bucuresti\\\/#organization\"},\"potentialAction\":[{\"@type\":\"SearchAction\",\"target\":{\"@type\":\"EntryPoint\",\"urlTemplate\":\"https:\\\/\\\/buletin.de\\\/bucuresti\\\/?s={search_term_string}\"},\"query-input\":{\"@type\":\"PropertyValueSpecification\",\"valueRequired\":true,\"valueName\":\"search_term_string\"}}],\"inLanguage\":\"en-GB\"},{\"@type\":\"Organization\",\"@id\":\"https:\\\/\\\/buletin.de\\\/bucuresti\\\/#organization\",\"name\":\"Buletin de Bucure\u0219ti\",\"url\":\"https:\\\/\\\/buletin.de\\\/bucuresti\\\/\",\"logo\":{\"@type\":\"ImageObject\",\"inLanguage\":\"en-GB\",\"@id\":\"https:\\\/\\\/buletin.de\\\/bucuresti\\\/#\\\/schema\\\/logo\\\/image\\\/\",\"url\":\"https:\\\/\\\/buletin.de\\\/bucuresti\\\/wp-content\\\/uploads\\\/logo-bdb-full-wide-vernil-transparent.png\",\"contentUrl\":\"https:\\\/\\\/buletin.de\\\/bucuresti\\\/wp-content\\\/uploads\\\/logo-bdb-full-wide-vernil-transparent.png\",\"width\":1782,\"height\":626,\"caption\":\"Buletin de Bucure\u0219ti\"},\"image\":{\"@id\":\"https:\\\/\\\/buletin.de\\\/bucuresti\\\/#\\\/schema\\\/logo\\\/image\\\/\"},\"sameAs\":[\"https:\\\/\\\/www.facebook.com\\\/buletin.de.buc\",\"https:\\\/\\\/www.instagram.com\\\/buletinde.bucuresti\\\/\"]},{\"@type\":\"Person\",\"@id\":\"https:\\\/\\\/buletin.de\\\/bucuresti\\\/#\\\/schema\\\/person\\\/5d54908fa90ab7ad3b2e88152efd6845\",\"name\":\"Teodora \u0218uta\",\"image\":{\"@type\":\"ImageObject\",\"inLanguage\":\"en-GB\",\"@id\":\"https:\\\/\\\/secure.gravatar.com\\\/avatar\\\/0c709226af9845d97b126aa0aa80ab42778847ec3d11d741016b74a61174088d?s=96&d=monsterid&r=gf2e0c6a01d766272c6fa8af9e494be28\",\"url\":\"https:\\\/\\\/secure.gravatar.com\\\/avatar\\\/0c709226af9845d97b126aa0aa80ab42778847ec3d11d741016b74a61174088d?s=96&d=monsterid&r=g\",\"contentUrl\":\"https:\\\/\\\/secure.gravatar.com\\\/avatar\\\/0c709226af9845d97b126aa0aa80ab42778847ec3d11d741016b74a61174088d?s=96&d=monsterid&r=g\",\"caption\":\"Teodora \u0218uta\"},\"url\":\"https:\\\/\\\/buletin.de\\\/bucuresti\\\/author\\\/mariasuta\\\/\"}]}<\/script>\n<!-- \/ Yoast SEO Premium plugin. -->","yoast_head_json":{"title":"Prim\u0103ria Sectorului 1 modernizeaz\u0103 una dintre cele mai vechi \u0219coli din Capital\u0103 - Buletin de Bucure\u0219ti","robots":{"index":"index","follow":"follow","max-snippet":"max-snippet:-1","max-image-preview":"max-image-preview:large","max-video-preview":"max-video-preview:-1"},"canonical":"https:\/\/buletin.de\/bucuresti\/primaria-sectorului-1-modernizeaza-una-dintre-cele-mai-vechi-scoli-din-capitala\/","og_locale":"en_GB","og_type":"article","og_title":"Prim\u0103ria Sectorului 1 modernizeaz\u0103 una dintre cele mai vechi \u0219coli din Capital\u0103","og_description":"\u0218coala Gimnazial\u0103 nr. 6, una dintre cele mai vechi institu\u021bii de \u00eenv\u0103\u021b\u0103m\u00e2nt din capital\u0103 \u0219i din \u021bar\u0103, va beneficia de un nou imobil aflat pe bulevardul Apicultorilor nr.1.&nbsp; Primarul Sectorului 1, Clotilde Armand, a anun\u021bat pe pagina sa de Facebook c\u0103 au \u00eenceput primele demersuri privind amenajarea imobilului de pe bulevardul Apicultorilor nr. 1, ce [&hellip;]","og_url":"https:\/\/buletin.de\/bucuresti\/primaria-sectorului-1-modernizeaza-una-dintre-cele-mai-vechi-scoli-din-capitala\/","og_site_name":"Buletin de Bucure\u0219ti","article_publisher":"https:\/\/www.facebook.com\/buletin.de.buc","article_published_time":"2023-08-10T10:46:44+00:00","og_image":[{"width":1024,"height":455,"url":"https:\/\/buletin.de\/bucuresti\/wp-content\/uploads\/366737952_844751627016164_8920876607691254546_n.jpg","type":"image\/jpeg"}],"author":"Teodora \u0218uta","twitter_card":"summary_large_image","twitter_misc":{"Written by":"Teodora \u0218uta","Estimated reading time":"2 minutes"},"schema":{"@context":"https:\/\/schema.org","@graph":[{"@type":"Article","@id":"https:\/\/buletin.de\/bucuresti\/primaria-sectorului-1-modernizeaza-una-dintre-cele-mai-vechi-scoli-din-capitala\/#article","isPartOf":{"@id":"https:\/\/buletin.de\/bucuresti\/primaria-sectorului-1-modernizeaza-una-dintre-cele-mai-vechi-scoli-din-capitala\/"},"author":{"name":"Teodora \u0218uta","@id":"https:\/\/buletin.de\/bucuresti\/#\/schema\/person\/5d54908fa90ab7ad3b2e88152efd6845"},"headline":"Prim\u0103ria Sectorului 1 modernizeaz\u0103 una dintre cele mai vechi \u0219coli din Capital\u0103","datePublished":"2023-08-10T10:46:44+00:00","mainEntityOfPage":{"@id":"https:\/\/buletin.de\/bucuresti\/primaria-sectorului-1-modernizeaza-una-dintre-cele-mai-vechi-scoli-din-capitala\/"},"wordCount":278,"commentCount":0,"publisher":{"@id":"https:\/\/buletin.de\/bucuresti\/#organization"},"image":{"@id":"https:\/\/buletin.de\/bucuresti\/primaria-sectorului-1-modernizeaza-una-dintre-cele-mai-vechi-scoli-din-capitala\/#primaryimage"},"thumbnailUrl":"https:\/\/buletin.de\/bucuresti\/wp-content\/uploads\/366737952_844751627016164_8920876607691254546_n.jpg","keywords":["modernizare","primaria sectorului 1","scoala"],"articleSection":["Prim\u0103rie","\u0218tiri"],"inLanguage":"en-GB","potentialAction":[{"@type":"CommentAction","name":"Comment","target":["https:\/\/buletin.de\/bucuresti\/primaria-sectorului-1-modernizeaza-una-dintre-cele-mai-vechi-scoli-din-capitala\/#respond"]}],"copyrightYear":"2023","copyrightHolder":{"@id":"https:\/\/buletin.de\/bucuresti\/#organization"}},{"@type":"WebPage","@id":"https:\/\/buletin.de\/bucuresti\/primaria-sectorului-1-modernizeaza-una-dintre-cele-mai-vechi-scoli-din-capitala\/","url":"https:\/\/buletin.de\/bucuresti\/primaria-sectorului-1-modernizeaza-una-dintre-cele-mai-vechi-scoli-din-capitala\/","name":"Prim\u0103ria Sectorului 1 modernizeaz\u0103 una dintre cele mai vechi \u0219coli din Capital\u0103 - Buletin de Bucure\u0219ti","isPartOf":{"@id":"https:\/\/buletin.de\/bucuresti\/#website"},"primaryImageOfPage":{"@id":"https:\/\/buletin.de\/bucuresti\/primaria-sectorului-1-modernizeaza-una-dintre-cele-mai-vechi-scoli-din-capitala\/#primaryimage"},"image":{"@id":"https:\/\/buletin.de\/bucuresti\/primaria-sectorului-1-modernizeaza-una-dintre-cele-mai-vechi-scoli-din-capitala\/#primaryimage"},"thumbnailUrl":"https:\/\/buletin.de\/bucuresti\/wp-content\/uploads\/366737952_844751627016164_8920876607691254546_n.jpg","datePublished":"2023-08-10T10:46:44+00:00","breadcrumb":{"@id":"https:\/\/buletin.de\/bucuresti\/primaria-sectorului-1-modernizeaza-una-dintre-cele-mai-vechi-scoli-din-capitala\/#breadcrumb"},"inLanguage":"en-GB","potentialAction":[{"@type":"ReadAction","target":["https:\/\/buletin.de\/bucuresti\/primaria-sectorului-1-modernizeaza-una-dintre-cele-mai-vechi-scoli-din-capitala\/"]}]},{"@type":"ImageObject","inLanguage":"en-GB","@id":"https:\/\/buletin.de\/bucuresti\/primaria-sectorului-1-modernizeaza-una-dintre-cele-mai-vechi-scoli-din-capitala\/#primaryimage","url":"https:\/\/buletin.de\/bucuresti\/wp-content\/uploads\/366737952_844751627016164_8920876607691254546_n.jpg","contentUrl":"https:\/\/buletin.de\/bucuresti\/wp-content\/uploads\/366737952_844751627016164_8920876607691254546_n.jpg","width":1024,"height":455},{"@type":"BreadcrumbList","@id":"https:\/\/buletin.de\/bucuresti\/primaria-sectorului-1-modernizeaza-una-dintre-cele-mai-vechi-scoli-din-capitala\/#breadcrumb","itemListElement":[{"@type":"ListItem","position":1,"name":"Acas\u0103","item":"https:\/\/buletin.de\/bucuresti\/"},{"@type":"ListItem","position":2,"name":"Prim\u0103ria Sectorului 1 modernizeaz\u0103 una dintre cele mai vechi \u0219coli din Capital\u0103"}]},{"@type":"WebSite","@id":"https:\/\/buletin.de\/bucuresti\/#website","url":"https:\/\/buletin.de\/bucuresti\/","name":"Buletin de Bucure\u0219ti","description":"\u0218tiri \u0219i investiga\u021bii esen\u021biale din capital\u0103","publisher":{"@id":"https:\/\/buletin.de\/bucuresti\/#organization"},"potentialAction":[{"@type":"SearchAction","target":{"@type":"EntryPoint","urlTemplate":"https:\/\/buletin.de\/bucuresti\/?s={search_term_string}"},"query-input":{"@type":"PropertyValueSpecification","valueRequired":true,"valueName":"search_term_string"}}],"inLanguage":"en-GB"},{"@type":"Organization","@id":"https:\/\/buletin.de\/bucuresti\/#organization","name":"Buletin de Bucure\u0219ti","url":"https:\/\/buletin.de\/bucuresti\/","logo":{"@type":"ImageObject","inLanguage":"en-GB","@id":"https:\/\/buletin.de\/bucuresti\/#\/schema\/logo\/image\/","url":"https:\/\/buletin.de\/bucuresti\/wp-content\/uploads\/logo-bdb-full-wide-vernil-transparent.png","contentUrl":"https:\/\/buletin.de\/bucuresti\/wp-content\/uploads\/logo-bdb-full-wide-vernil-transparent.png","width":1782,"height":626,"caption":"Buletin de Bucure\u0219ti"},"image":{"@id":"https:\/\/buletin.de\/bucuresti\/#\/schema\/logo\/image\/"},"sameAs":["https:\/\/www.facebook.com\/buletin.de.buc","https:\/\/www.instagram.com\/buletinde.bucuresti\/"]},{"@type":"Person","@id":"https:\/\/buletin.de\/bucuresti\/#\/schema\/person\/5d54908fa90ab7ad3b2e88152efd6845","name":"Teodora \u0218uta","image":{"@type":"ImageObject","inLanguage":"en-GB","@id":"https:\/\/secure.gravatar.com\/avatar\/0c709226af9845d97b126aa0aa80ab42778847ec3d11d741016b74a61174088d?s=96&d=monsterid&r=gf2e0c6a01d766272c6fa8af9e494be28","url":"https:\/\/secure.gravatar.com\/avatar\/0c709226af9845d97b126aa0aa80ab42778847ec3d11d741016b74a61174088d?s=96&d=monsterid&r=g","contentUrl":"https:\/\/secure.gravatar.com\/avatar\/0c709226af9845d97b126aa0aa80ab42778847ec3d11d741016b74a61174088d?s=96&d=monsterid&r=g","caption":"Teodora \u0218uta"},"url":"https:\/\/buletin.de\/bucuresti\/author\/mariasuta\/"}]}},"authors":[{"term_id":22604,"user_id":45,"is_guest":0,"slug":"mariasuta","display_name":"Teodora \u0218uta","avatar_url":"https:\/\/secure.gravatar.com\/avatar\/0c709226af9845d97b126aa0aa80ab42778847ec3d11d741016b74a61174088d?s=96&d=monsterid&r=g","0":null,"1":"","2":"","3":"","4":"","5":"","6":"","7":"","8":""}],"_links":{"self":[{"href":"https:\/\/buletin.de\/bucuresti\/wp-json\/wp\/v2\/posts\/61838","targetHints":{"allow":["GET"]}}],"collection":[{"href":"https:\/\/buletin.de\/bucuresti\/wp-json\/wp\/v2\/posts"}],"about":[{"href":"https:\/\/buletin.de\/bucuresti\/wp-json\/wp\/v2\/types\/post"}],"author":[{"embeddable":true,"href":"https:\/\/buletin.de\/bucuresti\/wp-json\/wp\/v2\/users\/45"}],"replies":[{"embeddable":true,"href":"https:\/\/buletin.de\/bucuresti\/wp-json\/wp\/v2\/comments?post=61838"}],"version-history":[{"count":0,"href":"https:\/\/buletin.de\/bucuresti\/wp-json\/wp\/v2\/posts\/61838\/revisions"}],"wp:featuredmedia":[{"embeddable":true,"href":"https:\/\/buletin.de\/bucuresti\/wp-json\/wp\/v2\/media\/61839"}],"wp:attachment":[{"href":"https:\/\/buletin.de\/bucuresti\/wp-json\/wp\/v2\/media?parent=61838"}],"wp:term":[{"taxonomy":"category","embeddable":true,"href":"https:\/\/buletin.de\/bucuresti\/wp-json\/wp\/v2\/categories?post=61838"},{"taxonomy":"post_tag","embeddable":true,"href":"https:\/\/buletin.de\/bucuresti\/wp-json\/wp\/v2\/tags?post=61838"},{"taxonomy":"author","embeddable":true,"href":"https:\/\/buletin.de\/bucuresti\/wp-json\/wp\/v2\/ppma_author?post=61838"}],"curies":[{"name":"wp","href":"https:\/\/api.w.org\/{rel}","templated":true}]}}