{"id":61834,"date":"2023-08-10T12:09:08","date_gmt":"2023-08-10T10:09:08","guid":{"rendered":"https:\/\/buletin.de\/bucuresti\/sector-2-12-strazi-vor-fi-reabilitate-si-modernizate\/"},"modified":"2023-08-10T12:09:08","modified_gmt":"2023-08-10T10:09:08","slug":"sector-2-12-strazi-vor-fi-reabilitate-si-modernizate","status":"publish","type":"post","link":"https:\/\/buletin.de\/bucuresti\/sector-2-12-strazi-vor-fi-reabilitate-si-modernizate\/","title":{"rendered":"Sector 2 | 12 str\u0103zi vor fi reabilitate \u0219i modernizate"},"content":{"rendered":"\n<p><strong>12 proiecte de reabilitare \u0219i modernizare a str\u0103zilor din Sectorul 2 au fost aprobate \u00een ultima \u0219edin\u021b\u0103 a Consiliului Local. Proiectele fac parte din Planul de dezvoltare al sectorului.<\/strong><\/p>\n\n\n\n<p>\u00cen cadrul ultimei \u0219edin\u021be a Consiliului Local Sector 2 au fost aproba\u021bi indicatorii tehnico-economici pentru lucr\u0103ri de reabilitare a sistemului rutier. Potrivit anun\u021bului f\u0103cut de Prim\u0103ria Sectorului 2, \u00een cadrul lucr\u0103rilor se vor reface p\u0103r\u021bile carosabile \u0219i trotuarele, se vor remonta sau monta indicatoare auto \u0219i se vor executa lucr\u0103ri de semnalizare \u0219i marcaje rutiere.&nbsp;<\/p>\n\n\n\n<p>Str\u0103zile care vor beneficia de lucr\u0103rile de reabilitare \u0219i modernizare sunt:<\/p>\n\n\n\n<ul class=\"wp-block-list\">\n<li>Strada Gheorghe Costaforu;<\/li>\n\n\n\n<li>Intrarea St\u00e2ncii;<\/li>\n\n\n\n<li>Alee f\u0103r\u0103 nume spate bloc \u0218oseaua Colentina nr. 2 D;<\/li>\n\n\n\n<li>Alee f\u0103r\u0103 nume la nord de Parcul Ziduri Mo\u0219i;<\/li>\n\n\n\n<li>Alee f\u0103r\u0103 nume &#8211; zona cadastral\u0103 6 cuprins\u0103 \u00eentre strada Grigore Moisil \u2013 Strada Gheorghe \u0218erban \u2013 Strada Tuzla &#8211; Strada Polovraci \u2013 Strada St\u0103vilarului, Bulevardul Lacul Tei 141 &#8211; 143;<\/li>\n\n\n\n<li>Strada Hiramului;<\/li>\n\n\n\n<li>Strada Popa Soare;<\/li>\n\n\n\n<li>Strada Constantin Kiri\u0163escu;<\/li>\n\n\n\n<li>Strada Predeal;<\/li>\n\n\n\n<li>Intrarea B\u00e2lciului;<\/li>\n\n\n\n<li>Strada Alexandru Romano;<\/li>\n\n\n\n<li>Strada \u0218tefan Mih\u0103ileanu.<\/li>\n<\/ul>\n\n\n\n<p>Prin planul de dezvoltare, Prim\u0103ria Sectorului 2 urm\u0103re\u0219te s\u0103 creasc\u0103 gradul de siguran\u021b\u0103 auto \u0219i pietonal\u0103 din sector.<br><br>FOTO: Pagina de Facebook Prim\u0103ria Sectorului 2&nbsp;<\/p>\n","protected":false},"excerpt":{"rendered":"<p>12 proiecte de reabilitare \u0219i modernizare a str\u0103zilor din Sectorul 2 au fost aprobate \u00een ultima \u0219edin\u021b\u0103 a Consiliului Local. Proiectele fac parte din Planul de dezvoltare al sectorului. \u00cen cadrul ultimei \u0219edin\u021be a Consiliului Local Sector 2 au fost aproba\u021bi indicatorii tehnico-economici pentru lucr\u0103ri de reabilitare a sistemului rutier. Potrivit anun\u021bului f\u0103cut de Prim\u0103ria [&hellip;]<\/p>\n","protected":false},"author":45,"featured_media":61835,"comment_status":"open","ping_status":"open","sticky":false,"template":"","format":"standard","meta":{"_acf_changed":false,"inline_featured_image":false,"ngg_post_thumbnail":0,"footnotes":""},"categories":[24],"tags":[6661,228,971],"ppma_author":[22604],"class_list":["post-61834","post","type-post","status-publish","format-standard","has-post-thumbnail","hentry","category-primarie","tag-consiliul-local-sector-2","tag-primaria-sectorului-2","tag-strazi"],"acf":[],"yoast_head":"<!-- This site is optimized with the Yoast SEO Premium plugin v25.3 (Yoast SEO v27.5) - https:\/\/yoast.com\/product\/yoast-seo-premium-wordpress\/ -->\n<title>Sector 2 | 12 str\u0103zi vor fi reabilitate \u0219i modernizate - Buletin de Bucure\u0219ti<\/title>\n<meta name=\"robots\" content=\"index, follow, max-snippet:-1, max-image-preview:large, max-video-preview:-1\" \/>\n<link rel=\"canonical\" href=\"https:\/\/buletin.de\/bucuresti\/sector-2-12-strazi-vor-fi-reabilitate-si-modernizate\/\" \/>\n<meta property=\"og:locale\" content=\"en_GB\" \/>\n<meta property=\"og:type\" content=\"article\" \/>\n<meta property=\"og:title\" content=\"Sector 2 | 12 str\u0103zi vor fi reabilitate \u0219i modernizate\" \/>\n<meta property=\"og:description\" content=\"12 proiecte de reabilitare \u0219i modernizare a str\u0103zilor din Sectorul 2 au fost aprobate \u00een ultima \u0219edin\u021b\u0103 a Consiliului Local. Proiectele fac parte din Planul de dezvoltare al sectorului. \u00cen cadrul ultimei \u0219edin\u021be a Consiliului Local Sector 2 au fost aproba\u021bi indicatorii tehnico-economici pentru lucr\u0103ri de reabilitare a sistemului rutier. Potrivit anun\u021bului f\u0103cut de Prim\u0103ria [&hellip;]\" \/>\n<meta property=\"og:url\" content=\"https:\/\/buletin.de\/bucuresti\/sector-2-12-strazi-vor-fi-reabilitate-si-modernizate\/\" \/>\n<meta property=\"og:site_name\" content=\"Buletin de Bucure\u0219ti\" \/>\n<meta property=\"article:publisher\" content=\"https:\/\/www.facebook.com\/buletin.de.buc\" \/>\n<meta property=\"article:published_time\" content=\"2023-08-10T10:09:08+00:00\" \/>\n<meta property=\"og:image\" content=\"https:\/\/buletin.de\/bucuresti\/wp-content\/uploads\/365468107_682629930575591_7069846672564426113_n.jpg\" \/>\n\t<meta property=\"og:image:width\" content=\"1440\" \/>\n\t<meta property=\"og:image:height\" content=\"754\" \/>\n\t<meta property=\"og:image:type\" content=\"image\/jpeg\" \/>\n<meta name=\"author\" content=\"Teodora \u0218uta\" \/>\n<meta name=\"twitter:card\" content=\"summary_large_image\" \/>\n<meta name=\"twitter:label1\" content=\"Written by\" \/>\n\t<meta name=\"twitter:data1\" content=\"Teodora \u0218uta\" \/>\n\t<meta name=\"twitter:label2\" content=\"Estimated reading time\" \/>\n\t<meta name=\"twitter:data2\" content=\"1 minute\" \/>\n<script type=\"application\/ld+json\" class=\"yoast-schema-graph\">{\"@context\":\"https:\\\/\\\/schema.org\",\"@graph\":[{\"@type\":\"Article\",\"@id\":\"https:\\\/\\\/buletin.de\\\/bucuresti\\\/sector-2-12-strazi-vor-fi-reabilitate-si-modernizate\\\/#article\",\"isPartOf\":{\"@id\":\"https:\\\/\\\/buletin.de\\\/bucuresti\\\/sector-2-12-strazi-vor-fi-reabilitate-si-modernizate\\\/\"},\"author\":{\"name\":\"Teodora \u0218uta\",\"@id\":\"https:\\\/\\\/buletin.de\\\/bucuresti\\\/#\\\/schema\\\/person\\\/5d54908fa90ab7ad3b2e88152efd6845\"},\"headline\":\"Sector 2 | 12 str\u0103zi vor fi reabilitate \u0219i modernizate\",\"datePublished\":\"2023-08-10T10:09:08+00:00\",\"mainEntityOfPage\":{\"@id\":\"https:\\\/\\\/buletin.de\\\/bucuresti\\\/sector-2-12-strazi-vor-fi-reabilitate-si-modernizate\\\/\"},\"wordCount\":216,\"commentCount\":0,\"publisher\":{\"@id\":\"https:\\\/\\\/buletin.de\\\/bucuresti\\\/#organization\"},\"image\":{\"@id\":\"https:\\\/\\\/buletin.de\\\/bucuresti\\\/sector-2-12-strazi-vor-fi-reabilitate-si-modernizate\\\/#primaryimage\"},\"thumbnailUrl\":\"https:\\\/\\\/buletin.de\\\/bucuresti\\\/wp-content\\\/uploads\\\/365468107_682629930575591_7069846672564426113_n.jpg\",\"keywords\":[\"consiliul local sector 2\",\"primaria sectorului 2\",\"strazi\"],\"articleSection\":[\"Prim\u0103rie\"],\"inLanguage\":\"en-GB\",\"potentialAction\":[{\"@type\":\"CommentAction\",\"name\":\"Comment\",\"target\":[\"https:\\\/\\\/buletin.de\\\/bucuresti\\\/sector-2-12-strazi-vor-fi-reabilitate-si-modernizate\\\/#respond\"]}],\"copyrightYear\":\"2023\",\"copyrightHolder\":{\"@id\":\"https:\\\/\\\/buletin.de\\\/bucuresti\\\/#organization\"}},{\"@type\":\"WebPage\",\"@id\":\"https:\\\/\\\/buletin.de\\\/bucuresti\\\/sector-2-12-strazi-vor-fi-reabilitate-si-modernizate\\\/\",\"url\":\"https:\\\/\\\/buletin.de\\\/bucuresti\\\/sector-2-12-strazi-vor-fi-reabilitate-si-modernizate\\\/\",\"name\":\"Sector 2 | 12 str\u0103zi vor fi reabilitate \u0219i modernizate - Buletin de Bucure\u0219ti\",\"isPartOf\":{\"@id\":\"https:\\\/\\\/buletin.de\\\/bucuresti\\\/#website\"},\"primaryImageOfPage\":{\"@id\":\"https:\\\/\\\/buletin.de\\\/bucuresti\\\/sector-2-12-strazi-vor-fi-reabilitate-si-modernizate\\\/#primaryimage\"},\"image\":{\"@id\":\"https:\\\/\\\/buletin.de\\\/bucuresti\\\/sector-2-12-strazi-vor-fi-reabilitate-si-modernizate\\\/#primaryimage\"},\"thumbnailUrl\":\"https:\\\/\\\/buletin.de\\\/bucuresti\\\/wp-content\\\/uploads\\\/365468107_682629930575591_7069846672564426113_n.jpg\",\"datePublished\":\"2023-08-10T10:09:08+00:00\",\"breadcrumb\":{\"@id\":\"https:\\\/\\\/buletin.de\\\/bucuresti\\\/sector-2-12-strazi-vor-fi-reabilitate-si-modernizate\\\/#breadcrumb\"},\"inLanguage\":\"en-GB\",\"potentialAction\":[{\"@type\":\"ReadAction\",\"target\":[\"https:\\\/\\\/buletin.de\\\/bucuresti\\\/sector-2-12-strazi-vor-fi-reabilitate-si-modernizate\\\/\"]}]},{\"@type\":\"ImageObject\",\"inLanguage\":\"en-GB\",\"@id\":\"https:\\\/\\\/buletin.de\\\/bucuresti\\\/sector-2-12-strazi-vor-fi-reabilitate-si-modernizate\\\/#primaryimage\",\"url\":\"https:\\\/\\\/buletin.de\\\/bucuresti\\\/wp-content\\\/uploads\\\/365468107_682629930575591_7069846672564426113_n.jpg\",\"contentUrl\":\"https:\\\/\\\/buletin.de\\\/bucuresti\\\/wp-content\\\/uploads\\\/365468107_682629930575591_7069846672564426113_n.jpg\",\"width\":1440,\"height\":754},{\"@type\":\"BreadcrumbList\",\"@id\":\"https:\\\/\\\/buletin.de\\\/bucuresti\\\/sector-2-12-strazi-vor-fi-reabilitate-si-modernizate\\\/#breadcrumb\",\"itemListElement\":[{\"@type\":\"ListItem\",\"position\":1,\"name\":\"Acas\u0103\",\"item\":\"https:\\\/\\\/buletin.de\\\/bucuresti\\\/\"},{\"@type\":\"ListItem\",\"position\":2,\"name\":\"Sector 2 | 12 str\u0103zi vor fi reabilitate \u0219i modernizate\"}]},{\"@type\":\"WebSite\",\"@id\":\"https:\\\/\\\/buletin.de\\\/bucuresti\\\/#website\",\"url\":\"https:\\\/\\\/buletin.de\\\/bucuresti\\\/\",\"name\":\"Buletin de Bucure\u0219ti\",\"description\":\"\u0218tiri \u0219i investiga\u021bii esen\u021biale din capital\u0103\",\"publisher\":{\"@id\":\"https:\\\/\\\/buletin.de\\\/bucuresti\\\/#organization\"},\"potentialAction\":[{\"@type\":\"SearchAction\",\"target\":{\"@type\":\"EntryPoint\",\"urlTemplate\":\"https:\\\/\\\/buletin.de\\\/bucuresti\\\/?s={search_term_string}\"},\"query-input\":{\"@type\":\"PropertyValueSpecification\",\"valueRequired\":true,\"valueName\":\"search_term_string\"}}],\"inLanguage\":\"en-GB\"},{\"@type\":\"Organization\",\"@id\":\"https:\\\/\\\/buletin.de\\\/bucuresti\\\/#organization\",\"name\":\"Buletin de Bucure\u0219ti\",\"url\":\"https:\\\/\\\/buletin.de\\\/bucuresti\\\/\",\"logo\":{\"@type\":\"ImageObject\",\"inLanguage\":\"en-GB\",\"@id\":\"https:\\\/\\\/buletin.de\\\/bucuresti\\\/#\\\/schema\\\/logo\\\/image\\\/\",\"url\":\"https:\\\/\\\/buletin.de\\\/bucuresti\\\/wp-content\\\/uploads\\\/logo-bdb-full-wide-vernil-transparent.png\",\"contentUrl\":\"https:\\\/\\\/buletin.de\\\/bucuresti\\\/wp-content\\\/uploads\\\/logo-bdb-full-wide-vernil-transparent.png\",\"width\":1782,\"height\":626,\"caption\":\"Buletin de Bucure\u0219ti\"},\"image\":{\"@id\":\"https:\\\/\\\/buletin.de\\\/bucuresti\\\/#\\\/schema\\\/logo\\\/image\\\/\"},\"sameAs\":[\"https:\\\/\\\/www.facebook.com\\\/buletin.de.buc\",\"https:\\\/\\\/www.instagram.com\\\/buletinde.bucuresti\\\/\"]},{\"@type\":\"Person\",\"@id\":\"https:\\\/\\\/buletin.de\\\/bucuresti\\\/#\\\/schema\\\/person\\\/5d54908fa90ab7ad3b2e88152efd6845\",\"name\":\"Teodora \u0218uta\",\"image\":{\"@type\":\"ImageObject\",\"inLanguage\":\"en-GB\",\"@id\":\"https:\\\/\\\/secure.gravatar.com\\\/avatar\\\/0c709226af9845d97b126aa0aa80ab42778847ec3d11d741016b74a61174088d?s=96&d=monsterid&r=gf2e0c6a01d766272c6fa8af9e494be28\",\"url\":\"https:\\\/\\\/secure.gravatar.com\\\/avatar\\\/0c709226af9845d97b126aa0aa80ab42778847ec3d11d741016b74a61174088d?s=96&d=monsterid&r=g\",\"contentUrl\":\"https:\\\/\\\/secure.gravatar.com\\\/avatar\\\/0c709226af9845d97b126aa0aa80ab42778847ec3d11d741016b74a61174088d?s=96&d=monsterid&r=g\",\"caption\":\"Teodora \u0218uta\"},\"url\":\"https:\\\/\\\/buletin.de\\\/bucuresti\\\/author\\\/mariasuta\\\/\"}]}<\/script>\n<!-- \/ Yoast SEO Premium plugin. -->","yoast_head_json":{"title":"Sector 2 | 12 str\u0103zi vor fi reabilitate \u0219i modernizate - Buletin de Bucure\u0219ti","robots":{"index":"index","follow":"follow","max-snippet":"max-snippet:-1","max-image-preview":"max-image-preview:large","max-video-preview":"max-video-preview:-1"},"canonical":"https:\/\/buletin.de\/bucuresti\/sector-2-12-strazi-vor-fi-reabilitate-si-modernizate\/","og_locale":"en_GB","og_type":"article","og_title":"Sector 2 | 12 str\u0103zi vor fi reabilitate \u0219i modernizate","og_description":"12 proiecte de reabilitare \u0219i modernizare a str\u0103zilor din Sectorul 2 au fost aprobate \u00een ultima \u0219edin\u021b\u0103 a Consiliului Local. Proiectele fac parte din Planul de dezvoltare al sectorului. \u00cen cadrul ultimei \u0219edin\u021be a Consiliului Local Sector 2 au fost aproba\u021bi indicatorii tehnico-economici pentru lucr\u0103ri de reabilitare a sistemului rutier. Potrivit anun\u021bului f\u0103cut de Prim\u0103ria [&hellip;]","og_url":"https:\/\/buletin.de\/bucuresti\/sector-2-12-strazi-vor-fi-reabilitate-si-modernizate\/","og_site_name":"Buletin de Bucure\u0219ti","article_publisher":"https:\/\/www.facebook.com\/buletin.de.buc","article_published_time":"2023-08-10T10:09:08+00:00","og_image":[{"width":1440,"height":754,"url":"https:\/\/buletin.de\/bucuresti\/wp-content\/uploads\/365468107_682629930575591_7069846672564426113_n.jpg","type":"image\/jpeg"}],"author":"Teodora \u0218uta","twitter_card":"summary_large_image","twitter_misc":{"Written by":"Teodora \u0218uta","Estimated reading time":"1 minute"},"schema":{"@context":"https:\/\/schema.org","@graph":[{"@type":"Article","@id":"https:\/\/buletin.de\/bucuresti\/sector-2-12-strazi-vor-fi-reabilitate-si-modernizate\/#article","isPartOf":{"@id":"https:\/\/buletin.de\/bucuresti\/sector-2-12-strazi-vor-fi-reabilitate-si-modernizate\/"},"author":{"name":"Teodora \u0218uta","@id":"https:\/\/buletin.de\/bucuresti\/#\/schema\/person\/5d54908fa90ab7ad3b2e88152efd6845"},"headline":"Sector 2 | 12 str\u0103zi vor fi reabilitate \u0219i modernizate","datePublished":"2023-08-10T10:09:08+00:00","mainEntityOfPage":{"@id":"https:\/\/buletin.de\/bucuresti\/sector-2-12-strazi-vor-fi-reabilitate-si-modernizate\/"},"wordCount":216,"commentCount":0,"publisher":{"@id":"https:\/\/buletin.de\/bucuresti\/#organization"},"image":{"@id":"https:\/\/buletin.de\/bucuresti\/sector-2-12-strazi-vor-fi-reabilitate-si-modernizate\/#primaryimage"},"thumbnailUrl":"https:\/\/buletin.de\/bucuresti\/wp-content\/uploads\/365468107_682629930575591_7069846672564426113_n.jpg","keywords":["consiliul local sector 2","primaria sectorului 2","strazi"],"articleSection":["Prim\u0103rie"],"inLanguage":"en-GB","potentialAction":[{"@type":"CommentAction","name":"Comment","target":["https:\/\/buletin.de\/bucuresti\/sector-2-12-strazi-vor-fi-reabilitate-si-modernizate\/#respond"]}],"copyrightYear":"2023","copyrightHolder":{"@id":"https:\/\/buletin.de\/bucuresti\/#organization"}},{"@type":"WebPage","@id":"https:\/\/buletin.de\/bucuresti\/sector-2-12-strazi-vor-fi-reabilitate-si-modernizate\/","url":"https:\/\/buletin.de\/bucuresti\/sector-2-12-strazi-vor-fi-reabilitate-si-modernizate\/","name":"Sector 2 | 12 str\u0103zi vor fi reabilitate \u0219i modernizate - Buletin de Bucure\u0219ti","isPartOf":{"@id":"https:\/\/buletin.de\/bucuresti\/#website"},"primaryImageOfPage":{"@id":"https:\/\/buletin.de\/bucuresti\/sector-2-12-strazi-vor-fi-reabilitate-si-modernizate\/#primaryimage"},"image":{"@id":"https:\/\/buletin.de\/bucuresti\/sector-2-12-strazi-vor-fi-reabilitate-si-modernizate\/#primaryimage"},"thumbnailUrl":"https:\/\/buletin.de\/bucuresti\/wp-content\/uploads\/365468107_682629930575591_7069846672564426113_n.jpg","datePublished":"2023-08-10T10:09:08+00:00","breadcrumb":{"@id":"https:\/\/buletin.de\/bucuresti\/sector-2-12-strazi-vor-fi-reabilitate-si-modernizate\/#breadcrumb"},"inLanguage":"en-GB","potentialAction":[{"@type":"ReadAction","target":["https:\/\/buletin.de\/bucuresti\/sector-2-12-strazi-vor-fi-reabilitate-si-modernizate\/"]}]},{"@type":"ImageObject","inLanguage":"en-GB","@id":"https:\/\/buletin.de\/bucuresti\/sector-2-12-strazi-vor-fi-reabilitate-si-modernizate\/#primaryimage","url":"https:\/\/buletin.de\/bucuresti\/wp-content\/uploads\/365468107_682629930575591_7069846672564426113_n.jpg","contentUrl":"https:\/\/buletin.de\/bucuresti\/wp-content\/uploads\/365468107_682629930575591_7069846672564426113_n.jpg","width":1440,"height":754},{"@type":"BreadcrumbList","@id":"https:\/\/buletin.de\/bucuresti\/sector-2-12-strazi-vor-fi-reabilitate-si-modernizate\/#breadcrumb","itemListElement":[{"@type":"ListItem","position":1,"name":"Acas\u0103","item":"https:\/\/buletin.de\/bucuresti\/"},{"@type":"ListItem","position":2,"name":"Sector 2 | 12 str\u0103zi vor fi reabilitate \u0219i modernizate"}]},{"@type":"WebSite","@id":"https:\/\/buletin.de\/bucuresti\/#website","url":"https:\/\/buletin.de\/bucuresti\/","name":"Buletin de Bucure\u0219ti","description":"\u0218tiri \u0219i investiga\u021bii esen\u021biale din capital\u0103","publisher":{"@id":"https:\/\/buletin.de\/bucuresti\/#organization"},"potentialAction":[{"@type":"SearchAction","target":{"@type":"EntryPoint","urlTemplate":"https:\/\/buletin.de\/bucuresti\/?s={search_term_string}"},"query-input":{"@type":"PropertyValueSpecification","valueRequired":true,"valueName":"search_term_string"}}],"inLanguage":"en-GB"},{"@type":"Organization","@id":"https:\/\/buletin.de\/bucuresti\/#organization","name":"Buletin de Bucure\u0219ti","url":"https:\/\/buletin.de\/bucuresti\/","logo":{"@type":"ImageObject","inLanguage":"en-GB","@id":"https:\/\/buletin.de\/bucuresti\/#\/schema\/logo\/image\/","url":"https:\/\/buletin.de\/bucuresti\/wp-content\/uploads\/logo-bdb-full-wide-vernil-transparent.png","contentUrl":"https:\/\/buletin.de\/bucuresti\/wp-content\/uploads\/logo-bdb-full-wide-vernil-transparent.png","width":1782,"height":626,"caption":"Buletin de Bucure\u0219ti"},"image":{"@id":"https:\/\/buletin.de\/bucuresti\/#\/schema\/logo\/image\/"},"sameAs":["https:\/\/www.facebook.com\/buletin.de.buc","https:\/\/www.instagram.com\/buletinde.bucuresti\/"]},{"@type":"Person","@id":"https:\/\/buletin.de\/bucuresti\/#\/schema\/person\/5d54908fa90ab7ad3b2e88152efd6845","name":"Teodora \u0218uta","image":{"@type":"ImageObject","inLanguage":"en-GB","@id":"https:\/\/secure.gravatar.com\/avatar\/0c709226af9845d97b126aa0aa80ab42778847ec3d11d741016b74a61174088d?s=96&d=monsterid&r=gf2e0c6a01d766272c6fa8af9e494be28","url":"https:\/\/secure.gravatar.com\/avatar\/0c709226af9845d97b126aa0aa80ab42778847ec3d11d741016b74a61174088d?s=96&d=monsterid&r=g","contentUrl":"https:\/\/secure.gravatar.com\/avatar\/0c709226af9845d97b126aa0aa80ab42778847ec3d11d741016b74a61174088d?s=96&d=monsterid&r=g","caption":"Teodora \u0218uta"},"url":"https:\/\/buletin.de\/bucuresti\/author\/mariasuta\/"}]}},"authors":[{"term_id":22604,"user_id":45,"is_guest":0,"slug":"mariasuta","display_name":"Teodora \u0218uta","avatar_url":"https:\/\/secure.gravatar.com\/avatar\/0c709226af9845d97b126aa0aa80ab42778847ec3d11d741016b74a61174088d?s=96&d=monsterid&r=g","0":null,"1":"","2":"","3":"","4":"","5":"","6":"","7":"","8":""}],"_links":{"self":[{"href":"https:\/\/buletin.de\/bucuresti\/wp-json\/wp\/v2\/posts\/61834","targetHints":{"allow":["GET"]}}],"collection":[{"href":"https:\/\/buletin.de\/bucuresti\/wp-json\/wp\/v2\/posts"}],"about":[{"href":"https:\/\/buletin.de\/bucuresti\/wp-json\/wp\/v2\/types\/post"}],"author":[{"embeddable":true,"href":"https:\/\/buletin.de\/bucuresti\/wp-json\/wp\/v2\/users\/45"}],"replies":[{"embeddable":true,"href":"https:\/\/buletin.de\/bucuresti\/wp-json\/wp\/v2\/comments?post=61834"}],"version-history":[{"count":0,"href":"https:\/\/buletin.de\/bucuresti\/wp-json\/wp\/v2\/posts\/61834\/revisions"}],"wp:featuredmedia":[{"embeddable":true,"href":"https:\/\/buletin.de\/bucuresti\/wp-json\/wp\/v2\/media\/61835"}],"wp:attachment":[{"href":"https:\/\/buletin.de\/bucuresti\/wp-json\/wp\/v2\/media?parent=61834"}],"wp:term":[{"taxonomy":"category","embeddable":true,"href":"https:\/\/buletin.de\/bucuresti\/wp-json\/wp\/v2\/categories?post=61834"},{"taxonomy":"post_tag","embeddable":true,"href":"https:\/\/buletin.de\/bucuresti\/wp-json\/wp\/v2\/tags?post=61834"},{"taxonomy":"author","embeddable":true,"href":"https:\/\/buletin.de\/bucuresti\/wp-json\/wp\/v2\/ppma_author?post=61834"}],"curies":[{"name":"wp","href":"https:\/\/api.w.org\/{rel}","templated":true}]}}