{"id":61822,"date":"2023-08-10T11:23:48","date_gmt":"2023-08-10T09:23:48","guid":{"rendered":"https:\/\/buletin.de\/bucuresti\/incendiu-de-vegetatie-in-zona-retrocedata-a-parcului-ior\/"},"modified":"2023-09-18T13:49:49","modified_gmt":"2023-09-18T11:49:49","slug":"incendiu-de-vegetatie-in-zona-retrocedata-a-parcului-ior","status":"publish","type":"post","link":"https:\/\/buletin.de\/bucuresti\/incendiu-de-vegetatie-in-zona-retrocedata-a-parcului-ior\/","title":{"rendered":"Incendiu de vegeta\u021bie \u00een zona retrocedat\u0103 a parcului IOR"},"content":{"rendered":"\n<p>Actualizare: Incendiul a fost localizat. Suprafa\u021ba afectat\u0103 este de aproximativ 4.000 de mp. Mai multe autospeciale s-au retras de la fa\u021ba locului, incendiul r\u0103mas manifest\u00e2ndu-se f\u0103r\u0103 flacar\u0103, doar cu fum. <\/p>\n\n\n\n<p>Peste 600 mp de vegeta\u021bie ard, \u00een acest moment, l\u00e2ng\u0103 biserica de lemn de la Potcoav\u0103. Incendiul nu este controlat. <\/p>\n\n\n\n<p>Ini\u021bial, la fa\u021ba locului s-au prezentat dou\u0103 autospeciale, iar \u00een urma evalu\u0103rii, au mai fost trimise \u00eenc\u0103 trei, au transmis reprezenta\u021bii ISU Bucure\u0219ti-Ilfov. Incendiulul de vegeta\u021bie, iarb\u0103 \u00eenalt\u0103 \u0219i usc\u0103ciune, este alimentat de v\u00e2ntul din zon\u0103.<\/p>\n\n\n\n<p>Ultimul incendiu de amploare a avut loc \u00een luna iulie. Atunci fl\u0103c\u0103rile au afectat vegeta\u021bia pe o suprafa\u021b\u0103 de 150 de mp. <\/p>\n\n\n\n<p><\/p>\n\n\n\n<figure class=\"wp-block-image size-large\"><img decoding=\"async\" src=\"data:image\/gif;base64,R0lGODlhAQABAAAAACH5BAEKAAEALAAAAAABAAEAAAICTAEAOw==\" data-src=\"https:\/\/buletin.de\/bucuresti\/wp-content\/uploads\/image_2023-08-10_060109540-900x506.png\" alt=\"\" class=\"wp-image-62791 lazyload\"\/><\/figure>\n\n\n\n<figure class=\"wp-block-image size-large\"><img decoding=\"async\" src=\"data:image\/gif;base64,R0lGODlhAQABAAAAACH5BAEKAAEALAAAAAABAAEAAAICTAEAOw==\" data-src=\"https:\/\/buletin.de\/bucuresti\/wp-content\/uploads\/image_2023-08-10_054646190-900x506.png\" alt=\"\" class=\"wp-image-62779 lazyload\"\/><\/figure>\n\n\n\n<figure class=\"wp-block-image size-large\"><img decoding=\"async\" src=\"data:image\/gif;base64,R0lGODlhAQABAAAAACH5BAEKAAEALAAAAAABAAEAAAICTAEAOw==\" data-src=\"https:\/\/buletin.de\/bucuresti\/wp-content\/uploads\/image_2023-08-10_042918903-900x675.png\" alt=\"\" class=\"wp-image-62751 lazyload\"\/><\/figure>\n","protected":false},"excerpt":{"rendered":"<p>Actualizare: Incendiul a fost localizat. Suprafa\u021ba afectat\u0103 este de aproximativ 4.000 de mp. Mai multe autospeciale s-au retras de la fa\u021ba locului, incendiul r\u0103mas manifest\u00e2ndu-se f\u0103r\u0103 flacar\u0103, doar cu fum. Peste 600 mp de vegeta\u021bie ard, \u00een acest moment, l\u00e2ng\u0103 biserica de lemn de la Potcoav\u0103. Incendiul nu este controlat. Ini\u021bial, la fa\u021ba locului s-au [&hellip;]<\/p>\n","protected":false},"author":47,"featured_media":61827,"comment_status":"open","ping_status":"open","sticky":false,"template":"","format":"standard","meta":{"_acf_changed":false,"inline_featured_image":false,"ngg_post_thumbnail":0,"footnotes":""},"categories":[5762,62],"tags":[6656,341,5726,840,343,6657,6658,6659,56,6403,6660],"ppma_author":[22580],"class_list":["post-61822","post","type-post","status-publish","format-standard","has-post-thumbnail","hentry","category-main","category-stiri","tag-biserica-de-lemn","tag-incendiu","tag-ior","tag-isu","tag-pompieri","tag-potcoava","tag-titan","tag-uscata","tag-vant","tag-vegetatie","tag-zona-retrocedata"],"acf":[],"yoast_head":"<!-- This site is optimized with the Yoast SEO Premium plugin v25.3 (Yoast SEO v27.5) - https:\/\/yoast.com\/product\/yoast-seo-premium-wordpress\/ -->\n<title>Incendiu de vegeta\u021bie \u00een zona retrocedat\u0103 a parcului IOR - Buletin de Bucure\u0219ti<\/title>\n<meta name=\"robots\" content=\"index, follow, max-snippet:-1, max-image-preview:large, max-video-preview:-1\" \/>\n<link rel=\"canonical\" href=\"https:\/\/buletin.de\/bucuresti\/incendiu-de-vegetatie-in-zona-retrocedata-a-parcului-ior\/\" \/>\n<meta property=\"og:locale\" content=\"en_GB\" \/>\n<meta property=\"og:type\" content=\"article\" \/>\n<meta property=\"og:title\" content=\"Incendiu de vegeta\u021bie \u00een zona retrocedat\u0103 a parcului IOR\" \/>\n<meta property=\"og:description\" content=\"Actualizare: Incendiul a fost localizat. Suprafa\u021ba afectat\u0103 este de aproximativ 4.000 de mp. Mai multe autospeciale s-au retras de la fa\u021ba locului, incendiul r\u0103mas manifest\u00e2ndu-se f\u0103r\u0103 flacar\u0103, doar cu fum. Peste 600 mp de vegeta\u021bie ard, \u00een acest moment, l\u00e2ng\u0103 biserica de lemn de la Potcoav\u0103. Incendiul nu este controlat. Ini\u021bial, la fa\u021ba locului s-au [&hellip;]\" \/>\n<meta property=\"og:url\" content=\"https:\/\/buletin.de\/bucuresti\/incendiu-de-vegetatie-in-zona-retrocedata-a-parcului-ior\/\" \/>\n<meta property=\"og:site_name\" content=\"Buletin de Bucure\u0219ti\" \/>\n<meta property=\"article:publisher\" content=\"https:\/\/www.facebook.com\/buletin.de.buc\" \/>\n<meta property=\"article:published_time\" content=\"2023-08-10T09:23:48+00:00\" \/>\n<meta property=\"article:modified_time\" content=\"2023-09-18T11:49:49+00:00\" \/>\n<meta name=\"author\" content=\"Adina C\u0103p\u00eelnean\" \/>\n<meta name=\"twitter:card\" content=\"summary_large_image\" \/>\n<meta name=\"twitter:image\" content=\"https:\/\/buletin.de\/bucuresti\/wp-content\/uploads\/image_2023-08-10_042821801.png\" \/>\n<meta name=\"twitter:label1\" content=\"Written by\" \/>\n\t<meta name=\"twitter:data1\" content=\"Adina C\u0103p\u00eelnean\" \/>\n\t<meta name=\"twitter:label2\" content=\"Estimated reading time\" \/>\n\t<meta name=\"twitter:data2\" content=\"2 minutes\" \/>\n<script type=\"application\/ld+json\" class=\"yoast-schema-graph\">{\"@context\":\"https:\\\/\\\/schema.org\",\"@graph\":[{\"@type\":\"Article\",\"@id\":\"https:\\\/\\\/buletin.de\\\/bucuresti\\\/incendiu-de-vegetatie-in-zona-retrocedata-a-parcului-ior\\\/#article\",\"isPartOf\":{\"@id\":\"https:\\\/\\\/buletin.de\\\/bucuresti\\\/incendiu-de-vegetatie-in-zona-retrocedata-a-parcului-ior\\\/\"},\"author\":{\"name\":\"Adina C\u0103p\u00eelnean\",\"@id\":\"https:\\\/\\\/buletin.de\\\/bucuresti\\\/#\\\/schema\\\/person\\\/ab174cf6711728e4ee83d672acf9a912\"},\"headline\":\"Incendiu de vegeta\u021bie \u00een zona retrocedat\u0103 a parcului IOR\",\"datePublished\":\"2023-08-10T09:23:48+00:00\",\"dateModified\":\"2023-09-18T11:49:49+00:00\",\"mainEntityOfPage\":{\"@id\":\"https:\\\/\\\/buletin.de\\\/bucuresti\\\/incendiu-de-vegetatie-in-zona-retrocedata-a-parcului-ior\\\/\"},\"wordCount\":133,\"commentCount\":0,\"publisher\":{\"@id\":\"https:\\\/\\\/buletin.de\\\/bucuresti\\\/#organization\"},\"image\":{\"@id\":\"https:\\\/\\\/buletin.de\\\/bucuresti\\\/incendiu-de-vegetatie-in-zona-retrocedata-a-parcului-ior\\\/#primaryimage\"},\"thumbnailUrl\":\"https:\\\/\\\/buletin.de\\\/bucuresti\\\/wp-content\\\/uploads\\\/image_2023-08-10_042821801.png\",\"keywords\":[\"biserica de lemn\",\"incendiu\",\"IOR\",\"isu\",\"pompieri\",\"potcoava\",\"titan\",\"uscata\",\"vant\",\"vegetatie\",\"zona retrocedata\"],\"articleSection\":[\"Main\",\"\u0218tiri\"],\"inLanguage\":\"en-GB\",\"potentialAction\":[{\"@type\":\"CommentAction\",\"name\":\"Comment\",\"target\":[\"https:\\\/\\\/buletin.de\\\/bucuresti\\\/incendiu-de-vegetatie-in-zona-retrocedata-a-parcului-ior\\\/#respond\"]}],\"copyrightYear\":\"2023\",\"copyrightHolder\":{\"@id\":\"https:\\\/\\\/buletin.de\\\/bucuresti\\\/#organization\"}},{\"@type\":\"WebPage\",\"@id\":\"https:\\\/\\\/buletin.de\\\/bucuresti\\\/incendiu-de-vegetatie-in-zona-retrocedata-a-parcului-ior\\\/\",\"url\":\"https:\\\/\\\/buletin.de\\\/bucuresti\\\/incendiu-de-vegetatie-in-zona-retrocedata-a-parcului-ior\\\/\",\"name\":\"Incendiu de vegeta\u021bie \u00een zona retrocedat\u0103 a parcului IOR - Buletin de Bucure\u0219ti\",\"isPartOf\":{\"@id\":\"https:\\\/\\\/buletin.de\\\/bucuresti\\\/#website\"},\"primaryImageOfPage\":{\"@id\":\"https:\\\/\\\/buletin.de\\\/bucuresti\\\/incendiu-de-vegetatie-in-zona-retrocedata-a-parcului-ior\\\/#primaryimage\"},\"image\":{\"@id\":\"https:\\\/\\\/buletin.de\\\/bucuresti\\\/incendiu-de-vegetatie-in-zona-retrocedata-a-parcului-ior\\\/#primaryimage\"},\"thumbnailUrl\":\"https:\\\/\\\/buletin.de\\\/bucuresti\\\/wp-content\\\/uploads\\\/image_2023-08-10_042821801.png\",\"datePublished\":\"2023-08-10T09:23:48+00:00\",\"dateModified\":\"2023-09-18T11:49:49+00:00\",\"breadcrumb\":{\"@id\":\"https:\\\/\\\/buletin.de\\\/bucuresti\\\/incendiu-de-vegetatie-in-zona-retrocedata-a-parcului-ior\\\/#breadcrumb\"},\"inLanguage\":\"en-GB\",\"potentialAction\":[{\"@type\":\"ReadAction\",\"target\":[\"https:\\\/\\\/buletin.de\\\/bucuresti\\\/incendiu-de-vegetatie-in-zona-retrocedata-a-parcului-ior\\\/\"]}]},{\"@type\":\"ImageObject\",\"inLanguage\":\"en-GB\",\"@id\":\"https:\\\/\\\/buletin.de\\\/bucuresti\\\/incendiu-de-vegetatie-in-zona-retrocedata-a-parcului-ior\\\/#primaryimage\",\"url\":\"https:\\\/\\\/buletin.de\\\/bucuresti\\\/wp-content\\\/uploads\\\/image_2023-08-10_042821801.png\",\"contentUrl\":\"https:\\\/\\\/buletin.de\\\/bucuresti\\\/wp-content\\\/uploads\\\/image_2023-08-10_042821801.png\",\"width\":1600,\"height\":1200},{\"@type\":\"BreadcrumbList\",\"@id\":\"https:\\\/\\\/buletin.de\\\/bucuresti\\\/incendiu-de-vegetatie-in-zona-retrocedata-a-parcului-ior\\\/#breadcrumb\",\"itemListElement\":[{\"@type\":\"ListItem\",\"position\":1,\"name\":\"Acas\u0103\",\"item\":\"https:\\\/\\\/buletin.de\\\/bucuresti\\\/\"},{\"@type\":\"ListItem\",\"position\":2,\"name\":\"Incendiu de vegeta\u021bie \u00een zona retrocedat\u0103 a parcului IOR\"}]},{\"@type\":\"WebSite\",\"@id\":\"https:\\\/\\\/buletin.de\\\/bucuresti\\\/#website\",\"url\":\"https:\\\/\\\/buletin.de\\\/bucuresti\\\/\",\"name\":\"Buletin de Bucure\u0219ti\",\"description\":\"\u0218tiri \u0219i investiga\u021bii esen\u021biale din capital\u0103\",\"publisher\":{\"@id\":\"https:\\\/\\\/buletin.de\\\/bucuresti\\\/#organization\"},\"potentialAction\":[{\"@type\":\"SearchAction\",\"target\":{\"@type\":\"EntryPoint\",\"urlTemplate\":\"https:\\\/\\\/buletin.de\\\/bucuresti\\\/?s={search_term_string}\"},\"query-input\":{\"@type\":\"PropertyValueSpecification\",\"valueRequired\":true,\"valueName\":\"search_term_string\"}}],\"inLanguage\":\"en-GB\"},{\"@type\":\"Organization\",\"@id\":\"https:\\\/\\\/buletin.de\\\/bucuresti\\\/#organization\",\"name\":\"Buletin de Bucure\u0219ti\",\"url\":\"https:\\\/\\\/buletin.de\\\/bucuresti\\\/\",\"logo\":{\"@type\":\"ImageObject\",\"inLanguage\":\"en-GB\",\"@id\":\"https:\\\/\\\/buletin.de\\\/bucuresti\\\/#\\\/schema\\\/logo\\\/image\\\/\",\"url\":\"https:\\\/\\\/buletin.de\\\/bucuresti\\\/wp-content\\\/uploads\\\/logo-bdb-full-wide-vernil-transparent.png\",\"contentUrl\":\"https:\\\/\\\/buletin.de\\\/bucuresti\\\/wp-content\\\/uploads\\\/logo-bdb-full-wide-vernil-transparent.png\",\"width\":1782,\"height\":626,\"caption\":\"Buletin de Bucure\u0219ti\"},\"image\":{\"@id\":\"https:\\\/\\\/buletin.de\\\/bucuresti\\\/#\\\/schema\\\/logo\\\/image\\\/\"},\"sameAs\":[\"https:\\\/\\\/www.facebook.com\\\/buletin.de.buc\",\"https:\\\/\\\/www.instagram.com\\\/buletinde.bucuresti\\\/\"]},{\"@type\":\"Person\",\"@id\":\"https:\\\/\\\/buletin.de\\\/bucuresti\\\/#\\\/schema\\\/person\\\/ab174cf6711728e4ee83d672acf9a912\",\"name\":\"Adina C\u0103p\u00eelnean\",\"image\":{\"@type\":\"ImageObject\",\"inLanguage\":\"en-GB\",\"@id\":\"https:\\\/\\\/secure.gravatar.com\\\/avatar\\\/4fe9675d6282fd7c1aa4e486a037d532d5728fc16a30360f293eb6126b2e73ad?s=96&d=monsterid&r=ge2b23868508aec3460d3c6a11d3b599a\",\"url\":\"https:\\\/\\\/secure.gravatar.com\\\/avatar\\\/4fe9675d6282fd7c1aa4e486a037d532d5728fc16a30360f293eb6126b2e73ad?s=96&d=monsterid&r=g\",\"contentUrl\":\"https:\\\/\\\/secure.gravatar.com\\\/avatar\\\/4fe9675d6282fd7c1aa4e486a037d532d5728fc16a30360f293eb6126b2e73ad?s=96&d=monsterid&r=g\",\"caption\":\"Adina C\u0103p\u00eelnean\"},\"url\":\"https:\\\/\\\/buletin.de\\\/bucuresti\\\/author\\\/adinacapilnean\\\/\"}]}<\/script>\n<!-- \/ Yoast SEO Premium plugin. -->","yoast_head_json":{"title":"Incendiu de vegeta\u021bie \u00een zona retrocedat\u0103 a parcului IOR - Buletin de Bucure\u0219ti","robots":{"index":"index","follow":"follow","max-snippet":"max-snippet:-1","max-image-preview":"max-image-preview:large","max-video-preview":"max-video-preview:-1"},"canonical":"https:\/\/buletin.de\/bucuresti\/incendiu-de-vegetatie-in-zona-retrocedata-a-parcului-ior\/","og_locale":"en_GB","og_type":"article","og_title":"Incendiu de vegeta\u021bie \u00een zona retrocedat\u0103 a parcului IOR","og_description":"Actualizare: Incendiul a fost localizat. Suprafa\u021ba afectat\u0103 este de aproximativ 4.000 de mp. Mai multe autospeciale s-au retras de la fa\u021ba locului, incendiul r\u0103mas manifest\u00e2ndu-se f\u0103r\u0103 flacar\u0103, doar cu fum. Peste 600 mp de vegeta\u021bie ard, \u00een acest moment, l\u00e2ng\u0103 biserica de lemn de la Potcoav\u0103. Incendiul nu este controlat. Ini\u021bial, la fa\u021ba locului s-au [&hellip;]","og_url":"https:\/\/buletin.de\/bucuresti\/incendiu-de-vegetatie-in-zona-retrocedata-a-parcului-ior\/","og_site_name":"Buletin de Bucure\u0219ti","article_publisher":"https:\/\/www.facebook.com\/buletin.de.buc","article_published_time":"2023-08-10T09:23:48+00:00","article_modified_time":"2023-09-18T11:49:49+00:00","author":"Adina C\u0103p\u00eelnean","twitter_card":"summary_large_image","twitter_image":"https:\/\/buletin.de\/bucuresti\/wp-content\/uploads\/image_2023-08-10_042821801.png","twitter_misc":{"Written by":"Adina C\u0103p\u00eelnean","Estimated reading time":"2 minutes"},"schema":{"@context":"https:\/\/schema.org","@graph":[{"@type":"Article","@id":"https:\/\/buletin.de\/bucuresti\/incendiu-de-vegetatie-in-zona-retrocedata-a-parcului-ior\/#article","isPartOf":{"@id":"https:\/\/buletin.de\/bucuresti\/incendiu-de-vegetatie-in-zona-retrocedata-a-parcului-ior\/"},"author":{"name":"Adina C\u0103p\u00eelnean","@id":"https:\/\/buletin.de\/bucuresti\/#\/schema\/person\/ab174cf6711728e4ee83d672acf9a912"},"headline":"Incendiu de vegeta\u021bie \u00een zona retrocedat\u0103 a parcului IOR","datePublished":"2023-08-10T09:23:48+00:00","dateModified":"2023-09-18T11:49:49+00:00","mainEntityOfPage":{"@id":"https:\/\/buletin.de\/bucuresti\/incendiu-de-vegetatie-in-zona-retrocedata-a-parcului-ior\/"},"wordCount":133,"commentCount":0,"publisher":{"@id":"https:\/\/buletin.de\/bucuresti\/#organization"},"image":{"@id":"https:\/\/buletin.de\/bucuresti\/incendiu-de-vegetatie-in-zona-retrocedata-a-parcului-ior\/#primaryimage"},"thumbnailUrl":"https:\/\/buletin.de\/bucuresti\/wp-content\/uploads\/image_2023-08-10_042821801.png","keywords":["biserica de lemn","incendiu","IOR","isu","pompieri","potcoava","titan","uscata","vant","vegetatie","zona retrocedata"],"articleSection":["Main","\u0218tiri"],"inLanguage":"en-GB","potentialAction":[{"@type":"CommentAction","name":"Comment","target":["https:\/\/buletin.de\/bucuresti\/incendiu-de-vegetatie-in-zona-retrocedata-a-parcului-ior\/#respond"]}],"copyrightYear":"2023","copyrightHolder":{"@id":"https:\/\/buletin.de\/bucuresti\/#organization"}},{"@type":"WebPage","@id":"https:\/\/buletin.de\/bucuresti\/incendiu-de-vegetatie-in-zona-retrocedata-a-parcului-ior\/","url":"https:\/\/buletin.de\/bucuresti\/incendiu-de-vegetatie-in-zona-retrocedata-a-parcului-ior\/","name":"Incendiu de vegeta\u021bie \u00een zona retrocedat\u0103 a parcului IOR - Buletin de Bucure\u0219ti","isPartOf":{"@id":"https:\/\/buletin.de\/bucuresti\/#website"},"primaryImageOfPage":{"@id":"https:\/\/buletin.de\/bucuresti\/incendiu-de-vegetatie-in-zona-retrocedata-a-parcului-ior\/#primaryimage"},"image":{"@id":"https:\/\/buletin.de\/bucuresti\/incendiu-de-vegetatie-in-zona-retrocedata-a-parcului-ior\/#primaryimage"},"thumbnailUrl":"https:\/\/buletin.de\/bucuresti\/wp-content\/uploads\/image_2023-08-10_042821801.png","datePublished":"2023-08-10T09:23:48+00:00","dateModified":"2023-09-18T11:49:49+00:00","breadcrumb":{"@id":"https:\/\/buletin.de\/bucuresti\/incendiu-de-vegetatie-in-zona-retrocedata-a-parcului-ior\/#breadcrumb"},"inLanguage":"en-GB","potentialAction":[{"@type":"ReadAction","target":["https:\/\/buletin.de\/bucuresti\/incendiu-de-vegetatie-in-zona-retrocedata-a-parcului-ior\/"]}]},{"@type":"ImageObject","inLanguage":"en-GB","@id":"https:\/\/buletin.de\/bucuresti\/incendiu-de-vegetatie-in-zona-retrocedata-a-parcului-ior\/#primaryimage","url":"https:\/\/buletin.de\/bucuresti\/wp-content\/uploads\/image_2023-08-10_042821801.png","contentUrl":"https:\/\/buletin.de\/bucuresti\/wp-content\/uploads\/image_2023-08-10_042821801.png","width":1600,"height":1200},{"@type":"BreadcrumbList","@id":"https:\/\/buletin.de\/bucuresti\/incendiu-de-vegetatie-in-zona-retrocedata-a-parcului-ior\/#breadcrumb","itemListElement":[{"@type":"ListItem","position":1,"name":"Acas\u0103","item":"https:\/\/buletin.de\/bucuresti\/"},{"@type":"ListItem","position":2,"name":"Incendiu de vegeta\u021bie \u00een zona retrocedat\u0103 a parcului IOR"}]},{"@type":"WebSite","@id":"https:\/\/buletin.de\/bucuresti\/#website","url":"https:\/\/buletin.de\/bucuresti\/","name":"Buletin de Bucure\u0219ti","description":"\u0218tiri \u0219i investiga\u021bii esen\u021biale din capital\u0103","publisher":{"@id":"https:\/\/buletin.de\/bucuresti\/#organization"},"potentialAction":[{"@type":"SearchAction","target":{"@type":"EntryPoint","urlTemplate":"https:\/\/buletin.de\/bucuresti\/?s={search_term_string}"},"query-input":{"@type":"PropertyValueSpecification","valueRequired":true,"valueName":"search_term_string"}}],"inLanguage":"en-GB"},{"@type":"Organization","@id":"https:\/\/buletin.de\/bucuresti\/#organization","name":"Buletin de Bucure\u0219ti","url":"https:\/\/buletin.de\/bucuresti\/","logo":{"@type":"ImageObject","inLanguage":"en-GB","@id":"https:\/\/buletin.de\/bucuresti\/#\/schema\/logo\/image\/","url":"https:\/\/buletin.de\/bucuresti\/wp-content\/uploads\/logo-bdb-full-wide-vernil-transparent.png","contentUrl":"https:\/\/buletin.de\/bucuresti\/wp-content\/uploads\/logo-bdb-full-wide-vernil-transparent.png","width":1782,"height":626,"caption":"Buletin de Bucure\u0219ti"},"image":{"@id":"https:\/\/buletin.de\/bucuresti\/#\/schema\/logo\/image\/"},"sameAs":["https:\/\/www.facebook.com\/buletin.de.buc","https:\/\/www.instagram.com\/buletinde.bucuresti\/"]},{"@type":"Person","@id":"https:\/\/buletin.de\/bucuresti\/#\/schema\/person\/ab174cf6711728e4ee83d672acf9a912","name":"Adina C\u0103p\u00eelnean","image":{"@type":"ImageObject","inLanguage":"en-GB","@id":"https:\/\/secure.gravatar.com\/avatar\/4fe9675d6282fd7c1aa4e486a037d532d5728fc16a30360f293eb6126b2e73ad?s=96&d=monsterid&r=ge2b23868508aec3460d3c6a11d3b599a","url":"https:\/\/secure.gravatar.com\/avatar\/4fe9675d6282fd7c1aa4e486a037d532d5728fc16a30360f293eb6126b2e73ad?s=96&d=monsterid&r=g","contentUrl":"https:\/\/secure.gravatar.com\/avatar\/4fe9675d6282fd7c1aa4e486a037d532d5728fc16a30360f293eb6126b2e73ad?s=96&d=monsterid&r=g","caption":"Adina C\u0103p\u00eelnean"},"url":"https:\/\/buletin.de\/bucuresti\/author\/adinacapilnean\/"}]}},"authors":[{"term_id":22580,"user_id":47,"is_guest":0,"slug":"adinacapilnean","display_name":"Adina C\u0103p\u00eelnean","avatar_url":"https:\/\/secure.gravatar.com\/avatar\/4fe9675d6282fd7c1aa4e486a037d532d5728fc16a30360f293eb6126b2e73ad?s=96&d=monsterid&r=g","0":null,"1":"","2":"","3":"","4":"","5":"","6":"","7":"","8":""}],"_links":{"self":[{"href":"https:\/\/buletin.de\/bucuresti\/wp-json\/wp\/v2\/posts\/61822","targetHints":{"allow":["GET"]}}],"collection":[{"href":"https:\/\/buletin.de\/bucuresti\/wp-json\/wp\/v2\/posts"}],"about":[{"href":"https:\/\/buletin.de\/bucuresti\/wp-json\/wp\/v2\/types\/post"}],"author":[{"embeddable":true,"href":"https:\/\/buletin.de\/bucuresti\/wp-json\/wp\/v2\/users\/47"}],"replies":[{"embeddable":true,"href":"https:\/\/buletin.de\/bucuresti\/wp-json\/wp\/v2\/comments?post=61822"}],"version-history":[{"count":1,"href":"https:\/\/buletin.de\/bucuresti\/wp-json\/wp\/v2\/posts\/61822\/revisions"}],"predecessor-version":[{"id":61826,"href":"https:\/\/buletin.de\/bucuresti\/wp-json\/wp\/v2\/posts\/61822\/revisions\/61826"}],"wp:featuredmedia":[{"embeddable":true,"href":"https:\/\/buletin.de\/bucuresti\/wp-json\/wp\/v2\/media\/61827"}],"wp:attachment":[{"href":"https:\/\/buletin.de\/bucuresti\/wp-json\/wp\/v2\/media?parent=61822"}],"wp:term":[{"taxonomy":"category","embeddable":true,"href":"https:\/\/buletin.de\/bucuresti\/wp-json\/wp\/v2\/categories?post=61822"},{"taxonomy":"post_tag","embeddable":true,"href":"https:\/\/buletin.de\/bucuresti\/wp-json\/wp\/v2\/tags?post=61822"},{"taxonomy":"author","embeddable":true,"href":"https:\/\/buletin.de\/bucuresti\/wp-json\/wp\/v2\/ppma_author?post=61822"}],"curies":[{"name":"wp","href":"https:\/\/api.w.org\/{rel}","templated":true}]}}