{"id":61816,"date":"2023-08-10T09:24:02","date_gmt":"2023-08-10T07:24:02","guid":{"rendered":"https:\/\/buletin.de\/bucuresti\/calea-floreasca-si-strada-radu-beller-devin-strazi-cu-sens-unic\/"},"modified":"2023-08-10T09:24:02","modified_gmt":"2023-08-10T07:24:02","slug":"calea-floreasca-si-strada-radu-beller-devin-strazi-cu-sens-unic","status":"publish","type":"post","link":"https:\/\/buletin.de\/bucuresti\/calea-floreasca-si-strada-radu-beller-devin-strazi-cu-sens-unic\/","title":{"rendered":"Calea Floreasca \u0219i strada Radu Beller devin artere cu sens unic"},"content":{"rendered":"\n<p><strong>\u00cencep\u00e2nd de luni, 14 august, Calea Floreasca \u0219i str. Radu Beller devin str\u0103zi cu sens unic. Calea Floreasca devine sens unic de circula\u021bie pe direc\u021bia \u0218oseaua \u0218tefan cel Mare c\u0103tre intersec\u021bia Calea Floreasca cu strada Ceaikovski<\/strong>, <strong>anun\u021b\u0103 prim\u0103ria Capitalei.<\/strong><\/p>\n\n\n\n<p>Autobuzele STB vor circula pe banda special\u0103 pentru transportul \u00een comun dinspre Str. Ceaikovski spre \u0218oseaua \u0218tefan cel Mare. Pe acela\u0219i sens va fi \u0219i pista pentru biciclete.<\/p>\n\n\n\n<p>Strada Radu Beller devine sens unic dinspre Bd. Mircea Eliade spre Pia\u021ba Doroban\u021bi.<\/p>\n\n\n\n<p>Autobuzele STB vor circula pe banda dedicat\u0103 de la Pia\u021ba Doroban\u021bi c\u0103tre Bd. Mircea Eliade. Pe acela\u0219i sens vor circula \u0219i bicicletele, pe pista special creat\u0103.<\/p>\n\n\n\n<p>Pentru aceste lucr\u0103ri, Administra\u021bia Str\u0103zilor Bucure\u0219ti a f\u0103cut lucr\u0103ri de frezare, asfaltare, creare de benzi unice pentru autobuz, trasare a marcajelor rutiere corespunz\u0103toare \u0219i a locurilor de parcare. De asemenea au fost puse covoarele verzi pentru pistele de biciclete \u0219i au fost  amplasate semnele de circula\u021bie specifice.<\/p>\n","protected":false},"excerpt":{"rendered":"<p>\u00cencep\u00e2nd de luni, 14 august, Calea Floreasca \u0219i str. Radu Beller devin str\u0103zi cu sens unic. Calea Floreasca devine sens unic de circula\u021bie pe direc\u021bia \u0218oseaua \u0218tefan cel Mare c\u0103tre intersec\u021bia Calea Floreasca cu strada Ceaikovski, anun\u021b\u0103 prim\u0103ria Capitalei. Autobuzele STB vor circula pe banda special\u0103 pentru transportul \u00een comun dinspre Str. Ceaikovski spre \u0218oseaua [&hellip;]<\/p>\n","protected":false},"author":49,"featured_media":61817,"comment_status":"open","ping_status":"open","sticky":false,"template":"","format":"standard","meta":{"_acf_changed":false,"inline_featured_image":false,"ngg_post_thumbnail":0,"footnotes":""},"categories":[62],"tags":[6348,6654,4820],"ppma_author":[22574],"class_list":["post-61816","post","type-post","status-publish","format-standard","has-post-thumbnail","hentry","category-stiri","tag-calea-floreasca","tag-radu-beller","tag-sensuri-unice"],"acf":[],"yoast_head":"<!-- This site is optimized with the Yoast SEO Premium plugin v25.3 (Yoast SEO v27.4) - https:\/\/yoast.com\/product\/yoast-seo-premium-wordpress\/ -->\n<title>Calea Floreasca \u0219i strada Radu Beller devin artere cu sens unic - Buletin de Bucure\u0219ti<\/title>\n<meta name=\"robots\" content=\"index, follow, max-snippet:-1, max-image-preview:large, max-video-preview:-1\" \/>\n<link rel=\"canonical\" href=\"https:\/\/buletin.de\/bucuresti\/calea-floreasca-si-strada-radu-beller-devin-strazi-cu-sens-unic\/\" \/>\n<meta property=\"og:locale\" content=\"en_GB\" \/>\n<meta property=\"og:type\" content=\"article\" \/>\n<meta property=\"og:title\" content=\"Calea Floreasca \u0219i strada Radu Beller devin artere cu sens unic\" \/>\n<meta property=\"og:description\" content=\"\u00cencep\u00e2nd de luni, 14 august, Calea Floreasca \u0219i str. Radu Beller devin str\u0103zi cu sens unic. Calea Floreasca devine sens unic de circula\u021bie pe direc\u021bia \u0218oseaua \u0218tefan cel Mare c\u0103tre intersec\u021bia Calea Floreasca cu strada Ceaikovski, anun\u021b\u0103 prim\u0103ria Capitalei. Autobuzele STB vor circula pe banda special\u0103 pentru transportul \u00een comun dinspre Str. Ceaikovski spre \u0218oseaua [&hellip;]\" \/>\n<meta property=\"og:url\" content=\"https:\/\/buletin.de\/bucuresti\/calea-floreasca-si-strada-radu-beller-devin-strazi-cu-sens-unic\/\" \/>\n<meta property=\"og:site_name\" content=\"Buletin de Bucure\u0219ti\" \/>\n<meta property=\"article:publisher\" content=\"https:\/\/www.facebook.com\/buletin.de.buc\" \/>\n<meta property=\"article:published_time\" content=\"2023-08-10T07:24:02+00:00\" \/>\n<meta property=\"og:image\" content=\"https:\/\/buletin.de\/bucuresti\/wp-content\/uploads\/sens-unic-2.jpeg\" \/>\n\t<meta property=\"og:image:width\" content=\"2048\" \/>\n\t<meta property=\"og:image:height\" content=\"1152\" \/>\n\t<meta property=\"og:image:type\" content=\"image\/jpeg\" \/>\n<meta name=\"author\" content=\"Diana Matei\" \/>\n<meta name=\"twitter:card\" content=\"summary_large_image\" \/>\n<meta name=\"twitter:label1\" content=\"Written by\" \/>\n\t<meta name=\"twitter:data1\" content=\"Diana Matei\" \/>\n\t<meta name=\"twitter:label2\" content=\"Estimated reading time\" \/>\n\t<meta name=\"twitter:data2\" content=\"1 minute\" \/>\n<script type=\"application\/ld+json\" class=\"yoast-schema-graph\">{\"@context\":\"https:\\\/\\\/schema.org\",\"@graph\":[{\"@type\":\"Article\",\"@id\":\"https:\\\/\\\/buletin.de\\\/bucuresti\\\/calea-floreasca-si-strada-radu-beller-devin-strazi-cu-sens-unic\\\/#article\",\"isPartOf\":{\"@id\":\"https:\\\/\\\/buletin.de\\\/bucuresti\\\/calea-floreasca-si-strada-radu-beller-devin-strazi-cu-sens-unic\\\/\"},\"author\":{\"name\":\"Diana Matei\",\"@id\":\"https:\\\/\\\/buletin.de\\\/bucuresti\\\/#\\\/schema\\\/person\\\/7e46040573290777280a0835d81ea4ea\"},\"headline\":\"Calea Floreasca \u0219i strada Radu Beller devin artere cu sens unic\",\"datePublished\":\"2023-08-10T07:24:02+00:00\",\"mainEntityOfPage\":{\"@id\":\"https:\\\/\\\/buletin.de\\\/bucuresti\\\/calea-floreasca-si-strada-radu-beller-devin-strazi-cu-sens-unic\\\/\"},\"wordCount\":185,\"commentCount\":0,\"publisher\":{\"@id\":\"https:\\\/\\\/buletin.de\\\/bucuresti\\\/#organization\"},\"image\":{\"@id\":\"https:\\\/\\\/buletin.de\\\/bucuresti\\\/calea-floreasca-si-strada-radu-beller-devin-strazi-cu-sens-unic\\\/#primaryimage\"},\"thumbnailUrl\":\"https:\\\/\\\/buletin.de\\\/bucuresti\\\/wp-content\\\/uploads\\\/sens-unic-2.jpeg\",\"keywords\":[\"calea floreasca\",\"radu beller\",\"Sensuri unice\"],\"articleSection\":[\"\u0218tiri\"],\"inLanguage\":\"en-GB\",\"potentialAction\":[{\"@type\":\"CommentAction\",\"name\":\"Comment\",\"target\":[\"https:\\\/\\\/buletin.de\\\/bucuresti\\\/calea-floreasca-si-strada-radu-beller-devin-strazi-cu-sens-unic\\\/#respond\"]}],\"copyrightYear\":\"2023\",\"copyrightHolder\":{\"@id\":\"https:\\\/\\\/buletin.de\\\/bucuresti\\\/#organization\"}},{\"@type\":\"WebPage\",\"@id\":\"https:\\\/\\\/buletin.de\\\/bucuresti\\\/calea-floreasca-si-strada-radu-beller-devin-strazi-cu-sens-unic\\\/\",\"url\":\"https:\\\/\\\/buletin.de\\\/bucuresti\\\/calea-floreasca-si-strada-radu-beller-devin-strazi-cu-sens-unic\\\/\",\"name\":\"Calea Floreasca \u0219i strada Radu Beller devin artere cu sens unic - Buletin de Bucure\u0219ti\",\"isPartOf\":{\"@id\":\"https:\\\/\\\/buletin.de\\\/bucuresti\\\/#website\"},\"primaryImageOfPage\":{\"@id\":\"https:\\\/\\\/buletin.de\\\/bucuresti\\\/calea-floreasca-si-strada-radu-beller-devin-strazi-cu-sens-unic\\\/#primaryimage\"},\"image\":{\"@id\":\"https:\\\/\\\/buletin.de\\\/bucuresti\\\/calea-floreasca-si-strada-radu-beller-devin-strazi-cu-sens-unic\\\/#primaryimage\"},\"thumbnailUrl\":\"https:\\\/\\\/buletin.de\\\/bucuresti\\\/wp-content\\\/uploads\\\/sens-unic-2.jpeg\",\"datePublished\":\"2023-08-10T07:24:02+00:00\",\"breadcrumb\":{\"@id\":\"https:\\\/\\\/buletin.de\\\/bucuresti\\\/calea-floreasca-si-strada-radu-beller-devin-strazi-cu-sens-unic\\\/#breadcrumb\"},\"inLanguage\":\"en-GB\",\"potentialAction\":[{\"@type\":\"ReadAction\",\"target\":[\"https:\\\/\\\/buletin.de\\\/bucuresti\\\/calea-floreasca-si-strada-radu-beller-devin-strazi-cu-sens-unic\\\/\"]}]},{\"@type\":\"ImageObject\",\"inLanguage\":\"en-GB\",\"@id\":\"https:\\\/\\\/buletin.de\\\/bucuresti\\\/calea-floreasca-si-strada-radu-beller-devin-strazi-cu-sens-unic\\\/#primaryimage\",\"url\":\"https:\\\/\\\/buletin.de\\\/bucuresti\\\/wp-content\\\/uploads\\\/sens-unic-2.jpeg\",\"contentUrl\":\"https:\\\/\\\/buletin.de\\\/bucuresti\\\/wp-content\\\/uploads\\\/sens-unic-2.jpeg\",\"width\":2048,\"height\":1152},{\"@type\":\"BreadcrumbList\",\"@id\":\"https:\\\/\\\/buletin.de\\\/bucuresti\\\/calea-floreasca-si-strada-radu-beller-devin-strazi-cu-sens-unic\\\/#breadcrumb\",\"itemListElement\":[{\"@type\":\"ListItem\",\"position\":1,\"name\":\"Acas\u0103\",\"item\":\"https:\\\/\\\/buletin.de\\\/bucuresti\\\/\"},{\"@type\":\"ListItem\",\"position\":2,\"name\":\"Calea Floreasca \u0219i strada Radu Beller devin artere cu sens unic\"}]},{\"@type\":\"WebSite\",\"@id\":\"https:\\\/\\\/buletin.de\\\/bucuresti\\\/#website\",\"url\":\"https:\\\/\\\/buletin.de\\\/bucuresti\\\/\",\"name\":\"Buletin de Bucure\u0219ti\",\"description\":\"\u0218tiri \u0219i investiga\u021bii esen\u021biale din capital\u0103\",\"publisher\":{\"@id\":\"https:\\\/\\\/buletin.de\\\/bucuresti\\\/#organization\"},\"potentialAction\":[{\"@type\":\"SearchAction\",\"target\":{\"@type\":\"EntryPoint\",\"urlTemplate\":\"https:\\\/\\\/buletin.de\\\/bucuresti\\\/?s={search_term_string}\"},\"query-input\":{\"@type\":\"PropertyValueSpecification\",\"valueRequired\":true,\"valueName\":\"search_term_string\"}}],\"inLanguage\":\"en-GB\"},{\"@type\":\"Organization\",\"@id\":\"https:\\\/\\\/buletin.de\\\/bucuresti\\\/#organization\",\"name\":\"Buletin de Bucure\u0219ti\",\"url\":\"https:\\\/\\\/buletin.de\\\/bucuresti\\\/\",\"logo\":{\"@type\":\"ImageObject\",\"inLanguage\":\"en-GB\",\"@id\":\"https:\\\/\\\/buletin.de\\\/bucuresti\\\/#\\\/schema\\\/logo\\\/image\\\/\",\"url\":\"https:\\\/\\\/buletin.de\\\/bucuresti\\\/wp-content\\\/uploads\\\/logo-bdb-full-wide-vernil-transparent.png\",\"contentUrl\":\"https:\\\/\\\/buletin.de\\\/bucuresti\\\/wp-content\\\/uploads\\\/logo-bdb-full-wide-vernil-transparent.png\",\"width\":1782,\"height\":626,\"caption\":\"Buletin de Bucure\u0219ti\"},\"image\":{\"@id\":\"https:\\\/\\\/buletin.de\\\/bucuresti\\\/#\\\/schema\\\/logo\\\/image\\\/\"},\"sameAs\":[\"https:\\\/\\\/www.facebook.com\\\/buletin.de.buc\",\"https:\\\/\\\/www.instagram.com\\\/buletinde.bucuresti\\\/\"]},{\"@type\":\"Person\",\"@id\":\"https:\\\/\\\/buletin.de\\\/bucuresti\\\/#\\\/schema\\\/person\\\/7e46040573290777280a0835d81ea4ea\",\"name\":\"Diana Matei\",\"image\":{\"@type\":\"ImageObject\",\"inLanguage\":\"en-GB\",\"@id\":\"https:\\\/\\\/buletin.de\\\/bucuresti\\\/wp-content\\\/uploads\\\/9-2-96x96.jpg1e8590b30871d70e62ebcdaf2eff570c\",\"url\":\"https:\\\/\\\/buletin.de\\\/bucuresti\\\/wp-content\\\/uploads\\\/9-2-96x96.jpg\",\"contentUrl\":\"https:\\\/\\\/buletin.de\\\/bucuresti\\\/wp-content\\\/uploads\\\/9-2-96x96.jpg\",\"caption\":\"Diana Matei\"},\"url\":\"https:\\\/\\\/buletin.de\\\/bucuresti\\\/author\\\/dianamatei\\\/\"}]}<\/script>\n<!-- \/ Yoast SEO Premium plugin. -->","yoast_head_json":{"title":"Calea Floreasca \u0219i strada Radu Beller devin artere cu sens unic - Buletin de Bucure\u0219ti","robots":{"index":"index","follow":"follow","max-snippet":"max-snippet:-1","max-image-preview":"max-image-preview:large","max-video-preview":"max-video-preview:-1"},"canonical":"https:\/\/buletin.de\/bucuresti\/calea-floreasca-si-strada-radu-beller-devin-strazi-cu-sens-unic\/","og_locale":"en_GB","og_type":"article","og_title":"Calea Floreasca \u0219i strada Radu Beller devin artere cu sens unic","og_description":"\u00cencep\u00e2nd de luni, 14 august, Calea Floreasca \u0219i str. Radu Beller devin str\u0103zi cu sens unic. Calea Floreasca devine sens unic de circula\u021bie pe direc\u021bia \u0218oseaua \u0218tefan cel Mare c\u0103tre intersec\u021bia Calea Floreasca cu strada Ceaikovski, anun\u021b\u0103 prim\u0103ria Capitalei. Autobuzele STB vor circula pe banda special\u0103 pentru transportul \u00een comun dinspre Str. Ceaikovski spre \u0218oseaua [&hellip;]","og_url":"https:\/\/buletin.de\/bucuresti\/calea-floreasca-si-strada-radu-beller-devin-strazi-cu-sens-unic\/","og_site_name":"Buletin de Bucure\u0219ti","article_publisher":"https:\/\/www.facebook.com\/buletin.de.buc","article_published_time":"2023-08-10T07:24:02+00:00","og_image":[{"width":2048,"height":1152,"url":"https:\/\/buletin.de\/bucuresti\/wp-content\/uploads\/sens-unic-2.jpeg","type":"image\/jpeg"}],"author":"Diana Matei","twitter_card":"summary_large_image","twitter_misc":{"Written by":"Diana Matei","Estimated reading time":"1 minute"},"schema":{"@context":"https:\/\/schema.org","@graph":[{"@type":"Article","@id":"https:\/\/buletin.de\/bucuresti\/calea-floreasca-si-strada-radu-beller-devin-strazi-cu-sens-unic\/#article","isPartOf":{"@id":"https:\/\/buletin.de\/bucuresti\/calea-floreasca-si-strada-radu-beller-devin-strazi-cu-sens-unic\/"},"author":{"name":"Diana Matei","@id":"https:\/\/buletin.de\/bucuresti\/#\/schema\/person\/7e46040573290777280a0835d81ea4ea"},"headline":"Calea Floreasca \u0219i strada Radu Beller devin artere cu sens unic","datePublished":"2023-08-10T07:24:02+00:00","mainEntityOfPage":{"@id":"https:\/\/buletin.de\/bucuresti\/calea-floreasca-si-strada-radu-beller-devin-strazi-cu-sens-unic\/"},"wordCount":185,"commentCount":0,"publisher":{"@id":"https:\/\/buletin.de\/bucuresti\/#organization"},"image":{"@id":"https:\/\/buletin.de\/bucuresti\/calea-floreasca-si-strada-radu-beller-devin-strazi-cu-sens-unic\/#primaryimage"},"thumbnailUrl":"https:\/\/buletin.de\/bucuresti\/wp-content\/uploads\/sens-unic-2.jpeg","keywords":["calea floreasca","radu beller","Sensuri unice"],"articleSection":["\u0218tiri"],"inLanguage":"en-GB","potentialAction":[{"@type":"CommentAction","name":"Comment","target":["https:\/\/buletin.de\/bucuresti\/calea-floreasca-si-strada-radu-beller-devin-strazi-cu-sens-unic\/#respond"]}],"copyrightYear":"2023","copyrightHolder":{"@id":"https:\/\/buletin.de\/bucuresti\/#organization"}},{"@type":"WebPage","@id":"https:\/\/buletin.de\/bucuresti\/calea-floreasca-si-strada-radu-beller-devin-strazi-cu-sens-unic\/","url":"https:\/\/buletin.de\/bucuresti\/calea-floreasca-si-strada-radu-beller-devin-strazi-cu-sens-unic\/","name":"Calea Floreasca \u0219i strada Radu Beller devin artere cu sens unic - Buletin de Bucure\u0219ti","isPartOf":{"@id":"https:\/\/buletin.de\/bucuresti\/#website"},"primaryImageOfPage":{"@id":"https:\/\/buletin.de\/bucuresti\/calea-floreasca-si-strada-radu-beller-devin-strazi-cu-sens-unic\/#primaryimage"},"image":{"@id":"https:\/\/buletin.de\/bucuresti\/calea-floreasca-si-strada-radu-beller-devin-strazi-cu-sens-unic\/#primaryimage"},"thumbnailUrl":"https:\/\/buletin.de\/bucuresti\/wp-content\/uploads\/sens-unic-2.jpeg","datePublished":"2023-08-10T07:24:02+00:00","breadcrumb":{"@id":"https:\/\/buletin.de\/bucuresti\/calea-floreasca-si-strada-radu-beller-devin-strazi-cu-sens-unic\/#breadcrumb"},"inLanguage":"en-GB","potentialAction":[{"@type":"ReadAction","target":["https:\/\/buletin.de\/bucuresti\/calea-floreasca-si-strada-radu-beller-devin-strazi-cu-sens-unic\/"]}]},{"@type":"ImageObject","inLanguage":"en-GB","@id":"https:\/\/buletin.de\/bucuresti\/calea-floreasca-si-strada-radu-beller-devin-strazi-cu-sens-unic\/#primaryimage","url":"https:\/\/buletin.de\/bucuresti\/wp-content\/uploads\/sens-unic-2.jpeg","contentUrl":"https:\/\/buletin.de\/bucuresti\/wp-content\/uploads\/sens-unic-2.jpeg","width":2048,"height":1152},{"@type":"BreadcrumbList","@id":"https:\/\/buletin.de\/bucuresti\/calea-floreasca-si-strada-radu-beller-devin-strazi-cu-sens-unic\/#breadcrumb","itemListElement":[{"@type":"ListItem","position":1,"name":"Acas\u0103","item":"https:\/\/buletin.de\/bucuresti\/"},{"@type":"ListItem","position":2,"name":"Calea Floreasca \u0219i strada Radu Beller devin artere cu sens unic"}]},{"@type":"WebSite","@id":"https:\/\/buletin.de\/bucuresti\/#website","url":"https:\/\/buletin.de\/bucuresti\/","name":"Buletin de Bucure\u0219ti","description":"\u0218tiri \u0219i investiga\u021bii esen\u021biale din capital\u0103","publisher":{"@id":"https:\/\/buletin.de\/bucuresti\/#organization"},"potentialAction":[{"@type":"SearchAction","target":{"@type":"EntryPoint","urlTemplate":"https:\/\/buletin.de\/bucuresti\/?s={search_term_string}"},"query-input":{"@type":"PropertyValueSpecification","valueRequired":true,"valueName":"search_term_string"}}],"inLanguage":"en-GB"},{"@type":"Organization","@id":"https:\/\/buletin.de\/bucuresti\/#organization","name":"Buletin de Bucure\u0219ti","url":"https:\/\/buletin.de\/bucuresti\/","logo":{"@type":"ImageObject","inLanguage":"en-GB","@id":"https:\/\/buletin.de\/bucuresti\/#\/schema\/logo\/image\/","url":"https:\/\/buletin.de\/bucuresti\/wp-content\/uploads\/logo-bdb-full-wide-vernil-transparent.png","contentUrl":"https:\/\/buletin.de\/bucuresti\/wp-content\/uploads\/logo-bdb-full-wide-vernil-transparent.png","width":1782,"height":626,"caption":"Buletin de Bucure\u0219ti"},"image":{"@id":"https:\/\/buletin.de\/bucuresti\/#\/schema\/logo\/image\/"},"sameAs":["https:\/\/www.facebook.com\/buletin.de.buc","https:\/\/www.instagram.com\/buletinde.bucuresti\/"]},{"@type":"Person","@id":"https:\/\/buletin.de\/bucuresti\/#\/schema\/person\/7e46040573290777280a0835d81ea4ea","name":"Diana Matei","image":{"@type":"ImageObject","inLanguage":"en-GB","@id":"https:\/\/buletin.de\/bucuresti\/wp-content\/uploads\/9-2-96x96.jpg1e8590b30871d70e62ebcdaf2eff570c","url":"https:\/\/buletin.de\/bucuresti\/wp-content\/uploads\/9-2-96x96.jpg","contentUrl":"https:\/\/buletin.de\/bucuresti\/wp-content\/uploads\/9-2-96x96.jpg","caption":"Diana Matei"},"url":"https:\/\/buletin.de\/bucuresti\/author\/dianamatei\/"}]}},"authors":[{"term_id":22574,"user_id":49,"is_guest":0,"slug":"dianamatei","display_name":"Diana Matei","avatar_url":"https:\/\/buletin.de\/bucuresti\/wp-content\/uploads\/9-2-96x96.jpg","0":null,"1":"","2":"","3":"","4":"","5":"","6":"","7":"","8":""}],"_links":{"self":[{"href":"https:\/\/buletin.de\/bucuresti\/wp-json\/wp\/v2\/posts\/61816","targetHints":{"allow":["GET"]}}],"collection":[{"href":"https:\/\/buletin.de\/bucuresti\/wp-json\/wp\/v2\/posts"}],"about":[{"href":"https:\/\/buletin.de\/bucuresti\/wp-json\/wp\/v2\/types\/post"}],"author":[{"embeddable":true,"href":"https:\/\/buletin.de\/bucuresti\/wp-json\/wp\/v2\/users\/49"}],"replies":[{"embeddable":true,"href":"https:\/\/buletin.de\/bucuresti\/wp-json\/wp\/v2\/comments?post=61816"}],"version-history":[{"count":0,"href":"https:\/\/buletin.de\/bucuresti\/wp-json\/wp\/v2\/posts\/61816\/revisions"}],"wp:featuredmedia":[{"embeddable":true,"href":"https:\/\/buletin.de\/bucuresti\/wp-json\/wp\/v2\/media\/61817"}],"wp:attachment":[{"href":"https:\/\/buletin.de\/bucuresti\/wp-json\/wp\/v2\/media?parent=61816"}],"wp:term":[{"taxonomy":"category","embeddable":true,"href":"https:\/\/buletin.de\/bucuresti\/wp-json\/wp\/v2\/categories?post=61816"},{"taxonomy":"post_tag","embeddable":true,"href":"https:\/\/buletin.de\/bucuresti\/wp-json\/wp\/v2\/tags?post=61816"},{"taxonomy":"author","embeddable":true,"href":"https:\/\/buletin.de\/bucuresti\/wp-json\/wp\/v2\/ppma_author?post=61816"}],"curies":[{"name":"wp","href":"https:\/\/api.w.org\/{rel}","templated":true}]}}