{"id":61814,"date":"2023-08-10T09:06:07","date_gmt":"2023-08-10T07:06:07","guid":{"rendered":"https:\/\/buletin.de\/bucuresti\/sector-6-i-after-school-nou-pe-strada-parva\/"},"modified":"2023-08-10T09:06:07","modified_gmt":"2023-08-10T07:06:07","slug":"sector-6-i-after-school-nou-pe-strada-parva","status":"publish","type":"post","link":"https:\/\/buletin.de\/bucuresti\/sector-6-i-after-school-nou-pe-strada-parva\/","title":{"rendered":"Sector 6 I After-school nou pe strada P\u00e2rva"},"content":{"rendered":"\n<p><strong>Lucr\u0103rile de la after-school-ul \u0218colii Gimnaziale \u201eSf\u00e2ntul Andrei\u201d, de pe Aleea P\u00e2rva nr. 3, s-au \u00eencheiat iar imobilul a fost recep\u021bionat. Cel pu\u021bin 200 de elevi vor beneficia de aceast\u0103 cl\u0103dire \u00eencep\u00e2nd cu anul \u0219colar 2023-2024.<\/strong><\/p>\n\n\n\n<p><em>\u201eCl\u0103direa este una verde, cu panouri solare \u0219i panouri fotovoltaice, ceea ce \u00eenseamn\u0103 un consum de energie aproape de zero. E foarte bine protejat\u0103 termic, cu temperatur\u0103 controlat\u0103, central\u0103 proprie, sistem de tratare a aerului \u0219i dot\u0103ri de calitate\u201d,<\/em> precizeaz\u0103 Prim\u0103ria Sectorului 6.<\/p>\n\n\n\n<p>Cl\u0103direa are 4 s\u0103li de clas\u0103 la parter \u0219i 4 la etaj, o sal\u0103 multifunc\u021bional\u0103 de festivit\u0103\u021bi, spa\u021biu de luat mas\u0103, zon\u0103 de relaxare, izolator, cabinet medical, sp\u0103l\u0103torie, cur\u0103\u021b\u0103torie, lift \u0219i 8 toalete, destinate inclusiv persoanelor cu dizabilit\u0103\u021bi.<\/p>\n\n\n\n<p>\u0218coala Gimnazial\u0103 \u201eSf\u00e2ntul Andrei\u201d mai are, pe l\u00e2ng\u0103 noul corp de cl\u0103dire, alte dou\u0103 corpuri mari, termoizolate, cu panouri fotovoltaice, centrale de tratare a aerului \u0219i \u00eenc\u0103lzire monitorizat\u0103 printr-un sistem informatizat inteligent. De asemenea, terenul de sport \u0219i sala de sport au fost reabilitate.<\/p>\n\n\n\n<p>Prim\u0103ria Sectorului  6 mai anun\u021b\u0103 si reabilitarea, p\u00e2n\u0103 acum, \u0219ase unit\u0103\u021bi de \u00eenv\u0103\u021b\u0103m\u00e2nt:<\/p>\n\n\n\n<p>.  \u0218coala Nr. 59;<\/p>\n\n\n\n<p>.  \u0218coala \u201eSfin\u021bii Constantin \u0219i Elena&#8221;;<\/p>\n\n\n\n<p>.  \u0218coala Nr. 197;<\/p>\n\n\n\n<p>.  \u0218coala \u201eSf\u00e2ntul Andrei&#8221;;<\/p>\n\n\n\n<p>.  \u0218coala \u201eAdrian P\u0103unescu&#8221;;<\/p>\n\n\n\n<p>.  Colegiul economic \u201eCostin C. Kiri\u021bescu&#8221;.<\/p>\n\n\n\n<p>De asemenea, sunt \u00een curs de reabilitare alte 13 \u0219coli \u0219i gr\u0103dini\u021be:<\/p>\n\n\n\n<p>.  Gr\u0103dini\u021ba 208;<\/p>\n\n\n\n<p>.  Gr\u0103dini\u021ba 230;<\/p>\n\n\n\n<p>.  Gr\u0103dini\u021ba 274;<\/p>\n\n\n\n<p>.  Gr\u0103dini\u021ba \u201eParadisul Piticilor\u201d;<\/p>\n\n\n\n<p>.  \u0218coala 117;<\/p>\n\n\n\n<p>.  Gr\u0103dini\u021ba 170;<\/p>\n\n\n\n<p>.  \u0218coala 309;<\/p>\n\n\n\n<p>.  \u0218coala \u201eSf. Calinic de la Cernica\u201d;<\/p>\n\n\n\n<p>.  \u0218coala profesional\u0103 special\u0103 pentru deficien\u021bi de auz &#8220;Sf\u00e2nta Maria&#8221;;<\/p>\n\n\n\n<p>.  \u0218coala Special\u0103 \u201eConstantin P\u0103unescu&#8221;;<\/p>\n\n\n\n<p>. Liceul Tehnologic \u201ePetru Poni\u201d;<\/p>\n\n\n\n<p>.  Colegiul Tehnic \u201ePetru Maior&#8221;;<\/p>\n\n\n\n<p>.  Colegiul Tehnic \u201eGheorghe Asachi&#8221;.<\/p>\n\n\n\n<p>Gr\u0103dini\u021ba nr. 274 de pe Bd. Iuliu Maniu, nr. 11 D a fost dat\u0103 \u00een folosin\u021b\u0103 \u00een februarie 2023 iar after-school-ul \u0218colii 117 a fost recep\u021bionat tot \u00een februarie 2023.<\/p>\n","protected":false},"excerpt":{"rendered":"<p>Lucr\u0103rile de la after-school-ul \u0218colii Gimnaziale \u201eSf\u00e2ntul Andrei\u201d, de pe Aleea P\u00e2rva nr. 3, s-au \u00eencheiat iar imobilul a fost recep\u021bionat. Cel pu\u021bin 200 de elevi vor beneficia de aceast\u0103 cl\u0103dire \u00eencep\u00e2nd cu anul \u0219colar 2023-2024. \u201eCl\u0103direa este una verde, cu panouri solare \u0219i panouri fotovoltaice, ceea ce \u00eenseamn\u0103 un consum de energie aproape de [&hellip;]<\/p>\n","protected":false},"author":49,"featured_media":61815,"comment_status":"open","ping_status":"open","sticky":false,"template":"","format":"standard","meta":{"_acf_changed":false,"inline_featured_image":false,"ngg_post_thumbnail":0,"footnotes":""},"categories":[24],"tags":[3513,6653,530],"ppma_author":[22574],"class_list":["post-61814","post","type-post","status-publish","format-standard","has-post-thumbnail","hentry","category-primarie","tag-primaria-sectorului-6","tag-scoala-sfantul-andrei","tag-scoli-bucuresti"],"acf":[],"yoast_head":"<!-- This site is optimized with the Yoast SEO Premium plugin v25.3 (Yoast SEO v27.4) - https:\/\/yoast.com\/product\/yoast-seo-premium-wordpress\/ -->\n<title>Sector 6 I After-school nou pe strada P\u00e2rva - Buletin de Bucure\u0219ti<\/title>\n<meta name=\"robots\" content=\"index, follow, max-snippet:-1, max-image-preview:large, max-video-preview:-1\" \/>\n<link rel=\"canonical\" href=\"https:\/\/buletin.de\/bucuresti\/sector-6-i-after-school-nou-pe-strada-parva\/\" \/>\n<meta property=\"og:locale\" content=\"en_GB\" \/>\n<meta property=\"og:type\" content=\"article\" \/>\n<meta property=\"og:title\" content=\"Sector 6 I After-school nou pe strada P\u00e2rva\" \/>\n<meta property=\"og:description\" content=\"Lucr\u0103rile de la after-school-ul \u0218colii Gimnaziale \u201eSf\u00e2ntul Andrei\u201d, de pe Aleea P\u00e2rva nr. 3, s-au \u00eencheiat iar imobilul a fost recep\u021bionat. Cel pu\u021bin 200 de elevi vor beneficia de aceast\u0103 cl\u0103dire \u00eencep\u00e2nd cu anul \u0219colar 2023-2024. \u201eCl\u0103direa este una verde, cu panouri solare \u0219i panouri fotovoltaice, ceea ce \u00eenseamn\u0103 un consum de energie aproape de [&hellip;]\" \/>\n<meta property=\"og:url\" content=\"https:\/\/buletin.de\/bucuresti\/sector-6-i-after-school-nou-pe-strada-parva\/\" \/>\n<meta property=\"og:site_name\" content=\"Buletin de Bucure\u0219ti\" \/>\n<meta property=\"article:publisher\" content=\"https:\/\/www.facebook.com\/buletin.de.buc\" \/>\n<meta property=\"article:published_time\" content=\"2023-08-10T07:06:07+00:00\" \/>\n<meta property=\"og:image\" content=\"https:\/\/buletin.de\/bucuresti\/wp-content\/uploads\/scoala-noua.jpeg\" \/>\n\t<meta property=\"og:image:width\" content=\"2000\" \/>\n\t<meta property=\"og:image:height\" content=\"1333\" \/>\n\t<meta property=\"og:image:type\" content=\"image\/jpeg\" \/>\n<meta name=\"author\" content=\"Diana Matei\" \/>\n<meta name=\"twitter:card\" content=\"summary_large_image\" \/>\n<meta name=\"twitter:label1\" content=\"Written by\" \/>\n\t<meta name=\"twitter:data1\" content=\"Diana Matei\" \/>\n\t<meta name=\"twitter:label2\" content=\"Estimated reading time\" \/>\n\t<meta name=\"twitter:data2\" content=\"2 minutes\" \/>\n<script type=\"application\/ld+json\" class=\"yoast-schema-graph\">{\"@context\":\"https:\\\/\\\/schema.org\",\"@graph\":[{\"@type\":\"Article\",\"@id\":\"https:\\\/\\\/buletin.de\\\/bucuresti\\\/sector-6-i-after-school-nou-pe-strada-parva\\\/#article\",\"isPartOf\":{\"@id\":\"https:\\\/\\\/buletin.de\\\/bucuresti\\\/sector-6-i-after-school-nou-pe-strada-parva\\\/\"},\"author\":{\"name\":\"Diana Matei\",\"@id\":\"https:\\\/\\\/buletin.de\\\/bucuresti\\\/#\\\/schema\\\/person\\\/7e46040573290777280a0835d81ea4ea\"},\"headline\":\"Sector 6 I After-school nou pe strada P\u00e2rva\",\"datePublished\":\"2023-08-10T07:06:07+00:00\",\"mainEntityOfPage\":{\"@id\":\"https:\\\/\\\/buletin.de\\\/bucuresti\\\/sector-6-i-after-school-nou-pe-strada-parva\\\/\"},\"wordCount\":321,\"commentCount\":0,\"publisher\":{\"@id\":\"https:\\\/\\\/buletin.de\\\/bucuresti\\\/#organization\"},\"image\":{\"@id\":\"https:\\\/\\\/buletin.de\\\/bucuresti\\\/sector-6-i-after-school-nou-pe-strada-parva\\\/#primaryimage\"},\"thumbnailUrl\":\"https:\\\/\\\/buletin.de\\\/bucuresti\\\/wp-content\\\/uploads\\\/scoala-noua.jpeg\",\"keywords\":[\"primaria sectorului 6\",\"scoala sfantul andrei\",\"scoli bucuresti\"],\"articleSection\":[\"Prim\u0103rie\"],\"inLanguage\":\"en-GB\",\"potentialAction\":[{\"@type\":\"CommentAction\",\"name\":\"Comment\",\"target\":[\"https:\\\/\\\/buletin.de\\\/bucuresti\\\/sector-6-i-after-school-nou-pe-strada-parva\\\/#respond\"]}],\"copyrightYear\":\"2023\",\"copyrightHolder\":{\"@id\":\"https:\\\/\\\/buletin.de\\\/bucuresti\\\/#organization\"}},{\"@type\":\"WebPage\",\"@id\":\"https:\\\/\\\/buletin.de\\\/bucuresti\\\/sector-6-i-after-school-nou-pe-strada-parva\\\/\",\"url\":\"https:\\\/\\\/buletin.de\\\/bucuresti\\\/sector-6-i-after-school-nou-pe-strada-parva\\\/\",\"name\":\"Sector 6 I After-school nou pe strada P\u00e2rva - Buletin de Bucure\u0219ti\",\"isPartOf\":{\"@id\":\"https:\\\/\\\/buletin.de\\\/bucuresti\\\/#website\"},\"primaryImageOfPage\":{\"@id\":\"https:\\\/\\\/buletin.de\\\/bucuresti\\\/sector-6-i-after-school-nou-pe-strada-parva\\\/#primaryimage\"},\"image\":{\"@id\":\"https:\\\/\\\/buletin.de\\\/bucuresti\\\/sector-6-i-after-school-nou-pe-strada-parva\\\/#primaryimage\"},\"thumbnailUrl\":\"https:\\\/\\\/buletin.de\\\/bucuresti\\\/wp-content\\\/uploads\\\/scoala-noua.jpeg\",\"datePublished\":\"2023-08-10T07:06:07+00:00\",\"breadcrumb\":{\"@id\":\"https:\\\/\\\/buletin.de\\\/bucuresti\\\/sector-6-i-after-school-nou-pe-strada-parva\\\/#breadcrumb\"},\"inLanguage\":\"en-GB\",\"potentialAction\":[{\"@type\":\"ReadAction\",\"target\":[\"https:\\\/\\\/buletin.de\\\/bucuresti\\\/sector-6-i-after-school-nou-pe-strada-parva\\\/\"]}]},{\"@type\":\"ImageObject\",\"inLanguage\":\"en-GB\",\"@id\":\"https:\\\/\\\/buletin.de\\\/bucuresti\\\/sector-6-i-after-school-nou-pe-strada-parva\\\/#primaryimage\",\"url\":\"https:\\\/\\\/buletin.de\\\/bucuresti\\\/wp-content\\\/uploads\\\/scoala-noua.jpeg\",\"contentUrl\":\"https:\\\/\\\/buletin.de\\\/bucuresti\\\/wp-content\\\/uploads\\\/scoala-noua.jpeg\",\"width\":2000,\"height\":1333},{\"@type\":\"BreadcrumbList\",\"@id\":\"https:\\\/\\\/buletin.de\\\/bucuresti\\\/sector-6-i-after-school-nou-pe-strada-parva\\\/#breadcrumb\",\"itemListElement\":[{\"@type\":\"ListItem\",\"position\":1,\"name\":\"Acas\u0103\",\"item\":\"https:\\\/\\\/buletin.de\\\/bucuresti\\\/\"},{\"@type\":\"ListItem\",\"position\":2,\"name\":\"Sector 6 I After-school nou pe strada P\u00e2rva\"}]},{\"@type\":\"WebSite\",\"@id\":\"https:\\\/\\\/buletin.de\\\/bucuresti\\\/#website\",\"url\":\"https:\\\/\\\/buletin.de\\\/bucuresti\\\/\",\"name\":\"Buletin de Bucure\u0219ti\",\"description\":\"\u0218tiri \u0219i investiga\u021bii esen\u021biale din capital\u0103\",\"publisher\":{\"@id\":\"https:\\\/\\\/buletin.de\\\/bucuresti\\\/#organization\"},\"potentialAction\":[{\"@type\":\"SearchAction\",\"target\":{\"@type\":\"EntryPoint\",\"urlTemplate\":\"https:\\\/\\\/buletin.de\\\/bucuresti\\\/?s={search_term_string}\"},\"query-input\":{\"@type\":\"PropertyValueSpecification\",\"valueRequired\":true,\"valueName\":\"search_term_string\"}}],\"inLanguage\":\"en-GB\"},{\"@type\":\"Organization\",\"@id\":\"https:\\\/\\\/buletin.de\\\/bucuresti\\\/#organization\",\"name\":\"Buletin de Bucure\u0219ti\",\"url\":\"https:\\\/\\\/buletin.de\\\/bucuresti\\\/\",\"logo\":{\"@type\":\"ImageObject\",\"inLanguage\":\"en-GB\",\"@id\":\"https:\\\/\\\/buletin.de\\\/bucuresti\\\/#\\\/schema\\\/logo\\\/image\\\/\",\"url\":\"https:\\\/\\\/buletin.de\\\/bucuresti\\\/wp-content\\\/uploads\\\/logo-bdb-full-wide-vernil-transparent.png\",\"contentUrl\":\"https:\\\/\\\/buletin.de\\\/bucuresti\\\/wp-content\\\/uploads\\\/logo-bdb-full-wide-vernil-transparent.png\",\"width\":1782,\"height\":626,\"caption\":\"Buletin de Bucure\u0219ti\"},\"image\":{\"@id\":\"https:\\\/\\\/buletin.de\\\/bucuresti\\\/#\\\/schema\\\/logo\\\/image\\\/\"},\"sameAs\":[\"https:\\\/\\\/www.facebook.com\\\/buletin.de.buc\",\"https:\\\/\\\/www.instagram.com\\\/buletinde.bucuresti\\\/\"]},{\"@type\":\"Person\",\"@id\":\"https:\\\/\\\/buletin.de\\\/bucuresti\\\/#\\\/schema\\\/person\\\/7e46040573290777280a0835d81ea4ea\",\"name\":\"Diana Matei\",\"image\":{\"@type\":\"ImageObject\",\"inLanguage\":\"en-GB\",\"@id\":\"https:\\\/\\\/buletin.de\\\/bucuresti\\\/wp-content\\\/uploads\\\/9-2-96x96.jpg1e8590b30871d70e62ebcdaf2eff570c\",\"url\":\"https:\\\/\\\/buletin.de\\\/bucuresti\\\/wp-content\\\/uploads\\\/9-2-96x96.jpg\",\"contentUrl\":\"https:\\\/\\\/buletin.de\\\/bucuresti\\\/wp-content\\\/uploads\\\/9-2-96x96.jpg\",\"caption\":\"Diana Matei\"},\"url\":\"https:\\\/\\\/buletin.de\\\/bucuresti\\\/author\\\/dianamatei\\\/\"}]}<\/script>\n<!-- \/ Yoast SEO Premium plugin. -->","yoast_head_json":{"title":"Sector 6 I After-school nou pe strada P\u00e2rva - Buletin de Bucure\u0219ti","robots":{"index":"index","follow":"follow","max-snippet":"max-snippet:-1","max-image-preview":"max-image-preview:large","max-video-preview":"max-video-preview:-1"},"canonical":"https:\/\/buletin.de\/bucuresti\/sector-6-i-after-school-nou-pe-strada-parva\/","og_locale":"en_GB","og_type":"article","og_title":"Sector 6 I After-school nou pe strada P\u00e2rva","og_description":"Lucr\u0103rile de la after-school-ul \u0218colii Gimnaziale \u201eSf\u00e2ntul Andrei\u201d, de pe Aleea P\u00e2rva nr. 3, s-au \u00eencheiat iar imobilul a fost recep\u021bionat. Cel pu\u021bin 200 de elevi vor beneficia de aceast\u0103 cl\u0103dire \u00eencep\u00e2nd cu anul \u0219colar 2023-2024. \u201eCl\u0103direa este una verde, cu panouri solare \u0219i panouri fotovoltaice, ceea ce \u00eenseamn\u0103 un consum de energie aproape de [&hellip;]","og_url":"https:\/\/buletin.de\/bucuresti\/sector-6-i-after-school-nou-pe-strada-parva\/","og_site_name":"Buletin de Bucure\u0219ti","article_publisher":"https:\/\/www.facebook.com\/buletin.de.buc","article_published_time":"2023-08-10T07:06:07+00:00","og_image":[{"width":2000,"height":1333,"url":"https:\/\/buletin.de\/bucuresti\/wp-content\/uploads\/scoala-noua.jpeg","type":"image\/jpeg"}],"author":"Diana Matei","twitter_card":"summary_large_image","twitter_misc":{"Written by":"Diana Matei","Estimated reading time":"2 minutes"},"schema":{"@context":"https:\/\/schema.org","@graph":[{"@type":"Article","@id":"https:\/\/buletin.de\/bucuresti\/sector-6-i-after-school-nou-pe-strada-parva\/#article","isPartOf":{"@id":"https:\/\/buletin.de\/bucuresti\/sector-6-i-after-school-nou-pe-strada-parva\/"},"author":{"name":"Diana Matei","@id":"https:\/\/buletin.de\/bucuresti\/#\/schema\/person\/7e46040573290777280a0835d81ea4ea"},"headline":"Sector 6 I After-school nou pe strada P\u00e2rva","datePublished":"2023-08-10T07:06:07+00:00","mainEntityOfPage":{"@id":"https:\/\/buletin.de\/bucuresti\/sector-6-i-after-school-nou-pe-strada-parva\/"},"wordCount":321,"commentCount":0,"publisher":{"@id":"https:\/\/buletin.de\/bucuresti\/#organization"},"image":{"@id":"https:\/\/buletin.de\/bucuresti\/sector-6-i-after-school-nou-pe-strada-parva\/#primaryimage"},"thumbnailUrl":"https:\/\/buletin.de\/bucuresti\/wp-content\/uploads\/scoala-noua.jpeg","keywords":["primaria sectorului 6","scoala sfantul andrei","scoli bucuresti"],"articleSection":["Prim\u0103rie"],"inLanguage":"en-GB","potentialAction":[{"@type":"CommentAction","name":"Comment","target":["https:\/\/buletin.de\/bucuresti\/sector-6-i-after-school-nou-pe-strada-parva\/#respond"]}],"copyrightYear":"2023","copyrightHolder":{"@id":"https:\/\/buletin.de\/bucuresti\/#organization"}},{"@type":"WebPage","@id":"https:\/\/buletin.de\/bucuresti\/sector-6-i-after-school-nou-pe-strada-parva\/","url":"https:\/\/buletin.de\/bucuresti\/sector-6-i-after-school-nou-pe-strada-parva\/","name":"Sector 6 I After-school nou pe strada P\u00e2rva - Buletin de Bucure\u0219ti","isPartOf":{"@id":"https:\/\/buletin.de\/bucuresti\/#website"},"primaryImageOfPage":{"@id":"https:\/\/buletin.de\/bucuresti\/sector-6-i-after-school-nou-pe-strada-parva\/#primaryimage"},"image":{"@id":"https:\/\/buletin.de\/bucuresti\/sector-6-i-after-school-nou-pe-strada-parva\/#primaryimage"},"thumbnailUrl":"https:\/\/buletin.de\/bucuresti\/wp-content\/uploads\/scoala-noua.jpeg","datePublished":"2023-08-10T07:06:07+00:00","breadcrumb":{"@id":"https:\/\/buletin.de\/bucuresti\/sector-6-i-after-school-nou-pe-strada-parva\/#breadcrumb"},"inLanguage":"en-GB","potentialAction":[{"@type":"ReadAction","target":["https:\/\/buletin.de\/bucuresti\/sector-6-i-after-school-nou-pe-strada-parva\/"]}]},{"@type":"ImageObject","inLanguage":"en-GB","@id":"https:\/\/buletin.de\/bucuresti\/sector-6-i-after-school-nou-pe-strada-parva\/#primaryimage","url":"https:\/\/buletin.de\/bucuresti\/wp-content\/uploads\/scoala-noua.jpeg","contentUrl":"https:\/\/buletin.de\/bucuresti\/wp-content\/uploads\/scoala-noua.jpeg","width":2000,"height":1333},{"@type":"BreadcrumbList","@id":"https:\/\/buletin.de\/bucuresti\/sector-6-i-after-school-nou-pe-strada-parva\/#breadcrumb","itemListElement":[{"@type":"ListItem","position":1,"name":"Acas\u0103","item":"https:\/\/buletin.de\/bucuresti\/"},{"@type":"ListItem","position":2,"name":"Sector 6 I After-school nou pe strada P\u00e2rva"}]},{"@type":"WebSite","@id":"https:\/\/buletin.de\/bucuresti\/#website","url":"https:\/\/buletin.de\/bucuresti\/","name":"Buletin de Bucure\u0219ti","description":"\u0218tiri \u0219i investiga\u021bii esen\u021biale din capital\u0103","publisher":{"@id":"https:\/\/buletin.de\/bucuresti\/#organization"},"potentialAction":[{"@type":"SearchAction","target":{"@type":"EntryPoint","urlTemplate":"https:\/\/buletin.de\/bucuresti\/?s={search_term_string}"},"query-input":{"@type":"PropertyValueSpecification","valueRequired":true,"valueName":"search_term_string"}}],"inLanguage":"en-GB"},{"@type":"Organization","@id":"https:\/\/buletin.de\/bucuresti\/#organization","name":"Buletin de Bucure\u0219ti","url":"https:\/\/buletin.de\/bucuresti\/","logo":{"@type":"ImageObject","inLanguage":"en-GB","@id":"https:\/\/buletin.de\/bucuresti\/#\/schema\/logo\/image\/","url":"https:\/\/buletin.de\/bucuresti\/wp-content\/uploads\/logo-bdb-full-wide-vernil-transparent.png","contentUrl":"https:\/\/buletin.de\/bucuresti\/wp-content\/uploads\/logo-bdb-full-wide-vernil-transparent.png","width":1782,"height":626,"caption":"Buletin de Bucure\u0219ti"},"image":{"@id":"https:\/\/buletin.de\/bucuresti\/#\/schema\/logo\/image\/"},"sameAs":["https:\/\/www.facebook.com\/buletin.de.buc","https:\/\/www.instagram.com\/buletinde.bucuresti\/"]},{"@type":"Person","@id":"https:\/\/buletin.de\/bucuresti\/#\/schema\/person\/7e46040573290777280a0835d81ea4ea","name":"Diana Matei","image":{"@type":"ImageObject","inLanguage":"en-GB","@id":"https:\/\/buletin.de\/bucuresti\/wp-content\/uploads\/9-2-96x96.jpg1e8590b30871d70e62ebcdaf2eff570c","url":"https:\/\/buletin.de\/bucuresti\/wp-content\/uploads\/9-2-96x96.jpg","contentUrl":"https:\/\/buletin.de\/bucuresti\/wp-content\/uploads\/9-2-96x96.jpg","caption":"Diana Matei"},"url":"https:\/\/buletin.de\/bucuresti\/author\/dianamatei\/"}]}},"authors":[{"term_id":22574,"user_id":49,"is_guest":0,"slug":"dianamatei","display_name":"Diana Matei","avatar_url":"https:\/\/buletin.de\/bucuresti\/wp-content\/uploads\/9-2-96x96.jpg","0":null,"1":"","2":"","3":"","4":"","5":"","6":"","7":"","8":""}],"_links":{"self":[{"href":"https:\/\/buletin.de\/bucuresti\/wp-json\/wp\/v2\/posts\/61814","targetHints":{"allow":["GET"]}}],"collection":[{"href":"https:\/\/buletin.de\/bucuresti\/wp-json\/wp\/v2\/posts"}],"about":[{"href":"https:\/\/buletin.de\/bucuresti\/wp-json\/wp\/v2\/types\/post"}],"author":[{"embeddable":true,"href":"https:\/\/buletin.de\/bucuresti\/wp-json\/wp\/v2\/users\/49"}],"replies":[{"embeddable":true,"href":"https:\/\/buletin.de\/bucuresti\/wp-json\/wp\/v2\/comments?post=61814"}],"version-history":[{"count":0,"href":"https:\/\/buletin.de\/bucuresti\/wp-json\/wp\/v2\/posts\/61814\/revisions"}],"wp:featuredmedia":[{"embeddable":true,"href":"https:\/\/buletin.de\/bucuresti\/wp-json\/wp\/v2\/media\/61815"}],"wp:attachment":[{"href":"https:\/\/buletin.de\/bucuresti\/wp-json\/wp\/v2\/media?parent=61814"}],"wp:term":[{"taxonomy":"category","embeddable":true,"href":"https:\/\/buletin.de\/bucuresti\/wp-json\/wp\/v2\/categories?post=61814"},{"taxonomy":"post_tag","embeddable":true,"href":"https:\/\/buletin.de\/bucuresti\/wp-json\/wp\/v2\/tags?post=61814"},{"taxonomy":"author","embeddable":true,"href":"https:\/\/buletin.de\/bucuresti\/wp-json\/wp\/v2\/ppma_author?post=61814"}],"curies":[{"name":"wp","href":"https:\/\/api.w.org\/{rel}","templated":true}]}}