{"id":61802,"date":"2023-08-09T13:02:38","date_gmt":"2023-08-09T11:02:38","guid":{"rendered":"https:\/\/buletin.de\/bucuresti\/gabriela-firea-despre-lagarele-ilfovului-dupa-ce-a-acuzat-initial-un-linsaj-de-joasa-speta-nu-mi-a-trecut-prin-minte-nici-ca-om-nici-ca-senator-sau-ministru\/"},"modified":"2023-08-09T13:02:38","modified_gmt":"2023-08-09T11:02:38","slug":"gabriela-firea-despre-lagarele-ilfovului-dupa-ce-a-acuzat-initial-un-linsaj-de-joasa-speta-nu-mi-a-trecut-prin-minte-nici-ca-om-nici-ca-senator-sau-ministru","status":"publish","type":"post","link":"https:\/\/buletin.de\/bucuresti\/gabriela-firea-despre-lagarele-ilfovului-dupa-ce-a-acuzat-initial-un-linsaj-de-joasa-speta-nu-mi-a-trecut-prin-minte-nici-ca-om-nici-ca-senator-sau-ministru\/","title":{"rendered":"Gabriela Firea, despre \u201elag\u0103rele Ilfovului&#8221;, dup\u0103 ce a acuzat ini\u021bial \u201eun lin\u0219aj de joas\u0103 spe\u021b\u0103\u201d: \u201eNu mi-a trecut prin minte, nici ca om, nici ca senator sau ministru, s\u0103 pun la \u00eendoial\u0103 rezultatele controalelor&#8221;"},"content":{"rendered":"\n<p><strong>Gabriela Firea a vorbit mar\u0163i seara, l<a href=\"https:\/\/www.antena3.ro\/emisiuni\/in-fata-natiunii\/gabriela-firea-azilele-groazei-682634.html\">a Antena 3<\/a>, despre azilele groazei. Fostul ministru al Familiei a recunoscut c\u0103 a aflat despre ceea ce se \u00eent\u00e2mpla \u00een acele centre \u00eenc\u0103 din luna februarie, \u00eens\u0103 nu a crezut c\u0103 rezultatele controalelor care au urmat nu ar fi unele corecte. Ini\u021bial, <a href=\"https:\/\/buletin.de\/bucuresti\/gabriela-firea-despre-dezvaluirile-privind-cumetriile-de-la-serviciile-sociale-ilfov-sunt-inscenari-ca-sa-ma-opreasca-din-cursa-pentru-primaria-municipiului-bucuresti\/\">Gabriela Firea a reac\u021bionat \u00een urma dezv\u0103luirilor Buletin de Bucure\u0219ti \u0219i Centrului de Investiga\u021bii Media \u0219i a acuzat \u201eun lin\u0219aj de joas\u0103 spe\u021b\u0103\u201d \u0219i \u201c\u00eenscen\u0103ri ca s\u0103 m\u0103 opreasc\u0103 din cursa pentru Prim\u0103ria Municipiului Bucure\u0219ti\u201d.<\/a><\/strong><\/p>\n\n\n\n<p>Red\u0103m mai jos declara\u0163iile Gabrielei Firea pe aceast\u0103 tem\u0103:<\/p>\n\n\n\n<ul class=\"wp-block-list\">\n<li><strong><em>\u00cen momentul \u00een care a ap\u0103rut acel articol \u00een Buletin de Bucure\u0219ti, eu mi-am \u00eentrebat colega \u015fi consiliera pe care o cunoa\u015fte\u0163i \u015fi dvs, Ligia, despre ce este vorba \u015fi mi-a spus c\u0103 a f\u0103cut parte din funda\u0163ia care ulterior a \u00eenfiin\u0163at dou\u0103 c\u0103mine: unul \u00een Afuma\u0163i \u015fi unul \u00een Voluntari \u015fi c\u0103 s-a retras din acea funda\u0163ie.<\/em><\/strong><\/li>\n<\/ul>\n\n\n\n<ul class=\"wp-block-list\">\n<li><em>Dar c\u0103 avocatul care reprezenta ONG-ul respectiv nu a transmis toate aceste formulare. \u015ei c\u0103 nu a participat niciodat\u0103 la activitatea din centre, fie de persoane \u00een v\u00e2rst\u0103 sau cu dizabilit\u0103\u0163i, nu a fost personal niciodat\u0103 \u00een aceste centre, nu a lucrat, nu \u015ftie nici dac\u0103 era bine, dac\u0103 era r\u0103u, nu a avut tangen\u021b\u0103. Singura leg\u0103tur\u0103 fiind c\u0103 ini\u0163ial l-a ajutat pe acel domn s\u0103 \u00ee\u015fi \u00eenfiin\u021beze funda\u021bia.<\/em><\/li>\n<\/ul>\n\n\n\n<ul class=\"wp-block-list\">\n<li><em>Dar chiar \u015fi a\u015fa, eu am spus c\u0103 nu mi se pare normal c\u0103 eu s\u0103 fiu pus\u0103 \u00eentr-o astfel de situa\u0163ie \u015fi s\u0103 r\u0103spund presei pentru ac\u0163iuni pe care nu le-am f\u0103cut, pentru care nu sunt vinovat\u0103 \u015fi c\u0103 este normal s\u0103 se fac\u0103 cercet\u0103ri, s\u0103 se demareze controale de c\u0103tre autorit\u0103\u021bile statului, pentru a vedea dac\u0103 ceea ce se scrie este adev\u0103rat.<\/em><\/li>\n<\/ul>\n\n\n\n<ul class=\"wp-block-list\">\n<li><em>\u00cen acel moment s-a \u015fi produs \u00eentreruperea contractului de colaborare ca \u015fi curier al respectivei persoane, care deservea colegii din cabinetul parlamentar.<\/em><\/li>\n<\/ul>\n\n\n\n<ul class=\"wp-block-list\">\n<li><em>La scurt timp, au ap\u0103rut rezultatele controalelor: AJPIS, DGASPC, biroul de asisten\u0163\u0103 social\u0103 de la Ilfov, care nu au confirmat cele scrise \u00een articol.<\/em><\/li>\n<\/ul>\n\n\n\n<figure class=\"wp-block-embed is-type-wp-embed is-provider-buletin-de-bucure\u0219ti wp-block-embed-buletin-de-bucure\u0219ti\"><div class=\"wp-block-embed__wrapper\">\n<blockquote class=\"wp-embedded-content\" data-secret=\"EkPmBr0jIW\"><a href=\"https:\/\/buletin.de\/bucuresti\/gabriela-firea-despre-dezvaluirile-privind-cumetriile-de-la-serviciile-sociale-ilfov-sunt-inscenari-ca-sa-ma-opreasca-din-cursa-pentru-primaria-municipiului-bucuresti\/\">Gabriela Firea, despre dezv\u0103luirile privind \u201ecumetriile\u201d de la Serviciile Sociale Ilfov: \u201cSunt \u00eenscen\u0103ri ca s\u0103 m\u0103 opreasc\u0103 din cursa pentru Prim\u0103ria Municipiului Bucure\u0219ti\u201d<\/a><\/blockquote><iframe class=\"wp-embedded-content\" sandbox=\"allow-scripts\" security=\"restricted\" style=\"position: absolute; clip: rect(1px, 1px, 1px, 1px);\" title=\"&#8220;Gabriela Firea, despre dezv\u0103luirile privind \u201ecumetriile\u201d de la Serviciile Sociale Ilfov: \u201cSunt \u00eenscen\u0103ri ca s\u0103 m\u0103 opreasc\u0103 din cursa pentru Prim\u0103ria Municipiului Bucure\u0219ti\u201d&#8221; &#8212; Buletin de Bucure\u0219ti\" src=\"https:\/\/buletin.de\/bucuresti\/gabriela-firea-despre-dezvaluirile-privind-cumetriile-de-la-serviciile-sociale-ilfov-sunt-inscenari-ca-sa-ma-opreasca-din-cursa-pentru-primaria-municipiului-bucuresti\/embed\/#?secret=TiQi8lEKmT#?secret=EkPmBr0jIW\" data-secret=\"EkPmBr0jIW\" width=\"600\" height=\"338\" frameborder=\"0\" marginwidth=\"0\" marginheight=\"0\" scrolling=\"no\"><\/iframe>\n<\/div><\/figure>\n\n\n\n<ul class=\"wp-block-list\">\n<li><em>Nu mi-a trecut prin minte, nici ca om, nici ca senator sau ministru, s\u0103 pun la \u00eendoial\u0103 rezultatele acestor controale, sau s\u0103 m\u0103 g\u00e2ndesc anticipat c\u0103 poate aceste controale nu au fost foarte corecte.<\/em><\/li>\n<\/ul>\n\n\n\n<ul class=\"wp-block-list\">\n<li><em>De aceea este, \u00een mod evident, misiunea celor care ancheteaz\u0103 \u00een acest moment cazul, s\u0103 prezinte opiniei publice adev\u0103rul: ce s-a \u00eent\u00e2mplat cu acele controale.<\/em><\/li>\n<\/ul>\n\n\n\n<ul class=\"wp-block-list\">\n<li><em>Numele meu nu apare sub nicio form\u0103 \u00een aceast\u0103 anchet\u0103, pentru c\u0103 nu am avut nicio implicare, nici de bine, nici de r\u0103u, cu at\u00e2t mai pu\u0163in s\u0103 fi tolerat eu, ca persoan\u0103, sau so\u0163ul meu sau persoane de l\u00e2ng\u0103 mine ceea ce s-a \u00eent\u00e2mplat negativ \u00een acele c\u0103mine. \u015ei atunci nu pot s\u0103 \u00een\u0163eleg faptul de ce aceast\u0103 campanie negativ\u0103 continu\u0103 la adresa mea.<\/em><\/li>\n<\/ul>\n\n\n\n<ul class=\"wp-block-list\">\n<li><em><strong>Am fost solicitat\u0103 s\u0103 r\u0103spund celor ap\u0103rute \u00een site-ul respectiv. \u015ei, de asemenea, am primit din partea premierului Nicolae Ciuc\u0103 o adres\u0103, care la r\u00e2ndul domniei sale, primise o solicitare de a spune care ar fi punctul de vedere \u015fi dac\u0103 se iau m\u0103suri, dac\u0103 se vor trimite controale \u00een leg\u0103tur\u0103 cu aceste c\u0103mine.<\/strong> \u015ei am r\u0103spuns at\u00e2t presei, c\u00e2t \u015fi domnului prim ministru, am transmis ceea ce era normal s\u0103 fac, \u015fi anume c\u0103 nu pot s\u0103 trimit nicio institu\u0163ie subordonat\u0103 \u2013 respectiv ANPDCA sau ANES \u2013 care erau \u015fi sunt \u00een subordinea Ministerului Familiei, s\u0103 exercite controale, verific\u0103ri la aceste c\u0103mine din jude\u0163ul Ilfov, deoarece nu avem atribu\u0163ii prin lege dec\u00e2t pentru casele de tip familial sau centrele reziden\u0163iale ale copiilor care sunt \u00een grija statului, precum \u015fi locuin\u0163ele protejate, unde sunt victime ale violen\u0163ei domestice.<\/em><\/li>\n<\/ul>\n\n\n\n<p>Reamintim, fostul ministru al Familiei, Tineretului \u0219i Egalit\u0103\u021bii de \u0218anse, Gabriela Firea, a reac\u021bionat la scurt timp \u00een urma dezv\u0103luirilor Buletin de Bucure\u0219ti \u0219i <a href=\"https:\/\/www.investigatiimedia.ro\/\">Centrului de Investiga\u021bii Media<\/a> despre leg\u0103turile de la nivelul Direc\u021biei de Asisten\u021b\u0103 Social\u0103 Voluntari. Aceasta acuza atunci c\u0103 \u201c<em>se \u00eencearc\u0103 intimidarea mea, compromiterea imaginii mele, scoaterea din via\u021ba politic\u0103<\/em>\u201d dar \u0219i c\u0103 la mijloc ar fi \u201c<em>un lin\u0219aj de joas\u0103 spe\u021b\u0103<\/em>\u201d pentru a fi oprit\u0103 din cursa pentru Prim\u0103ria Muncipiului Bucure\u0219ti.<\/p>\n\n\n\n<p>FOTO: Inquam Photos \/ George C\u0103lin<\/p>\n","protected":false},"excerpt":{"rendered":"<p>Gabriela Firea a vorbit mar\u0163i seara, la Antena 3, despre azilele groazei. Fostul ministru al Familiei a recunoscut c\u0103 a aflat despre ceea ce se \u00eent\u00e2mpla \u00een acele centre \u00eenc\u0103 din luna februarie, \u00eens\u0103 nu a crezut c\u0103 rezultatele controalelor care au urmat nu ar fi unele corecte. Ini\u021bial, Gabriela Firea a reac\u021bionat \u00een urma [&hellip;]<\/p>\n","protected":false},"author":25,"featured_media":60946,"comment_status":"open","ping_status":"open","sticky":false,"template":"","format":"standard","meta":{"_acf_changed":false,"inline_featured_image":false,"ngg_post_thumbnail":0,"footnotes":""},"categories":[5762,62],"tags":[6167,2188,28,6644,487],"ppma_author":[22597],"class_list":["post-61802","post","type-post","status-publish","format-standard","has-post-thumbnail","hentry","category-main","category-stiri","tag-azile","tag-controale","tag-firea","tag-linsaj","tag-voluntari"],"acf":[],"yoast_head":"<!-- This site is optimized with the Yoast SEO Premium plugin v25.3 (Yoast SEO v27.4) - https:\/\/yoast.com\/product\/yoast-seo-premium-wordpress\/ -->\n<title>Gabriela Firea, despre \u201elag\u0103rele Ilfovului&quot;, dup\u0103 ce a acuzat ini\u021bial \u201eun lin\u0219aj de joas\u0103 spe\u021b\u0103\u201d: \u201eNu mi-a trecut prin minte, nici ca om, nici ca senator sau ministru, s\u0103 pun la \u00eendoial\u0103 rezultatele controalelor&quot; - Buletin de Bucure\u0219ti<\/title>\n<meta name=\"robots\" content=\"index, follow, max-snippet:-1, max-image-preview:large, max-video-preview:-1\" \/>\n<link rel=\"canonical\" href=\"https:\/\/buletin.de\/bucuresti\/gabriela-firea-despre-lagarele-ilfovului-dupa-ce-a-acuzat-initial-un-linsaj-de-joasa-speta-nu-mi-a-trecut-prin-minte-nici-ca-om-nici-ca-senator-sau-ministru\/\" \/>\n<meta property=\"og:locale\" content=\"en_GB\" \/>\n<meta property=\"og:type\" content=\"article\" \/>\n<meta property=\"og:title\" content=\"Gabriela Firea, despre \u201elag\u0103rele Ilfovului&quot;, dup\u0103 ce a acuzat ini\u021bial \u201eun lin\u0219aj de joas\u0103 spe\u021b\u0103\u201d: \u201eNu mi-a trecut prin minte, nici ca om, nici ca senator sau ministru, s\u0103 pun la \u00eendoial\u0103 rezultatele controalelor&quot;\" \/>\n<meta property=\"og:description\" content=\"Gabriela Firea a vorbit mar\u0163i seara, la Antena 3, despre azilele groazei. Fostul ministru al Familiei a recunoscut c\u0103 a aflat despre ceea ce se \u00eent\u00e2mpla \u00een acele centre \u00eenc\u0103 din luna februarie, \u00eens\u0103 nu a crezut c\u0103 rezultatele controalelor care au urmat nu ar fi unele corecte. Ini\u021bial, Gabriela Firea a reac\u021bionat \u00een urma [&hellip;]\" \/>\n<meta property=\"og:url\" content=\"https:\/\/buletin.de\/bucuresti\/gabriela-firea-despre-lagarele-ilfovului-dupa-ce-a-acuzat-initial-un-linsaj-de-joasa-speta-nu-mi-a-trecut-prin-minte-nici-ca-om-nici-ca-senator-sau-ministru\/\" \/>\n<meta property=\"og:site_name\" content=\"Buletin de Bucure\u0219ti\" \/>\n<meta property=\"article:publisher\" content=\"https:\/\/www.facebook.com\/buletin.de.buc\" \/>\n<meta property=\"article:published_time\" content=\"2023-08-09T11:02:38+00:00\" \/>\n<meta property=\"og:image\" content=\"https:\/\/buletin.de\/bucuresti\/wp-content\/uploads\/ID218459_INQUAM_Photos_George_Calin.jpg\" \/>\n\t<meta property=\"og:image:width\" content=\"2000\" \/>\n\t<meta property=\"og:image:height\" content=\"1333\" \/>\n\t<meta property=\"og:image:type\" content=\"image\/jpeg\" \/>\n<meta name=\"author\" content=\"Ana Tudor\" \/>\n<meta name=\"twitter:card\" content=\"summary_large_image\" \/>\n<meta name=\"twitter:label1\" content=\"Written by\" \/>\n\t<meta name=\"twitter:data1\" content=\"Ana Tudor\" \/>\n\t<meta name=\"twitter:label2\" content=\"Estimated reading time\" \/>\n\t<meta name=\"twitter:data2\" content=\"3 minutes\" \/>\n<script type=\"application\/ld+json\" class=\"yoast-schema-graph\">{\"@context\":\"https:\\\/\\\/schema.org\",\"@graph\":[{\"@type\":\"Article\",\"@id\":\"https:\\\/\\\/buletin.de\\\/bucuresti\\\/gabriela-firea-despre-lagarele-ilfovului-dupa-ce-a-acuzat-initial-un-linsaj-de-joasa-speta-nu-mi-a-trecut-prin-minte-nici-ca-om-nici-ca-senator-sau-ministru\\\/#article\",\"isPartOf\":{\"@id\":\"https:\\\/\\\/buletin.de\\\/bucuresti\\\/gabriela-firea-despre-lagarele-ilfovului-dupa-ce-a-acuzat-initial-un-linsaj-de-joasa-speta-nu-mi-a-trecut-prin-minte-nici-ca-om-nici-ca-senator-sau-ministru\\\/\"},\"author\":{\"name\":\"Ana Tudor\",\"@id\":\"https:\\\/\\\/buletin.de\\\/bucuresti\\\/#\\\/schema\\\/person\\\/8ce85bbda5515a1abb525993294155a8\"},\"headline\":\"Gabriela Firea, despre \u201elag\u0103rele Ilfovului&#8221;, dup\u0103 ce a acuzat ini\u021bial \u201eun lin\u0219aj de joas\u0103 spe\u021b\u0103\u201d: \u201eNu mi-a trecut prin minte, nici ca om, nici ca senator sau ministru, s\u0103 pun la \u00eendoial\u0103 rezultatele controalelor&#8221;\",\"datePublished\":\"2023-08-09T11:02:38+00:00\",\"mainEntityOfPage\":{\"@id\":\"https:\\\/\\\/buletin.de\\\/bucuresti\\\/gabriela-firea-despre-lagarele-ilfovului-dupa-ce-a-acuzat-initial-un-linsaj-de-joasa-speta-nu-mi-a-trecut-prin-minte-nici-ca-om-nici-ca-senator-sau-ministru\\\/\"},\"wordCount\":792,\"commentCount\":0,\"publisher\":{\"@id\":\"https:\\\/\\\/buletin.de\\\/bucuresti\\\/#organization\"},\"image\":{\"@id\":\"https:\\\/\\\/buletin.de\\\/bucuresti\\\/gabriela-firea-despre-lagarele-ilfovului-dupa-ce-a-acuzat-initial-un-linsaj-de-joasa-speta-nu-mi-a-trecut-prin-minte-nici-ca-om-nici-ca-senator-sau-ministru\\\/#primaryimage\"},\"thumbnailUrl\":\"https:\\\/\\\/buletin.de\\\/bucuresti\\\/wp-content\\\/uploads\\\/ID218459_INQUAM_Photos_George_Calin.jpg\",\"keywords\":[\"azile\",\"controale\",\"firea\",\"linsaj\",\"voluntari\"],\"articleSection\":[\"Main\",\"\u0218tiri\"],\"inLanguage\":\"en-GB\",\"potentialAction\":[{\"@type\":\"CommentAction\",\"name\":\"Comment\",\"target\":[\"https:\\\/\\\/buletin.de\\\/bucuresti\\\/gabriela-firea-despre-lagarele-ilfovului-dupa-ce-a-acuzat-initial-un-linsaj-de-joasa-speta-nu-mi-a-trecut-prin-minte-nici-ca-om-nici-ca-senator-sau-ministru\\\/#respond\"]}],\"copyrightYear\":\"2023\",\"copyrightHolder\":{\"@id\":\"https:\\\/\\\/buletin.de\\\/bucuresti\\\/#organization\"}},{\"@type\":\"WebPage\",\"@id\":\"https:\\\/\\\/buletin.de\\\/bucuresti\\\/gabriela-firea-despre-lagarele-ilfovului-dupa-ce-a-acuzat-initial-un-linsaj-de-joasa-speta-nu-mi-a-trecut-prin-minte-nici-ca-om-nici-ca-senator-sau-ministru\\\/\",\"url\":\"https:\\\/\\\/buletin.de\\\/bucuresti\\\/gabriela-firea-despre-lagarele-ilfovului-dupa-ce-a-acuzat-initial-un-linsaj-de-joasa-speta-nu-mi-a-trecut-prin-minte-nici-ca-om-nici-ca-senator-sau-ministru\\\/\",\"name\":\"Gabriela Firea, despre \u201elag\u0103rele Ilfovului\\\", dup\u0103 ce a acuzat ini\u021bial \u201eun lin\u0219aj de joas\u0103 spe\u021b\u0103\u201d: \u201eNu mi-a trecut prin minte, nici ca om, nici ca senator sau ministru, s\u0103 pun la \u00eendoial\u0103 rezultatele controalelor\\\" - Buletin de Bucure\u0219ti\",\"isPartOf\":{\"@id\":\"https:\\\/\\\/buletin.de\\\/bucuresti\\\/#website\"},\"primaryImageOfPage\":{\"@id\":\"https:\\\/\\\/buletin.de\\\/bucuresti\\\/gabriela-firea-despre-lagarele-ilfovului-dupa-ce-a-acuzat-initial-un-linsaj-de-joasa-speta-nu-mi-a-trecut-prin-minte-nici-ca-om-nici-ca-senator-sau-ministru\\\/#primaryimage\"},\"image\":{\"@id\":\"https:\\\/\\\/buletin.de\\\/bucuresti\\\/gabriela-firea-despre-lagarele-ilfovului-dupa-ce-a-acuzat-initial-un-linsaj-de-joasa-speta-nu-mi-a-trecut-prin-minte-nici-ca-om-nici-ca-senator-sau-ministru\\\/#primaryimage\"},\"thumbnailUrl\":\"https:\\\/\\\/buletin.de\\\/bucuresti\\\/wp-content\\\/uploads\\\/ID218459_INQUAM_Photos_George_Calin.jpg\",\"datePublished\":\"2023-08-09T11:02:38+00:00\",\"breadcrumb\":{\"@id\":\"https:\\\/\\\/buletin.de\\\/bucuresti\\\/gabriela-firea-despre-lagarele-ilfovului-dupa-ce-a-acuzat-initial-un-linsaj-de-joasa-speta-nu-mi-a-trecut-prin-minte-nici-ca-om-nici-ca-senator-sau-ministru\\\/#breadcrumb\"},\"inLanguage\":\"en-GB\",\"potentialAction\":[{\"@type\":\"ReadAction\",\"target\":[\"https:\\\/\\\/buletin.de\\\/bucuresti\\\/gabriela-firea-despre-lagarele-ilfovului-dupa-ce-a-acuzat-initial-un-linsaj-de-joasa-speta-nu-mi-a-trecut-prin-minte-nici-ca-om-nici-ca-senator-sau-ministru\\\/\"]}]},{\"@type\":\"ImageObject\",\"inLanguage\":\"en-GB\",\"@id\":\"https:\\\/\\\/buletin.de\\\/bucuresti\\\/gabriela-firea-despre-lagarele-ilfovului-dupa-ce-a-acuzat-initial-un-linsaj-de-joasa-speta-nu-mi-a-trecut-prin-minte-nici-ca-om-nici-ca-senator-sau-ministru\\\/#primaryimage\",\"url\":\"https:\\\/\\\/buletin.de\\\/bucuresti\\\/wp-content\\\/uploads\\\/ID218459_INQUAM_Photos_George_Calin.jpg\",\"contentUrl\":\"https:\\\/\\\/buletin.de\\\/bucuresti\\\/wp-content\\\/uploads\\\/ID218459_INQUAM_Photos_George_Calin.jpg\",\"width\":2000,\"height\":1333,\"caption\":\"Gabriela Firea particip\u0103 la \u0219edin\u021ba de guvern, la Palatul Victoria din Bucure\u0219ti, miercuri 5 aprilie 2023. Inquam Photos \\\/ George C\u0103lin\"},{\"@type\":\"BreadcrumbList\",\"@id\":\"https:\\\/\\\/buletin.de\\\/bucuresti\\\/gabriela-firea-despre-lagarele-ilfovului-dupa-ce-a-acuzat-initial-un-linsaj-de-joasa-speta-nu-mi-a-trecut-prin-minte-nici-ca-om-nici-ca-senator-sau-ministru\\\/#breadcrumb\",\"itemListElement\":[{\"@type\":\"ListItem\",\"position\":1,\"name\":\"Acas\u0103\",\"item\":\"https:\\\/\\\/buletin.de\\\/bucuresti\\\/\"},{\"@type\":\"ListItem\",\"position\":2,\"name\":\"Gabriela Firea, despre \u201elag\u0103rele Ilfovului&#8221;, dup\u0103 ce a acuzat ini\u021bial \u201eun lin\u0219aj de joas\u0103 spe\u021b\u0103\u201d: \u201eNu mi-a trecut prin minte, nici ca om, nici ca senator sau ministru, s\u0103 pun la \u00eendoial\u0103 rezultatele controalelor&#8221;\"}]},{\"@type\":\"WebSite\",\"@id\":\"https:\\\/\\\/buletin.de\\\/bucuresti\\\/#website\",\"url\":\"https:\\\/\\\/buletin.de\\\/bucuresti\\\/\",\"name\":\"Buletin de Bucure\u0219ti\",\"description\":\"\u0218tiri \u0219i investiga\u021bii esen\u021biale din capital\u0103\",\"publisher\":{\"@id\":\"https:\\\/\\\/buletin.de\\\/bucuresti\\\/#organization\"},\"potentialAction\":[{\"@type\":\"SearchAction\",\"target\":{\"@type\":\"EntryPoint\",\"urlTemplate\":\"https:\\\/\\\/buletin.de\\\/bucuresti\\\/?s={search_term_string}\"},\"query-input\":{\"@type\":\"PropertyValueSpecification\",\"valueRequired\":true,\"valueName\":\"search_term_string\"}}],\"inLanguage\":\"en-GB\"},{\"@type\":\"Organization\",\"@id\":\"https:\\\/\\\/buletin.de\\\/bucuresti\\\/#organization\",\"name\":\"Buletin de Bucure\u0219ti\",\"url\":\"https:\\\/\\\/buletin.de\\\/bucuresti\\\/\",\"logo\":{\"@type\":\"ImageObject\",\"inLanguage\":\"en-GB\",\"@id\":\"https:\\\/\\\/buletin.de\\\/bucuresti\\\/#\\\/schema\\\/logo\\\/image\\\/\",\"url\":\"https:\\\/\\\/buletin.de\\\/bucuresti\\\/wp-content\\\/uploads\\\/logo-bdb-full-wide-vernil-transparent.png\",\"contentUrl\":\"https:\\\/\\\/buletin.de\\\/bucuresti\\\/wp-content\\\/uploads\\\/logo-bdb-full-wide-vernil-transparent.png\",\"width\":1782,\"height\":626,\"caption\":\"Buletin de Bucure\u0219ti\"},\"image\":{\"@id\":\"https:\\\/\\\/buletin.de\\\/bucuresti\\\/#\\\/schema\\\/logo\\\/image\\\/\"},\"sameAs\":[\"https:\\\/\\\/www.facebook.com\\\/buletin.de.buc\",\"https:\\\/\\\/www.instagram.com\\\/buletinde.bucuresti\\\/\"]},{\"@type\":\"Person\",\"@id\":\"https:\\\/\\\/buletin.de\\\/bucuresti\\\/#\\\/schema\\\/person\\\/8ce85bbda5515a1abb525993294155a8\",\"name\":\"Ana Tudor\",\"image\":{\"@type\":\"ImageObject\",\"inLanguage\":\"en-GB\",\"@id\":\"https:\\\/\\\/secure.gravatar.com\\\/avatar\\\/390c40e2d9367046adb10d832317e3f5fb181fdecb236cb1a8187477756ae24a?s=96&d=monsterid&r=g0f86ad5d6b77046fd61bd633bbfa4a29\",\"url\":\"https:\\\/\\\/secure.gravatar.com\\\/avatar\\\/390c40e2d9367046adb10d832317e3f5fb181fdecb236cb1a8187477756ae24a?s=96&d=monsterid&r=g\",\"contentUrl\":\"https:\\\/\\\/secure.gravatar.com\\\/avatar\\\/390c40e2d9367046adb10d832317e3f5fb181fdecb236cb1a8187477756ae24a?s=96&d=monsterid&r=g\",\"caption\":\"Ana Tudor\"},\"url\":\"https:\\\/\\\/buletin.de\\\/bucuresti\\\/author\\\/anamaria\\\/\"}]}<\/script>\n<!-- \/ Yoast SEO Premium plugin. -->","yoast_head_json":{"title":"Gabriela Firea, despre \u201elag\u0103rele Ilfovului\", dup\u0103 ce a acuzat ini\u021bial \u201eun lin\u0219aj de joas\u0103 spe\u021b\u0103\u201d: \u201eNu mi-a trecut prin minte, nici ca om, nici ca senator sau ministru, s\u0103 pun la \u00eendoial\u0103 rezultatele controalelor\" - Buletin de Bucure\u0219ti","robots":{"index":"index","follow":"follow","max-snippet":"max-snippet:-1","max-image-preview":"max-image-preview:large","max-video-preview":"max-video-preview:-1"},"canonical":"https:\/\/buletin.de\/bucuresti\/gabriela-firea-despre-lagarele-ilfovului-dupa-ce-a-acuzat-initial-un-linsaj-de-joasa-speta-nu-mi-a-trecut-prin-minte-nici-ca-om-nici-ca-senator-sau-ministru\/","og_locale":"en_GB","og_type":"article","og_title":"Gabriela Firea, despre \u201elag\u0103rele Ilfovului\", dup\u0103 ce a acuzat ini\u021bial \u201eun lin\u0219aj de joas\u0103 spe\u021b\u0103\u201d: \u201eNu mi-a trecut prin minte, nici ca om, nici ca senator sau ministru, s\u0103 pun la \u00eendoial\u0103 rezultatele controalelor\"","og_description":"Gabriela Firea a vorbit mar\u0163i seara, la Antena 3, despre azilele groazei. Fostul ministru al Familiei a recunoscut c\u0103 a aflat despre ceea ce se \u00eent\u00e2mpla \u00een acele centre \u00eenc\u0103 din luna februarie, \u00eens\u0103 nu a crezut c\u0103 rezultatele controalelor care au urmat nu ar fi unele corecte. Ini\u021bial, Gabriela Firea a reac\u021bionat \u00een urma [&hellip;]","og_url":"https:\/\/buletin.de\/bucuresti\/gabriela-firea-despre-lagarele-ilfovului-dupa-ce-a-acuzat-initial-un-linsaj-de-joasa-speta-nu-mi-a-trecut-prin-minte-nici-ca-om-nici-ca-senator-sau-ministru\/","og_site_name":"Buletin de Bucure\u0219ti","article_publisher":"https:\/\/www.facebook.com\/buletin.de.buc","article_published_time":"2023-08-09T11:02:38+00:00","og_image":[{"width":2000,"height":1333,"url":"https:\/\/buletin.de\/bucuresti\/wp-content\/uploads\/ID218459_INQUAM_Photos_George_Calin.jpg","type":"image\/jpeg"}],"author":"Ana Tudor","twitter_card":"summary_large_image","twitter_misc":{"Written by":"Ana Tudor","Estimated reading time":"3 minutes"},"schema":{"@context":"https:\/\/schema.org","@graph":[{"@type":"Article","@id":"https:\/\/buletin.de\/bucuresti\/gabriela-firea-despre-lagarele-ilfovului-dupa-ce-a-acuzat-initial-un-linsaj-de-joasa-speta-nu-mi-a-trecut-prin-minte-nici-ca-om-nici-ca-senator-sau-ministru\/#article","isPartOf":{"@id":"https:\/\/buletin.de\/bucuresti\/gabriela-firea-despre-lagarele-ilfovului-dupa-ce-a-acuzat-initial-un-linsaj-de-joasa-speta-nu-mi-a-trecut-prin-minte-nici-ca-om-nici-ca-senator-sau-ministru\/"},"author":{"name":"Ana Tudor","@id":"https:\/\/buletin.de\/bucuresti\/#\/schema\/person\/8ce85bbda5515a1abb525993294155a8"},"headline":"Gabriela Firea, despre \u201elag\u0103rele Ilfovului&#8221;, dup\u0103 ce a acuzat ini\u021bial \u201eun lin\u0219aj de joas\u0103 spe\u021b\u0103\u201d: \u201eNu mi-a trecut prin minte, nici ca om, nici ca senator sau ministru, s\u0103 pun la \u00eendoial\u0103 rezultatele controalelor&#8221;","datePublished":"2023-08-09T11:02:38+00:00","mainEntityOfPage":{"@id":"https:\/\/buletin.de\/bucuresti\/gabriela-firea-despre-lagarele-ilfovului-dupa-ce-a-acuzat-initial-un-linsaj-de-joasa-speta-nu-mi-a-trecut-prin-minte-nici-ca-om-nici-ca-senator-sau-ministru\/"},"wordCount":792,"commentCount":0,"publisher":{"@id":"https:\/\/buletin.de\/bucuresti\/#organization"},"image":{"@id":"https:\/\/buletin.de\/bucuresti\/gabriela-firea-despre-lagarele-ilfovului-dupa-ce-a-acuzat-initial-un-linsaj-de-joasa-speta-nu-mi-a-trecut-prin-minte-nici-ca-om-nici-ca-senator-sau-ministru\/#primaryimage"},"thumbnailUrl":"https:\/\/buletin.de\/bucuresti\/wp-content\/uploads\/ID218459_INQUAM_Photos_George_Calin.jpg","keywords":["azile","controale","firea","linsaj","voluntari"],"articleSection":["Main","\u0218tiri"],"inLanguage":"en-GB","potentialAction":[{"@type":"CommentAction","name":"Comment","target":["https:\/\/buletin.de\/bucuresti\/gabriela-firea-despre-lagarele-ilfovului-dupa-ce-a-acuzat-initial-un-linsaj-de-joasa-speta-nu-mi-a-trecut-prin-minte-nici-ca-om-nici-ca-senator-sau-ministru\/#respond"]}],"copyrightYear":"2023","copyrightHolder":{"@id":"https:\/\/buletin.de\/bucuresti\/#organization"}},{"@type":"WebPage","@id":"https:\/\/buletin.de\/bucuresti\/gabriela-firea-despre-lagarele-ilfovului-dupa-ce-a-acuzat-initial-un-linsaj-de-joasa-speta-nu-mi-a-trecut-prin-minte-nici-ca-om-nici-ca-senator-sau-ministru\/","url":"https:\/\/buletin.de\/bucuresti\/gabriela-firea-despre-lagarele-ilfovului-dupa-ce-a-acuzat-initial-un-linsaj-de-joasa-speta-nu-mi-a-trecut-prin-minte-nici-ca-om-nici-ca-senator-sau-ministru\/","name":"Gabriela Firea, despre \u201elag\u0103rele Ilfovului\", dup\u0103 ce a acuzat ini\u021bial \u201eun lin\u0219aj de joas\u0103 spe\u021b\u0103\u201d: \u201eNu mi-a trecut prin minte, nici ca om, nici ca senator sau ministru, s\u0103 pun la \u00eendoial\u0103 rezultatele controalelor\" - Buletin de Bucure\u0219ti","isPartOf":{"@id":"https:\/\/buletin.de\/bucuresti\/#website"},"primaryImageOfPage":{"@id":"https:\/\/buletin.de\/bucuresti\/gabriela-firea-despre-lagarele-ilfovului-dupa-ce-a-acuzat-initial-un-linsaj-de-joasa-speta-nu-mi-a-trecut-prin-minte-nici-ca-om-nici-ca-senator-sau-ministru\/#primaryimage"},"image":{"@id":"https:\/\/buletin.de\/bucuresti\/gabriela-firea-despre-lagarele-ilfovului-dupa-ce-a-acuzat-initial-un-linsaj-de-joasa-speta-nu-mi-a-trecut-prin-minte-nici-ca-om-nici-ca-senator-sau-ministru\/#primaryimage"},"thumbnailUrl":"https:\/\/buletin.de\/bucuresti\/wp-content\/uploads\/ID218459_INQUAM_Photos_George_Calin.jpg","datePublished":"2023-08-09T11:02:38+00:00","breadcrumb":{"@id":"https:\/\/buletin.de\/bucuresti\/gabriela-firea-despre-lagarele-ilfovului-dupa-ce-a-acuzat-initial-un-linsaj-de-joasa-speta-nu-mi-a-trecut-prin-minte-nici-ca-om-nici-ca-senator-sau-ministru\/#breadcrumb"},"inLanguage":"en-GB","potentialAction":[{"@type":"ReadAction","target":["https:\/\/buletin.de\/bucuresti\/gabriela-firea-despre-lagarele-ilfovului-dupa-ce-a-acuzat-initial-un-linsaj-de-joasa-speta-nu-mi-a-trecut-prin-minte-nici-ca-om-nici-ca-senator-sau-ministru\/"]}]},{"@type":"ImageObject","inLanguage":"en-GB","@id":"https:\/\/buletin.de\/bucuresti\/gabriela-firea-despre-lagarele-ilfovului-dupa-ce-a-acuzat-initial-un-linsaj-de-joasa-speta-nu-mi-a-trecut-prin-minte-nici-ca-om-nici-ca-senator-sau-ministru\/#primaryimage","url":"https:\/\/buletin.de\/bucuresti\/wp-content\/uploads\/ID218459_INQUAM_Photos_George_Calin.jpg","contentUrl":"https:\/\/buletin.de\/bucuresti\/wp-content\/uploads\/ID218459_INQUAM_Photos_George_Calin.jpg","width":2000,"height":1333,"caption":"Gabriela Firea particip\u0103 la \u0219edin\u021ba de guvern, la Palatul Victoria din Bucure\u0219ti, miercuri 5 aprilie 2023. Inquam Photos \/ George C\u0103lin"},{"@type":"BreadcrumbList","@id":"https:\/\/buletin.de\/bucuresti\/gabriela-firea-despre-lagarele-ilfovului-dupa-ce-a-acuzat-initial-un-linsaj-de-joasa-speta-nu-mi-a-trecut-prin-minte-nici-ca-om-nici-ca-senator-sau-ministru\/#breadcrumb","itemListElement":[{"@type":"ListItem","position":1,"name":"Acas\u0103","item":"https:\/\/buletin.de\/bucuresti\/"},{"@type":"ListItem","position":2,"name":"Gabriela Firea, despre \u201elag\u0103rele Ilfovului&#8221;, dup\u0103 ce a acuzat ini\u021bial \u201eun lin\u0219aj de joas\u0103 spe\u021b\u0103\u201d: \u201eNu mi-a trecut prin minte, nici ca om, nici ca senator sau ministru, s\u0103 pun la \u00eendoial\u0103 rezultatele controalelor&#8221;"}]},{"@type":"WebSite","@id":"https:\/\/buletin.de\/bucuresti\/#website","url":"https:\/\/buletin.de\/bucuresti\/","name":"Buletin de Bucure\u0219ti","description":"\u0218tiri \u0219i investiga\u021bii esen\u021biale din capital\u0103","publisher":{"@id":"https:\/\/buletin.de\/bucuresti\/#organization"},"potentialAction":[{"@type":"SearchAction","target":{"@type":"EntryPoint","urlTemplate":"https:\/\/buletin.de\/bucuresti\/?s={search_term_string}"},"query-input":{"@type":"PropertyValueSpecification","valueRequired":true,"valueName":"search_term_string"}}],"inLanguage":"en-GB"},{"@type":"Organization","@id":"https:\/\/buletin.de\/bucuresti\/#organization","name":"Buletin de Bucure\u0219ti","url":"https:\/\/buletin.de\/bucuresti\/","logo":{"@type":"ImageObject","inLanguage":"en-GB","@id":"https:\/\/buletin.de\/bucuresti\/#\/schema\/logo\/image\/","url":"https:\/\/buletin.de\/bucuresti\/wp-content\/uploads\/logo-bdb-full-wide-vernil-transparent.png","contentUrl":"https:\/\/buletin.de\/bucuresti\/wp-content\/uploads\/logo-bdb-full-wide-vernil-transparent.png","width":1782,"height":626,"caption":"Buletin de Bucure\u0219ti"},"image":{"@id":"https:\/\/buletin.de\/bucuresti\/#\/schema\/logo\/image\/"},"sameAs":["https:\/\/www.facebook.com\/buletin.de.buc","https:\/\/www.instagram.com\/buletinde.bucuresti\/"]},{"@type":"Person","@id":"https:\/\/buletin.de\/bucuresti\/#\/schema\/person\/8ce85bbda5515a1abb525993294155a8","name":"Ana Tudor","image":{"@type":"ImageObject","inLanguage":"en-GB","@id":"https:\/\/secure.gravatar.com\/avatar\/390c40e2d9367046adb10d832317e3f5fb181fdecb236cb1a8187477756ae24a?s=96&d=monsterid&r=g0f86ad5d6b77046fd61bd633bbfa4a29","url":"https:\/\/secure.gravatar.com\/avatar\/390c40e2d9367046adb10d832317e3f5fb181fdecb236cb1a8187477756ae24a?s=96&d=monsterid&r=g","contentUrl":"https:\/\/secure.gravatar.com\/avatar\/390c40e2d9367046adb10d832317e3f5fb181fdecb236cb1a8187477756ae24a?s=96&d=monsterid&r=g","caption":"Ana Tudor"},"url":"https:\/\/buletin.de\/bucuresti\/author\/anamaria\/"}]}},"authors":[{"term_id":22597,"user_id":25,"is_guest":0,"slug":"anamaria","display_name":"Ana Tudor","avatar_url":"https:\/\/secure.gravatar.com\/avatar\/390c40e2d9367046adb10d832317e3f5fb181fdecb236cb1a8187477756ae24a?s=96&d=monsterid&r=g","0":null,"1":"","2":"","3":"","4":"","5":"","6":"","7":"","8":""}],"_links":{"self":[{"href":"https:\/\/buletin.de\/bucuresti\/wp-json\/wp\/v2\/posts\/61802","targetHints":{"allow":["GET"]}}],"collection":[{"href":"https:\/\/buletin.de\/bucuresti\/wp-json\/wp\/v2\/posts"}],"about":[{"href":"https:\/\/buletin.de\/bucuresti\/wp-json\/wp\/v2\/types\/post"}],"author":[{"embeddable":true,"href":"https:\/\/buletin.de\/bucuresti\/wp-json\/wp\/v2\/users\/25"}],"replies":[{"embeddable":true,"href":"https:\/\/buletin.de\/bucuresti\/wp-json\/wp\/v2\/comments?post=61802"}],"version-history":[{"count":0,"href":"https:\/\/buletin.de\/bucuresti\/wp-json\/wp\/v2\/posts\/61802\/revisions"}],"wp:featuredmedia":[{"embeddable":true,"href":"https:\/\/buletin.de\/bucuresti\/wp-json\/wp\/v2\/media\/60946"}],"wp:attachment":[{"href":"https:\/\/buletin.de\/bucuresti\/wp-json\/wp\/v2\/media?parent=61802"}],"wp:term":[{"taxonomy":"category","embeddable":true,"href":"https:\/\/buletin.de\/bucuresti\/wp-json\/wp\/v2\/categories?post=61802"},{"taxonomy":"post_tag","embeddable":true,"href":"https:\/\/buletin.de\/bucuresti\/wp-json\/wp\/v2\/tags?post=61802"},{"taxonomy":"author","embeddable":true,"href":"https:\/\/buletin.de\/bucuresti\/wp-json\/wp\/v2\/ppma_author?post=61802"}],"curies":[{"name":"wp","href":"https:\/\/api.w.org\/{rel}","templated":true}]}}