{"id":61736,"date":"2023-08-07T13:58:17","date_gmt":"2023-08-07T11:58:17","guid":{"rendered":"https:\/\/buletin.de\/bucuresti\/sector-5-femeie-captiva-si-agresata-salvata-de-politie\/"},"modified":"2023-08-07T13:58:17","modified_gmt":"2023-08-07T11:58:17","slug":"sector-5-femeie-captiva-si-agresata-salvata-de-politie","status":"publish","type":"post","link":"https:\/\/buletin.de\/bucuresti\/sector-5-femeie-captiva-si-agresata-salvata-de-politie\/","title":{"rendered":"Sector 5 | Femeie captiv\u0103 \u0219i agresat\u0103, salvat\u0103 de poli\u021bie"},"content":{"rendered":"\n<p><strong>UPDATE \/\/\/ B\u0103rbatul a fost re\u021binut, pentru 24 de ore, urm\u00e2nd a fi prezentat magistra\u021bilor, \u00een cursul zilei de mar\u021bi, 8 august, cu propuneri\u00a0legale, au transmis reprezenta\u021bii Poli\u021biei Capitalei.<\/strong><\/p>\n\n\n\n<p>Duminic\u0103, 7 august, Poli\u021bia Capitalei a salvat o femeie \u021binut\u0103 captiv\u0103 \u0219i agresat\u0103, \u00een Sectorul 5. Poli\u021bia a fost anun\u021bat\u0103 de o prieten\u0103 a femeii salvate, pe care victima a contactat-o prin mesaje. <\/p>\n\n\n\n<p>Victima, \u00een v\u00e2rst\u0103 de 45 de ani, \u0219i-a contactat o prieten\u0103 prin intermediul unei aplica\u021bii de mesagerie online, \u0219i i-a comunicat situa\u021bia \u00een care se afl\u0103: faptul c\u0103 este lipsit\u0103 de libertate \u0219i agresat\u0103 de prietenul ei, \u0219i adresa din Sectorul 5 unde se afla. <\/p>\n\n\n\n<p>Femeia a fost transportat\u0103 la o unitate medicale, deoarece aceasta prezenta urme de violen\u021b\u0103, iar b\u0103rbatul suspect a fost condus la audieri. Pentru acest caz a fost deschis un dosar penal.<\/p>\n\n\n\n<p>Cercet\u0103rile \u00een vederea stabilirii situa\u021biei de fapt sunt continuate de Sec\u021bia 24 de Poli\u021bie, sub supravegherea Parchetului de pe l\u00e2ng\u0103 Judec\u0103toria Sectorului 5.<\/p>\n","protected":false},"excerpt":{"rendered":"<p>UPDATE \/\/\/ B\u0103rbatul a fost re\u021binut, pentru 24 de ore, urm\u00e2nd a fi prezentat magistra\u021bilor, \u00een cursul zilei de mar\u021bi, 8 august, cu propuneri\u00a0legale, au transmis reprezenta\u021bii Poli\u021biei Capitalei. Duminic\u0103, 7 august, Poli\u021bia Capitalei a salvat o femeie \u021binut\u0103 captiv\u0103 \u0219i agresat\u0103, \u00een Sectorul 5. Poli\u021bia a fost anun\u021bat\u0103 de o prieten\u0103 a femeii salvate, [&hellip;]<\/p>\n","protected":false},"author":47,"featured_media":61737,"comment_status":"open","ping_status":"open","sticky":false,"template":"","format":"standard","meta":{"_acf_changed":false,"inline_featured_image":false,"ngg_post_thumbnail":0,"footnotes":""},"categories":[62],"tags":[6616,3898,6617,5272,6618,6619,882,6620,6621,188],"ppma_author":[22580],"class_list":["post-61736","post","type-post","status-publish","format-standard","has-post-thumbnail","hentry","category-stiri","tag-agresata","tag-agresiune","tag-captiva","tag-femeie","tag-mesagerie","tag-mesaje","tag-politie","tag-privata-de-libertate","tag-sectia-24","tag-sector-5"],"acf":[],"yoast_head":"<!-- This site is optimized with the Yoast SEO Premium plugin v25.3 (Yoast SEO v27.5) - https:\/\/yoast.com\/product\/yoast-seo-premium-wordpress\/ -->\n<title>Sector 5 | Femeie captiv\u0103 \u0219i agresat\u0103, salvat\u0103 de poli\u021bie - Buletin de Bucure\u0219ti<\/title>\n<meta name=\"robots\" content=\"index, follow, max-snippet:-1, max-image-preview:large, max-video-preview:-1\" \/>\n<link rel=\"canonical\" href=\"https:\/\/buletin.de\/bucuresti\/sector-5-femeie-captiva-si-agresata-salvata-de-politie\/\" \/>\n<meta property=\"og:locale\" content=\"en_GB\" \/>\n<meta property=\"og:type\" content=\"article\" \/>\n<meta property=\"og:title\" content=\"Sector 5 | Femeie captiv\u0103 \u0219i agresat\u0103, salvat\u0103 de poli\u021bie\" \/>\n<meta property=\"og:description\" content=\"UPDATE \/\/\/ B\u0103rbatul a fost re\u021binut, pentru 24 de ore, urm\u00e2nd a fi prezentat magistra\u021bilor, \u00een cursul zilei de mar\u021bi, 8 august, cu propuneri\u00a0legale, au transmis reprezenta\u021bii Poli\u021biei Capitalei. Duminic\u0103, 7 august, Poli\u021bia Capitalei a salvat o femeie \u021binut\u0103 captiv\u0103 \u0219i agresat\u0103, \u00een Sectorul 5. Poli\u021bia a fost anun\u021bat\u0103 de o prieten\u0103 a femeii salvate, [&hellip;]\" \/>\n<meta property=\"og:url\" content=\"https:\/\/buletin.de\/bucuresti\/sector-5-femeie-captiva-si-agresata-salvata-de-politie\/\" \/>\n<meta property=\"og:site_name\" content=\"Buletin de Bucure\u0219ti\" \/>\n<meta property=\"article:publisher\" content=\"https:\/\/www.facebook.com\/buletin.de.buc\" \/>\n<meta property=\"article:published_time\" content=\"2023-08-07T11:58:17+00:00\" \/>\n<meta property=\"og:image\" content=\"https:\/\/buletin.de\/bucuresti\/wp-content\/uploads\/4379912.jpg\" \/>\n\t<meta property=\"og:image:width\" content=\"1600\" \/>\n\t<meta property=\"og:image:height\" content=\"1067\" \/>\n\t<meta property=\"og:image:type\" content=\"image\/jpeg\" \/>\n<meta name=\"author\" content=\"Adina C\u0103p\u00eelnean\" \/>\n<meta name=\"twitter:card\" content=\"summary_large_image\" \/>\n<meta name=\"twitter:label1\" content=\"Written by\" \/>\n\t<meta name=\"twitter:data1\" content=\"Adina C\u0103p\u00eelnean\" \/>\n\t<meta name=\"twitter:label2\" content=\"Estimated reading time\" \/>\n\t<meta name=\"twitter:data2\" content=\"1 minute\" \/>\n<script type=\"application\/ld+json\" class=\"yoast-schema-graph\">{\"@context\":\"https:\\\/\\\/schema.org\",\"@graph\":[{\"@type\":\"Article\",\"@id\":\"https:\\\/\\\/buletin.de\\\/bucuresti\\\/sector-5-femeie-captiva-si-agresata-salvata-de-politie\\\/#article\",\"isPartOf\":{\"@id\":\"https:\\\/\\\/buletin.de\\\/bucuresti\\\/sector-5-femeie-captiva-si-agresata-salvata-de-politie\\\/\"},\"author\":{\"name\":\"Adina C\u0103p\u00eelnean\",\"@id\":\"https:\\\/\\\/buletin.de\\\/bucuresti\\\/#\\\/schema\\\/person\\\/ab174cf6711728e4ee83d672acf9a912\"},\"headline\":\"Sector 5 | Femeie captiv\u0103 \u0219i agresat\u0103, salvat\u0103 de poli\u021bie\",\"datePublished\":\"2023-08-07T11:58:17+00:00\",\"mainEntityOfPage\":{\"@id\":\"https:\\\/\\\/buletin.de\\\/bucuresti\\\/sector-5-femeie-captiva-si-agresata-salvata-de-politie\\\/\"},\"wordCount\":182,\"commentCount\":0,\"publisher\":{\"@id\":\"https:\\\/\\\/buletin.de\\\/bucuresti\\\/#organization\"},\"image\":{\"@id\":\"https:\\\/\\\/buletin.de\\\/bucuresti\\\/sector-5-femeie-captiva-si-agresata-salvata-de-politie\\\/#primaryimage\"},\"thumbnailUrl\":\"https:\\\/\\\/buletin.de\\\/bucuresti\\\/wp-content\\\/uploads\\\/4379912.jpg\",\"keywords\":[\"agresata\",\"agresiune\",\"captiva\",\"femeie\",\"mesagerie\",\"mesaje\",\"politie\",\"privata de libertate\",\"sectia 24\",\"Sector 5\"],\"articleSection\":[\"\u0218tiri\"],\"inLanguage\":\"en-GB\",\"potentialAction\":[{\"@type\":\"CommentAction\",\"name\":\"Comment\",\"target\":[\"https:\\\/\\\/buletin.de\\\/bucuresti\\\/sector-5-femeie-captiva-si-agresata-salvata-de-politie\\\/#respond\"]}],\"copyrightYear\":\"2023\",\"copyrightHolder\":{\"@id\":\"https:\\\/\\\/buletin.de\\\/bucuresti\\\/#organization\"}},{\"@type\":\"WebPage\",\"@id\":\"https:\\\/\\\/buletin.de\\\/bucuresti\\\/sector-5-femeie-captiva-si-agresata-salvata-de-politie\\\/\",\"url\":\"https:\\\/\\\/buletin.de\\\/bucuresti\\\/sector-5-femeie-captiva-si-agresata-salvata-de-politie\\\/\",\"name\":\"Sector 5 | Femeie captiv\u0103 \u0219i agresat\u0103, salvat\u0103 de poli\u021bie - Buletin de Bucure\u0219ti\",\"isPartOf\":{\"@id\":\"https:\\\/\\\/buletin.de\\\/bucuresti\\\/#website\"},\"primaryImageOfPage\":{\"@id\":\"https:\\\/\\\/buletin.de\\\/bucuresti\\\/sector-5-femeie-captiva-si-agresata-salvata-de-politie\\\/#primaryimage\"},\"image\":{\"@id\":\"https:\\\/\\\/buletin.de\\\/bucuresti\\\/sector-5-femeie-captiva-si-agresata-salvata-de-politie\\\/#primaryimage\"},\"thumbnailUrl\":\"https:\\\/\\\/buletin.de\\\/bucuresti\\\/wp-content\\\/uploads\\\/4379912.jpg\",\"datePublished\":\"2023-08-07T11:58:17+00:00\",\"breadcrumb\":{\"@id\":\"https:\\\/\\\/buletin.de\\\/bucuresti\\\/sector-5-femeie-captiva-si-agresata-salvata-de-politie\\\/#breadcrumb\"},\"inLanguage\":\"en-GB\",\"potentialAction\":[{\"@type\":\"ReadAction\",\"target\":[\"https:\\\/\\\/buletin.de\\\/bucuresti\\\/sector-5-femeie-captiva-si-agresata-salvata-de-politie\\\/\"]}]},{\"@type\":\"ImageObject\",\"inLanguage\":\"en-GB\",\"@id\":\"https:\\\/\\\/buletin.de\\\/bucuresti\\\/sector-5-femeie-captiva-si-agresata-salvata-de-politie\\\/#primaryimage\",\"url\":\"https:\\\/\\\/buletin.de\\\/bucuresti\\\/wp-content\\\/uploads\\\/4379912.jpg\",\"contentUrl\":\"https:\\\/\\\/buletin.de\\\/bucuresti\\\/wp-content\\\/uploads\\\/4379912.jpg\",\"width\":1600,\"height\":1067,\"caption\":\"Photo by Karolina Grabowska\"},{\"@type\":\"BreadcrumbList\",\"@id\":\"https:\\\/\\\/buletin.de\\\/bucuresti\\\/sector-5-femeie-captiva-si-agresata-salvata-de-politie\\\/#breadcrumb\",\"itemListElement\":[{\"@type\":\"ListItem\",\"position\":1,\"name\":\"Acas\u0103\",\"item\":\"https:\\\/\\\/buletin.de\\\/bucuresti\\\/\"},{\"@type\":\"ListItem\",\"position\":2,\"name\":\"Sector 5 | Femeie captiv\u0103 \u0219i agresat\u0103, salvat\u0103 de poli\u021bie\"}]},{\"@type\":\"WebSite\",\"@id\":\"https:\\\/\\\/buletin.de\\\/bucuresti\\\/#website\",\"url\":\"https:\\\/\\\/buletin.de\\\/bucuresti\\\/\",\"name\":\"Buletin de Bucure\u0219ti\",\"description\":\"\u0218tiri \u0219i investiga\u021bii esen\u021biale din capital\u0103\",\"publisher\":{\"@id\":\"https:\\\/\\\/buletin.de\\\/bucuresti\\\/#organization\"},\"potentialAction\":[{\"@type\":\"SearchAction\",\"target\":{\"@type\":\"EntryPoint\",\"urlTemplate\":\"https:\\\/\\\/buletin.de\\\/bucuresti\\\/?s={search_term_string}\"},\"query-input\":{\"@type\":\"PropertyValueSpecification\",\"valueRequired\":true,\"valueName\":\"search_term_string\"}}],\"inLanguage\":\"en-GB\"},{\"@type\":\"Organization\",\"@id\":\"https:\\\/\\\/buletin.de\\\/bucuresti\\\/#organization\",\"name\":\"Buletin de Bucure\u0219ti\",\"url\":\"https:\\\/\\\/buletin.de\\\/bucuresti\\\/\",\"logo\":{\"@type\":\"ImageObject\",\"inLanguage\":\"en-GB\",\"@id\":\"https:\\\/\\\/buletin.de\\\/bucuresti\\\/#\\\/schema\\\/logo\\\/image\\\/\",\"url\":\"https:\\\/\\\/buletin.de\\\/bucuresti\\\/wp-content\\\/uploads\\\/logo-bdb-full-wide-vernil-transparent.png\",\"contentUrl\":\"https:\\\/\\\/buletin.de\\\/bucuresti\\\/wp-content\\\/uploads\\\/logo-bdb-full-wide-vernil-transparent.png\",\"width\":1782,\"height\":626,\"caption\":\"Buletin de Bucure\u0219ti\"},\"image\":{\"@id\":\"https:\\\/\\\/buletin.de\\\/bucuresti\\\/#\\\/schema\\\/logo\\\/image\\\/\"},\"sameAs\":[\"https:\\\/\\\/www.facebook.com\\\/buletin.de.buc\",\"https:\\\/\\\/www.instagram.com\\\/buletinde.bucuresti\\\/\"]},{\"@type\":\"Person\",\"@id\":\"https:\\\/\\\/buletin.de\\\/bucuresti\\\/#\\\/schema\\\/person\\\/ab174cf6711728e4ee83d672acf9a912\",\"name\":\"Adina C\u0103p\u00eelnean\",\"image\":{\"@type\":\"ImageObject\",\"inLanguage\":\"en-GB\",\"@id\":\"https:\\\/\\\/secure.gravatar.com\\\/avatar\\\/4fe9675d6282fd7c1aa4e486a037d532d5728fc16a30360f293eb6126b2e73ad?s=96&d=monsterid&r=ge2b23868508aec3460d3c6a11d3b599a\",\"url\":\"https:\\\/\\\/secure.gravatar.com\\\/avatar\\\/4fe9675d6282fd7c1aa4e486a037d532d5728fc16a30360f293eb6126b2e73ad?s=96&d=monsterid&r=g\",\"contentUrl\":\"https:\\\/\\\/secure.gravatar.com\\\/avatar\\\/4fe9675d6282fd7c1aa4e486a037d532d5728fc16a30360f293eb6126b2e73ad?s=96&d=monsterid&r=g\",\"caption\":\"Adina C\u0103p\u00eelnean\"},\"url\":\"https:\\\/\\\/buletin.de\\\/bucuresti\\\/author\\\/adinacapilnean\\\/\"}]}<\/script>\n<!-- \/ Yoast SEO Premium plugin. -->","yoast_head_json":{"title":"Sector 5 | Femeie captiv\u0103 \u0219i agresat\u0103, salvat\u0103 de poli\u021bie - Buletin de Bucure\u0219ti","robots":{"index":"index","follow":"follow","max-snippet":"max-snippet:-1","max-image-preview":"max-image-preview:large","max-video-preview":"max-video-preview:-1"},"canonical":"https:\/\/buletin.de\/bucuresti\/sector-5-femeie-captiva-si-agresata-salvata-de-politie\/","og_locale":"en_GB","og_type":"article","og_title":"Sector 5 | Femeie captiv\u0103 \u0219i agresat\u0103, salvat\u0103 de poli\u021bie","og_description":"UPDATE \/\/\/ B\u0103rbatul a fost re\u021binut, pentru 24 de ore, urm\u00e2nd a fi prezentat magistra\u021bilor, \u00een cursul zilei de mar\u021bi, 8 august, cu propuneri\u00a0legale, au transmis reprezenta\u021bii Poli\u021biei Capitalei. Duminic\u0103, 7 august, Poli\u021bia Capitalei a salvat o femeie \u021binut\u0103 captiv\u0103 \u0219i agresat\u0103, \u00een Sectorul 5. Poli\u021bia a fost anun\u021bat\u0103 de o prieten\u0103 a femeii salvate, [&hellip;]","og_url":"https:\/\/buletin.de\/bucuresti\/sector-5-femeie-captiva-si-agresata-salvata-de-politie\/","og_site_name":"Buletin de Bucure\u0219ti","article_publisher":"https:\/\/www.facebook.com\/buletin.de.buc","article_published_time":"2023-08-07T11:58:17+00:00","og_image":[{"width":1600,"height":1067,"url":"https:\/\/buletin.de\/bucuresti\/wp-content\/uploads\/4379912.jpg","type":"image\/jpeg"}],"author":"Adina C\u0103p\u00eelnean","twitter_card":"summary_large_image","twitter_misc":{"Written by":"Adina C\u0103p\u00eelnean","Estimated reading time":"1 minute"},"schema":{"@context":"https:\/\/schema.org","@graph":[{"@type":"Article","@id":"https:\/\/buletin.de\/bucuresti\/sector-5-femeie-captiva-si-agresata-salvata-de-politie\/#article","isPartOf":{"@id":"https:\/\/buletin.de\/bucuresti\/sector-5-femeie-captiva-si-agresata-salvata-de-politie\/"},"author":{"name":"Adina C\u0103p\u00eelnean","@id":"https:\/\/buletin.de\/bucuresti\/#\/schema\/person\/ab174cf6711728e4ee83d672acf9a912"},"headline":"Sector 5 | Femeie captiv\u0103 \u0219i agresat\u0103, salvat\u0103 de poli\u021bie","datePublished":"2023-08-07T11:58:17+00:00","mainEntityOfPage":{"@id":"https:\/\/buletin.de\/bucuresti\/sector-5-femeie-captiva-si-agresata-salvata-de-politie\/"},"wordCount":182,"commentCount":0,"publisher":{"@id":"https:\/\/buletin.de\/bucuresti\/#organization"},"image":{"@id":"https:\/\/buletin.de\/bucuresti\/sector-5-femeie-captiva-si-agresata-salvata-de-politie\/#primaryimage"},"thumbnailUrl":"https:\/\/buletin.de\/bucuresti\/wp-content\/uploads\/4379912.jpg","keywords":["agresata","agresiune","captiva","femeie","mesagerie","mesaje","politie","privata de libertate","sectia 24","Sector 5"],"articleSection":["\u0218tiri"],"inLanguage":"en-GB","potentialAction":[{"@type":"CommentAction","name":"Comment","target":["https:\/\/buletin.de\/bucuresti\/sector-5-femeie-captiva-si-agresata-salvata-de-politie\/#respond"]}],"copyrightYear":"2023","copyrightHolder":{"@id":"https:\/\/buletin.de\/bucuresti\/#organization"}},{"@type":"WebPage","@id":"https:\/\/buletin.de\/bucuresti\/sector-5-femeie-captiva-si-agresata-salvata-de-politie\/","url":"https:\/\/buletin.de\/bucuresti\/sector-5-femeie-captiva-si-agresata-salvata-de-politie\/","name":"Sector 5 | Femeie captiv\u0103 \u0219i agresat\u0103, salvat\u0103 de poli\u021bie - Buletin de Bucure\u0219ti","isPartOf":{"@id":"https:\/\/buletin.de\/bucuresti\/#website"},"primaryImageOfPage":{"@id":"https:\/\/buletin.de\/bucuresti\/sector-5-femeie-captiva-si-agresata-salvata-de-politie\/#primaryimage"},"image":{"@id":"https:\/\/buletin.de\/bucuresti\/sector-5-femeie-captiva-si-agresata-salvata-de-politie\/#primaryimage"},"thumbnailUrl":"https:\/\/buletin.de\/bucuresti\/wp-content\/uploads\/4379912.jpg","datePublished":"2023-08-07T11:58:17+00:00","breadcrumb":{"@id":"https:\/\/buletin.de\/bucuresti\/sector-5-femeie-captiva-si-agresata-salvata-de-politie\/#breadcrumb"},"inLanguage":"en-GB","potentialAction":[{"@type":"ReadAction","target":["https:\/\/buletin.de\/bucuresti\/sector-5-femeie-captiva-si-agresata-salvata-de-politie\/"]}]},{"@type":"ImageObject","inLanguage":"en-GB","@id":"https:\/\/buletin.de\/bucuresti\/sector-5-femeie-captiva-si-agresata-salvata-de-politie\/#primaryimage","url":"https:\/\/buletin.de\/bucuresti\/wp-content\/uploads\/4379912.jpg","contentUrl":"https:\/\/buletin.de\/bucuresti\/wp-content\/uploads\/4379912.jpg","width":1600,"height":1067,"caption":"Photo by Karolina Grabowska"},{"@type":"BreadcrumbList","@id":"https:\/\/buletin.de\/bucuresti\/sector-5-femeie-captiva-si-agresata-salvata-de-politie\/#breadcrumb","itemListElement":[{"@type":"ListItem","position":1,"name":"Acas\u0103","item":"https:\/\/buletin.de\/bucuresti\/"},{"@type":"ListItem","position":2,"name":"Sector 5 | Femeie captiv\u0103 \u0219i agresat\u0103, salvat\u0103 de poli\u021bie"}]},{"@type":"WebSite","@id":"https:\/\/buletin.de\/bucuresti\/#website","url":"https:\/\/buletin.de\/bucuresti\/","name":"Buletin de Bucure\u0219ti","description":"\u0218tiri \u0219i investiga\u021bii esen\u021biale din capital\u0103","publisher":{"@id":"https:\/\/buletin.de\/bucuresti\/#organization"},"potentialAction":[{"@type":"SearchAction","target":{"@type":"EntryPoint","urlTemplate":"https:\/\/buletin.de\/bucuresti\/?s={search_term_string}"},"query-input":{"@type":"PropertyValueSpecification","valueRequired":true,"valueName":"search_term_string"}}],"inLanguage":"en-GB"},{"@type":"Organization","@id":"https:\/\/buletin.de\/bucuresti\/#organization","name":"Buletin de Bucure\u0219ti","url":"https:\/\/buletin.de\/bucuresti\/","logo":{"@type":"ImageObject","inLanguage":"en-GB","@id":"https:\/\/buletin.de\/bucuresti\/#\/schema\/logo\/image\/","url":"https:\/\/buletin.de\/bucuresti\/wp-content\/uploads\/logo-bdb-full-wide-vernil-transparent.png","contentUrl":"https:\/\/buletin.de\/bucuresti\/wp-content\/uploads\/logo-bdb-full-wide-vernil-transparent.png","width":1782,"height":626,"caption":"Buletin de Bucure\u0219ti"},"image":{"@id":"https:\/\/buletin.de\/bucuresti\/#\/schema\/logo\/image\/"},"sameAs":["https:\/\/www.facebook.com\/buletin.de.buc","https:\/\/www.instagram.com\/buletinde.bucuresti\/"]},{"@type":"Person","@id":"https:\/\/buletin.de\/bucuresti\/#\/schema\/person\/ab174cf6711728e4ee83d672acf9a912","name":"Adina C\u0103p\u00eelnean","image":{"@type":"ImageObject","inLanguage":"en-GB","@id":"https:\/\/secure.gravatar.com\/avatar\/4fe9675d6282fd7c1aa4e486a037d532d5728fc16a30360f293eb6126b2e73ad?s=96&d=monsterid&r=ge2b23868508aec3460d3c6a11d3b599a","url":"https:\/\/secure.gravatar.com\/avatar\/4fe9675d6282fd7c1aa4e486a037d532d5728fc16a30360f293eb6126b2e73ad?s=96&d=monsterid&r=g","contentUrl":"https:\/\/secure.gravatar.com\/avatar\/4fe9675d6282fd7c1aa4e486a037d532d5728fc16a30360f293eb6126b2e73ad?s=96&d=monsterid&r=g","caption":"Adina C\u0103p\u00eelnean"},"url":"https:\/\/buletin.de\/bucuresti\/author\/adinacapilnean\/"}]}},"authors":[{"term_id":22580,"user_id":47,"is_guest":0,"slug":"adinacapilnean","display_name":"Adina C\u0103p\u00eelnean","avatar_url":"https:\/\/secure.gravatar.com\/avatar\/4fe9675d6282fd7c1aa4e486a037d532d5728fc16a30360f293eb6126b2e73ad?s=96&d=monsterid&r=g","0":null,"1":"","2":"","3":"","4":"","5":"","6":"","7":"","8":""}],"_links":{"self":[{"href":"https:\/\/buletin.de\/bucuresti\/wp-json\/wp\/v2\/posts\/61736","targetHints":{"allow":["GET"]}}],"collection":[{"href":"https:\/\/buletin.de\/bucuresti\/wp-json\/wp\/v2\/posts"}],"about":[{"href":"https:\/\/buletin.de\/bucuresti\/wp-json\/wp\/v2\/types\/post"}],"author":[{"embeddable":true,"href":"https:\/\/buletin.de\/bucuresti\/wp-json\/wp\/v2\/users\/47"}],"replies":[{"embeddable":true,"href":"https:\/\/buletin.de\/bucuresti\/wp-json\/wp\/v2\/comments?post=61736"}],"version-history":[{"count":0,"href":"https:\/\/buletin.de\/bucuresti\/wp-json\/wp\/v2\/posts\/61736\/revisions"}],"wp:featuredmedia":[{"embeddable":true,"href":"https:\/\/buletin.de\/bucuresti\/wp-json\/wp\/v2\/media\/61737"}],"wp:attachment":[{"href":"https:\/\/buletin.de\/bucuresti\/wp-json\/wp\/v2\/media?parent=61736"}],"wp:term":[{"taxonomy":"category","embeddable":true,"href":"https:\/\/buletin.de\/bucuresti\/wp-json\/wp\/v2\/categories?post=61736"},{"taxonomy":"post_tag","embeddable":true,"href":"https:\/\/buletin.de\/bucuresti\/wp-json\/wp\/v2\/tags?post=61736"},{"taxonomy":"author","embeddable":true,"href":"https:\/\/buletin.de\/bucuresti\/wp-json\/wp\/v2\/ppma_author?post=61736"}],"curies":[{"name":"wp","href":"https:\/\/api.w.org\/{rel}","templated":true}]}}