{"id":61711,"date":"2023-08-05T02:56:42","date_gmt":"2023-08-05T00:56:42","guid":{"rendered":"https:\/\/buletin.de\/bucuresti\/lucrari-termoenergetica-pe-strada-dezrobirii-din-sectorul-6\/"},"modified":"2023-09-19T14:35:39","modified_gmt":"2023-09-19T12:35:39","slug":"lucrari-termoenergetica-pe-strada-dezrobirii-din-sectorul-6","status":"publish","type":"post","link":"https:\/\/buletin.de\/bucuresti\/lucrari-termoenergetica-pe-strada-dezrobirii-din-sectorul-6\/","title":{"rendered":"Lucr\u0103ri Termoenergetica, pe Strada Dezrobirii din Sectorul 6"},"content":{"rendered":"\n<p>Lucr\u0103rile de pe Strada Dezrobirii, facute de Termoenergetica, se mut\u0103 din data de 5 august pe sensul cel\u0103lalt de mers: pe tronsonul cuprins \u00eentre Strada Ro\u0219ia Montan\u0103 \u0219i Bd. Iuliu Maniu.<\/p>\n\n\n\n<p>Se continu\u0103 \u00eenlocuirea conductelor de pe Magistrala III Vest, cu diametrul de 800 mm, pe o lungime de 800 de metri, anunta Primaria Sectorului 6.<\/p>\n\n\n\n<p>Termoenergetica precizeaz\u0103 c\u0103 apa cald\u0103 va curge \u00een continuare iar lucr\u0103rile se vor finaliza \u00een decembrie. P\u00e2n\u0103 atunci, circula\u021bia rutier\u0103 pe Strada Dezrobirii este restric\u021bionat\u0103 par\u021bial pe sensul de mers dinspre Bd. Iuliu Maniu spre Strada Ro\u0219ia Montan\u0103, de ast\u0103zi.<\/p>\n\n\n\n<p>Prima etap\u0103 a lucr\u0103rii a \u00eenceput pe 21 aprilie, pe cel\u0103lalt sens de mers, \u0219i s-au schimbat 500 de metri de \u021beav\u0103.<\/p>\n\n\n\n<p>Re\u021beaua termic\u0103 primar\u0103 din aceast\u0103 zon\u0103 are o vechime de aproape 45 de ani \u0219i a fost pus\u0103 \u00een func\u021biune \u00een 1979.<\/p>\n\n\n\n<p>Termoenergetica aminte\u0219te c\u0103 se lucreaz\u0103 in continuare, in regim de urgen\u021b\u0103, la C\u0103minul Releului, unul dintre cele mai mari c\u0103mine din re\u021beaua de termoficare a Capitalei, cu o suprafa\u021b\u0103 de 180 de metri p\u0103tra\u021bi.<\/p>\n\n\n\n<p>Furnizarea apei calde este sistat\u0103 p\u00e2n\u0103 pe 11 august \u00een Sectoarele 2 \u015fi 3, precum \u015fi \u00een cartierele Avia\u0163iei, Floreasca \u015fi Calea Doroban\u0163ilor din Sectorul 1.&nbsp;<\/p>\n","protected":false},"excerpt":{"rendered":"<p>Lucr\u0103rile de pe Strada Dezrobirii, facute de Termoenergetica, se mut\u0103 din data de 5 august pe sensul cel\u0103lalt de mers: pe tronsonul cuprins \u00eentre Strada Ro\u0219ia Montan\u0103 \u0219i Bd. Iuliu Maniu. Se continu\u0103 \u00eenlocuirea conductelor de pe Magistrala III Vest, cu diametrul de 800 mm, pe o lungime de 800 de metri, anunta Primaria Sectorului [&hellip;]<\/p>\n","protected":false},"author":49,"featured_media":61712,"comment_status":"open","ping_status":"open","sticky":false,"template":"","format":"standard","meta":{"_acf_changed":false,"inline_featured_image":false,"ngg_post_thumbnail":0,"footnotes":""},"categories":[62,6214],"tags":[],"ppma_author":[22574],"class_list":["post-61711","post","type-post","status-publish","format-standard","has-post-thumbnail","hentry","category-stiri","category-termo"],"acf":[],"yoast_head":"<!-- This site is optimized with the Yoast SEO Premium plugin v25.3 (Yoast SEO v27.5) - https:\/\/yoast.com\/product\/yoast-seo-premium-wordpress\/ -->\n<title>Lucr\u0103ri Termoenergetica, pe Strada Dezrobirii din Sectorul 6 - Buletin de Bucure\u0219ti<\/title>\n<meta name=\"robots\" content=\"index, follow, max-snippet:-1, max-image-preview:large, max-video-preview:-1\" \/>\n<link rel=\"canonical\" href=\"https:\/\/buletin.de\/bucuresti\/lucrari-termoenergetica-pe-strada-dezrobirii-din-sectorul-6\/\" \/>\n<meta property=\"og:locale\" content=\"en_GB\" \/>\n<meta property=\"og:type\" content=\"article\" \/>\n<meta property=\"og:title\" content=\"Lucr\u0103ri Termoenergetica, pe Strada Dezrobirii din Sectorul 6\" \/>\n<meta property=\"og:description\" content=\"Lucr\u0103rile de pe Strada Dezrobirii, facute de Termoenergetica, se mut\u0103 din data de 5 august pe sensul cel\u0103lalt de mers: pe tronsonul cuprins \u00eentre Strada Ro\u0219ia Montan\u0103 \u0219i Bd. Iuliu Maniu. Se continu\u0103 \u00eenlocuirea conductelor de pe Magistrala III Vest, cu diametrul de 800 mm, pe o lungime de 800 de metri, anunta Primaria Sectorului [&hellip;]\" \/>\n<meta property=\"og:url\" content=\"https:\/\/buletin.de\/bucuresti\/lucrari-termoenergetica-pe-strada-dezrobirii-din-sectorul-6\/\" \/>\n<meta property=\"og:site_name\" content=\"Buletin de Bucure\u0219ti\" \/>\n<meta property=\"article:publisher\" content=\"https:\/\/www.facebook.com\/buletin.de.buc\" \/>\n<meta property=\"article:published_time\" content=\"2023-08-05T00:56:42+00:00\" \/>\n<meta property=\"article:modified_time\" content=\"2023-09-19T12:35:39+00:00\" \/>\n<meta property=\"og:image\" content=\"https:\/\/buletin.de\/bucuresti\/wp-content\/uploads\/lucrari.jpeg\" \/>\n\t<meta property=\"og:image:width\" content=\"1507\" \/>\n\t<meta property=\"og:image:height\" content=\"1113\" \/>\n\t<meta property=\"og:image:type\" content=\"image\/jpeg\" \/>\n<meta name=\"author\" content=\"Diana Matei\" \/>\n<meta name=\"twitter:card\" content=\"summary_large_image\" \/>\n<meta name=\"twitter:label1\" content=\"Written by\" \/>\n\t<meta name=\"twitter:data1\" content=\"Diana Matei\" \/>\n\t<meta name=\"twitter:label2\" content=\"Estimated reading time\" \/>\n\t<meta name=\"twitter:data2\" content=\"1 minute\" \/>\n<script type=\"application\/ld+json\" class=\"yoast-schema-graph\">{\"@context\":\"https:\\\/\\\/schema.org\",\"@graph\":[{\"@type\":\"Article\",\"@id\":\"https:\\\/\\\/buletin.de\\\/bucuresti\\\/lucrari-termoenergetica-pe-strada-dezrobirii-din-sectorul-6\\\/#article\",\"isPartOf\":{\"@id\":\"https:\\\/\\\/buletin.de\\\/bucuresti\\\/lucrari-termoenergetica-pe-strada-dezrobirii-din-sectorul-6\\\/\"},\"author\":{\"name\":\"Diana Matei\",\"@id\":\"https:\\\/\\\/buletin.de\\\/bucuresti\\\/#\\\/schema\\\/person\\\/7e46040573290777280a0835d81ea4ea\"},\"headline\":\"Lucr\u0103ri Termoenergetica, pe Strada Dezrobirii din Sectorul 6\",\"datePublished\":\"2023-08-05T00:56:42+00:00\",\"dateModified\":\"2023-09-19T12:35:39+00:00\",\"mainEntityOfPage\":{\"@id\":\"https:\\\/\\\/buletin.de\\\/bucuresti\\\/lucrari-termoenergetica-pe-strada-dezrobirii-din-sectorul-6\\\/\"},\"wordCount\":219,\"commentCount\":0,\"publisher\":{\"@id\":\"https:\\\/\\\/buletin.de\\\/bucuresti\\\/#organization\"},\"image\":{\"@id\":\"https:\\\/\\\/buletin.de\\\/bucuresti\\\/lucrari-termoenergetica-pe-strada-dezrobirii-din-sectorul-6\\\/#primaryimage\"},\"thumbnailUrl\":\"https:\\\/\\\/buletin.de\\\/bucuresti\\\/wp-content\\\/uploads\\\/lucrari.jpeg\",\"articleSection\":[\"\u0218tiri\",\"Termoficare\"],\"inLanguage\":\"en-GB\",\"potentialAction\":[{\"@type\":\"CommentAction\",\"name\":\"Comment\",\"target\":[\"https:\\\/\\\/buletin.de\\\/bucuresti\\\/lucrari-termoenergetica-pe-strada-dezrobirii-din-sectorul-6\\\/#respond\"]}],\"copyrightYear\":\"2023\",\"copyrightHolder\":{\"@id\":\"https:\\\/\\\/buletin.de\\\/bucuresti\\\/#organization\"}},{\"@type\":\"WebPage\",\"@id\":\"https:\\\/\\\/buletin.de\\\/bucuresti\\\/lucrari-termoenergetica-pe-strada-dezrobirii-din-sectorul-6\\\/\",\"url\":\"https:\\\/\\\/buletin.de\\\/bucuresti\\\/lucrari-termoenergetica-pe-strada-dezrobirii-din-sectorul-6\\\/\",\"name\":\"Lucr\u0103ri Termoenergetica, pe Strada Dezrobirii din Sectorul 6 - Buletin de Bucure\u0219ti\",\"isPartOf\":{\"@id\":\"https:\\\/\\\/buletin.de\\\/bucuresti\\\/#website\"},\"primaryImageOfPage\":{\"@id\":\"https:\\\/\\\/buletin.de\\\/bucuresti\\\/lucrari-termoenergetica-pe-strada-dezrobirii-din-sectorul-6\\\/#primaryimage\"},\"image\":{\"@id\":\"https:\\\/\\\/buletin.de\\\/bucuresti\\\/lucrari-termoenergetica-pe-strada-dezrobirii-din-sectorul-6\\\/#primaryimage\"},\"thumbnailUrl\":\"https:\\\/\\\/buletin.de\\\/bucuresti\\\/wp-content\\\/uploads\\\/lucrari.jpeg\",\"datePublished\":\"2023-08-05T00:56:42+00:00\",\"dateModified\":\"2023-09-19T12:35:39+00:00\",\"breadcrumb\":{\"@id\":\"https:\\\/\\\/buletin.de\\\/bucuresti\\\/lucrari-termoenergetica-pe-strada-dezrobirii-din-sectorul-6\\\/#breadcrumb\"},\"inLanguage\":\"en-GB\",\"potentialAction\":[{\"@type\":\"ReadAction\",\"target\":[\"https:\\\/\\\/buletin.de\\\/bucuresti\\\/lucrari-termoenergetica-pe-strada-dezrobirii-din-sectorul-6\\\/\"]}]},{\"@type\":\"ImageObject\",\"inLanguage\":\"en-GB\",\"@id\":\"https:\\\/\\\/buletin.de\\\/bucuresti\\\/lucrari-termoenergetica-pe-strada-dezrobirii-din-sectorul-6\\\/#primaryimage\",\"url\":\"https:\\\/\\\/buletin.de\\\/bucuresti\\\/wp-content\\\/uploads\\\/lucrari.jpeg\",\"contentUrl\":\"https:\\\/\\\/buletin.de\\\/bucuresti\\\/wp-content\\\/uploads\\\/lucrari.jpeg\",\"width\":1507,\"height\":1113},{\"@type\":\"BreadcrumbList\",\"@id\":\"https:\\\/\\\/buletin.de\\\/bucuresti\\\/lucrari-termoenergetica-pe-strada-dezrobirii-din-sectorul-6\\\/#breadcrumb\",\"itemListElement\":[{\"@type\":\"ListItem\",\"position\":1,\"name\":\"Acas\u0103\",\"item\":\"https:\\\/\\\/buletin.de\\\/bucuresti\\\/\"},{\"@type\":\"ListItem\",\"position\":2,\"name\":\"Lucr\u0103ri Termoenergetica, pe Strada Dezrobirii din Sectorul 6\"}]},{\"@type\":\"WebSite\",\"@id\":\"https:\\\/\\\/buletin.de\\\/bucuresti\\\/#website\",\"url\":\"https:\\\/\\\/buletin.de\\\/bucuresti\\\/\",\"name\":\"Buletin de Bucure\u0219ti\",\"description\":\"\u0218tiri \u0219i investiga\u021bii esen\u021biale din capital\u0103\",\"publisher\":{\"@id\":\"https:\\\/\\\/buletin.de\\\/bucuresti\\\/#organization\"},\"potentialAction\":[{\"@type\":\"SearchAction\",\"target\":{\"@type\":\"EntryPoint\",\"urlTemplate\":\"https:\\\/\\\/buletin.de\\\/bucuresti\\\/?s={search_term_string}\"},\"query-input\":{\"@type\":\"PropertyValueSpecification\",\"valueRequired\":true,\"valueName\":\"search_term_string\"}}],\"inLanguage\":\"en-GB\"},{\"@type\":\"Organization\",\"@id\":\"https:\\\/\\\/buletin.de\\\/bucuresti\\\/#organization\",\"name\":\"Buletin de Bucure\u0219ti\",\"url\":\"https:\\\/\\\/buletin.de\\\/bucuresti\\\/\",\"logo\":{\"@type\":\"ImageObject\",\"inLanguage\":\"en-GB\",\"@id\":\"https:\\\/\\\/buletin.de\\\/bucuresti\\\/#\\\/schema\\\/logo\\\/image\\\/\",\"url\":\"https:\\\/\\\/buletin.de\\\/bucuresti\\\/wp-content\\\/uploads\\\/logo-bdb-full-wide-vernil-transparent.png\",\"contentUrl\":\"https:\\\/\\\/buletin.de\\\/bucuresti\\\/wp-content\\\/uploads\\\/logo-bdb-full-wide-vernil-transparent.png\",\"width\":1782,\"height\":626,\"caption\":\"Buletin de Bucure\u0219ti\"},\"image\":{\"@id\":\"https:\\\/\\\/buletin.de\\\/bucuresti\\\/#\\\/schema\\\/logo\\\/image\\\/\"},\"sameAs\":[\"https:\\\/\\\/www.facebook.com\\\/buletin.de.buc\",\"https:\\\/\\\/www.instagram.com\\\/buletinde.bucuresti\\\/\"]},{\"@type\":\"Person\",\"@id\":\"https:\\\/\\\/buletin.de\\\/bucuresti\\\/#\\\/schema\\\/person\\\/7e46040573290777280a0835d81ea4ea\",\"name\":\"Diana Matei\",\"image\":{\"@type\":\"ImageObject\",\"inLanguage\":\"en-GB\",\"@id\":\"https:\\\/\\\/buletin.de\\\/bucuresti\\\/wp-content\\\/uploads\\\/9-2-96x96.jpg1e8590b30871d70e62ebcdaf2eff570c\",\"url\":\"https:\\\/\\\/buletin.de\\\/bucuresti\\\/wp-content\\\/uploads\\\/9-2-96x96.jpg\",\"contentUrl\":\"https:\\\/\\\/buletin.de\\\/bucuresti\\\/wp-content\\\/uploads\\\/9-2-96x96.jpg\",\"caption\":\"Diana Matei\"},\"url\":\"https:\\\/\\\/buletin.de\\\/bucuresti\\\/author\\\/dianamatei\\\/\"}]}<\/script>\n<!-- \/ Yoast SEO Premium plugin. -->","yoast_head_json":{"title":"Lucr\u0103ri Termoenergetica, pe Strada Dezrobirii din Sectorul 6 - Buletin de Bucure\u0219ti","robots":{"index":"index","follow":"follow","max-snippet":"max-snippet:-1","max-image-preview":"max-image-preview:large","max-video-preview":"max-video-preview:-1"},"canonical":"https:\/\/buletin.de\/bucuresti\/lucrari-termoenergetica-pe-strada-dezrobirii-din-sectorul-6\/","og_locale":"en_GB","og_type":"article","og_title":"Lucr\u0103ri Termoenergetica, pe Strada Dezrobirii din Sectorul 6","og_description":"Lucr\u0103rile de pe Strada Dezrobirii, facute de Termoenergetica, se mut\u0103 din data de 5 august pe sensul cel\u0103lalt de mers: pe tronsonul cuprins \u00eentre Strada Ro\u0219ia Montan\u0103 \u0219i Bd. Iuliu Maniu. Se continu\u0103 \u00eenlocuirea conductelor de pe Magistrala III Vest, cu diametrul de 800 mm, pe o lungime de 800 de metri, anunta Primaria Sectorului [&hellip;]","og_url":"https:\/\/buletin.de\/bucuresti\/lucrari-termoenergetica-pe-strada-dezrobirii-din-sectorul-6\/","og_site_name":"Buletin de Bucure\u0219ti","article_publisher":"https:\/\/www.facebook.com\/buletin.de.buc","article_published_time":"2023-08-05T00:56:42+00:00","article_modified_time":"2023-09-19T12:35:39+00:00","og_image":[{"width":1507,"height":1113,"url":"https:\/\/buletin.de\/bucuresti\/wp-content\/uploads\/lucrari.jpeg","type":"image\/jpeg"}],"author":"Diana Matei","twitter_card":"summary_large_image","twitter_misc":{"Written by":"Diana Matei","Estimated reading time":"1 minute"},"schema":{"@context":"https:\/\/schema.org","@graph":[{"@type":"Article","@id":"https:\/\/buletin.de\/bucuresti\/lucrari-termoenergetica-pe-strada-dezrobirii-din-sectorul-6\/#article","isPartOf":{"@id":"https:\/\/buletin.de\/bucuresti\/lucrari-termoenergetica-pe-strada-dezrobirii-din-sectorul-6\/"},"author":{"name":"Diana Matei","@id":"https:\/\/buletin.de\/bucuresti\/#\/schema\/person\/7e46040573290777280a0835d81ea4ea"},"headline":"Lucr\u0103ri Termoenergetica, pe Strada Dezrobirii din Sectorul 6","datePublished":"2023-08-05T00:56:42+00:00","dateModified":"2023-09-19T12:35:39+00:00","mainEntityOfPage":{"@id":"https:\/\/buletin.de\/bucuresti\/lucrari-termoenergetica-pe-strada-dezrobirii-din-sectorul-6\/"},"wordCount":219,"commentCount":0,"publisher":{"@id":"https:\/\/buletin.de\/bucuresti\/#organization"},"image":{"@id":"https:\/\/buletin.de\/bucuresti\/lucrari-termoenergetica-pe-strada-dezrobirii-din-sectorul-6\/#primaryimage"},"thumbnailUrl":"https:\/\/buletin.de\/bucuresti\/wp-content\/uploads\/lucrari.jpeg","articleSection":["\u0218tiri","Termoficare"],"inLanguage":"en-GB","potentialAction":[{"@type":"CommentAction","name":"Comment","target":["https:\/\/buletin.de\/bucuresti\/lucrari-termoenergetica-pe-strada-dezrobirii-din-sectorul-6\/#respond"]}],"copyrightYear":"2023","copyrightHolder":{"@id":"https:\/\/buletin.de\/bucuresti\/#organization"}},{"@type":"WebPage","@id":"https:\/\/buletin.de\/bucuresti\/lucrari-termoenergetica-pe-strada-dezrobirii-din-sectorul-6\/","url":"https:\/\/buletin.de\/bucuresti\/lucrari-termoenergetica-pe-strada-dezrobirii-din-sectorul-6\/","name":"Lucr\u0103ri Termoenergetica, pe Strada Dezrobirii din Sectorul 6 - Buletin de Bucure\u0219ti","isPartOf":{"@id":"https:\/\/buletin.de\/bucuresti\/#website"},"primaryImageOfPage":{"@id":"https:\/\/buletin.de\/bucuresti\/lucrari-termoenergetica-pe-strada-dezrobirii-din-sectorul-6\/#primaryimage"},"image":{"@id":"https:\/\/buletin.de\/bucuresti\/lucrari-termoenergetica-pe-strada-dezrobirii-din-sectorul-6\/#primaryimage"},"thumbnailUrl":"https:\/\/buletin.de\/bucuresti\/wp-content\/uploads\/lucrari.jpeg","datePublished":"2023-08-05T00:56:42+00:00","dateModified":"2023-09-19T12:35:39+00:00","breadcrumb":{"@id":"https:\/\/buletin.de\/bucuresti\/lucrari-termoenergetica-pe-strada-dezrobirii-din-sectorul-6\/#breadcrumb"},"inLanguage":"en-GB","potentialAction":[{"@type":"ReadAction","target":["https:\/\/buletin.de\/bucuresti\/lucrari-termoenergetica-pe-strada-dezrobirii-din-sectorul-6\/"]}]},{"@type":"ImageObject","inLanguage":"en-GB","@id":"https:\/\/buletin.de\/bucuresti\/lucrari-termoenergetica-pe-strada-dezrobirii-din-sectorul-6\/#primaryimage","url":"https:\/\/buletin.de\/bucuresti\/wp-content\/uploads\/lucrari.jpeg","contentUrl":"https:\/\/buletin.de\/bucuresti\/wp-content\/uploads\/lucrari.jpeg","width":1507,"height":1113},{"@type":"BreadcrumbList","@id":"https:\/\/buletin.de\/bucuresti\/lucrari-termoenergetica-pe-strada-dezrobirii-din-sectorul-6\/#breadcrumb","itemListElement":[{"@type":"ListItem","position":1,"name":"Acas\u0103","item":"https:\/\/buletin.de\/bucuresti\/"},{"@type":"ListItem","position":2,"name":"Lucr\u0103ri Termoenergetica, pe Strada Dezrobirii din Sectorul 6"}]},{"@type":"WebSite","@id":"https:\/\/buletin.de\/bucuresti\/#website","url":"https:\/\/buletin.de\/bucuresti\/","name":"Buletin de Bucure\u0219ti","description":"\u0218tiri \u0219i investiga\u021bii esen\u021biale din capital\u0103","publisher":{"@id":"https:\/\/buletin.de\/bucuresti\/#organization"},"potentialAction":[{"@type":"SearchAction","target":{"@type":"EntryPoint","urlTemplate":"https:\/\/buletin.de\/bucuresti\/?s={search_term_string}"},"query-input":{"@type":"PropertyValueSpecification","valueRequired":true,"valueName":"search_term_string"}}],"inLanguage":"en-GB"},{"@type":"Organization","@id":"https:\/\/buletin.de\/bucuresti\/#organization","name":"Buletin de Bucure\u0219ti","url":"https:\/\/buletin.de\/bucuresti\/","logo":{"@type":"ImageObject","inLanguage":"en-GB","@id":"https:\/\/buletin.de\/bucuresti\/#\/schema\/logo\/image\/","url":"https:\/\/buletin.de\/bucuresti\/wp-content\/uploads\/logo-bdb-full-wide-vernil-transparent.png","contentUrl":"https:\/\/buletin.de\/bucuresti\/wp-content\/uploads\/logo-bdb-full-wide-vernil-transparent.png","width":1782,"height":626,"caption":"Buletin de Bucure\u0219ti"},"image":{"@id":"https:\/\/buletin.de\/bucuresti\/#\/schema\/logo\/image\/"},"sameAs":["https:\/\/www.facebook.com\/buletin.de.buc","https:\/\/www.instagram.com\/buletinde.bucuresti\/"]},{"@type":"Person","@id":"https:\/\/buletin.de\/bucuresti\/#\/schema\/person\/7e46040573290777280a0835d81ea4ea","name":"Diana Matei","image":{"@type":"ImageObject","inLanguage":"en-GB","@id":"https:\/\/buletin.de\/bucuresti\/wp-content\/uploads\/9-2-96x96.jpg1e8590b30871d70e62ebcdaf2eff570c","url":"https:\/\/buletin.de\/bucuresti\/wp-content\/uploads\/9-2-96x96.jpg","contentUrl":"https:\/\/buletin.de\/bucuresti\/wp-content\/uploads\/9-2-96x96.jpg","caption":"Diana Matei"},"url":"https:\/\/buletin.de\/bucuresti\/author\/dianamatei\/"}]}},"authors":[{"term_id":22574,"user_id":49,"is_guest":0,"slug":"dianamatei","display_name":"Diana Matei","avatar_url":"https:\/\/buletin.de\/bucuresti\/wp-content\/uploads\/9-2-96x96.jpg","0":null,"1":"","2":"","3":"","4":"","5":"","6":"","7":"","8":""}],"_links":{"self":[{"href":"https:\/\/buletin.de\/bucuresti\/wp-json\/wp\/v2\/posts\/61711","targetHints":{"allow":["GET"]}}],"collection":[{"href":"https:\/\/buletin.de\/bucuresti\/wp-json\/wp\/v2\/posts"}],"about":[{"href":"https:\/\/buletin.de\/bucuresti\/wp-json\/wp\/v2\/types\/post"}],"author":[{"embeddable":true,"href":"https:\/\/buletin.de\/bucuresti\/wp-json\/wp\/v2\/users\/49"}],"replies":[{"embeddable":true,"href":"https:\/\/buletin.de\/bucuresti\/wp-json\/wp\/v2\/comments?post=61711"}],"version-history":[{"count":1,"href":"https:\/\/buletin.de\/bucuresti\/wp-json\/wp\/v2\/posts\/61711\/revisions"}],"predecessor-version":[{"id":62733,"href":"https:\/\/buletin.de\/bucuresti\/wp-json\/wp\/v2\/posts\/61711\/revisions\/62733"}],"wp:featuredmedia":[{"embeddable":true,"href":"https:\/\/buletin.de\/bucuresti\/wp-json\/wp\/v2\/media\/61712"}],"wp:attachment":[{"href":"https:\/\/buletin.de\/bucuresti\/wp-json\/wp\/v2\/media?parent=61711"}],"wp:term":[{"taxonomy":"category","embeddable":true,"href":"https:\/\/buletin.de\/bucuresti\/wp-json\/wp\/v2\/categories?post=61711"},{"taxonomy":"post_tag","embeddable":true,"href":"https:\/\/buletin.de\/bucuresti\/wp-json\/wp\/v2\/tags?post=61711"},{"taxonomy":"author","embeddable":true,"href":"https:\/\/buletin.de\/bucuresti\/wp-json\/wp\/v2\/ppma_author?post=61711"}],"curies":[{"name":"wp","href":"https:\/\/api.w.org\/{rel}","templated":true}]}}