{"id":61706,"date":"2023-08-04T14:47:22","date_gmt":"2023-08-04T12:47:22","guid":{"rendered":"https:\/\/buletin.de\/bucuresti\/minora-disparuta-in-judetul-ilfov-politia-capitalei-solicita-ajutorul-cetatenilor\/"},"modified":"2023-09-18T13:48:11","modified_gmt":"2023-09-18T11:48:11","slug":"minora-disparuta-in-judetul-ilfov-politia-capitalei-solicita-ajutorul-cetatenilor","status":"publish","type":"post","link":"https:\/\/buletin.de\/bucuresti\/minora-disparuta-in-judetul-ilfov-politia-capitalei-solicita-ajutorul-cetatenilor\/","title":{"rendered":"Minor\u0103 disparut\u0103 \u00een jude\u021bul Ilfov. Poli\u021bia Capitalei solicit\u0103 ajutorul cet\u0103\u021benilor"},"content":{"rendered":"\n<p>UPDATE\/\/\/ Poli\u0163ia Capitalei a transmis c\u0103 minora a fost g\u0103sit\u0103, cu sprijinul cet\u0103\u021benilor, care au fost semnala\u021bi prin intermediul Ro-Alert.<\/p>\n\n\n\n<p><strong>Poli\u021bia Capitalei solicit\u0103 ajutorul popula\u021biei pentru g\u0103sirea unei minore de 11 ani care a disp\u0103rut de la domiciliu.<\/strong><\/p>\n\n\n\n<p>\u201eLa data de 4 august 2023, Poli\u021bia Capitalei a fost sesizat\u0103 \u0219i solicit\u0103 sprijin \u00een vederea depist\u0103rii unei minore care, la aceea\u0219i dat\u0103, a plecat de la adresa de domiciliu, din jude\u021bul Ilfov. Men\u021bion\u0103m faptul c\u0103 minora ar fi fost v\u0103zut\u0103 la o adres\u0103 din Sectorul 2\u201d, se arat\u0103 \u00een comunicatul Poli\u021biei Capitalei.<\/p>\n\n\n\n<figure class=\"wp-block-image size-large\"><img decoding=\"async\" src=\"data:image\/gif;base64,R0lGODlhAQABAAAAACH5BAEKAAEALAAAAAABAAEAAAICTAEAOw==\" data-src=\"https:\/\/buletin.de\/bucuresti\/wp-content\/uploads\/IMG-20230804-WA0045-426x900.jpg\" alt=\"\" class=\"wp-image-62420 lazyload\"\/><\/figure>\n\n\n\n<p>Minora disp\u0103rut\u0103 se nume\u0219te \u0218OLYOM ELENA MIHAELA, este \u00een v\u00e2rst\u0103 de 11 ani \u0219i are urm\u0103toarele semnalmente:<\/p>\n\n\n\n<p>.  \u00cen\u0103l\u021bime: 1,70 m, greutate 60 kg, constitu\u021bie atletic\u0103, fa\u021b\u0103 oval\u0103, ochi c\u0103prui, p\u0103r lung, negru.<\/p>\n\n\n\n<p>.  La data dispari\u021biei purta: trening grena.<\/p>\n\n\n\n<p>Cei care au v\u0103zut-o sau pot oferi detalii sunt ruga\u021bi s\u0103 anun\u021be Poli\u021bia Capitalei, apel\u00e2nd num\u0103rul unic de urgen\u021b\u0103 112.<\/p>\n","protected":false},"excerpt":{"rendered":"<p>UPDATE\/\/\/ Poli\u0163ia Capitalei a transmis c\u0103 minora a fost g\u0103sit\u0103, cu sprijinul cet\u0103\u021benilor, care au fost semnala\u021bi prin intermediul Ro-Alert. Poli\u021bia Capitalei solicit\u0103 ajutorul popula\u021biei pentru g\u0103sirea unei minore de 11 ani care a disp\u0103rut de la domiciliu. \u201eLa data de 4 august 2023, Poli\u021bia Capitalei a fost sesizat\u0103 \u0219i solicit\u0103 sprijin \u00een vederea depist\u0103rii [&hellip;]<\/p>\n","protected":false},"author":49,"featured_media":61709,"comment_status":"open","ping_status":"open","sticky":false,"template":"","format":"standard","meta":{"_acf_changed":false,"inline_featured_image":false,"ngg_post_thumbnail":0,"footnotes":""},"categories":[62],"tags":[6597,6598,6599],"ppma_author":[22574],"class_list":["post-61706","post","type-post","status-publish","format-standard","has-post-thumbnail","hentry","category-stiri","tag-alerta-politie","tag-disparitie-minora","tag-judetul-ilfov"],"acf":[],"yoast_head":"<!-- This site is optimized with the Yoast SEO Premium plugin v25.3 (Yoast SEO v27.4) - https:\/\/yoast.com\/product\/yoast-seo-premium-wordpress\/ -->\n<title>Minor\u0103 disparut\u0103 \u00een jude\u021bul Ilfov. Poli\u021bia Capitalei solicit\u0103 ajutorul cet\u0103\u021benilor - Buletin de Bucure\u0219ti<\/title>\n<meta name=\"robots\" content=\"index, follow, max-snippet:-1, max-image-preview:large, max-video-preview:-1\" \/>\n<link rel=\"canonical\" href=\"https:\/\/buletin.de\/bucuresti\/minora-disparuta-in-judetul-ilfov-politia-capitalei-solicita-ajutorul-cetatenilor\/\" \/>\n<meta property=\"og:locale\" content=\"en_GB\" \/>\n<meta property=\"og:type\" content=\"article\" \/>\n<meta property=\"og:title\" content=\"Minor\u0103 disparut\u0103 \u00een jude\u021bul Ilfov. Poli\u021bia Capitalei solicit\u0103 ajutorul cet\u0103\u021benilor\" \/>\n<meta property=\"og:description\" content=\"UPDATE\/\/\/ Poli\u0163ia Capitalei a transmis c\u0103 minora a fost g\u0103sit\u0103, cu sprijinul cet\u0103\u021benilor, care au fost semnala\u021bi prin intermediul Ro-Alert. Poli\u021bia Capitalei solicit\u0103 ajutorul popula\u021biei pentru g\u0103sirea unei minore de 11 ani care a disp\u0103rut de la domiciliu. \u201eLa data de 4 august 2023, Poli\u021bia Capitalei a fost sesizat\u0103 \u0219i solicit\u0103 sprijin \u00een vederea depist\u0103rii [&hellip;]\" \/>\n<meta property=\"og:url\" content=\"https:\/\/buletin.de\/bucuresti\/minora-disparuta-in-judetul-ilfov-politia-capitalei-solicita-ajutorul-cetatenilor\/\" \/>\n<meta property=\"og:site_name\" content=\"Buletin de Bucure\u0219ti\" \/>\n<meta property=\"article:publisher\" content=\"https:\/\/www.facebook.com\/buletin.de.buc\" \/>\n<meta property=\"article:published_time\" content=\"2023-08-04T12:47:22+00:00\" \/>\n<meta property=\"article:modified_time\" content=\"2023-09-18T11:48:11+00:00\" \/>\n<meta property=\"og:image\" content=\"https:\/\/buletin.de\/bucuresti\/wp-content\/uploads\/898B3F58-6B5C-4818-B6CB-B9551A7D5DC8_1_105_c.jpeg\" \/>\n\t<meta property=\"og:image:width\" content=\"1198\" \/>\n\t<meta property=\"og:image:height\" content=\"655\" \/>\n\t<meta property=\"og:image:type\" content=\"image\/jpeg\" \/>\n<meta name=\"author\" content=\"Diana Matei\" \/>\n<meta name=\"twitter:card\" content=\"summary_large_image\" \/>\n<meta name=\"twitter:label1\" content=\"Written by\" \/>\n\t<meta name=\"twitter:data1\" content=\"Diana Matei\" \/>\n\t<meta name=\"twitter:label2\" content=\"Estimated reading time\" \/>\n\t<meta name=\"twitter:data2\" content=\"1 minute\" \/>\n<script type=\"application\/ld+json\" class=\"yoast-schema-graph\">{\"@context\":\"https:\\\/\\\/schema.org\",\"@graph\":[{\"@type\":\"Article\",\"@id\":\"https:\\\/\\\/buletin.de\\\/bucuresti\\\/minora-disparuta-in-judetul-ilfov-politia-capitalei-solicita-ajutorul-cetatenilor\\\/#article\",\"isPartOf\":{\"@id\":\"https:\\\/\\\/buletin.de\\\/bucuresti\\\/minora-disparuta-in-judetul-ilfov-politia-capitalei-solicita-ajutorul-cetatenilor\\\/\"},\"author\":{\"name\":\"Diana Matei\",\"@id\":\"https:\\\/\\\/buletin.de\\\/bucuresti\\\/#\\\/schema\\\/person\\\/7e46040573290777280a0835d81ea4ea\"},\"headline\":\"Minor\u0103 disparut\u0103 \u00een jude\u021bul Ilfov. Poli\u021bia Capitalei solicit\u0103 ajutorul cet\u0103\u021benilor\",\"datePublished\":\"2023-08-04T12:47:22+00:00\",\"dateModified\":\"2023-09-18T11:48:11+00:00\",\"mainEntityOfPage\":{\"@id\":\"https:\\\/\\\/buletin.de\\\/bucuresti\\\/minora-disparuta-in-judetul-ilfov-politia-capitalei-solicita-ajutorul-cetatenilor\\\/\"},\"wordCount\":186,\"commentCount\":0,\"publisher\":{\"@id\":\"https:\\\/\\\/buletin.de\\\/bucuresti\\\/#organization\"},\"image\":{\"@id\":\"https:\\\/\\\/buletin.de\\\/bucuresti\\\/minora-disparuta-in-judetul-ilfov-politia-capitalei-solicita-ajutorul-cetatenilor\\\/#primaryimage\"},\"thumbnailUrl\":\"https:\\\/\\\/buletin.de\\\/bucuresti\\\/wp-content\\\/uploads\\\/898B3F58-6B5C-4818-B6CB-B9551A7D5DC8_1_105_c.jpeg\",\"keywords\":[\"alerta politie\",\"disparitie minora\",\"judetul ilfov\"],\"articleSection\":[\"\u0218tiri\"],\"inLanguage\":\"en-GB\",\"potentialAction\":[{\"@type\":\"CommentAction\",\"name\":\"Comment\",\"target\":[\"https:\\\/\\\/buletin.de\\\/bucuresti\\\/minora-disparuta-in-judetul-ilfov-politia-capitalei-solicita-ajutorul-cetatenilor\\\/#respond\"]}],\"copyrightYear\":\"2023\",\"copyrightHolder\":{\"@id\":\"https:\\\/\\\/buletin.de\\\/bucuresti\\\/#organization\"}},{\"@type\":\"WebPage\",\"@id\":\"https:\\\/\\\/buletin.de\\\/bucuresti\\\/minora-disparuta-in-judetul-ilfov-politia-capitalei-solicita-ajutorul-cetatenilor\\\/\",\"url\":\"https:\\\/\\\/buletin.de\\\/bucuresti\\\/minora-disparuta-in-judetul-ilfov-politia-capitalei-solicita-ajutorul-cetatenilor\\\/\",\"name\":\"Minor\u0103 disparut\u0103 \u00een jude\u021bul Ilfov. Poli\u021bia Capitalei solicit\u0103 ajutorul cet\u0103\u021benilor - Buletin de Bucure\u0219ti\",\"isPartOf\":{\"@id\":\"https:\\\/\\\/buletin.de\\\/bucuresti\\\/#website\"},\"primaryImageOfPage\":{\"@id\":\"https:\\\/\\\/buletin.de\\\/bucuresti\\\/minora-disparuta-in-judetul-ilfov-politia-capitalei-solicita-ajutorul-cetatenilor\\\/#primaryimage\"},\"image\":{\"@id\":\"https:\\\/\\\/buletin.de\\\/bucuresti\\\/minora-disparuta-in-judetul-ilfov-politia-capitalei-solicita-ajutorul-cetatenilor\\\/#primaryimage\"},\"thumbnailUrl\":\"https:\\\/\\\/buletin.de\\\/bucuresti\\\/wp-content\\\/uploads\\\/898B3F58-6B5C-4818-B6CB-B9551A7D5DC8_1_105_c.jpeg\",\"datePublished\":\"2023-08-04T12:47:22+00:00\",\"dateModified\":\"2023-09-18T11:48:11+00:00\",\"breadcrumb\":{\"@id\":\"https:\\\/\\\/buletin.de\\\/bucuresti\\\/minora-disparuta-in-judetul-ilfov-politia-capitalei-solicita-ajutorul-cetatenilor\\\/#breadcrumb\"},\"inLanguage\":\"en-GB\",\"potentialAction\":[{\"@type\":\"ReadAction\",\"target\":[\"https:\\\/\\\/buletin.de\\\/bucuresti\\\/minora-disparuta-in-judetul-ilfov-politia-capitalei-solicita-ajutorul-cetatenilor\\\/\"]}]},{\"@type\":\"ImageObject\",\"inLanguage\":\"en-GB\",\"@id\":\"https:\\\/\\\/buletin.de\\\/bucuresti\\\/minora-disparuta-in-judetul-ilfov-politia-capitalei-solicita-ajutorul-cetatenilor\\\/#primaryimage\",\"url\":\"https:\\\/\\\/buletin.de\\\/bucuresti\\\/wp-content\\\/uploads\\\/898B3F58-6B5C-4818-B6CB-B9551A7D5DC8_1_105_c.jpeg\",\"contentUrl\":\"https:\\\/\\\/buletin.de\\\/bucuresti\\\/wp-content\\\/uploads\\\/898B3F58-6B5C-4818-B6CB-B9551A7D5DC8_1_105_c.jpeg\",\"width\":1198,\"height\":655},{\"@type\":\"BreadcrumbList\",\"@id\":\"https:\\\/\\\/buletin.de\\\/bucuresti\\\/minora-disparuta-in-judetul-ilfov-politia-capitalei-solicita-ajutorul-cetatenilor\\\/#breadcrumb\",\"itemListElement\":[{\"@type\":\"ListItem\",\"position\":1,\"name\":\"Acas\u0103\",\"item\":\"https:\\\/\\\/buletin.de\\\/bucuresti\\\/\"},{\"@type\":\"ListItem\",\"position\":2,\"name\":\"Minor\u0103 disparut\u0103 \u00een jude\u021bul Ilfov. Poli\u021bia Capitalei solicit\u0103 ajutorul cet\u0103\u021benilor\"}]},{\"@type\":\"WebSite\",\"@id\":\"https:\\\/\\\/buletin.de\\\/bucuresti\\\/#website\",\"url\":\"https:\\\/\\\/buletin.de\\\/bucuresti\\\/\",\"name\":\"Buletin de Bucure\u0219ti\",\"description\":\"\u0218tiri \u0219i investiga\u021bii esen\u021biale din capital\u0103\",\"publisher\":{\"@id\":\"https:\\\/\\\/buletin.de\\\/bucuresti\\\/#organization\"},\"potentialAction\":[{\"@type\":\"SearchAction\",\"target\":{\"@type\":\"EntryPoint\",\"urlTemplate\":\"https:\\\/\\\/buletin.de\\\/bucuresti\\\/?s={search_term_string}\"},\"query-input\":{\"@type\":\"PropertyValueSpecification\",\"valueRequired\":true,\"valueName\":\"search_term_string\"}}],\"inLanguage\":\"en-GB\"},{\"@type\":\"Organization\",\"@id\":\"https:\\\/\\\/buletin.de\\\/bucuresti\\\/#organization\",\"name\":\"Buletin de Bucure\u0219ti\",\"url\":\"https:\\\/\\\/buletin.de\\\/bucuresti\\\/\",\"logo\":{\"@type\":\"ImageObject\",\"inLanguage\":\"en-GB\",\"@id\":\"https:\\\/\\\/buletin.de\\\/bucuresti\\\/#\\\/schema\\\/logo\\\/image\\\/\",\"url\":\"https:\\\/\\\/buletin.de\\\/bucuresti\\\/wp-content\\\/uploads\\\/logo-bdb-full-wide-vernil-transparent.png\",\"contentUrl\":\"https:\\\/\\\/buletin.de\\\/bucuresti\\\/wp-content\\\/uploads\\\/logo-bdb-full-wide-vernil-transparent.png\",\"width\":1782,\"height\":626,\"caption\":\"Buletin de Bucure\u0219ti\"},\"image\":{\"@id\":\"https:\\\/\\\/buletin.de\\\/bucuresti\\\/#\\\/schema\\\/logo\\\/image\\\/\"},\"sameAs\":[\"https:\\\/\\\/www.facebook.com\\\/buletin.de.buc\",\"https:\\\/\\\/www.instagram.com\\\/buletinde.bucuresti\\\/\"]},{\"@type\":\"Person\",\"@id\":\"https:\\\/\\\/buletin.de\\\/bucuresti\\\/#\\\/schema\\\/person\\\/7e46040573290777280a0835d81ea4ea\",\"name\":\"Diana Matei\",\"image\":{\"@type\":\"ImageObject\",\"inLanguage\":\"en-GB\",\"@id\":\"https:\\\/\\\/buletin.de\\\/bucuresti\\\/wp-content\\\/uploads\\\/9-2-96x96.jpg1e8590b30871d70e62ebcdaf2eff570c\",\"url\":\"https:\\\/\\\/buletin.de\\\/bucuresti\\\/wp-content\\\/uploads\\\/9-2-96x96.jpg\",\"contentUrl\":\"https:\\\/\\\/buletin.de\\\/bucuresti\\\/wp-content\\\/uploads\\\/9-2-96x96.jpg\",\"caption\":\"Diana Matei\"},\"url\":\"https:\\\/\\\/buletin.de\\\/bucuresti\\\/author\\\/dianamatei\\\/\"}]}<\/script>\n<!-- \/ Yoast SEO Premium plugin. -->","yoast_head_json":{"title":"Minor\u0103 disparut\u0103 \u00een jude\u021bul Ilfov. Poli\u021bia Capitalei solicit\u0103 ajutorul cet\u0103\u021benilor - Buletin de Bucure\u0219ti","robots":{"index":"index","follow":"follow","max-snippet":"max-snippet:-1","max-image-preview":"max-image-preview:large","max-video-preview":"max-video-preview:-1"},"canonical":"https:\/\/buletin.de\/bucuresti\/minora-disparuta-in-judetul-ilfov-politia-capitalei-solicita-ajutorul-cetatenilor\/","og_locale":"en_GB","og_type":"article","og_title":"Minor\u0103 disparut\u0103 \u00een jude\u021bul Ilfov. Poli\u021bia Capitalei solicit\u0103 ajutorul cet\u0103\u021benilor","og_description":"UPDATE\/\/\/ Poli\u0163ia Capitalei a transmis c\u0103 minora a fost g\u0103sit\u0103, cu sprijinul cet\u0103\u021benilor, care au fost semnala\u021bi prin intermediul Ro-Alert. Poli\u021bia Capitalei solicit\u0103 ajutorul popula\u021biei pentru g\u0103sirea unei minore de 11 ani care a disp\u0103rut de la domiciliu. \u201eLa data de 4 august 2023, Poli\u021bia Capitalei a fost sesizat\u0103 \u0219i solicit\u0103 sprijin \u00een vederea depist\u0103rii [&hellip;]","og_url":"https:\/\/buletin.de\/bucuresti\/minora-disparuta-in-judetul-ilfov-politia-capitalei-solicita-ajutorul-cetatenilor\/","og_site_name":"Buletin de Bucure\u0219ti","article_publisher":"https:\/\/www.facebook.com\/buletin.de.buc","article_published_time":"2023-08-04T12:47:22+00:00","article_modified_time":"2023-09-18T11:48:11+00:00","og_image":[{"width":1198,"height":655,"url":"https:\/\/buletin.de\/bucuresti\/wp-content\/uploads\/898B3F58-6B5C-4818-B6CB-B9551A7D5DC8_1_105_c.jpeg","type":"image\/jpeg"}],"author":"Diana Matei","twitter_card":"summary_large_image","twitter_misc":{"Written by":"Diana Matei","Estimated reading time":"1 minute"},"schema":{"@context":"https:\/\/schema.org","@graph":[{"@type":"Article","@id":"https:\/\/buletin.de\/bucuresti\/minora-disparuta-in-judetul-ilfov-politia-capitalei-solicita-ajutorul-cetatenilor\/#article","isPartOf":{"@id":"https:\/\/buletin.de\/bucuresti\/minora-disparuta-in-judetul-ilfov-politia-capitalei-solicita-ajutorul-cetatenilor\/"},"author":{"name":"Diana Matei","@id":"https:\/\/buletin.de\/bucuresti\/#\/schema\/person\/7e46040573290777280a0835d81ea4ea"},"headline":"Minor\u0103 disparut\u0103 \u00een jude\u021bul Ilfov. Poli\u021bia Capitalei solicit\u0103 ajutorul cet\u0103\u021benilor","datePublished":"2023-08-04T12:47:22+00:00","dateModified":"2023-09-18T11:48:11+00:00","mainEntityOfPage":{"@id":"https:\/\/buletin.de\/bucuresti\/minora-disparuta-in-judetul-ilfov-politia-capitalei-solicita-ajutorul-cetatenilor\/"},"wordCount":186,"commentCount":0,"publisher":{"@id":"https:\/\/buletin.de\/bucuresti\/#organization"},"image":{"@id":"https:\/\/buletin.de\/bucuresti\/minora-disparuta-in-judetul-ilfov-politia-capitalei-solicita-ajutorul-cetatenilor\/#primaryimage"},"thumbnailUrl":"https:\/\/buletin.de\/bucuresti\/wp-content\/uploads\/898B3F58-6B5C-4818-B6CB-B9551A7D5DC8_1_105_c.jpeg","keywords":["alerta politie","disparitie minora","judetul ilfov"],"articleSection":["\u0218tiri"],"inLanguage":"en-GB","potentialAction":[{"@type":"CommentAction","name":"Comment","target":["https:\/\/buletin.de\/bucuresti\/minora-disparuta-in-judetul-ilfov-politia-capitalei-solicita-ajutorul-cetatenilor\/#respond"]}],"copyrightYear":"2023","copyrightHolder":{"@id":"https:\/\/buletin.de\/bucuresti\/#organization"}},{"@type":"WebPage","@id":"https:\/\/buletin.de\/bucuresti\/minora-disparuta-in-judetul-ilfov-politia-capitalei-solicita-ajutorul-cetatenilor\/","url":"https:\/\/buletin.de\/bucuresti\/minora-disparuta-in-judetul-ilfov-politia-capitalei-solicita-ajutorul-cetatenilor\/","name":"Minor\u0103 disparut\u0103 \u00een jude\u021bul Ilfov. Poli\u021bia Capitalei solicit\u0103 ajutorul cet\u0103\u021benilor - Buletin de Bucure\u0219ti","isPartOf":{"@id":"https:\/\/buletin.de\/bucuresti\/#website"},"primaryImageOfPage":{"@id":"https:\/\/buletin.de\/bucuresti\/minora-disparuta-in-judetul-ilfov-politia-capitalei-solicita-ajutorul-cetatenilor\/#primaryimage"},"image":{"@id":"https:\/\/buletin.de\/bucuresti\/minora-disparuta-in-judetul-ilfov-politia-capitalei-solicita-ajutorul-cetatenilor\/#primaryimage"},"thumbnailUrl":"https:\/\/buletin.de\/bucuresti\/wp-content\/uploads\/898B3F58-6B5C-4818-B6CB-B9551A7D5DC8_1_105_c.jpeg","datePublished":"2023-08-04T12:47:22+00:00","dateModified":"2023-09-18T11:48:11+00:00","breadcrumb":{"@id":"https:\/\/buletin.de\/bucuresti\/minora-disparuta-in-judetul-ilfov-politia-capitalei-solicita-ajutorul-cetatenilor\/#breadcrumb"},"inLanguage":"en-GB","potentialAction":[{"@type":"ReadAction","target":["https:\/\/buletin.de\/bucuresti\/minora-disparuta-in-judetul-ilfov-politia-capitalei-solicita-ajutorul-cetatenilor\/"]}]},{"@type":"ImageObject","inLanguage":"en-GB","@id":"https:\/\/buletin.de\/bucuresti\/minora-disparuta-in-judetul-ilfov-politia-capitalei-solicita-ajutorul-cetatenilor\/#primaryimage","url":"https:\/\/buletin.de\/bucuresti\/wp-content\/uploads\/898B3F58-6B5C-4818-B6CB-B9551A7D5DC8_1_105_c.jpeg","contentUrl":"https:\/\/buletin.de\/bucuresti\/wp-content\/uploads\/898B3F58-6B5C-4818-B6CB-B9551A7D5DC8_1_105_c.jpeg","width":1198,"height":655},{"@type":"BreadcrumbList","@id":"https:\/\/buletin.de\/bucuresti\/minora-disparuta-in-judetul-ilfov-politia-capitalei-solicita-ajutorul-cetatenilor\/#breadcrumb","itemListElement":[{"@type":"ListItem","position":1,"name":"Acas\u0103","item":"https:\/\/buletin.de\/bucuresti\/"},{"@type":"ListItem","position":2,"name":"Minor\u0103 disparut\u0103 \u00een jude\u021bul Ilfov. Poli\u021bia Capitalei solicit\u0103 ajutorul cet\u0103\u021benilor"}]},{"@type":"WebSite","@id":"https:\/\/buletin.de\/bucuresti\/#website","url":"https:\/\/buletin.de\/bucuresti\/","name":"Buletin de Bucure\u0219ti","description":"\u0218tiri \u0219i investiga\u021bii esen\u021biale din capital\u0103","publisher":{"@id":"https:\/\/buletin.de\/bucuresti\/#organization"},"potentialAction":[{"@type":"SearchAction","target":{"@type":"EntryPoint","urlTemplate":"https:\/\/buletin.de\/bucuresti\/?s={search_term_string}"},"query-input":{"@type":"PropertyValueSpecification","valueRequired":true,"valueName":"search_term_string"}}],"inLanguage":"en-GB"},{"@type":"Organization","@id":"https:\/\/buletin.de\/bucuresti\/#organization","name":"Buletin de Bucure\u0219ti","url":"https:\/\/buletin.de\/bucuresti\/","logo":{"@type":"ImageObject","inLanguage":"en-GB","@id":"https:\/\/buletin.de\/bucuresti\/#\/schema\/logo\/image\/","url":"https:\/\/buletin.de\/bucuresti\/wp-content\/uploads\/logo-bdb-full-wide-vernil-transparent.png","contentUrl":"https:\/\/buletin.de\/bucuresti\/wp-content\/uploads\/logo-bdb-full-wide-vernil-transparent.png","width":1782,"height":626,"caption":"Buletin de Bucure\u0219ti"},"image":{"@id":"https:\/\/buletin.de\/bucuresti\/#\/schema\/logo\/image\/"},"sameAs":["https:\/\/www.facebook.com\/buletin.de.buc","https:\/\/www.instagram.com\/buletinde.bucuresti\/"]},{"@type":"Person","@id":"https:\/\/buletin.de\/bucuresti\/#\/schema\/person\/7e46040573290777280a0835d81ea4ea","name":"Diana Matei","image":{"@type":"ImageObject","inLanguage":"en-GB","@id":"https:\/\/buletin.de\/bucuresti\/wp-content\/uploads\/9-2-96x96.jpg1e8590b30871d70e62ebcdaf2eff570c","url":"https:\/\/buletin.de\/bucuresti\/wp-content\/uploads\/9-2-96x96.jpg","contentUrl":"https:\/\/buletin.de\/bucuresti\/wp-content\/uploads\/9-2-96x96.jpg","caption":"Diana Matei"},"url":"https:\/\/buletin.de\/bucuresti\/author\/dianamatei\/"}]}},"authors":[{"term_id":22574,"user_id":49,"is_guest":0,"slug":"dianamatei","display_name":"Diana Matei","avatar_url":"https:\/\/buletin.de\/bucuresti\/wp-content\/uploads\/9-2-96x96.jpg","0":null,"1":"","2":"","3":"","4":"","5":"","6":"","7":"","8":""}],"_links":{"self":[{"href":"https:\/\/buletin.de\/bucuresti\/wp-json\/wp\/v2\/posts\/61706","targetHints":{"allow":["GET"]}}],"collection":[{"href":"https:\/\/buletin.de\/bucuresti\/wp-json\/wp\/v2\/posts"}],"about":[{"href":"https:\/\/buletin.de\/bucuresti\/wp-json\/wp\/v2\/types\/post"}],"author":[{"embeddable":true,"href":"https:\/\/buletin.de\/bucuresti\/wp-json\/wp\/v2\/users\/49"}],"replies":[{"embeddable":true,"href":"https:\/\/buletin.de\/bucuresti\/wp-json\/wp\/v2\/comments?post=61706"}],"version-history":[{"count":1,"href":"https:\/\/buletin.de\/bucuresti\/wp-json\/wp\/v2\/posts\/61706\/revisions"}],"predecessor-version":[{"id":61708,"href":"https:\/\/buletin.de\/bucuresti\/wp-json\/wp\/v2\/posts\/61706\/revisions\/61708"}],"wp:featuredmedia":[{"embeddable":true,"href":"https:\/\/buletin.de\/bucuresti\/wp-json\/wp\/v2\/media\/61709"}],"wp:attachment":[{"href":"https:\/\/buletin.de\/bucuresti\/wp-json\/wp\/v2\/media?parent=61706"}],"wp:term":[{"taxonomy":"category","embeddable":true,"href":"https:\/\/buletin.de\/bucuresti\/wp-json\/wp\/v2\/categories?post=61706"},{"taxonomy":"post_tag","embeddable":true,"href":"https:\/\/buletin.de\/bucuresti\/wp-json\/wp\/v2\/tags?post=61706"},{"taxonomy":"author","embeddable":true,"href":"https:\/\/buletin.de\/bucuresti\/wp-json\/wp\/v2\/ppma_author?post=61706"}],"curies":[{"name":"wp","href":"https:\/\/api.w.org\/{rel}","templated":true}]}}