{"id":61688,"date":"2023-08-04T11:05:52","date_gmt":"2023-08-04T09:05:52","guid":{"rendered":"https:\/\/buletin.de\/bucuresti\/calea-victoriei-pietonala-in-primul-weekend-din-august\/"},"modified":"2023-08-04T11:05:52","modified_gmt":"2023-08-04T09:05:52","slug":"calea-victoriei-pietonala-in-primul-weekend-din-august","status":"publish","type":"post","link":"https:\/\/buletin.de\/bucuresti\/calea-victoriei-pietonala-in-primul-weekend-din-august\/","title":{"rendered":"Calea Victoriei, pietonal\u0103 \u00een primul weekend din august"},"content":{"rendered":"\n<p><strong>Calea Victoriei devine pietonal\u0103 \u0219i \u00een primul weekend din luna august. Proiectul \u201eStr\u0103zi deschise \u2013 Bucure\u0219ti\u201d aduce expozi\u021bii de pictur\u0103, spectacole de teatru \u0219i ateliere de lectur\u0103<\/strong>.<\/p>\n\n\n\n<p>Calea Victoriei , \u00eentre Pia\u021ba Victoriei \u0219i Splaiul Independen\u021bei, devine pietonal\u0103 pe 5 \u0219i 6 august, \u00eentre orele 09:00 \u2013 22:00. Proiectul este organizat de Prim\u0103ria Capitalei, prin Direc\u021bia Cultur\u0103, \u00cenv\u0103\u021b\u0103m\u00e2nt, Turism a Municipiului Bucure\u0219ti, al\u0103turi de ARCUB \u2013 Centrul Cultural al Municipiului Bucure\u0219ti \u0219i PROEDUS \u2013 Centrul de Proiecte Educa\u021bionale \u0219i Sportive al Municipiului Bucure\u0219ti.&nbsp;<\/p>\n\n\n\n<p>Programul evenimentului:<\/p>\n\n\n\n<p><strong>S\u00e2mb\u0103t\u0103, 5 august<\/strong><\/p>\n\n\n\n<p><strong>Muzeul Municipiului Bucure\u0219ti \u2013 Casa Filipescu-Cesianu<\/strong><\/p>\n\n\n\n<p>.  10:00 \u2013 17:30: \u201eMuzeul V\u00e2rstelor \u2013 de la copil\u0103rie la senectute\u201d;<\/p>\n\n\n\n<p>Zona statuie Iuliu Maniu<\/p>\n\n\n\n<p>.  10:00 \u2013 19:00: \u201eMenestreli pe \u0219evalet\u201d \u2013 demonstra\u021bii de pictur\u0103 pe p\u00e2nz\u0103, acuarel\u0103 \u0219i arta firului de m\u0103tase;<\/p>\n\n\n\n<p>zona Muzeul Na\u021bional de Art\u0103 al Rom\u00e2niei<\/p>\n\n\n\n<p>.  17:00 \u2013 17:50: Atelier de creativitate  sus\u021binut de bibliotecari ai Bibliotecii Metropolitane Bucure\u0219ti;<\/p>\n\n\n\n<p>.  18:00 \u2013 18:50: Atelier de lectur\u0103  sus\u021binut de bibliotecari ai Bibliotecii Metropolitane Bucure\u0219ti;<\/p>\n\n\n\n<p>.  19:00 \u2013 19:50: Spectacol de teatru de p\u0103pu\u0219i &#8211; Teatrul \u201eLicurici\u201d al Bibliotecii Metropolitane Bucure\u0219ti)<\/p>\n\n\n\n<p><strong>Zona Muzeul Na\u021bional de Istorie a Rom\u00e2niei<\/strong><\/p>\n\n\n\n<p>.  18:00 \u2013 20:00: \u201eO scrisoare pierdut\u0103\u201d \u2013 spectacol-lectur\u0103 interactiv;<\/p>\n\n\n\n<p><strong>Sectorul 4 \u2013 Strada Cuza Vod\u0103 nr. 100<\/strong><\/p>\n\n\n\n<p>.  10:30 \u2013 21:30 Mixajul artelor \u2013 expozi\u021bie de art\u0103 decorativ\u0103 \u2013 exper\u021bi Maria Constantinescu, Elena Borundel (\u0218coala de Art\u0103 Bucure\u0219ti);<\/p>\n\n\n\n<p>.  10:30 \u2013 21:30 Expozi\u021bia \u201eRo\u0219u-Verde\u201d \u2013 expozi\u021bie de pictur\u0103 \u2013 expert Ioana Ionescu, sec\u021bia Pictur\u0103 copii (\u0218coala de Art\u0103 Bucure\u0219ti)<\/p>\n\n\n\n<p>.  10:30 \u2013 21:30 Expozi\u021bie de grafic\u0103 (cursan\u021bi) \u2013 exper\u021bi Antonia Corgoja, Diana Alexe, sec\u021bia Grafic\u0103 (\u0218coala de Art\u0103 Bucure\u0219ti)<\/p>\n\n\n\n<p>.  10:30 \u2013 21:30 Art Nouveaux \u2013 de la decorativ la func\u021bional \u2013 expozi\u021bii de design vestimentar \u2013 expert Maria Constantinescu (\u0218coala de Art\u0103 Bucure\u0219ti)<\/p>\n\n\n\n<p>.  10:30 \u2013 21:30 Art Nouveaux \u2013 de la decorativ la func\u021bional \u2013 expozi\u021bii dedecora\u021biuni interioare \u2013 expert Elena Borundel (\u0218coala de Art\u0103 Bucure\u0219ti)<\/p>\n\n\n\n<p>.  10:30 \u2013 21:30 Expozi\u021bie de iconografie (cursan\u021bi) \u2013 expert Cristina Istrate, sec\u021bia Iconografie (\u0218coala de Art\u0103 Bucure\u0219ti)<\/p>\n\n\n\n<p><strong>Duminic\u0103, 6 august<\/strong><\/p>\n\n\n\n<p>Muzeul Municipiului Bucure\u0219ti \u2013 Casa Filipescu-Cesianu<\/p>\n\n\n\n<p>.  10:00 \u2013 17:30: \u201eMuzeul V\u00e2rstelor \u2013 de la copil\u0103rie la senectute\u201d  <\/p>\n\n\n\n<p><strong>Calea Victoriei \u2013 zona statuie Iuliu Maniu<\/strong><\/p>\n\n\n\n<ul class=\"wp-block-list\">\n<li>10:00 \u2013 19:00: \u201eMenestreli pe \u0219evalet\u201d \u2013 demonstra\u021bii de pictur\u0103 pe p\u00e2nz\u0103, acuarel\u0103 \u0219i arta firului de m\u0103tase; <\/li>\n<\/ul>\n\n\n\n<p><strong>Calea Victoriei \u2013 zona Muzeul Na\u021bional de Istorie a Rom\u00e2niei<\/strong><\/p>\n\n\n\n<ul class=\"wp-block-list\">\n<li>18:00 \u2013 20:00: \u201eD\u2019ale carnavalului\u201d <\/li>\n<\/ul>\n\n\n\n<p><strong>Sectorul 4 \u2013 Strada Cuza Vod\u0103 nr. 100<\/strong><\/p>\n\n\n\n<p>.  10:30 \u2013 21:30 Mixajul artelor \u2013 expozi\u021bie de art\u0103 decorativ\u0103;<\/p>\n\n\n\n<p>.  10:30 \u2013 21:30 Expozi\u021bia \u201eRo\u0219u-Verde\u201d \u2013 expozi\u021bie de pictur\u0103;<\/p>\n\n\n\n<p>.  10:30 \u2013 21:30 Expozi\u021bie de grafic\u0103 ;<\/p>\n\n\n\n<p>.  10:30 \u2013 21:30 Art Nouveaux \u2013 de la decorativ la func\u021bional \u2013 expozi\u021bii de design vestimentar;<\/p>\n\n\n\n<p>.  10:30 \u2013 21:30 Art Nouveaux \u2013 de la decorativ la func\u021bional \u2013 expozi\u021bii dedecora\u021biuni interioare;<\/p>\n\n\n\n<p>.  10:30 \u2013 21:30 Expozi\u021bie de iconografie;<\/p>\n\n\n\n<p>\u00cen weekendul 5-6 august 2023, sunt \u0219i  restric\u021bii de circula\u021bie. <\/p>\n\n\n\n<p>\u0218oferii vor putea traversa Calea Victoriei, pe strada Sevastopol, strada Gheorghe Manu, Bulevardul Dacia, strada Ion C\u00e2mpineanu, bulevardul Regina Elisabeta, strada \u0218tirbei Vod\u0103 \u00eentre Calea Victoriei \u0219i Dem. I. Dobrescu. Mijloacele de transport STB vor circula deviat, \u00eens\u0103 f\u0103r\u0103 s\u0103-i afecteze pe c\u0103l\u0103tori.<\/p>\n\n\n\n<p>Traficul rutier pe Calea Victoriei se reia pe timpul nop\u021bii p\u00e2n\u0103 diminea\u021ba, s\u00e2mb\u0103t\u0103 spre duminic\u0103, \u00eencep\u00e2nd de la ora 22:00 p\u00e2n\u0103 la ora 09:00 iar pe arterele pe care nu mai circul\u0103 ma\u0219ini se \u00eenchid \u0219i pistele de biciclete, transmite ARCUB.<\/p>\n","protected":false},"excerpt":{"rendered":"<p>Calea Victoriei devine pietonal\u0103 \u0219i \u00een primul weekend din luna august. Proiectul \u201eStr\u0103zi deschise \u2013 Bucure\u0219ti\u201d aduce expozi\u021bii de pictur\u0103, spectacole de teatru \u0219i ateliere de lectur\u0103. Calea Victoriei , \u00eentre Pia\u021ba Victoriei \u0219i Splaiul Independen\u021bei, devine pietonal\u0103 pe 5 \u0219i 6 august, \u00eentre orele 09:00 \u2013 22:00. Proiectul este organizat de Prim\u0103ria Capitalei, prin [&hellip;]<\/p>\n","protected":false},"author":49,"featured_media":60923,"comment_status":"open","ping_status":"open","sticky":false,"template":"","format":"standard","meta":{"_acf_changed":false,"inline_featured_image":false,"ngg_post_thumbnail":0,"footnotes":""},"categories":[62],"tags":[4419,6588,2794],"ppma_author":[22574],"class_list":["post-61688","post","type-post","status-publish","format-standard","has-post-thumbnail","hentry","category-stiri","tag-calea-victoriei","tag-splaiul-independentei","tag-strazi-deschise"],"acf":[],"yoast_head":"<!-- This site is optimized with the Yoast SEO Premium plugin v25.3 (Yoast SEO v27.4) - https:\/\/yoast.com\/product\/yoast-seo-premium-wordpress\/ -->\n<title>Calea Victoriei, pietonal\u0103 \u00een primul weekend din august - Buletin de Bucure\u0219ti<\/title>\n<meta name=\"robots\" content=\"index, follow, max-snippet:-1, max-image-preview:large, max-video-preview:-1\" \/>\n<link rel=\"canonical\" href=\"https:\/\/buletin.de\/bucuresti\/calea-victoriei-pietonala-in-primul-weekend-din-august\/\" \/>\n<meta property=\"og:locale\" content=\"en_GB\" \/>\n<meta property=\"og:type\" content=\"article\" \/>\n<meta property=\"og:title\" content=\"Calea Victoriei, pietonal\u0103 \u00een primul weekend din august\" \/>\n<meta property=\"og:description\" content=\"Calea Victoriei devine pietonal\u0103 \u0219i \u00een primul weekend din luna august. Proiectul \u201eStr\u0103zi deschise \u2013 Bucure\u0219ti\u201d aduce expozi\u021bii de pictur\u0103, spectacole de teatru \u0219i ateliere de lectur\u0103. Calea Victoriei , \u00eentre Pia\u021ba Victoriei \u0219i Splaiul Independen\u021bei, devine pietonal\u0103 pe 5 \u0219i 6 august, \u00eentre orele 09:00 \u2013 22:00. Proiectul este organizat de Prim\u0103ria Capitalei, prin [&hellip;]\" \/>\n<meta property=\"og:url\" content=\"https:\/\/buletin.de\/bucuresti\/calea-victoriei-pietonala-in-primul-weekend-din-august\/\" \/>\n<meta property=\"og:site_name\" content=\"Buletin de Bucure\u0219ti\" \/>\n<meta property=\"article:publisher\" content=\"https:\/\/www.facebook.com\/buletin.de.buc\" \/>\n<meta property=\"article:published_time\" content=\"2023-08-04T09:05:52+00:00\" \/>\n<meta property=\"og:image\" content=\"https:\/\/buletin.de\/bucuresti\/wp-content\/uploads\/img-1.jpg\" \/>\n\t<meta property=\"og:image:width\" content=\"1600\" \/>\n\t<meta property=\"og:image:height\" content=\"1067\" \/>\n\t<meta property=\"og:image:type\" content=\"image\/jpeg\" \/>\n<meta name=\"author\" content=\"Diana Matei\" \/>\n<meta name=\"twitter:card\" content=\"summary_large_image\" \/>\n<meta name=\"twitter:label1\" content=\"Written by\" \/>\n\t<meta name=\"twitter:data1\" content=\"Diana Matei\" \/>\n\t<meta name=\"twitter:label2\" content=\"Estimated reading time\" \/>\n\t<meta name=\"twitter:data2\" content=\"3 minutes\" \/>\n<script type=\"application\/ld+json\" class=\"yoast-schema-graph\">{\"@context\":\"https:\\\/\\\/schema.org\",\"@graph\":[{\"@type\":\"Article\",\"@id\":\"https:\\\/\\\/buletin.de\\\/bucuresti\\\/calea-victoriei-pietonala-in-primul-weekend-din-august\\\/#article\",\"isPartOf\":{\"@id\":\"https:\\\/\\\/buletin.de\\\/bucuresti\\\/calea-victoriei-pietonala-in-primul-weekend-din-august\\\/\"},\"author\":{\"name\":\"Diana Matei\",\"@id\":\"https:\\\/\\\/buletin.de\\\/bucuresti\\\/#\\\/schema\\\/person\\\/7e46040573290777280a0835d81ea4ea\"},\"headline\":\"Calea Victoriei, pietonal\u0103 \u00een primul weekend din august\",\"datePublished\":\"2023-08-04T09:05:52+00:00\",\"mainEntityOfPage\":{\"@id\":\"https:\\\/\\\/buletin.de\\\/bucuresti\\\/calea-victoriei-pietonala-in-primul-weekend-din-august\\\/\"},\"wordCount\":537,\"commentCount\":0,\"publisher\":{\"@id\":\"https:\\\/\\\/buletin.de\\\/bucuresti\\\/#organization\"},\"image\":{\"@id\":\"https:\\\/\\\/buletin.de\\\/bucuresti\\\/calea-victoriei-pietonala-in-primul-weekend-din-august\\\/#primaryimage\"},\"thumbnailUrl\":\"https:\\\/\\\/buletin.de\\\/bucuresti\\\/wp-content\\\/uploads\\\/img-1.jpg\",\"keywords\":[\"calea victoriei\",\"splaiul independentei\",\"strazi deschise\"],\"articleSection\":[\"\u0218tiri\"],\"inLanguage\":\"en-GB\",\"potentialAction\":[{\"@type\":\"CommentAction\",\"name\":\"Comment\",\"target\":[\"https:\\\/\\\/buletin.de\\\/bucuresti\\\/calea-victoriei-pietonala-in-primul-weekend-din-august\\\/#respond\"]}],\"copyrightYear\":\"2023\",\"copyrightHolder\":{\"@id\":\"https:\\\/\\\/buletin.de\\\/bucuresti\\\/#organization\"}},{\"@type\":\"WebPage\",\"@id\":\"https:\\\/\\\/buletin.de\\\/bucuresti\\\/calea-victoriei-pietonala-in-primul-weekend-din-august\\\/\",\"url\":\"https:\\\/\\\/buletin.de\\\/bucuresti\\\/calea-victoriei-pietonala-in-primul-weekend-din-august\\\/\",\"name\":\"Calea Victoriei, pietonal\u0103 \u00een primul weekend din august - Buletin de Bucure\u0219ti\",\"isPartOf\":{\"@id\":\"https:\\\/\\\/buletin.de\\\/bucuresti\\\/#website\"},\"primaryImageOfPage\":{\"@id\":\"https:\\\/\\\/buletin.de\\\/bucuresti\\\/calea-victoriei-pietonala-in-primul-weekend-din-august\\\/#primaryimage\"},\"image\":{\"@id\":\"https:\\\/\\\/buletin.de\\\/bucuresti\\\/calea-victoriei-pietonala-in-primul-weekend-din-august\\\/#primaryimage\"},\"thumbnailUrl\":\"https:\\\/\\\/buletin.de\\\/bucuresti\\\/wp-content\\\/uploads\\\/img-1.jpg\",\"datePublished\":\"2023-08-04T09:05:52+00:00\",\"breadcrumb\":{\"@id\":\"https:\\\/\\\/buletin.de\\\/bucuresti\\\/calea-victoriei-pietonala-in-primul-weekend-din-august\\\/#breadcrumb\"},\"inLanguage\":\"en-GB\",\"potentialAction\":[{\"@type\":\"ReadAction\",\"target\":[\"https:\\\/\\\/buletin.de\\\/bucuresti\\\/calea-victoriei-pietonala-in-primul-weekend-din-august\\\/\"]}]},{\"@type\":\"ImageObject\",\"inLanguage\":\"en-GB\",\"@id\":\"https:\\\/\\\/buletin.de\\\/bucuresti\\\/calea-victoriei-pietonala-in-primul-weekend-din-august\\\/#primaryimage\",\"url\":\"https:\\\/\\\/buletin.de\\\/bucuresti\\\/wp-content\\\/uploads\\\/img-1.jpg\",\"contentUrl\":\"https:\\\/\\\/buletin.de\\\/bucuresti\\\/wp-content\\\/uploads\\\/img-1.jpg\",\"width\":1600,\"height\":1067},{\"@type\":\"BreadcrumbList\",\"@id\":\"https:\\\/\\\/buletin.de\\\/bucuresti\\\/calea-victoriei-pietonala-in-primul-weekend-din-august\\\/#breadcrumb\",\"itemListElement\":[{\"@type\":\"ListItem\",\"position\":1,\"name\":\"Acas\u0103\",\"item\":\"https:\\\/\\\/buletin.de\\\/bucuresti\\\/\"},{\"@type\":\"ListItem\",\"position\":2,\"name\":\"Calea Victoriei, pietonal\u0103 \u00een primul weekend din august\"}]},{\"@type\":\"WebSite\",\"@id\":\"https:\\\/\\\/buletin.de\\\/bucuresti\\\/#website\",\"url\":\"https:\\\/\\\/buletin.de\\\/bucuresti\\\/\",\"name\":\"Buletin de Bucure\u0219ti\",\"description\":\"\u0218tiri \u0219i investiga\u021bii esen\u021biale din capital\u0103\",\"publisher\":{\"@id\":\"https:\\\/\\\/buletin.de\\\/bucuresti\\\/#organization\"},\"potentialAction\":[{\"@type\":\"SearchAction\",\"target\":{\"@type\":\"EntryPoint\",\"urlTemplate\":\"https:\\\/\\\/buletin.de\\\/bucuresti\\\/?s={search_term_string}\"},\"query-input\":{\"@type\":\"PropertyValueSpecification\",\"valueRequired\":true,\"valueName\":\"search_term_string\"}}],\"inLanguage\":\"en-GB\"},{\"@type\":\"Organization\",\"@id\":\"https:\\\/\\\/buletin.de\\\/bucuresti\\\/#organization\",\"name\":\"Buletin de Bucure\u0219ti\",\"url\":\"https:\\\/\\\/buletin.de\\\/bucuresti\\\/\",\"logo\":{\"@type\":\"ImageObject\",\"inLanguage\":\"en-GB\",\"@id\":\"https:\\\/\\\/buletin.de\\\/bucuresti\\\/#\\\/schema\\\/logo\\\/image\\\/\",\"url\":\"https:\\\/\\\/buletin.de\\\/bucuresti\\\/wp-content\\\/uploads\\\/logo-bdb-full-wide-vernil-transparent.png\",\"contentUrl\":\"https:\\\/\\\/buletin.de\\\/bucuresti\\\/wp-content\\\/uploads\\\/logo-bdb-full-wide-vernil-transparent.png\",\"width\":1782,\"height\":626,\"caption\":\"Buletin de Bucure\u0219ti\"},\"image\":{\"@id\":\"https:\\\/\\\/buletin.de\\\/bucuresti\\\/#\\\/schema\\\/logo\\\/image\\\/\"},\"sameAs\":[\"https:\\\/\\\/www.facebook.com\\\/buletin.de.buc\",\"https:\\\/\\\/www.instagram.com\\\/buletinde.bucuresti\\\/\"]},{\"@type\":\"Person\",\"@id\":\"https:\\\/\\\/buletin.de\\\/bucuresti\\\/#\\\/schema\\\/person\\\/7e46040573290777280a0835d81ea4ea\",\"name\":\"Diana Matei\",\"image\":{\"@type\":\"ImageObject\",\"inLanguage\":\"en-GB\",\"@id\":\"https:\\\/\\\/buletin.de\\\/bucuresti\\\/wp-content\\\/uploads\\\/9-2-96x96.jpg1e8590b30871d70e62ebcdaf2eff570c\",\"url\":\"https:\\\/\\\/buletin.de\\\/bucuresti\\\/wp-content\\\/uploads\\\/9-2-96x96.jpg\",\"contentUrl\":\"https:\\\/\\\/buletin.de\\\/bucuresti\\\/wp-content\\\/uploads\\\/9-2-96x96.jpg\",\"caption\":\"Diana Matei\"},\"url\":\"https:\\\/\\\/buletin.de\\\/bucuresti\\\/author\\\/dianamatei\\\/\"}]}<\/script>\n<!-- \/ Yoast SEO Premium plugin. -->","yoast_head_json":{"title":"Calea Victoriei, pietonal\u0103 \u00een primul weekend din august - Buletin de Bucure\u0219ti","robots":{"index":"index","follow":"follow","max-snippet":"max-snippet:-1","max-image-preview":"max-image-preview:large","max-video-preview":"max-video-preview:-1"},"canonical":"https:\/\/buletin.de\/bucuresti\/calea-victoriei-pietonala-in-primul-weekend-din-august\/","og_locale":"en_GB","og_type":"article","og_title":"Calea Victoriei, pietonal\u0103 \u00een primul weekend din august","og_description":"Calea Victoriei devine pietonal\u0103 \u0219i \u00een primul weekend din luna august. Proiectul \u201eStr\u0103zi deschise \u2013 Bucure\u0219ti\u201d aduce expozi\u021bii de pictur\u0103, spectacole de teatru \u0219i ateliere de lectur\u0103. Calea Victoriei , \u00eentre Pia\u021ba Victoriei \u0219i Splaiul Independen\u021bei, devine pietonal\u0103 pe 5 \u0219i 6 august, \u00eentre orele 09:00 \u2013 22:00. Proiectul este organizat de Prim\u0103ria Capitalei, prin [&hellip;]","og_url":"https:\/\/buletin.de\/bucuresti\/calea-victoriei-pietonala-in-primul-weekend-din-august\/","og_site_name":"Buletin de Bucure\u0219ti","article_publisher":"https:\/\/www.facebook.com\/buletin.de.buc","article_published_time":"2023-08-04T09:05:52+00:00","og_image":[{"width":1600,"height":1067,"url":"https:\/\/buletin.de\/bucuresti\/wp-content\/uploads\/img-1.jpg","type":"image\/jpeg"}],"author":"Diana Matei","twitter_card":"summary_large_image","twitter_misc":{"Written by":"Diana Matei","Estimated reading time":"3 minutes"},"schema":{"@context":"https:\/\/schema.org","@graph":[{"@type":"Article","@id":"https:\/\/buletin.de\/bucuresti\/calea-victoriei-pietonala-in-primul-weekend-din-august\/#article","isPartOf":{"@id":"https:\/\/buletin.de\/bucuresti\/calea-victoriei-pietonala-in-primul-weekend-din-august\/"},"author":{"name":"Diana Matei","@id":"https:\/\/buletin.de\/bucuresti\/#\/schema\/person\/7e46040573290777280a0835d81ea4ea"},"headline":"Calea Victoriei, pietonal\u0103 \u00een primul weekend din august","datePublished":"2023-08-04T09:05:52+00:00","mainEntityOfPage":{"@id":"https:\/\/buletin.de\/bucuresti\/calea-victoriei-pietonala-in-primul-weekend-din-august\/"},"wordCount":537,"commentCount":0,"publisher":{"@id":"https:\/\/buletin.de\/bucuresti\/#organization"},"image":{"@id":"https:\/\/buletin.de\/bucuresti\/calea-victoriei-pietonala-in-primul-weekend-din-august\/#primaryimage"},"thumbnailUrl":"https:\/\/buletin.de\/bucuresti\/wp-content\/uploads\/img-1.jpg","keywords":["calea victoriei","splaiul independentei","strazi deschise"],"articleSection":["\u0218tiri"],"inLanguage":"en-GB","potentialAction":[{"@type":"CommentAction","name":"Comment","target":["https:\/\/buletin.de\/bucuresti\/calea-victoriei-pietonala-in-primul-weekend-din-august\/#respond"]}],"copyrightYear":"2023","copyrightHolder":{"@id":"https:\/\/buletin.de\/bucuresti\/#organization"}},{"@type":"WebPage","@id":"https:\/\/buletin.de\/bucuresti\/calea-victoriei-pietonala-in-primul-weekend-din-august\/","url":"https:\/\/buletin.de\/bucuresti\/calea-victoriei-pietonala-in-primul-weekend-din-august\/","name":"Calea Victoriei, pietonal\u0103 \u00een primul weekend din august - Buletin de Bucure\u0219ti","isPartOf":{"@id":"https:\/\/buletin.de\/bucuresti\/#website"},"primaryImageOfPage":{"@id":"https:\/\/buletin.de\/bucuresti\/calea-victoriei-pietonala-in-primul-weekend-din-august\/#primaryimage"},"image":{"@id":"https:\/\/buletin.de\/bucuresti\/calea-victoriei-pietonala-in-primul-weekend-din-august\/#primaryimage"},"thumbnailUrl":"https:\/\/buletin.de\/bucuresti\/wp-content\/uploads\/img-1.jpg","datePublished":"2023-08-04T09:05:52+00:00","breadcrumb":{"@id":"https:\/\/buletin.de\/bucuresti\/calea-victoriei-pietonala-in-primul-weekend-din-august\/#breadcrumb"},"inLanguage":"en-GB","potentialAction":[{"@type":"ReadAction","target":["https:\/\/buletin.de\/bucuresti\/calea-victoriei-pietonala-in-primul-weekend-din-august\/"]}]},{"@type":"ImageObject","inLanguage":"en-GB","@id":"https:\/\/buletin.de\/bucuresti\/calea-victoriei-pietonala-in-primul-weekend-din-august\/#primaryimage","url":"https:\/\/buletin.de\/bucuresti\/wp-content\/uploads\/img-1.jpg","contentUrl":"https:\/\/buletin.de\/bucuresti\/wp-content\/uploads\/img-1.jpg","width":1600,"height":1067},{"@type":"BreadcrumbList","@id":"https:\/\/buletin.de\/bucuresti\/calea-victoriei-pietonala-in-primul-weekend-din-august\/#breadcrumb","itemListElement":[{"@type":"ListItem","position":1,"name":"Acas\u0103","item":"https:\/\/buletin.de\/bucuresti\/"},{"@type":"ListItem","position":2,"name":"Calea Victoriei, pietonal\u0103 \u00een primul weekend din august"}]},{"@type":"WebSite","@id":"https:\/\/buletin.de\/bucuresti\/#website","url":"https:\/\/buletin.de\/bucuresti\/","name":"Buletin de Bucure\u0219ti","description":"\u0218tiri \u0219i investiga\u021bii esen\u021biale din capital\u0103","publisher":{"@id":"https:\/\/buletin.de\/bucuresti\/#organization"},"potentialAction":[{"@type":"SearchAction","target":{"@type":"EntryPoint","urlTemplate":"https:\/\/buletin.de\/bucuresti\/?s={search_term_string}"},"query-input":{"@type":"PropertyValueSpecification","valueRequired":true,"valueName":"search_term_string"}}],"inLanguage":"en-GB"},{"@type":"Organization","@id":"https:\/\/buletin.de\/bucuresti\/#organization","name":"Buletin de Bucure\u0219ti","url":"https:\/\/buletin.de\/bucuresti\/","logo":{"@type":"ImageObject","inLanguage":"en-GB","@id":"https:\/\/buletin.de\/bucuresti\/#\/schema\/logo\/image\/","url":"https:\/\/buletin.de\/bucuresti\/wp-content\/uploads\/logo-bdb-full-wide-vernil-transparent.png","contentUrl":"https:\/\/buletin.de\/bucuresti\/wp-content\/uploads\/logo-bdb-full-wide-vernil-transparent.png","width":1782,"height":626,"caption":"Buletin de Bucure\u0219ti"},"image":{"@id":"https:\/\/buletin.de\/bucuresti\/#\/schema\/logo\/image\/"},"sameAs":["https:\/\/www.facebook.com\/buletin.de.buc","https:\/\/www.instagram.com\/buletinde.bucuresti\/"]},{"@type":"Person","@id":"https:\/\/buletin.de\/bucuresti\/#\/schema\/person\/7e46040573290777280a0835d81ea4ea","name":"Diana Matei","image":{"@type":"ImageObject","inLanguage":"en-GB","@id":"https:\/\/buletin.de\/bucuresti\/wp-content\/uploads\/9-2-96x96.jpg1e8590b30871d70e62ebcdaf2eff570c","url":"https:\/\/buletin.de\/bucuresti\/wp-content\/uploads\/9-2-96x96.jpg","contentUrl":"https:\/\/buletin.de\/bucuresti\/wp-content\/uploads\/9-2-96x96.jpg","caption":"Diana Matei"},"url":"https:\/\/buletin.de\/bucuresti\/author\/dianamatei\/"}]}},"authors":[{"term_id":22574,"user_id":49,"is_guest":0,"slug":"dianamatei","display_name":"Diana Matei","avatar_url":"https:\/\/buletin.de\/bucuresti\/wp-content\/uploads\/9-2-96x96.jpg","0":null,"1":"","2":"","3":"","4":"","5":"","6":"","7":"","8":""}],"_links":{"self":[{"href":"https:\/\/buletin.de\/bucuresti\/wp-json\/wp\/v2\/posts\/61688","targetHints":{"allow":["GET"]}}],"collection":[{"href":"https:\/\/buletin.de\/bucuresti\/wp-json\/wp\/v2\/posts"}],"about":[{"href":"https:\/\/buletin.de\/bucuresti\/wp-json\/wp\/v2\/types\/post"}],"author":[{"embeddable":true,"href":"https:\/\/buletin.de\/bucuresti\/wp-json\/wp\/v2\/users\/49"}],"replies":[{"embeddable":true,"href":"https:\/\/buletin.de\/bucuresti\/wp-json\/wp\/v2\/comments?post=61688"}],"version-history":[{"count":0,"href":"https:\/\/buletin.de\/bucuresti\/wp-json\/wp\/v2\/posts\/61688\/revisions"}],"wp:featuredmedia":[{"embeddable":true,"href":"https:\/\/buletin.de\/bucuresti\/wp-json\/wp\/v2\/media\/60923"}],"wp:attachment":[{"href":"https:\/\/buletin.de\/bucuresti\/wp-json\/wp\/v2\/media?parent=61688"}],"wp:term":[{"taxonomy":"category","embeddable":true,"href":"https:\/\/buletin.de\/bucuresti\/wp-json\/wp\/v2\/categories?post=61688"},{"taxonomy":"post_tag","embeddable":true,"href":"https:\/\/buletin.de\/bucuresti\/wp-json\/wp\/v2\/tags?post=61688"},{"taxonomy":"author","embeddable":true,"href":"https:\/\/buletin.de\/bucuresti\/wp-json\/wp\/v2\/ppma_author?post=61688"}],"curies":[{"name":"wp","href":"https:\/\/api.w.org\/{rel}","templated":true}]}}