{"id":61674,"date":"2023-08-04T09:58:08","date_gmt":"2023-08-04T07:58:08","guid":{"rendered":"https:\/\/buletin.de\/bucuresti\/doar-doua-trenuri-in-cea-mai-noua-statie-cfr-din-bucuresti\/"},"modified":"2023-08-04T09:58:08","modified_gmt":"2023-08-04T07:58:08","slug":"doar-doua-trenuri-in-cea-mai-noua-statie-cfr-din-bucuresti","status":"publish","type":"post","link":"https:\/\/buletin.de\/bucuresti\/doar-doua-trenuri-in-cea-mai-noua-statie-cfr-din-bucuresti\/","title":{"rendered":"Doar dou\u0103 trenuri \u00een cea mai nou\u0103 sta\u021bie CFR din Bucure\u0219ti"},"content":{"rendered":"\n<p><strong>Un racord feroviar, nefolosit de mai bine de zece ani, a fost inaugurat pe 1 august. Lucrarea era gata de ceva vreme, inclusiv peronul nou construit de la Sta\u021bia CF Pantelimon Vest Dragonul Ro\u0219u, scrie <a href=\"https:\/\/clubferoviar.ro\/cea-mai-noua-statie-cf-din-bucuresti\/\">Club Feroviar.<\/a> Trenurile au \u00eenceput s\u0103 circule pe ruta direct\u0103 \u0219i, \u00een acest fel, s-a eliminat ocolul p\u00e2n\u0103 \u00een sta\u021bia Pantelimon pe Magistrala 800 \u0219i rebrusarea de acolo. <\/strong><\/p>\n\n\n\n<p>Durata\u00a0c\u0103l\u0103toriei \u00eentre Gara de Nord \u0219i Gara Obor a sc\u0103zut de la 50 la 29 de minute. Este, \u00eens\u0103, singura veste bun\u0103 pentru c\u0103, pe racordul reparat, circul\u0103 doar dou\u0103 trenuri pe zi \u0219i acelea \u00eent\u00e2rzie.<\/p>\n\n\n\n<p>Potrivit <a href=\"https:\/\/clubferoviar.ro\/cea-mai-noua-statie-cf-din-bucuresti\/\">Club Feroviar<\/a>, p\u00e2n\u0103 acum trei zile, ruta Bucure\u0219ti Nord-Bucure\u0219ti B\u0103neasa-Bucure\u0219ti Obor, unul dintre primele tronsoane ale trenului metropolitan Bucure\u0219ti, era parcurs\u0103 \u00een 50 de minute. Proiectul trenului metropolitan a fost lansat de primarul general Nicu\u0219or Dan \u0219i este derulat de Asocia\u021bia de Dezvoltare Intercomunitar\u0103 pentru Transport Public Bucure\u0219ti-Ilfov (TPBI).<\/p>\n\n\n\n<p>\u00cen loc s\u0103 fac\u0103 dreapta spre Gara Obor, trenurile se duceau \u00eenainte p\u00e2n\u0103 \u00een sta\u021bia Pantelimon de pe Magistrala 800 Bucure\u0219ti-Constan\u021ba, unde\u00a0 schimbau locomotiva dintr-un cap\u0103t \u00een cel\u0103lalt al garniturii. Manevra dura 15 minute \u0219i era necesar\u0103 pentru c\u0103 racordul direct \u00eentre Magistrala 800, sensul spre Constan\u021ba, \u0219i Gara Obor nu mai era utilizat din 2011.<\/p>\n\n\n\n<p>\u00cen luna mai a anului trecut,&nbsp;Regionala Bucure\u0219ti a CFR SA a lansat o licita\u021bie pentru repararea a patru loturi feroviare. Printre ele se afla  \u0219i \u201dLinia 301 S Racord Bucure\u0219ti Obor-Bucure\u0219ti B\u0103neasa\u201d, dup\u0103 cum a scris la vremea respectiv\u0103 Club Feroviar. <\/p>\n\n\n\n<p>Contractul, \u00een valoare de 1.186.323,29 lei,a fost c\u00e2\u0219tigat de Antrepriza de Construc\u021bii C\u0103i Ferate iar responsabilii Companiei Na\u021bionale de C\u0103i Ferate CFR SA precizau pentru Club Feroviar c\u0103 data estimat\u0103 pentru finalizare \u0219i redeschiderea circula\u021biei este 30 aprilie 2023. <\/p>\n\n\n\n<p>Cite\u0219te articolul integral pe <strong><a href=\"https:\/\/clubferoviar.ro\/cea-mai-noua-statie-cf-din-bucuresti\/\">Club Feroviar.<\/a><\/strong> <\/p>\n","protected":false},"excerpt":{"rendered":"<p>Un racord feroviar, nefolosit de mai bine de zece ani, a fost inaugurat pe 1 august. Lucrarea era gata de ceva vreme, inclusiv peronul nou construit de la Sta\u021bia CF Pantelimon Vest Dragonul Ro\u0219u, scrie Club Feroviar. Trenurile au \u00eenceput s\u0103 circule pe ruta direct\u0103 \u0219i, \u00een acest fel, s-a eliminat ocolul p\u00e2n\u0103 \u00een sta\u021bia [&hellip;]<\/p>\n","protected":false},"author":49,"featured_media":61675,"comment_status":"open","ping_status":"open","sticky":false,"template":"","format":"standard","meta":{"_acf_changed":false,"inline_featured_image":false,"ngg_post_thumbnail":0,"footnotes":""},"categories":[650],"tags":[4383,6580,1545],"ppma_author":[22574],"class_list":["post-61674","post","type-post","status-publish","format-standard","has-post-thumbnail","hentry","category-transport","tag-cfr-calatori","tag-dragonul-rosu","tag-pantelimon"],"acf":[],"yoast_head":"<!-- This site is optimized with the Yoast SEO Premium plugin v25.3 (Yoast SEO v27.4) - https:\/\/yoast.com\/product\/yoast-seo-premium-wordpress\/ -->\n<title>Doar dou\u0103 trenuri \u00een cea mai nou\u0103 sta\u021bie CFR din Bucure\u0219ti - Buletin de Bucure\u0219ti<\/title>\n<meta name=\"robots\" content=\"index, follow, max-snippet:-1, max-image-preview:large, max-video-preview:-1\" \/>\n<link rel=\"canonical\" href=\"https:\/\/buletin.de\/bucuresti\/doar-doua-trenuri-in-cea-mai-noua-statie-cfr-din-bucuresti\/\" \/>\n<meta property=\"og:locale\" content=\"en_GB\" \/>\n<meta property=\"og:type\" content=\"article\" \/>\n<meta property=\"og:title\" content=\"Doar dou\u0103 trenuri \u00een cea mai nou\u0103 sta\u021bie CFR din Bucure\u0219ti\" \/>\n<meta property=\"og:description\" content=\"Un racord feroviar, nefolosit de mai bine de zece ani, a fost inaugurat pe 1 august. Lucrarea era gata de ceva vreme, inclusiv peronul nou construit de la Sta\u021bia CF Pantelimon Vest Dragonul Ro\u0219u, scrie Club Feroviar. Trenurile au \u00eenceput s\u0103 circule pe ruta direct\u0103 \u0219i, \u00een acest fel, s-a eliminat ocolul p\u00e2n\u0103 \u00een sta\u021bia [&hellip;]\" \/>\n<meta property=\"og:url\" content=\"https:\/\/buletin.de\/bucuresti\/doar-doua-trenuri-in-cea-mai-noua-statie-cfr-din-bucuresti\/\" \/>\n<meta property=\"og:site_name\" content=\"Buletin de Bucure\u0219ti\" \/>\n<meta property=\"article:publisher\" content=\"https:\/\/www.facebook.com\/buletin.de.buc\" \/>\n<meta property=\"article:published_time\" content=\"2023-08-04T07:58:08+00:00\" \/>\n<meta property=\"og:image\" content=\"https:\/\/buletin.de\/bucuresti\/wp-content\/uploads\/Pantelimon-Vest-8-scaled-1.jpeg\" \/>\n\t<meta property=\"og:image:width\" content=\"2000\" \/>\n\t<meta property=\"og:image:height\" content=\"2000\" \/>\n\t<meta property=\"og:image:type\" content=\"image\/jpeg\" \/>\n<meta name=\"author\" content=\"Diana Matei\" \/>\n<meta name=\"twitter:card\" content=\"summary_large_image\" \/>\n<meta name=\"twitter:label1\" content=\"Written by\" \/>\n\t<meta name=\"twitter:data1\" content=\"Diana Matei\" \/>\n\t<meta name=\"twitter:label2\" content=\"Estimated reading time\" \/>\n\t<meta name=\"twitter:data2\" content=\"2 minutes\" \/>\n<script type=\"application\/ld+json\" class=\"yoast-schema-graph\">{\"@context\":\"https:\\\/\\\/schema.org\",\"@graph\":[{\"@type\":\"Article\",\"@id\":\"https:\\\/\\\/buletin.de\\\/bucuresti\\\/doar-doua-trenuri-in-cea-mai-noua-statie-cfr-din-bucuresti\\\/#article\",\"isPartOf\":{\"@id\":\"https:\\\/\\\/buletin.de\\\/bucuresti\\\/doar-doua-trenuri-in-cea-mai-noua-statie-cfr-din-bucuresti\\\/\"},\"author\":{\"name\":\"Diana Matei\",\"@id\":\"https:\\\/\\\/buletin.de\\\/bucuresti\\\/#\\\/schema\\\/person\\\/7e46040573290777280a0835d81ea4ea\"},\"headline\":\"Doar dou\u0103 trenuri \u00een cea mai nou\u0103 sta\u021bie CFR din Bucure\u0219ti\",\"datePublished\":\"2023-08-04T07:58:08+00:00\",\"mainEntityOfPage\":{\"@id\":\"https:\\\/\\\/buletin.de\\\/bucuresti\\\/doar-doua-trenuri-in-cea-mai-noua-statie-cfr-din-bucuresti\\\/\"},\"wordCount\":331,\"commentCount\":0,\"publisher\":{\"@id\":\"https:\\\/\\\/buletin.de\\\/bucuresti\\\/#organization\"},\"image\":{\"@id\":\"https:\\\/\\\/buletin.de\\\/bucuresti\\\/doar-doua-trenuri-in-cea-mai-noua-statie-cfr-din-bucuresti\\\/#primaryimage\"},\"thumbnailUrl\":\"https:\\\/\\\/buletin.de\\\/bucuresti\\\/wp-content\\\/uploads\\\/Pantelimon-Vest-8-scaled-1.jpeg\",\"keywords\":[\"CFR C\u0103l\u0103tori\",\"dragonul rosu\",\"Pantelimon\"],\"articleSection\":[\"Transport\"],\"inLanguage\":\"en-GB\",\"potentialAction\":[{\"@type\":\"CommentAction\",\"name\":\"Comment\",\"target\":[\"https:\\\/\\\/buletin.de\\\/bucuresti\\\/doar-doua-trenuri-in-cea-mai-noua-statie-cfr-din-bucuresti\\\/#respond\"]}],\"copyrightYear\":\"2023\",\"copyrightHolder\":{\"@id\":\"https:\\\/\\\/buletin.de\\\/bucuresti\\\/#organization\"}},{\"@type\":\"WebPage\",\"@id\":\"https:\\\/\\\/buletin.de\\\/bucuresti\\\/doar-doua-trenuri-in-cea-mai-noua-statie-cfr-din-bucuresti\\\/\",\"url\":\"https:\\\/\\\/buletin.de\\\/bucuresti\\\/doar-doua-trenuri-in-cea-mai-noua-statie-cfr-din-bucuresti\\\/\",\"name\":\"Doar dou\u0103 trenuri \u00een cea mai nou\u0103 sta\u021bie CFR din Bucure\u0219ti - Buletin de Bucure\u0219ti\",\"isPartOf\":{\"@id\":\"https:\\\/\\\/buletin.de\\\/bucuresti\\\/#website\"},\"primaryImageOfPage\":{\"@id\":\"https:\\\/\\\/buletin.de\\\/bucuresti\\\/doar-doua-trenuri-in-cea-mai-noua-statie-cfr-din-bucuresti\\\/#primaryimage\"},\"image\":{\"@id\":\"https:\\\/\\\/buletin.de\\\/bucuresti\\\/doar-doua-trenuri-in-cea-mai-noua-statie-cfr-din-bucuresti\\\/#primaryimage\"},\"thumbnailUrl\":\"https:\\\/\\\/buletin.de\\\/bucuresti\\\/wp-content\\\/uploads\\\/Pantelimon-Vest-8-scaled-1.jpeg\",\"datePublished\":\"2023-08-04T07:58:08+00:00\",\"breadcrumb\":{\"@id\":\"https:\\\/\\\/buletin.de\\\/bucuresti\\\/doar-doua-trenuri-in-cea-mai-noua-statie-cfr-din-bucuresti\\\/#breadcrumb\"},\"inLanguage\":\"en-GB\",\"potentialAction\":[{\"@type\":\"ReadAction\",\"target\":[\"https:\\\/\\\/buletin.de\\\/bucuresti\\\/doar-doua-trenuri-in-cea-mai-noua-statie-cfr-din-bucuresti\\\/\"]}]},{\"@type\":\"ImageObject\",\"inLanguage\":\"en-GB\",\"@id\":\"https:\\\/\\\/buletin.de\\\/bucuresti\\\/doar-doua-trenuri-in-cea-mai-noua-statie-cfr-din-bucuresti\\\/#primaryimage\",\"url\":\"https:\\\/\\\/buletin.de\\\/bucuresti\\\/wp-content\\\/uploads\\\/Pantelimon-Vest-8-scaled-1.jpeg\",\"contentUrl\":\"https:\\\/\\\/buletin.de\\\/bucuresti\\\/wp-content\\\/uploads\\\/Pantelimon-Vest-8-scaled-1.jpeg\",\"width\":2000,\"height\":2000},{\"@type\":\"BreadcrumbList\",\"@id\":\"https:\\\/\\\/buletin.de\\\/bucuresti\\\/doar-doua-trenuri-in-cea-mai-noua-statie-cfr-din-bucuresti\\\/#breadcrumb\",\"itemListElement\":[{\"@type\":\"ListItem\",\"position\":1,\"name\":\"Acas\u0103\",\"item\":\"https:\\\/\\\/buletin.de\\\/bucuresti\\\/\"},{\"@type\":\"ListItem\",\"position\":2,\"name\":\"Doar dou\u0103 trenuri \u00een cea mai nou\u0103 sta\u021bie CFR din Bucure\u0219ti\"}]},{\"@type\":\"WebSite\",\"@id\":\"https:\\\/\\\/buletin.de\\\/bucuresti\\\/#website\",\"url\":\"https:\\\/\\\/buletin.de\\\/bucuresti\\\/\",\"name\":\"Buletin de Bucure\u0219ti\",\"description\":\"\u0218tiri \u0219i investiga\u021bii esen\u021biale din capital\u0103\",\"publisher\":{\"@id\":\"https:\\\/\\\/buletin.de\\\/bucuresti\\\/#organization\"},\"potentialAction\":[{\"@type\":\"SearchAction\",\"target\":{\"@type\":\"EntryPoint\",\"urlTemplate\":\"https:\\\/\\\/buletin.de\\\/bucuresti\\\/?s={search_term_string}\"},\"query-input\":{\"@type\":\"PropertyValueSpecification\",\"valueRequired\":true,\"valueName\":\"search_term_string\"}}],\"inLanguage\":\"en-GB\"},{\"@type\":\"Organization\",\"@id\":\"https:\\\/\\\/buletin.de\\\/bucuresti\\\/#organization\",\"name\":\"Buletin de Bucure\u0219ti\",\"url\":\"https:\\\/\\\/buletin.de\\\/bucuresti\\\/\",\"logo\":{\"@type\":\"ImageObject\",\"inLanguage\":\"en-GB\",\"@id\":\"https:\\\/\\\/buletin.de\\\/bucuresti\\\/#\\\/schema\\\/logo\\\/image\\\/\",\"url\":\"https:\\\/\\\/buletin.de\\\/bucuresti\\\/wp-content\\\/uploads\\\/logo-bdb-full-wide-vernil-transparent.png\",\"contentUrl\":\"https:\\\/\\\/buletin.de\\\/bucuresti\\\/wp-content\\\/uploads\\\/logo-bdb-full-wide-vernil-transparent.png\",\"width\":1782,\"height\":626,\"caption\":\"Buletin de Bucure\u0219ti\"},\"image\":{\"@id\":\"https:\\\/\\\/buletin.de\\\/bucuresti\\\/#\\\/schema\\\/logo\\\/image\\\/\"},\"sameAs\":[\"https:\\\/\\\/www.facebook.com\\\/buletin.de.buc\",\"https:\\\/\\\/www.instagram.com\\\/buletinde.bucuresti\\\/\"]},{\"@type\":\"Person\",\"@id\":\"https:\\\/\\\/buletin.de\\\/bucuresti\\\/#\\\/schema\\\/person\\\/7e46040573290777280a0835d81ea4ea\",\"name\":\"Diana Matei\",\"image\":{\"@type\":\"ImageObject\",\"inLanguage\":\"en-GB\",\"@id\":\"https:\\\/\\\/buletin.de\\\/bucuresti\\\/wp-content\\\/uploads\\\/9-2-96x96.jpg1e8590b30871d70e62ebcdaf2eff570c\",\"url\":\"https:\\\/\\\/buletin.de\\\/bucuresti\\\/wp-content\\\/uploads\\\/9-2-96x96.jpg\",\"contentUrl\":\"https:\\\/\\\/buletin.de\\\/bucuresti\\\/wp-content\\\/uploads\\\/9-2-96x96.jpg\",\"caption\":\"Diana Matei\"},\"url\":\"https:\\\/\\\/buletin.de\\\/bucuresti\\\/author\\\/dianamatei\\\/\"}]}<\/script>\n<!-- \/ Yoast SEO Premium plugin. -->","yoast_head_json":{"title":"Doar dou\u0103 trenuri \u00een cea mai nou\u0103 sta\u021bie CFR din Bucure\u0219ti - Buletin de Bucure\u0219ti","robots":{"index":"index","follow":"follow","max-snippet":"max-snippet:-1","max-image-preview":"max-image-preview:large","max-video-preview":"max-video-preview:-1"},"canonical":"https:\/\/buletin.de\/bucuresti\/doar-doua-trenuri-in-cea-mai-noua-statie-cfr-din-bucuresti\/","og_locale":"en_GB","og_type":"article","og_title":"Doar dou\u0103 trenuri \u00een cea mai nou\u0103 sta\u021bie CFR din Bucure\u0219ti","og_description":"Un racord feroviar, nefolosit de mai bine de zece ani, a fost inaugurat pe 1 august. Lucrarea era gata de ceva vreme, inclusiv peronul nou construit de la Sta\u021bia CF Pantelimon Vest Dragonul Ro\u0219u, scrie Club Feroviar. Trenurile au \u00eenceput s\u0103 circule pe ruta direct\u0103 \u0219i, \u00een acest fel, s-a eliminat ocolul p\u00e2n\u0103 \u00een sta\u021bia [&hellip;]","og_url":"https:\/\/buletin.de\/bucuresti\/doar-doua-trenuri-in-cea-mai-noua-statie-cfr-din-bucuresti\/","og_site_name":"Buletin de Bucure\u0219ti","article_publisher":"https:\/\/www.facebook.com\/buletin.de.buc","article_published_time":"2023-08-04T07:58:08+00:00","og_image":[{"width":2000,"height":2000,"url":"https:\/\/buletin.de\/bucuresti\/wp-content\/uploads\/Pantelimon-Vest-8-scaled-1.jpeg","type":"image\/jpeg"}],"author":"Diana Matei","twitter_card":"summary_large_image","twitter_misc":{"Written by":"Diana Matei","Estimated reading time":"2 minutes"},"schema":{"@context":"https:\/\/schema.org","@graph":[{"@type":"Article","@id":"https:\/\/buletin.de\/bucuresti\/doar-doua-trenuri-in-cea-mai-noua-statie-cfr-din-bucuresti\/#article","isPartOf":{"@id":"https:\/\/buletin.de\/bucuresti\/doar-doua-trenuri-in-cea-mai-noua-statie-cfr-din-bucuresti\/"},"author":{"name":"Diana Matei","@id":"https:\/\/buletin.de\/bucuresti\/#\/schema\/person\/7e46040573290777280a0835d81ea4ea"},"headline":"Doar dou\u0103 trenuri \u00een cea mai nou\u0103 sta\u021bie CFR din Bucure\u0219ti","datePublished":"2023-08-04T07:58:08+00:00","mainEntityOfPage":{"@id":"https:\/\/buletin.de\/bucuresti\/doar-doua-trenuri-in-cea-mai-noua-statie-cfr-din-bucuresti\/"},"wordCount":331,"commentCount":0,"publisher":{"@id":"https:\/\/buletin.de\/bucuresti\/#organization"},"image":{"@id":"https:\/\/buletin.de\/bucuresti\/doar-doua-trenuri-in-cea-mai-noua-statie-cfr-din-bucuresti\/#primaryimage"},"thumbnailUrl":"https:\/\/buletin.de\/bucuresti\/wp-content\/uploads\/Pantelimon-Vest-8-scaled-1.jpeg","keywords":["CFR C\u0103l\u0103tori","dragonul rosu","Pantelimon"],"articleSection":["Transport"],"inLanguage":"en-GB","potentialAction":[{"@type":"CommentAction","name":"Comment","target":["https:\/\/buletin.de\/bucuresti\/doar-doua-trenuri-in-cea-mai-noua-statie-cfr-din-bucuresti\/#respond"]}],"copyrightYear":"2023","copyrightHolder":{"@id":"https:\/\/buletin.de\/bucuresti\/#organization"}},{"@type":"WebPage","@id":"https:\/\/buletin.de\/bucuresti\/doar-doua-trenuri-in-cea-mai-noua-statie-cfr-din-bucuresti\/","url":"https:\/\/buletin.de\/bucuresti\/doar-doua-trenuri-in-cea-mai-noua-statie-cfr-din-bucuresti\/","name":"Doar dou\u0103 trenuri \u00een cea mai nou\u0103 sta\u021bie CFR din Bucure\u0219ti - Buletin de Bucure\u0219ti","isPartOf":{"@id":"https:\/\/buletin.de\/bucuresti\/#website"},"primaryImageOfPage":{"@id":"https:\/\/buletin.de\/bucuresti\/doar-doua-trenuri-in-cea-mai-noua-statie-cfr-din-bucuresti\/#primaryimage"},"image":{"@id":"https:\/\/buletin.de\/bucuresti\/doar-doua-trenuri-in-cea-mai-noua-statie-cfr-din-bucuresti\/#primaryimage"},"thumbnailUrl":"https:\/\/buletin.de\/bucuresti\/wp-content\/uploads\/Pantelimon-Vest-8-scaled-1.jpeg","datePublished":"2023-08-04T07:58:08+00:00","breadcrumb":{"@id":"https:\/\/buletin.de\/bucuresti\/doar-doua-trenuri-in-cea-mai-noua-statie-cfr-din-bucuresti\/#breadcrumb"},"inLanguage":"en-GB","potentialAction":[{"@type":"ReadAction","target":["https:\/\/buletin.de\/bucuresti\/doar-doua-trenuri-in-cea-mai-noua-statie-cfr-din-bucuresti\/"]}]},{"@type":"ImageObject","inLanguage":"en-GB","@id":"https:\/\/buletin.de\/bucuresti\/doar-doua-trenuri-in-cea-mai-noua-statie-cfr-din-bucuresti\/#primaryimage","url":"https:\/\/buletin.de\/bucuresti\/wp-content\/uploads\/Pantelimon-Vest-8-scaled-1.jpeg","contentUrl":"https:\/\/buletin.de\/bucuresti\/wp-content\/uploads\/Pantelimon-Vest-8-scaled-1.jpeg","width":2000,"height":2000},{"@type":"BreadcrumbList","@id":"https:\/\/buletin.de\/bucuresti\/doar-doua-trenuri-in-cea-mai-noua-statie-cfr-din-bucuresti\/#breadcrumb","itemListElement":[{"@type":"ListItem","position":1,"name":"Acas\u0103","item":"https:\/\/buletin.de\/bucuresti\/"},{"@type":"ListItem","position":2,"name":"Doar dou\u0103 trenuri \u00een cea mai nou\u0103 sta\u021bie CFR din Bucure\u0219ti"}]},{"@type":"WebSite","@id":"https:\/\/buletin.de\/bucuresti\/#website","url":"https:\/\/buletin.de\/bucuresti\/","name":"Buletin de Bucure\u0219ti","description":"\u0218tiri \u0219i investiga\u021bii esen\u021biale din capital\u0103","publisher":{"@id":"https:\/\/buletin.de\/bucuresti\/#organization"},"potentialAction":[{"@type":"SearchAction","target":{"@type":"EntryPoint","urlTemplate":"https:\/\/buletin.de\/bucuresti\/?s={search_term_string}"},"query-input":{"@type":"PropertyValueSpecification","valueRequired":true,"valueName":"search_term_string"}}],"inLanguage":"en-GB"},{"@type":"Organization","@id":"https:\/\/buletin.de\/bucuresti\/#organization","name":"Buletin de Bucure\u0219ti","url":"https:\/\/buletin.de\/bucuresti\/","logo":{"@type":"ImageObject","inLanguage":"en-GB","@id":"https:\/\/buletin.de\/bucuresti\/#\/schema\/logo\/image\/","url":"https:\/\/buletin.de\/bucuresti\/wp-content\/uploads\/logo-bdb-full-wide-vernil-transparent.png","contentUrl":"https:\/\/buletin.de\/bucuresti\/wp-content\/uploads\/logo-bdb-full-wide-vernil-transparent.png","width":1782,"height":626,"caption":"Buletin de Bucure\u0219ti"},"image":{"@id":"https:\/\/buletin.de\/bucuresti\/#\/schema\/logo\/image\/"},"sameAs":["https:\/\/www.facebook.com\/buletin.de.buc","https:\/\/www.instagram.com\/buletinde.bucuresti\/"]},{"@type":"Person","@id":"https:\/\/buletin.de\/bucuresti\/#\/schema\/person\/7e46040573290777280a0835d81ea4ea","name":"Diana Matei","image":{"@type":"ImageObject","inLanguage":"en-GB","@id":"https:\/\/buletin.de\/bucuresti\/wp-content\/uploads\/9-2-96x96.jpg1e8590b30871d70e62ebcdaf2eff570c","url":"https:\/\/buletin.de\/bucuresti\/wp-content\/uploads\/9-2-96x96.jpg","contentUrl":"https:\/\/buletin.de\/bucuresti\/wp-content\/uploads\/9-2-96x96.jpg","caption":"Diana Matei"},"url":"https:\/\/buletin.de\/bucuresti\/author\/dianamatei\/"}]}},"authors":[{"term_id":22574,"user_id":49,"is_guest":0,"slug":"dianamatei","display_name":"Diana Matei","avatar_url":"https:\/\/buletin.de\/bucuresti\/wp-content\/uploads\/9-2-96x96.jpg","0":null,"1":"","2":"","3":"","4":"","5":"","6":"","7":"","8":""}],"_links":{"self":[{"href":"https:\/\/buletin.de\/bucuresti\/wp-json\/wp\/v2\/posts\/61674","targetHints":{"allow":["GET"]}}],"collection":[{"href":"https:\/\/buletin.de\/bucuresti\/wp-json\/wp\/v2\/posts"}],"about":[{"href":"https:\/\/buletin.de\/bucuresti\/wp-json\/wp\/v2\/types\/post"}],"author":[{"embeddable":true,"href":"https:\/\/buletin.de\/bucuresti\/wp-json\/wp\/v2\/users\/49"}],"replies":[{"embeddable":true,"href":"https:\/\/buletin.de\/bucuresti\/wp-json\/wp\/v2\/comments?post=61674"}],"version-history":[{"count":0,"href":"https:\/\/buletin.de\/bucuresti\/wp-json\/wp\/v2\/posts\/61674\/revisions"}],"wp:featuredmedia":[{"embeddable":true,"href":"https:\/\/buletin.de\/bucuresti\/wp-json\/wp\/v2\/media\/61675"}],"wp:attachment":[{"href":"https:\/\/buletin.de\/bucuresti\/wp-json\/wp\/v2\/media?parent=61674"}],"wp:term":[{"taxonomy":"category","embeddable":true,"href":"https:\/\/buletin.de\/bucuresti\/wp-json\/wp\/v2\/categories?post=61674"},{"taxonomy":"post_tag","embeddable":true,"href":"https:\/\/buletin.de\/bucuresti\/wp-json\/wp\/v2\/tags?post=61674"},{"taxonomy":"author","embeddable":true,"href":"https:\/\/buletin.de\/bucuresti\/wp-json\/wp\/v2\/ppma_author?post=61674"}],"curies":[{"name":"wp","href":"https:\/\/api.w.org\/{rel}","templated":true}]}}