{"id":61594,"date":"2023-08-01T09:21:03","date_gmt":"2023-08-01T07:21:03","guid":{"rendered":"https:\/\/buletin.de\/bucuresti\/primaria-capitalei-cumpara-inca-250-de-tramvaie-2\/"},"modified":"2023-08-01T09:21:03","modified_gmt":"2023-08-01T07:21:03","slug":"primaria-capitalei-cumpara-inca-250-de-tramvaie-2","status":"publish","type":"post","link":"https:\/\/buletin.de\/bucuresti\/primaria-capitalei-cumpara-inca-250-de-tramvaie-2\/","title":{"rendered":"Prim\u0103ria Capitalei cump\u0103r\u0103 \u00eenc\u0103 250 de tramvaie"},"content":{"rendered":"\n<p><strong>Consiliul General al Municipiului Bucure\u0219ti (CGMB) a aprobat un studiu de oportunitate privind achizi\u021bionarea a \u00eenc\u0103 250 de tramvaie noi. Acestea urmeaz\u0103 s\u0103 completeze flota din care fac parte deja 100 de tramvaie Imperio, contractate de la Astra Vagoane Arad.<\/strong><\/p>\n\n\n\n<p>Studiul de oportunitate aprobat de CGMB recomand\u0103 achizi\u021bionarea a 100 de tramvaie de dimensiuni mici (27 de metri), 100 de garnituri de dimensiuni medii (36 metri) \u0219i 50 de tramvaie de mari dimensiuni (46 metri).<\/p>\n\n\n\n<p>Dintre acestea, 10 tramvaie ar urma s\u0103 fie bidirec\u021bionale (deci s\u0103 poat\u0103 circula \u00een ambele direc\u021bii, f\u0103r\u0103 s\u0103 \u00eentoarc\u0103), iar restul 240 s\u0103 aib\u0103 doar un singur punct de comand\u0103.<\/p>\n\n\n\n<p>Toate tramvaiele noi ar trebui s\u0103 fie dotate cu de sistem de climatizare \u0219i rampe de acces pentru persoanele cu dizabilit\u0103\u021bi. <\/p>\n\n\n\n<p>Investi\u021bia estimat\u0103 este de peste 836 de milioane de euro (peste 4,1 miliarde de lei, f\u0103r\u0103 TVA), iar pentru ob\u021binerea fondurilor necesare, Municipalitatea va aplica pentru finan\u021bare prin Programul Opera\u021bional Regional 2021-2027.<\/p>\n\n\n\n<p>Pentru achizi\u021bia a 46 de tramvaie din gama de 27 m lungime, Prim\u0103ria Capitalei se afl\u0103 \u00een etapa de evaluare a proiectului depus pentru finan\u021bare prin PNRR. <\/p>\n\n\n\n<p>\u201eSunt optimist c\u0103 vom g\u0103si finan\u021barea din fonduri europene \u0219i din \u00eemprumuturi. Mul\u021bumesc ADI-ului de transport \u0219i STB-ului pentru studiu\u201d, a declarant primarul general al Capitalei, Nicu\u0219or Dan, citat de Ziua Cargo. <\/p>\n\n\n\n<p>\u00cen prezent, STB are 521 de tramvaie, inclusiv vagoanele utilitare, iar aproape 70% dintre acestea (348) au durata de exploatare dep\u0103\u0219it\u0103. Gradul de uzur\u0103 a tramvaielor \u0219i num\u0103rul tot mai mare al defec\u021biunilor \u00eenregistrate este invocat \u00een raportul de specialitate ce \u00eenso\u021be\u0219te proiectul de Hot\u0103r\u00e2re CGMB.<\/p>\n\n\n\n<p>\u201eNecesitatea tramvaielor noi este justificat\u0103 at\u00e2t de num\u0103rul de vehicule necesare pentru acoperirea cererii la orele de v\u00e2rf, c\u00e2t \u0219i de men\u021binerea unui num\u0103r de vehicule de rezerv\u0103 pentru situa\u021biile de for\u021b\u0103 major\u0103, defecte ale mijloacelor de transport \u00een traseu. De asemenea, tramvaiele din gama de 36 m, care circul\u0103 pe linia 41 de metrou u\u0219or \u0219i linia 25, au gradul IV de \u00eenc\u0103rcare, ceea ce \u00eenseamn\u0103 capacitatea maxim\u0103, circula\u021bia \u00een interiorul lor fiind foarte dificil\u0103, iar num\u0103rul de c\u0103l\u0103tori preconizat \u00een urm\u0103torii ani este \u00een continu\u0103 cre\u0219tere, datorit\u0103 investi\u021biilor \u00een transportul public\u201d, se arat\u0103 \u00een documentul votat de CGMB.<\/p>\n\n\n\n<p>Prim\u0103ria Capitalei a achizi\u021bionat deja 100 de tramvaie noi, de la Astra Arad, dintre care 40 au fost livrate \u0219i se afl\u0103 \u00een circula\u021bie pe mai multe trasee din Bucure\u0219ti.<\/p>\n\n\n\n<p>Cite\u0219te \u0219i: <\/p>\n\n\n\n<figure class=\"wp-block-embed is-type-wp-embed is-provider-buletin-de-bucure\u0219ti wp-block-embed-buletin-de-bucure\u0219ti\"><div class=\"wp-block-embed__wrapper\">\n<blockquote class=\"wp-embedded-content\" data-secret=\"ShAlJL0PuY\"><a href=\"https:\/\/buletin.de\/bucuresti\/12-tramvaie-imperio-vor-circula-pe-linia-32-incepand-de-miercuri\/\">12 tramvaie Imperio vor circula pe linia 32 \u00eencep\u00e2nd de miercuri<\/a><\/blockquote><iframe class=\"wp-embedded-content\" sandbox=\"allow-scripts\" security=\"restricted\" style=\"position: absolute; clip: rect(1px, 1px, 1px, 1px);\" title=\"&#8220;12 tramvaie Imperio vor circula pe linia 32 \u00eencep\u00e2nd de miercuri&#8221; &#8212; Buletin de Bucure\u0219ti\" src=\"https:\/\/buletin.de\/bucuresti\/12-tramvaie-imperio-vor-circula-pe-linia-32-incepand-de-miercuri\/embed\/#?secret=tPrr2AdCEv#?secret=ShAlJL0PuY\" data-secret=\"ShAlJL0PuY\" width=\"600\" height=\"338\" frameborder=\"0\" marginwidth=\"0\" marginheight=\"0\" scrolling=\"no\"><\/iframe>\n<\/div><\/figure>\n\n\n\n<figure class=\"wp-block-embed is-type-wp-embed is-provider-buletin-de-bucure\u0219ti wp-block-embed-buletin-de-bucure\u0219ti\"><div class=\"wp-block-embed__wrapper\">\n<blockquote class=\"wp-embedded-content\" data-secret=\"GMo70gvBos\"><a href=\"https:\/\/buletin.de\/bucuresti\/inca-doua-tramvaie-de-la-astra-arad-intra-pe-linia-10\/\">\u00cenc\u0103 dou\u0103 tramvaie de la Astra Arad intr\u0103 pe linia 10<\/a><\/blockquote><iframe class=\"wp-embedded-content\" sandbox=\"allow-scripts\" security=\"restricted\" style=\"position: absolute; clip: rect(1px, 1px, 1px, 1px);\" title=\"&#8220;\u00cenc\u0103 dou\u0103 tramvaie de la Astra Arad intr\u0103 pe linia 10&#8221; &#8212; Buletin de Bucure\u0219ti\" src=\"https:\/\/buletin.de\/bucuresti\/inca-doua-tramvaie-de-la-astra-arad-intra-pe-linia-10\/embed\/#?secret=Q3grL5OHne#?secret=GMo70gvBos\" data-secret=\"GMo70gvBos\" width=\"600\" height=\"338\" frameborder=\"0\" marginwidth=\"0\" marginheight=\"0\" scrolling=\"no\"><\/iframe>\n<\/div><\/figure>\n","protected":false},"excerpt":{"rendered":"<p>Consiliul General al Municipiului Bucure\u0219ti (CGMB) a aprobat un studiu de oportunitate privind achizi\u021bionarea a \u00eenc\u0103 250 de tramvaie noi. Acestea urmeaz\u0103 s\u0103 completeze flota din care fac parte deja 100 de tramvaie Imperio, contractate de la Astra Vagoane Arad. Studiul de oportunitate aprobat de CGMB recomand\u0103 achizi\u021bionarea a 100 de tramvaie de dimensiuni mici [&hellip;]<\/p>\n","protected":false},"author":50,"featured_media":60830,"comment_status":"open","ping_status":"open","sticky":false,"template":"","format":"standard","meta":{"_acf_changed":false,"inline_featured_image":false,"ngg_post_thumbnail":0,"footnotes":""},"categories":[24,62],"tags":[104],"ppma_author":[22607],"class_list":["post-61594","post","type-post","status-publish","format-standard","has-post-thumbnail","hentry","category-primarie","category-stiri","tag-pmb"],"acf":[],"yoast_head":"<!-- This site is optimized with the Yoast SEO Premium plugin v25.3 (Yoast SEO v27.4) - https:\/\/yoast.com\/product\/yoast-seo-premium-wordpress\/ -->\n<title>Prim\u0103ria Capitalei cump\u0103r\u0103 \u00eenc\u0103 250 de tramvaie - Buletin de Bucure\u0219ti<\/title>\n<meta name=\"robots\" content=\"index, follow, max-snippet:-1, max-image-preview:large, max-video-preview:-1\" \/>\n<link rel=\"canonical\" href=\"https:\/\/buletin.de\/bucuresti\/primaria-capitalei-cumpara-inca-250-de-tramvaie-2\/\" \/>\n<meta property=\"og:locale\" content=\"en_GB\" \/>\n<meta property=\"og:type\" content=\"article\" \/>\n<meta property=\"og:title\" content=\"Prim\u0103ria Capitalei cump\u0103r\u0103 \u00eenc\u0103 250 de tramvaie\" \/>\n<meta property=\"og:description\" content=\"Consiliul General al Municipiului Bucure\u0219ti (CGMB) a aprobat un studiu de oportunitate privind achizi\u021bionarea a \u00eenc\u0103 250 de tramvaie noi. Acestea urmeaz\u0103 s\u0103 completeze flota din care fac parte deja 100 de tramvaie Imperio, contractate de la Astra Vagoane Arad. Studiul de oportunitate aprobat de CGMB recomand\u0103 achizi\u021bionarea a 100 de tramvaie de dimensiuni mici [&hellip;]\" \/>\n<meta property=\"og:url\" content=\"https:\/\/buletin.de\/bucuresti\/primaria-capitalei-cumpara-inca-250-de-tramvaie-2\/\" \/>\n<meta property=\"og:site_name\" content=\"Buletin de Bucure\u0219ti\" \/>\n<meta property=\"article:publisher\" content=\"https:\/\/www.facebook.com\/buletin.de.buc\" \/>\n<meta property=\"article:published_time\" content=\"2023-08-01T07:21:03+00:00\" \/>\n<meta property=\"og:image\" content=\"https:\/\/buletin.de\/bucuresti\/wp-content\/uploads\/tramvai.jpg\" \/>\n\t<meta property=\"og:image:width\" content=\"1048\" \/>\n\t<meta property=\"og:image:height\" content=\"550\" \/>\n\t<meta property=\"og:image:type\" content=\"image\/jpeg\" \/>\n<meta name=\"author\" content=\"Radu \u021au\u021bulan\" \/>\n<meta name=\"twitter:card\" content=\"summary_large_image\" \/>\n<meta name=\"twitter:label1\" content=\"Written by\" \/>\n\t<meta name=\"twitter:data1\" content=\"Radu \u021au\u021bulan\" \/>\n\t<meta name=\"twitter:label2\" content=\"Estimated reading time\" \/>\n\t<meta name=\"twitter:data2\" content=\"2 minutes\" \/>\n<script type=\"application\/ld+json\" class=\"yoast-schema-graph\">{\"@context\":\"https:\\\/\\\/schema.org\",\"@graph\":[{\"@type\":\"Article\",\"@id\":\"https:\\\/\\\/buletin.de\\\/bucuresti\\\/primaria-capitalei-cumpara-inca-250-de-tramvaie-2\\\/#article\",\"isPartOf\":{\"@id\":\"https:\\\/\\\/buletin.de\\\/bucuresti\\\/primaria-capitalei-cumpara-inca-250-de-tramvaie-2\\\/\"},\"author\":{\"name\":\"Radu \u021au\u021bulan\",\"@id\":\"https:\\\/\\\/buletin.de\\\/bucuresti\\\/#\\\/schema\\\/person\\\/de406e78845db7cf82b164907b113873\"},\"headline\":\"Prim\u0103ria Capitalei cump\u0103r\u0103 \u00eenc\u0103 250 de tramvaie\",\"datePublished\":\"2023-08-01T07:21:03+00:00\",\"mainEntityOfPage\":{\"@id\":\"https:\\\/\\\/buletin.de\\\/bucuresti\\\/primaria-capitalei-cumpara-inca-250-de-tramvaie-2\\\/\"},\"wordCount\":439,\"commentCount\":0,\"publisher\":{\"@id\":\"https:\\\/\\\/buletin.de\\\/bucuresti\\\/#organization\"},\"image\":{\"@id\":\"https:\\\/\\\/buletin.de\\\/bucuresti\\\/primaria-capitalei-cumpara-inca-250-de-tramvaie-2\\\/#primaryimage\"},\"thumbnailUrl\":\"https:\\\/\\\/buletin.de\\\/bucuresti\\\/wp-content\\\/uploads\\\/tramvai.jpg\",\"keywords\":[\"pmb\"],\"articleSection\":[\"Prim\u0103rie\",\"\u0218tiri\"],\"inLanguage\":\"en-GB\",\"potentialAction\":[{\"@type\":\"CommentAction\",\"name\":\"Comment\",\"target\":[\"https:\\\/\\\/buletin.de\\\/bucuresti\\\/primaria-capitalei-cumpara-inca-250-de-tramvaie-2\\\/#respond\"]}],\"copyrightYear\":\"2023\",\"copyrightHolder\":{\"@id\":\"https:\\\/\\\/buletin.de\\\/bucuresti\\\/#organization\"}},{\"@type\":\"WebPage\",\"@id\":\"https:\\\/\\\/buletin.de\\\/bucuresti\\\/primaria-capitalei-cumpara-inca-250-de-tramvaie-2\\\/\",\"url\":\"https:\\\/\\\/buletin.de\\\/bucuresti\\\/primaria-capitalei-cumpara-inca-250-de-tramvaie-2\\\/\",\"name\":\"Prim\u0103ria Capitalei cump\u0103r\u0103 \u00eenc\u0103 250 de tramvaie - Buletin de Bucure\u0219ti\",\"isPartOf\":{\"@id\":\"https:\\\/\\\/buletin.de\\\/bucuresti\\\/#website\"},\"primaryImageOfPage\":{\"@id\":\"https:\\\/\\\/buletin.de\\\/bucuresti\\\/primaria-capitalei-cumpara-inca-250-de-tramvaie-2\\\/#primaryimage\"},\"image\":{\"@id\":\"https:\\\/\\\/buletin.de\\\/bucuresti\\\/primaria-capitalei-cumpara-inca-250-de-tramvaie-2\\\/#primaryimage\"},\"thumbnailUrl\":\"https:\\\/\\\/buletin.de\\\/bucuresti\\\/wp-content\\\/uploads\\\/tramvai.jpg\",\"datePublished\":\"2023-08-01T07:21:03+00:00\",\"breadcrumb\":{\"@id\":\"https:\\\/\\\/buletin.de\\\/bucuresti\\\/primaria-capitalei-cumpara-inca-250-de-tramvaie-2\\\/#breadcrumb\"},\"inLanguage\":\"en-GB\",\"potentialAction\":[{\"@type\":\"ReadAction\",\"target\":[\"https:\\\/\\\/buletin.de\\\/bucuresti\\\/primaria-capitalei-cumpara-inca-250-de-tramvaie-2\\\/\"]}]},{\"@type\":\"ImageObject\",\"inLanguage\":\"en-GB\",\"@id\":\"https:\\\/\\\/buletin.de\\\/bucuresti\\\/primaria-capitalei-cumpara-inca-250-de-tramvaie-2\\\/#primaryimage\",\"url\":\"https:\\\/\\\/buletin.de\\\/bucuresti\\\/wp-content\\\/uploads\\\/tramvai.jpg\",\"contentUrl\":\"https:\\\/\\\/buletin.de\\\/bucuresti\\\/wp-content\\\/uploads\\\/tramvai.jpg\",\"width\":1048,\"height\":550,\"caption\":\"Facebook: STB\"},{\"@type\":\"BreadcrumbList\",\"@id\":\"https:\\\/\\\/buletin.de\\\/bucuresti\\\/primaria-capitalei-cumpara-inca-250-de-tramvaie-2\\\/#breadcrumb\",\"itemListElement\":[{\"@type\":\"ListItem\",\"position\":1,\"name\":\"Acas\u0103\",\"item\":\"https:\\\/\\\/buletin.de\\\/bucuresti\\\/\"},{\"@type\":\"ListItem\",\"position\":2,\"name\":\"Prim\u0103ria Capitalei cump\u0103r\u0103 \u00eenc\u0103 250 de tramvaie\"}]},{\"@type\":\"WebSite\",\"@id\":\"https:\\\/\\\/buletin.de\\\/bucuresti\\\/#website\",\"url\":\"https:\\\/\\\/buletin.de\\\/bucuresti\\\/\",\"name\":\"Buletin de Bucure\u0219ti\",\"description\":\"\u0218tiri \u0219i investiga\u021bii esen\u021biale din capital\u0103\",\"publisher\":{\"@id\":\"https:\\\/\\\/buletin.de\\\/bucuresti\\\/#organization\"},\"potentialAction\":[{\"@type\":\"SearchAction\",\"target\":{\"@type\":\"EntryPoint\",\"urlTemplate\":\"https:\\\/\\\/buletin.de\\\/bucuresti\\\/?s={search_term_string}\"},\"query-input\":{\"@type\":\"PropertyValueSpecification\",\"valueRequired\":true,\"valueName\":\"search_term_string\"}}],\"inLanguage\":\"en-GB\"},{\"@type\":\"Organization\",\"@id\":\"https:\\\/\\\/buletin.de\\\/bucuresti\\\/#organization\",\"name\":\"Buletin de Bucure\u0219ti\",\"url\":\"https:\\\/\\\/buletin.de\\\/bucuresti\\\/\",\"logo\":{\"@type\":\"ImageObject\",\"inLanguage\":\"en-GB\",\"@id\":\"https:\\\/\\\/buletin.de\\\/bucuresti\\\/#\\\/schema\\\/logo\\\/image\\\/\",\"url\":\"https:\\\/\\\/buletin.de\\\/bucuresti\\\/wp-content\\\/uploads\\\/logo-bdb-full-wide-vernil-transparent.png\",\"contentUrl\":\"https:\\\/\\\/buletin.de\\\/bucuresti\\\/wp-content\\\/uploads\\\/logo-bdb-full-wide-vernil-transparent.png\",\"width\":1782,\"height\":626,\"caption\":\"Buletin de Bucure\u0219ti\"},\"image\":{\"@id\":\"https:\\\/\\\/buletin.de\\\/bucuresti\\\/#\\\/schema\\\/logo\\\/image\\\/\"},\"sameAs\":[\"https:\\\/\\\/www.facebook.com\\\/buletin.de.buc\",\"https:\\\/\\\/www.instagram.com\\\/buletinde.bucuresti\\\/\"]},{\"@type\":\"Person\",\"@id\":\"https:\\\/\\\/buletin.de\\\/bucuresti\\\/#\\\/schema\\\/person\\\/de406e78845db7cf82b164907b113873\",\"name\":\"Radu \u021au\u021bulan\",\"image\":{\"@type\":\"ImageObject\",\"inLanguage\":\"en-GB\",\"@id\":\"https:\\\/\\\/secure.gravatar.com\\\/avatar\\\/19707c7ba9ca7e4a25aa6ab6a55ed54e14f08595c6b16f0191bf7fd8ce94947e?s=96&d=monsterid&r=ga7a58e7467f2217bb0c21e212b46510b\",\"url\":\"https:\\\/\\\/secure.gravatar.com\\\/avatar\\\/19707c7ba9ca7e4a25aa6ab6a55ed54e14f08595c6b16f0191bf7fd8ce94947e?s=96&d=monsterid&r=g\",\"contentUrl\":\"https:\\\/\\\/secure.gravatar.com\\\/avatar\\\/19707c7ba9ca7e4a25aa6ab6a55ed54e14f08595c6b16f0191bf7fd8ce94947e?s=96&d=monsterid&r=g\",\"caption\":\"Radu \u021au\u021bulan\"},\"url\":\"https:\\\/\\\/buletin.de\\\/bucuresti\\\/author\\\/radututulan\\\/\"}]}<\/script>\n<!-- \/ Yoast SEO Premium plugin. -->","yoast_head_json":{"title":"Prim\u0103ria Capitalei cump\u0103r\u0103 \u00eenc\u0103 250 de tramvaie - Buletin de Bucure\u0219ti","robots":{"index":"index","follow":"follow","max-snippet":"max-snippet:-1","max-image-preview":"max-image-preview:large","max-video-preview":"max-video-preview:-1"},"canonical":"https:\/\/buletin.de\/bucuresti\/primaria-capitalei-cumpara-inca-250-de-tramvaie-2\/","og_locale":"en_GB","og_type":"article","og_title":"Prim\u0103ria Capitalei cump\u0103r\u0103 \u00eenc\u0103 250 de tramvaie","og_description":"Consiliul General al Municipiului Bucure\u0219ti (CGMB) a aprobat un studiu de oportunitate privind achizi\u021bionarea a \u00eenc\u0103 250 de tramvaie noi. Acestea urmeaz\u0103 s\u0103 completeze flota din care fac parte deja 100 de tramvaie Imperio, contractate de la Astra Vagoane Arad. Studiul de oportunitate aprobat de CGMB recomand\u0103 achizi\u021bionarea a 100 de tramvaie de dimensiuni mici [&hellip;]","og_url":"https:\/\/buletin.de\/bucuresti\/primaria-capitalei-cumpara-inca-250-de-tramvaie-2\/","og_site_name":"Buletin de Bucure\u0219ti","article_publisher":"https:\/\/www.facebook.com\/buletin.de.buc","article_published_time":"2023-08-01T07:21:03+00:00","og_image":[{"width":1048,"height":550,"url":"https:\/\/buletin.de\/bucuresti\/wp-content\/uploads\/tramvai.jpg","type":"image\/jpeg"}],"author":"Radu \u021au\u021bulan","twitter_card":"summary_large_image","twitter_misc":{"Written by":"Radu \u021au\u021bulan","Estimated reading time":"2 minutes"},"schema":{"@context":"https:\/\/schema.org","@graph":[{"@type":"Article","@id":"https:\/\/buletin.de\/bucuresti\/primaria-capitalei-cumpara-inca-250-de-tramvaie-2\/#article","isPartOf":{"@id":"https:\/\/buletin.de\/bucuresti\/primaria-capitalei-cumpara-inca-250-de-tramvaie-2\/"},"author":{"name":"Radu \u021au\u021bulan","@id":"https:\/\/buletin.de\/bucuresti\/#\/schema\/person\/de406e78845db7cf82b164907b113873"},"headline":"Prim\u0103ria Capitalei cump\u0103r\u0103 \u00eenc\u0103 250 de tramvaie","datePublished":"2023-08-01T07:21:03+00:00","mainEntityOfPage":{"@id":"https:\/\/buletin.de\/bucuresti\/primaria-capitalei-cumpara-inca-250-de-tramvaie-2\/"},"wordCount":439,"commentCount":0,"publisher":{"@id":"https:\/\/buletin.de\/bucuresti\/#organization"},"image":{"@id":"https:\/\/buletin.de\/bucuresti\/primaria-capitalei-cumpara-inca-250-de-tramvaie-2\/#primaryimage"},"thumbnailUrl":"https:\/\/buletin.de\/bucuresti\/wp-content\/uploads\/tramvai.jpg","keywords":["pmb"],"articleSection":["Prim\u0103rie","\u0218tiri"],"inLanguage":"en-GB","potentialAction":[{"@type":"CommentAction","name":"Comment","target":["https:\/\/buletin.de\/bucuresti\/primaria-capitalei-cumpara-inca-250-de-tramvaie-2\/#respond"]}],"copyrightYear":"2023","copyrightHolder":{"@id":"https:\/\/buletin.de\/bucuresti\/#organization"}},{"@type":"WebPage","@id":"https:\/\/buletin.de\/bucuresti\/primaria-capitalei-cumpara-inca-250-de-tramvaie-2\/","url":"https:\/\/buletin.de\/bucuresti\/primaria-capitalei-cumpara-inca-250-de-tramvaie-2\/","name":"Prim\u0103ria Capitalei cump\u0103r\u0103 \u00eenc\u0103 250 de tramvaie - Buletin de Bucure\u0219ti","isPartOf":{"@id":"https:\/\/buletin.de\/bucuresti\/#website"},"primaryImageOfPage":{"@id":"https:\/\/buletin.de\/bucuresti\/primaria-capitalei-cumpara-inca-250-de-tramvaie-2\/#primaryimage"},"image":{"@id":"https:\/\/buletin.de\/bucuresti\/primaria-capitalei-cumpara-inca-250-de-tramvaie-2\/#primaryimage"},"thumbnailUrl":"https:\/\/buletin.de\/bucuresti\/wp-content\/uploads\/tramvai.jpg","datePublished":"2023-08-01T07:21:03+00:00","breadcrumb":{"@id":"https:\/\/buletin.de\/bucuresti\/primaria-capitalei-cumpara-inca-250-de-tramvaie-2\/#breadcrumb"},"inLanguage":"en-GB","potentialAction":[{"@type":"ReadAction","target":["https:\/\/buletin.de\/bucuresti\/primaria-capitalei-cumpara-inca-250-de-tramvaie-2\/"]}]},{"@type":"ImageObject","inLanguage":"en-GB","@id":"https:\/\/buletin.de\/bucuresti\/primaria-capitalei-cumpara-inca-250-de-tramvaie-2\/#primaryimage","url":"https:\/\/buletin.de\/bucuresti\/wp-content\/uploads\/tramvai.jpg","contentUrl":"https:\/\/buletin.de\/bucuresti\/wp-content\/uploads\/tramvai.jpg","width":1048,"height":550,"caption":"Facebook: STB"},{"@type":"BreadcrumbList","@id":"https:\/\/buletin.de\/bucuresti\/primaria-capitalei-cumpara-inca-250-de-tramvaie-2\/#breadcrumb","itemListElement":[{"@type":"ListItem","position":1,"name":"Acas\u0103","item":"https:\/\/buletin.de\/bucuresti\/"},{"@type":"ListItem","position":2,"name":"Prim\u0103ria Capitalei cump\u0103r\u0103 \u00eenc\u0103 250 de tramvaie"}]},{"@type":"WebSite","@id":"https:\/\/buletin.de\/bucuresti\/#website","url":"https:\/\/buletin.de\/bucuresti\/","name":"Buletin de Bucure\u0219ti","description":"\u0218tiri \u0219i investiga\u021bii esen\u021biale din capital\u0103","publisher":{"@id":"https:\/\/buletin.de\/bucuresti\/#organization"},"potentialAction":[{"@type":"SearchAction","target":{"@type":"EntryPoint","urlTemplate":"https:\/\/buletin.de\/bucuresti\/?s={search_term_string}"},"query-input":{"@type":"PropertyValueSpecification","valueRequired":true,"valueName":"search_term_string"}}],"inLanguage":"en-GB"},{"@type":"Organization","@id":"https:\/\/buletin.de\/bucuresti\/#organization","name":"Buletin de Bucure\u0219ti","url":"https:\/\/buletin.de\/bucuresti\/","logo":{"@type":"ImageObject","inLanguage":"en-GB","@id":"https:\/\/buletin.de\/bucuresti\/#\/schema\/logo\/image\/","url":"https:\/\/buletin.de\/bucuresti\/wp-content\/uploads\/logo-bdb-full-wide-vernil-transparent.png","contentUrl":"https:\/\/buletin.de\/bucuresti\/wp-content\/uploads\/logo-bdb-full-wide-vernil-transparent.png","width":1782,"height":626,"caption":"Buletin de Bucure\u0219ti"},"image":{"@id":"https:\/\/buletin.de\/bucuresti\/#\/schema\/logo\/image\/"},"sameAs":["https:\/\/www.facebook.com\/buletin.de.buc","https:\/\/www.instagram.com\/buletinde.bucuresti\/"]},{"@type":"Person","@id":"https:\/\/buletin.de\/bucuresti\/#\/schema\/person\/de406e78845db7cf82b164907b113873","name":"Radu \u021au\u021bulan","image":{"@type":"ImageObject","inLanguage":"en-GB","@id":"https:\/\/secure.gravatar.com\/avatar\/19707c7ba9ca7e4a25aa6ab6a55ed54e14f08595c6b16f0191bf7fd8ce94947e?s=96&d=monsterid&r=ga7a58e7467f2217bb0c21e212b46510b","url":"https:\/\/secure.gravatar.com\/avatar\/19707c7ba9ca7e4a25aa6ab6a55ed54e14f08595c6b16f0191bf7fd8ce94947e?s=96&d=monsterid&r=g","contentUrl":"https:\/\/secure.gravatar.com\/avatar\/19707c7ba9ca7e4a25aa6ab6a55ed54e14f08595c6b16f0191bf7fd8ce94947e?s=96&d=monsterid&r=g","caption":"Radu \u021au\u021bulan"},"url":"https:\/\/buletin.de\/bucuresti\/author\/radututulan\/"}]}},"authors":[{"term_id":22607,"user_id":50,"is_guest":0,"slug":"radututulan","display_name":"Radu \u021au\u021bulan","avatar_url":"https:\/\/secure.gravatar.com\/avatar\/19707c7ba9ca7e4a25aa6ab6a55ed54e14f08595c6b16f0191bf7fd8ce94947e?s=96&d=monsterid&r=g","0":null,"1":"","2":"","3":"","4":"","5":"","6":"","7":"","8":""}],"_links":{"self":[{"href":"https:\/\/buletin.de\/bucuresti\/wp-json\/wp\/v2\/posts\/61594","targetHints":{"allow":["GET"]}}],"collection":[{"href":"https:\/\/buletin.de\/bucuresti\/wp-json\/wp\/v2\/posts"}],"about":[{"href":"https:\/\/buletin.de\/bucuresti\/wp-json\/wp\/v2\/types\/post"}],"author":[{"embeddable":true,"href":"https:\/\/buletin.de\/bucuresti\/wp-json\/wp\/v2\/users\/50"}],"replies":[{"embeddable":true,"href":"https:\/\/buletin.de\/bucuresti\/wp-json\/wp\/v2\/comments?post=61594"}],"version-history":[{"count":0,"href":"https:\/\/buletin.de\/bucuresti\/wp-json\/wp\/v2\/posts\/61594\/revisions"}],"wp:featuredmedia":[{"embeddable":true,"href":"https:\/\/buletin.de\/bucuresti\/wp-json\/wp\/v2\/media\/60830"}],"wp:attachment":[{"href":"https:\/\/buletin.de\/bucuresti\/wp-json\/wp\/v2\/media?parent=61594"}],"wp:term":[{"taxonomy":"category","embeddable":true,"href":"https:\/\/buletin.de\/bucuresti\/wp-json\/wp\/v2\/categories?post=61594"},{"taxonomy":"post_tag","embeddable":true,"href":"https:\/\/buletin.de\/bucuresti\/wp-json\/wp\/v2\/tags?post=61594"},{"taxonomy":"author","embeddable":true,"href":"https:\/\/buletin.de\/bucuresti\/wp-json\/wp\/v2\/ppma_author?post=61594"}],"curies":[{"name":"wp","href":"https:\/\/api.w.org\/{rel}","templated":true}]}}