{"id":61532,"date":"2023-07-29T06:24:13","date_gmt":"2023-07-29T04:24:13","guid":{"rendered":"https:\/\/buletin.de\/bucuresti\/strazi-deschise-calea-victoriei-devine-pietonala-doar-duminica-30-iulie\/"},"modified":"2023-07-29T06:24:13","modified_gmt":"2023-07-29T04:24:13","slug":"strazi-deschise-calea-victoriei-devine-pietonala-doar-duminica-30-iulie","status":"publish","type":"post","link":"https:\/\/buletin.de\/bucuresti\/strazi-deschise-calea-victoriei-devine-pietonala-doar-duminica-30-iulie\/","title":{"rendered":"\u201eStr\u0103zi deschise\u201d \u2013 Calea Victoriei devine pietonal\u0103 doar duminic\u0103, 30 iulie"},"content":{"rendered":"\n<p><strong> Calea Victoriei devine pietonal\u0103 doar duminic\u0103, 30 iulie, <strong>\u00eentre orele 09:00 \u0219i 22:00 <strong>\u0219<\/strong>i <\/strong>g\u0103zduie\u015fte activit\u0103\u0163i recreative \u00een aer liber \u00een cadrul \u201eStr\u0103zi deschise \u2013 Bucure\u015fti, Promenad\u0103 urban\u0103\u201d.<\/strong><\/p>\n\n\n\n<p>Programul artistic de pe&nbsp;Calea Victoriei&nbsp;debuteaz\u0103, la ora&nbsp;18:00<strong>,<\/strong>&nbsp;cu celebra comedie de moravuri&nbsp;\u201eO noapte furtunoas\u0103\u201d,&nbsp;un spectacol-lectur\u0103 interactiv, pus \u00een scen\u0103 de actorii Ioana Flora, Gabriela Porumbacu, Cristi Toma, Mihai Baranga, Mihai R\u0103zu\u0219, Cezar Boghin\u0103, Vasile Calofir \u0219i Ionel Ni\u021bulescu \u00een cadrul proiectului \u201eOchii min\u021bii\u201d. <\/p>\n\n\n\n<p>\u00cencep\u00e2nd cu ora&nbsp;18:30, arti\u0219tii Teatrului de Anima\u021bie \u021a\u0103nd\u0103ric\u0103 invit\u0103 copiii s\u0103 se bucure de pove\u0219ti pline de umor cu spectacole de p\u0103pu\u0219i \u0219i marionete \u00een&nbsp;zona Muzeului Na\u021bional de Art\u0103 al Rom\u00e2niei.&nbsp;<\/p>\n\n\n\n<p>Programul de sear\u0103 este dedicat&nbsp;demonstra\u021biilor stradale de dans. De la ora 20:00, zona Bisericii Kretzulescu de pe Calea Victoriei va deveni scena \u201eStreet Dance Show\u201d al Asocia\u021biei Challenge Arts.  <\/p>\n\n\n\n<p>Expozi\u021biile \u0218colii de Art\u0103 Bucure\u0219ti<strong>,<\/strong>&nbsp;ce exploreaz\u0103 varii domenii de expresivitate artistic\u0103 \u2013 de la design vestimentar, decora\u021biuni interioare, iconografie la art\u0103 fotografic\u0103 \u2013, pot fi vizitate duminic\u0103, 30 iulie, \u00een intervalul orar&nbsp;10:30-22:00, la sediul situat \u00een sectorul 4 al Capitalei, pe&nbsp;strada Cuza Vod\u0103 nr. 100.&nbsp;<\/p>\n\n\n\n<p>\u00cen ziua de&nbsp;30 iulie 2023 sunt restric\u0163ii rutiere: se va permite traversarea pe Calea Victoriei, pe strada Sevastopol, strada Gheorghe Manu, Bulevardul Dacia, strada Ion C\u00e2mpineanu, bulevardul Regina Elisabeta, strada \u015etirbei Vod\u0103 \u00eentre Calea Victoriei \u015fi Dem. I. Dobrescu. Traficul Societ\u0103\u0163ii de Transport Bucure\u015fti va fi deviat, f\u0103r\u0103 afectarea c\u0103l\u0103torilor.<\/p>\n\n\n\n<p>Se va permite accesul riveranilor c\u0103tre domiciliu, precum \u015fi c\u0103tre unit\u0103\u0163ile economice din zon\u0103 conform indicatoarelor montate temporar pe durata restric\u0163iilor pe urm\u0103toarele str\u0103zi: strada Frumoas\u0103 \u00eentre strada Sevastopol \u015fi Calea Victoriei, strada Gina Patrichi \u00eentre bulevardul Lasc\u0103r Catargiu \u015fi Calea Victoriei, Calea Grivi\u0163ei \u00eentre strada Constantin Budi\u015fteanu \u015fi Calea Victoriei, cu men\u0163iunea c\u0103 accesul auto al riveranilor va fi redirec\u0163ionat c\u0103tre aleea din fa\u0163a Palatului \u015etirbei, apoi c\u0103tre strada Banului.<\/p>\n","protected":false},"excerpt":{"rendered":"<p>Calea Victoriei devine pietonal\u0103 doar duminic\u0103, 30 iulie, \u00eentre orele 09:00 \u0219i 22:00 \u0219i g\u0103zduie\u015fte activit\u0103\u0163i recreative \u00een aer liber \u00een cadrul \u201eStr\u0103zi deschise \u2013 Bucure\u015fti, Promenad\u0103 urban\u0103\u201d. Programul artistic de pe&nbsp;Calea Victoriei&nbsp;debuteaz\u0103, la ora&nbsp;18:00,&nbsp;cu celebra comedie de moravuri&nbsp;\u201eO noapte furtunoas\u0103\u201d,&nbsp;un spectacol-lectur\u0103 interactiv, pus \u00een scen\u0103 de actorii Ioana Flora, Gabriela Porumbacu, Cristi Toma, Mihai [&hellip;]<\/p>\n","protected":false},"author":49,"featured_media":61257,"comment_status":"open","ping_status":"open","sticky":false,"template":"","format":"standard","meta":{"_acf_changed":false,"inline_featured_image":false,"ngg_post_thumbnail":0,"footnotes":""},"categories":[62],"tags":[4419,6101,765,2794],"ppma_author":[22574],"class_list":["post-61532","post","type-post","status-publish","format-standard","has-post-thumbnail","hentry","category-stiri","tag-calea-victoriei","tag-promenada-urbana","tag-sector-4","tag-strazi-deschise"],"acf":[],"yoast_head":"<!-- This site is optimized with the Yoast SEO Premium plugin v25.3 (Yoast SEO v27.4) - https:\/\/yoast.com\/product\/yoast-seo-premium-wordpress\/ -->\n<title>\u201eStr\u0103zi deschise\u201d \u2013 Calea Victoriei devine pietonal\u0103 doar duminic\u0103, 30 iulie - Buletin de Bucure\u0219ti<\/title>\n<meta name=\"robots\" content=\"index, follow, max-snippet:-1, max-image-preview:large, max-video-preview:-1\" \/>\n<link rel=\"canonical\" href=\"https:\/\/buletin.de\/bucuresti\/strazi-deschise-calea-victoriei-devine-pietonala-doar-duminica-30-iulie\/\" \/>\n<meta property=\"og:locale\" content=\"en_GB\" \/>\n<meta property=\"og:type\" content=\"article\" \/>\n<meta property=\"og:title\" content=\"\u201eStr\u0103zi deschise\u201d \u2013 Calea Victoriei devine pietonal\u0103 doar duminic\u0103, 30 iulie\" \/>\n<meta property=\"og:description\" content=\"Calea Victoriei devine pietonal\u0103 doar duminic\u0103, 30 iulie, \u00eentre orele 09:00 \u0219i 22:00 \u0219i g\u0103zduie\u015fte activit\u0103\u0163i recreative \u00een aer liber \u00een cadrul \u201eStr\u0103zi deschise \u2013 Bucure\u015fti, Promenad\u0103 urban\u0103\u201d. Programul artistic de pe&nbsp;Calea Victoriei&nbsp;debuteaz\u0103, la ora&nbsp;18:00,&nbsp;cu celebra comedie de moravuri&nbsp;\u201eO noapte furtunoas\u0103\u201d,&nbsp;un spectacol-lectur\u0103 interactiv, pus \u00een scen\u0103 de actorii Ioana Flora, Gabriela Porumbacu, Cristi Toma, Mihai [&hellip;]\" \/>\n<meta property=\"og:url\" content=\"https:\/\/buletin.de\/bucuresti\/strazi-deschise-calea-victoriei-devine-pietonala-doar-duminica-30-iulie\/\" \/>\n<meta property=\"og:site_name\" content=\"Buletin de Bucure\u0219ti\" \/>\n<meta property=\"article:publisher\" content=\"https:\/\/www.facebook.com\/buletin.de.buc\" \/>\n<meta property=\"article:published_time\" content=\"2023-07-29T04:24:13+00:00\" \/>\n<meta property=\"og:image\" content=\"https:\/\/buletin.de\/bucuresti\/wp-content\/uploads\/red-dot-iy8h-Cl8MLc-unsplash-1.jpg\" \/>\n\t<meta property=\"og:image:width\" content=\"820\" \/>\n\t<meta property=\"og:image:height\" content=\"615\" \/>\n\t<meta property=\"og:image:type\" content=\"image\/jpeg\" \/>\n<meta name=\"author\" content=\"Diana Matei\" \/>\n<meta name=\"twitter:card\" content=\"summary_large_image\" \/>\n<meta name=\"twitter:label1\" content=\"Written by\" \/>\n\t<meta name=\"twitter:data1\" content=\"Diana Matei\" \/>\n<script type=\"application\/ld+json\" class=\"yoast-schema-graph\">{\"@context\":\"https:\\\/\\\/schema.org\",\"@graph\":[{\"@type\":\"Article\",\"@id\":\"https:\\\/\\\/buletin.de\\\/bucuresti\\\/strazi-deschise-calea-victoriei-devine-pietonala-doar-duminica-30-iulie\\\/#article\",\"isPartOf\":{\"@id\":\"https:\\\/\\\/buletin.de\\\/bucuresti\\\/strazi-deschise-calea-victoriei-devine-pietonala-doar-duminica-30-iulie\\\/\"},\"author\":{\"name\":\"Diana Matei\",\"@id\":\"https:\\\/\\\/buletin.de\\\/bucuresti\\\/#\\\/schema\\\/person\\\/7e46040573290777280a0835d81ea4ea\"},\"headline\":\"\u201eStr\u0103zi deschise\u201d \u2013 Calea Victoriei devine pietonal\u0103 doar duminic\u0103, 30 iulie\",\"datePublished\":\"2023-07-29T04:24:13+00:00\",\"mainEntityOfPage\":{\"@id\":\"https:\\\/\\\/buletin.de\\\/bucuresti\\\/strazi-deschise-calea-victoriei-devine-pietonala-doar-duminica-30-iulie\\\/\"},\"wordCount\":363,\"commentCount\":0,\"publisher\":{\"@id\":\"https:\\\/\\\/buletin.de\\\/bucuresti\\\/#organization\"},\"image\":{\"@id\":\"https:\\\/\\\/buletin.de\\\/bucuresti\\\/strazi-deschise-calea-victoriei-devine-pietonala-doar-duminica-30-iulie\\\/#primaryimage\"},\"thumbnailUrl\":\"https:\\\/\\\/buletin.de\\\/bucuresti\\\/wp-content\\\/uploads\\\/red-dot-iy8h-Cl8MLc-unsplash-1.jpg\",\"keywords\":[\"calea victoriei\",\"promenada urbana\",\"Sector 4\",\"strazi deschise\"],\"articleSection\":[\"\u0218tiri\"],\"inLanguage\":\"en-GB\",\"potentialAction\":[{\"@type\":\"CommentAction\",\"name\":\"Comment\",\"target\":[\"https:\\\/\\\/buletin.de\\\/bucuresti\\\/strazi-deschise-calea-victoriei-devine-pietonala-doar-duminica-30-iulie\\\/#respond\"]}],\"copyrightYear\":\"2023\",\"copyrightHolder\":{\"@id\":\"https:\\\/\\\/buletin.de\\\/bucuresti\\\/#organization\"}},{\"@type\":\"WebPage\",\"@id\":\"https:\\\/\\\/buletin.de\\\/bucuresti\\\/strazi-deschise-calea-victoriei-devine-pietonala-doar-duminica-30-iulie\\\/\",\"url\":\"https:\\\/\\\/buletin.de\\\/bucuresti\\\/strazi-deschise-calea-victoriei-devine-pietonala-doar-duminica-30-iulie\\\/\",\"name\":\"\u201eStr\u0103zi deschise\u201d \u2013 Calea Victoriei devine pietonal\u0103 doar duminic\u0103, 30 iulie - Buletin de Bucure\u0219ti\",\"isPartOf\":{\"@id\":\"https:\\\/\\\/buletin.de\\\/bucuresti\\\/#website\"},\"primaryImageOfPage\":{\"@id\":\"https:\\\/\\\/buletin.de\\\/bucuresti\\\/strazi-deschise-calea-victoriei-devine-pietonala-doar-duminica-30-iulie\\\/#primaryimage\"},\"image\":{\"@id\":\"https:\\\/\\\/buletin.de\\\/bucuresti\\\/strazi-deschise-calea-victoriei-devine-pietonala-doar-duminica-30-iulie\\\/#primaryimage\"},\"thumbnailUrl\":\"https:\\\/\\\/buletin.de\\\/bucuresti\\\/wp-content\\\/uploads\\\/red-dot-iy8h-Cl8MLc-unsplash-1.jpg\",\"datePublished\":\"2023-07-29T04:24:13+00:00\",\"breadcrumb\":{\"@id\":\"https:\\\/\\\/buletin.de\\\/bucuresti\\\/strazi-deschise-calea-victoriei-devine-pietonala-doar-duminica-30-iulie\\\/#breadcrumb\"},\"inLanguage\":\"en-GB\",\"potentialAction\":[{\"@type\":\"ReadAction\",\"target\":[\"https:\\\/\\\/buletin.de\\\/bucuresti\\\/strazi-deschise-calea-victoriei-devine-pietonala-doar-duminica-30-iulie\\\/\"]}]},{\"@type\":\"ImageObject\",\"inLanguage\":\"en-GB\",\"@id\":\"https:\\\/\\\/buletin.de\\\/bucuresti\\\/strazi-deschise-calea-victoriei-devine-pietonala-doar-duminica-30-iulie\\\/#primaryimage\",\"url\":\"https:\\\/\\\/buletin.de\\\/bucuresti\\\/wp-content\\\/uploads\\\/red-dot-iy8h-Cl8MLc-unsplash-1.jpg\",\"contentUrl\":\"https:\\\/\\\/buletin.de\\\/bucuresti\\\/wp-content\\\/uploads\\\/red-dot-iy8h-Cl8MLc-unsplash-1.jpg\",\"width\":820,\"height\":615,\"caption\":\"FOTO: Arhiva\"},{\"@type\":\"BreadcrumbList\",\"@id\":\"https:\\\/\\\/buletin.de\\\/bucuresti\\\/strazi-deschise-calea-victoriei-devine-pietonala-doar-duminica-30-iulie\\\/#breadcrumb\",\"itemListElement\":[{\"@type\":\"ListItem\",\"position\":1,\"name\":\"Acas\u0103\",\"item\":\"https:\\\/\\\/buletin.de\\\/bucuresti\\\/\"},{\"@type\":\"ListItem\",\"position\":2,\"name\":\"\u201eStr\u0103zi deschise\u201d \u2013 Calea Victoriei devine pietonal\u0103 doar duminic\u0103, 30 iulie\"}]},{\"@type\":\"WebSite\",\"@id\":\"https:\\\/\\\/buletin.de\\\/bucuresti\\\/#website\",\"url\":\"https:\\\/\\\/buletin.de\\\/bucuresti\\\/\",\"name\":\"Buletin de Bucure\u0219ti\",\"description\":\"\u0218tiri \u0219i investiga\u021bii esen\u021biale din capital\u0103\",\"publisher\":{\"@id\":\"https:\\\/\\\/buletin.de\\\/bucuresti\\\/#organization\"},\"potentialAction\":[{\"@type\":\"SearchAction\",\"target\":{\"@type\":\"EntryPoint\",\"urlTemplate\":\"https:\\\/\\\/buletin.de\\\/bucuresti\\\/?s={search_term_string}\"},\"query-input\":{\"@type\":\"PropertyValueSpecification\",\"valueRequired\":true,\"valueName\":\"search_term_string\"}}],\"inLanguage\":\"en-GB\"},{\"@type\":\"Organization\",\"@id\":\"https:\\\/\\\/buletin.de\\\/bucuresti\\\/#organization\",\"name\":\"Buletin de Bucure\u0219ti\",\"url\":\"https:\\\/\\\/buletin.de\\\/bucuresti\\\/\",\"logo\":{\"@type\":\"ImageObject\",\"inLanguage\":\"en-GB\",\"@id\":\"https:\\\/\\\/buletin.de\\\/bucuresti\\\/#\\\/schema\\\/logo\\\/image\\\/\",\"url\":\"https:\\\/\\\/buletin.de\\\/bucuresti\\\/wp-content\\\/uploads\\\/logo-bdb-full-wide-vernil-transparent.png\",\"contentUrl\":\"https:\\\/\\\/buletin.de\\\/bucuresti\\\/wp-content\\\/uploads\\\/logo-bdb-full-wide-vernil-transparent.png\",\"width\":1782,\"height\":626,\"caption\":\"Buletin de Bucure\u0219ti\"},\"image\":{\"@id\":\"https:\\\/\\\/buletin.de\\\/bucuresti\\\/#\\\/schema\\\/logo\\\/image\\\/\"},\"sameAs\":[\"https:\\\/\\\/www.facebook.com\\\/buletin.de.buc\",\"https:\\\/\\\/www.instagram.com\\\/buletinde.bucuresti\\\/\"]},{\"@type\":\"Person\",\"@id\":\"https:\\\/\\\/buletin.de\\\/bucuresti\\\/#\\\/schema\\\/person\\\/7e46040573290777280a0835d81ea4ea\",\"name\":\"Diana Matei\",\"image\":{\"@type\":\"ImageObject\",\"inLanguage\":\"en-GB\",\"@id\":\"https:\\\/\\\/buletin.de\\\/bucuresti\\\/wp-content\\\/uploads\\\/9-2-96x96.jpg1e8590b30871d70e62ebcdaf2eff570c\",\"url\":\"https:\\\/\\\/buletin.de\\\/bucuresti\\\/wp-content\\\/uploads\\\/9-2-96x96.jpg\",\"contentUrl\":\"https:\\\/\\\/buletin.de\\\/bucuresti\\\/wp-content\\\/uploads\\\/9-2-96x96.jpg\",\"caption\":\"Diana Matei\"},\"url\":\"https:\\\/\\\/buletin.de\\\/bucuresti\\\/author\\\/dianamatei\\\/\"}]}<\/script>\n<!-- \/ Yoast SEO Premium plugin. -->","yoast_head_json":{"title":"\u201eStr\u0103zi deschise\u201d \u2013 Calea Victoriei devine pietonal\u0103 doar duminic\u0103, 30 iulie - Buletin de Bucure\u0219ti","robots":{"index":"index","follow":"follow","max-snippet":"max-snippet:-1","max-image-preview":"max-image-preview:large","max-video-preview":"max-video-preview:-1"},"canonical":"https:\/\/buletin.de\/bucuresti\/strazi-deschise-calea-victoriei-devine-pietonala-doar-duminica-30-iulie\/","og_locale":"en_GB","og_type":"article","og_title":"\u201eStr\u0103zi deschise\u201d \u2013 Calea Victoriei devine pietonal\u0103 doar duminic\u0103, 30 iulie","og_description":"Calea Victoriei devine pietonal\u0103 doar duminic\u0103, 30 iulie, \u00eentre orele 09:00 \u0219i 22:00 \u0219i g\u0103zduie\u015fte activit\u0103\u0163i recreative \u00een aer liber \u00een cadrul \u201eStr\u0103zi deschise \u2013 Bucure\u015fti, Promenad\u0103 urban\u0103\u201d. Programul artistic de pe&nbsp;Calea Victoriei&nbsp;debuteaz\u0103, la ora&nbsp;18:00,&nbsp;cu celebra comedie de moravuri&nbsp;\u201eO noapte furtunoas\u0103\u201d,&nbsp;un spectacol-lectur\u0103 interactiv, pus \u00een scen\u0103 de actorii Ioana Flora, Gabriela Porumbacu, Cristi Toma, Mihai [&hellip;]","og_url":"https:\/\/buletin.de\/bucuresti\/strazi-deschise-calea-victoriei-devine-pietonala-doar-duminica-30-iulie\/","og_site_name":"Buletin de Bucure\u0219ti","article_publisher":"https:\/\/www.facebook.com\/buletin.de.buc","article_published_time":"2023-07-29T04:24:13+00:00","og_image":[{"width":820,"height":615,"url":"https:\/\/buletin.de\/bucuresti\/wp-content\/uploads\/red-dot-iy8h-Cl8MLc-unsplash-1.jpg","type":"image\/jpeg"}],"author":"Diana Matei","twitter_card":"summary_large_image","twitter_misc":{"Written by":"Diana Matei"},"schema":{"@context":"https:\/\/schema.org","@graph":[{"@type":"Article","@id":"https:\/\/buletin.de\/bucuresti\/strazi-deschise-calea-victoriei-devine-pietonala-doar-duminica-30-iulie\/#article","isPartOf":{"@id":"https:\/\/buletin.de\/bucuresti\/strazi-deschise-calea-victoriei-devine-pietonala-doar-duminica-30-iulie\/"},"author":{"name":"Diana Matei","@id":"https:\/\/buletin.de\/bucuresti\/#\/schema\/person\/7e46040573290777280a0835d81ea4ea"},"headline":"\u201eStr\u0103zi deschise\u201d \u2013 Calea Victoriei devine pietonal\u0103 doar duminic\u0103, 30 iulie","datePublished":"2023-07-29T04:24:13+00:00","mainEntityOfPage":{"@id":"https:\/\/buletin.de\/bucuresti\/strazi-deschise-calea-victoriei-devine-pietonala-doar-duminica-30-iulie\/"},"wordCount":363,"commentCount":0,"publisher":{"@id":"https:\/\/buletin.de\/bucuresti\/#organization"},"image":{"@id":"https:\/\/buletin.de\/bucuresti\/strazi-deschise-calea-victoriei-devine-pietonala-doar-duminica-30-iulie\/#primaryimage"},"thumbnailUrl":"https:\/\/buletin.de\/bucuresti\/wp-content\/uploads\/red-dot-iy8h-Cl8MLc-unsplash-1.jpg","keywords":["calea victoriei","promenada urbana","Sector 4","strazi deschise"],"articleSection":["\u0218tiri"],"inLanguage":"en-GB","potentialAction":[{"@type":"CommentAction","name":"Comment","target":["https:\/\/buletin.de\/bucuresti\/strazi-deschise-calea-victoriei-devine-pietonala-doar-duminica-30-iulie\/#respond"]}],"copyrightYear":"2023","copyrightHolder":{"@id":"https:\/\/buletin.de\/bucuresti\/#organization"}},{"@type":"WebPage","@id":"https:\/\/buletin.de\/bucuresti\/strazi-deschise-calea-victoriei-devine-pietonala-doar-duminica-30-iulie\/","url":"https:\/\/buletin.de\/bucuresti\/strazi-deschise-calea-victoriei-devine-pietonala-doar-duminica-30-iulie\/","name":"\u201eStr\u0103zi deschise\u201d \u2013 Calea Victoriei devine pietonal\u0103 doar duminic\u0103, 30 iulie - Buletin de Bucure\u0219ti","isPartOf":{"@id":"https:\/\/buletin.de\/bucuresti\/#website"},"primaryImageOfPage":{"@id":"https:\/\/buletin.de\/bucuresti\/strazi-deschise-calea-victoriei-devine-pietonala-doar-duminica-30-iulie\/#primaryimage"},"image":{"@id":"https:\/\/buletin.de\/bucuresti\/strazi-deschise-calea-victoriei-devine-pietonala-doar-duminica-30-iulie\/#primaryimage"},"thumbnailUrl":"https:\/\/buletin.de\/bucuresti\/wp-content\/uploads\/red-dot-iy8h-Cl8MLc-unsplash-1.jpg","datePublished":"2023-07-29T04:24:13+00:00","breadcrumb":{"@id":"https:\/\/buletin.de\/bucuresti\/strazi-deschise-calea-victoriei-devine-pietonala-doar-duminica-30-iulie\/#breadcrumb"},"inLanguage":"en-GB","potentialAction":[{"@type":"ReadAction","target":["https:\/\/buletin.de\/bucuresti\/strazi-deschise-calea-victoriei-devine-pietonala-doar-duminica-30-iulie\/"]}]},{"@type":"ImageObject","inLanguage":"en-GB","@id":"https:\/\/buletin.de\/bucuresti\/strazi-deschise-calea-victoriei-devine-pietonala-doar-duminica-30-iulie\/#primaryimage","url":"https:\/\/buletin.de\/bucuresti\/wp-content\/uploads\/red-dot-iy8h-Cl8MLc-unsplash-1.jpg","contentUrl":"https:\/\/buletin.de\/bucuresti\/wp-content\/uploads\/red-dot-iy8h-Cl8MLc-unsplash-1.jpg","width":820,"height":615,"caption":"FOTO: Arhiva"},{"@type":"BreadcrumbList","@id":"https:\/\/buletin.de\/bucuresti\/strazi-deschise-calea-victoriei-devine-pietonala-doar-duminica-30-iulie\/#breadcrumb","itemListElement":[{"@type":"ListItem","position":1,"name":"Acas\u0103","item":"https:\/\/buletin.de\/bucuresti\/"},{"@type":"ListItem","position":2,"name":"\u201eStr\u0103zi deschise\u201d \u2013 Calea Victoriei devine pietonal\u0103 doar duminic\u0103, 30 iulie"}]},{"@type":"WebSite","@id":"https:\/\/buletin.de\/bucuresti\/#website","url":"https:\/\/buletin.de\/bucuresti\/","name":"Buletin de Bucure\u0219ti","description":"\u0218tiri \u0219i investiga\u021bii esen\u021biale din capital\u0103","publisher":{"@id":"https:\/\/buletin.de\/bucuresti\/#organization"},"potentialAction":[{"@type":"SearchAction","target":{"@type":"EntryPoint","urlTemplate":"https:\/\/buletin.de\/bucuresti\/?s={search_term_string}"},"query-input":{"@type":"PropertyValueSpecification","valueRequired":true,"valueName":"search_term_string"}}],"inLanguage":"en-GB"},{"@type":"Organization","@id":"https:\/\/buletin.de\/bucuresti\/#organization","name":"Buletin de Bucure\u0219ti","url":"https:\/\/buletin.de\/bucuresti\/","logo":{"@type":"ImageObject","inLanguage":"en-GB","@id":"https:\/\/buletin.de\/bucuresti\/#\/schema\/logo\/image\/","url":"https:\/\/buletin.de\/bucuresti\/wp-content\/uploads\/logo-bdb-full-wide-vernil-transparent.png","contentUrl":"https:\/\/buletin.de\/bucuresti\/wp-content\/uploads\/logo-bdb-full-wide-vernil-transparent.png","width":1782,"height":626,"caption":"Buletin de Bucure\u0219ti"},"image":{"@id":"https:\/\/buletin.de\/bucuresti\/#\/schema\/logo\/image\/"},"sameAs":["https:\/\/www.facebook.com\/buletin.de.buc","https:\/\/www.instagram.com\/buletinde.bucuresti\/"]},{"@type":"Person","@id":"https:\/\/buletin.de\/bucuresti\/#\/schema\/person\/7e46040573290777280a0835d81ea4ea","name":"Diana Matei","image":{"@type":"ImageObject","inLanguage":"en-GB","@id":"https:\/\/buletin.de\/bucuresti\/wp-content\/uploads\/9-2-96x96.jpg1e8590b30871d70e62ebcdaf2eff570c","url":"https:\/\/buletin.de\/bucuresti\/wp-content\/uploads\/9-2-96x96.jpg","contentUrl":"https:\/\/buletin.de\/bucuresti\/wp-content\/uploads\/9-2-96x96.jpg","caption":"Diana Matei"},"url":"https:\/\/buletin.de\/bucuresti\/author\/dianamatei\/"}]}},"authors":[{"term_id":22574,"user_id":49,"is_guest":0,"slug":"dianamatei","display_name":"Diana Matei","avatar_url":"https:\/\/buletin.de\/bucuresti\/wp-content\/uploads\/9-2-96x96.jpg","0":null,"1":"","2":"","3":"","4":"","5":"","6":"","7":"","8":""}],"_links":{"self":[{"href":"https:\/\/buletin.de\/bucuresti\/wp-json\/wp\/v2\/posts\/61532","targetHints":{"allow":["GET"]}}],"collection":[{"href":"https:\/\/buletin.de\/bucuresti\/wp-json\/wp\/v2\/posts"}],"about":[{"href":"https:\/\/buletin.de\/bucuresti\/wp-json\/wp\/v2\/types\/post"}],"author":[{"embeddable":true,"href":"https:\/\/buletin.de\/bucuresti\/wp-json\/wp\/v2\/users\/49"}],"replies":[{"embeddable":true,"href":"https:\/\/buletin.de\/bucuresti\/wp-json\/wp\/v2\/comments?post=61532"}],"version-history":[{"count":0,"href":"https:\/\/buletin.de\/bucuresti\/wp-json\/wp\/v2\/posts\/61532\/revisions"}],"wp:featuredmedia":[{"embeddable":true,"href":"https:\/\/buletin.de\/bucuresti\/wp-json\/wp\/v2\/media\/61257"}],"wp:attachment":[{"href":"https:\/\/buletin.de\/bucuresti\/wp-json\/wp\/v2\/media?parent=61532"}],"wp:term":[{"taxonomy":"category","embeddable":true,"href":"https:\/\/buletin.de\/bucuresti\/wp-json\/wp\/v2\/categories?post=61532"},{"taxonomy":"post_tag","embeddable":true,"href":"https:\/\/buletin.de\/bucuresti\/wp-json\/wp\/v2\/tags?post=61532"},{"taxonomy":"author","embeddable":true,"href":"https:\/\/buletin.de\/bucuresti\/wp-json\/wp\/v2\/ppma_author?post=61532"}],"curies":[{"name":"wp","href":"https:\/\/api.w.org\/{rel}","templated":true}]}}