{"id":61525,"date":"2023-07-28T14:47:33","date_gmt":"2023-07-28T12:47:33","guid":{"rendered":"https:\/\/buletin.de\/bucuresti\/sector-6-i-de-luni-incep-inscrierile-in-programul-rabla-local\/"},"modified":"2023-07-28T14:47:33","modified_gmt":"2023-07-28T12:47:33","slug":"sector-6-i-de-luni-incep-inscrierile-in-programul-rabla-local","status":"publish","type":"post","link":"https:\/\/buletin.de\/bucuresti\/sector-6-i-de-luni-incep-inscrierile-in-programul-rabla-local\/","title":{"rendered":"Sector 6 I De luni \u00eencep \u00eenscrierile \u00een programul \u201eRabla local\u201d"},"content":{"rendered":"\n<p><strong>De luni, 31 iulie, locuitorii Sectorului 6 se pot \u00eenscrie \u00een programul \u201eRabla local\u201d, pe site-ul Administra\u021biei Fondului pentru Mediu. \u00cen schimbul pred\u0103rii autovehiculului, primesc 3.000 de lei, f\u0103r\u0103 nicio obliga\u021bie. <\/strong><\/p>\n\n\n\n<p>Prim\u0103ria Sectorului 6 a semnat cu AFM contract de finan\u021bare pe suma maxim\u0103 de 12 milioane de lei, pentru casarea a maximum 5.000 de ma\u0219ini. <\/p>\n\n\n\n<p>Prima etap\u0103 a programului, \u00eenceput\u0103 \u00een luna aprilie, a fost destinat\u0103 \u00eenscrierii prim\u0103riilor, acum a venit r\u00e2ndul cet\u0103\u021benilor s\u0103 depun\u0103 cerere. O vor face pe site-ul AFM, \u00eencep\u00e2nd de luni, 31 iulie. Mai \u00eent\u00e2i, trebuie s\u0103-\u0219i creeze un cont. Administra\u021bia Fondului pentru Mediu a publicat un anun\u021b \u00een care explic\u0103 \u00eentreaga procedur\u0103.&nbsp;<\/p>\n\n\n\n<p><strong>Cum se \u00eenscriu persoanele fizice \u00een programul Rabla local<\/strong><\/p>\n\n\n\n<ul class=\"wp-block-list\">\n<li>Intr\u0103 pe site-ul AFM, la Programe de finan\u021bare. Selecteaz\u0103 Casarea autovehiculelor uzate. Aici, dau click pe caseta verde \u201eCreare conturi depunere dosare\u201d. Intr\u0103 pe Conectare \u0219i creeaz\u0103 contul.<\/li>\n\n\n\n<li>Conturile de utilizator trebuie create anterior \u00eenscrierii \u00een aplica\u021bie. Dac\u0103 exist\u0103 un cont deja creat, acesta este valabil doar dac\u0103 a fost utilizat \u00een cadrul unui program destinat persoanelor fizice (de ex. programul \u201eCasa Verde fotovoltaice 2023\u201d). Astfel, dac\u0103 adresa de e-mail aferent\u0103 contului a fost folosit\u0103 pentru depunerea unui dosar \u00een calitate de persoan\u0103 juridic\u0103, aceasta nu poate fi folosit\u0103. \u00cen cadrul unui cont, pot fi realizate \u00eenscrieri aferente unui singur CNP.<\/li>\n\n\n\n<li>Persoana fizic\u0103 se poate \u00eenscrie o singur\u0103 dat\u0103 \u00een aplica\u021bie.<\/li>\n\n\n\n<li>Persoana fizic\u0103 se va \u00eenscrie \u00een aplica\u021bie doar \u00een cazul \u00een care prim\u0103ria \u00een raza c\u0103reia domiciliaz\u0103 se reg\u0103se\u0219te \u00een lista AFM. <\/li>\n\n\n\n<li>Selecteaz\u0103 programul de finan\u021bare pentru care doresc depunerea cererii, selecteaz\u0103 apoi UAT-ul (adic\u0103 Prim\u0103ria Sectoului 6).<\/li>\n\n\n\n<li>Completeaz\u0103 datele de identificare \u0219i seria de \u0219asiu a ma\u0219inii uzate. Dac\u0103 au mai multe ma\u0219ini de casat, trebuie s\u0103 le adauge pe toate \u00een aceea\u0219i cerere, ap\u0103s\u00e2nd butonul \u201e+\u201d.<\/li>\n\n\n\n<li>Dup\u0103 \u00eenscriere, AFM va transmite lista persoanelor fizice \u00eenscrise c\u0103tre prim\u0103riile participante \u00een program. Abia din acel moment solicitan\u021bii se vor putea adresa Prim\u0103riei Sectorului 6.&nbsp;<\/li>\n\n\n\n<li>Solicitan\u021bii intr\u0103 \u00een aplica\u021bia portal.primarie6.ro, \u00ee\u0219i creeaz\u0103 cont (dac\u0103 nu au deja), \u00ee\u0219i selecteaz\u0103 ma\u0219ina transmis\u0103 pe site-ul AFM \u0219i bifeaz\u0103 ni\u0219te declara\u021bii pe proprie r\u0103spundere. Prim\u0103ria Sectorului 6 nu va cere acte suplimentare \u0219i va face \u00een numele solicitan\u021bilor toate verific\u0103rile necesare, conform ghidului AFM;<\/li>\n\n\n\n<li>Ultimul pas este s\u0103 mearg\u0103 cu ma\u0219ina la casat. Vor primi un cupon pe h\u00e2rtie, \u00een baza c\u0103ruia vor semna cu Direc\u021bia General\u0103 de Impozite \u0219i Taxe Locale Sector 6 contractul de finan\u021bare. Banii \u00eei vor primi \u00een cont de la DGITL.<\/li>\n<\/ul>\n\n\n\n<p>Programul se adreseaz\u0103 doar persoanelor fizice, care trebuie s\u0103 respecte urm\u0103toarele condi\u021bii:<\/p>\n\n\n\n<ul class=\"wp-block-list\">\n<li>S\u0103 aib\u0103 domiciliul sau re\u0219edin\u021ba \u00een Sectorul 6, unde se afl\u0103 \u00een eviden\u021bele fiscale ma\u0219ina pentru care solicit\u0103 finan\u021bare;<\/li>\n\n\n\n<li>S\u0103 de\u021bin\u0103 un autovehicul uzat, cu o vechime mai mare sau egal\u0103 cu 15 ani \u0219i cu o norm\u0103 de poluare EURO 3 sau mai mic\u0103. Ma\u0219ina s\u0103 fie \u00eenmatriculat\u0103 pe numele solicitantului de cel pu\u021bin 5 ani \u0219i s\u0103 fie \u00een eviden\u021bele fiscale ale prim\u0103riei;<\/li>\n\n\n\n<li>S\u0103 nu aib\u0103 restan\u021be la plata taxelor, impozitelor, amenzilor \u0219i contribu\u021bilor c\u0103tre bugetul local \u0219i cel de stat;<\/li>\n\n\n\n<li>S\u0103 nu aib\u0103 condamn\u0103ri definitive pentru infrac\u021biuni \u00eempotriva mediului;<\/li>\n\n\n\n<li>S\u0103 nu foloseasc\u0103 aceea\u0219i ma\u0219in\u0103 pentru a ob\u021bine alte finan\u021b\u0103ri din alte programe.<\/li>\n<\/ul>\n\n\n\n<p>Fiecare beneficiar va primi \u00een schimbul pred\u0103rii rablei 3.000 de lei, f\u0103r\u0103 a fi obligat s\u0103 foloseasc\u0103 stimulentul la cump\u0103rarea unei ma\u0219ini noi. Singura condi\u021bie este c\u0103, timp de 3 ani de la ob\u021binerea banilor, nu va putea cump\u0103ra o ma\u0219in\u0103 cu o norm\u0103 de poluare mai mic\u0103 de Euro 5.<\/p>\n\n\n\n<p><\/p>\n\n\n\n<p><\/p>\n","protected":false},"excerpt":{"rendered":"<p>De luni, 31 iulie, locuitorii Sectorului 6 se pot \u00eenscrie \u00een programul \u201eRabla local\u201d, pe site-ul Administra\u021biei Fondului pentru Mediu. \u00cen schimbul pred\u0103rii autovehiculului, primesc 3.000 de lei, f\u0103r\u0103 nicio obliga\u021bie. Prim\u0103ria Sectorului 6 a semnat cu AFM contract de finan\u021bare pe suma maxim\u0103 de 12 milioane de lei, pentru casarea a maximum 5.000 de [&hellip;]<\/p>\n","protected":false},"author":49,"featured_media":61526,"comment_status":"open","ping_status":"open","sticky":false,"template":"","format":"standard","meta":{"_acf_changed":false,"inline_featured_image":false,"ngg_post_thumbnail":0,"footnotes":""},"categories":[24],"tags":[6517,5305,523],"ppma_author":[22574],"class_list":["post-61525","post","type-post","status-publish","format-standard","has-post-thumbnail","hentry","category-primarie","tag-casare-masini-sector-6","tag-rabla-local","tag-sector-6"],"acf":[],"yoast_head":"<!-- This site is optimized with the Yoast SEO Premium plugin v25.3 (Yoast SEO v27.4) - https:\/\/yoast.com\/product\/yoast-seo-premium-wordpress\/ -->\n<title>Sector 6 I De luni \u00eencep \u00eenscrierile \u00een programul \u201eRabla local\u201d - Buletin de Bucure\u0219ti<\/title>\n<meta name=\"robots\" content=\"index, follow, max-snippet:-1, max-image-preview:large, max-video-preview:-1\" \/>\n<link rel=\"canonical\" href=\"https:\/\/buletin.de\/bucuresti\/sector-6-i-de-luni-incep-inscrierile-in-programul-rabla-local\/\" \/>\n<meta property=\"og:locale\" content=\"en_GB\" \/>\n<meta property=\"og:type\" content=\"article\" \/>\n<meta property=\"og:title\" content=\"Sector 6 I De luni \u00eencep \u00eenscrierile \u00een programul \u201eRabla local\u201d\" \/>\n<meta property=\"og:description\" content=\"De luni, 31 iulie, locuitorii Sectorului 6 se pot \u00eenscrie \u00een programul \u201eRabla local\u201d, pe site-ul Administra\u021biei Fondului pentru Mediu. \u00cen schimbul pred\u0103rii autovehiculului, primesc 3.000 de lei, f\u0103r\u0103 nicio obliga\u021bie. Prim\u0103ria Sectorului 6 a semnat cu AFM contract de finan\u021bare pe suma maxim\u0103 de 12 milioane de lei, pentru casarea a maximum 5.000 de [&hellip;]\" \/>\n<meta property=\"og:url\" content=\"https:\/\/buletin.de\/bucuresti\/sector-6-i-de-luni-incep-inscrierile-in-programul-rabla-local\/\" \/>\n<meta property=\"og:site_name\" content=\"Buletin de Bucure\u0219ti\" \/>\n<meta property=\"article:publisher\" content=\"https:\/\/www.facebook.com\/buletin.de.buc\" \/>\n<meta property=\"article:published_time\" content=\"2023-07-28T12:47:33+00:00\" \/>\n<meta property=\"og:image\" content=\"https:\/\/buletin.de\/bucuresti\/wp-content\/uploads\/20200718_185852.jpg\" \/>\n\t<meta property=\"og:image:width\" content=\"2000\" \/>\n\t<meta property=\"og:image:height\" content=\"948\" \/>\n\t<meta property=\"og:image:type\" content=\"image\/jpeg\" \/>\n<meta name=\"author\" content=\"Diana Matei\" \/>\n<meta name=\"twitter:card\" content=\"summary_large_image\" \/>\n<meta name=\"twitter:label1\" content=\"Written by\" \/>\n\t<meta name=\"twitter:data1\" content=\"Diana Matei\" \/>\n\t<meta name=\"twitter:label2\" content=\"Estimated reading time\" \/>\n\t<meta name=\"twitter:data2\" content=\"3 minutes\" \/>\n<script type=\"application\/ld+json\" class=\"yoast-schema-graph\">{\"@context\":\"https:\\\/\\\/schema.org\",\"@graph\":[{\"@type\":\"Article\",\"@id\":\"https:\\\/\\\/buletin.de\\\/bucuresti\\\/sector-6-i-de-luni-incep-inscrierile-in-programul-rabla-local\\\/#article\",\"isPartOf\":{\"@id\":\"https:\\\/\\\/buletin.de\\\/bucuresti\\\/sector-6-i-de-luni-incep-inscrierile-in-programul-rabla-local\\\/\"},\"author\":{\"name\":\"Diana Matei\",\"@id\":\"https:\\\/\\\/buletin.de\\\/bucuresti\\\/#\\\/schema\\\/person\\\/7e46040573290777280a0835d81ea4ea\"},\"headline\":\"Sector 6 I De luni \u00eencep \u00eenscrierile \u00een programul \u201eRabla local\u201d\",\"datePublished\":\"2023-07-28T12:47:33+00:00\",\"mainEntityOfPage\":{\"@id\":\"https:\\\/\\\/buletin.de\\\/bucuresti\\\/sector-6-i-de-luni-incep-inscrierile-in-programul-rabla-local\\\/\"},\"wordCount\":649,\"commentCount\":0,\"publisher\":{\"@id\":\"https:\\\/\\\/buletin.de\\\/bucuresti\\\/#organization\"},\"image\":{\"@id\":\"https:\\\/\\\/buletin.de\\\/bucuresti\\\/sector-6-i-de-luni-incep-inscrierile-in-programul-rabla-local\\\/#primaryimage\"},\"thumbnailUrl\":\"https:\\\/\\\/buletin.de\\\/bucuresti\\\/wp-content\\\/uploads\\\/20200718_185852.jpg\",\"keywords\":[\"casare masini sector 6\",\"rabla local\",\"Sector 6\"],\"articleSection\":[\"Prim\u0103rie\"],\"inLanguage\":\"en-GB\",\"potentialAction\":[{\"@type\":\"CommentAction\",\"name\":\"Comment\",\"target\":[\"https:\\\/\\\/buletin.de\\\/bucuresti\\\/sector-6-i-de-luni-incep-inscrierile-in-programul-rabla-local\\\/#respond\"]}],\"copyrightYear\":\"2023\",\"copyrightHolder\":{\"@id\":\"https:\\\/\\\/buletin.de\\\/bucuresti\\\/#organization\"}},{\"@type\":\"WebPage\",\"@id\":\"https:\\\/\\\/buletin.de\\\/bucuresti\\\/sector-6-i-de-luni-incep-inscrierile-in-programul-rabla-local\\\/\",\"url\":\"https:\\\/\\\/buletin.de\\\/bucuresti\\\/sector-6-i-de-luni-incep-inscrierile-in-programul-rabla-local\\\/\",\"name\":\"Sector 6 I De luni \u00eencep \u00eenscrierile \u00een programul \u201eRabla local\u201d - Buletin de Bucure\u0219ti\",\"isPartOf\":{\"@id\":\"https:\\\/\\\/buletin.de\\\/bucuresti\\\/#website\"},\"primaryImageOfPage\":{\"@id\":\"https:\\\/\\\/buletin.de\\\/bucuresti\\\/sector-6-i-de-luni-incep-inscrierile-in-programul-rabla-local\\\/#primaryimage\"},\"image\":{\"@id\":\"https:\\\/\\\/buletin.de\\\/bucuresti\\\/sector-6-i-de-luni-incep-inscrierile-in-programul-rabla-local\\\/#primaryimage\"},\"thumbnailUrl\":\"https:\\\/\\\/buletin.de\\\/bucuresti\\\/wp-content\\\/uploads\\\/20200718_185852.jpg\",\"datePublished\":\"2023-07-28T12:47:33+00:00\",\"breadcrumb\":{\"@id\":\"https:\\\/\\\/buletin.de\\\/bucuresti\\\/sector-6-i-de-luni-incep-inscrierile-in-programul-rabla-local\\\/#breadcrumb\"},\"inLanguage\":\"en-GB\",\"potentialAction\":[{\"@type\":\"ReadAction\",\"target\":[\"https:\\\/\\\/buletin.de\\\/bucuresti\\\/sector-6-i-de-luni-incep-inscrierile-in-programul-rabla-local\\\/\"]}]},{\"@type\":\"ImageObject\",\"inLanguage\":\"en-GB\",\"@id\":\"https:\\\/\\\/buletin.de\\\/bucuresti\\\/sector-6-i-de-luni-incep-inscrierile-in-programul-rabla-local\\\/#primaryimage\",\"url\":\"https:\\\/\\\/buletin.de\\\/bucuresti\\\/wp-content\\\/uploads\\\/20200718_185852.jpg\",\"contentUrl\":\"https:\\\/\\\/buletin.de\\\/bucuresti\\\/wp-content\\\/uploads\\\/20200718_185852.jpg\",\"width\":2000,\"height\":948,\"caption\":\"Cosmin Pojoranu\"},{\"@type\":\"BreadcrumbList\",\"@id\":\"https:\\\/\\\/buletin.de\\\/bucuresti\\\/sector-6-i-de-luni-incep-inscrierile-in-programul-rabla-local\\\/#breadcrumb\",\"itemListElement\":[{\"@type\":\"ListItem\",\"position\":1,\"name\":\"Acas\u0103\",\"item\":\"https:\\\/\\\/buletin.de\\\/bucuresti\\\/\"},{\"@type\":\"ListItem\",\"position\":2,\"name\":\"Sector 6 I De luni \u00eencep \u00eenscrierile \u00een programul \u201eRabla local\u201d\"}]},{\"@type\":\"WebSite\",\"@id\":\"https:\\\/\\\/buletin.de\\\/bucuresti\\\/#website\",\"url\":\"https:\\\/\\\/buletin.de\\\/bucuresti\\\/\",\"name\":\"Buletin de Bucure\u0219ti\",\"description\":\"\u0218tiri \u0219i investiga\u021bii esen\u021biale din capital\u0103\",\"publisher\":{\"@id\":\"https:\\\/\\\/buletin.de\\\/bucuresti\\\/#organization\"},\"potentialAction\":[{\"@type\":\"SearchAction\",\"target\":{\"@type\":\"EntryPoint\",\"urlTemplate\":\"https:\\\/\\\/buletin.de\\\/bucuresti\\\/?s={search_term_string}\"},\"query-input\":{\"@type\":\"PropertyValueSpecification\",\"valueRequired\":true,\"valueName\":\"search_term_string\"}}],\"inLanguage\":\"en-GB\"},{\"@type\":\"Organization\",\"@id\":\"https:\\\/\\\/buletin.de\\\/bucuresti\\\/#organization\",\"name\":\"Buletin de Bucure\u0219ti\",\"url\":\"https:\\\/\\\/buletin.de\\\/bucuresti\\\/\",\"logo\":{\"@type\":\"ImageObject\",\"inLanguage\":\"en-GB\",\"@id\":\"https:\\\/\\\/buletin.de\\\/bucuresti\\\/#\\\/schema\\\/logo\\\/image\\\/\",\"url\":\"https:\\\/\\\/buletin.de\\\/bucuresti\\\/wp-content\\\/uploads\\\/logo-bdb-full-wide-vernil-transparent.png\",\"contentUrl\":\"https:\\\/\\\/buletin.de\\\/bucuresti\\\/wp-content\\\/uploads\\\/logo-bdb-full-wide-vernil-transparent.png\",\"width\":1782,\"height\":626,\"caption\":\"Buletin de Bucure\u0219ti\"},\"image\":{\"@id\":\"https:\\\/\\\/buletin.de\\\/bucuresti\\\/#\\\/schema\\\/logo\\\/image\\\/\"},\"sameAs\":[\"https:\\\/\\\/www.facebook.com\\\/buletin.de.buc\",\"https:\\\/\\\/www.instagram.com\\\/buletinde.bucuresti\\\/\"]},{\"@type\":\"Person\",\"@id\":\"https:\\\/\\\/buletin.de\\\/bucuresti\\\/#\\\/schema\\\/person\\\/7e46040573290777280a0835d81ea4ea\",\"name\":\"Diana Matei\",\"image\":{\"@type\":\"ImageObject\",\"inLanguage\":\"en-GB\",\"@id\":\"https:\\\/\\\/buletin.de\\\/bucuresti\\\/wp-content\\\/uploads\\\/9-2-96x96.jpg1e8590b30871d70e62ebcdaf2eff570c\",\"url\":\"https:\\\/\\\/buletin.de\\\/bucuresti\\\/wp-content\\\/uploads\\\/9-2-96x96.jpg\",\"contentUrl\":\"https:\\\/\\\/buletin.de\\\/bucuresti\\\/wp-content\\\/uploads\\\/9-2-96x96.jpg\",\"caption\":\"Diana Matei\"},\"url\":\"https:\\\/\\\/buletin.de\\\/bucuresti\\\/author\\\/dianamatei\\\/\"}]}<\/script>\n<!-- \/ Yoast SEO Premium plugin. -->","yoast_head_json":{"title":"Sector 6 I De luni \u00eencep \u00eenscrierile \u00een programul \u201eRabla local\u201d - Buletin de Bucure\u0219ti","robots":{"index":"index","follow":"follow","max-snippet":"max-snippet:-1","max-image-preview":"max-image-preview:large","max-video-preview":"max-video-preview:-1"},"canonical":"https:\/\/buletin.de\/bucuresti\/sector-6-i-de-luni-incep-inscrierile-in-programul-rabla-local\/","og_locale":"en_GB","og_type":"article","og_title":"Sector 6 I De luni \u00eencep \u00eenscrierile \u00een programul \u201eRabla local\u201d","og_description":"De luni, 31 iulie, locuitorii Sectorului 6 se pot \u00eenscrie \u00een programul \u201eRabla local\u201d, pe site-ul Administra\u021biei Fondului pentru Mediu. \u00cen schimbul pred\u0103rii autovehiculului, primesc 3.000 de lei, f\u0103r\u0103 nicio obliga\u021bie. Prim\u0103ria Sectorului 6 a semnat cu AFM contract de finan\u021bare pe suma maxim\u0103 de 12 milioane de lei, pentru casarea a maximum 5.000 de [&hellip;]","og_url":"https:\/\/buletin.de\/bucuresti\/sector-6-i-de-luni-incep-inscrierile-in-programul-rabla-local\/","og_site_name":"Buletin de Bucure\u0219ti","article_publisher":"https:\/\/www.facebook.com\/buletin.de.buc","article_published_time":"2023-07-28T12:47:33+00:00","og_image":[{"width":2000,"height":948,"url":"https:\/\/buletin.de\/bucuresti\/wp-content\/uploads\/20200718_185852.jpg","type":"image\/jpeg"}],"author":"Diana Matei","twitter_card":"summary_large_image","twitter_misc":{"Written by":"Diana Matei","Estimated reading time":"3 minutes"},"schema":{"@context":"https:\/\/schema.org","@graph":[{"@type":"Article","@id":"https:\/\/buletin.de\/bucuresti\/sector-6-i-de-luni-incep-inscrierile-in-programul-rabla-local\/#article","isPartOf":{"@id":"https:\/\/buletin.de\/bucuresti\/sector-6-i-de-luni-incep-inscrierile-in-programul-rabla-local\/"},"author":{"name":"Diana Matei","@id":"https:\/\/buletin.de\/bucuresti\/#\/schema\/person\/7e46040573290777280a0835d81ea4ea"},"headline":"Sector 6 I De luni \u00eencep \u00eenscrierile \u00een programul \u201eRabla local\u201d","datePublished":"2023-07-28T12:47:33+00:00","mainEntityOfPage":{"@id":"https:\/\/buletin.de\/bucuresti\/sector-6-i-de-luni-incep-inscrierile-in-programul-rabla-local\/"},"wordCount":649,"commentCount":0,"publisher":{"@id":"https:\/\/buletin.de\/bucuresti\/#organization"},"image":{"@id":"https:\/\/buletin.de\/bucuresti\/sector-6-i-de-luni-incep-inscrierile-in-programul-rabla-local\/#primaryimage"},"thumbnailUrl":"https:\/\/buletin.de\/bucuresti\/wp-content\/uploads\/20200718_185852.jpg","keywords":["casare masini sector 6","rabla local","Sector 6"],"articleSection":["Prim\u0103rie"],"inLanguage":"en-GB","potentialAction":[{"@type":"CommentAction","name":"Comment","target":["https:\/\/buletin.de\/bucuresti\/sector-6-i-de-luni-incep-inscrierile-in-programul-rabla-local\/#respond"]}],"copyrightYear":"2023","copyrightHolder":{"@id":"https:\/\/buletin.de\/bucuresti\/#organization"}},{"@type":"WebPage","@id":"https:\/\/buletin.de\/bucuresti\/sector-6-i-de-luni-incep-inscrierile-in-programul-rabla-local\/","url":"https:\/\/buletin.de\/bucuresti\/sector-6-i-de-luni-incep-inscrierile-in-programul-rabla-local\/","name":"Sector 6 I De luni \u00eencep \u00eenscrierile \u00een programul \u201eRabla local\u201d - Buletin de Bucure\u0219ti","isPartOf":{"@id":"https:\/\/buletin.de\/bucuresti\/#website"},"primaryImageOfPage":{"@id":"https:\/\/buletin.de\/bucuresti\/sector-6-i-de-luni-incep-inscrierile-in-programul-rabla-local\/#primaryimage"},"image":{"@id":"https:\/\/buletin.de\/bucuresti\/sector-6-i-de-luni-incep-inscrierile-in-programul-rabla-local\/#primaryimage"},"thumbnailUrl":"https:\/\/buletin.de\/bucuresti\/wp-content\/uploads\/20200718_185852.jpg","datePublished":"2023-07-28T12:47:33+00:00","breadcrumb":{"@id":"https:\/\/buletin.de\/bucuresti\/sector-6-i-de-luni-incep-inscrierile-in-programul-rabla-local\/#breadcrumb"},"inLanguage":"en-GB","potentialAction":[{"@type":"ReadAction","target":["https:\/\/buletin.de\/bucuresti\/sector-6-i-de-luni-incep-inscrierile-in-programul-rabla-local\/"]}]},{"@type":"ImageObject","inLanguage":"en-GB","@id":"https:\/\/buletin.de\/bucuresti\/sector-6-i-de-luni-incep-inscrierile-in-programul-rabla-local\/#primaryimage","url":"https:\/\/buletin.de\/bucuresti\/wp-content\/uploads\/20200718_185852.jpg","contentUrl":"https:\/\/buletin.de\/bucuresti\/wp-content\/uploads\/20200718_185852.jpg","width":2000,"height":948,"caption":"Cosmin Pojoranu"},{"@type":"BreadcrumbList","@id":"https:\/\/buletin.de\/bucuresti\/sector-6-i-de-luni-incep-inscrierile-in-programul-rabla-local\/#breadcrumb","itemListElement":[{"@type":"ListItem","position":1,"name":"Acas\u0103","item":"https:\/\/buletin.de\/bucuresti\/"},{"@type":"ListItem","position":2,"name":"Sector 6 I De luni \u00eencep \u00eenscrierile \u00een programul \u201eRabla local\u201d"}]},{"@type":"WebSite","@id":"https:\/\/buletin.de\/bucuresti\/#website","url":"https:\/\/buletin.de\/bucuresti\/","name":"Buletin de Bucure\u0219ti","description":"\u0218tiri \u0219i investiga\u021bii esen\u021biale din capital\u0103","publisher":{"@id":"https:\/\/buletin.de\/bucuresti\/#organization"},"potentialAction":[{"@type":"SearchAction","target":{"@type":"EntryPoint","urlTemplate":"https:\/\/buletin.de\/bucuresti\/?s={search_term_string}"},"query-input":{"@type":"PropertyValueSpecification","valueRequired":true,"valueName":"search_term_string"}}],"inLanguage":"en-GB"},{"@type":"Organization","@id":"https:\/\/buletin.de\/bucuresti\/#organization","name":"Buletin de Bucure\u0219ti","url":"https:\/\/buletin.de\/bucuresti\/","logo":{"@type":"ImageObject","inLanguage":"en-GB","@id":"https:\/\/buletin.de\/bucuresti\/#\/schema\/logo\/image\/","url":"https:\/\/buletin.de\/bucuresti\/wp-content\/uploads\/logo-bdb-full-wide-vernil-transparent.png","contentUrl":"https:\/\/buletin.de\/bucuresti\/wp-content\/uploads\/logo-bdb-full-wide-vernil-transparent.png","width":1782,"height":626,"caption":"Buletin de Bucure\u0219ti"},"image":{"@id":"https:\/\/buletin.de\/bucuresti\/#\/schema\/logo\/image\/"},"sameAs":["https:\/\/www.facebook.com\/buletin.de.buc","https:\/\/www.instagram.com\/buletinde.bucuresti\/"]},{"@type":"Person","@id":"https:\/\/buletin.de\/bucuresti\/#\/schema\/person\/7e46040573290777280a0835d81ea4ea","name":"Diana Matei","image":{"@type":"ImageObject","inLanguage":"en-GB","@id":"https:\/\/buletin.de\/bucuresti\/wp-content\/uploads\/9-2-96x96.jpg1e8590b30871d70e62ebcdaf2eff570c","url":"https:\/\/buletin.de\/bucuresti\/wp-content\/uploads\/9-2-96x96.jpg","contentUrl":"https:\/\/buletin.de\/bucuresti\/wp-content\/uploads\/9-2-96x96.jpg","caption":"Diana Matei"},"url":"https:\/\/buletin.de\/bucuresti\/author\/dianamatei\/"}]}},"authors":[{"term_id":22574,"user_id":49,"is_guest":0,"slug":"dianamatei","display_name":"Diana Matei","avatar_url":"https:\/\/buletin.de\/bucuresti\/wp-content\/uploads\/9-2-96x96.jpg","0":null,"1":"","2":"","3":"","4":"","5":"","6":"","7":"","8":""}],"_links":{"self":[{"href":"https:\/\/buletin.de\/bucuresti\/wp-json\/wp\/v2\/posts\/61525","targetHints":{"allow":["GET"]}}],"collection":[{"href":"https:\/\/buletin.de\/bucuresti\/wp-json\/wp\/v2\/posts"}],"about":[{"href":"https:\/\/buletin.de\/bucuresti\/wp-json\/wp\/v2\/types\/post"}],"author":[{"embeddable":true,"href":"https:\/\/buletin.de\/bucuresti\/wp-json\/wp\/v2\/users\/49"}],"replies":[{"embeddable":true,"href":"https:\/\/buletin.de\/bucuresti\/wp-json\/wp\/v2\/comments?post=61525"}],"version-history":[{"count":0,"href":"https:\/\/buletin.de\/bucuresti\/wp-json\/wp\/v2\/posts\/61525\/revisions"}],"wp:featuredmedia":[{"embeddable":true,"href":"https:\/\/buletin.de\/bucuresti\/wp-json\/wp\/v2\/media\/61526"}],"wp:attachment":[{"href":"https:\/\/buletin.de\/bucuresti\/wp-json\/wp\/v2\/media?parent=61525"}],"wp:term":[{"taxonomy":"category","embeddable":true,"href":"https:\/\/buletin.de\/bucuresti\/wp-json\/wp\/v2\/categories?post=61525"},{"taxonomy":"post_tag","embeddable":true,"href":"https:\/\/buletin.de\/bucuresti\/wp-json\/wp\/v2\/tags?post=61525"},{"taxonomy":"author","embeddable":true,"href":"https:\/\/buletin.de\/bucuresti\/wp-json\/wp\/v2\/ppma_author?post=61525"}],"curies":[{"name":"wp","href":"https:\/\/api.w.org\/{rel}","templated":true}]}}