{"id":61416,"date":"2023-07-24T08:08:13","date_gmt":"2023-07-24T06:08:13","guid":{"rendered":"https:\/\/buletin.de\/bucuresti\/zeci-de-perchezitii-in-sectorul-2-impotriva-prafurilor-albe-suspecte\/"},"modified":"2023-07-24T08:08:13","modified_gmt":"2023-07-24T06:08:13","slug":"zeci-de-perchezitii-in-sectorul-2-impotriva-prafurilor-albe-suspecte","status":"publish","type":"post","link":"https:\/\/buletin.de\/bucuresti\/zeci-de-perchezitii-in-sectorul-2-impotriva-prafurilor-albe-suspecte\/","title":{"rendered":"Zeci de perchezi\u021bii \u00een Sectorul 2, \u00eempotriva \u201eprafurilor albe\u201d suspecte"},"content":{"rendered":"\n<p><strong>Poli\u021bia Capitalei din Sectorul 2 a confiscat peste 180 de plicuri cu <em>\u201esubstan\u021be susceptibile de a avea efect psihoactiv\u201d<\/em> \u00een urma unei ac\u021biuni desf\u0103\u0219urate \u00een data de 23 iulie. Au fost aplicate mai multe sanc\u021biuni pentru deranjul lini\u0219tii \u0219i oridinii publice, nerespectarea unor reguli de circula\u021bie. <\/strong><\/p>\n\n\n\n<p>Poli\u021bi\u0219tii sec\u021biilor 6, 8, \u0219i 9 au \u201eac\u021bionat \u00een vederea prevenirii trafIcului \u0219i consumului ilicit de droguri\u201d, vizit\u00e2nd un imobil dezafectat unde, conform unor informa\u021bii, s-ar fi comercializat droguri. Acolo au fost g\u0103site 7 persoane cu v\u00e2rste \u00eentre 14 \u0219i 41 de ani. De asemenea, au fost g\u0103site \u0219i 133 de plicuri cu substan\u021be suspecte, dintre care dou\u0103 asupra unei femei de 18 ani \u0219i unul cu aproximativ 60 de grame de \u201epraf alb\u201d suspect. <\/p>\n\n\n\n<p>\u00cen aceea\u0219i zi, poli\u021bi\u0219tii au g\u0103sit pe o strad\u0103 din Sectorul 2 un b\u0103rbat de 39 de ani ce avea asupra lui 53 de plicuri cu un \u201epraf alb\u201d suspect. <\/p>\n\n\n\n<p>Tot \u00een cursul zilei de ieri, au fost aplicate 13 sanc\u021biuni contraven\u021bionale \u00een valoare de 5.595 de lei, \u00een urma legitim\u0103rii a 109 de persoane \u0219i verific\u0103rii a 54 de autoturisme:<\/p>\n\n\n\n<ul class=\"wp-block-list\">\n<li>5 pentru sanc\u021bionarea faptelor de \u00eenc\u0103lcare a unor norme de convie\u021buire social\u0103, a ordinii \u0219i lini\u0219tii publice, <\/li>\n\n\n\n<li>7 sanc\u021biuni pentru nerespectarea regulilor privind circula\u021bia pe drumurile publice <\/li>\n\n\n\n<li>o sanc\u021biune privind asigurarea obligatorie de r\u0103spundere civil\u0103 auto pentru prejudicii produse ter\u0163ilor prin accidente de vehicule \u015fi tramvaie.<\/li>\n\n\n\n<li>re\u021biunute trei permise de conducere<\/li>\n<\/ul>\n\n\n\n<figure class=\"wp-block-video\"><video height=\"1259\" style=\"aspect-ratio: 1600 \/ 1259;\" width=\"1600\" src=\"https:\/\/buletin.de\/bucuresti\/wp-content\/uploads\/VID-20230724-WA00062.mp4\"><\/video><\/figure>\n\n\n\n<figure class=\"wp-block-video\"><video controls src=\"https:\/\/buletin.de\/bucuresti\/wp-content\/uploads\/VID-20230724-WA00063.mp4\"><\/video><\/figure>\n\n\n\n<p>Surs\u0103 fotografie: captur\u0103 de ecran videoclip Poli\u021bia Rom\u00e2n\u0103<\/p>\n","protected":false},"excerpt":{"rendered":"<p>Poli\u021bia Capitalei din Sectorul 2 a confiscat peste 180 de plicuri cu \u201esubstan\u021be susceptibile de a avea efect psihoactiv\u201d \u00een urma unei ac\u021biuni desf\u0103\u0219urate \u00een data de 23 iulie. Au fost aplicate mai multe sanc\u021biuni pentru deranjul lini\u0219tii \u0219i oridinii publice, nerespectarea unor reguli de circula\u021bie. Poli\u021bi\u0219tii sec\u021biilor 6, 8, \u0219i 9 au \u201eac\u021bionat \u00een [&hellip;]<\/p>\n","protected":false},"author":47,"featured_media":61417,"comment_status":"open","ping_status":"open","sticky":false,"template":"","format":"standard","meta":{"_acf_changed":false,"inline_featured_image":false,"ngg_post_thumbnail":0,"footnotes":""},"categories":[62],"tags":[5437,154,4598,6458,1144,6459,229,6460,6461],"ppma_author":[22580],"class_list":["post-61416","post","type-post","status-publish","format-standard","has-post-thumbnail","hentry","category-stiri","tag-actiune","tag-amenzi","tag-droguri","tag-pliculete","tag-politia-capitalei","tag-praf-alb","tag-sector-2","tag-sistem-integrat","tag-substante-ilegale"],"acf":[],"yoast_head":"<!-- This site is optimized with the Yoast SEO Premium plugin v25.3 (Yoast SEO v27.4) - https:\/\/yoast.com\/product\/yoast-seo-premium-wordpress\/ -->\n<title>Zeci de perchezi\u021bii \u00een Sectorul 2, \u00eempotriva \u201eprafurilor albe\u201d suspecte - Buletin de Bucure\u0219ti<\/title>\n<meta name=\"robots\" content=\"index, follow, max-snippet:-1, max-image-preview:large, max-video-preview:-1\" \/>\n<link rel=\"canonical\" href=\"https:\/\/buletin.de\/bucuresti\/zeci-de-perchezitii-in-sectorul-2-impotriva-prafurilor-albe-suspecte\/\" \/>\n<meta property=\"og:locale\" content=\"en_GB\" \/>\n<meta property=\"og:type\" content=\"article\" \/>\n<meta property=\"og:title\" content=\"Zeci de perchezi\u021bii \u00een Sectorul 2, \u00eempotriva \u201eprafurilor albe\u201d suspecte\" \/>\n<meta property=\"og:description\" content=\"Poli\u021bia Capitalei din Sectorul 2 a confiscat peste 180 de plicuri cu \u201esubstan\u021be susceptibile de a avea efect psihoactiv\u201d \u00een urma unei ac\u021biuni desf\u0103\u0219urate \u00een data de 23 iulie. Au fost aplicate mai multe sanc\u021biuni pentru deranjul lini\u0219tii \u0219i oridinii publice, nerespectarea unor reguli de circula\u021bie. Poli\u021bi\u0219tii sec\u021biilor 6, 8, \u0219i 9 au \u201eac\u021bionat \u00een [&hellip;]\" \/>\n<meta property=\"og:url\" content=\"https:\/\/buletin.de\/bucuresti\/zeci-de-perchezitii-in-sectorul-2-impotriva-prafurilor-albe-suspecte\/\" \/>\n<meta property=\"og:site_name\" content=\"Buletin de Bucure\u0219ti\" \/>\n<meta property=\"article:publisher\" content=\"https:\/\/www.facebook.com\/buletin.de.buc\" \/>\n<meta property=\"article:published_time\" content=\"2023-07-24T06:08:13+00:00\" \/>\n<meta property=\"og:image\" content=\"https:\/\/buletin.de\/bucuresti\/wp-content\/uploads\/image_2023-07-24_005825465.png\" \/>\n\t<meta property=\"og:image:width\" content=\"2000\" \/>\n\t<meta property=\"og:image:height\" content=\"899\" \/>\n\t<meta property=\"og:image:type\" content=\"image\/png\" \/>\n<meta name=\"author\" content=\"Adina C\u0103p\u00eelnean\" \/>\n<meta name=\"twitter:card\" content=\"summary_large_image\" \/>\n<meta name=\"twitter:label1\" content=\"Written by\" \/>\n\t<meta name=\"twitter:data1\" content=\"Adina C\u0103p\u00eelnean\" \/>\n\t<meta name=\"twitter:label2\" content=\"Estimated reading time\" \/>\n\t<meta name=\"twitter:data2\" content=\"2 minutes\" \/>\n<script type=\"application\/ld+json\" class=\"yoast-schema-graph\">{\"@context\":\"https:\\\/\\\/schema.org\",\"@graph\":[{\"@type\":\"Article\",\"@id\":\"https:\\\/\\\/buletin.de\\\/bucuresti\\\/zeci-de-perchezitii-in-sectorul-2-impotriva-prafurilor-albe-suspecte\\\/#article\",\"isPartOf\":{\"@id\":\"https:\\\/\\\/buletin.de\\\/bucuresti\\\/zeci-de-perchezitii-in-sectorul-2-impotriva-prafurilor-albe-suspecte\\\/\"},\"author\":{\"name\":\"Adina C\u0103p\u00eelnean\",\"@id\":\"https:\\\/\\\/buletin.de\\\/bucuresti\\\/#\\\/schema\\\/person\\\/ab174cf6711728e4ee83d672acf9a912\"},\"headline\":\"Zeci de perchezi\u021bii \u00een Sectorul 2, \u00eempotriva \u201eprafurilor albe\u201d suspecte\",\"datePublished\":\"2023-07-24T06:08:13+00:00\",\"mainEntityOfPage\":{\"@id\":\"https:\\\/\\\/buletin.de\\\/bucuresti\\\/zeci-de-perchezitii-in-sectorul-2-impotriva-prafurilor-albe-suspecte\\\/\"},\"wordCount\":268,\"commentCount\":0,\"publisher\":{\"@id\":\"https:\\\/\\\/buletin.de\\\/bucuresti\\\/#organization\"},\"image\":{\"@id\":\"https:\\\/\\\/buletin.de\\\/bucuresti\\\/zeci-de-perchezitii-in-sectorul-2-impotriva-prafurilor-albe-suspecte\\\/#primaryimage\"},\"thumbnailUrl\":\"https:\\\/\\\/buletin.de\\\/bucuresti\\\/wp-content\\\/uploads\\\/image_2023-07-24_005825465.png\",\"keywords\":[\"ac\u021biune\",\"amenzi\",\"droguri\",\"pliculete\",\"politia capitalei\",\"praf alb\",\"Sector 2\",\"sistem integrat\",\"substante ilegale\"],\"articleSection\":[\"\u0218tiri\"],\"inLanguage\":\"en-GB\",\"potentialAction\":[{\"@type\":\"CommentAction\",\"name\":\"Comment\",\"target\":[\"https:\\\/\\\/buletin.de\\\/bucuresti\\\/zeci-de-perchezitii-in-sectorul-2-impotriva-prafurilor-albe-suspecte\\\/#respond\"]}],\"copyrightYear\":\"2023\",\"copyrightHolder\":{\"@id\":\"https:\\\/\\\/buletin.de\\\/bucuresti\\\/#organization\"}},{\"@type\":\"WebPage\",\"@id\":\"https:\\\/\\\/buletin.de\\\/bucuresti\\\/zeci-de-perchezitii-in-sectorul-2-impotriva-prafurilor-albe-suspecte\\\/\",\"url\":\"https:\\\/\\\/buletin.de\\\/bucuresti\\\/zeci-de-perchezitii-in-sectorul-2-impotriva-prafurilor-albe-suspecte\\\/\",\"name\":\"Zeci de perchezi\u021bii \u00een Sectorul 2, \u00eempotriva \u201eprafurilor albe\u201d suspecte - Buletin de Bucure\u0219ti\",\"isPartOf\":{\"@id\":\"https:\\\/\\\/buletin.de\\\/bucuresti\\\/#website\"},\"primaryImageOfPage\":{\"@id\":\"https:\\\/\\\/buletin.de\\\/bucuresti\\\/zeci-de-perchezitii-in-sectorul-2-impotriva-prafurilor-albe-suspecte\\\/#primaryimage\"},\"image\":{\"@id\":\"https:\\\/\\\/buletin.de\\\/bucuresti\\\/zeci-de-perchezitii-in-sectorul-2-impotriva-prafurilor-albe-suspecte\\\/#primaryimage\"},\"thumbnailUrl\":\"https:\\\/\\\/buletin.de\\\/bucuresti\\\/wp-content\\\/uploads\\\/image_2023-07-24_005825465.png\",\"datePublished\":\"2023-07-24T06:08:13+00:00\",\"breadcrumb\":{\"@id\":\"https:\\\/\\\/buletin.de\\\/bucuresti\\\/zeci-de-perchezitii-in-sectorul-2-impotriva-prafurilor-albe-suspecte\\\/#breadcrumb\"},\"inLanguage\":\"en-GB\",\"potentialAction\":[{\"@type\":\"ReadAction\",\"target\":[\"https:\\\/\\\/buletin.de\\\/bucuresti\\\/zeci-de-perchezitii-in-sectorul-2-impotriva-prafurilor-albe-suspecte\\\/\"]}]},{\"@type\":\"ImageObject\",\"inLanguage\":\"en-GB\",\"@id\":\"https:\\\/\\\/buletin.de\\\/bucuresti\\\/zeci-de-perchezitii-in-sectorul-2-impotriva-prafurilor-albe-suspecte\\\/#primaryimage\",\"url\":\"https:\\\/\\\/buletin.de\\\/bucuresti\\\/wp-content\\\/uploads\\\/image_2023-07-24_005825465.png\",\"contentUrl\":\"https:\\\/\\\/buletin.de\\\/bucuresti\\\/wp-content\\\/uploads\\\/image_2023-07-24_005825465.png\",\"width\":2000,\"height\":899},{\"@type\":\"BreadcrumbList\",\"@id\":\"https:\\\/\\\/buletin.de\\\/bucuresti\\\/zeci-de-perchezitii-in-sectorul-2-impotriva-prafurilor-albe-suspecte\\\/#breadcrumb\",\"itemListElement\":[{\"@type\":\"ListItem\",\"position\":1,\"name\":\"Acas\u0103\",\"item\":\"https:\\\/\\\/buletin.de\\\/bucuresti\\\/\"},{\"@type\":\"ListItem\",\"position\":2,\"name\":\"Zeci de perchezi\u021bii \u00een Sectorul 2, \u00eempotriva \u201eprafurilor albe\u201d suspecte\"}]},{\"@type\":\"WebSite\",\"@id\":\"https:\\\/\\\/buletin.de\\\/bucuresti\\\/#website\",\"url\":\"https:\\\/\\\/buletin.de\\\/bucuresti\\\/\",\"name\":\"Buletin de Bucure\u0219ti\",\"description\":\"\u0218tiri \u0219i investiga\u021bii esen\u021biale din capital\u0103\",\"publisher\":{\"@id\":\"https:\\\/\\\/buletin.de\\\/bucuresti\\\/#organization\"},\"potentialAction\":[{\"@type\":\"SearchAction\",\"target\":{\"@type\":\"EntryPoint\",\"urlTemplate\":\"https:\\\/\\\/buletin.de\\\/bucuresti\\\/?s={search_term_string}\"},\"query-input\":{\"@type\":\"PropertyValueSpecification\",\"valueRequired\":true,\"valueName\":\"search_term_string\"}}],\"inLanguage\":\"en-GB\"},{\"@type\":\"Organization\",\"@id\":\"https:\\\/\\\/buletin.de\\\/bucuresti\\\/#organization\",\"name\":\"Buletin de Bucure\u0219ti\",\"url\":\"https:\\\/\\\/buletin.de\\\/bucuresti\\\/\",\"logo\":{\"@type\":\"ImageObject\",\"inLanguage\":\"en-GB\",\"@id\":\"https:\\\/\\\/buletin.de\\\/bucuresti\\\/#\\\/schema\\\/logo\\\/image\\\/\",\"url\":\"https:\\\/\\\/buletin.de\\\/bucuresti\\\/wp-content\\\/uploads\\\/logo-bdb-full-wide-vernil-transparent.png\",\"contentUrl\":\"https:\\\/\\\/buletin.de\\\/bucuresti\\\/wp-content\\\/uploads\\\/logo-bdb-full-wide-vernil-transparent.png\",\"width\":1782,\"height\":626,\"caption\":\"Buletin de Bucure\u0219ti\"},\"image\":{\"@id\":\"https:\\\/\\\/buletin.de\\\/bucuresti\\\/#\\\/schema\\\/logo\\\/image\\\/\"},\"sameAs\":[\"https:\\\/\\\/www.facebook.com\\\/buletin.de.buc\",\"https:\\\/\\\/www.instagram.com\\\/buletinde.bucuresti\\\/\"]},{\"@type\":\"Person\",\"@id\":\"https:\\\/\\\/buletin.de\\\/bucuresti\\\/#\\\/schema\\\/person\\\/ab174cf6711728e4ee83d672acf9a912\",\"name\":\"Adina C\u0103p\u00eelnean\",\"image\":{\"@type\":\"ImageObject\",\"inLanguage\":\"en-GB\",\"@id\":\"https:\\\/\\\/secure.gravatar.com\\\/avatar\\\/4fe9675d6282fd7c1aa4e486a037d532d5728fc16a30360f293eb6126b2e73ad?s=96&d=monsterid&r=ge2b23868508aec3460d3c6a11d3b599a\",\"url\":\"https:\\\/\\\/secure.gravatar.com\\\/avatar\\\/4fe9675d6282fd7c1aa4e486a037d532d5728fc16a30360f293eb6126b2e73ad?s=96&d=monsterid&r=g\",\"contentUrl\":\"https:\\\/\\\/secure.gravatar.com\\\/avatar\\\/4fe9675d6282fd7c1aa4e486a037d532d5728fc16a30360f293eb6126b2e73ad?s=96&d=monsterid&r=g\",\"caption\":\"Adina C\u0103p\u00eelnean\"},\"url\":\"https:\\\/\\\/buletin.de\\\/bucuresti\\\/author\\\/adinacapilnean\\\/\"}]}<\/script>\n<!-- \/ Yoast SEO Premium plugin. -->","yoast_head_json":{"title":"Zeci de perchezi\u021bii \u00een Sectorul 2, \u00eempotriva \u201eprafurilor albe\u201d suspecte - Buletin de Bucure\u0219ti","robots":{"index":"index","follow":"follow","max-snippet":"max-snippet:-1","max-image-preview":"max-image-preview:large","max-video-preview":"max-video-preview:-1"},"canonical":"https:\/\/buletin.de\/bucuresti\/zeci-de-perchezitii-in-sectorul-2-impotriva-prafurilor-albe-suspecte\/","og_locale":"en_GB","og_type":"article","og_title":"Zeci de perchezi\u021bii \u00een Sectorul 2, \u00eempotriva \u201eprafurilor albe\u201d suspecte","og_description":"Poli\u021bia Capitalei din Sectorul 2 a confiscat peste 180 de plicuri cu \u201esubstan\u021be susceptibile de a avea efect psihoactiv\u201d \u00een urma unei ac\u021biuni desf\u0103\u0219urate \u00een data de 23 iulie. Au fost aplicate mai multe sanc\u021biuni pentru deranjul lini\u0219tii \u0219i oridinii publice, nerespectarea unor reguli de circula\u021bie. Poli\u021bi\u0219tii sec\u021biilor 6, 8, \u0219i 9 au \u201eac\u021bionat \u00een [&hellip;]","og_url":"https:\/\/buletin.de\/bucuresti\/zeci-de-perchezitii-in-sectorul-2-impotriva-prafurilor-albe-suspecte\/","og_site_name":"Buletin de Bucure\u0219ti","article_publisher":"https:\/\/www.facebook.com\/buletin.de.buc","article_published_time":"2023-07-24T06:08:13+00:00","og_image":[{"width":2000,"height":899,"url":"https:\/\/buletin.de\/bucuresti\/wp-content\/uploads\/image_2023-07-24_005825465.png","type":"image\/png"}],"author":"Adina C\u0103p\u00eelnean","twitter_card":"summary_large_image","twitter_misc":{"Written by":"Adina C\u0103p\u00eelnean","Estimated reading time":"2 minutes"},"schema":{"@context":"https:\/\/schema.org","@graph":[{"@type":"Article","@id":"https:\/\/buletin.de\/bucuresti\/zeci-de-perchezitii-in-sectorul-2-impotriva-prafurilor-albe-suspecte\/#article","isPartOf":{"@id":"https:\/\/buletin.de\/bucuresti\/zeci-de-perchezitii-in-sectorul-2-impotriva-prafurilor-albe-suspecte\/"},"author":{"name":"Adina C\u0103p\u00eelnean","@id":"https:\/\/buletin.de\/bucuresti\/#\/schema\/person\/ab174cf6711728e4ee83d672acf9a912"},"headline":"Zeci de perchezi\u021bii \u00een Sectorul 2, \u00eempotriva \u201eprafurilor albe\u201d suspecte","datePublished":"2023-07-24T06:08:13+00:00","mainEntityOfPage":{"@id":"https:\/\/buletin.de\/bucuresti\/zeci-de-perchezitii-in-sectorul-2-impotriva-prafurilor-albe-suspecte\/"},"wordCount":268,"commentCount":0,"publisher":{"@id":"https:\/\/buletin.de\/bucuresti\/#organization"},"image":{"@id":"https:\/\/buletin.de\/bucuresti\/zeci-de-perchezitii-in-sectorul-2-impotriva-prafurilor-albe-suspecte\/#primaryimage"},"thumbnailUrl":"https:\/\/buletin.de\/bucuresti\/wp-content\/uploads\/image_2023-07-24_005825465.png","keywords":["ac\u021biune","amenzi","droguri","pliculete","politia capitalei","praf alb","Sector 2","sistem integrat","substante ilegale"],"articleSection":["\u0218tiri"],"inLanguage":"en-GB","potentialAction":[{"@type":"CommentAction","name":"Comment","target":["https:\/\/buletin.de\/bucuresti\/zeci-de-perchezitii-in-sectorul-2-impotriva-prafurilor-albe-suspecte\/#respond"]}],"copyrightYear":"2023","copyrightHolder":{"@id":"https:\/\/buletin.de\/bucuresti\/#organization"}},{"@type":"WebPage","@id":"https:\/\/buletin.de\/bucuresti\/zeci-de-perchezitii-in-sectorul-2-impotriva-prafurilor-albe-suspecte\/","url":"https:\/\/buletin.de\/bucuresti\/zeci-de-perchezitii-in-sectorul-2-impotriva-prafurilor-albe-suspecte\/","name":"Zeci de perchezi\u021bii \u00een Sectorul 2, \u00eempotriva \u201eprafurilor albe\u201d suspecte - Buletin de Bucure\u0219ti","isPartOf":{"@id":"https:\/\/buletin.de\/bucuresti\/#website"},"primaryImageOfPage":{"@id":"https:\/\/buletin.de\/bucuresti\/zeci-de-perchezitii-in-sectorul-2-impotriva-prafurilor-albe-suspecte\/#primaryimage"},"image":{"@id":"https:\/\/buletin.de\/bucuresti\/zeci-de-perchezitii-in-sectorul-2-impotriva-prafurilor-albe-suspecte\/#primaryimage"},"thumbnailUrl":"https:\/\/buletin.de\/bucuresti\/wp-content\/uploads\/image_2023-07-24_005825465.png","datePublished":"2023-07-24T06:08:13+00:00","breadcrumb":{"@id":"https:\/\/buletin.de\/bucuresti\/zeci-de-perchezitii-in-sectorul-2-impotriva-prafurilor-albe-suspecte\/#breadcrumb"},"inLanguage":"en-GB","potentialAction":[{"@type":"ReadAction","target":["https:\/\/buletin.de\/bucuresti\/zeci-de-perchezitii-in-sectorul-2-impotriva-prafurilor-albe-suspecte\/"]}]},{"@type":"ImageObject","inLanguage":"en-GB","@id":"https:\/\/buletin.de\/bucuresti\/zeci-de-perchezitii-in-sectorul-2-impotriva-prafurilor-albe-suspecte\/#primaryimage","url":"https:\/\/buletin.de\/bucuresti\/wp-content\/uploads\/image_2023-07-24_005825465.png","contentUrl":"https:\/\/buletin.de\/bucuresti\/wp-content\/uploads\/image_2023-07-24_005825465.png","width":2000,"height":899},{"@type":"BreadcrumbList","@id":"https:\/\/buletin.de\/bucuresti\/zeci-de-perchezitii-in-sectorul-2-impotriva-prafurilor-albe-suspecte\/#breadcrumb","itemListElement":[{"@type":"ListItem","position":1,"name":"Acas\u0103","item":"https:\/\/buletin.de\/bucuresti\/"},{"@type":"ListItem","position":2,"name":"Zeci de perchezi\u021bii \u00een Sectorul 2, \u00eempotriva \u201eprafurilor albe\u201d suspecte"}]},{"@type":"WebSite","@id":"https:\/\/buletin.de\/bucuresti\/#website","url":"https:\/\/buletin.de\/bucuresti\/","name":"Buletin de Bucure\u0219ti","description":"\u0218tiri \u0219i investiga\u021bii esen\u021biale din capital\u0103","publisher":{"@id":"https:\/\/buletin.de\/bucuresti\/#organization"},"potentialAction":[{"@type":"SearchAction","target":{"@type":"EntryPoint","urlTemplate":"https:\/\/buletin.de\/bucuresti\/?s={search_term_string}"},"query-input":{"@type":"PropertyValueSpecification","valueRequired":true,"valueName":"search_term_string"}}],"inLanguage":"en-GB"},{"@type":"Organization","@id":"https:\/\/buletin.de\/bucuresti\/#organization","name":"Buletin de Bucure\u0219ti","url":"https:\/\/buletin.de\/bucuresti\/","logo":{"@type":"ImageObject","inLanguage":"en-GB","@id":"https:\/\/buletin.de\/bucuresti\/#\/schema\/logo\/image\/","url":"https:\/\/buletin.de\/bucuresti\/wp-content\/uploads\/logo-bdb-full-wide-vernil-transparent.png","contentUrl":"https:\/\/buletin.de\/bucuresti\/wp-content\/uploads\/logo-bdb-full-wide-vernil-transparent.png","width":1782,"height":626,"caption":"Buletin de Bucure\u0219ti"},"image":{"@id":"https:\/\/buletin.de\/bucuresti\/#\/schema\/logo\/image\/"},"sameAs":["https:\/\/www.facebook.com\/buletin.de.buc","https:\/\/www.instagram.com\/buletinde.bucuresti\/"]},{"@type":"Person","@id":"https:\/\/buletin.de\/bucuresti\/#\/schema\/person\/ab174cf6711728e4ee83d672acf9a912","name":"Adina C\u0103p\u00eelnean","image":{"@type":"ImageObject","inLanguage":"en-GB","@id":"https:\/\/secure.gravatar.com\/avatar\/4fe9675d6282fd7c1aa4e486a037d532d5728fc16a30360f293eb6126b2e73ad?s=96&d=monsterid&r=ge2b23868508aec3460d3c6a11d3b599a","url":"https:\/\/secure.gravatar.com\/avatar\/4fe9675d6282fd7c1aa4e486a037d532d5728fc16a30360f293eb6126b2e73ad?s=96&d=monsterid&r=g","contentUrl":"https:\/\/secure.gravatar.com\/avatar\/4fe9675d6282fd7c1aa4e486a037d532d5728fc16a30360f293eb6126b2e73ad?s=96&d=monsterid&r=g","caption":"Adina C\u0103p\u00eelnean"},"url":"https:\/\/buletin.de\/bucuresti\/author\/adinacapilnean\/"}]}},"authors":[{"term_id":22580,"user_id":47,"is_guest":0,"slug":"adinacapilnean","display_name":"Adina C\u0103p\u00eelnean","avatar_url":"https:\/\/secure.gravatar.com\/avatar\/4fe9675d6282fd7c1aa4e486a037d532d5728fc16a30360f293eb6126b2e73ad?s=96&d=monsterid&r=g","0":null,"1":"","2":"","3":"","4":"","5":"","6":"","7":"","8":""}],"_links":{"self":[{"href":"https:\/\/buletin.de\/bucuresti\/wp-json\/wp\/v2\/posts\/61416","targetHints":{"allow":["GET"]}}],"collection":[{"href":"https:\/\/buletin.de\/bucuresti\/wp-json\/wp\/v2\/posts"}],"about":[{"href":"https:\/\/buletin.de\/bucuresti\/wp-json\/wp\/v2\/types\/post"}],"author":[{"embeddable":true,"href":"https:\/\/buletin.de\/bucuresti\/wp-json\/wp\/v2\/users\/47"}],"replies":[{"embeddable":true,"href":"https:\/\/buletin.de\/bucuresti\/wp-json\/wp\/v2\/comments?post=61416"}],"version-history":[{"count":0,"href":"https:\/\/buletin.de\/bucuresti\/wp-json\/wp\/v2\/posts\/61416\/revisions"}],"wp:featuredmedia":[{"embeddable":true,"href":"https:\/\/buletin.de\/bucuresti\/wp-json\/wp\/v2\/media\/61417"}],"wp:attachment":[{"href":"https:\/\/buletin.de\/bucuresti\/wp-json\/wp\/v2\/media?parent=61416"}],"wp:term":[{"taxonomy":"category","embeddable":true,"href":"https:\/\/buletin.de\/bucuresti\/wp-json\/wp\/v2\/categories?post=61416"},{"taxonomy":"post_tag","embeddable":true,"href":"https:\/\/buletin.de\/bucuresti\/wp-json\/wp\/v2\/tags?post=61416"},{"taxonomy":"author","embeddable":true,"href":"https:\/\/buletin.de\/bucuresti\/wp-json\/wp\/v2\/ppma_author?post=61416"}],"curies":[{"name":"wp","href":"https:\/\/api.w.org\/{rel}","templated":true}]}}