{"id":61331,"date":"2023-07-21T09:04:01","date_gmt":"2023-07-21T07:04:01","guid":{"rendered":"https:\/\/buletin.de\/bucuresti\/sector-5-i-teatrul-de-vara-capitol-a-fost-inchis\/"},"modified":"2023-07-21T09:04:01","modified_gmt":"2023-07-21T07:04:01","slug":"sector-5-i-teatrul-de-vara-capitol-a-fost-inchis","status":"publish","type":"post","link":"https:\/\/buletin.de\/bucuresti\/sector-5-i-teatrul-de-vara-capitol-a-fost-inchis\/","title":{"rendered":"Sector 5 I Teatrul de Var\u0103 Capitol a fost \u00eenchis"},"content":{"rendered":"\n<p><strong>Teatrul de Var\u0103 Capitol, din Sectorul 5 a fost \u00eenchis joi, 20 iulie, dup\u0103 ce, \u00een urma unui control, s-au constatat o serie de nereguli.<\/strong> <strong>Controlul autorit\u0103\u0163ilor s-a f\u0103cut pe baza sesiz\u0103rilor venite din partea cet\u0103\u0163enilor.<\/strong><\/p>\n\n\n\n<p>La concertul care urma sa se organizeze, cu mai mul\u0163i minori, inspectorii ANPC au constatat c\u0103 loca\u021bia era improprie organiz\u0103rii unui eveniment de o asemenea anvergur\u0103.<\/p>\n\n\n\n<p>\u201ePrimarul Sectorului 5, Cristian Popescu Piedone, a dispus ca viceprimarii, al\u0103turi de Poli\u0163ia Local\u0103 Sector 5 \u2013 Direc\u0163ia de Control, Serviciul Activit\u0103\u0163i Comerciale \u015fi Serviciul Protec\u0163ia Mediului, s\u0103 se al\u0103ture controlului efectuat de Poli\u0163ia Economic\u0103, Inspectoratul pentru Situa\u0163ii de Urgen\u0163\u0103 \u015fi Autoritatea Na\u0163ional\u0103 pentru Protec\u0163ia Consumatorilor, la Teatrul de Var\u0103 Capitol (Gr\u0103dina Alhambra), \u00een urma sesiz\u0103rilor venite din partea cet\u0103\u0163enilor privind organizarea unui concert la care urmau s\u0103 participe mai mul\u0163i minori\u201d,&nbsp;se arat\u0103 pe pagina de Facebook a Prim\u0103riei Sectorului 5.<\/p>\n\n\n\n<p>Inspectorii ANPC au g\u0103sit mai multe nereguli: b\u0103utura era depozitat\u0103 pe jos, aerul era irespirabil (nu existau aparate de aer condi\u0163ionat), iar tencuiala se desprindea de pe pere\u0163i, a precizat Prim\u0103ria.<\/p>\n\n\n\n<p>\u00cen urma celor constatate, evenimentul a fost suspendat \u015fi spa\u0163iul a fost \u00eenchis de c\u0103tre inspectorii ANPC.<\/p>\n\n\n\n<p>Direc\u0163ia General\u0103 de Poli\u0163ie Local\u0103 Sector 5 va face o sesizare la Prim\u0103ria Capitalei, Disciplina \u00een Construc\u0163ii \u015fi Ministerul Culturii cu privire la suspiciunea c\u0103 s-ar fi adus modific\u0103ri asupra construc\u0163iei, aceasta fiind pozi\u0163ionat\u0103 \u00een zona construit\u0103 protejat\u0103 \u201eRegina Elisabeta nr. 36\u201d, a men\u0163ionat sursa citat\u0103.<\/p>\n","protected":false},"excerpt":{"rendered":"<p>Teatrul de Var\u0103 Capitol, din Sectorul 5 a fost \u00eenchis joi, 20 iulie, dup\u0103 ce, \u00een urma unui control, s-au constatat o serie de nereguli. Controlul autorit\u0103\u0163ilor s-a f\u0103cut pe baza sesiz\u0103rilor venite din partea cet\u0103\u0163enilor. La concertul care urma sa se organizeze, cu mai mul\u0163i minori, inspectorii ANPC au constatat c\u0103 loca\u021bia era improprie [&hellip;]<\/p>\n","protected":false},"author":49,"featured_media":61332,"comment_status":"open","ping_status":"open","sticky":false,"template":"","format":"standard","meta":{"_acf_changed":false,"inline_featured_image":false,"ngg_post_thumbnail":0,"footnotes":""},"categories":[62],"tags":[3410,440,6429],"ppma_author":[22574],"class_list":["post-61331","post","type-post","status-publish","format-standard","has-post-thumbnail","hentry","category-stiri","tag-anpc","tag-sector-3","tag-treatru-de-vara"],"acf":[],"yoast_head":"<!-- This site is optimized with the Yoast SEO Premium plugin v25.3 (Yoast SEO v27.4) - https:\/\/yoast.com\/product\/yoast-seo-premium-wordpress\/ -->\n<title>Sector 5 I Teatrul de Var\u0103 Capitol a fost \u00eenchis - Buletin de Bucure\u0219ti<\/title>\n<meta name=\"robots\" content=\"index, follow, max-snippet:-1, max-image-preview:large, max-video-preview:-1\" \/>\n<link rel=\"canonical\" href=\"https:\/\/buletin.de\/bucuresti\/sector-5-i-teatrul-de-vara-capitol-a-fost-inchis\/\" \/>\n<meta property=\"og:locale\" content=\"en_GB\" \/>\n<meta property=\"og:type\" content=\"article\" \/>\n<meta property=\"og:title\" content=\"Sector 5 I Teatrul de Var\u0103 Capitol a fost \u00eenchis\" \/>\n<meta property=\"og:description\" content=\"Teatrul de Var\u0103 Capitol, din Sectorul 5 a fost \u00eenchis joi, 20 iulie, dup\u0103 ce, \u00een urma unui control, s-au constatat o serie de nereguli. Controlul autorit\u0103\u0163ilor s-a f\u0103cut pe baza sesiz\u0103rilor venite din partea cet\u0103\u0163enilor. La concertul care urma sa se organizeze, cu mai mul\u0163i minori, inspectorii ANPC au constatat c\u0103 loca\u021bia era improprie [&hellip;]\" \/>\n<meta property=\"og:url\" content=\"https:\/\/buletin.de\/bucuresti\/sector-5-i-teatrul-de-vara-capitol-a-fost-inchis\/\" \/>\n<meta property=\"og:site_name\" content=\"Buletin de Bucure\u0219ti\" \/>\n<meta property=\"article:publisher\" content=\"https:\/\/www.facebook.com\/buletin.de.buc\" \/>\n<meta property=\"article:published_time\" content=\"2023-07-21T07:04:01+00:00\" \/>\n<meta property=\"og:image\" content=\"https:\/\/buletin.de\/bucuresti\/wp-content\/uploads\/teatru-de-vara.jpeg\" \/>\n\t<meta property=\"og:image:width\" content=\"1200\" \/>\n\t<meta property=\"og:image:height\" content=\"1600\" \/>\n\t<meta property=\"og:image:type\" content=\"image\/jpeg\" \/>\n<meta name=\"author\" content=\"Diana Matei\" \/>\n<meta name=\"twitter:card\" content=\"summary_large_image\" \/>\n<meta name=\"twitter:label1\" content=\"Written by\" \/>\n\t<meta name=\"twitter:data1\" content=\"Diana Matei\" \/>\n\t<meta name=\"twitter:label2\" content=\"Estimated reading time\" \/>\n\t<meta name=\"twitter:data2\" content=\"2 minutes\" \/>\n<script type=\"application\/ld+json\" class=\"yoast-schema-graph\">{\"@context\":\"https:\\\/\\\/schema.org\",\"@graph\":[{\"@type\":\"Article\",\"@id\":\"https:\\\/\\\/buletin.de\\\/bucuresti\\\/sector-5-i-teatrul-de-vara-capitol-a-fost-inchis\\\/#article\",\"isPartOf\":{\"@id\":\"https:\\\/\\\/buletin.de\\\/bucuresti\\\/sector-5-i-teatrul-de-vara-capitol-a-fost-inchis\\\/\"},\"author\":{\"name\":\"Diana Matei\",\"@id\":\"https:\\\/\\\/buletin.de\\\/bucuresti\\\/#\\\/schema\\\/person\\\/7e46040573290777280a0835d81ea4ea\"},\"headline\":\"Sector 5 I Teatrul de Var\u0103 Capitol a fost \u00eenchis\",\"datePublished\":\"2023-07-21T07:04:01+00:00\",\"mainEntityOfPage\":{\"@id\":\"https:\\\/\\\/buletin.de\\\/bucuresti\\\/sector-5-i-teatrul-de-vara-capitol-a-fost-inchis\\\/\"},\"wordCount\":277,\"commentCount\":0,\"publisher\":{\"@id\":\"https:\\\/\\\/buletin.de\\\/bucuresti\\\/#organization\"},\"image\":{\"@id\":\"https:\\\/\\\/buletin.de\\\/bucuresti\\\/sector-5-i-teatrul-de-vara-capitol-a-fost-inchis\\\/#primaryimage\"},\"thumbnailUrl\":\"https:\\\/\\\/buletin.de\\\/bucuresti\\\/wp-content\\\/uploads\\\/teatru-de-vara.jpeg\",\"keywords\":[\"anpc\",\"Sector 3\",\"treatru de vara\"],\"articleSection\":[\"\u0218tiri\"],\"inLanguage\":\"en-GB\",\"potentialAction\":[{\"@type\":\"CommentAction\",\"name\":\"Comment\",\"target\":[\"https:\\\/\\\/buletin.de\\\/bucuresti\\\/sector-5-i-teatrul-de-vara-capitol-a-fost-inchis\\\/#respond\"]}],\"copyrightYear\":\"2023\",\"copyrightHolder\":{\"@id\":\"https:\\\/\\\/buletin.de\\\/bucuresti\\\/#organization\"}},{\"@type\":\"WebPage\",\"@id\":\"https:\\\/\\\/buletin.de\\\/bucuresti\\\/sector-5-i-teatrul-de-vara-capitol-a-fost-inchis\\\/\",\"url\":\"https:\\\/\\\/buletin.de\\\/bucuresti\\\/sector-5-i-teatrul-de-vara-capitol-a-fost-inchis\\\/\",\"name\":\"Sector 5 I Teatrul de Var\u0103 Capitol a fost \u00eenchis - Buletin de Bucure\u0219ti\",\"isPartOf\":{\"@id\":\"https:\\\/\\\/buletin.de\\\/bucuresti\\\/#website\"},\"primaryImageOfPage\":{\"@id\":\"https:\\\/\\\/buletin.de\\\/bucuresti\\\/sector-5-i-teatrul-de-vara-capitol-a-fost-inchis\\\/#primaryimage\"},\"image\":{\"@id\":\"https:\\\/\\\/buletin.de\\\/bucuresti\\\/sector-5-i-teatrul-de-vara-capitol-a-fost-inchis\\\/#primaryimage\"},\"thumbnailUrl\":\"https:\\\/\\\/buletin.de\\\/bucuresti\\\/wp-content\\\/uploads\\\/teatru-de-vara.jpeg\",\"datePublished\":\"2023-07-21T07:04:01+00:00\",\"breadcrumb\":{\"@id\":\"https:\\\/\\\/buletin.de\\\/bucuresti\\\/sector-5-i-teatrul-de-vara-capitol-a-fost-inchis\\\/#breadcrumb\"},\"inLanguage\":\"en-GB\",\"potentialAction\":[{\"@type\":\"ReadAction\",\"target\":[\"https:\\\/\\\/buletin.de\\\/bucuresti\\\/sector-5-i-teatrul-de-vara-capitol-a-fost-inchis\\\/\"]}]},{\"@type\":\"ImageObject\",\"inLanguage\":\"en-GB\",\"@id\":\"https:\\\/\\\/buletin.de\\\/bucuresti\\\/sector-5-i-teatrul-de-vara-capitol-a-fost-inchis\\\/#primaryimage\",\"url\":\"https:\\\/\\\/buletin.de\\\/bucuresti\\\/wp-content\\\/uploads\\\/teatru-de-vara.jpeg\",\"contentUrl\":\"https:\\\/\\\/buletin.de\\\/bucuresti\\\/wp-content\\\/uploads\\\/teatru-de-vara.jpeg\",\"width\":1200,\"height\":1600},{\"@type\":\"BreadcrumbList\",\"@id\":\"https:\\\/\\\/buletin.de\\\/bucuresti\\\/sector-5-i-teatrul-de-vara-capitol-a-fost-inchis\\\/#breadcrumb\",\"itemListElement\":[{\"@type\":\"ListItem\",\"position\":1,\"name\":\"Acas\u0103\",\"item\":\"https:\\\/\\\/buletin.de\\\/bucuresti\\\/\"},{\"@type\":\"ListItem\",\"position\":2,\"name\":\"Sector 5 I Teatrul de Var\u0103 Capitol a fost \u00eenchis\"}]},{\"@type\":\"WebSite\",\"@id\":\"https:\\\/\\\/buletin.de\\\/bucuresti\\\/#website\",\"url\":\"https:\\\/\\\/buletin.de\\\/bucuresti\\\/\",\"name\":\"Buletin de Bucure\u0219ti\",\"description\":\"\u0218tiri \u0219i investiga\u021bii esen\u021biale din capital\u0103\",\"publisher\":{\"@id\":\"https:\\\/\\\/buletin.de\\\/bucuresti\\\/#organization\"},\"potentialAction\":[{\"@type\":\"SearchAction\",\"target\":{\"@type\":\"EntryPoint\",\"urlTemplate\":\"https:\\\/\\\/buletin.de\\\/bucuresti\\\/?s={search_term_string}\"},\"query-input\":{\"@type\":\"PropertyValueSpecification\",\"valueRequired\":true,\"valueName\":\"search_term_string\"}}],\"inLanguage\":\"en-GB\"},{\"@type\":\"Organization\",\"@id\":\"https:\\\/\\\/buletin.de\\\/bucuresti\\\/#organization\",\"name\":\"Buletin de Bucure\u0219ti\",\"url\":\"https:\\\/\\\/buletin.de\\\/bucuresti\\\/\",\"logo\":{\"@type\":\"ImageObject\",\"inLanguage\":\"en-GB\",\"@id\":\"https:\\\/\\\/buletin.de\\\/bucuresti\\\/#\\\/schema\\\/logo\\\/image\\\/\",\"url\":\"https:\\\/\\\/buletin.de\\\/bucuresti\\\/wp-content\\\/uploads\\\/logo-bdb-full-wide-vernil-transparent.png\",\"contentUrl\":\"https:\\\/\\\/buletin.de\\\/bucuresti\\\/wp-content\\\/uploads\\\/logo-bdb-full-wide-vernil-transparent.png\",\"width\":1782,\"height\":626,\"caption\":\"Buletin de Bucure\u0219ti\"},\"image\":{\"@id\":\"https:\\\/\\\/buletin.de\\\/bucuresti\\\/#\\\/schema\\\/logo\\\/image\\\/\"},\"sameAs\":[\"https:\\\/\\\/www.facebook.com\\\/buletin.de.buc\",\"https:\\\/\\\/www.instagram.com\\\/buletinde.bucuresti\\\/\"]},{\"@type\":\"Person\",\"@id\":\"https:\\\/\\\/buletin.de\\\/bucuresti\\\/#\\\/schema\\\/person\\\/7e46040573290777280a0835d81ea4ea\",\"name\":\"Diana Matei\",\"image\":{\"@type\":\"ImageObject\",\"inLanguage\":\"en-GB\",\"@id\":\"https:\\\/\\\/buletin.de\\\/bucuresti\\\/wp-content\\\/uploads\\\/9-2-96x96.jpg1e8590b30871d70e62ebcdaf2eff570c\",\"url\":\"https:\\\/\\\/buletin.de\\\/bucuresti\\\/wp-content\\\/uploads\\\/9-2-96x96.jpg\",\"contentUrl\":\"https:\\\/\\\/buletin.de\\\/bucuresti\\\/wp-content\\\/uploads\\\/9-2-96x96.jpg\",\"caption\":\"Diana Matei\"},\"url\":\"https:\\\/\\\/buletin.de\\\/bucuresti\\\/author\\\/dianamatei\\\/\"}]}<\/script>\n<!-- \/ Yoast SEO Premium plugin. -->","yoast_head_json":{"title":"Sector 5 I Teatrul de Var\u0103 Capitol a fost \u00eenchis - Buletin de Bucure\u0219ti","robots":{"index":"index","follow":"follow","max-snippet":"max-snippet:-1","max-image-preview":"max-image-preview:large","max-video-preview":"max-video-preview:-1"},"canonical":"https:\/\/buletin.de\/bucuresti\/sector-5-i-teatrul-de-vara-capitol-a-fost-inchis\/","og_locale":"en_GB","og_type":"article","og_title":"Sector 5 I Teatrul de Var\u0103 Capitol a fost \u00eenchis","og_description":"Teatrul de Var\u0103 Capitol, din Sectorul 5 a fost \u00eenchis joi, 20 iulie, dup\u0103 ce, \u00een urma unui control, s-au constatat o serie de nereguli. Controlul autorit\u0103\u0163ilor s-a f\u0103cut pe baza sesiz\u0103rilor venite din partea cet\u0103\u0163enilor. La concertul care urma sa se organizeze, cu mai mul\u0163i minori, inspectorii ANPC au constatat c\u0103 loca\u021bia era improprie [&hellip;]","og_url":"https:\/\/buletin.de\/bucuresti\/sector-5-i-teatrul-de-vara-capitol-a-fost-inchis\/","og_site_name":"Buletin de Bucure\u0219ti","article_publisher":"https:\/\/www.facebook.com\/buletin.de.buc","article_published_time":"2023-07-21T07:04:01+00:00","og_image":[{"width":1200,"height":1600,"url":"https:\/\/buletin.de\/bucuresti\/wp-content\/uploads\/teatru-de-vara.jpeg","type":"image\/jpeg"}],"author":"Diana Matei","twitter_card":"summary_large_image","twitter_misc":{"Written by":"Diana Matei","Estimated reading time":"2 minutes"},"schema":{"@context":"https:\/\/schema.org","@graph":[{"@type":"Article","@id":"https:\/\/buletin.de\/bucuresti\/sector-5-i-teatrul-de-vara-capitol-a-fost-inchis\/#article","isPartOf":{"@id":"https:\/\/buletin.de\/bucuresti\/sector-5-i-teatrul-de-vara-capitol-a-fost-inchis\/"},"author":{"name":"Diana Matei","@id":"https:\/\/buletin.de\/bucuresti\/#\/schema\/person\/7e46040573290777280a0835d81ea4ea"},"headline":"Sector 5 I Teatrul de Var\u0103 Capitol a fost \u00eenchis","datePublished":"2023-07-21T07:04:01+00:00","mainEntityOfPage":{"@id":"https:\/\/buletin.de\/bucuresti\/sector-5-i-teatrul-de-vara-capitol-a-fost-inchis\/"},"wordCount":277,"commentCount":0,"publisher":{"@id":"https:\/\/buletin.de\/bucuresti\/#organization"},"image":{"@id":"https:\/\/buletin.de\/bucuresti\/sector-5-i-teatrul-de-vara-capitol-a-fost-inchis\/#primaryimage"},"thumbnailUrl":"https:\/\/buletin.de\/bucuresti\/wp-content\/uploads\/teatru-de-vara.jpeg","keywords":["anpc","Sector 3","treatru de vara"],"articleSection":["\u0218tiri"],"inLanguage":"en-GB","potentialAction":[{"@type":"CommentAction","name":"Comment","target":["https:\/\/buletin.de\/bucuresti\/sector-5-i-teatrul-de-vara-capitol-a-fost-inchis\/#respond"]}],"copyrightYear":"2023","copyrightHolder":{"@id":"https:\/\/buletin.de\/bucuresti\/#organization"}},{"@type":"WebPage","@id":"https:\/\/buletin.de\/bucuresti\/sector-5-i-teatrul-de-vara-capitol-a-fost-inchis\/","url":"https:\/\/buletin.de\/bucuresti\/sector-5-i-teatrul-de-vara-capitol-a-fost-inchis\/","name":"Sector 5 I Teatrul de Var\u0103 Capitol a fost \u00eenchis - Buletin de Bucure\u0219ti","isPartOf":{"@id":"https:\/\/buletin.de\/bucuresti\/#website"},"primaryImageOfPage":{"@id":"https:\/\/buletin.de\/bucuresti\/sector-5-i-teatrul-de-vara-capitol-a-fost-inchis\/#primaryimage"},"image":{"@id":"https:\/\/buletin.de\/bucuresti\/sector-5-i-teatrul-de-vara-capitol-a-fost-inchis\/#primaryimage"},"thumbnailUrl":"https:\/\/buletin.de\/bucuresti\/wp-content\/uploads\/teatru-de-vara.jpeg","datePublished":"2023-07-21T07:04:01+00:00","breadcrumb":{"@id":"https:\/\/buletin.de\/bucuresti\/sector-5-i-teatrul-de-vara-capitol-a-fost-inchis\/#breadcrumb"},"inLanguage":"en-GB","potentialAction":[{"@type":"ReadAction","target":["https:\/\/buletin.de\/bucuresti\/sector-5-i-teatrul-de-vara-capitol-a-fost-inchis\/"]}]},{"@type":"ImageObject","inLanguage":"en-GB","@id":"https:\/\/buletin.de\/bucuresti\/sector-5-i-teatrul-de-vara-capitol-a-fost-inchis\/#primaryimage","url":"https:\/\/buletin.de\/bucuresti\/wp-content\/uploads\/teatru-de-vara.jpeg","contentUrl":"https:\/\/buletin.de\/bucuresti\/wp-content\/uploads\/teatru-de-vara.jpeg","width":1200,"height":1600},{"@type":"BreadcrumbList","@id":"https:\/\/buletin.de\/bucuresti\/sector-5-i-teatrul-de-vara-capitol-a-fost-inchis\/#breadcrumb","itemListElement":[{"@type":"ListItem","position":1,"name":"Acas\u0103","item":"https:\/\/buletin.de\/bucuresti\/"},{"@type":"ListItem","position":2,"name":"Sector 5 I Teatrul de Var\u0103 Capitol a fost \u00eenchis"}]},{"@type":"WebSite","@id":"https:\/\/buletin.de\/bucuresti\/#website","url":"https:\/\/buletin.de\/bucuresti\/","name":"Buletin de Bucure\u0219ti","description":"\u0218tiri \u0219i investiga\u021bii esen\u021biale din capital\u0103","publisher":{"@id":"https:\/\/buletin.de\/bucuresti\/#organization"},"potentialAction":[{"@type":"SearchAction","target":{"@type":"EntryPoint","urlTemplate":"https:\/\/buletin.de\/bucuresti\/?s={search_term_string}"},"query-input":{"@type":"PropertyValueSpecification","valueRequired":true,"valueName":"search_term_string"}}],"inLanguage":"en-GB"},{"@type":"Organization","@id":"https:\/\/buletin.de\/bucuresti\/#organization","name":"Buletin de Bucure\u0219ti","url":"https:\/\/buletin.de\/bucuresti\/","logo":{"@type":"ImageObject","inLanguage":"en-GB","@id":"https:\/\/buletin.de\/bucuresti\/#\/schema\/logo\/image\/","url":"https:\/\/buletin.de\/bucuresti\/wp-content\/uploads\/logo-bdb-full-wide-vernil-transparent.png","contentUrl":"https:\/\/buletin.de\/bucuresti\/wp-content\/uploads\/logo-bdb-full-wide-vernil-transparent.png","width":1782,"height":626,"caption":"Buletin de Bucure\u0219ti"},"image":{"@id":"https:\/\/buletin.de\/bucuresti\/#\/schema\/logo\/image\/"},"sameAs":["https:\/\/www.facebook.com\/buletin.de.buc","https:\/\/www.instagram.com\/buletinde.bucuresti\/"]},{"@type":"Person","@id":"https:\/\/buletin.de\/bucuresti\/#\/schema\/person\/7e46040573290777280a0835d81ea4ea","name":"Diana Matei","image":{"@type":"ImageObject","inLanguage":"en-GB","@id":"https:\/\/buletin.de\/bucuresti\/wp-content\/uploads\/9-2-96x96.jpg1e8590b30871d70e62ebcdaf2eff570c","url":"https:\/\/buletin.de\/bucuresti\/wp-content\/uploads\/9-2-96x96.jpg","contentUrl":"https:\/\/buletin.de\/bucuresti\/wp-content\/uploads\/9-2-96x96.jpg","caption":"Diana Matei"},"url":"https:\/\/buletin.de\/bucuresti\/author\/dianamatei\/"}]}},"authors":[{"term_id":22574,"user_id":49,"is_guest":0,"slug":"dianamatei","display_name":"Diana Matei","avatar_url":"https:\/\/buletin.de\/bucuresti\/wp-content\/uploads\/9-2-96x96.jpg","0":null,"1":"","2":"","3":"","4":"","5":"","6":"","7":"","8":""}],"_links":{"self":[{"href":"https:\/\/buletin.de\/bucuresti\/wp-json\/wp\/v2\/posts\/61331","targetHints":{"allow":["GET"]}}],"collection":[{"href":"https:\/\/buletin.de\/bucuresti\/wp-json\/wp\/v2\/posts"}],"about":[{"href":"https:\/\/buletin.de\/bucuresti\/wp-json\/wp\/v2\/types\/post"}],"author":[{"embeddable":true,"href":"https:\/\/buletin.de\/bucuresti\/wp-json\/wp\/v2\/users\/49"}],"replies":[{"embeddable":true,"href":"https:\/\/buletin.de\/bucuresti\/wp-json\/wp\/v2\/comments?post=61331"}],"version-history":[{"count":0,"href":"https:\/\/buletin.de\/bucuresti\/wp-json\/wp\/v2\/posts\/61331\/revisions"}],"wp:featuredmedia":[{"embeddable":true,"href":"https:\/\/buletin.de\/bucuresti\/wp-json\/wp\/v2\/media\/61332"}],"wp:attachment":[{"href":"https:\/\/buletin.de\/bucuresti\/wp-json\/wp\/v2\/media?parent=61331"}],"wp:term":[{"taxonomy":"category","embeddable":true,"href":"https:\/\/buletin.de\/bucuresti\/wp-json\/wp\/v2\/categories?post=61331"},{"taxonomy":"post_tag","embeddable":true,"href":"https:\/\/buletin.de\/bucuresti\/wp-json\/wp\/v2\/tags?post=61331"},{"taxonomy":"author","embeddable":true,"href":"https:\/\/buletin.de\/bucuresti\/wp-json\/wp\/v2\/ppma_author?post=61331"}],"curies":[{"name":"wp","href":"https:\/\/api.w.org\/{rel}","templated":true}]}}