{"id":61327,"date":"2023-07-21T06:16:57","date_gmt":"2023-07-21T04:16:57","guid":{"rendered":"https:\/\/buletin.de\/bucuresti\/efectul-picasso-in-septembrie-la-muzeul-de-arta-recenta-din-capitala\/"},"modified":"2023-09-18T13:06:46","modified_gmt":"2023-09-18T11:06:46","slug":"efectul-picasso-in-septembrie-la-muzeul-de-arta-recenta-din-capitala","status":"publish","type":"post","link":"https:\/\/buletin.de\/bucuresti\/efectul-picasso-in-septembrie-la-muzeul-de-arta-recenta-din-capitala\/","title":{"rendered":"&#8220;Efectul Picasso&#8221;, \u00een septembrie, la Muzeul de Art\u0103 Recent\u0103 din Capital\u0103"},"content":{"rendered":"\n<p><strong>La finalul lunii Septembrie, Galeria MARe din Bucure\u0219ti va inaugura \u201dEfectul Picasso\u201d, o expozi\u021bie ce cuprinde peste 40 de lucr\u0103ri semnate de artistul spaniol \u0219i alte 50 ale arti\u0219tilor rom\u00e2ni care s-au inspirat din munca ibericului.<\/strong><\/p>\n\n\n\n<p>\u201cEfectul Picasso\u201d se va deschide pe 27 septembrie 2023 la Muzeul de Art\u0103 Recent\u0103 din Bucure\u0219ti \u0219i se va \u00eenchide pe 8 ianuarie 2024. Cuprinde 46 de lucr\u0103ri semnate de artistul spaniol \u0219i 50 de lucr\u0103ri ale arti\u0219tilor rom\u00e2ni care au fost inspira\u021bi de acesta.<br>\u201dEvenimentul este organizat \u00een parteneriat cu Mus\u00e9e National Picasso-Paris \u0219i celebreaz\u0103 50 de ani de la dispari\u021bia lui Pablo Picasso, printr-un proiect \u00een care sunt parte alte 42 de muzee din lume, care vor deschide \u0219i ele expozi\u021bii dedicate artistului. Rom\u00e2nia este singura \u021bar\u0103 dintre statele central- \u0219i est-europene care face parte din amplul proiect lansat de Spania \u0219i Fran\u021ba, printr-un parteneriat guvernamental\u201d, se precizeaz\u0103 \u00een descrierea expozi\u021biei.<\/p>\n\n\n\n<p>\u201dEfectul Picasso\u201d cuprinde 42 de expozi\u021bii \u00een 8 \u021b\u0103ri \u0219i marcheaz\u0103 50 de ani de la moartea artistului spaniol. <\/p>\n\n\n\n<figure class=\"wp-block-image size-large\"><img decoding=\"async\" src=\"data:image\/gif;base64,R0lGODlhAQABAAAAACH5BAEKAAEALAAAAAABAAEAAAICTAEAOw==\" data-src=\"https:\/\/buletin.de\/bucuresti\/wp-content\/uploads\/efectul-picasso-900x896.png\" alt=\"\" class=\"wp-image-61508 lazyload\"\/><\/figure>\n\n\n\n<p>MARe\/Muzeul de Arta Recent\u0103 a fost realizat \u0219i administrat de Funda\u021bia MARe \u0219i deschis publicului \u00een octombrie 2018. Acesta \u00ee\u0219i desf\u0103\u0219oar\u0103 activitatea \u00eentr-o&nbsp;cl\u0103dire de 1200 mp desf\u0103\u0219urat\u0103 pe 5 niveluri, dotat\u0103 cu toate spa\u021biile, echipamentele, serviciile, programele \u0219i cadrele de specialitate cerute de exigen\u021bele muzeografice.<\/p>\n\n\n\n<p>Nou, at\u00e2t din punct de vedere cronologic, c\u00e2t \u0219i din punct de vedere al discursului, al abord\u0103rii, al propunerilor sale \u0219i al unui important departament educa\u021bional, MARe \u00ee\u0219i propune s\u0103 fie din toate punctele de vedere un \u201espa\u021biu-eveniment\u201d deschis artei contemporane.<\/p>\n\n\n\n<p>Cite\u0219te \u0219i:<\/p>\n\n\n\n<figure class=\"wp-block-embed is-type-wp-embed is-provider-buletin-de-bucure\u0219ti wp-block-embed-buletin-de-bucure\u0219ti\"><div class=\"wp-block-embed__wrapper\">\n<blockquote class=\"wp-embedded-content\" data-secret=\"XPnJ8nNTIv\"><a href=\"https:\/\/buletin.de\/bucuresti\/editorial-din-gara-de-nord-pe-sine-dilatate-cu-trenul-soarelui\/\">EDITORIAL | Din Gara de Nord, pe \u015fine dilatate, cu Trenul Soarelui<\/a><\/blockquote><iframe class=\"wp-embedded-content\" sandbox=\"allow-scripts\" security=\"restricted\" style=\"position: absolute; clip: rect(1px, 1px, 1px, 1px);\" title=\"&#8220;EDITORIAL | Din Gara de Nord, pe \u015fine dilatate, cu Trenul Soarelui&#8221; &#8212; Buletin de Bucure\u0219ti\" src=\"https:\/\/buletin.de\/bucuresti\/editorial-din-gara-de-nord-pe-sine-dilatate-cu-trenul-soarelui\/embed\/#?secret=SfY56zAlBO#?secret=XPnJ8nNTIv\" data-secret=\"XPnJ8nNTIv\" width=\"600\" height=\"338\" frameborder=\"0\" marginwidth=\"0\" marginheight=\"0\" scrolling=\"no\"><\/iframe>\n<\/div><\/figure>\n","protected":false},"excerpt":{"rendered":"<p>La finalul lunii Septembrie, Galeria MARe din Bucure\u0219ti va inaugura \u201dEfectul Picasso\u201d, o expozi\u021bie ce cuprinde peste 40 de lucr\u0103ri semnate de artistul spaniol \u0219i alte 50 ale arti\u0219tilor rom\u00e2ni care s-au inspirat din munca ibericului. \u201cEfectul Picasso\u201d se va deschide pe 27 septembrie 2023 la Muzeul de Art\u0103 Recent\u0103 din Bucure\u0219ti \u0219i se va [&hellip;]<\/p>\n","protected":false},"author":50,"featured_media":61330,"comment_status":"open","ping_status":"open","sticky":false,"template":"","format":"standard","meta":{"_acf_changed":false,"inline_featured_image":false,"ngg_post_thumbnail":0,"footnotes":""},"categories":[62],"tags":[6427,2270,6428],"ppma_author":[22607],"class_list":["post-61327","post","type-post","status-publish","format-standard","has-post-thumbnail","hentry","category-stiri","tag-efectul-picasso","tag-expozitie","tag-mare"],"acf":[],"yoast_head":"<!-- This site is optimized with the Yoast SEO Premium plugin v25.3 (Yoast SEO v27.4) - https:\/\/yoast.com\/product\/yoast-seo-premium-wordpress\/ -->\n<title>&quot;Efectul Picasso&quot;, \u00een septembrie, la Muzeul de Art\u0103 Recent\u0103 din Capital\u0103 - Buletin de Bucure\u0219ti<\/title>\n<meta name=\"robots\" content=\"index, follow, max-snippet:-1, max-image-preview:large, max-video-preview:-1\" \/>\n<link rel=\"canonical\" href=\"https:\/\/buletin.de\/bucuresti\/efectul-picasso-in-septembrie-la-muzeul-de-arta-recenta-din-capitala\/\" \/>\n<meta property=\"og:locale\" content=\"en_GB\" \/>\n<meta property=\"og:type\" content=\"article\" \/>\n<meta property=\"og:title\" content=\"&quot;Efectul Picasso&quot;, \u00een septembrie, la Muzeul de Art\u0103 Recent\u0103 din Capital\u0103\" \/>\n<meta property=\"og:description\" content=\"La finalul lunii Septembrie, Galeria MARe din Bucure\u0219ti va inaugura \u201dEfectul Picasso\u201d, o expozi\u021bie ce cuprinde peste 40 de lucr\u0103ri semnate de artistul spaniol \u0219i alte 50 ale arti\u0219tilor rom\u00e2ni care s-au inspirat din munca ibericului. \u201cEfectul Picasso\u201d se va deschide pe 27 septembrie 2023 la Muzeul de Art\u0103 Recent\u0103 din Bucure\u0219ti \u0219i se va [&hellip;]\" \/>\n<meta property=\"og:url\" content=\"https:\/\/buletin.de\/bucuresti\/efectul-picasso-in-septembrie-la-muzeul-de-arta-recenta-din-capitala\/\" \/>\n<meta property=\"og:site_name\" content=\"Buletin de Bucure\u0219ti\" \/>\n<meta property=\"article:publisher\" content=\"https:\/\/www.facebook.com\/buletin.de.buc\" \/>\n<meta property=\"article:published_time\" content=\"2023-07-21T04:16:57+00:00\" \/>\n<meta property=\"article:modified_time\" content=\"2023-09-18T11:06:46+00:00\" \/>\n<meta property=\"og:image\" content=\"https:\/\/buletin.de\/bucuresti\/wp-content\/uploads\/Darie-Dup-min.jpeg\" \/>\n\t<meta property=\"og:image:width\" content=\"1926\" \/>\n\t<meta property=\"og:image:height\" content=\"2062\" \/>\n\t<meta property=\"og:image:type\" content=\"image\/jpeg\" \/>\n<meta name=\"author\" content=\"Radu \u021au\u021bulan\" \/>\n<meta name=\"twitter:card\" content=\"summary_large_image\" \/>\n<meta name=\"twitter:label1\" content=\"Written by\" \/>\n\t<meta name=\"twitter:data1\" content=\"Radu \u021au\u021bulan\" \/>\n\t<meta name=\"twitter:label2\" content=\"Estimated reading time\" \/>\n\t<meta name=\"twitter:data2\" content=\"2 minutes\" \/>\n<script type=\"application\/ld+json\" class=\"yoast-schema-graph\">{\"@context\":\"https:\\\/\\\/schema.org\",\"@graph\":[{\"@type\":\"Article\",\"@id\":\"https:\\\/\\\/buletin.de\\\/bucuresti\\\/efectul-picasso-in-septembrie-la-muzeul-de-arta-recenta-din-capitala\\\/#article\",\"isPartOf\":{\"@id\":\"https:\\\/\\\/buletin.de\\\/bucuresti\\\/efectul-picasso-in-septembrie-la-muzeul-de-arta-recenta-din-capitala\\\/\"},\"author\":{\"name\":\"Radu \u021au\u021bulan\",\"@id\":\"https:\\\/\\\/buletin.de\\\/bucuresti\\\/#\\\/schema\\\/person\\\/de406e78845db7cf82b164907b113873\"},\"headline\":\"&#8220;Efectul Picasso&#8221;, \u00een septembrie, la Muzeul de Art\u0103 Recent\u0103 din Capital\u0103\",\"datePublished\":\"2023-07-21T04:16:57+00:00\",\"dateModified\":\"2023-09-18T11:06:46+00:00\",\"mainEntityOfPage\":{\"@id\":\"https:\\\/\\\/buletin.de\\\/bucuresti\\\/efectul-picasso-in-septembrie-la-muzeul-de-arta-recenta-din-capitala\\\/\"},\"wordCount\":289,\"commentCount\":0,\"publisher\":{\"@id\":\"https:\\\/\\\/buletin.de\\\/bucuresti\\\/#organization\"},\"image\":{\"@id\":\"https:\\\/\\\/buletin.de\\\/bucuresti\\\/efectul-picasso-in-septembrie-la-muzeul-de-arta-recenta-din-capitala\\\/#primaryimage\"},\"thumbnailUrl\":\"https:\\\/\\\/buletin.de\\\/bucuresti\\\/wp-content\\\/uploads\\\/Darie-Dup-min.jpeg\",\"keywords\":[\"efectul picasso\",\"expozitie\",\"mare\"],\"articleSection\":[\"\u0218tiri\"],\"inLanguage\":\"en-GB\",\"potentialAction\":[{\"@type\":\"CommentAction\",\"name\":\"Comment\",\"target\":[\"https:\\\/\\\/buletin.de\\\/bucuresti\\\/efectul-picasso-in-septembrie-la-muzeul-de-arta-recenta-din-capitala\\\/#respond\"]}],\"copyrightYear\":\"2023\",\"copyrightHolder\":{\"@id\":\"https:\\\/\\\/buletin.de\\\/bucuresti\\\/#organization\"}},{\"@type\":\"WebPage\",\"@id\":\"https:\\\/\\\/buletin.de\\\/bucuresti\\\/efectul-picasso-in-septembrie-la-muzeul-de-arta-recenta-din-capitala\\\/\",\"url\":\"https:\\\/\\\/buletin.de\\\/bucuresti\\\/efectul-picasso-in-septembrie-la-muzeul-de-arta-recenta-din-capitala\\\/\",\"name\":\"\\\"Efectul Picasso\\\", \u00een septembrie, la Muzeul de Art\u0103 Recent\u0103 din Capital\u0103 - Buletin de Bucure\u0219ti\",\"isPartOf\":{\"@id\":\"https:\\\/\\\/buletin.de\\\/bucuresti\\\/#website\"},\"primaryImageOfPage\":{\"@id\":\"https:\\\/\\\/buletin.de\\\/bucuresti\\\/efectul-picasso-in-septembrie-la-muzeul-de-arta-recenta-din-capitala\\\/#primaryimage\"},\"image\":{\"@id\":\"https:\\\/\\\/buletin.de\\\/bucuresti\\\/efectul-picasso-in-septembrie-la-muzeul-de-arta-recenta-din-capitala\\\/#primaryimage\"},\"thumbnailUrl\":\"https:\\\/\\\/buletin.de\\\/bucuresti\\\/wp-content\\\/uploads\\\/Darie-Dup-min.jpeg\",\"datePublished\":\"2023-07-21T04:16:57+00:00\",\"dateModified\":\"2023-09-18T11:06:46+00:00\",\"breadcrumb\":{\"@id\":\"https:\\\/\\\/buletin.de\\\/bucuresti\\\/efectul-picasso-in-septembrie-la-muzeul-de-arta-recenta-din-capitala\\\/#breadcrumb\"},\"inLanguage\":\"en-GB\",\"potentialAction\":[{\"@type\":\"ReadAction\",\"target\":[\"https:\\\/\\\/buletin.de\\\/bucuresti\\\/efectul-picasso-in-septembrie-la-muzeul-de-arta-recenta-din-capitala\\\/\"]}]},{\"@type\":\"ImageObject\",\"inLanguage\":\"en-GB\",\"@id\":\"https:\\\/\\\/buletin.de\\\/bucuresti\\\/efectul-picasso-in-septembrie-la-muzeul-de-arta-recenta-din-capitala\\\/#primaryimage\",\"url\":\"https:\\\/\\\/buletin.de\\\/bucuresti\\\/wp-content\\\/uploads\\\/Darie-Dup-min.jpeg\",\"contentUrl\":\"https:\\\/\\\/buletin.de\\\/bucuresti\\\/wp-content\\\/uploads\\\/Darie-Dup-min.jpeg\",\"width\":1926,\"height\":2062},{\"@type\":\"BreadcrumbList\",\"@id\":\"https:\\\/\\\/buletin.de\\\/bucuresti\\\/efectul-picasso-in-septembrie-la-muzeul-de-arta-recenta-din-capitala\\\/#breadcrumb\",\"itemListElement\":[{\"@type\":\"ListItem\",\"position\":1,\"name\":\"Acas\u0103\",\"item\":\"https:\\\/\\\/buletin.de\\\/bucuresti\\\/\"},{\"@type\":\"ListItem\",\"position\":2,\"name\":\"&#8220;Efectul Picasso&#8221;, \u00een septembrie, la Muzeul de Art\u0103 Recent\u0103 din Capital\u0103\"}]},{\"@type\":\"WebSite\",\"@id\":\"https:\\\/\\\/buletin.de\\\/bucuresti\\\/#website\",\"url\":\"https:\\\/\\\/buletin.de\\\/bucuresti\\\/\",\"name\":\"Buletin de Bucure\u0219ti\",\"description\":\"\u0218tiri \u0219i investiga\u021bii esen\u021biale din capital\u0103\",\"publisher\":{\"@id\":\"https:\\\/\\\/buletin.de\\\/bucuresti\\\/#organization\"},\"potentialAction\":[{\"@type\":\"SearchAction\",\"target\":{\"@type\":\"EntryPoint\",\"urlTemplate\":\"https:\\\/\\\/buletin.de\\\/bucuresti\\\/?s={search_term_string}\"},\"query-input\":{\"@type\":\"PropertyValueSpecification\",\"valueRequired\":true,\"valueName\":\"search_term_string\"}}],\"inLanguage\":\"en-GB\"},{\"@type\":\"Organization\",\"@id\":\"https:\\\/\\\/buletin.de\\\/bucuresti\\\/#organization\",\"name\":\"Buletin de Bucure\u0219ti\",\"url\":\"https:\\\/\\\/buletin.de\\\/bucuresti\\\/\",\"logo\":{\"@type\":\"ImageObject\",\"inLanguage\":\"en-GB\",\"@id\":\"https:\\\/\\\/buletin.de\\\/bucuresti\\\/#\\\/schema\\\/logo\\\/image\\\/\",\"url\":\"https:\\\/\\\/buletin.de\\\/bucuresti\\\/wp-content\\\/uploads\\\/logo-bdb-full-wide-vernil-transparent.png\",\"contentUrl\":\"https:\\\/\\\/buletin.de\\\/bucuresti\\\/wp-content\\\/uploads\\\/logo-bdb-full-wide-vernil-transparent.png\",\"width\":1782,\"height\":626,\"caption\":\"Buletin de Bucure\u0219ti\"},\"image\":{\"@id\":\"https:\\\/\\\/buletin.de\\\/bucuresti\\\/#\\\/schema\\\/logo\\\/image\\\/\"},\"sameAs\":[\"https:\\\/\\\/www.facebook.com\\\/buletin.de.buc\",\"https:\\\/\\\/www.instagram.com\\\/buletinde.bucuresti\\\/\"]},{\"@type\":\"Person\",\"@id\":\"https:\\\/\\\/buletin.de\\\/bucuresti\\\/#\\\/schema\\\/person\\\/de406e78845db7cf82b164907b113873\",\"name\":\"Radu \u021au\u021bulan\",\"image\":{\"@type\":\"ImageObject\",\"inLanguage\":\"en-GB\",\"@id\":\"https:\\\/\\\/secure.gravatar.com\\\/avatar\\\/19707c7ba9ca7e4a25aa6ab6a55ed54e14f08595c6b16f0191bf7fd8ce94947e?s=96&d=monsterid&r=ga7a58e7467f2217bb0c21e212b46510b\",\"url\":\"https:\\\/\\\/secure.gravatar.com\\\/avatar\\\/19707c7ba9ca7e4a25aa6ab6a55ed54e14f08595c6b16f0191bf7fd8ce94947e?s=96&d=monsterid&r=g\",\"contentUrl\":\"https:\\\/\\\/secure.gravatar.com\\\/avatar\\\/19707c7ba9ca7e4a25aa6ab6a55ed54e14f08595c6b16f0191bf7fd8ce94947e?s=96&d=monsterid&r=g\",\"caption\":\"Radu \u021au\u021bulan\"},\"url\":\"https:\\\/\\\/buletin.de\\\/bucuresti\\\/author\\\/radututulan\\\/\"}]}<\/script>\n<!-- \/ Yoast SEO Premium plugin. -->","yoast_head_json":{"title":"\"Efectul Picasso\", \u00een septembrie, la Muzeul de Art\u0103 Recent\u0103 din Capital\u0103 - Buletin de Bucure\u0219ti","robots":{"index":"index","follow":"follow","max-snippet":"max-snippet:-1","max-image-preview":"max-image-preview:large","max-video-preview":"max-video-preview:-1"},"canonical":"https:\/\/buletin.de\/bucuresti\/efectul-picasso-in-septembrie-la-muzeul-de-arta-recenta-din-capitala\/","og_locale":"en_GB","og_type":"article","og_title":"\"Efectul Picasso\", \u00een septembrie, la Muzeul de Art\u0103 Recent\u0103 din Capital\u0103","og_description":"La finalul lunii Septembrie, Galeria MARe din Bucure\u0219ti va inaugura \u201dEfectul Picasso\u201d, o expozi\u021bie ce cuprinde peste 40 de lucr\u0103ri semnate de artistul spaniol \u0219i alte 50 ale arti\u0219tilor rom\u00e2ni care s-au inspirat din munca ibericului. \u201cEfectul Picasso\u201d se va deschide pe 27 septembrie 2023 la Muzeul de Art\u0103 Recent\u0103 din Bucure\u0219ti \u0219i se va [&hellip;]","og_url":"https:\/\/buletin.de\/bucuresti\/efectul-picasso-in-septembrie-la-muzeul-de-arta-recenta-din-capitala\/","og_site_name":"Buletin de Bucure\u0219ti","article_publisher":"https:\/\/www.facebook.com\/buletin.de.buc","article_published_time":"2023-07-21T04:16:57+00:00","article_modified_time":"2023-09-18T11:06:46+00:00","og_image":[{"width":1926,"height":2062,"url":"https:\/\/buletin.de\/bucuresti\/wp-content\/uploads\/Darie-Dup-min.jpeg","type":"image\/jpeg"}],"author":"Radu \u021au\u021bulan","twitter_card":"summary_large_image","twitter_misc":{"Written by":"Radu \u021au\u021bulan","Estimated reading time":"2 minutes"},"schema":{"@context":"https:\/\/schema.org","@graph":[{"@type":"Article","@id":"https:\/\/buletin.de\/bucuresti\/efectul-picasso-in-septembrie-la-muzeul-de-arta-recenta-din-capitala\/#article","isPartOf":{"@id":"https:\/\/buletin.de\/bucuresti\/efectul-picasso-in-septembrie-la-muzeul-de-arta-recenta-din-capitala\/"},"author":{"name":"Radu \u021au\u021bulan","@id":"https:\/\/buletin.de\/bucuresti\/#\/schema\/person\/de406e78845db7cf82b164907b113873"},"headline":"&#8220;Efectul Picasso&#8221;, \u00een septembrie, la Muzeul de Art\u0103 Recent\u0103 din Capital\u0103","datePublished":"2023-07-21T04:16:57+00:00","dateModified":"2023-09-18T11:06:46+00:00","mainEntityOfPage":{"@id":"https:\/\/buletin.de\/bucuresti\/efectul-picasso-in-septembrie-la-muzeul-de-arta-recenta-din-capitala\/"},"wordCount":289,"commentCount":0,"publisher":{"@id":"https:\/\/buletin.de\/bucuresti\/#organization"},"image":{"@id":"https:\/\/buletin.de\/bucuresti\/efectul-picasso-in-septembrie-la-muzeul-de-arta-recenta-din-capitala\/#primaryimage"},"thumbnailUrl":"https:\/\/buletin.de\/bucuresti\/wp-content\/uploads\/Darie-Dup-min.jpeg","keywords":["efectul picasso","expozitie","mare"],"articleSection":["\u0218tiri"],"inLanguage":"en-GB","potentialAction":[{"@type":"CommentAction","name":"Comment","target":["https:\/\/buletin.de\/bucuresti\/efectul-picasso-in-septembrie-la-muzeul-de-arta-recenta-din-capitala\/#respond"]}],"copyrightYear":"2023","copyrightHolder":{"@id":"https:\/\/buletin.de\/bucuresti\/#organization"}},{"@type":"WebPage","@id":"https:\/\/buletin.de\/bucuresti\/efectul-picasso-in-septembrie-la-muzeul-de-arta-recenta-din-capitala\/","url":"https:\/\/buletin.de\/bucuresti\/efectul-picasso-in-septembrie-la-muzeul-de-arta-recenta-din-capitala\/","name":"\"Efectul Picasso\", \u00een septembrie, la Muzeul de Art\u0103 Recent\u0103 din Capital\u0103 - Buletin de Bucure\u0219ti","isPartOf":{"@id":"https:\/\/buletin.de\/bucuresti\/#website"},"primaryImageOfPage":{"@id":"https:\/\/buletin.de\/bucuresti\/efectul-picasso-in-septembrie-la-muzeul-de-arta-recenta-din-capitala\/#primaryimage"},"image":{"@id":"https:\/\/buletin.de\/bucuresti\/efectul-picasso-in-septembrie-la-muzeul-de-arta-recenta-din-capitala\/#primaryimage"},"thumbnailUrl":"https:\/\/buletin.de\/bucuresti\/wp-content\/uploads\/Darie-Dup-min.jpeg","datePublished":"2023-07-21T04:16:57+00:00","dateModified":"2023-09-18T11:06:46+00:00","breadcrumb":{"@id":"https:\/\/buletin.de\/bucuresti\/efectul-picasso-in-septembrie-la-muzeul-de-arta-recenta-din-capitala\/#breadcrumb"},"inLanguage":"en-GB","potentialAction":[{"@type":"ReadAction","target":["https:\/\/buletin.de\/bucuresti\/efectul-picasso-in-septembrie-la-muzeul-de-arta-recenta-din-capitala\/"]}]},{"@type":"ImageObject","inLanguage":"en-GB","@id":"https:\/\/buletin.de\/bucuresti\/efectul-picasso-in-septembrie-la-muzeul-de-arta-recenta-din-capitala\/#primaryimage","url":"https:\/\/buletin.de\/bucuresti\/wp-content\/uploads\/Darie-Dup-min.jpeg","contentUrl":"https:\/\/buletin.de\/bucuresti\/wp-content\/uploads\/Darie-Dup-min.jpeg","width":1926,"height":2062},{"@type":"BreadcrumbList","@id":"https:\/\/buletin.de\/bucuresti\/efectul-picasso-in-septembrie-la-muzeul-de-arta-recenta-din-capitala\/#breadcrumb","itemListElement":[{"@type":"ListItem","position":1,"name":"Acas\u0103","item":"https:\/\/buletin.de\/bucuresti\/"},{"@type":"ListItem","position":2,"name":"&#8220;Efectul Picasso&#8221;, \u00een septembrie, la Muzeul de Art\u0103 Recent\u0103 din Capital\u0103"}]},{"@type":"WebSite","@id":"https:\/\/buletin.de\/bucuresti\/#website","url":"https:\/\/buletin.de\/bucuresti\/","name":"Buletin de Bucure\u0219ti","description":"\u0218tiri \u0219i investiga\u021bii esen\u021biale din capital\u0103","publisher":{"@id":"https:\/\/buletin.de\/bucuresti\/#organization"},"potentialAction":[{"@type":"SearchAction","target":{"@type":"EntryPoint","urlTemplate":"https:\/\/buletin.de\/bucuresti\/?s={search_term_string}"},"query-input":{"@type":"PropertyValueSpecification","valueRequired":true,"valueName":"search_term_string"}}],"inLanguage":"en-GB"},{"@type":"Organization","@id":"https:\/\/buletin.de\/bucuresti\/#organization","name":"Buletin de Bucure\u0219ti","url":"https:\/\/buletin.de\/bucuresti\/","logo":{"@type":"ImageObject","inLanguage":"en-GB","@id":"https:\/\/buletin.de\/bucuresti\/#\/schema\/logo\/image\/","url":"https:\/\/buletin.de\/bucuresti\/wp-content\/uploads\/logo-bdb-full-wide-vernil-transparent.png","contentUrl":"https:\/\/buletin.de\/bucuresti\/wp-content\/uploads\/logo-bdb-full-wide-vernil-transparent.png","width":1782,"height":626,"caption":"Buletin de Bucure\u0219ti"},"image":{"@id":"https:\/\/buletin.de\/bucuresti\/#\/schema\/logo\/image\/"},"sameAs":["https:\/\/www.facebook.com\/buletin.de.buc","https:\/\/www.instagram.com\/buletinde.bucuresti\/"]},{"@type":"Person","@id":"https:\/\/buletin.de\/bucuresti\/#\/schema\/person\/de406e78845db7cf82b164907b113873","name":"Radu \u021au\u021bulan","image":{"@type":"ImageObject","inLanguage":"en-GB","@id":"https:\/\/secure.gravatar.com\/avatar\/19707c7ba9ca7e4a25aa6ab6a55ed54e14f08595c6b16f0191bf7fd8ce94947e?s=96&d=monsterid&r=ga7a58e7467f2217bb0c21e212b46510b","url":"https:\/\/secure.gravatar.com\/avatar\/19707c7ba9ca7e4a25aa6ab6a55ed54e14f08595c6b16f0191bf7fd8ce94947e?s=96&d=monsterid&r=g","contentUrl":"https:\/\/secure.gravatar.com\/avatar\/19707c7ba9ca7e4a25aa6ab6a55ed54e14f08595c6b16f0191bf7fd8ce94947e?s=96&d=monsterid&r=g","caption":"Radu \u021au\u021bulan"},"url":"https:\/\/buletin.de\/bucuresti\/author\/radututulan\/"}]}},"authors":[{"term_id":22607,"user_id":50,"is_guest":0,"slug":"radututulan","display_name":"Radu \u021au\u021bulan","avatar_url":"https:\/\/secure.gravatar.com\/avatar\/19707c7ba9ca7e4a25aa6ab6a55ed54e14f08595c6b16f0191bf7fd8ce94947e?s=96&d=monsterid&r=g","0":null,"1":"","2":"","3":"","4":"","5":"","6":"","7":"","8":""}],"_links":{"self":[{"href":"https:\/\/buletin.de\/bucuresti\/wp-json\/wp\/v2\/posts\/61327","targetHints":{"allow":["GET"]}}],"collection":[{"href":"https:\/\/buletin.de\/bucuresti\/wp-json\/wp\/v2\/posts"}],"about":[{"href":"https:\/\/buletin.de\/bucuresti\/wp-json\/wp\/v2\/types\/post"}],"author":[{"embeddable":true,"href":"https:\/\/buletin.de\/bucuresti\/wp-json\/wp\/v2\/users\/50"}],"replies":[{"embeddable":true,"href":"https:\/\/buletin.de\/bucuresti\/wp-json\/wp\/v2\/comments?post=61327"}],"version-history":[{"count":1,"href":"https:\/\/buletin.de\/bucuresti\/wp-json\/wp\/v2\/posts\/61327\/revisions"}],"predecessor-version":[{"id":61329,"href":"https:\/\/buletin.de\/bucuresti\/wp-json\/wp\/v2\/posts\/61327\/revisions\/61329"}],"wp:featuredmedia":[{"embeddable":true,"href":"https:\/\/buletin.de\/bucuresti\/wp-json\/wp\/v2\/media\/61330"}],"wp:attachment":[{"href":"https:\/\/buletin.de\/bucuresti\/wp-json\/wp\/v2\/media?parent=61327"}],"wp:term":[{"taxonomy":"category","embeddable":true,"href":"https:\/\/buletin.de\/bucuresti\/wp-json\/wp\/v2\/categories?post=61327"},{"taxonomy":"post_tag","embeddable":true,"href":"https:\/\/buletin.de\/bucuresti\/wp-json\/wp\/v2\/tags?post=61327"},{"taxonomy":"author","embeddable":true,"href":"https:\/\/buletin.de\/bucuresti\/wp-json\/wp\/v2\/ppma_author?post=61327"}],"curies":[{"name":"wp","href":"https:\/\/api.w.org\/{rel}","templated":true}]}}