{"id":61325,"date":"2023-07-20T14:03:29","date_gmt":"2023-07-20T12:03:29","guid":{"rendered":"https:\/\/buletin.de\/bucuresti\/noi-restrictii-la-consumul-de-apa-potabila-in-ilfov\/"},"modified":"2023-07-20T14:03:29","modified_gmt":"2023-07-20T12:03:29","slug":"noi-restrictii-la-consumul-de-apa-potabila-in-ilfov","status":"publish","type":"post","link":"https:\/\/buletin.de\/bucuresti\/noi-restrictii-la-consumul-de-apa-potabila-in-ilfov\/","title":{"rendered":"Noi restric\u021bii la consumul de ap\u0103 potabil\u0103, \u00een Ilfov"},"content":{"rendered":"\n<p><strong>Ap\u0103 Ilfov a anun\u021bat c\u0103 opre\u0219te alimentarea cu ap\u0103 potabil\u0103 pentru refacerea stocului minim de ap\u0103 din rezervoare la abona\u021bii din comunele Balote\u0219ti \u0219i Ciolpani, \u00een data de 21 iulie, vineri, \u00eentre 00:00 \u0219i 05:00.\u00a0<\/strong><\/p>\n\n\n\n<p>Este <a href=\"https:\/\/buletin.de\/bucuresti\/restrictii-la-consumul-de-apa-potabila-in-ilfov\/\">a doua oar\u0103<\/a> vara aceast\u0103 c\u00e2nd peratorul regional al serviciului public de alimentare cu ap\u0103 \u015fi de canalizare \u00een 22 localit\u0103\u0163i din Jude\u0163ul Ilfov restric\u021bioneaz\u0103 accesul la ap\u0103 potabil\u0103, \u201e\u00een vederea refacerii stocului minim de ap\u0103 potabil\u0103 din rezervor\u201d.<\/p>\n\n\n\n<p>Necesitatea acestui lucru este motivat\u0103 de consumul de ap\u0103 cauzat de temperaturile ridicate, \u0219i cet\u0103\u021benii sunt sf\u0103tui\u021bi s\u0103 foloseasc\u0103 apa \u201e\u00eentr-un mod ra\u021bional\u201d.<\/p>\n\n\n\n<p><em>\u201ePe fondul temperaturilor foarte ridicate din aceste zile, cererea de consum cre\u0219te brusc peste media obi\u0219nuit\u0103, exist\u00e2nd pericolul golirii prea rapide a bazinelor de \u00eenmagazinare ap\u0103 potabil\u0103. \u00cen acest context, facem apel c\u0103tre to\u021bi consumatorii din zonele deservite s\u0103 utilizeze \u00een mod ra\u021bional apa, doar \u00een scopuri casnice\u201d<\/em>, se arat\u0103 \u00eentr-un comunicat al companiei de ap\u0103 jude\u021bene.<\/p>\n\n\n\n<p>La \u00eenceputul anului 2023, mai exact \u00een februarie, <a href=\"https:\/\/buletin.de\/bucuresti\/apa-potabila-si-canalizarea-se-scumpesc-in-22-de-localitati-din-ilfov-cu-pana-la-34\/\">Ap\u0103 Ilfov a m\u0103rit pre\u021burile <\/a>cu 33,9% pentru apa potabil\u0103, respectiv 34,1% pentru canalizare, fa\u021b\u0103 de anul precedent, iar fa\u021b\u0103 de 2021 cu 67%, respectiv 53%, adic\u0103 <strong>7,41 lei metrul cub pentru ap\u0103 de la robinet<\/strong> \u0219i <strong>7,89 lei per metru cub pentru ca aceasta s\u0103 fie deversat\u0103 \u00een canalizare<\/strong>.&nbsp;<\/p>\n\n\n\n<p>Prin compara\u021bie, tarifele practicate \u00een Bucure\u0219ti de c\u0103tre Apa Nova sunt de 5,22 lei pentru un metru cub de ap\u0103 potabil\u0103, respectiv 2,75 lei pentru un metru cub deversat \u00een canalizare.<\/p>\n\n\n\n<figure class=\"wp-block-embed is-type-wp-embed is-provider-buletin-de-bucure\u0219ti wp-block-embed-buletin-de-bucure\u0219ti\"><div class=\"wp-block-embed__wrapper\">\n<blockquote class=\"wp-embedded-content\" data-secret=\"QcQd5i1CLa\"><a href=\"https:\/\/buletin.de\/bucuresti\/apa-potabila-si-canalizarea-se-scumpesc-in-22-de-localitati-din-ilfov-cu-pana-la-34\/\">Apa potabil\u0103 \u0219i canalizarea se scumpesc \u00een 22 de localit\u0103\u021bi din Ilfov cu p\u00e2n\u0103 la 34%<\/a><\/blockquote><iframe class=\"wp-embedded-content\" sandbox=\"allow-scripts\" security=\"restricted\" style=\"position: absolute; clip: rect(1px, 1px, 1px, 1px);\" title=\"&#8220;Apa potabil\u0103 \u0219i canalizarea se scumpesc \u00een 22 de localit\u0103\u021bi din Ilfov cu p\u00e2n\u0103 la 34%&#8221; &#8212; Buletin de Bucure\u0219ti\" src=\"https:\/\/buletin.de\/bucuresti\/apa-potabila-si-canalizarea-se-scumpesc-in-22-de-localitati-din-ilfov-cu-pana-la-34\/embed\/#?secret=WxzocQJV2x#?secret=QcQd5i1CLa\" data-secret=\"QcQd5i1CLa\" width=\"600\" height=\"338\" frameborder=\"0\" marginwidth=\"0\" marginheight=\"0\" scrolling=\"no\"><\/iframe>\n<\/div><\/figure>\n","protected":false},"excerpt":{"rendered":"<p>Ap\u0103 Ilfov a anun\u021bat c\u0103 opre\u0219te alimentarea cu ap\u0103 potabil\u0103 pentru refacerea stocului minim de ap\u0103 din rezervoare la abona\u021bii din comunele Balote\u0219ti \u0219i Ciolpani, \u00een data de 21 iulie, vineri, \u00eentre 00:00 \u0219i 05:00.\u00a0 Este a doua oar\u0103 vara aceast\u0103 c\u00e2nd peratorul regional al serviciului public de alimentare cu ap\u0103 \u015fi de canalizare \u00een [&hellip;]<\/p>\n","protected":false},"author":47,"featured_media":61326,"comment_status":"open","ping_status":"open","sticky":false,"template":"","format":"standard","meta":{"_acf_changed":false,"inline_featured_image":false,"ngg_post_thumbnail":0,"footnotes":""},"categories":[62],"tags":[],"ppma_author":[22580],"class_list":["post-61325","post","type-post","status-publish","format-standard","has-post-thumbnail","hentry","category-stiri"],"acf":[],"yoast_head":"<!-- This site is optimized with the Yoast SEO Premium plugin v25.3 (Yoast SEO v27.4) - https:\/\/yoast.com\/product\/yoast-seo-premium-wordpress\/ -->\n<title>Noi restric\u021bii la consumul de ap\u0103 potabil\u0103, \u00een Ilfov - Buletin de Bucure\u0219ti<\/title>\n<meta name=\"robots\" content=\"index, follow, max-snippet:-1, max-image-preview:large, max-video-preview:-1\" \/>\n<link rel=\"canonical\" href=\"https:\/\/buletin.de\/bucuresti\/noi-restrictii-la-consumul-de-apa-potabila-in-ilfov\/\" \/>\n<meta property=\"og:locale\" content=\"en_GB\" \/>\n<meta property=\"og:type\" content=\"article\" \/>\n<meta property=\"og:title\" content=\"Noi restric\u021bii la consumul de ap\u0103 potabil\u0103, \u00een Ilfov\" \/>\n<meta property=\"og:description\" content=\"Ap\u0103 Ilfov a anun\u021bat c\u0103 opre\u0219te alimentarea cu ap\u0103 potabil\u0103 pentru refacerea stocului minim de ap\u0103 din rezervoare la abona\u021bii din comunele Balote\u0219ti \u0219i Ciolpani, \u00een data de 21 iulie, vineri, \u00eentre 00:00 \u0219i 05:00.\u00a0 Este a doua oar\u0103 vara aceast\u0103 c\u00e2nd peratorul regional al serviciului public de alimentare cu ap\u0103 \u015fi de canalizare \u00een [&hellip;]\" \/>\n<meta property=\"og:url\" content=\"https:\/\/buletin.de\/bucuresti\/noi-restrictii-la-consumul-de-apa-potabila-in-ilfov\/\" \/>\n<meta property=\"og:site_name\" content=\"Buletin de Bucure\u0219ti\" \/>\n<meta property=\"article:publisher\" content=\"https:\/\/www.facebook.com\/buletin.de.buc\" \/>\n<meta property=\"article:published_time\" content=\"2023-07-20T12:03:29+00:00\" \/>\n<meta property=\"og:image\" content=\"https:\/\/buletin.de\/bucuresti\/wp-content\/uploads\/vve7xkiuq_y.jpg\" \/>\n\t<meta property=\"og:image:width\" content=\"800\" \/>\n\t<meta property=\"og:image:height\" content=\"1200\" \/>\n\t<meta property=\"og:image:type\" content=\"image\/jpeg\" \/>\n<meta name=\"author\" content=\"Adina C\u0103p\u00eelnean\" \/>\n<meta name=\"twitter:card\" content=\"summary_large_image\" \/>\n<meta name=\"twitter:label1\" content=\"Written by\" \/>\n\t<meta name=\"twitter:data1\" content=\"Adina C\u0103p\u00eelnean\" \/>\n\t<meta name=\"twitter:label2\" content=\"Estimated reading time\" \/>\n\t<meta name=\"twitter:data2\" content=\"2 minutes\" \/>\n<script type=\"application\/ld+json\" class=\"yoast-schema-graph\">{\"@context\":\"https:\\\/\\\/schema.org\",\"@graph\":[{\"@type\":\"Article\",\"@id\":\"https:\\\/\\\/buletin.de\\\/bucuresti\\\/noi-restrictii-la-consumul-de-apa-potabila-in-ilfov\\\/#article\",\"isPartOf\":{\"@id\":\"https:\\\/\\\/buletin.de\\\/bucuresti\\\/noi-restrictii-la-consumul-de-apa-potabila-in-ilfov\\\/\"},\"author\":{\"name\":\"Adina C\u0103p\u00eelnean\",\"@id\":\"https:\\\/\\\/buletin.de\\\/bucuresti\\\/#\\\/schema\\\/person\\\/ab174cf6711728e4ee83d672acf9a912\"},\"headline\":\"Noi restric\u021bii la consumul de ap\u0103 potabil\u0103, \u00een Ilfov\",\"datePublished\":\"2023-07-20T12:03:29+00:00\",\"mainEntityOfPage\":{\"@id\":\"https:\\\/\\\/buletin.de\\\/bucuresti\\\/noi-restrictii-la-consumul-de-apa-potabila-in-ilfov\\\/\"},\"wordCount\":271,\"commentCount\":0,\"publisher\":{\"@id\":\"https:\\\/\\\/buletin.de\\\/bucuresti\\\/#organization\"},\"image\":{\"@id\":\"https:\\\/\\\/buletin.de\\\/bucuresti\\\/noi-restrictii-la-consumul-de-apa-potabila-in-ilfov\\\/#primaryimage\"},\"thumbnailUrl\":\"https:\\\/\\\/buletin.de\\\/bucuresti\\\/wp-content\\\/uploads\\\/vve7xkiuq_y.jpg\",\"articleSection\":[\"\u0218tiri\"],\"inLanguage\":\"en-GB\",\"potentialAction\":[{\"@type\":\"CommentAction\",\"name\":\"Comment\",\"target\":[\"https:\\\/\\\/buletin.de\\\/bucuresti\\\/noi-restrictii-la-consumul-de-apa-potabila-in-ilfov\\\/#respond\"]}],\"copyrightYear\":\"2023\",\"copyrightHolder\":{\"@id\":\"https:\\\/\\\/buletin.de\\\/bucuresti\\\/#organization\"}},{\"@type\":\"WebPage\",\"@id\":\"https:\\\/\\\/buletin.de\\\/bucuresti\\\/noi-restrictii-la-consumul-de-apa-potabila-in-ilfov\\\/\",\"url\":\"https:\\\/\\\/buletin.de\\\/bucuresti\\\/noi-restrictii-la-consumul-de-apa-potabila-in-ilfov\\\/\",\"name\":\"Noi restric\u021bii la consumul de ap\u0103 potabil\u0103, \u00een Ilfov - Buletin de Bucure\u0219ti\",\"isPartOf\":{\"@id\":\"https:\\\/\\\/buletin.de\\\/bucuresti\\\/#website\"},\"primaryImageOfPage\":{\"@id\":\"https:\\\/\\\/buletin.de\\\/bucuresti\\\/noi-restrictii-la-consumul-de-apa-potabila-in-ilfov\\\/#primaryimage\"},\"image\":{\"@id\":\"https:\\\/\\\/buletin.de\\\/bucuresti\\\/noi-restrictii-la-consumul-de-apa-potabila-in-ilfov\\\/#primaryimage\"},\"thumbnailUrl\":\"https:\\\/\\\/buletin.de\\\/bucuresti\\\/wp-content\\\/uploads\\\/vve7xkiuq_y.jpg\",\"datePublished\":\"2023-07-20T12:03:29+00:00\",\"breadcrumb\":{\"@id\":\"https:\\\/\\\/buletin.de\\\/bucuresti\\\/noi-restrictii-la-consumul-de-apa-potabila-in-ilfov\\\/#breadcrumb\"},\"inLanguage\":\"en-GB\",\"potentialAction\":[{\"@type\":\"ReadAction\",\"target\":[\"https:\\\/\\\/buletin.de\\\/bucuresti\\\/noi-restrictii-la-consumul-de-apa-potabila-in-ilfov\\\/\"]}]},{\"@type\":\"ImageObject\",\"inLanguage\":\"en-GB\",\"@id\":\"https:\\\/\\\/buletin.de\\\/bucuresti\\\/noi-restrictii-la-consumul-de-apa-potabila-in-ilfov\\\/#primaryimage\",\"url\":\"https:\\\/\\\/buletin.de\\\/bucuresti\\\/wp-content\\\/uploads\\\/vve7xkiuq_y.jpg\",\"contentUrl\":\"https:\\\/\\\/buletin.de\\\/bucuresti\\\/wp-content\\\/uploads\\\/vve7xkiuq_y.jpg\",\"width\":800,\"height\":1200,\"caption\":\"Apa Nova | Furnizarea apei reci se \u00eentrerupe pentru lucr\u0103ri de modernizare. FOTO: Arhiva\"},{\"@type\":\"BreadcrumbList\",\"@id\":\"https:\\\/\\\/buletin.de\\\/bucuresti\\\/noi-restrictii-la-consumul-de-apa-potabila-in-ilfov\\\/#breadcrumb\",\"itemListElement\":[{\"@type\":\"ListItem\",\"position\":1,\"name\":\"Acas\u0103\",\"item\":\"https:\\\/\\\/buletin.de\\\/bucuresti\\\/\"},{\"@type\":\"ListItem\",\"position\":2,\"name\":\"Noi restric\u021bii la consumul de ap\u0103 potabil\u0103, \u00een Ilfov\"}]},{\"@type\":\"WebSite\",\"@id\":\"https:\\\/\\\/buletin.de\\\/bucuresti\\\/#website\",\"url\":\"https:\\\/\\\/buletin.de\\\/bucuresti\\\/\",\"name\":\"Buletin de Bucure\u0219ti\",\"description\":\"\u0218tiri \u0219i investiga\u021bii esen\u021biale din capital\u0103\",\"publisher\":{\"@id\":\"https:\\\/\\\/buletin.de\\\/bucuresti\\\/#organization\"},\"potentialAction\":[{\"@type\":\"SearchAction\",\"target\":{\"@type\":\"EntryPoint\",\"urlTemplate\":\"https:\\\/\\\/buletin.de\\\/bucuresti\\\/?s={search_term_string}\"},\"query-input\":{\"@type\":\"PropertyValueSpecification\",\"valueRequired\":true,\"valueName\":\"search_term_string\"}}],\"inLanguage\":\"en-GB\"},{\"@type\":\"Organization\",\"@id\":\"https:\\\/\\\/buletin.de\\\/bucuresti\\\/#organization\",\"name\":\"Buletin de Bucure\u0219ti\",\"url\":\"https:\\\/\\\/buletin.de\\\/bucuresti\\\/\",\"logo\":{\"@type\":\"ImageObject\",\"inLanguage\":\"en-GB\",\"@id\":\"https:\\\/\\\/buletin.de\\\/bucuresti\\\/#\\\/schema\\\/logo\\\/image\\\/\",\"url\":\"https:\\\/\\\/buletin.de\\\/bucuresti\\\/wp-content\\\/uploads\\\/logo-bdb-full-wide-vernil-transparent.png\",\"contentUrl\":\"https:\\\/\\\/buletin.de\\\/bucuresti\\\/wp-content\\\/uploads\\\/logo-bdb-full-wide-vernil-transparent.png\",\"width\":1782,\"height\":626,\"caption\":\"Buletin de Bucure\u0219ti\"},\"image\":{\"@id\":\"https:\\\/\\\/buletin.de\\\/bucuresti\\\/#\\\/schema\\\/logo\\\/image\\\/\"},\"sameAs\":[\"https:\\\/\\\/www.facebook.com\\\/buletin.de.buc\",\"https:\\\/\\\/www.instagram.com\\\/buletinde.bucuresti\\\/\"]},{\"@type\":\"Person\",\"@id\":\"https:\\\/\\\/buletin.de\\\/bucuresti\\\/#\\\/schema\\\/person\\\/ab174cf6711728e4ee83d672acf9a912\",\"name\":\"Adina C\u0103p\u00eelnean\",\"image\":{\"@type\":\"ImageObject\",\"inLanguage\":\"en-GB\",\"@id\":\"https:\\\/\\\/secure.gravatar.com\\\/avatar\\\/4fe9675d6282fd7c1aa4e486a037d532d5728fc16a30360f293eb6126b2e73ad?s=96&d=monsterid&r=ge2b23868508aec3460d3c6a11d3b599a\",\"url\":\"https:\\\/\\\/secure.gravatar.com\\\/avatar\\\/4fe9675d6282fd7c1aa4e486a037d532d5728fc16a30360f293eb6126b2e73ad?s=96&d=monsterid&r=g\",\"contentUrl\":\"https:\\\/\\\/secure.gravatar.com\\\/avatar\\\/4fe9675d6282fd7c1aa4e486a037d532d5728fc16a30360f293eb6126b2e73ad?s=96&d=monsterid&r=g\",\"caption\":\"Adina C\u0103p\u00eelnean\"},\"url\":\"https:\\\/\\\/buletin.de\\\/bucuresti\\\/author\\\/adinacapilnean\\\/\"}]}<\/script>\n<!-- \/ Yoast SEO Premium plugin. -->","yoast_head_json":{"title":"Noi restric\u021bii la consumul de ap\u0103 potabil\u0103, \u00een Ilfov - Buletin de Bucure\u0219ti","robots":{"index":"index","follow":"follow","max-snippet":"max-snippet:-1","max-image-preview":"max-image-preview:large","max-video-preview":"max-video-preview:-1"},"canonical":"https:\/\/buletin.de\/bucuresti\/noi-restrictii-la-consumul-de-apa-potabila-in-ilfov\/","og_locale":"en_GB","og_type":"article","og_title":"Noi restric\u021bii la consumul de ap\u0103 potabil\u0103, \u00een Ilfov","og_description":"Ap\u0103 Ilfov a anun\u021bat c\u0103 opre\u0219te alimentarea cu ap\u0103 potabil\u0103 pentru refacerea stocului minim de ap\u0103 din rezervoare la abona\u021bii din comunele Balote\u0219ti \u0219i Ciolpani, \u00een data de 21 iulie, vineri, \u00eentre 00:00 \u0219i 05:00.\u00a0 Este a doua oar\u0103 vara aceast\u0103 c\u00e2nd peratorul regional al serviciului public de alimentare cu ap\u0103 \u015fi de canalizare \u00een [&hellip;]","og_url":"https:\/\/buletin.de\/bucuresti\/noi-restrictii-la-consumul-de-apa-potabila-in-ilfov\/","og_site_name":"Buletin de Bucure\u0219ti","article_publisher":"https:\/\/www.facebook.com\/buletin.de.buc","article_published_time":"2023-07-20T12:03:29+00:00","og_image":[{"width":800,"height":1200,"url":"https:\/\/buletin.de\/bucuresti\/wp-content\/uploads\/vve7xkiuq_y.jpg","type":"image\/jpeg"}],"author":"Adina C\u0103p\u00eelnean","twitter_card":"summary_large_image","twitter_misc":{"Written by":"Adina C\u0103p\u00eelnean","Estimated reading time":"2 minutes"},"schema":{"@context":"https:\/\/schema.org","@graph":[{"@type":"Article","@id":"https:\/\/buletin.de\/bucuresti\/noi-restrictii-la-consumul-de-apa-potabila-in-ilfov\/#article","isPartOf":{"@id":"https:\/\/buletin.de\/bucuresti\/noi-restrictii-la-consumul-de-apa-potabila-in-ilfov\/"},"author":{"name":"Adina C\u0103p\u00eelnean","@id":"https:\/\/buletin.de\/bucuresti\/#\/schema\/person\/ab174cf6711728e4ee83d672acf9a912"},"headline":"Noi restric\u021bii la consumul de ap\u0103 potabil\u0103, \u00een Ilfov","datePublished":"2023-07-20T12:03:29+00:00","mainEntityOfPage":{"@id":"https:\/\/buletin.de\/bucuresti\/noi-restrictii-la-consumul-de-apa-potabila-in-ilfov\/"},"wordCount":271,"commentCount":0,"publisher":{"@id":"https:\/\/buletin.de\/bucuresti\/#organization"},"image":{"@id":"https:\/\/buletin.de\/bucuresti\/noi-restrictii-la-consumul-de-apa-potabila-in-ilfov\/#primaryimage"},"thumbnailUrl":"https:\/\/buletin.de\/bucuresti\/wp-content\/uploads\/vve7xkiuq_y.jpg","articleSection":["\u0218tiri"],"inLanguage":"en-GB","potentialAction":[{"@type":"CommentAction","name":"Comment","target":["https:\/\/buletin.de\/bucuresti\/noi-restrictii-la-consumul-de-apa-potabila-in-ilfov\/#respond"]}],"copyrightYear":"2023","copyrightHolder":{"@id":"https:\/\/buletin.de\/bucuresti\/#organization"}},{"@type":"WebPage","@id":"https:\/\/buletin.de\/bucuresti\/noi-restrictii-la-consumul-de-apa-potabila-in-ilfov\/","url":"https:\/\/buletin.de\/bucuresti\/noi-restrictii-la-consumul-de-apa-potabila-in-ilfov\/","name":"Noi restric\u021bii la consumul de ap\u0103 potabil\u0103, \u00een Ilfov - Buletin de Bucure\u0219ti","isPartOf":{"@id":"https:\/\/buletin.de\/bucuresti\/#website"},"primaryImageOfPage":{"@id":"https:\/\/buletin.de\/bucuresti\/noi-restrictii-la-consumul-de-apa-potabila-in-ilfov\/#primaryimage"},"image":{"@id":"https:\/\/buletin.de\/bucuresti\/noi-restrictii-la-consumul-de-apa-potabila-in-ilfov\/#primaryimage"},"thumbnailUrl":"https:\/\/buletin.de\/bucuresti\/wp-content\/uploads\/vve7xkiuq_y.jpg","datePublished":"2023-07-20T12:03:29+00:00","breadcrumb":{"@id":"https:\/\/buletin.de\/bucuresti\/noi-restrictii-la-consumul-de-apa-potabila-in-ilfov\/#breadcrumb"},"inLanguage":"en-GB","potentialAction":[{"@type":"ReadAction","target":["https:\/\/buletin.de\/bucuresti\/noi-restrictii-la-consumul-de-apa-potabila-in-ilfov\/"]}]},{"@type":"ImageObject","inLanguage":"en-GB","@id":"https:\/\/buletin.de\/bucuresti\/noi-restrictii-la-consumul-de-apa-potabila-in-ilfov\/#primaryimage","url":"https:\/\/buletin.de\/bucuresti\/wp-content\/uploads\/vve7xkiuq_y.jpg","contentUrl":"https:\/\/buletin.de\/bucuresti\/wp-content\/uploads\/vve7xkiuq_y.jpg","width":800,"height":1200,"caption":"Apa Nova | Furnizarea apei reci se \u00eentrerupe pentru lucr\u0103ri de modernizare. FOTO: Arhiva"},{"@type":"BreadcrumbList","@id":"https:\/\/buletin.de\/bucuresti\/noi-restrictii-la-consumul-de-apa-potabila-in-ilfov\/#breadcrumb","itemListElement":[{"@type":"ListItem","position":1,"name":"Acas\u0103","item":"https:\/\/buletin.de\/bucuresti\/"},{"@type":"ListItem","position":2,"name":"Noi restric\u021bii la consumul de ap\u0103 potabil\u0103, \u00een Ilfov"}]},{"@type":"WebSite","@id":"https:\/\/buletin.de\/bucuresti\/#website","url":"https:\/\/buletin.de\/bucuresti\/","name":"Buletin de Bucure\u0219ti","description":"\u0218tiri \u0219i investiga\u021bii esen\u021biale din capital\u0103","publisher":{"@id":"https:\/\/buletin.de\/bucuresti\/#organization"},"potentialAction":[{"@type":"SearchAction","target":{"@type":"EntryPoint","urlTemplate":"https:\/\/buletin.de\/bucuresti\/?s={search_term_string}"},"query-input":{"@type":"PropertyValueSpecification","valueRequired":true,"valueName":"search_term_string"}}],"inLanguage":"en-GB"},{"@type":"Organization","@id":"https:\/\/buletin.de\/bucuresti\/#organization","name":"Buletin de Bucure\u0219ti","url":"https:\/\/buletin.de\/bucuresti\/","logo":{"@type":"ImageObject","inLanguage":"en-GB","@id":"https:\/\/buletin.de\/bucuresti\/#\/schema\/logo\/image\/","url":"https:\/\/buletin.de\/bucuresti\/wp-content\/uploads\/logo-bdb-full-wide-vernil-transparent.png","contentUrl":"https:\/\/buletin.de\/bucuresti\/wp-content\/uploads\/logo-bdb-full-wide-vernil-transparent.png","width":1782,"height":626,"caption":"Buletin de Bucure\u0219ti"},"image":{"@id":"https:\/\/buletin.de\/bucuresti\/#\/schema\/logo\/image\/"},"sameAs":["https:\/\/www.facebook.com\/buletin.de.buc","https:\/\/www.instagram.com\/buletinde.bucuresti\/"]},{"@type":"Person","@id":"https:\/\/buletin.de\/bucuresti\/#\/schema\/person\/ab174cf6711728e4ee83d672acf9a912","name":"Adina C\u0103p\u00eelnean","image":{"@type":"ImageObject","inLanguage":"en-GB","@id":"https:\/\/secure.gravatar.com\/avatar\/4fe9675d6282fd7c1aa4e486a037d532d5728fc16a30360f293eb6126b2e73ad?s=96&d=monsterid&r=ge2b23868508aec3460d3c6a11d3b599a","url":"https:\/\/secure.gravatar.com\/avatar\/4fe9675d6282fd7c1aa4e486a037d532d5728fc16a30360f293eb6126b2e73ad?s=96&d=monsterid&r=g","contentUrl":"https:\/\/secure.gravatar.com\/avatar\/4fe9675d6282fd7c1aa4e486a037d532d5728fc16a30360f293eb6126b2e73ad?s=96&d=monsterid&r=g","caption":"Adina C\u0103p\u00eelnean"},"url":"https:\/\/buletin.de\/bucuresti\/author\/adinacapilnean\/"}]}},"authors":[{"term_id":22580,"user_id":47,"is_guest":0,"slug":"adinacapilnean","display_name":"Adina C\u0103p\u00eelnean","avatar_url":"https:\/\/secure.gravatar.com\/avatar\/4fe9675d6282fd7c1aa4e486a037d532d5728fc16a30360f293eb6126b2e73ad?s=96&d=monsterid&r=g","0":null,"1":"","2":"","3":"","4":"","5":"","6":"","7":"","8":""}],"_links":{"self":[{"href":"https:\/\/buletin.de\/bucuresti\/wp-json\/wp\/v2\/posts\/61325","targetHints":{"allow":["GET"]}}],"collection":[{"href":"https:\/\/buletin.de\/bucuresti\/wp-json\/wp\/v2\/posts"}],"about":[{"href":"https:\/\/buletin.de\/bucuresti\/wp-json\/wp\/v2\/types\/post"}],"author":[{"embeddable":true,"href":"https:\/\/buletin.de\/bucuresti\/wp-json\/wp\/v2\/users\/47"}],"replies":[{"embeddable":true,"href":"https:\/\/buletin.de\/bucuresti\/wp-json\/wp\/v2\/comments?post=61325"}],"version-history":[{"count":0,"href":"https:\/\/buletin.de\/bucuresti\/wp-json\/wp\/v2\/posts\/61325\/revisions"}],"wp:featuredmedia":[{"embeddable":true,"href":"https:\/\/buletin.de\/bucuresti\/wp-json\/wp\/v2\/media\/61326"}],"wp:attachment":[{"href":"https:\/\/buletin.de\/bucuresti\/wp-json\/wp\/v2\/media?parent=61325"}],"wp:term":[{"taxonomy":"category","embeddable":true,"href":"https:\/\/buletin.de\/bucuresti\/wp-json\/wp\/v2\/categories?post=61325"},{"taxonomy":"post_tag","embeddable":true,"href":"https:\/\/buletin.de\/bucuresti\/wp-json\/wp\/v2\/tags?post=61325"},{"taxonomy":"author","embeddable":true,"href":"https:\/\/buletin.de\/bucuresti\/wp-json\/wp\/v2\/ppma_author?post=61325"}],"curies":[{"name":"wp","href":"https:\/\/api.w.org\/{rel}","templated":true}]}}