{"id":61298,"date":"2023-07-19T12:31:23","date_gmt":"2023-07-19T10:31:23","guid":{"rendered":"https:\/\/buletin.de\/bucuresti\/sector-4-se-cauta-specialisti-pentru-refacerea-planseului-de-la-piata-unirii\/"},"modified":"2023-07-19T12:31:23","modified_gmt":"2023-07-19T10:31:23","slug":"sector-4-se-cauta-specialisti-pentru-refacerea-planseului-de-la-piata-unirii","status":"publish","type":"post","link":"https:\/\/buletin.de\/bucuresti\/sector-4-se-cauta-specialisti-pentru-refacerea-planseului-de-la-piata-unirii\/","title":{"rendered":"Sector 4 | Se caut\u0103 speciali\u0219ti pentru refacerea plan\u0219eului de la Pia\u021ba Unirii"},"content":{"rendered":"\n<p><strong>Prim\u0103ria Sectorului 4 \u00eenfiin\u021beaz\u0103 o echip\u0103 de exper\u021bi care s\u0103 supravegheze \u0219i s\u0103 sprijine constructorii ce vor realiza lucr\u0103rile de refacere a plan\u0219eului de la Pia\u021ba Unirii. Printre speciali\u0219ti se va afla \u0219i Sorin Gabrea, fost arhitect-\u0219ef al Capitalei.<\/strong><\/p>\n\n\n\n<p>Administra\u021bia local\u0103 a Sectorului 4 anun\u021b\u0103 c\u0103, \u00een paralel cu procedura de licita\u021bie public\u0103 pentru consolidarea Plan\u0219eului Unirii, pe care o are \u00een derulare, va fi format\u0103 \u0219i o echip\u0103 de speciali\u0219ti cu o vast\u0103 experien\u021b\u0103 \u00een domeniul construc\u021biilor. Acest grup de exper\u021bi va avea rolul de a sprijini constructorii ce vor reface structura din Pia\u021ba Unirii, at\u00e2t \u00een faza de proiectare, c\u00e2t \u0219i \u00een cea de execu\u021bie. <\/p>\n\n\n\n<p>\u201d<em>Primarul Sectorului 4, Daniel B\u0103lu\u021b\u0103, a avut [&#8230;] o \u00eent\u00e2lnire de lucru cu Sorin Gabrea, fostul arhitect-\u0219ef al Capitalei precum \u0219i cu arhitec\u021bii Viorel Constantinescu, fostul director general al Proiect Bucure\u0219ti, \u0219i Marius Costea. Ace\u0219tia vor face parte din echipa de speciali\u0219ti format\u0103 la nivelul Sectorului 4, care va urm\u0103ri \u00eendeaproape lucr\u0103rile de proiectare \u0219i de consolidare a obiectivului de infrastructur\u0103 strategic\u0103 din centrul Capitalei. \u00cen perioada urm\u0103toare, echipei anterior men\u021bionate i se vor al\u0103tura \u0219i al\u021bi speciali\u0219ti care \u00ee\u0219i vor pune vasta experien\u021b\u0103 \u00een slujba comunit\u0103\u021bii Sectorului 4<\/em>\u201d, se arat\u0103 \u00eentr-un comunicat al Prim\u0103riei Sector 4. <\/p>\n\n\n\n<p>\u00cen prezent, procedura de evaluare a ofertei depuse \u00een SICAP, pentru proiectarea \u0219i consolidarea Plan\u0219eului Unirii, este \u00een desf\u0103\u0219urare, iar p\u00e2n\u0103 la finalul anului contractul ar urma s\u0103 fie atribuit. Valoarea maxim\u0103 a proiectului nu ar trebui s\u0103 dep\u0103\u0219easc\u0103 850 de milioane de lei. Dup\u0103 semnare, este estimat un termen de nou\u0103 luni pentru proiectarea lucr\u0103rilor \u0219i alte 18 luni pentru execu\u021bia acestora. <\/p>\n\n\n\n<p>\u201d<em>\u00cencep\u00e2nd din luna aprilie a anului 2022, Pasajul Unirii \u0219i Plan\u0219eul Unirii, dou\u0103 obiective de importan\u021b\u0103 strategic\u0103 pentru Capital\u0103, se afl\u0103 \u00een administrarea Sectorului 4 al Municipiului Bucure\u0219ti. \u00cenc\u0103 de atunci, Sectorul 4 \u0219i-a asumat \u00eentrutotul responsabilitatea punerii \u00een siguran\u021b\u0103 \u0219i a consolid\u0103rii celor dou\u0103 obiective de infrastructur\u0103. \u00cen acest sens, Sectorul 4 al Municipiului Bucure\u0219ti a efectuat lucr\u0103rile de punere \u00een siguran\u021b\u0103 a pasajului rutier \u00eenc\u0103 din vara anului trecut, iar \u00een paralel, a contractat servicii specifice \u00een vederea efectu\u0103rii celor dou\u0103 expertize tehnice realizate de c\u0103tre speciali\u0219tii Universit\u0103\u021bii Tehnice de Construc\u021bii Bucure\u0219ti \u0219i care \u00eencadreaz\u0103 at\u00e2t Plan\u0219eul Unirii, c\u00e2t \u0219i Pasajul Unirii \u00een starea tehnic\u0103 IV \u2013 nesatisf\u0103c\u0103tor, ce impune interven\u021bii de urgen\u021b\u0103<\/em>\u201d, se mai precizeaz\u0103 \u00een comunicatul prim\u0103riei.<\/p>\n\n\n\n<p>\u00cen ceea ce prive\u0219te lucr\u0103rile executate deja \u00een interiorul Pasajului rutier Unirii, prim\u0103ria sus\u021bine c\u0103 acestea nu vor fi afectate fundamental odat\u0103 cu refacerea Plan\u0219eului Unirii, \u00eentruc\u00e2t majoritatea elementelor de siguran\u021b\u0103 montate \u00een pasaj pot fi demontate \u0219i, ulterior finaliz\u0103rii lucr\u0103rilor, repuse pe pozi\u021bie.<\/p>\n\n\n\n<p>Cite\u0219te \u0219i:<\/p>\n\n\n\n<figure class=\"wp-block-embed is-type-wp-embed is-provider-buletin-de-bucure\u0219ti wp-block-embed-buletin-de-bucure\u0219ti\"><div class=\"wp-block-embed__wrapper\">\n<blockquote class=\"wp-embedded-content\" data-secret=\"4L7EJPbeAD\"><a href=\"https:\/\/buletin.de\/bucuresti\/noi-porti-de-presemnalizare-de-inaltime-la-pasajul-unirii-vor-fi-montate-fara-restrictii-de-trafic\/\">Noi por\u021bi de presemnalizare de \u00een\u0103l\u021bime la Pasajul Unirii. Vor fi montate f\u0103r\u0103 restric\u021bii de trafic<\/a><\/blockquote><iframe class=\"wp-embedded-content\" sandbox=\"allow-scripts\" security=\"restricted\" style=\"position: absolute; clip: rect(1px, 1px, 1px, 1px);\" title=\"&#8220;Noi por\u021bi de presemnalizare de \u00een\u0103l\u021bime la Pasajul Unirii. Vor fi montate f\u0103r\u0103 restric\u021bii de trafic&#8221; &#8212; Buletin de Bucure\u0219ti\" src=\"https:\/\/buletin.de\/bucuresti\/noi-porti-de-presemnalizare-de-inaltime-la-pasajul-unirii-vor-fi-montate-fara-restrictii-de-trafic\/embed\/#?secret=dRt65CqVEt#?secret=4L7EJPbeAD\" data-secret=\"4L7EJPbeAD\" width=\"600\" height=\"338\" frameborder=\"0\" marginwidth=\"0\" marginheight=\"0\" scrolling=\"no\"><\/iframe>\n<\/div><\/figure>\n","protected":false},"excerpt":{"rendered":"<p>Prim\u0103ria Sectorului 4 \u00eenfiin\u021beaz\u0103 o echip\u0103 de exper\u021bi care s\u0103 supravegheze \u0219i s\u0103 sprijine constructorii ce vor realiza lucr\u0103rile de refacere a plan\u0219eului de la Pia\u021ba Unirii. Printre speciali\u0219ti se va afla \u0219i Sorin Gabrea, fost arhitect-\u0219ef al Capitalei. Administra\u021bia local\u0103 a Sectorului 4 anun\u021b\u0103 c\u0103, \u00een paralel cu procedura de licita\u021bie public\u0103 pentru consolidarea [&hellip;]<\/p>\n","protected":false},"author":50,"featured_media":61299,"comment_status":"open","ping_status":"open","sticky":false,"template":"","format":"standard","meta":{"_acf_changed":false,"inline_featured_image":false,"ngg_post_thumbnail":0,"footnotes":""},"categories":[24,62],"tags":[9,1204,4271,1849],"ppma_author":[22607],"class_list":["post-61298","post","type-post","status-publish","format-standard","has-post-thumbnail","hentry","category-primarie","category-stiri","tag-bucuresti","tag-daniel-baluta","tag-pasaj-unirii","tag-primaria-sector-4"],"acf":[],"yoast_head":"<!-- This site is optimized with the Yoast SEO Premium plugin v25.3 (Yoast SEO v27.4) - https:\/\/yoast.com\/product\/yoast-seo-premium-wordpress\/ -->\n<title>Sector 4 | Se caut\u0103 speciali\u0219ti pentru refacerea plan\u0219eului de la Pia\u021ba Unirii - Buletin de Bucure\u0219ti<\/title>\n<meta name=\"robots\" content=\"index, follow, max-snippet:-1, max-image-preview:large, max-video-preview:-1\" \/>\n<link rel=\"canonical\" href=\"https:\/\/buletin.de\/bucuresti\/sector-4-se-cauta-specialisti-pentru-refacerea-planseului-de-la-piata-unirii\/\" \/>\n<meta property=\"og:locale\" content=\"en_GB\" \/>\n<meta property=\"og:type\" content=\"article\" \/>\n<meta property=\"og:title\" content=\"Sector 4 | Se caut\u0103 speciali\u0219ti pentru refacerea plan\u0219eului de la Pia\u021ba Unirii\" \/>\n<meta property=\"og:description\" content=\"Prim\u0103ria Sectorului 4 \u00eenfiin\u021beaz\u0103 o echip\u0103 de exper\u021bi care s\u0103 supravegheze \u0219i s\u0103 sprijine constructorii ce vor realiza lucr\u0103rile de refacere a plan\u0219eului de la Pia\u021ba Unirii. Printre speciali\u0219ti se va afla \u0219i Sorin Gabrea, fost arhitect-\u0219ef al Capitalei. Administra\u021bia local\u0103 a Sectorului 4 anun\u021b\u0103 c\u0103, \u00een paralel cu procedura de licita\u021bie public\u0103 pentru consolidarea [&hellip;]\" \/>\n<meta property=\"og:url\" content=\"https:\/\/buletin.de\/bucuresti\/sector-4-se-cauta-specialisti-pentru-refacerea-planseului-de-la-piata-unirii\/\" \/>\n<meta property=\"og:site_name\" content=\"Buletin de Bucure\u0219ti\" \/>\n<meta property=\"article:publisher\" content=\"https:\/\/www.facebook.com\/buletin.de.buc\" \/>\n<meta property=\"article:published_time\" content=\"2023-07-19T10:31:23+00:00\" \/>\n<meta property=\"og:image\" content=\"https:\/\/buletin.de\/bucuresti\/wp-content\/uploads\/WhatsApp-Image-2023-06-26-at-22.32.03.jpeg\" \/>\n\t<meta property=\"og:image:width\" content=\"1600\" \/>\n\t<meta property=\"og:image:height\" content=\"899\" \/>\n\t<meta property=\"og:image:type\" content=\"image\/jpeg\" \/>\n<meta name=\"author\" content=\"Radu \u021au\u021bulan\" \/>\n<meta name=\"twitter:card\" content=\"summary_large_image\" \/>\n<meta name=\"twitter:label1\" content=\"Written by\" \/>\n\t<meta name=\"twitter:data1\" content=\"Radu \u021au\u021bulan\" \/>\n\t<meta name=\"twitter:label2\" content=\"Estimated reading time\" \/>\n\t<meta name=\"twitter:data2\" content=\"2 minutes\" \/>\n<script type=\"application\/ld+json\" class=\"yoast-schema-graph\">{\"@context\":\"https:\\\/\\\/schema.org\",\"@graph\":[{\"@type\":\"Article\",\"@id\":\"https:\\\/\\\/buletin.de\\\/bucuresti\\\/sector-4-se-cauta-specialisti-pentru-refacerea-planseului-de-la-piata-unirii\\\/#article\",\"isPartOf\":{\"@id\":\"https:\\\/\\\/buletin.de\\\/bucuresti\\\/sector-4-se-cauta-specialisti-pentru-refacerea-planseului-de-la-piata-unirii\\\/\"},\"author\":{\"name\":\"Radu \u021au\u021bulan\",\"@id\":\"https:\\\/\\\/buletin.de\\\/bucuresti\\\/#\\\/schema\\\/person\\\/de406e78845db7cf82b164907b113873\"},\"headline\":\"Sector 4 | Se caut\u0103 speciali\u0219ti pentru refacerea plan\u0219eului de la Pia\u021ba Unirii\",\"datePublished\":\"2023-07-19T10:31:23+00:00\",\"mainEntityOfPage\":{\"@id\":\"https:\\\/\\\/buletin.de\\\/bucuresti\\\/sector-4-se-cauta-specialisti-pentru-refacerea-planseului-de-la-piata-unirii\\\/\"},\"wordCount\":508,\"commentCount\":0,\"publisher\":{\"@id\":\"https:\\\/\\\/buletin.de\\\/bucuresti\\\/#organization\"},\"image\":{\"@id\":\"https:\\\/\\\/buletin.de\\\/bucuresti\\\/sector-4-se-cauta-specialisti-pentru-refacerea-planseului-de-la-piata-unirii\\\/#primaryimage\"},\"thumbnailUrl\":\"https:\\\/\\\/buletin.de\\\/bucuresti\\\/wp-content\\\/uploads\\\/WhatsApp-Image-2023-06-26-at-22.32.03.jpeg\",\"keywords\":[\"bucuresti\",\"daniel baluta\",\"pasaj unirii\",\"primaria sector 4\"],\"articleSection\":[\"Prim\u0103rie\",\"\u0218tiri\"],\"inLanguage\":\"en-GB\",\"potentialAction\":[{\"@type\":\"CommentAction\",\"name\":\"Comment\",\"target\":[\"https:\\\/\\\/buletin.de\\\/bucuresti\\\/sector-4-se-cauta-specialisti-pentru-refacerea-planseului-de-la-piata-unirii\\\/#respond\"]}],\"copyrightYear\":\"2023\",\"copyrightHolder\":{\"@id\":\"https:\\\/\\\/buletin.de\\\/bucuresti\\\/#organization\"}},{\"@type\":\"WebPage\",\"@id\":\"https:\\\/\\\/buletin.de\\\/bucuresti\\\/sector-4-se-cauta-specialisti-pentru-refacerea-planseului-de-la-piata-unirii\\\/\",\"url\":\"https:\\\/\\\/buletin.de\\\/bucuresti\\\/sector-4-se-cauta-specialisti-pentru-refacerea-planseului-de-la-piata-unirii\\\/\",\"name\":\"Sector 4 | Se caut\u0103 speciali\u0219ti pentru refacerea plan\u0219eului de la Pia\u021ba Unirii - Buletin de Bucure\u0219ti\",\"isPartOf\":{\"@id\":\"https:\\\/\\\/buletin.de\\\/bucuresti\\\/#website\"},\"primaryImageOfPage\":{\"@id\":\"https:\\\/\\\/buletin.de\\\/bucuresti\\\/sector-4-se-cauta-specialisti-pentru-refacerea-planseului-de-la-piata-unirii\\\/#primaryimage\"},\"image\":{\"@id\":\"https:\\\/\\\/buletin.de\\\/bucuresti\\\/sector-4-se-cauta-specialisti-pentru-refacerea-planseului-de-la-piata-unirii\\\/#primaryimage\"},\"thumbnailUrl\":\"https:\\\/\\\/buletin.de\\\/bucuresti\\\/wp-content\\\/uploads\\\/WhatsApp-Image-2023-06-26-at-22.32.03.jpeg\",\"datePublished\":\"2023-07-19T10:31:23+00:00\",\"breadcrumb\":{\"@id\":\"https:\\\/\\\/buletin.de\\\/bucuresti\\\/sector-4-se-cauta-specialisti-pentru-refacerea-planseului-de-la-piata-unirii\\\/#breadcrumb\"},\"inLanguage\":\"en-GB\",\"potentialAction\":[{\"@type\":\"ReadAction\",\"target\":[\"https:\\\/\\\/buletin.de\\\/bucuresti\\\/sector-4-se-cauta-specialisti-pentru-refacerea-planseului-de-la-piata-unirii\\\/\"]}]},{\"@type\":\"ImageObject\",\"inLanguage\":\"en-GB\",\"@id\":\"https:\\\/\\\/buletin.de\\\/bucuresti\\\/sector-4-se-cauta-specialisti-pentru-refacerea-planseului-de-la-piata-unirii\\\/#primaryimage\",\"url\":\"https:\\\/\\\/buletin.de\\\/bucuresti\\\/wp-content\\\/uploads\\\/WhatsApp-Image-2023-06-26-at-22.32.03.jpeg\",\"contentUrl\":\"https:\\\/\\\/buletin.de\\\/bucuresti\\\/wp-content\\\/uploads\\\/WhatsApp-Image-2023-06-26-at-22.32.03.jpeg\",\"width\":1600,\"height\":899},{\"@type\":\"BreadcrumbList\",\"@id\":\"https:\\\/\\\/buletin.de\\\/bucuresti\\\/sector-4-se-cauta-specialisti-pentru-refacerea-planseului-de-la-piata-unirii\\\/#breadcrumb\",\"itemListElement\":[{\"@type\":\"ListItem\",\"position\":1,\"name\":\"Acas\u0103\",\"item\":\"https:\\\/\\\/buletin.de\\\/bucuresti\\\/\"},{\"@type\":\"ListItem\",\"position\":2,\"name\":\"Sector 4 | Se caut\u0103 speciali\u0219ti pentru refacerea plan\u0219eului de la Pia\u021ba Unirii\"}]},{\"@type\":\"WebSite\",\"@id\":\"https:\\\/\\\/buletin.de\\\/bucuresti\\\/#website\",\"url\":\"https:\\\/\\\/buletin.de\\\/bucuresti\\\/\",\"name\":\"Buletin de Bucure\u0219ti\",\"description\":\"\u0218tiri \u0219i investiga\u021bii esen\u021biale din capital\u0103\",\"publisher\":{\"@id\":\"https:\\\/\\\/buletin.de\\\/bucuresti\\\/#organization\"},\"potentialAction\":[{\"@type\":\"SearchAction\",\"target\":{\"@type\":\"EntryPoint\",\"urlTemplate\":\"https:\\\/\\\/buletin.de\\\/bucuresti\\\/?s={search_term_string}\"},\"query-input\":{\"@type\":\"PropertyValueSpecification\",\"valueRequired\":true,\"valueName\":\"search_term_string\"}}],\"inLanguage\":\"en-GB\"},{\"@type\":\"Organization\",\"@id\":\"https:\\\/\\\/buletin.de\\\/bucuresti\\\/#organization\",\"name\":\"Buletin de Bucure\u0219ti\",\"url\":\"https:\\\/\\\/buletin.de\\\/bucuresti\\\/\",\"logo\":{\"@type\":\"ImageObject\",\"inLanguage\":\"en-GB\",\"@id\":\"https:\\\/\\\/buletin.de\\\/bucuresti\\\/#\\\/schema\\\/logo\\\/image\\\/\",\"url\":\"https:\\\/\\\/buletin.de\\\/bucuresti\\\/wp-content\\\/uploads\\\/logo-bdb-full-wide-vernil-transparent.png\",\"contentUrl\":\"https:\\\/\\\/buletin.de\\\/bucuresti\\\/wp-content\\\/uploads\\\/logo-bdb-full-wide-vernil-transparent.png\",\"width\":1782,\"height\":626,\"caption\":\"Buletin de Bucure\u0219ti\"},\"image\":{\"@id\":\"https:\\\/\\\/buletin.de\\\/bucuresti\\\/#\\\/schema\\\/logo\\\/image\\\/\"},\"sameAs\":[\"https:\\\/\\\/www.facebook.com\\\/buletin.de.buc\",\"https:\\\/\\\/www.instagram.com\\\/buletinde.bucuresti\\\/\"]},{\"@type\":\"Person\",\"@id\":\"https:\\\/\\\/buletin.de\\\/bucuresti\\\/#\\\/schema\\\/person\\\/de406e78845db7cf82b164907b113873\",\"name\":\"Radu \u021au\u021bulan\",\"image\":{\"@type\":\"ImageObject\",\"inLanguage\":\"en-GB\",\"@id\":\"https:\\\/\\\/secure.gravatar.com\\\/avatar\\\/19707c7ba9ca7e4a25aa6ab6a55ed54e14f08595c6b16f0191bf7fd8ce94947e?s=96&d=monsterid&r=ga7a58e7467f2217bb0c21e212b46510b\",\"url\":\"https:\\\/\\\/secure.gravatar.com\\\/avatar\\\/19707c7ba9ca7e4a25aa6ab6a55ed54e14f08595c6b16f0191bf7fd8ce94947e?s=96&d=monsterid&r=g\",\"contentUrl\":\"https:\\\/\\\/secure.gravatar.com\\\/avatar\\\/19707c7ba9ca7e4a25aa6ab6a55ed54e14f08595c6b16f0191bf7fd8ce94947e?s=96&d=monsterid&r=g\",\"caption\":\"Radu \u021au\u021bulan\"},\"url\":\"https:\\\/\\\/buletin.de\\\/bucuresti\\\/author\\\/radututulan\\\/\"}]}<\/script>\n<!-- \/ Yoast SEO Premium plugin. -->","yoast_head_json":{"title":"Sector 4 | Se caut\u0103 speciali\u0219ti pentru refacerea plan\u0219eului de la Pia\u021ba Unirii - Buletin de Bucure\u0219ti","robots":{"index":"index","follow":"follow","max-snippet":"max-snippet:-1","max-image-preview":"max-image-preview:large","max-video-preview":"max-video-preview:-1"},"canonical":"https:\/\/buletin.de\/bucuresti\/sector-4-se-cauta-specialisti-pentru-refacerea-planseului-de-la-piata-unirii\/","og_locale":"en_GB","og_type":"article","og_title":"Sector 4 | Se caut\u0103 speciali\u0219ti pentru refacerea plan\u0219eului de la Pia\u021ba Unirii","og_description":"Prim\u0103ria Sectorului 4 \u00eenfiin\u021beaz\u0103 o echip\u0103 de exper\u021bi care s\u0103 supravegheze \u0219i s\u0103 sprijine constructorii ce vor realiza lucr\u0103rile de refacere a plan\u0219eului de la Pia\u021ba Unirii. Printre speciali\u0219ti se va afla \u0219i Sorin Gabrea, fost arhitect-\u0219ef al Capitalei. Administra\u021bia local\u0103 a Sectorului 4 anun\u021b\u0103 c\u0103, \u00een paralel cu procedura de licita\u021bie public\u0103 pentru consolidarea [&hellip;]","og_url":"https:\/\/buletin.de\/bucuresti\/sector-4-se-cauta-specialisti-pentru-refacerea-planseului-de-la-piata-unirii\/","og_site_name":"Buletin de Bucure\u0219ti","article_publisher":"https:\/\/www.facebook.com\/buletin.de.buc","article_published_time":"2023-07-19T10:31:23+00:00","og_image":[{"width":1600,"height":899,"url":"https:\/\/buletin.de\/bucuresti\/wp-content\/uploads\/WhatsApp-Image-2023-06-26-at-22.32.03.jpeg","type":"image\/jpeg"}],"author":"Radu \u021au\u021bulan","twitter_card":"summary_large_image","twitter_misc":{"Written by":"Radu \u021au\u021bulan","Estimated reading time":"2 minutes"},"schema":{"@context":"https:\/\/schema.org","@graph":[{"@type":"Article","@id":"https:\/\/buletin.de\/bucuresti\/sector-4-se-cauta-specialisti-pentru-refacerea-planseului-de-la-piata-unirii\/#article","isPartOf":{"@id":"https:\/\/buletin.de\/bucuresti\/sector-4-se-cauta-specialisti-pentru-refacerea-planseului-de-la-piata-unirii\/"},"author":{"name":"Radu \u021au\u021bulan","@id":"https:\/\/buletin.de\/bucuresti\/#\/schema\/person\/de406e78845db7cf82b164907b113873"},"headline":"Sector 4 | Se caut\u0103 speciali\u0219ti pentru refacerea plan\u0219eului de la Pia\u021ba Unirii","datePublished":"2023-07-19T10:31:23+00:00","mainEntityOfPage":{"@id":"https:\/\/buletin.de\/bucuresti\/sector-4-se-cauta-specialisti-pentru-refacerea-planseului-de-la-piata-unirii\/"},"wordCount":508,"commentCount":0,"publisher":{"@id":"https:\/\/buletin.de\/bucuresti\/#organization"},"image":{"@id":"https:\/\/buletin.de\/bucuresti\/sector-4-se-cauta-specialisti-pentru-refacerea-planseului-de-la-piata-unirii\/#primaryimage"},"thumbnailUrl":"https:\/\/buletin.de\/bucuresti\/wp-content\/uploads\/WhatsApp-Image-2023-06-26-at-22.32.03.jpeg","keywords":["bucuresti","daniel baluta","pasaj unirii","primaria sector 4"],"articleSection":["Prim\u0103rie","\u0218tiri"],"inLanguage":"en-GB","potentialAction":[{"@type":"CommentAction","name":"Comment","target":["https:\/\/buletin.de\/bucuresti\/sector-4-se-cauta-specialisti-pentru-refacerea-planseului-de-la-piata-unirii\/#respond"]}],"copyrightYear":"2023","copyrightHolder":{"@id":"https:\/\/buletin.de\/bucuresti\/#organization"}},{"@type":"WebPage","@id":"https:\/\/buletin.de\/bucuresti\/sector-4-se-cauta-specialisti-pentru-refacerea-planseului-de-la-piata-unirii\/","url":"https:\/\/buletin.de\/bucuresti\/sector-4-se-cauta-specialisti-pentru-refacerea-planseului-de-la-piata-unirii\/","name":"Sector 4 | Se caut\u0103 speciali\u0219ti pentru refacerea plan\u0219eului de la Pia\u021ba Unirii - Buletin de Bucure\u0219ti","isPartOf":{"@id":"https:\/\/buletin.de\/bucuresti\/#website"},"primaryImageOfPage":{"@id":"https:\/\/buletin.de\/bucuresti\/sector-4-se-cauta-specialisti-pentru-refacerea-planseului-de-la-piata-unirii\/#primaryimage"},"image":{"@id":"https:\/\/buletin.de\/bucuresti\/sector-4-se-cauta-specialisti-pentru-refacerea-planseului-de-la-piata-unirii\/#primaryimage"},"thumbnailUrl":"https:\/\/buletin.de\/bucuresti\/wp-content\/uploads\/WhatsApp-Image-2023-06-26-at-22.32.03.jpeg","datePublished":"2023-07-19T10:31:23+00:00","breadcrumb":{"@id":"https:\/\/buletin.de\/bucuresti\/sector-4-se-cauta-specialisti-pentru-refacerea-planseului-de-la-piata-unirii\/#breadcrumb"},"inLanguage":"en-GB","potentialAction":[{"@type":"ReadAction","target":["https:\/\/buletin.de\/bucuresti\/sector-4-se-cauta-specialisti-pentru-refacerea-planseului-de-la-piata-unirii\/"]}]},{"@type":"ImageObject","inLanguage":"en-GB","@id":"https:\/\/buletin.de\/bucuresti\/sector-4-se-cauta-specialisti-pentru-refacerea-planseului-de-la-piata-unirii\/#primaryimage","url":"https:\/\/buletin.de\/bucuresti\/wp-content\/uploads\/WhatsApp-Image-2023-06-26-at-22.32.03.jpeg","contentUrl":"https:\/\/buletin.de\/bucuresti\/wp-content\/uploads\/WhatsApp-Image-2023-06-26-at-22.32.03.jpeg","width":1600,"height":899},{"@type":"BreadcrumbList","@id":"https:\/\/buletin.de\/bucuresti\/sector-4-se-cauta-specialisti-pentru-refacerea-planseului-de-la-piata-unirii\/#breadcrumb","itemListElement":[{"@type":"ListItem","position":1,"name":"Acas\u0103","item":"https:\/\/buletin.de\/bucuresti\/"},{"@type":"ListItem","position":2,"name":"Sector 4 | Se caut\u0103 speciali\u0219ti pentru refacerea plan\u0219eului de la Pia\u021ba Unirii"}]},{"@type":"WebSite","@id":"https:\/\/buletin.de\/bucuresti\/#website","url":"https:\/\/buletin.de\/bucuresti\/","name":"Buletin de Bucure\u0219ti","description":"\u0218tiri \u0219i investiga\u021bii esen\u021biale din capital\u0103","publisher":{"@id":"https:\/\/buletin.de\/bucuresti\/#organization"},"potentialAction":[{"@type":"SearchAction","target":{"@type":"EntryPoint","urlTemplate":"https:\/\/buletin.de\/bucuresti\/?s={search_term_string}"},"query-input":{"@type":"PropertyValueSpecification","valueRequired":true,"valueName":"search_term_string"}}],"inLanguage":"en-GB"},{"@type":"Organization","@id":"https:\/\/buletin.de\/bucuresti\/#organization","name":"Buletin de Bucure\u0219ti","url":"https:\/\/buletin.de\/bucuresti\/","logo":{"@type":"ImageObject","inLanguage":"en-GB","@id":"https:\/\/buletin.de\/bucuresti\/#\/schema\/logo\/image\/","url":"https:\/\/buletin.de\/bucuresti\/wp-content\/uploads\/logo-bdb-full-wide-vernil-transparent.png","contentUrl":"https:\/\/buletin.de\/bucuresti\/wp-content\/uploads\/logo-bdb-full-wide-vernil-transparent.png","width":1782,"height":626,"caption":"Buletin de Bucure\u0219ti"},"image":{"@id":"https:\/\/buletin.de\/bucuresti\/#\/schema\/logo\/image\/"},"sameAs":["https:\/\/www.facebook.com\/buletin.de.buc","https:\/\/www.instagram.com\/buletinde.bucuresti\/"]},{"@type":"Person","@id":"https:\/\/buletin.de\/bucuresti\/#\/schema\/person\/de406e78845db7cf82b164907b113873","name":"Radu \u021au\u021bulan","image":{"@type":"ImageObject","inLanguage":"en-GB","@id":"https:\/\/secure.gravatar.com\/avatar\/19707c7ba9ca7e4a25aa6ab6a55ed54e14f08595c6b16f0191bf7fd8ce94947e?s=96&d=monsterid&r=ga7a58e7467f2217bb0c21e212b46510b","url":"https:\/\/secure.gravatar.com\/avatar\/19707c7ba9ca7e4a25aa6ab6a55ed54e14f08595c6b16f0191bf7fd8ce94947e?s=96&d=monsterid&r=g","contentUrl":"https:\/\/secure.gravatar.com\/avatar\/19707c7ba9ca7e4a25aa6ab6a55ed54e14f08595c6b16f0191bf7fd8ce94947e?s=96&d=monsterid&r=g","caption":"Radu \u021au\u021bulan"},"url":"https:\/\/buletin.de\/bucuresti\/author\/radututulan\/"}]}},"authors":[{"term_id":22607,"user_id":50,"is_guest":0,"slug":"radututulan","display_name":"Radu \u021au\u021bulan","avatar_url":"https:\/\/secure.gravatar.com\/avatar\/19707c7ba9ca7e4a25aa6ab6a55ed54e14f08595c6b16f0191bf7fd8ce94947e?s=96&d=monsterid&r=g","0":null,"1":"","2":"","3":"","4":"","5":"","6":"","7":"","8":""}],"_links":{"self":[{"href":"https:\/\/buletin.de\/bucuresti\/wp-json\/wp\/v2\/posts\/61298","targetHints":{"allow":["GET"]}}],"collection":[{"href":"https:\/\/buletin.de\/bucuresti\/wp-json\/wp\/v2\/posts"}],"about":[{"href":"https:\/\/buletin.de\/bucuresti\/wp-json\/wp\/v2\/types\/post"}],"author":[{"embeddable":true,"href":"https:\/\/buletin.de\/bucuresti\/wp-json\/wp\/v2\/users\/50"}],"replies":[{"embeddable":true,"href":"https:\/\/buletin.de\/bucuresti\/wp-json\/wp\/v2\/comments?post=61298"}],"version-history":[{"count":0,"href":"https:\/\/buletin.de\/bucuresti\/wp-json\/wp\/v2\/posts\/61298\/revisions"}],"wp:featuredmedia":[{"embeddable":true,"href":"https:\/\/buletin.de\/bucuresti\/wp-json\/wp\/v2\/media\/61299"}],"wp:attachment":[{"href":"https:\/\/buletin.de\/bucuresti\/wp-json\/wp\/v2\/media?parent=61298"}],"wp:term":[{"taxonomy":"category","embeddable":true,"href":"https:\/\/buletin.de\/bucuresti\/wp-json\/wp\/v2\/categories?post=61298"},{"taxonomy":"post_tag","embeddable":true,"href":"https:\/\/buletin.de\/bucuresti\/wp-json\/wp\/v2\/tags?post=61298"},{"taxonomy":"author","embeddable":true,"href":"https:\/\/buletin.de\/bucuresti\/wp-json\/wp\/v2\/ppma_author?post=61298"}],"curies":[{"name":"wp","href":"https:\/\/api.w.org\/{rel}","templated":true}]}}