{"id":61284,"date":"2023-07-19T05:03:19","date_gmt":"2023-07-19T03:03:19","guid":{"rendered":"https:\/\/buletin.de\/bucuresti\/portile-neputintei-de-la-aeroportul-otopeni-montat-gresit-sistemul-inteligent-al-vamilor-functioneaza-cu-sincope\/"},"modified":"2023-07-19T05:03:19","modified_gmt":"2023-07-19T03:03:19","slug":"portile-neputintei-de-la-aeroportul-otopeni-montat-gresit-sistemul-inteligent-al-vamilor-functioneaza-cu-sincope","status":"publish","type":"post","link":"https:\/\/buletin.de\/bucuresti\/portile-neputintei-de-la-aeroportul-otopeni-montat-gresit-sistemul-inteligent-al-vamilor-functioneaza-cu-sincope\/","title":{"rendered":"Por\u021bile \u201cneputin\u021bei\u201d de la Aeroportul Otopeni | Montat gre\u0219it, sistemul inteligent al V\u0103milor func\u021bioneaz\u0103 cu sincope"},"content":{"rendered":"\n<p><strong>Aflat \u00een aceast\u0103 perioad\u0103 sub inciden\u021ba valorilor maxime anuale cu privire la traficul de pasageri, Aeroportul Interna\u021bional \u201cHenri Coand\u0103\u201d a r\u0103mas \u00een urm\u0103 la capitolul por\u021bi de control automat al pa\u0219apoartelor. De\u0219i \u00een practic\u0103 ar fi trebuit s\u0103 contribuie la eliminarea cozilor, sistemul func\u021bioneaz\u0103 cu sincope. Mai mult, cu toate c\u0103 ar fi trebuit montat la Sosiri, nu la Plec\u0103ri, planurile de extindere de la nivelul Inspectoratul General al Poli\u021biei de Frontier\u0103 sunt \u201c\u00een aer\u201d.<\/strong><\/p>\n\n\n\n<p>\u00cen 2021, la \u00eenceputul lunii martie, ministrului Transporturilor, C\u0103t\u0103lin Drul\u0103 \u015fi ministrul Afacerilor Interne, Lucian Bode inaugureaz\u0103 primul \u201cSistem automat de verificare a documentelor de c\u0103l\u0103torie \u00een aeroporturi\u201d, din \u021bar\u0103, la Otopeni.<\/p>\n\n\n\n<p>Investi\u021bia presupune utilizarea la controlul de frontier\u0103 a \u015fase por\u0163i automate pentru verificarea documentelor de c\u0103l\u0103torie, prin compararea imaginii faciale din cipul electronic al pa\u0219aportului sau de pe cartea de identitate, cu o fotografie a persoanei realizat\u0103 pe loc, de camerele inteligente. Por\u0163ile sunt conectate la Sistemul Informatic al Poli\u0163iei de Frontier\u0103 \u015fi permit efectuarea de verific\u0103ri prin interogarea bazelor de date \u015fi accesul la informa\u0163iile &#8220;operative relevante&#8221;. Adic\u0103 aspecte penale. <\/p>\n\n\n\n<h2 class=\"wp-block-heading\"><strong>Por\u021bi \u201cde\u0219tepte\u201d, sistem rom\u00e2nesc<\/strong><\/h2>\n\n\n\n<p>Asta \u00een teorie. \u00cen realitate, sistemul func\u021bioneaz\u0103 cu sincope. Cea mai recent\u0103 a avut loc \u00een urm\u0103 cu o s\u0103pt\u0103m\u00e2n\u0103, pe 13 iulie, c\u00e2nd cele \u0219ase por\u021bi au trebuit s\u0103 fie \u00eenlocuite de poli\u021bi\u0219ti de frontier\u0103, la primele ore ale dimine\u021bii, c\u00e2nd traficul de pasageri atinge valori maxime.<\/p>\n\n\n\n<p><em>\u201cCa urmare a unor probleme privind alimentarea electric\u0103 din re\u021beaua na\u021bional\u0103, echipamentele de control electronic al documentelor de c\u0103l\u0103torie (ABC \u2013 Automatic Border Control) au devenit nefunc\u021bionale.[&#8230; ] P\u00e2n\u0103 la ora transmiterii acestei inform\u0103ri (13.00) <\/em><strong><em>au fost repuse \u00een func\u021biune patru din cele \u0219ase por\u021bi de control automat.<\/em><\/strong><em> Totodat\u0103, personalul din Aeroportul Henri Coand\u0103, at\u00e2t al CNAB c\u00e2t \u0219i al Poli\u021biei de Frontier\u0103, depune toate eforturile pentru a gestiona fluxurile de pasageri afecta\u021bi de defec\u021biunile sistemului electronic pentru control acces. Totu\u0219i, p\u00e2n\u0103 la remedierea complet\u0103 a situa\u021biei, recomand\u0103m pasagerilor s\u0103 vin\u0103 la Aeroport mai devreme dec\u00e2t de obicei\u201d<\/em>, se arat\u0103 \u00een comunicatul transmis pe 13 iulie.<\/p>\n\n\n\n<h2 class=\"wp-block-heading\"><strong>Sincope, \u201c\u00een garan\u021bie\u201d<\/strong><\/h2>\n\n\n\n<p>\u00centr-un r\u0103spuns din 27 iunie, transmis la solicitarea Buletin de Bucure\u0219ti, reprezentan\u021bii Inspectoratului General al Poli\u021biei de Frontier\u0103(IGPF) recuno\u0219teau \u00eenc\u0103 de atunci c\u0103 exist\u0103 probleme cu alimentarea cu energie electric\u0103.<\/p>\n\n\n\n<p>\u201c<em>\u00cen ceea ce prive\u015fte disfunc\u0163ionalit\u0103\u0163ile\/ sincopele de ordin tehnic constatate cu privire la func\u0163ionarea por\u0163ilor de acces, men\u0163ion\u0103m c\u0103 <strong>au fost \u00eent\u00e2mpinate fluctua\u0163ii ale tensiunii electrice de alimentare, care nu au afectat major func\u0163ionarea por\u0163ilor.<\/strong> Totodat\u0103, men\u0163ion\u0103m faptul c\u0103 disfunc\u0163ionalit\u0103\u0163ile ap\u0103rute sunt remediate conform contractului, pe toat\u0103 perioada de garan\u0163ie (p\u00e2n\u0103 \u00een august 2024). De asemenea, \u00een conformitate cu prevederile caietului de sarcini a achizi\u0163iei, de la \u00eenceputul garan\u0163iei (23.02.2021) \u015fi p\u00e2n\u0103 la ie\u015firea din garan\u0163ie (23.08.2024), mentenan\u0163a preventiv\u0103 se asigur\u0103 de c\u0103tre furnizor<\/em>\u201d, se arat\u0103 \u00een r\u0103spunsul IGPF.<\/p>\n\n\n\n<p>Pe l\u00e2ng\u0103 faptul c\u0103 por\u021bile inteligente sunt insuficiente, cel pu\u021bin pentru perioadele concediilor,<a href=\"https:\/\/buletin.de\/bucuresti\/aglomeratie-pe-otopeni-si-baneasa-compania-de-aeroporturi-bucuresti-anunta-ca-vor-fi-atinse-valorile-maxime-anuale-de-trafic\/\"> c\u00e2nd Aeroportul Otopeni intra sub inciden\u021ba valorilor maxime anuale cu privire la traficul de pasageri<\/a>, acestea au fost amplasate f\u0103r\u0103 s\u0103 se \u021bin\u0103 cont de realit\u0103\u021bile din teren.<\/p>\n\n\n\n<p>\u201c<em>Aceste por\u021bi de control automat ar fi trebuit s\u0103 fie montate la Sosiri, nu la Plec\u0103ri. Asta e principala problem\u0103. La Plec\u0103ri sunt valuri de pasageri. La Sosiri, c\u00e2nd aterizeaz\u0103 trei aeronave odat\u0103 vorbim de un bloc de aproximativ 600 de pasageri \u0219i automat se face coad\u0103<\/em>\u201d, au explicat pentru Buletin de Bucure\u0219ti surse din Compania Na\u021bional\u0103 Aeroporturi Bucure\u0219ti.<\/p>\n\n\n\n<h2 class=\"wp-block-heading\"><strong>Omul \u0219i ghi\u0219eul<\/strong><\/h2>\n\n\n\n<p>Dincolo de sincopele \u00een privin\u021ba func\u021bion\u0103rii \u0219i amplasarea neinspirat\u0103 a celor \u0219ase por\u021bi inteligente, dezvoltarea sistemului pare s\u0103 fie \u201c\u00een aer\u201d. De\u0219i Buletin de Bucure\u0219ti a solicitat \u00een scris informa\u021bii cu privire la planurile de extindere, reprezentan\u021bii IGPF au omis s\u0103 furnizeze vreun r\u0103spuns \u00een acest sens.<\/p>\n\n\n\n<p>\u201c<em>\u00cen baza analizei efectuate la nivelul Centrului de Supraveghere \u015fi Controlul Trecerii Frontierei Aeroporturi Bucure\u015fti-Otopeni, cu privire la intervalele de timp \u00een care cre\u015fte num\u0103rul de pasageri at\u00e2t pe sensul de intrare, c\u00e2t \u015fi pe sensul de ie\u015fire, <\/em><strong><em>se suplimenteaz\u0103 cu personalul din echipa de rezerv\u0103<\/em><\/strong><em>, <\/em><strong><em>precum \u015fi relocarea \u00een dinamic\u0103 a personalului<\/em><\/strong><em> de pe sensul de intrare pe sensul de ie\u015fire sau invers, \u00een func\u0163ie de necesit\u0103\u0163i<\/em>\u201d, au transmis reprezenta\u021bii IGPF.<\/p>\n\n\n\n<p>Sistemul automat de verificare a documentelor de c\u0103l\u0103torie \u00een aeroporturi a fost instalat \u00een Aeroportul Otopeni \u00een baza unui contract semnat \u00eentre Inspectoratul General al Poli\u0163iei de Frontier\u0103 \u015fi SC Aviation Management International SRL cu ter\u0163 sus\u0163in\u0103tor SITA Information Networking Computing BV. Acesta a costat aproximativ 500.000 de euro f\u0103r\u0103 TVA \u0219i a fost finan\u0163at din fonduri europene.<\/p>\n","protected":false},"excerpt":{"rendered":"<p>Aflat \u00een aceast\u0103 perioad\u0103 sub inciden\u021ba valorilor maxime anuale cu privire la traficul de pasageri, Aeroportul Interna\u021bional \u201cHenri Coand\u0103\u201d a r\u0103mas \u00een urm\u0103 la capitolul por\u021bi de control automat al pa\u0219apoartelor. De\u0219i \u00een practic\u0103 ar fi trebuit s\u0103 contribuie la eliminarea cozilor, sistemul func\u021bioneaz\u0103 cu sincope. Mai mult, cu toate c\u0103 ar fi trebuit montat [&hellip;]<\/p>\n","protected":false},"author":10,"featured_media":61285,"comment_status":"open","ping_status":"open","sticky":false,"template":"","format":"standard","meta":{"_acf_changed":false,"inline_featured_image":false,"ngg_post_thumbnail":0,"footnotes":""},"categories":[3419,5762,62],"tags":[6405,2630,2964,750,6406,6407],"ppma_author":[22575],"class_list":["post-61284","post","type-post","status-publish","format-standard","has-post-thumbnail","hentry","category-featured","category-main","category-stiri","tag-abc-automatic-border-control","tag-carti-de-indentitate","tag-cnab","tag-otopeni","tag-porti-control","tag-sistem-pasapoarte"],"acf":[],"yoast_head":"<!-- This site is optimized with the Yoast SEO Premium plugin v25.3 (Yoast SEO v27.5) - https:\/\/yoast.com\/product\/yoast-seo-premium-wordpress\/ -->\n<title>Por\u021bile \u201cneputin\u021bei\u201d de la Aeroportul Otopeni | Montat gre\u0219it, sistemul inteligent al V\u0103milor func\u021bioneaz\u0103 cu sincope - Buletin de Bucure\u0219ti<\/title>\n<meta name=\"robots\" content=\"index, follow, max-snippet:-1, max-image-preview:large, max-video-preview:-1\" \/>\n<link rel=\"canonical\" href=\"https:\/\/buletin.de\/bucuresti\/portile-neputintei-de-la-aeroportul-otopeni-montat-gresit-sistemul-inteligent-al-vamilor-functioneaza-cu-sincope\/\" \/>\n<meta property=\"og:locale\" content=\"en_GB\" \/>\n<meta property=\"og:type\" content=\"article\" \/>\n<meta property=\"og:title\" content=\"Por\u021bile \u201cneputin\u021bei\u201d de la Aeroportul Otopeni | Montat gre\u0219it, sistemul inteligent al V\u0103milor func\u021bioneaz\u0103 cu sincope\" \/>\n<meta property=\"og:description\" content=\"Aflat \u00een aceast\u0103 perioad\u0103 sub inciden\u021ba valorilor maxime anuale cu privire la traficul de pasageri, Aeroportul Interna\u021bional \u201cHenri Coand\u0103\u201d a r\u0103mas \u00een urm\u0103 la capitolul por\u021bi de control automat al pa\u0219apoartelor. De\u0219i \u00een practic\u0103 ar fi trebuit s\u0103 contribuie la eliminarea cozilor, sistemul func\u021bioneaz\u0103 cu sincope. Mai mult, cu toate c\u0103 ar fi trebuit montat [&hellip;]\" \/>\n<meta property=\"og:url\" content=\"https:\/\/buletin.de\/bucuresti\/portile-neputintei-de-la-aeroportul-otopeni-montat-gresit-sistemul-inteligent-al-vamilor-functioneaza-cu-sincope\/\" \/>\n<meta property=\"og:site_name\" content=\"Buletin de Bucure\u0219ti\" \/>\n<meta property=\"article:publisher\" content=\"https:\/\/www.facebook.com\/buletin.de.buc\" \/>\n<meta property=\"article:published_time\" content=\"2023-07-19T03:03:19+00:00\" \/>\n<meta property=\"og:image\" content=\"https:\/\/buletin.de\/bucuresti\/wp-content\/uploads\/porti-otopeni.jpg\" \/>\n\t<meta property=\"og:image:width\" content=\"1024\" \/>\n\t<meta property=\"og:image:height\" content=\"576\" \/>\n\t<meta property=\"og:image:type\" content=\"image\/jpeg\" \/>\n<meta name=\"author\" content=\"C\u0103t\u0103lin Dosca\u0219\" \/>\n<meta name=\"twitter:card\" content=\"summary_large_image\" \/>\n<meta name=\"twitter:label1\" content=\"Written by\" \/>\n\t<meta name=\"twitter:data1\" content=\"C\u0103t\u0103lin Dosca\u0219\" \/>\n\t<meta name=\"twitter:label2\" content=\"Estimated reading time\" \/>\n\t<meta name=\"twitter:data2\" content=\"4 minutes\" \/>\n<script type=\"application\/ld+json\" class=\"yoast-schema-graph\">{\"@context\":\"https:\\\/\\\/schema.org\",\"@graph\":[{\"@type\":\"Article\",\"@id\":\"https:\\\/\\\/buletin.de\\\/bucuresti\\\/portile-neputintei-de-la-aeroportul-otopeni-montat-gresit-sistemul-inteligent-al-vamilor-functioneaza-cu-sincope\\\/#article\",\"isPartOf\":{\"@id\":\"https:\\\/\\\/buletin.de\\\/bucuresti\\\/portile-neputintei-de-la-aeroportul-otopeni-montat-gresit-sistemul-inteligent-al-vamilor-functioneaza-cu-sincope\\\/\"},\"author\":{\"name\":\"C\u0103t\u0103lin Dosca\u0219\",\"@id\":\"https:\\\/\\\/buletin.de\\\/bucuresti\\\/#\\\/schema\\\/person\\\/31117187ed4d0bdb0a4c7d6acc79d0f8\"},\"headline\":\"Por\u021bile \u201cneputin\u021bei\u201d de la Aeroportul Otopeni | Montat gre\u0219it, sistemul inteligent al V\u0103milor func\u021bioneaz\u0103 cu sincope\",\"datePublished\":\"2023-07-19T03:03:19+00:00\",\"mainEntityOfPage\":{\"@id\":\"https:\\\/\\\/buletin.de\\\/bucuresti\\\/portile-neputintei-de-la-aeroportul-otopeni-montat-gresit-sistemul-inteligent-al-vamilor-functioneaza-cu-sincope\\\/\"},\"wordCount\":874,\"commentCount\":0,\"publisher\":{\"@id\":\"https:\\\/\\\/buletin.de\\\/bucuresti\\\/#organization\"},\"image\":{\"@id\":\"https:\\\/\\\/buletin.de\\\/bucuresti\\\/portile-neputintei-de-la-aeroportul-otopeni-montat-gresit-sistemul-inteligent-al-vamilor-functioneaza-cu-sincope\\\/#primaryimage\"},\"thumbnailUrl\":\"https:\\\/\\\/buletin.de\\\/bucuresti\\\/wp-content\\\/uploads\\\/porti-otopeni.jpg\",\"keywords\":[\"ABC \u2013 Automatic Border Control\",\"carti de indentitate\",\"cnab\",\"otopeni\",\"porti control\",\"sistem pasapoarte\"],\"articleSection\":[\"Featured\",\"Main\",\"\u0218tiri\"],\"inLanguage\":\"en-GB\",\"potentialAction\":[{\"@type\":\"CommentAction\",\"name\":\"Comment\",\"target\":[\"https:\\\/\\\/buletin.de\\\/bucuresti\\\/portile-neputintei-de-la-aeroportul-otopeni-montat-gresit-sistemul-inteligent-al-vamilor-functioneaza-cu-sincope\\\/#respond\"]}],\"copyrightYear\":\"2023\",\"copyrightHolder\":{\"@id\":\"https:\\\/\\\/buletin.de\\\/bucuresti\\\/#organization\"}},{\"@type\":\"WebPage\",\"@id\":\"https:\\\/\\\/buletin.de\\\/bucuresti\\\/portile-neputintei-de-la-aeroportul-otopeni-montat-gresit-sistemul-inteligent-al-vamilor-functioneaza-cu-sincope\\\/\",\"url\":\"https:\\\/\\\/buletin.de\\\/bucuresti\\\/portile-neputintei-de-la-aeroportul-otopeni-montat-gresit-sistemul-inteligent-al-vamilor-functioneaza-cu-sincope\\\/\",\"name\":\"Por\u021bile \u201cneputin\u021bei\u201d de la Aeroportul Otopeni | Montat gre\u0219it, sistemul inteligent al V\u0103milor func\u021bioneaz\u0103 cu sincope - Buletin de Bucure\u0219ti\",\"isPartOf\":{\"@id\":\"https:\\\/\\\/buletin.de\\\/bucuresti\\\/#website\"},\"primaryImageOfPage\":{\"@id\":\"https:\\\/\\\/buletin.de\\\/bucuresti\\\/portile-neputintei-de-la-aeroportul-otopeni-montat-gresit-sistemul-inteligent-al-vamilor-functioneaza-cu-sincope\\\/#primaryimage\"},\"image\":{\"@id\":\"https:\\\/\\\/buletin.de\\\/bucuresti\\\/portile-neputintei-de-la-aeroportul-otopeni-montat-gresit-sistemul-inteligent-al-vamilor-functioneaza-cu-sincope\\\/#primaryimage\"},\"thumbnailUrl\":\"https:\\\/\\\/buletin.de\\\/bucuresti\\\/wp-content\\\/uploads\\\/porti-otopeni.jpg\",\"datePublished\":\"2023-07-19T03:03:19+00:00\",\"breadcrumb\":{\"@id\":\"https:\\\/\\\/buletin.de\\\/bucuresti\\\/portile-neputintei-de-la-aeroportul-otopeni-montat-gresit-sistemul-inteligent-al-vamilor-functioneaza-cu-sincope\\\/#breadcrumb\"},\"inLanguage\":\"en-GB\",\"potentialAction\":[{\"@type\":\"ReadAction\",\"target\":[\"https:\\\/\\\/buletin.de\\\/bucuresti\\\/portile-neputintei-de-la-aeroportul-otopeni-montat-gresit-sistemul-inteligent-al-vamilor-functioneaza-cu-sincope\\\/\"]}]},{\"@type\":\"ImageObject\",\"inLanguage\":\"en-GB\",\"@id\":\"https:\\\/\\\/buletin.de\\\/bucuresti\\\/portile-neputintei-de-la-aeroportul-otopeni-montat-gresit-sistemul-inteligent-al-vamilor-functioneaza-cu-sincope\\\/#primaryimage\",\"url\":\"https:\\\/\\\/buletin.de\\\/bucuresti\\\/wp-content\\\/uploads\\\/porti-otopeni.jpg\",\"contentUrl\":\"https:\\\/\\\/buletin.de\\\/bucuresti\\\/wp-content\\\/uploads\\\/porti-otopeni.jpg\",\"width\":1024,\"height\":576,\"caption\":\"surs\u0103: arhiv\u0103\"},{\"@type\":\"BreadcrumbList\",\"@id\":\"https:\\\/\\\/buletin.de\\\/bucuresti\\\/portile-neputintei-de-la-aeroportul-otopeni-montat-gresit-sistemul-inteligent-al-vamilor-functioneaza-cu-sincope\\\/#breadcrumb\",\"itemListElement\":[{\"@type\":\"ListItem\",\"position\":1,\"name\":\"Acas\u0103\",\"item\":\"https:\\\/\\\/buletin.de\\\/bucuresti\\\/\"},{\"@type\":\"ListItem\",\"position\":2,\"name\":\"Por\u021bile \u201cneputin\u021bei\u201d de la Aeroportul Otopeni | Montat gre\u0219it, sistemul inteligent al V\u0103milor func\u021bioneaz\u0103 cu sincope\"}]},{\"@type\":\"WebSite\",\"@id\":\"https:\\\/\\\/buletin.de\\\/bucuresti\\\/#website\",\"url\":\"https:\\\/\\\/buletin.de\\\/bucuresti\\\/\",\"name\":\"Buletin de Bucure\u0219ti\",\"description\":\"\u0218tiri \u0219i investiga\u021bii esen\u021biale din capital\u0103\",\"publisher\":{\"@id\":\"https:\\\/\\\/buletin.de\\\/bucuresti\\\/#organization\"},\"potentialAction\":[{\"@type\":\"SearchAction\",\"target\":{\"@type\":\"EntryPoint\",\"urlTemplate\":\"https:\\\/\\\/buletin.de\\\/bucuresti\\\/?s={search_term_string}\"},\"query-input\":{\"@type\":\"PropertyValueSpecification\",\"valueRequired\":true,\"valueName\":\"search_term_string\"}}],\"inLanguage\":\"en-GB\"},{\"@type\":\"Organization\",\"@id\":\"https:\\\/\\\/buletin.de\\\/bucuresti\\\/#organization\",\"name\":\"Buletin de Bucure\u0219ti\",\"url\":\"https:\\\/\\\/buletin.de\\\/bucuresti\\\/\",\"logo\":{\"@type\":\"ImageObject\",\"inLanguage\":\"en-GB\",\"@id\":\"https:\\\/\\\/buletin.de\\\/bucuresti\\\/#\\\/schema\\\/logo\\\/image\\\/\",\"url\":\"https:\\\/\\\/buletin.de\\\/bucuresti\\\/wp-content\\\/uploads\\\/logo-bdb-full-wide-vernil-transparent.png\",\"contentUrl\":\"https:\\\/\\\/buletin.de\\\/bucuresti\\\/wp-content\\\/uploads\\\/logo-bdb-full-wide-vernil-transparent.png\",\"width\":1782,\"height\":626,\"caption\":\"Buletin de Bucure\u0219ti\"},\"image\":{\"@id\":\"https:\\\/\\\/buletin.de\\\/bucuresti\\\/#\\\/schema\\\/logo\\\/image\\\/\"},\"sameAs\":[\"https:\\\/\\\/www.facebook.com\\\/buletin.de.buc\",\"https:\\\/\\\/www.instagram.com\\\/buletinde.bucuresti\\\/\"]},{\"@type\":\"Person\",\"@id\":\"https:\\\/\\\/buletin.de\\\/bucuresti\\\/#\\\/schema\\\/person\\\/31117187ed4d0bdb0a4c7d6acc79d0f8\",\"name\":\"C\u0103t\u0103lin Dosca\u0219\",\"image\":{\"@type\":\"ImageObject\",\"inLanguage\":\"en-GB\",\"@id\":\"https:\\\/\\\/buletin.de\\\/bucuresti\\\/wp-content\\\/uploads\\\/Catalin-Doscas-e1732731064764-96x96.jpga93e2943bb3b1c1f9ead823df6e6317a\",\"url\":\"https:\\\/\\\/buletin.de\\\/bucuresti\\\/wp-content\\\/uploads\\\/Catalin-Doscas-e1732731064764-96x96.jpg\",\"contentUrl\":\"https:\\\/\\\/buletin.de\\\/bucuresti\\\/wp-content\\\/uploads\\\/Catalin-Doscas-e1732731064764-96x96.jpg\",\"caption\":\"C\u0103t\u0103lin Dosca\u0219\"},\"description\":\"Reporter \u0219i redactor-\u0219ef Buletin de Bucure\u0219ti. Lucreaz\u0103 \u00een mass-media de la v\u00e2rsta de 15 ani, c\u00e2nd a publicat primele articole \u00een presa local\u0103 din Tecuci. \u00cen Bucure\u0219ti a lucrat \u00een redac\u021bii radio ca reporter, redactor \u0219i prezentator (StudentFM, Na\u021bionalFM, Radio Total, Smart FM), unde a acoperit domeniile politic, economic, social \u0219i externe. Ulterior, a fost editor-coordonator al postului Realitatea FM. Experien\u021ba \u00een jurnalismul online a dob\u00e2ndit-o la portalul B365.ro, unde a fost editor. \u00cen 2012 s-a angajat \u00een televiziune. La Realitatea TV a fost, pe r\u00e2nd, reporter la sec\u021bia Social, reporter special la emisiunea de reportaje \u0219i anchete \u201eReporterii Realit\u0103\u021bii\u201d, dar \u0219i editor al jurnalelor de \u0219tiri. Ulterior, a f\u0103cut parte din sec\u021bia de Investiga\u021bii de la Digi24 \u0219i a lucrat la campania \u201eRom\u00e2nia furat\u0103\u201d. A revenit \u00een presa scris\u0103 \u00een 2017, ca reporter special, \u00een cadrul unui proiect de repozi\u021bionare a tabloidului Libertatea \u00een cotidian generalist. Este jurnalist Buletin de Bucure\u0219ti din 2019.\",\"url\":\"https:\\\/\\\/buletin.de\\\/bucuresti\\\/author\\\/catalin\\\/\"}]}<\/script>\n<!-- \/ Yoast SEO Premium plugin. -->","yoast_head_json":{"title":"Por\u021bile \u201cneputin\u021bei\u201d de la Aeroportul Otopeni | Montat gre\u0219it, sistemul inteligent al V\u0103milor func\u021bioneaz\u0103 cu sincope - Buletin de Bucure\u0219ti","robots":{"index":"index","follow":"follow","max-snippet":"max-snippet:-1","max-image-preview":"max-image-preview:large","max-video-preview":"max-video-preview:-1"},"canonical":"https:\/\/buletin.de\/bucuresti\/portile-neputintei-de-la-aeroportul-otopeni-montat-gresit-sistemul-inteligent-al-vamilor-functioneaza-cu-sincope\/","og_locale":"en_GB","og_type":"article","og_title":"Por\u021bile \u201cneputin\u021bei\u201d de la Aeroportul Otopeni | Montat gre\u0219it, sistemul inteligent al V\u0103milor func\u021bioneaz\u0103 cu sincope","og_description":"Aflat \u00een aceast\u0103 perioad\u0103 sub inciden\u021ba valorilor maxime anuale cu privire la traficul de pasageri, Aeroportul Interna\u021bional \u201cHenri Coand\u0103\u201d a r\u0103mas \u00een urm\u0103 la capitolul por\u021bi de control automat al pa\u0219apoartelor. De\u0219i \u00een practic\u0103 ar fi trebuit s\u0103 contribuie la eliminarea cozilor, sistemul func\u021bioneaz\u0103 cu sincope. Mai mult, cu toate c\u0103 ar fi trebuit montat [&hellip;]","og_url":"https:\/\/buletin.de\/bucuresti\/portile-neputintei-de-la-aeroportul-otopeni-montat-gresit-sistemul-inteligent-al-vamilor-functioneaza-cu-sincope\/","og_site_name":"Buletin de Bucure\u0219ti","article_publisher":"https:\/\/www.facebook.com\/buletin.de.buc","article_published_time":"2023-07-19T03:03:19+00:00","og_image":[{"width":1024,"height":576,"url":"https:\/\/buletin.de\/bucuresti\/wp-content\/uploads\/porti-otopeni.jpg","type":"image\/jpeg"}],"author":"C\u0103t\u0103lin Dosca\u0219","twitter_card":"summary_large_image","twitter_misc":{"Written by":"C\u0103t\u0103lin Dosca\u0219","Estimated reading time":"4 minutes"},"schema":{"@context":"https:\/\/schema.org","@graph":[{"@type":"Article","@id":"https:\/\/buletin.de\/bucuresti\/portile-neputintei-de-la-aeroportul-otopeni-montat-gresit-sistemul-inteligent-al-vamilor-functioneaza-cu-sincope\/#article","isPartOf":{"@id":"https:\/\/buletin.de\/bucuresti\/portile-neputintei-de-la-aeroportul-otopeni-montat-gresit-sistemul-inteligent-al-vamilor-functioneaza-cu-sincope\/"},"author":{"name":"C\u0103t\u0103lin Dosca\u0219","@id":"https:\/\/buletin.de\/bucuresti\/#\/schema\/person\/31117187ed4d0bdb0a4c7d6acc79d0f8"},"headline":"Por\u021bile \u201cneputin\u021bei\u201d de la Aeroportul Otopeni | Montat gre\u0219it, sistemul inteligent al V\u0103milor func\u021bioneaz\u0103 cu sincope","datePublished":"2023-07-19T03:03:19+00:00","mainEntityOfPage":{"@id":"https:\/\/buletin.de\/bucuresti\/portile-neputintei-de-la-aeroportul-otopeni-montat-gresit-sistemul-inteligent-al-vamilor-functioneaza-cu-sincope\/"},"wordCount":874,"commentCount":0,"publisher":{"@id":"https:\/\/buletin.de\/bucuresti\/#organization"},"image":{"@id":"https:\/\/buletin.de\/bucuresti\/portile-neputintei-de-la-aeroportul-otopeni-montat-gresit-sistemul-inteligent-al-vamilor-functioneaza-cu-sincope\/#primaryimage"},"thumbnailUrl":"https:\/\/buletin.de\/bucuresti\/wp-content\/uploads\/porti-otopeni.jpg","keywords":["ABC \u2013 Automatic Border Control","carti de indentitate","cnab","otopeni","porti control","sistem pasapoarte"],"articleSection":["Featured","Main","\u0218tiri"],"inLanguage":"en-GB","potentialAction":[{"@type":"CommentAction","name":"Comment","target":["https:\/\/buletin.de\/bucuresti\/portile-neputintei-de-la-aeroportul-otopeni-montat-gresit-sistemul-inteligent-al-vamilor-functioneaza-cu-sincope\/#respond"]}],"copyrightYear":"2023","copyrightHolder":{"@id":"https:\/\/buletin.de\/bucuresti\/#organization"}},{"@type":"WebPage","@id":"https:\/\/buletin.de\/bucuresti\/portile-neputintei-de-la-aeroportul-otopeni-montat-gresit-sistemul-inteligent-al-vamilor-functioneaza-cu-sincope\/","url":"https:\/\/buletin.de\/bucuresti\/portile-neputintei-de-la-aeroportul-otopeni-montat-gresit-sistemul-inteligent-al-vamilor-functioneaza-cu-sincope\/","name":"Por\u021bile \u201cneputin\u021bei\u201d de la Aeroportul Otopeni | Montat gre\u0219it, sistemul inteligent al V\u0103milor func\u021bioneaz\u0103 cu sincope - Buletin de Bucure\u0219ti","isPartOf":{"@id":"https:\/\/buletin.de\/bucuresti\/#website"},"primaryImageOfPage":{"@id":"https:\/\/buletin.de\/bucuresti\/portile-neputintei-de-la-aeroportul-otopeni-montat-gresit-sistemul-inteligent-al-vamilor-functioneaza-cu-sincope\/#primaryimage"},"image":{"@id":"https:\/\/buletin.de\/bucuresti\/portile-neputintei-de-la-aeroportul-otopeni-montat-gresit-sistemul-inteligent-al-vamilor-functioneaza-cu-sincope\/#primaryimage"},"thumbnailUrl":"https:\/\/buletin.de\/bucuresti\/wp-content\/uploads\/porti-otopeni.jpg","datePublished":"2023-07-19T03:03:19+00:00","breadcrumb":{"@id":"https:\/\/buletin.de\/bucuresti\/portile-neputintei-de-la-aeroportul-otopeni-montat-gresit-sistemul-inteligent-al-vamilor-functioneaza-cu-sincope\/#breadcrumb"},"inLanguage":"en-GB","potentialAction":[{"@type":"ReadAction","target":["https:\/\/buletin.de\/bucuresti\/portile-neputintei-de-la-aeroportul-otopeni-montat-gresit-sistemul-inteligent-al-vamilor-functioneaza-cu-sincope\/"]}]},{"@type":"ImageObject","inLanguage":"en-GB","@id":"https:\/\/buletin.de\/bucuresti\/portile-neputintei-de-la-aeroportul-otopeni-montat-gresit-sistemul-inteligent-al-vamilor-functioneaza-cu-sincope\/#primaryimage","url":"https:\/\/buletin.de\/bucuresti\/wp-content\/uploads\/porti-otopeni.jpg","contentUrl":"https:\/\/buletin.de\/bucuresti\/wp-content\/uploads\/porti-otopeni.jpg","width":1024,"height":576,"caption":"surs\u0103: arhiv\u0103"},{"@type":"BreadcrumbList","@id":"https:\/\/buletin.de\/bucuresti\/portile-neputintei-de-la-aeroportul-otopeni-montat-gresit-sistemul-inteligent-al-vamilor-functioneaza-cu-sincope\/#breadcrumb","itemListElement":[{"@type":"ListItem","position":1,"name":"Acas\u0103","item":"https:\/\/buletin.de\/bucuresti\/"},{"@type":"ListItem","position":2,"name":"Por\u021bile \u201cneputin\u021bei\u201d de la Aeroportul Otopeni | Montat gre\u0219it, sistemul inteligent al V\u0103milor func\u021bioneaz\u0103 cu sincope"}]},{"@type":"WebSite","@id":"https:\/\/buletin.de\/bucuresti\/#website","url":"https:\/\/buletin.de\/bucuresti\/","name":"Buletin de Bucure\u0219ti","description":"\u0218tiri \u0219i investiga\u021bii esen\u021biale din capital\u0103","publisher":{"@id":"https:\/\/buletin.de\/bucuresti\/#organization"},"potentialAction":[{"@type":"SearchAction","target":{"@type":"EntryPoint","urlTemplate":"https:\/\/buletin.de\/bucuresti\/?s={search_term_string}"},"query-input":{"@type":"PropertyValueSpecification","valueRequired":true,"valueName":"search_term_string"}}],"inLanguage":"en-GB"},{"@type":"Organization","@id":"https:\/\/buletin.de\/bucuresti\/#organization","name":"Buletin de Bucure\u0219ti","url":"https:\/\/buletin.de\/bucuresti\/","logo":{"@type":"ImageObject","inLanguage":"en-GB","@id":"https:\/\/buletin.de\/bucuresti\/#\/schema\/logo\/image\/","url":"https:\/\/buletin.de\/bucuresti\/wp-content\/uploads\/logo-bdb-full-wide-vernil-transparent.png","contentUrl":"https:\/\/buletin.de\/bucuresti\/wp-content\/uploads\/logo-bdb-full-wide-vernil-transparent.png","width":1782,"height":626,"caption":"Buletin de Bucure\u0219ti"},"image":{"@id":"https:\/\/buletin.de\/bucuresti\/#\/schema\/logo\/image\/"},"sameAs":["https:\/\/www.facebook.com\/buletin.de.buc","https:\/\/www.instagram.com\/buletinde.bucuresti\/"]},{"@type":"Person","@id":"https:\/\/buletin.de\/bucuresti\/#\/schema\/person\/31117187ed4d0bdb0a4c7d6acc79d0f8","name":"C\u0103t\u0103lin Dosca\u0219","image":{"@type":"ImageObject","inLanguage":"en-GB","@id":"https:\/\/buletin.de\/bucuresti\/wp-content\/uploads\/Catalin-Doscas-e1732731064764-96x96.jpga93e2943bb3b1c1f9ead823df6e6317a","url":"https:\/\/buletin.de\/bucuresti\/wp-content\/uploads\/Catalin-Doscas-e1732731064764-96x96.jpg","contentUrl":"https:\/\/buletin.de\/bucuresti\/wp-content\/uploads\/Catalin-Doscas-e1732731064764-96x96.jpg","caption":"C\u0103t\u0103lin Dosca\u0219"},"description":"Reporter \u0219i redactor-\u0219ef Buletin de Bucure\u0219ti. Lucreaz\u0103 \u00een mass-media de la v\u00e2rsta de 15 ani, c\u00e2nd a publicat primele articole \u00een presa local\u0103 din Tecuci. \u00cen Bucure\u0219ti a lucrat \u00een redac\u021bii radio ca reporter, redactor \u0219i prezentator (StudentFM, Na\u021bionalFM, Radio Total, Smart FM), unde a acoperit domeniile politic, economic, social \u0219i externe. Ulterior, a fost editor-coordonator al postului Realitatea FM. Experien\u021ba \u00een jurnalismul online a dob\u00e2ndit-o la portalul B365.ro, unde a fost editor. \u00cen 2012 s-a angajat \u00een televiziune. La Realitatea TV a fost, pe r\u00e2nd, reporter la sec\u021bia Social, reporter special la emisiunea de reportaje \u0219i anchete \u201eReporterii Realit\u0103\u021bii\u201d, dar \u0219i editor al jurnalelor de \u0219tiri. Ulterior, a f\u0103cut parte din sec\u021bia de Investiga\u021bii de la Digi24 \u0219i a lucrat la campania \u201eRom\u00e2nia furat\u0103\u201d. A revenit \u00een presa scris\u0103 \u00een 2017, ca reporter special, \u00een cadrul unui proiect de repozi\u021bionare a tabloidului Libertatea \u00een cotidian generalist. Este jurnalist Buletin de Bucure\u0219ti din 2019.","url":"https:\/\/buletin.de\/bucuresti\/author\/catalin\/"}]}},"authors":[{"term_id":22575,"user_id":10,"is_guest":0,"slug":"catalin","display_name":"C\u0103t\u0103lin Dosca\u0219","avatar_url":"https:\/\/buletin.de\/bucuresti\/wp-content\/uploads\/Catalin-Doscas-e1732731064764-96x96.jpg","0":null,"1":"","2":"","3":"","4":"","5":"","6":"","7":"","8":""}],"_links":{"self":[{"href":"https:\/\/buletin.de\/bucuresti\/wp-json\/wp\/v2\/posts\/61284","targetHints":{"allow":["GET"]}}],"collection":[{"href":"https:\/\/buletin.de\/bucuresti\/wp-json\/wp\/v2\/posts"}],"about":[{"href":"https:\/\/buletin.de\/bucuresti\/wp-json\/wp\/v2\/types\/post"}],"author":[{"embeddable":true,"href":"https:\/\/buletin.de\/bucuresti\/wp-json\/wp\/v2\/users\/10"}],"replies":[{"embeddable":true,"href":"https:\/\/buletin.de\/bucuresti\/wp-json\/wp\/v2\/comments?post=61284"}],"version-history":[{"count":0,"href":"https:\/\/buletin.de\/bucuresti\/wp-json\/wp\/v2\/posts\/61284\/revisions"}],"wp:featuredmedia":[{"embeddable":true,"href":"https:\/\/buletin.de\/bucuresti\/wp-json\/wp\/v2\/media\/61285"}],"wp:attachment":[{"href":"https:\/\/buletin.de\/bucuresti\/wp-json\/wp\/v2\/media?parent=61284"}],"wp:term":[{"taxonomy":"category","embeddable":true,"href":"https:\/\/buletin.de\/bucuresti\/wp-json\/wp\/v2\/categories?post=61284"},{"taxonomy":"post_tag","embeddable":true,"href":"https:\/\/buletin.de\/bucuresti\/wp-json\/wp\/v2\/tags?post=61284"},{"taxonomy":"author","embeddable":true,"href":"https:\/\/buletin.de\/bucuresti\/wp-json\/wp\/v2\/ppma_author?post=61284"}],"curies":[{"name":"wp","href":"https:\/\/api.w.org\/{rel}","templated":true}]}}