{"id":61270,"date":"2023-07-21T03:39:35","date_gmt":"2023-07-21T01:39:35","guid":{"rendered":"https:\/\/buletin.de\/bucuresti\/editorial-din-gara-de-nord-pe-sine-dilatate-cu-trenul-soarelui\/"},"modified":"2023-09-19T15:05:06","modified_gmt":"2023-09-19T13:05:06","slug":"editorial-din-gara-de-nord-pe-sine-dilatate-cu-trenul-soarelui","status":"publish","type":"post","link":"https:\/\/buletin.de\/bucuresti\/editorial-din-gara-de-nord-pe-sine-dilatate-cu-trenul-soarelui\/","title":{"rendered":"EDITORIAL | Din Gara de Nord, pe \u015fine dilatate, cu Trenul Soarelui"},"content":{"rendered":"\n<p>Trenul Bucure\u015fti-Mangalia&#8230;<\/p>\n\n\n\n<p>Sigur, putem c\u00e2nta sau ne putem pierde min\u0163ile de nervi.<\/p>\n\n\n\n<p>Plecatul la mare este, \u00eentotdeauna, o aventur\u0103. Cu copii sau f\u0103r\u0103, cu ma\u015fina sau cu trenul. C\u0103ratul bagajelor te las\u0103 sleit de puteri, chiar dac\u0103 le cari de la etalul doi p\u00e2n\u0103 la ma\u015fin\u0103. Pentru c\u0103 sunt multe. Nu mai vorbim despre t\u00e2r\u00e2tul lor p\u00e2n\u0103 la tren si apoi p\u00e2n\u0103 la hotel.<\/p>\n\n\n\n<p>Apoi, dac\u0103 pleci cu trenul, ai grija biletelor, a int\u00e2rziatului la gar\u0103 si a ajunsului, la timp, la hotel.<\/p>\n\n\n\n<p>Din capul locului, recunosc, eu plec cu trenul la mare. Deci am grijile astea, plus un copil care, de\u015fi e mare si independent, parca n-a\u015f vrea s\u0103-l pierd. Asa c\u0103, din c\u00e2nd in c\u00e2nd,  mai trag cu coada ochiului si la el.<\/p>\n\n\n\n<p>Bilete am luat de vreo s\u0103pt\u0103m\u00e2n\u0103, bagajul il fac pe ultima sut\u0103 de metri, ca de obicei, iar diminea\u021ba am pornit spre gar\u0103.<\/p>\n\n\n\n<p>Gara de Nord din Bucure\u015fti arat\u0103 a\u015fa&#8230;ca un mic Istanbul. Pe vremea c\u00e2nd Traian B\u0103sescu era primar al Capitalei, a scos nasul la lumin\u0103 . Acum, arat\u0103  ca dup\u0103  r\u0103zboi dar nou\u0103 ne place a\u015fa. C\u0103 las\u0103, \u201e merge si a\u015fa!&#8221;<\/p>\n\n\n\n<p>G\u0103sim trenul si de aici \u00eencepe povestea &#8220;de succes&#8221; a CFR. Trenurile noastre, un fel de &#8220;drumurile noastre, toate&#8221;, sunt oglinda noastr\u0103: pr\u0103fuite, \u00eenvechite, date pe doi lei de al\u021bii care au sc\u0103pat de ele.<\/p>\n\n\n\n<p>Iar lumea&#8230;offf, lume, lume! Ne asez\u0103m pe scaune si, pentru c\u0103 e diminea\u021b\u0103, lu\u0103m micul dejun, nu? Miasmele de salam, ceap\u0103, ou\u0103, te imbie. Si trebuie s\u0103 st\u0103m si confortabil, nu? Deci, ne punem picioarele pe scaunul din fa\u021ba noastr\u0103.<\/p>\n\n\n\n<p>Dar&#8230;avem aer condi\u021bionat! Cam mult, pentru gustul meu, dar nu mai fac nazuri. Eu, nu! Dar al\u021bii..<\/p>\n\n\n\n<p>&#8221; D\u0103i, domnule aerul mai mic!&#8221;<\/p>\n\n\n\n<p>&#8221; Dar ce, vrei s\u0103 murim de cald? Lua\u021bi-v\u0103 masin\u0103!&#8221;, se r\u0103spunde in dulcele stil rom\u00e2nesc.<\/p>\n\n\n\n<p>Trenurile rom\u00e2nesti, cele mai multe dintre ele, sunt niste c\u0103ru\u021be elegante, cu mirosuri la purt\u0103tor, cu tot felul de arome de m\u00e2ncare si de, m\u0103 scuza\u021bi, toalet\u0103 necur\u0103tat\u0103.<\/p>\n\n\n\n<p>Urcatul \u00een tren este ca mersul la starea civil\u0103. Greu \u00eel faci dar pe urm\u0103 e\u0219ti eliberat. Sc\u0103rile sunt prea sus \u0219i prea mici. Iar cobor\u00e2tul este, normal, ca un divor\u021b. Aceea\u0219i eliberare.<\/p>\n\n\n\n<p>Mersul la toalet\u0103, in trenul nostru, e ca mersul la starea civil\u0103. Te urne\u0219ti cu greu dar trebuie s\u0103 o faci!:)<\/p>\n\n\n\n<p>Ajuns acolo, pe moment, tot ca la starea civil\u0103, iti vine s\u0103 pl\u00e2ngi. Regele, c\u00e2nd st\u0103 pe tron, trebuie s\u0103  aib\u0103  confort. Nu exist\u0103 ! Mizerie, f\u0103r\u0103  s\u0103pun, f\u0103r\u0103  h\u00e2rtie igienic\u0103  \u0219i te mai \u0219i leag\u0103n\u0103. E bine, \u00eens\u0103! Tot \u00eentr-un tren care a plecat din Bucure\u0219ti, am mers cu toaleta care a defulat in vagoane. Parfum, nu?<\/p>\n\n\n\n<p>La veceul din tren, se poate scrie istorie. Adic\u0103 ne putem imagina \u00eenceputul toaletei, cea intr-o groap\u0103, apoi una ceva mai civilizat\u0103, ca o casu\u021b\u0103, \u00een fundul cur\u021bii \u0219i ne oprim. Pentru c\u0103 se opre\u0219te \u0219i evolu\u021bia. Dac\u0103 n-ar fi o urm\u0103 de hartie igienic\u0103, ce pare folosit\u0103, ne-am sim\u021bi \u00een Morome\u021bii.<\/p>\n\n\n\n<p>\u0219i vine \u0219i na\u0219ul, nu? Na\u0219ii din Bucure\u0219ti sunt o specie aparte. Au senza\u021bia c\u0103 lucreaz\u0103 cel, cel pu\u021bin, la Ministerul de Interne. Se mi\u0219c\u0103 \u021ban\u021bo\u0219i, cu sudoarea curg\u00e2nd pe uniform\u0103, d\u00e2nd instruc\u021biuni pre\u021bioase care, de altfel, nu folosesc la nimic.<\/p>\n\n\n\n<p>Plec\u0103m din Bucure\u0219ti cu \u00eent\u00e2rziere c\u0103 s-au umflat \u0219inele. Doar \u0219apte minute, nu e o tragedie, pentru c\u0103, ne spunem cu speran\u021b\u0103, recuper\u0103m pe drum. La Constan\u021ba sunt deja 20 de minute \u0219i ne pierdem speran\u021ba. <\/p>\n\n\n\n<p>Bucure\u0219tiul e departe iar de la Constan\u021ba nu mai mergem &#8220;electrifica\u021bi&#8221; a\u0219a c\u0103 ne leg\u0103n\u0103m, u\u0219or, vreo or\u0103 \u0219i ceva, p\u00e2n\u0103 unde vrem s\u0103 ajungem, fiecare. Ins\u0103 lumea pestri\u021b\u0103 a mai cobor\u00e2t \u0219i nu mai miroase a salam, c\u0103 a venit pr\u00e2zul \u0219i ar merge o ciorb\u0103 de burt\u0103 dar am ajuns la destina\u021bie. O destina\u021bie unde nu exist\u0103 peron!:) Dar asta e alt\u0103 poveste!<\/p>\n\n\n\n<p>Trenul Bucure\u0219ti-Mangalia&#8230;Dar vara asta am s\u0103 m\u0103-ndr\u0103gostesc&#8230;<\/p>\n","protected":false},"excerpt":{"rendered":"<p>Trenul Bucure\u015fti-Mangalia&#8230; Sigur, putem c\u00e2nta sau ne putem pierde min\u0163ile de nervi. Plecatul la mare este, \u00eentotdeauna, o aventur\u0103. Cu copii sau f\u0103r\u0103, cu ma\u015fina sau cu trenul. C\u0103ratul bagajelor te las\u0103 sleit de puteri, chiar dac\u0103 le cari de la etalul doi p\u00e2n\u0103 la ma\u015fin\u0103. Pentru c\u0103 sunt multe. Nu mai vorbim despre t\u00e2r\u00e2tul [&hellip;]<\/p>\n","protected":false},"author":49,"featured_media":61271,"comment_status":"open","ping_status":"open","sticky":false,"template":"","format":"standard","meta":{"_acf_changed":false,"inline_featured_image":false,"ngg_post_thumbnail":0,"footnotes":""},"categories":[41,5762,62],"tags":[],"ppma_author":[22574],"class_list":["post-61270","post","type-post","status-publish","format-standard","has-post-thumbnail","hentry","category-editorial","category-main","category-stiri"],"acf":[],"yoast_head":"<!-- This site is optimized with the Yoast SEO Premium plugin v25.3 (Yoast SEO v27.4) - https:\/\/yoast.com\/product\/yoast-seo-premium-wordpress\/ -->\n<title>EDITORIAL | Din Gara de Nord, pe \u015fine dilatate, cu Trenul Soarelui - Buletin de Bucure\u0219ti<\/title>\n<meta name=\"robots\" content=\"index, follow, max-snippet:-1, max-image-preview:large, max-video-preview:-1\" \/>\n<link rel=\"canonical\" href=\"https:\/\/buletin.de\/bucuresti\/editorial-din-gara-de-nord-pe-sine-dilatate-cu-trenul-soarelui\/\" \/>\n<meta property=\"og:locale\" content=\"en_GB\" \/>\n<meta property=\"og:type\" content=\"article\" \/>\n<meta property=\"og:title\" content=\"EDITORIAL | Din Gara de Nord, pe \u015fine dilatate, cu Trenul Soarelui\" \/>\n<meta property=\"og:description\" content=\"Trenul Bucure\u015fti-Mangalia&#8230; Sigur, putem c\u00e2nta sau ne putem pierde min\u0163ile de nervi. Plecatul la mare este, \u00eentotdeauna, o aventur\u0103. Cu copii sau f\u0103r\u0103, cu ma\u015fina sau cu trenul. C\u0103ratul bagajelor te las\u0103 sleit de puteri, chiar dac\u0103 le cari de la etalul doi p\u00e2n\u0103 la ma\u015fin\u0103. Pentru c\u0103 sunt multe. Nu mai vorbim despre t\u00e2r\u00e2tul [&hellip;]\" \/>\n<meta property=\"og:url\" content=\"https:\/\/buletin.de\/bucuresti\/editorial-din-gara-de-nord-pe-sine-dilatate-cu-trenul-soarelui\/\" \/>\n<meta property=\"og:site_name\" content=\"Buletin de Bucure\u0219ti\" \/>\n<meta property=\"article:publisher\" content=\"https:\/\/www.facebook.com\/buletin.de.buc\" \/>\n<meta property=\"article:published_time\" content=\"2023-07-21T01:39:35+00:00\" \/>\n<meta property=\"article:modified_time\" content=\"2023-09-19T13:05:06+00:00\" \/>\n<meta property=\"og:image\" content=\"https:\/\/buletin.de\/bucuresti\/wp-content\/uploads\/ID70214_INQUAM_Photos_George_Calin-1.jpg\" \/>\n\t<meta property=\"og:image:width\" content=\"2000\" \/>\n\t<meta property=\"og:image:height\" content=\"1333\" \/>\n\t<meta property=\"og:image:type\" content=\"image\/jpeg\" \/>\n<meta name=\"author\" content=\"Diana Matei\" \/>\n<meta name=\"twitter:card\" content=\"summary_large_image\" \/>\n<meta name=\"twitter:label1\" content=\"Written by\" \/>\n\t<meta name=\"twitter:data1\" content=\"Diana Matei\" \/>\n\t<meta name=\"twitter:label2\" content=\"Estimated reading time\" \/>\n\t<meta name=\"twitter:data2\" content=\"3 minutes\" \/>\n<script type=\"application\/ld+json\" class=\"yoast-schema-graph\">{\"@context\":\"https:\\\/\\\/schema.org\",\"@graph\":[{\"@type\":\"Article\",\"@id\":\"https:\\\/\\\/buletin.de\\\/bucuresti\\\/editorial-din-gara-de-nord-pe-sine-dilatate-cu-trenul-soarelui\\\/#article\",\"isPartOf\":{\"@id\":\"https:\\\/\\\/buletin.de\\\/bucuresti\\\/editorial-din-gara-de-nord-pe-sine-dilatate-cu-trenul-soarelui\\\/\"},\"author\":{\"name\":\"Diana Matei\",\"@id\":\"https:\\\/\\\/buletin.de\\\/bucuresti\\\/#\\\/schema\\\/person\\\/7e46040573290777280a0835d81ea4ea\"},\"headline\":\"EDITORIAL | Din Gara de Nord, pe \u015fine dilatate, cu Trenul Soarelui\",\"datePublished\":\"2023-07-21T01:39:35+00:00\",\"dateModified\":\"2023-09-19T13:05:06+00:00\",\"mainEntityOfPage\":{\"@id\":\"https:\\\/\\\/buletin.de\\\/bucuresti\\\/editorial-din-gara-de-nord-pe-sine-dilatate-cu-trenul-soarelui\\\/\"},\"wordCount\":753,\"commentCount\":0,\"publisher\":{\"@id\":\"https:\\\/\\\/buletin.de\\\/bucuresti\\\/#organization\"},\"image\":{\"@id\":\"https:\\\/\\\/buletin.de\\\/bucuresti\\\/editorial-din-gara-de-nord-pe-sine-dilatate-cu-trenul-soarelui\\\/#primaryimage\"},\"thumbnailUrl\":\"https:\\\/\\\/buletin.de\\\/bucuresti\\\/wp-content\\\/uploads\\\/ID70214_INQUAM_Photos_George_Calin-1.jpg\",\"articleSection\":[\"Editorial\",\"Main\",\"\u0218tiri\"],\"inLanguage\":\"en-GB\",\"potentialAction\":[{\"@type\":\"CommentAction\",\"name\":\"Comment\",\"target\":[\"https:\\\/\\\/buletin.de\\\/bucuresti\\\/editorial-din-gara-de-nord-pe-sine-dilatate-cu-trenul-soarelui\\\/#respond\"]}],\"copyrightYear\":\"2023\",\"copyrightHolder\":{\"@id\":\"https:\\\/\\\/buletin.de\\\/bucuresti\\\/#organization\"}},{\"@type\":\"WebPage\",\"@id\":\"https:\\\/\\\/buletin.de\\\/bucuresti\\\/editorial-din-gara-de-nord-pe-sine-dilatate-cu-trenul-soarelui\\\/\",\"url\":\"https:\\\/\\\/buletin.de\\\/bucuresti\\\/editorial-din-gara-de-nord-pe-sine-dilatate-cu-trenul-soarelui\\\/\",\"name\":\"EDITORIAL | Din Gara de Nord, pe \u015fine dilatate, cu Trenul Soarelui - Buletin de Bucure\u0219ti\",\"isPartOf\":{\"@id\":\"https:\\\/\\\/buletin.de\\\/bucuresti\\\/#website\"},\"primaryImageOfPage\":{\"@id\":\"https:\\\/\\\/buletin.de\\\/bucuresti\\\/editorial-din-gara-de-nord-pe-sine-dilatate-cu-trenul-soarelui\\\/#primaryimage\"},\"image\":{\"@id\":\"https:\\\/\\\/buletin.de\\\/bucuresti\\\/editorial-din-gara-de-nord-pe-sine-dilatate-cu-trenul-soarelui\\\/#primaryimage\"},\"thumbnailUrl\":\"https:\\\/\\\/buletin.de\\\/bucuresti\\\/wp-content\\\/uploads\\\/ID70214_INQUAM_Photos_George_Calin-1.jpg\",\"datePublished\":\"2023-07-21T01:39:35+00:00\",\"dateModified\":\"2023-09-19T13:05:06+00:00\",\"breadcrumb\":{\"@id\":\"https:\\\/\\\/buletin.de\\\/bucuresti\\\/editorial-din-gara-de-nord-pe-sine-dilatate-cu-trenul-soarelui\\\/#breadcrumb\"},\"inLanguage\":\"en-GB\",\"potentialAction\":[{\"@type\":\"ReadAction\",\"target\":[\"https:\\\/\\\/buletin.de\\\/bucuresti\\\/editorial-din-gara-de-nord-pe-sine-dilatate-cu-trenul-soarelui\\\/\"]}]},{\"@type\":\"ImageObject\",\"inLanguage\":\"en-GB\",\"@id\":\"https:\\\/\\\/buletin.de\\\/bucuresti\\\/editorial-din-gara-de-nord-pe-sine-dilatate-cu-trenul-soarelui\\\/#primaryimage\",\"url\":\"https:\\\/\\\/buletin.de\\\/bucuresti\\\/wp-content\\\/uploads\\\/ID70214_INQUAM_Photos_George_Calin-1.jpg\",\"contentUrl\":\"https:\\\/\\\/buletin.de\\\/bucuresti\\\/wp-content\\\/uploads\\\/ID70214_INQUAM_Photos_George_Calin-1.jpg\",\"width\":2000,\"height\":1333},{\"@type\":\"BreadcrumbList\",\"@id\":\"https:\\\/\\\/buletin.de\\\/bucuresti\\\/editorial-din-gara-de-nord-pe-sine-dilatate-cu-trenul-soarelui\\\/#breadcrumb\",\"itemListElement\":[{\"@type\":\"ListItem\",\"position\":1,\"name\":\"Acas\u0103\",\"item\":\"https:\\\/\\\/buletin.de\\\/bucuresti\\\/\"},{\"@type\":\"ListItem\",\"position\":2,\"name\":\"EDITORIAL | Din Gara de Nord, pe \u015fine dilatate, cu Trenul Soarelui\"}]},{\"@type\":\"WebSite\",\"@id\":\"https:\\\/\\\/buletin.de\\\/bucuresti\\\/#website\",\"url\":\"https:\\\/\\\/buletin.de\\\/bucuresti\\\/\",\"name\":\"Buletin de Bucure\u0219ti\",\"description\":\"\u0218tiri \u0219i investiga\u021bii esen\u021biale din capital\u0103\",\"publisher\":{\"@id\":\"https:\\\/\\\/buletin.de\\\/bucuresti\\\/#organization\"},\"potentialAction\":[{\"@type\":\"SearchAction\",\"target\":{\"@type\":\"EntryPoint\",\"urlTemplate\":\"https:\\\/\\\/buletin.de\\\/bucuresti\\\/?s={search_term_string}\"},\"query-input\":{\"@type\":\"PropertyValueSpecification\",\"valueRequired\":true,\"valueName\":\"search_term_string\"}}],\"inLanguage\":\"en-GB\"},{\"@type\":\"Organization\",\"@id\":\"https:\\\/\\\/buletin.de\\\/bucuresti\\\/#organization\",\"name\":\"Buletin de Bucure\u0219ti\",\"url\":\"https:\\\/\\\/buletin.de\\\/bucuresti\\\/\",\"logo\":{\"@type\":\"ImageObject\",\"inLanguage\":\"en-GB\",\"@id\":\"https:\\\/\\\/buletin.de\\\/bucuresti\\\/#\\\/schema\\\/logo\\\/image\\\/\",\"url\":\"https:\\\/\\\/buletin.de\\\/bucuresti\\\/wp-content\\\/uploads\\\/logo-bdb-full-wide-vernil-transparent.png\",\"contentUrl\":\"https:\\\/\\\/buletin.de\\\/bucuresti\\\/wp-content\\\/uploads\\\/logo-bdb-full-wide-vernil-transparent.png\",\"width\":1782,\"height\":626,\"caption\":\"Buletin de Bucure\u0219ti\"},\"image\":{\"@id\":\"https:\\\/\\\/buletin.de\\\/bucuresti\\\/#\\\/schema\\\/logo\\\/image\\\/\"},\"sameAs\":[\"https:\\\/\\\/www.facebook.com\\\/buletin.de.buc\",\"https:\\\/\\\/www.instagram.com\\\/buletinde.bucuresti\\\/\"]},{\"@type\":\"Person\",\"@id\":\"https:\\\/\\\/buletin.de\\\/bucuresti\\\/#\\\/schema\\\/person\\\/7e46040573290777280a0835d81ea4ea\",\"name\":\"Diana Matei\",\"image\":{\"@type\":\"ImageObject\",\"inLanguage\":\"en-GB\",\"@id\":\"https:\\\/\\\/buletin.de\\\/bucuresti\\\/wp-content\\\/uploads\\\/9-2-96x96.jpg1e8590b30871d70e62ebcdaf2eff570c\",\"url\":\"https:\\\/\\\/buletin.de\\\/bucuresti\\\/wp-content\\\/uploads\\\/9-2-96x96.jpg\",\"contentUrl\":\"https:\\\/\\\/buletin.de\\\/bucuresti\\\/wp-content\\\/uploads\\\/9-2-96x96.jpg\",\"caption\":\"Diana Matei\"},\"url\":\"https:\\\/\\\/buletin.de\\\/bucuresti\\\/author\\\/dianamatei\\\/\"}]}<\/script>\n<!-- \/ Yoast SEO Premium plugin. -->","yoast_head_json":{"title":"EDITORIAL | Din Gara de Nord, pe \u015fine dilatate, cu Trenul Soarelui - Buletin de Bucure\u0219ti","robots":{"index":"index","follow":"follow","max-snippet":"max-snippet:-1","max-image-preview":"max-image-preview:large","max-video-preview":"max-video-preview:-1"},"canonical":"https:\/\/buletin.de\/bucuresti\/editorial-din-gara-de-nord-pe-sine-dilatate-cu-trenul-soarelui\/","og_locale":"en_GB","og_type":"article","og_title":"EDITORIAL | Din Gara de Nord, pe \u015fine dilatate, cu Trenul Soarelui","og_description":"Trenul Bucure\u015fti-Mangalia&#8230; Sigur, putem c\u00e2nta sau ne putem pierde min\u0163ile de nervi. Plecatul la mare este, \u00eentotdeauna, o aventur\u0103. Cu copii sau f\u0103r\u0103, cu ma\u015fina sau cu trenul. C\u0103ratul bagajelor te las\u0103 sleit de puteri, chiar dac\u0103 le cari de la etalul doi p\u00e2n\u0103 la ma\u015fin\u0103. Pentru c\u0103 sunt multe. Nu mai vorbim despre t\u00e2r\u00e2tul [&hellip;]","og_url":"https:\/\/buletin.de\/bucuresti\/editorial-din-gara-de-nord-pe-sine-dilatate-cu-trenul-soarelui\/","og_site_name":"Buletin de Bucure\u0219ti","article_publisher":"https:\/\/www.facebook.com\/buletin.de.buc","article_published_time":"2023-07-21T01:39:35+00:00","article_modified_time":"2023-09-19T13:05:06+00:00","og_image":[{"width":2000,"height":1333,"url":"https:\/\/buletin.de\/bucuresti\/wp-content\/uploads\/ID70214_INQUAM_Photos_George_Calin-1.jpg","type":"image\/jpeg"}],"author":"Diana Matei","twitter_card":"summary_large_image","twitter_misc":{"Written by":"Diana Matei","Estimated reading time":"3 minutes"},"schema":{"@context":"https:\/\/schema.org","@graph":[{"@type":"Article","@id":"https:\/\/buletin.de\/bucuresti\/editorial-din-gara-de-nord-pe-sine-dilatate-cu-trenul-soarelui\/#article","isPartOf":{"@id":"https:\/\/buletin.de\/bucuresti\/editorial-din-gara-de-nord-pe-sine-dilatate-cu-trenul-soarelui\/"},"author":{"name":"Diana Matei","@id":"https:\/\/buletin.de\/bucuresti\/#\/schema\/person\/7e46040573290777280a0835d81ea4ea"},"headline":"EDITORIAL | Din Gara de Nord, pe \u015fine dilatate, cu Trenul Soarelui","datePublished":"2023-07-21T01:39:35+00:00","dateModified":"2023-09-19T13:05:06+00:00","mainEntityOfPage":{"@id":"https:\/\/buletin.de\/bucuresti\/editorial-din-gara-de-nord-pe-sine-dilatate-cu-trenul-soarelui\/"},"wordCount":753,"commentCount":0,"publisher":{"@id":"https:\/\/buletin.de\/bucuresti\/#organization"},"image":{"@id":"https:\/\/buletin.de\/bucuresti\/editorial-din-gara-de-nord-pe-sine-dilatate-cu-trenul-soarelui\/#primaryimage"},"thumbnailUrl":"https:\/\/buletin.de\/bucuresti\/wp-content\/uploads\/ID70214_INQUAM_Photos_George_Calin-1.jpg","articleSection":["Editorial","Main","\u0218tiri"],"inLanguage":"en-GB","potentialAction":[{"@type":"CommentAction","name":"Comment","target":["https:\/\/buletin.de\/bucuresti\/editorial-din-gara-de-nord-pe-sine-dilatate-cu-trenul-soarelui\/#respond"]}],"copyrightYear":"2023","copyrightHolder":{"@id":"https:\/\/buletin.de\/bucuresti\/#organization"}},{"@type":"WebPage","@id":"https:\/\/buletin.de\/bucuresti\/editorial-din-gara-de-nord-pe-sine-dilatate-cu-trenul-soarelui\/","url":"https:\/\/buletin.de\/bucuresti\/editorial-din-gara-de-nord-pe-sine-dilatate-cu-trenul-soarelui\/","name":"EDITORIAL | Din Gara de Nord, pe \u015fine dilatate, cu Trenul Soarelui - Buletin de Bucure\u0219ti","isPartOf":{"@id":"https:\/\/buletin.de\/bucuresti\/#website"},"primaryImageOfPage":{"@id":"https:\/\/buletin.de\/bucuresti\/editorial-din-gara-de-nord-pe-sine-dilatate-cu-trenul-soarelui\/#primaryimage"},"image":{"@id":"https:\/\/buletin.de\/bucuresti\/editorial-din-gara-de-nord-pe-sine-dilatate-cu-trenul-soarelui\/#primaryimage"},"thumbnailUrl":"https:\/\/buletin.de\/bucuresti\/wp-content\/uploads\/ID70214_INQUAM_Photos_George_Calin-1.jpg","datePublished":"2023-07-21T01:39:35+00:00","dateModified":"2023-09-19T13:05:06+00:00","breadcrumb":{"@id":"https:\/\/buletin.de\/bucuresti\/editorial-din-gara-de-nord-pe-sine-dilatate-cu-trenul-soarelui\/#breadcrumb"},"inLanguage":"en-GB","potentialAction":[{"@type":"ReadAction","target":["https:\/\/buletin.de\/bucuresti\/editorial-din-gara-de-nord-pe-sine-dilatate-cu-trenul-soarelui\/"]}]},{"@type":"ImageObject","inLanguage":"en-GB","@id":"https:\/\/buletin.de\/bucuresti\/editorial-din-gara-de-nord-pe-sine-dilatate-cu-trenul-soarelui\/#primaryimage","url":"https:\/\/buletin.de\/bucuresti\/wp-content\/uploads\/ID70214_INQUAM_Photos_George_Calin-1.jpg","contentUrl":"https:\/\/buletin.de\/bucuresti\/wp-content\/uploads\/ID70214_INQUAM_Photos_George_Calin-1.jpg","width":2000,"height":1333},{"@type":"BreadcrumbList","@id":"https:\/\/buletin.de\/bucuresti\/editorial-din-gara-de-nord-pe-sine-dilatate-cu-trenul-soarelui\/#breadcrumb","itemListElement":[{"@type":"ListItem","position":1,"name":"Acas\u0103","item":"https:\/\/buletin.de\/bucuresti\/"},{"@type":"ListItem","position":2,"name":"EDITORIAL | Din Gara de Nord, pe \u015fine dilatate, cu Trenul Soarelui"}]},{"@type":"WebSite","@id":"https:\/\/buletin.de\/bucuresti\/#website","url":"https:\/\/buletin.de\/bucuresti\/","name":"Buletin de Bucure\u0219ti","description":"\u0218tiri \u0219i investiga\u021bii esen\u021biale din capital\u0103","publisher":{"@id":"https:\/\/buletin.de\/bucuresti\/#organization"},"potentialAction":[{"@type":"SearchAction","target":{"@type":"EntryPoint","urlTemplate":"https:\/\/buletin.de\/bucuresti\/?s={search_term_string}"},"query-input":{"@type":"PropertyValueSpecification","valueRequired":true,"valueName":"search_term_string"}}],"inLanguage":"en-GB"},{"@type":"Organization","@id":"https:\/\/buletin.de\/bucuresti\/#organization","name":"Buletin de Bucure\u0219ti","url":"https:\/\/buletin.de\/bucuresti\/","logo":{"@type":"ImageObject","inLanguage":"en-GB","@id":"https:\/\/buletin.de\/bucuresti\/#\/schema\/logo\/image\/","url":"https:\/\/buletin.de\/bucuresti\/wp-content\/uploads\/logo-bdb-full-wide-vernil-transparent.png","contentUrl":"https:\/\/buletin.de\/bucuresti\/wp-content\/uploads\/logo-bdb-full-wide-vernil-transparent.png","width":1782,"height":626,"caption":"Buletin de Bucure\u0219ti"},"image":{"@id":"https:\/\/buletin.de\/bucuresti\/#\/schema\/logo\/image\/"},"sameAs":["https:\/\/www.facebook.com\/buletin.de.buc","https:\/\/www.instagram.com\/buletinde.bucuresti\/"]},{"@type":"Person","@id":"https:\/\/buletin.de\/bucuresti\/#\/schema\/person\/7e46040573290777280a0835d81ea4ea","name":"Diana Matei","image":{"@type":"ImageObject","inLanguage":"en-GB","@id":"https:\/\/buletin.de\/bucuresti\/wp-content\/uploads\/9-2-96x96.jpg1e8590b30871d70e62ebcdaf2eff570c","url":"https:\/\/buletin.de\/bucuresti\/wp-content\/uploads\/9-2-96x96.jpg","contentUrl":"https:\/\/buletin.de\/bucuresti\/wp-content\/uploads\/9-2-96x96.jpg","caption":"Diana Matei"},"url":"https:\/\/buletin.de\/bucuresti\/author\/dianamatei\/"}]}},"authors":[{"term_id":22574,"user_id":49,"is_guest":0,"slug":"dianamatei","display_name":"Diana Matei","avatar_url":"https:\/\/buletin.de\/bucuresti\/wp-content\/uploads\/9-2-96x96.jpg","0":null,"1":"","2":"","3":"","4":"","5":"","6":"","7":"","8":""}],"_links":{"self":[{"href":"https:\/\/buletin.de\/bucuresti\/wp-json\/wp\/v2\/posts\/61270","targetHints":{"allow":["GET"]}}],"collection":[{"href":"https:\/\/buletin.de\/bucuresti\/wp-json\/wp\/v2\/posts"}],"about":[{"href":"https:\/\/buletin.de\/bucuresti\/wp-json\/wp\/v2\/types\/post"}],"author":[{"embeddable":true,"href":"https:\/\/buletin.de\/bucuresti\/wp-json\/wp\/v2\/users\/49"}],"replies":[{"embeddable":true,"href":"https:\/\/buletin.de\/bucuresti\/wp-json\/wp\/v2\/comments?post=61270"}],"version-history":[{"count":1,"href":"https:\/\/buletin.de\/bucuresti\/wp-json\/wp\/v2\/posts\/61270\/revisions"}],"predecessor-version":[{"id":62754,"href":"https:\/\/buletin.de\/bucuresti\/wp-json\/wp\/v2\/posts\/61270\/revisions\/62754"}],"wp:featuredmedia":[{"embeddable":true,"href":"https:\/\/buletin.de\/bucuresti\/wp-json\/wp\/v2\/media\/61271"}],"wp:attachment":[{"href":"https:\/\/buletin.de\/bucuresti\/wp-json\/wp\/v2\/media?parent=61270"}],"wp:term":[{"taxonomy":"category","embeddable":true,"href":"https:\/\/buletin.de\/bucuresti\/wp-json\/wp\/v2\/categories?post=61270"},{"taxonomy":"post_tag","embeddable":true,"href":"https:\/\/buletin.de\/bucuresti\/wp-json\/wp\/v2\/tags?post=61270"},{"taxonomy":"author","embeddable":true,"href":"https:\/\/buletin.de\/bucuresti\/wp-json\/wp\/v2\/ppma_author?post=61270"}],"curies":[{"name":"wp","href":"https:\/\/api.w.org\/{rel}","templated":true}]}}