{"id":61258,"date":"2023-07-17T16:28:18","date_gmt":"2023-07-17T14:28:18","guid":{"rendered":"https:\/\/buletin.de\/bucuresti\/piedone-in-loc-sa-protejeze-identitatea-unei-minore-gravide-o-posteaza-pe-internet\/"},"modified":"2023-07-17T16:28:18","modified_gmt":"2023-07-17T14:28:18","slug":"piedone-in-loc-sa-protejeze-identitatea-unei-minore-gravide-o-posteaza-pe-internet","status":"publish","type":"post","link":"https:\/\/buletin.de\/bucuresti\/piedone-in-loc-sa-protejeze-identitatea-unei-minore-gravide-o-posteaza-pe-internet\/","title":{"rendered":"Piedone, \u00een loc s\u0103 protejeze identitatea unei minore gravide, o posteaz\u0103 pe internet"},"content":{"rendered":"\n<p><strong>Primarul Sectorului 5, Cristian Popescu Piedone, \u00een loc s\u0103 protejeze identitatea unei minore gravide, o posteaz\u0103 pe internet. Filmarea a fost f\u0103cut\u0103 \u00een urma vizitei lui \u00eentr-un centru de primire \u00een regim de urgen\u021b\u0103,  \u201eCire\u0219arii II\u201d. Videoclipul a fost postat f\u0103r\u0103 consim\u021b\u0103m\u00e2ntul fetei. La dou\u0103 zile dup\u0103, aceasta a n\u0103scut prematur.<\/strong><\/p>\n\n\n\n<p><em>\u201eCe faci, p\u0103pu\u0219\u0103? Tu e\u0219ti aici \u00een centru? \u0218i e\u0219ti gravid\u0103? E gravid\u0103? C\u00e2\u021bi ani are? P\u0103i \u0219i cum a r\u0103mas gravid\u0103?\u201d<\/em>, este modul \u00een care Piedone i se adreseaz\u0103 tinerei.<\/p>\n\n\n\n<p>\u201eComportamentul fetei, care se ascunde de Primarul Sectorului 5, las\u0103 s\u0103 se \u00een\u021beleag\u0103 c\u0103 nu a fost de acord s\u0103 fie filmat\u0103\u201d, transmite Centrul Filia, \u00eentr-un r\u0103spuns la videoclipul postat de Piedone. ONG-ul atrage aten\u021bia asupra modului nepotrivit \u00een care primarul abordeaz\u0103 at\u00e2t copila c\u00e2t \u0219i problema sarcinilor fetelor minore:<\/p>\n\n\n\n<p><em>\u201e\u00cen ultimul timp am v\u0103zut tot mai multe discu\u021bii despre mamele minore \u00een spa\u021biul public, \u00eens\u0103 aceast\u0103 problem\u0103 trebuie abordat\u0103 \u00een mod sistemic \u0219i cu grij\u0103 la vulnerabilitatea acestora. <strong>\u00cen niciun caz printr-un limbaj total nepotrivit, prin expunerea public\u0103 a mamelor minore sau prin umilirea lor \u00een fa\u021ba unor camere de filmat, folosite pentru capital politic \u0219i imagine public\u0103<\/strong>\u201d<\/em><\/p>\n\n\n\n<h2 class=\"wp-block-heading\">De ce a fost comportamentul lui Piedone nepotrivit<\/h2>\n\n\n\n<p>Centrul Filia este un ONG feminist care lupt\u0103 pentru femeile din Rom\u00e2nia \u0219i le face vocile auzite prin advocacy, activism, sensibilizare, studii \u0219i analize, conform site-ului lor. Printre aceste studii \u0219i analize se num\u0103r\u0103 \u0219i problema sarcinilor adolescentelor. Conform Filia, 687 de fete cu v\u00e2rsta sub 15 ani au n\u0103scut \u00een 2021, \u0219i 15.811 fete cu v\u00e2rsta \u00eentre 15 ani \u0219i 19 ani.<\/p>\n\n\n\n<p>Prevenirea sarcinilor \u00een r\u00e2ndul adolescentelor trebuie abordat\u0103 prin m\u0103suri sistemice \u0219i de termen lung, mai spune centrul, precum \u0219i s\u0103 fie acompaniate de <em>\u201eimplementarea unor politici sociale care s\u0103 vin\u0103 \u00een sprijinul mamelor minore \u0219i s\u0103 le ajute s\u0103 se integreze social pentru continuarea studiilor, g\u0103sirea unui loc de munc\u0103 etc\u201d.<\/em><\/p>\n\n\n\n<p>Astfel de m\u0103suri ar fi:<\/p>\n\n\n\n<ul class=\"wp-block-list\">\n<li>introducerea unor campanii de educa\u021bia sexual\u0103 \u00een \u0219coli<\/li>\n\n\n\n<li>acces facil la metode de contracep\u021bie sau avort<\/li>\n\n\n\n<li>existen\u021ba unor cabinete de planificare familial\u0103 func\u021bionale \u0219i care au resurse reale<\/li>\n\n\n\n<li>preg\u0103tirea continu\u0103 a personalului specializat (precum asisten\u021bii sociali)<\/li>\n<\/ul>\n\n\n\n<p><\/p>\n\n\n\n<h2 class=\"wp-block-heading\">Na\u0219terea prematur\u0103 din urma vizitei lui Piedone<\/h2>\n\n\n\n<p>La dou\u0103 zile dup\u0103 ce videoclipul \u00een care a fost umilit\u0103 fata de 15 ani a fost postat de Piedone, aceasta a n\u0103scut, \u00een s\u0103pt\u0103m\u00e2na 37, \u201edeci la limita a ceea ce se consider\u0103 o na\u0219tere prematur\u0103\u201d conform unei surse din cadrul Prim\u0103riei Sectorului 5 pentru Presshub.ro . At\u00e2t mama, c\u00e2t \u0219i copilul sunt \u00een afara oric\u0103rui pericol.<\/p>\n\n\n\n<p><\/p>\n\n\n\n<p>Surs\u0103 fotografie: Captur\u0103 de ecran din videoclipul postat de Cristian Popescu Piedone. Momentul \u00een care interoga personalul despre starea fetei. <\/p>\n","protected":false},"excerpt":{"rendered":"<p>Primarul Sectorului 5, Cristian Popescu Piedone, \u00een loc s\u0103 protejeze identitatea unei minore gravide, o posteaz\u0103 pe internet. Filmarea a fost f\u0103cut\u0103 \u00een urma vizitei lui \u00eentr-un centru de primire \u00een regim de urgen\u021b\u0103, \u201eCire\u0219arii II\u201d. Videoclipul a fost postat f\u0103r\u0103 consim\u021b\u0103m\u00e2ntul fetei. La dou\u0103 zile dup\u0103, aceasta a n\u0103scut prematur. \u201eCe faci, p\u0103pu\u0219\u0103? Tu [&hellip;]<\/p>\n","protected":false},"author":47,"featured_media":61259,"comment_status":"open","ping_status":"open","sticky":false,"template":"","format":"standard","meta":{"_acf_changed":false,"inline_featured_image":false,"ngg_post_thumbnail":0,"footnotes":""},"categories":[62],"tags":[6386,1103,6387,188],"ppma_author":[22580],"class_list":["post-61258","post","type-post","status-publish","format-standard","has-post-thumbnail","hentry","category-stiri","tag-centrul-filia","tag-piedone","tag-sarcini-adolescente","tag-sector-5"],"acf":[],"yoast_head":"<!-- This site is optimized with the Yoast SEO Premium plugin v25.3 (Yoast SEO v27.4) - https:\/\/yoast.com\/product\/yoast-seo-premium-wordpress\/ -->\n<title>Piedone, \u00een loc s\u0103 protejeze identitatea unei minore gravide, o posteaz\u0103 pe internet - Buletin de Bucure\u0219ti<\/title>\n<meta name=\"robots\" content=\"index, follow, max-snippet:-1, max-image-preview:large, max-video-preview:-1\" \/>\n<link rel=\"canonical\" href=\"https:\/\/buletin.de\/bucuresti\/piedone-in-loc-sa-protejeze-identitatea-unei-minore-gravide-o-posteaza-pe-internet\/\" \/>\n<meta property=\"og:locale\" content=\"en_GB\" \/>\n<meta property=\"og:type\" content=\"article\" \/>\n<meta property=\"og:title\" content=\"Piedone, \u00een loc s\u0103 protejeze identitatea unei minore gravide, o posteaz\u0103 pe internet\" \/>\n<meta property=\"og:description\" content=\"Primarul Sectorului 5, Cristian Popescu Piedone, \u00een loc s\u0103 protejeze identitatea unei minore gravide, o posteaz\u0103 pe internet. Filmarea a fost f\u0103cut\u0103 \u00een urma vizitei lui \u00eentr-un centru de primire \u00een regim de urgen\u021b\u0103, \u201eCire\u0219arii II\u201d. Videoclipul a fost postat f\u0103r\u0103 consim\u021b\u0103m\u00e2ntul fetei. La dou\u0103 zile dup\u0103, aceasta a n\u0103scut prematur. \u201eCe faci, p\u0103pu\u0219\u0103? Tu [&hellip;]\" \/>\n<meta property=\"og:url\" content=\"https:\/\/buletin.de\/bucuresti\/piedone-in-loc-sa-protejeze-identitatea-unei-minore-gravide-o-posteaza-pe-internet\/\" \/>\n<meta property=\"og:site_name\" content=\"Buletin de Bucure\u0219ti\" \/>\n<meta property=\"article:publisher\" content=\"https:\/\/www.facebook.com\/buletin.de.buc\" \/>\n<meta property=\"article:published_time\" content=\"2023-07-17T14:28:18+00:00\" \/>\n<meta property=\"og:image\" content=\"https:\/\/buletin.de\/bucuresti\/wp-content\/uploads\/image_2023-07-17_090255779.png\" \/>\n\t<meta property=\"og:image:width\" content=\"1396\" \/>\n\t<meta property=\"og:image:height\" content=\"771\" \/>\n\t<meta property=\"og:image:type\" content=\"image\/png\" \/>\n<meta name=\"author\" content=\"Adina C\u0103p\u00eelnean\" \/>\n<meta name=\"twitter:card\" content=\"summary_large_image\" \/>\n<meta name=\"twitter:label1\" content=\"Written by\" \/>\n\t<meta name=\"twitter:data1\" content=\"Adina C\u0103p\u00eelnean\" \/>\n\t<meta name=\"twitter:label2\" content=\"Estimated reading time\" \/>\n\t<meta name=\"twitter:data2\" content=\"2 minutes\" \/>\n<script type=\"application\/ld+json\" class=\"yoast-schema-graph\">{\"@context\":\"https:\\\/\\\/schema.org\",\"@graph\":[{\"@type\":\"Article\",\"@id\":\"https:\\\/\\\/buletin.de\\\/bucuresti\\\/piedone-in-loc-sa-protejeze-identitatea-unei-minore-gravide-o-posteaza-pe-internet\\\/#article\",\"isPartOf\":{\"@id\":\"https:\\\/\\\/buletin.de\\\/bucuresti\\\/piedone-in-loc-sa-protejeze-identitatea-unei-minore-gravide-o-posteaza-pe-internet\\\/\"},\"author\":{\"name\":\"Adina C\u0103p\u00eelnean\",\"@id\":\"https:\\\/\\\/buletin.de\\\/bucuresti\\\/#\\\/schema\\\/person\\\/ab174cf6711728e4ee83d672acf9a912\"},\"headline\":\"Piedone, \u00een loc s\u0103 protejeze identitatea unei minore gravide, o posteaz\u0103 pe internet\",\"datePublished\":\"2023-07-17T14:28:18+00:00\",\"mainEntityOfPage\":{\"@id\":\"https:\\\/\\\/buletin.de\\\/bucuresti\\\/piedone-in-loc-sa-protejeze-identitatea-unei-minore-gravide-o-posteaza-pe-internet\\\/\"},\"wordCount\":487,\"commentCount\":0,\"publisher\":{\"@id\":\"https:\\\/\\\/buletin.de\\\/bucuresti\\\/#organization\"},\"image\":{\"@id\":\"https:\\\/\\\/buletin.de\\\/bucuresti\\\/piedone-in-loc-sa-protejeze-identitatea-unei-minore-gravide-o-posteaza-pe-internet\\\/#primaryimage\"},\"thumbnailUrl\":\"https:\\\/\\\/buletin.de\\\/bucuresti\\\/wp-content\\\/uploads\\\/image_2023-07-17_090255779.png\",\"keywords\":[\"centrul filia\",\"piedone\",\"sarcini adolescente\",\"Sector 5\"],\"articleSection\":[\"\u0218tiri\"],\"inLanguage\":\"en-GB\",\"potentialAction\":[{\"@type\":\"CommentAction\",\"name\":\"Comment\",\"target\":[\"https:\\\/\\\/buletin.de\\\/bucuresti\\\/piedone-in-loc-sa-protejeze-identitatea-unei-minore-gravide-o-posteaza-pe-internet\\\/#respond\"]}],\"copyrightYear\":\"2023\",\"copyrightHolder\":{\"@id\":\"https:\\\/\\\/buletin.de\\\/bucuresti\\\/#organization\"}},{\"@type\":\"WebPage\",\"@id\":\"https:\\\/\\\/buletin.de\\\/bucuresti\\\/piedone-in-loc-sa-protejeze-identitatea-unei-minore-gravide-o-posteaza-pe-internet\\\/\",\"url\":\"https:\\\/\\\/buletin.de\\\/bucuresti\\\/piedone-in-loc-sa-protejeze-identitatea-unei-minore-gravide-o-posteaza-pe-internet\\\/\",\"name\":\"Piedone, \u00een loc s\u0103 protejeze identitatea unei minore gravide, o posteaz\u0103 pe internet - Buletin de Bucure\u0219ti\",\"isPartOf\":{\"@id\":\"https:\\\/\\\/buletin.de\\\/bucuresti\\\/#website\"},\"primaryImageOfPage\":{\"@id\":\"https:\\\/\\\/buletin.de\\\/bucuresti\\\/piedone-in-loc-sa-protejeze-identitatea-unei-minore-gravide-o-posteaza-pe-internet\\\/#primaryimage\"},\"image\":{\"@id\":\"https:\\\/\\\/buletin.de\\\/bucuresti\\\/piedone-in-loc-sa-protejeze-identitatea-unei-minore-gravide-o-posteaza-pe-internet\\\/#primaryimage\"},\"thumbnailUrl\":\"https:\\\/\\\/buletin.de\\\/bucuresti\\\/wp-content\\\/uploads\\\/image_2023-07-17_090255779.png\",\"datePublished\":\"2023-07-17T14:28:18+00:00\",\"breadcrumb\":{\"@id\":\"https:\\\/\\\/buletin.de\\\/bucuresti\\\/piedone-in-loc-sa-protejeze-identitatea-unei-minore-gravide-o-posteaza-pe-internet\\\/#breadcrumb\"},\"inLanguage\":\"en-GB\",\"potentialAction\":[{\"@type\":\"ReadAction\",\"target\":[\"https:\\\/\\\/buletin.de\\\/bucuresti\\\/piedone-in-loc-sa-protejeze-identitatea-unei-minore-gravide-o-posteaza-pe-internet\\\/\"]}]},{\"@type\":\"ImageObject\",\"inLanguage\":\"en-GB\",\"@id\":\"https:\\\/\\\/buletin.de\\\/bucuresti\\\/piedone-in-loc-sa-protejeze-identitatea-unei-minore-gravide-o-posteaza-pe-internet\\\/#primaryimage\",\"url\":\"https:\\\/\\\/buletin.de\\\/bucuresti\\\/wp-content\\\/uploads\\\/image_2023-07-17_090255779.png\",\"contentUrl\":\"https:\\\/\\\/buletin.de\\\/bucuresti\\\/wp-content\\\/uploads\\\/image_2023-07-17_090255779.png\",\"width\":1396,\"height\":771},{\"@type\":\"BreadcrumbList\",\"@id\":\"https:\\\/\\\/buletin.de\\\/bucuresti\\\/piedone-in-loc-sa-protejeze-identitatea-unei-minore-gravide-o-posteaza-pe-internet\\\/#breadcrumb\",\"itemListElement\":[{\"@type\":\"ListItem\",\"position\":1,\"name\":\"Acas\u0103\",\"item\":\"https:\\\/\\\/buletin.de\\\/bucuresti\\\/\"},{\"@type\":\"ListItem\",\"position\":2,\"name\":\"Piedone, \u00een loc s\u0103 protejeze identitatea unei minore gravide, o posteaz\u0103 pe internet\"}]},{\"@type\":\"WebSite\",\"@id\":\"https:\\\/\\\/buletin.de\\\/bucuresti\\\/#website\",\"url\":\"https:\\\/\\\/buletin.de\\\/bucuresti\\\/\",\"name\":\"Buletin de Bucure\u0219ti\",\"description\":\"\u0218tiri \u0219i investiga\u021bii esen\u021biale din capital\u0103\",\"publisher\":{\"@id\":\"https:\\\/\\\/buletin.de\\\/bucuresti\\\/#organization\"},\"potentialAction\":[{\"@type\":\"SearchAction\",\"target\":{\"@type\":\"EntryPoint\",\"urlTemplate\":\"https:\\\/\\\/buletin.de\\\/bucuresti\\\/?s={search_term_string}\"},\"query-input\":{\"@type\":\"PropertyValueSpecification\",\"valueRequired\":true,\"valueName\":\"search_term_string\"}}],\"inLanguage\":\"en-GB\"},{\"@type\":\"Organization\",\"@id\":\"https:\\\/\\\/buletin.de\\\/bucuresti\\\/#organization\",\"name\":\"Buletin de Bucure\u0219ti\",\"url\":\"https:\\\/\\\/buletin.de\\\/bucuresti\\\/\",\"logo\":{\"@type\":\"ImageObject\",\"inLanguage\":\"en-GB\",\"@id\":\"https:\\\/\\\/buletin.de\\\/bucuresti\\\/#\\\/schema\\\/logo\\\/image\\\/\",\"url\":\"https:\\\/\\\/buletin.de\\\/bucuresti\\\/wp-content\\\/uploads\\\/logo-bdb-full-wide-vernil-transparent.png\",\"contentUrl\":\"https:\\\/\\\/buletin.de\\\/bucuresti\\\/wp-content\\\/uploads\\\/logo-bdb-full-wide-vernil-transparent.png\",\"width\":1782,\"height\":626,\"caption\":\"Buletin de Bucure\u0219ti\"},\"image\":{\"@id\":\"https:\\\/\\\/buletin.de\\\/bucuresti\\\/#\\\/schema\\\/logo\\\/image\\\/\"},\"sameAs\":[\"https:\\\/\\\/www.facebook.com\\\/buletin.de.buc\",\"https:\\\/\\\/www.instagram.com\\\/buletinde.bucuresti\\\/\"]},{\"@type\":\"Person\",\"@id\":\"https:\\\/\\\/buletin.de\\\/bucuresti\\\/#\\\/schema\\\/person\\\/ab174cf6711728e4ee83d672acf9a912\",\"name\":\"Adina C\u0103p\u00eelnean\",\"image\":{\"@type\":\"ImageObject\",\"inLanguage\":\"en-GB\",\"@id\":\"https:\\\/\\\/secure.gravatar.com\\\/avatar\\\/4fe9675d6282fd7c1aa4e486a037d532d5728fc16a30360f293eb6126b2e73ad?s=96&d=monsterid&r=ge2b23868508aec3460d3c6a11d3b599a\",\"url\":\"https:\\\/\\\/secure.gravatar.com\\\/avatar\\\/4fe9675d6282fd7c1aa4e486a037d532d5728fc16a30360f293eb6126b2e73ad?s=96&d=monsterid&r=g\",\"contentUrl\":\"https:\\\/\\\/secure.gravatar.com\\\/avatar\\\/4fe9675d6282fd7c1aa4e486a037d532d5728fc16a30360f293eb6126b2e73ad?s=96&d=monsterid&r=g\",\"caption\":\"Adina C\u0103p\u00eelnean\"},\"url\":\"https:\\\/\\\/buletin.de\\\/bucuresti\\\/author\\\/adinacapilnean\\\/\"}]}<\/script>\n<!-- \/ Yoast SEO Premium plugin. -->","yoast_head_json":{"title":"Piedone, \u00een loc s\u0103 protejeze identitatea unei minore gravide, o posteaz\u0103 pe internet - Buletin de Bucure\u0219ti","robots":{"index":"index","follow":"follow","max-snippet":"max-snippet:-1","max-image-preview":"max-image-preview:large","max-video-preview":"max-video-preview:-1"},"canonical":"https:\/\/buletin.de\/bucuresti\/piedone-in-loc-sa-protejeze-identitatea-unei-minore-gravide-o-posteaza-pe-internet\/","og_locale":"en_GB","og_type":"article","og_title":"Piedone, \u00een loc s\u0103 protejeze identitatea unei minore gravide, o posteaz\u0103 pe internet","og_description":"Primarul Sectorului 5, Cristian Popescu Piedone, \u00een loc s\u0103 protejeze identitatea unei minore gravide, o posteaz\u0103 pe internet. Filmarea a fost f\u0103cut\u0103 \u00een urma vizitei lui \u00eentr-un centru de primire \u00een regim de urgen\u021b\u0103, \u201eCire\u0219arii II\u201d. Videoclipul a fost postat f\u0103r\u0103 consim\u021b\u0103m\u00e2ntul fetei. La dou\u0103 zile dup\u0103, aceasta a n\u0103scut prematur. \u201eCe faci, p\u0103pu\u0219\u0103? Tu [&hellip;]","og_url":"https:\/\/buletin.de\/bucuresti\/piedone-in-loc-sa-protejeze-identitatea-unei-minore-gravide-o-posteaza-pe-internet\/","og_site_name":"Buletin de Bucure\u0219ti","article_publisher":"https:\/\/www.facebook.com\/buletin.de.buc","article_published_time":"2023-07-17T14:28:18+00:00","og_image":[{"width":1396,"height":771,"url":"https:\/\/buletin.de\/bucuresti\/wp-content\/uploads\/image_2023-07-17_090255779.png","type":"image\/png"}],"author":"Adina C\u0103p\u00eelnean","twitter_card":"summary_large_image","twitter_misc":{"Written by":"Adina C\u0103p\u00eelnean","Estimated reading time":"2 minutes"},"schema":{"@context":"https:\/\/schema.org","@graph":[{"@type":"Article","@id":"https:\/\/buletin.de\/bucuresti\/piedone-in-loc-sa-protejeze-identitatea-unei-minore-gravide-o-posteaza-pe-internet\/#article","isPartOf":{"@id":"https:\/\/buletin.de\/bucuresti\/piedone-in-loc-sa-protejeze-identitatea-unei-minore-gravide-o-posteaza-pe-internet\/"},"author":{"name":"Adina C\u0103p\u00eelnean","@id":"https:\/\/buletin.de\/bucuresti\/#\/schema\/person\/ab174cf6711728e4ee83d672acf9a912"},"headline":"Piedone, \u00een loc s\u0103 protejeze identitatea unei minore gravide, o posteaz\u0103 pe internet","datePublished":"2023-07-17T14:28:18+00:00","mainEntityOfPage":{"@id":"https:\/\/buletin.de\/bucuresti\/piedone-in-loc-sa-protejeze-identitatea-unei-minore-gravide-o-posteaza-pe-internet\/"},"wordCount":487,"commentCount":0,"publisher":{"@id":"https:\/\/buletin.de\/bucuresti\/#organization"},"image":{"@id":"https:\/\/buletin.de\/bucuresti\/piedone-in-loc-sa-protejeze-identitatea-unei-minore-gravide-o-posteaza-pe-internet\/#primaryimage"},"thumbnailUrl":"https:\/\/buletin.de\/bucuresti\/wp-content\/uploads\/image_2023-07-17_090255779.png","keywords":["centrul filia","piedone","sarcini adolescente","Sector 5"],"articleSection":["\u0218tiri"],"inLanguage":"en-GB","potentialAction":[{"@type":"CommentAction","name":"Comment","target":["https:\/\/buletin.de\/bucuresti\/piedone-in-loc-sa-protejeze-identitatea-unei-minore-gravide-o-posteaza-pe-internet\/#respond"]}],"copyrightYear":"2023","copyrightHolder":{"@id":"https:\/\/buletin.de\/bucuresti\/#organization"}},{"@type":"WebPage","@id":"https:\/\/buletin.de\/bucuresti\/piedone-in-loc-sa-protejeze-identitatea-unei-minore-gravide-o-posteaza-pe-internet\/","url":"https:\/\/buletin.de\/bucuresti\/piedone-in-loc-sa-protejeze-identitatea-unei-minore-gravide-o-posteaza-pe-internet\/","name":"Piedone, \u00een loc s\u0103 protejeze identitatea unei minore gravide, o posteaz\u0103 pe internet - Buletin de Bucure\u0219ti","isPartOf":{"@id":"https:\/\/buletin.de\/bucuresti\/#website"},"primaryImageOfPage":{"@id":"https:\/\/buletin.de\/bucuresti\/piedone-in-loc-sa-protejeze-identitatea-unei-minore-gravide-o-posteaza-pe-internet\/#primaryimage"},"image":{"@id":"https:\/\/buletin.de\/bucuresti\/piedone-in-loc-sa-protejeze-identitatea-unei-minore-gravide-o-posteaza-pe-internet\/#primaryimage"},"thumbnailUrl":"https:\/\/buletin.de\/bucuresti\/wp-content\/uploads\/image_2023-07-17_090255779.png","datePublished":"2023-07-17T14:28:18+00:00","breadcrumb":{"@id":"https:\/\/buletin.de\/bucuresti\/piedone-in-loc-sa-protejeze-identitatea-unei-minore-gravide-o-posteaza-pe-internet\/#breadcrumb"},"inLanguage":"en-GB","potentialAction":[{"@type":"ReadAction","target":["https:\/\/buletin.de\/bucuresti\/piedone-in-loc-sa-protejeze-identitatea-unei-minore-gravide-o-posteaza-pe-internet\/"]}]},{"@type":"ImageObject","inLanguage":"en-GB","@id":"https:\/\/buletin.de\/bucuresti\/piedone-in-loc-sa-protejeze-identitatea-unei-minore-gravide-o-posteaza-pe-internet\/#primaryimage","url":"https:\/\/buletin.de\/bucuresti\/wp-content\/uploads\/image_2023-07-17_090255779.png","contentUrl":"https:\/\/buletin.de\/bucuresti\/wp-content\/uploads\/image_2023-07-17_090255779.png","width":1396,"height":771},{"@type":"BreadcrumbList","@id":"https:\/\/buletin.de\/bucuresti\/piedone-in-loc-sa-protejeze-identitatea-unei-minore-gravide-o-posteaza-pe-internet\/#breadcrumb","itemListElement":[{"@type":"ListItem","position":1,"name":"Acas\u0103","item":"https:\/\/buletin.de\/bucuresti\/"},{"@type":"ListItem","position":2,"name":"Piedone, \u00een loc s\u0103 protejeze identitatea unei minore gravide, o posteaz\u0103 pe internet"}]},{"@type":"WebSite","@id":"https:\/\/buletin.de\/bucuresti\/#website","url":"https:\/\/buletin.de\/bucuresti\/","name":"Buletin de Bucure\u0219ti","description":"\u0218tiri \u0219i investiga\u021bii esen\u021biale din capital\u0103","publisher":{"@id":"https:\/\/buletin.de\/bucuresti\/#organization"},"potentialAction":[{"@type":"SearchAction","target":{"@type":"EntryPoint","urlTemplate":"https:\/\/buletin.de\/bucuresti\/?s={search_term_string}"},"query-input":{"@type":"PropertyValueSpecification","valueRequired":true,"valueName":"search_term_string"}}],"inLanguage":"en-GB"},{"@type":"Organization","@id":"https:\/\/buletin.de\/bucuresti\/#organization","name":"Buletin de Bucure\u0219ti","url":"https:\/\/buletin.de\/bucuresti\/","logo":{"@type":"ImageObject","inLanguage":"en-GB","@id":"https:\/\/buletin.de\/bucuresti\/#\/schema\/logo\/image\/","url":"https:\/\/buletin.de\/bucuresti\/wp-content\/uploads\/logo-bdb-full-wide-vernil-transparent.png","contentUrl":"https:\/\/buletin.de\/bucuresti\/wp-content\/uploads\/logo-bdb-full-wide-vernil-transparent.png","width":1782,"height":626,"caption":"Buletin de Bucure\u0219ti"},"image":{"@id":"https:\/\/buletin.de\/bucuresti\/#\/schema\/logo\/image\/"},"sameAs":["https:\/\/www.facebook.com\/buletin.de.buc","https:\/\/www.instagram.com\/buletinde.bucuresti\/"]},{"@type":"Person","@id":"https:\/\/buletin.de\/bucuresti\/#\/schema\/person\/ab174cf6711728e4ee83d672acf9a912","name":"Adina C\u0103p\u00eelnean","image":{"@type":"ImageObject","inLanguage":"en-GB","@id":"https:\/\/secure.gravatar.com\/avatar\/4fe9675d6282fd7c1aa4e486a037d532d5728fc16a30360f293eb6126b2e73ad?s=96&d=monsterid&r=ge2b23868508aec3460d3c6a11d3b599a","url":"https:\/\/secure.gravatar.com\/avatar\/4fe9675d6282fd7c1aa4e486a037d532d5728fc16a30360f293eb6126b2e73ad?s=96&d=monsterid&r=g","contentUrl":"https:\/\/secure.gravatar.com\/avatar\/4fe9675d6282fd7c1aa4e486a037d532d5728fc16a30360f293eb6126b2e73ad?s=96&d=monsterid&r=g","caption":"Adina C\u0103p\u00eelnean"},"url":"https:\/\/buletin.de\/bucuresti\/author\/adinacapilnean\/"}]}},"authors":[{"term_id":22580,"user_id":47,"is_guest":0,"slug":"adinacapilnean","display_name":"Adina C\u0103p\u00eelnean","avatar_url":"https:\/\/secure.gravatar.com\/avatar\/4fe9675d6282fd7c1aa4e486a037d532d5728fc16a30360f293eb6126b2e73ad?s=96&d=monsterid&r=g","0":null,"1":"","2":"","3":"","4":"","5":"","6":"","7":"","8":""}],"_links":{"self":[{"href":"https:\/\/buletin.de\/bucuresti\/wp-json\/wp\/v2\/posts\/61258","targetHints":{"allow":["GET"]}}],"collection":[{"href":"https:\/\/buletin.de\/bucuresti\/wp-json\/wp\/v2\/posts"}],"about":[{"href":"https:\/\/buletin.de\/bucuresti\/wp-json\/wp\/v2\/types\/post"}],"author":[{"embeddable":true,"href":"https:\/\/buletin.de\/bucuresti\/wp-json\/wp\/v2\/users\/47"}],"replies":[{"embeddable":true,"href":"https:\/\/buletin.de\/bucuresti\/wp-json\/wp\/v2\/comments?post=61258"}],"version-history":[{"count":0,"href":"https:\/\/buletin.de\/bucuresti\/wp-json\/wp\/v2\/posts\/61258\/revisions"}],"wp:featuredmedia":[{"embeddable":true,"href":"https:\/\/buletin.de\/bucuresti\/wp-json\/wp\/v2\/media\/61259"}],"wp:attachment":[{"href":"https:\/\/buletin.de\/bucuresti\/wp-json\/wp\/v2\/media?parent=61258"}],"wp:term":[{"taxonomy":"category","embeddable":true,"href":"https:\/\/buletin.de\/bucuresti\/wp-json\/wp\/v2\/categories?post=61258"},{"taxonomy":"post_tag","embeddable":true,"href":"https:\/\/buletin.de\/bucuresti\/wp-json\/wp\/v2\/tags?post=61258"},{"taxonomy":"author","embeddable":true,"href":"https:\/\/buletin.de\/bucuresti\/wp-json\/wp\/v2\/ppma_author?post=61258"}],"curies":[{"name":"wp","href":"https:\/\/api.w.org\/{rel}","templated":true}]}}